{"id":2513,"date":"2024-09-25T10:29:21","date_gmt":"2024-09-25T13:29:21","guid":{"rendered":"https:\/\/portal.pi.gov.br\/seres\/?p=2513"},"modified":"2024-09-26T10:29:36","modified_gmt":"2024-09-26T13:29:36","slug":"seres-promove-reuniao-do-forum-estadual-interconselhos","status":"publish","type":"post","link":"https:\/\/portal.pi.gov.br\/seres\/2024\/09\/25\/seres-promove-reuniao-do-forum-estadual-interconselhos\/","title":{"rendered":"Seres promove reuni\u00e3o do F\u00f3rum Estadual Interconselhos"},"content":{"rendered":"\n<p>Na quarta-feira (25), a secretaria das Rela\u00e7\u00f5es Sociais &#8211; Seres &#8211; promoveu a reuni\u00e3o quadrimestral do F\u00f3rum Estadual Interconselhos, no audit\u00f3rio do Clube dos Di\u00e1rios. O F\u00f3rum foi institu\u00eddo atrav\u00e9s da Lei n\u00ba 7.357, de 03 de fevereiro de 2020, art. 2\u00ba, inciso VII, e constitui-se como mecanismo para o di\u00e1logo entre representantes dos conselhos no intuito de acompanhar as pol\u00edticas p\u00fablicas e os programas governamentais, formulando recomenda\u00e7\u00f5es para aprimorar sua intersetorialidade e transversalidade.<\/p>\n\n\n<div class=\"wp-block-image\">\n<figure class=\"aligncenter size-large is-resized\"><img decoding=\"async\" loading=\"lazy\" src=\"https:\/\/portal.pi.gov.br\/seres\/wp-content\/uploads\/sites\/87\/2024\/09\/WhatsApp-Image-2024-09-25-at-11.48.15-1024x768.jpeg\" alt=\"\" class=\"wp-image-2514\" width=\"533\" height=\"400\" srcset=\"https:\/\/portal.pi.gov.br\/seres\/wp-content\/uploads\/sites\/87\/2024\/09\/WhatsApp-Image-2024-09-25-at-11.48.15-1024x768.jpeg 1024w, https:\/\/portal.pi.gov.br\/seres\/wp-content\/uploads\/sites\/87\/2024\/09\/WhatsApp-Image-2024-09-25-at-11.48.15-300x225.jpeg 300w, https:\/\/portal.pi.gov.br\/seres\/wp-content\/uploads\/sites\/87\/2024\/09\/WhatsApp-Image-2024-09-25-at-11.48.15-768x576.jpeg 768w, https:\/\/portal.pi.gov.br\/seres\/wp-content\/uploads\/sites\/87\/2024\/09\/WhatsApp-Image-2024-09-25-at-11.48.15-420x315.jpeg 420w, https:\/\/portal.pi.gov.br\/seres\/wp-content\/uploads\/sites\/87\/2024\/09\/WhatsApp-Image-2024-09-25-at-11.48.15-540x405.jpeg 540w, https:\/\/portal.pi.gov.br\/seres\/wp-content\/uploads\/sites\/87\/2024\/09\/WhatsApp-Image-2024-09-25-at-11.48.15-780x585.jpeg 780w, https:\/\/portal.pi.gov.br\/seres\/wp-content\/uploads\/sites\/87\/2024\/09\/WhatsApp-Image-2024-09-25-at-11.48.15-1536x1152.jpeg 1536w, https:\/\/portal.pi.gov.br\/seres\/wp-content\/uploads\/sites\/87\/2024\/09\/WhatsApp-Image-2024-09-25-at-11.48.15-2048x1536.jpeg 2048w, https:\/\/portal.pi.gov.br\/seres\/wp-content\/uploads\/sites\/87\/2024\/09\/WhatsApp-Image-2024-09-25-at-11.48.15-947x710.jpeg 947w, https:\/\/portal.pi.gov.br\/seres\/wp-content\/uploads\/sites\/87\/2024\/09\/WhatsApp-Image-2024-09-25-at-11.48.15-624x468.jpeg 624w\" sizes=\"(max-width: 533px) 100vw, 533px\" \/><\/figure><\/div>\n\n\n<p>A reuni\u00e3o contou com a participa\u00e7\u00e3o de uma ampla representatividade de conselheiros e conselheiras dos conselhos de pol\u00edticas p\u00fablicas estaduais. &#8220;Foi um momento importante porque n\u00f3s pudemos fazer um alinhamento entre a proposta que foi desenhada para o F\u00f3rum Interconselho Nacional junto agora com a proposta de reorganiza\u00e7\u00e3o do nosso F\u00f3rum Estadual. Tivemos ricas contribui\u00e7\u00f5es e aproxima\u00e7\u00e3o constante com a equipe do governo federal, que est\u00e1 sempre nos apoiando nesse aprimoramento e fortalecimento da participa\u00e7\u00e3o social em \u00e2mbito estadual&#8221;, explicou Juciara Linhares, diretora de Participa\u00e7\u00e3o Social da Seres.<\/p>\n\n\n<div class=\"wp-block-image\">\n<figure class=\"aligncenter size-large is-resized\"><img decoding=\"async\" loading=\"lazy\" src=\"https:\/\/portal.pi.gov.br\/seres\/wp-content\/uploads\/sites\/87\/2024\/09\/WhatsApp-Image-2024-09-25-at-11.33.59-1024x768.jpeg\" alt=\"\" class=\"wp-image-2515\" width=\"535\" height=\"401\" srcset=\"https:\/\/portal.pi.gov.br\/seres\/wp-content\/uploads\/sites\/87\/2024\/09\/WhatsApp-Image-2024-09-25-at-11.33.59-1024x768.jpeg 1024w, https:\/\/portal.pi.gov.br\/seres\/wp-content\/uploads\/sites\/87\/2024\/09\/WhatsApp-Image-2024-09-25-at-11.33.59-300x225.jpeg 300w, https:\/\/portal.pi.gov.br\/seres\/wp-content\/uploads\/sites\/87\/2024\/09\/WhatsApp-Image-2024-09-25-at-11.33.59-768x576.jpeg 768w, https:\/\/portal.pi.gov.br\/seres\/wp-content\/uploads\/sites\/87\/2024\/09\/WhatsApp-Image-2024-09-25-at-11.33.59-420x315.jpeg 420w, https:\/\/portal.pi.gov.br\/seres\/wp-content\/uploads\/sites\/87\/2024\/09\/WhatsApp-Image-2024-09-25-at-11.33.59-540x405.jpeg 540w, https:\/\/portal.pi.gov.br\/seres\/wp-content\/uploads\/sites\/87\/2024\/09\/WhatsApp-Image-2024-09-25-at-11.33.59-780x585.jpeg 780w, https:\/\/portal.pi.gov.br\/seres\/wp-content\/uploads\/sites\/87\/2024\/09\/WhatsApp-Image-2024-09-25-at-11.33.59-1536x1152.jpeg 1536w, https:\/\/portal.pi.gov.br\/seres\/wp-content\/uploads\/sites\/87\/2024\/09\/WhatsApp-Image-2024-09-25-at-11.33.59-2048x1536.jpeg 2048w, https:\/\/portal.pi.gov.br\/seres\/wp-content\/uploads\/sites\/87\/2024\/09\/WhatsApp-Image-2024-09-25-at-11.33.59-947x710.jpeg 947w, https:\/\/portal.pi.gov.br\/seres\/wp-content\/uploads\/sites\/87\/2024\/09\/WhatsApp-Image-2024-09-25-at-11.33.59-624x468.jpeg 624w\" sizes=\"(max-width: 535px) 100vw, 535px\" \/><\/figure><\/div>\n\n\n<p>Para a secret\u00e1ria das Rela\u00e7\u00f5es Sociais, N\u00fabia Lopes, \u00e9 importante reafirmar o alinhamento do governo do presidente Lula com o governo Rafael Fonteles. &#8220;A pol\u00edtica de participa\u00e7\u00e3o social est\u00e1 acontecendo, de fato, com esse apoio aos conselhos de pol\u00edticas p\u00fablicas, com esse constante di\u00e1logo, buscando cada vez mais fazer com que a gest\u00e3o se torne democr\u00e1tica. \u00c9 essa a miss\u00e3o da nossa secretaria das Rela\u00e7\u00f5es Sociais. Ent\u00e3o, n\u00f3s queremos agradecer a cada conselheira e conselheiro que contribuiu com o dia de hoje e vamos trabalhar para acompanhar, dentro da proposta de or\u00e7amento para o pr\u00f3ximo ano, o que est\u00e1 sendo destinado para a efetiva\u00e7\u00e3o das pol\u00edticas p\u00fablicas que esses conselhos representam&#8221;, destacou.<\/p>\n\n\n<div class=\"wp-block-image\">\n<figure class=\"aligncenter size-large is-resized\"><img decoding=\"async\" loading=\"lazy\" src=\"https:\/\/portal.pi.gov.br\/seres\/wp-content\/uploads\/sites\/87\/2024\/09\/WhatsApp-Image-2024-09-25-at-11.42.41-1024x768.jpeg\" alt=\"\" class=\"wp-image-2516\" width=\"540\" height=\"405\" srcset=\"https:\/\/portal.pi.gov.br\/seres\/wp-content\/uploads\/sites\/87\/2024\/09\/WhatsApp-Image-2024-09-25-at-11.42.41-1024x768.jpeg 1024w, https:\/\/portal.pi.gov.br\/seres\/wp-content\/uploads\/sites\/87\/2024\/09\/WhatsApp-Image-2024-09-25-at-11.42.41-300x225.jpeg 300w, https:\/\/portal.pi.gov.br\/seres\/wp-content\/uploads\/sites\/87\/2024\/09\/WhatsApp-Image-2024-09-25-at-11.42.41-768x576.jpeg 768w, https:\/\/portal.pi.gov.br\/seres\/wp-content\/uploads\/sites\/87\/2024\/09\/WhatsApp-Image-2024-09-25-at-11.42.41-420x315.jpeg 420w, https:\/\/portal.pi.gov.br\/seres\/wp-content\/uploads\/sites\/87\/2024\/09\/WhatsApp-Image-2024-09-25-at-11.42.41-540x405.jpeg 540w, https:\/\/portal.pi.gov.br\/seres\/wp-content\/uploads\/sites\/87\/2024\/09\/WhatsApp-Image-2024-09-25-at-11.42.41-780x585.jpeg 780w, https:\/\/portal.pi.gov.br\/seres\/wp-content\/uploads\/sites\/87\/2024\/09\/WhatsApp-Image-2024-09-25-at-11.42.41-1536x1152.jpeg 1536w, https:\/\/portal.pi.gov.br\/seres\/wp-content\/uploads\/sites\/87\/2024\/09\/WhatsApp-Image-2024-09-25-at-11.42.41-2048x1536.jpeg 2048w, https:\/\/portal.pi.gov.br\/seres\/wp-content\/uploads\/sites\/87\/2024\/09\/WhatsApp-Image-2024-09-25-at-11.42.41-947x710.jpeg 947w, https:\/\/portal.pi.gov.br\/seres\/wp-content\/uploads\/sites\/87\/2024\/09\/WhatsApp-Image-2024-09-25-at-11.42.41-624x468.jpeg 624w\" sizes=\"(max-width: 540px) 100vw, 540px\" \/><\/figure><\/div>\n\n\n<p>O encontro foi coordenado pela diretora de Participa\u00e7\u00e3o Social, Juciara Linhares, e teve as participa\u00e7\u00f5es da secret\u00e1ria N\u00fabia Lopes e do secret\u00e1rio adjunto da Secretaria Nacional de Participa\u00e7\u00e3o Social, Valmor Schiochet (de forma virtual). Al\u00e9m das presen\u00e7as de representantes Consea-PI, Obra Kolping, UBM-PI, CEDDM-PI, ABESPA, Semarh-PI, Coordenadoria do Conselho de Cultura, CEDDH-PI, Conede-PI, CEDCA-PI, Diretoria de Pol\u00edcia Comunit\u00e1ria-SSP PI, CEDIPI, DPE-PI, Conselho de Turismo-Setur PI, CES-PI, ADH-PI, CNS, CONEDE-PI e CEDJUV-PI.<\/p>\n","protected":false},"excerpt":{"rendered":"<p>Na quarta-feira (25), a secretaria das Rela\u00e7\u00f5es Sociais &#8211; Seres &#8211; promoveu a reuni\u00e3o quadrimestral do F\u00f3rum Estadual Interconselhos, no audit\u00f3rio do Clube dos Di\u00e1rios. O F\u00f3rum foi institu\u00eddo atrav\u00e9s [&hellip;]<\/p>\n","protected":false},"author":1,"featured_media":2516,"comment_status":"closed","ping_status":"closed","sticky":false,"template":"","format":"standard","meta":[],"categories":[34],"tags":[47,41],"featured_image_urls":{"full":["https:\/\/portal.pi.gov.br\/seres\/wp-content\/uploads\/sites\/87\/2024\/09\/WhatsApp-Image-2024-09-25-at-11.42.41-scaled.jpeg",2560,1920,false],"thumbnail":["https:\/\/portal.pi.gov.br\/seres\/wp-content\/uploads\/sites\/87\/2024\/09\/WhatsApp-Image-2024-09-25-at-11.42.41-150x150.jpeg",150,150,true],"medium":["https:\/\/portal.pi.gov.br\/seres\/wp-content\/uploads\/sites\/87\/2024\/09\/WhatsApp-Image-2024-09-25-at-11.42.41-300x225.jpeg",300,225,true],"medium_large":["https:\/\/portal.pi.gov.br\/seres\/wp-content\/uploads\/sites\/87\/2024\/09\/WhatsApp-Image-2024-09-25-at-11.42.41-768x576.jpeg",768,576,true],"large":["https:\/\/portal.pi.gov.br\/seres\/wp-content\/uploads\/sites\/87\/2024\/09\/WhatsApp-Image-2024-09-25-at-11.42.41-1024x768.jpeg",887,665,true],"sgg-420":["https:\/\/portal.pi.gov.br\/seres\/wp-content\/uploads\/sites\/87\/2024\/09\/WhatsApp-Image-2024-09-25-at-11.42.41-420x315.jpeg",420,315,true],"sgg-540":["https:\/\/portal.pi.gov.br\/seres\/wp-content\/uploads\/sites\/87\/2024\/09\/WhatsApp-Image-2024-09-25-at-11.42.41-540x405.jpeg",540,405,true],"sgg-780":["https:\/\/portal.pi.gov.br\/seres\/wp-content\/uploads\/sites\/87\/2024\/09\/WhatsApp-Image-2024-09-25-at-11.42.41-780x585.jpeg",780,585,true],"1536x1536":["https:\/\/portal.pi.gov.br\/seres\/wp-content\/uploads\/sites\/87\/2024\/09\/WhatsApp-Image-2024-09-25-at-11.42.41-1536x1152.jpeg",1536,1152,true],"2048x2048":["https:\/\/portal.pi.gov.br\/seres\/wp-content\/uploads\/sites\/87\/2024\/09\/WhatsApp-Image-2024-09-25-at-11.42.41-2048x1536.jpeg",2048,1536,true],"homepage-slider":["https:\/\/portal.pi.gov.br\/seres\/wp-content\/uploads\/sites\/87\/2024\/09\/WhatsApp-Image-2024-09-25-at-11.42.41-1270x500.jpeg",1270,500,true],"homepage-slider-small":["https:\/\/portal.pi.gov.br\/seres\/wp-content\/uploads\/sites\/87\/2024\/09\/WhatsApp-Image-2024-09-25-at-11.42.41-947x500.jpeg",947,500,true],"page-top":["https:\/\/portal.pi.gov.br\/seres\/wp-content\/uploads\/sites\/87\/2024\/09\/WhatsApp-Image-2024-09-25-at-11.42.41-947x710.jpeg",947,710,true],"page-small":["https:\/\/portal.pi.gov.br\/seres\/wp-content\/uploads\/sites\/87\/2024\/09\/WhatsApp-Image-2024-09-25-at-11.42.41-624x468.jpeg",624,468,true],"loop-main":["https:\/\/portal.pi.gov.br\/seres\/wp-content\/uploads\/sites\/87\/2024\/09\/WhatsApp-Image-2024-09-25-at-11.42.41-365x240.jpeg",365,240,true],"thumb-gallery-widget":["https:\/\/portal.pi.gov.br\/seres\/wp-content\/uploads\/sites\/87\/2024\/09\/WhatsApp-Image-2024-09-25-at-11.42.41-84x56.jpeg",84,56,true]},"post_excerpt_stackable":"<p>Na quarta-feira (25), a secretaria das Rela\u00e7\u00f5es Sociais &#8211; Seres &#8211; promoveu a reuni\u00e3o quadrimestral do F\u00f3rum Estadual Interconselhos, no audit\u00f3rio do Clube dos Di\u00e1rios. O F\u00f3rum foi institu\u00eddo atrav\u00e9s da Lei n\u00ba 7.357, de 03 de fevereiro de 2020, art. 2\u00ba, inciso VII, e constitui-se como mecanismo para o di\u00e1logo entre representantes dos conselhos no intuito de acompanhar as pol\u00edticas p\u00fablicas e os programas governamentais, formulando recomenda\u00e7\u00f5es para aprimorar sua intersetorialidade e transversalidade. A reuni\u00e3o contou com a participa\u00e7\u00e3o de uma ampla representatividade de conselheiros e conselheiras dos conselhos de pol\u00edticas p\u00fablicas estaduais. &#8220;Foi um momento importante porque n\u00f3s&hellip;<\/p>\n","category_list":"<a href=\"https:\/\/portal.pi.gov.br\/seres\/category\/noticias\/\" rel=\"category tag\">Not\u00edcias<\/a>","author_info":{"name":"admin","url":"https:\/\/portal.pi.gov.br\/seres\/author\/admin\/"},"comments_num":"0 coment\u00e1rio","featured_image_urls_v2":{"full":["https:\/\/portal.pi.gov.br\/seres\/wp-content\/uploads\/sites\/87\/2024\/09\/WhatsApp-Image-2024-09-25-at-11.42.41-scaled.jpeg",2560,1920,false],"thumbnail":["https:\/\/portal.pi.gov.br\/seres\/wp-content\/uploads\/sites\/87\/2024\/09\/WhatsApp-Image-2024-09-25-at-11.42.41-150x150.jpeg",150,150,true],"medium":["https:\/\/portal.pi.gov.br\/seres\/wp-content\/uploads\/sites\/87\/2024\/09\/WhatsApp-Image-2024-09-25-at-11.42.41-300x225.jpeg",300,225,true],"medium_large":["https:\/\/portal.pi.gov.br\/seres\/wp-content\/uploads\/sites\/87\/2024\/09\/WhatsApp-Image-2024-09-25-at-11.42.41-768x576.jpeg",768,576,true],"large":["https:\/\/portal.pi.gov.br\/seres\/wp-content\/uploads\/sites\/87\/2024\/09\/WhatsApp-Image-2024-09-25-at-11.42.41-1024x768.jpeg",887,665,true],"sgg-420":["https:\/\/portal.pi.gov.br\/seres\/wp-content\/uploads\/sites\/87\/2024\/09\/WhatsApp-Image-2024-09-25-at-11.42.41-420x315.jpeg",420,315,true],"sgg-540":["https:\/\/portal.pi.gov.br\/seres\/wp-content\/uploads\/sites\/87\/2024\/09\/WhatsApp-Image-2024-09-25-at-11.42.41-540x405.jpeg",540,405,true],"sgg-780":["https:\/\/portal.pi.gov.br\/seres\/wp-content\/uploads\/sites\/87\/2024\/09\/WhatsApp-Image-2024-09-25-at-11.42.41-780x585.jpeg",780,585,true],"1536x1536":["https:\/\/portal.pi.gov.br\/seres\/wp-content\/uploads\/sites\/87\/2024\/09\/WhatsApp-Image-2024-09-25-at-11.42.41-1536x1152.jpeg",1536,1152,true],"2048x2048":["https:\/\/portal.pi.gov.br\/seres\/wp-content\/uploads\/sites\/87\/2024\/09\/WhatsApp-Image-2024-09-25-at-11.42.41-2048x1536.jpeg",2048,1536,true],"homepage-slider":["https:\/\/portal.pi.gov.br\/seres\/wp-content\/uploads\/sites\/87\/2024\/09\/WhatsApp-Image-2024-09-25-at-11.42.41-1270x500.jpeg",1270,500,true],"homepage-slider-small":["https:\/\/portal.pi.gov.br\/seres\/wp-content\/uploads\/sites\/87\/2024\/09\/WhatsApp-Image-2024-09-25-at-11.42.41-947x500.jpeg",947,500,true],"page-top":["https:\/\/portal.pi.gov.br\/seres\/wp-content\/uploads\/sites\/87\/2024\/09\/WhatsApp-Image-2024-09-25-at-11.42.41-947x710.jpeg",947,710,true],"page-small":["https:\/\/portal.pi.gov.br\/seres\/wp-content\/uploads\/sites\/87\/2024\/09\/WhatsApp-Image-2024-09-25-at-11.42.41-624x468.jpeg",624,468,true],"loop-main":["https:\/\/portal.pi.gov.br\/seres\/wp-content\/uploads\/sites\/87\/2024\/09\/WhatsApp-Image-2024-09-25-at-11.42.41-365x240.jpeg",365,240,true],"thumb-gallery-widget":["https:\/\/portal.pi.gov.br\/seres\/wp-content\/uploads\/sites\/87\/2024\/09\/WhatsApp-Image-2024-09-25-at-11.42.41-84x56.jpeg",84,56,true]},"post_excerpt_stackable_v2":"<p>Na quarta-feira (25), a secretaria das Rela\u00e7\u00f5es Sociais &#8211; Seres &#8211; promoveu a reuni\u00e3o quadrimestral do F\u00f3rum Estadual Interconselhos, no audit\u00f3rio do Clube dos Di\u00e1rios. O F\u00f3rum foi institu\u00eddo atrav\u00e9s da Lei n\u00ba 7.357, de 03 de fevereiro de 2020, art. 2\u00ba, inciso VII, e constitui-se como mecanismo para o di\u00e1logo entre representantes dos conselhos no intuito de acompanhar as pol\u00edticas p\u00fablicas e os programas governamentais, formulando recomenda\u00e7\u00f5es para aprimorar sua intersetorialidade e transversalidade. A reuni\u00e3o contou com a participa\u00e7\u00e3o de uma ampla representatividade de conselheiros e conselheiras dos conselhos de pol\u00edticas p\u00fablicas estaduais. &#8220;Foi um momento importante porque n\u00f3s&hellip;<\/p>\n","category_list_v2":"<a href=\"https:\/\/portal.pi.gov.br\/seres\/category\/noticias\/\" rel=\"category tag\">Not\u00edcias<\/a>","author_info_v2":{"name":"admin","url":"https:\/\/portal.pi.gov.br\/seres\/author\/admin\/"},"comments_num_v2":"0 coment\u00e1rio","jetpack_featured_media_url":"https:\/\/portal.pi.gov.br\/seres\/wp-content\/uploads\/sites\/87\/2024\/09\/WhatsApp-Image-2024-09-25-at-11.42.41-scaled.jpeg","_links":{"self":[{"href":"https:\/\/portal.pi.gov.br\/seres\/wp-json\/wp\/v2\/posts\/2513"}],"collection":[{"href":"https:\/\/portal.pi.gov.br\/seres\/wp-json\/wp\/v2\/posts"}],"about":[{"href":"https:\/\/portal.pi.gov.br\/seres\/wp-json\/wp\/v2\/types\/post"}],"author":[{"embeddable":true,"href":"https:\/\/portal.pi.gov.br\/seres\/wp-json\/wp\/v2\/users\/1"}],"replies":[{"embeddable":true,"href":"https:\/\/portal.pi.gov.br\/seres\/wp-json\/wp\/v2\/comments?post=2513"}],"version-history":[{"count":1,"href":"https:\/\/portal.pi.gov.br\/seres\/wp-json\/wp\/v2\/posts\/2513\/revisions"}],"predecessor-version":[{"id":2517,"href":"https:\/\/portal.pi.gov.br\/seres\/wp-json\/wp\/v2\/posts\/2513\/revisions\/2517"}],"wp:featuredmedia":[{"embeddable":true,"href":"https:\/\/portal.pi.gov.br\/seres\/wp-json\/wp\/v2\/media\/2516"}],"wp:attachment":[{"href":"https:\/\/portal.pi.gov.br\/seres\/wp-json\/wp\/v2\/media?parent=2513"}],"wp:term":[{"taxonomy":"category","embeddable":true,"href":"https:\/\/portal.pi.gov.br\/seres\/wp-json\/wp\/v2\/categories?post=2513"},{"taxonomy":"post_tag","embeddable":true,"href":"https:\/\/portal.pi.gov.br\/seres\/wp-json\/wp\/v2\/tags?post=2513"}],"curies":[{"name":"wp","href":"https:\/\/api.w.org\/{rel}","templated":true}]}}