{"id":2518,"date":"2024-09-27T08:48:05","date_gmt":"2024-09-27T11:48:05","guid":{"rendered":"https:\/\/portal.pi.gov.br\/seres\/?p=2518"},"modified":"2024-09-27T08:48:06","modified_gmt":"2024-09-27T11:48:06","slug":"governo-oferece-diversos-servicos-em-mais-uma-edicao-da-caravana-da-cidadania-em-teresina-e-parnaiba-neste-sabado-28","status":"publish","type":"post","link":"https:\/\/portal.pi.gov.br\/seres\/2024\/09\/27\/governo-oferece-diversos-servicos-em-mais-uma-edicao-da-caravana-da-cidadania-em-teresina-e-parnaiba-neste-sabado-28\/","title":{"rendered":"Governo oferece diversos servi\u00e7os em mais uma edi\u00e7\u00e3o da Caravana da Cidadania em Teresina e Parna\u00edba neste s\u00e1bado (28)"},"content":{"rendered":"\n<p>Mais uma edi\u00e7\u00e3o da Caravana da Cidadania ser\u00e1 realizada, neste s\u00e1bado (28), simultaneamente, nas cidades de Parna\u00edba e Teresina. Na ocasi\u00e3o, diversos servi\u00e7os do Governo do Estado estar\u00e3o dispon\u00edveis para as comunidades dos bairros S\u00e3o Joaquim, em Teresina; e Planalto Montserrat, em Parna\u00edba.<\/p>\n\n\n<div class=\"wp-block-image\">\n<figure class=\"aligncenter size-full is-resized\"><img decoding=\"async\" loading=\"lazy\" src=\"https:\/\/portal.pi.gov.br\/seres\/wp-content\/uploads\/sites\/87\/2024\/09\/large_Whats_App_Image_2024_09_26_at_09_42_23_e8398785ce.jpeg\" alt=\"\" class=\"wp-image-2519\" width=\"493\" height=\"616\" srcset=\"https:\/\/portal.pi.gov.br\/seres\/wp-content\/uploads\/sites\/87\/2024\/09\/large_Whats_App_Image_2024_09_26_at_09_42_23_e8398785ce.jpeg 800w, https:\/\/portal.pi.gov.br\/seres\/wp-content\/uploads\/sites\/87\/2024\/09\/large_Whats_App_Image_2024_09_26_at_09_42_23_e8398785ce-240x300.jpeg 240w, https:\/\/portal.pi.gov.br\/seres\/wp-content\/uploads\/sites\/87\/2024\/09\/large_Whats_App_Image_2024_09_26_at_09_42_23_e8398785ce-768x960.jpeg 768w, https:\/\/portal.pi.gov.br\/seres\/wp-content\/uploads\/sites\/87\/2024\/09\/large_Whats_App_Image_2024_09_26_at_09_42_23_e8398785ce-336x420.jpeg 336w, https:\/\/portal.pi.gov.br\/seres\/wp-content\/uploads\/sites\/87\/2024\/09\/large_Whats_App_Image_2024_09_26_at_09_42_23_e8398785ce-432x540.jpeg 432w, https:\/\/portal.pi.gov.br\/seres\/wp-content\/uploads\/sites\/87\/2024\/09\/large_Whats_App_Image_2024_09_26_at_09_42_23_e8398785ce-624x780.jpeg 624w\" sizes=\"(max-width: 493px) 100vw, 493px\" \/><\/figure><\/div>\n\n\n<p>O evento \u00e9 promovido pela Secretaria da Administra\u00e7\u00e3o (Sead) e tem o objetivo de aproximar e facilitar o acesso da popula\u00e7\u00e3o aos servi\u00e7os oferecidos pelo Governo do Estado. Em Parna\u00edba, a caravana ser\u00e1 realizada na Pra\u00e7a da Igreja Santo Ant\u00f4nio, e em Teresina ser\u00e1 na rua Maur\u00edcio de Nassau, ao lado do Mercado do S\u00e3o Joaquim. A Secretaria das Rela\u00e7\u00f5es Sociais participa do evento levando informa\u00e7\u00e3o sobre o Or\u00e7amento Participativo do Governo do Estado &#8211; OPA.<\/p>\n\n\n\n<p>A Caravana j\u00e1 vem sendo realizada h\u00e1 um m\u00eas e, nesse per\u00edodo, j\u00e1 s\u00e3o mais de 6 mil atendimentos. Das 9h \u00e0s 15h, os moradores poder\u00e3o contar com a participa\u00e7\u00e3o de diversos \u00f3rg\u00e3os estaduais, que disponibilizar\u00e3o servi\u00e7os como dicas e orienta\u00e7\u00f5es de sa\u00fade, atendimentos do Hemopi, distribui\u00e7\u00e3o de mudas de \u00e1rvores, emiss\u00e3o da nova carteira de identidade nacional, a\u00e7\u00f5es do ProUrbe e muitas brincadeiras para as crian\u00e7as.<\/p>\n\n\n\n<p>A Caravana da Cidadania contar\u00e1 com a participa\u00e7\u00e3o de diversas secretarias estaduais como: Seguran\u00e7a (SSP), da&nbsp;Assist\u00eancia Social, Trabalho e Direitos Humanos (Sasc), Sa\u00fade (Sesapi), Inclus\u00e3o da Pessoa com Defici\u00eancia (Seid), Educa\u00e7\u00e3o (Seduc), do Meio Ambiente e dos Recursos H\u00eddricos (Semarh), Planejamento (Seplan) com as a\u00e7\u00f5es do Or\u00e7amento Participativo (OPA), Ag\u00eancia de Desenvolvimento Habitacional do Piau\u00ed (ADH),&nbsp;&nbsp;Instituto de Assist\u00eancia \u00e0 Sa\u00fade dos Servidores P\u00fablicos do Estado do Piau\u00ed (Iaspi), Empresa de Tecnologia da Informa\u00e7\u00e3o do Piau\u00ed (Etipi) e Ag\u00eancia de Fomento e Desenvolvimento do Estado do Piau\u00ed (Badespi).<\/p>\n","protected":false},"excerpt":{"rendered":"<p>Mais uma edi\u00e7\u00e3o da Caravana da Cidadania ser\u00e1 realizada, neste s\u00e1bado (28), simultaneamente, nas cidades de Parna\u00edba e Teresina. Na ocasi\u00e3o, diversos servi\u00e7os do Governo do Estado estar\u00e3o dispon\u00edveis para [&hellip;]<\/p>\n","protected":false},"author":1,"featured_media":2519,"comment_status":"closed","ping_status":"closed","sticky":false,"template":"","format":"standard","meta":[],"categories":[34],"tags":[62,47,41],"featured_image_urls":{"full":["https:\/\/portal.pi.gov.br\/seres\/wp-content\/uploads\/sites\/87\/2024\/09\/large_Whats_App_Image_2024_09_26_at_09_42_23_e8398785ce.jpeg",800,1000,false],"thumbnail":["https:\/\/portal.pi.gov.br\/seres\/wp-content\/uploads\/sites\/87\/2024\/09\/large_Whats_App_Image_2024_09_26_at_09_42_23_e8398785ce-150x150.jpeg",150,150,true],"medium":["https:\/\/portal.pi.gov.br\/seres\/wp-content\/uploads\/sites\/87\/2024\/09\/large_Whats_App_Image_2024_09_26_at_09_42_23_e8398785ce-240x300.jpeg",240,300,true],"medium_large":["https:\/\/portal.pi.gov.br\/seres\/wp-content\/uploads\/sites\/87\/2024\/09\/large_Whats_App_Image_2024_09_26_at_09_42_23_e8398785ce-768x960.jpeg",768,960,true],"large":["https:\/\/portal.pi.gov.br\/seres\/wp-content\/uploads\/sites\/87\/2024\/09\/large_Whats_App_Image_2024_09_26_at_09_42_23_e8398785ce.jpeg",800,1000,false],"sgg-420":["https:\/\/portal.pi.gov.br\/seres\/wp-content\/uploads\/sites\/87\/2024\/09\/large_Whats_App_Image_2024_09_26_at_09_42_23_e8398785ce-336x420.jpeg",336,420,true],"sgg-540":["https:\/\/portal.pi.gov.br\/seres\/wp-content\/uploads\/sites\/87\/2024\/09\/large_Whats_App_Image_2024_09_26_at_09_42_23_e8398785ce-432x540.jpeg",432,540,true],"sgg-780":["https:\/\/portal.pi.gov.br\/seres\/wp-content\/uploads\/sites\/87\/2024\/09\/large_Whats_App_Image_2024_09_26_at_09_42_23_e8398785ce-624x780.jpeg",624,780,true],"1536x1536":["https:\/\/portal.pi.gov.br\/seres\/wp-content\/uploads\/sites\/87\/2024\/09\/large_Whats_App_Image_2024_09_26_at_09_42_23_e8398785ce.jpeg",800,1000,false],"2048x2048":["https:\/\/portal.pi.gov.br\/seres\/wp-content\/uploads\/sites\/87\/2024\/09\/large_Whats_App_Image_2024_09_26_at_09_42_23_e8398785ce.jpeg",800,1000,false],"homepage-slider":["https:\/\/portal.pi.gov.br\/seres\/wp-content\/uploads\/sites\/87\/2024\/09\/large_Whats_App_Image_2024_09_26_at_09_42_23_e8398785ce-800x500.jpeg",800,500,true],"homepage-slider-small":["https:\/\/portal.pi.gov.br\/seres\/wp-content\/uploads\/sites\/87\/2024\/09\/large_Whats_App_Image_2024_09_26_at_09_42_23_e8398785ce-800x500.jpeg",800,500,true],"page-top":["https:\/\/portal.pi.gov.br\/seres\/wp-content\/uploads\/sites\/87\/2024\/09\/large_Whats_App_Image_2024_09_26_at_09_42_23_e8398785ce.jpeg",800,1000,false],"page-small":["https:\/\/portal.pi.gov.br\/seres\/wp-content\/uploads\/sites\/87\/2024\/09\/large_Whats_App_Image_2024_09_26_at_09_42_23_e8398785ce-624x780.jpeg",624,780,true],"loop-main":["https:\/\/portal.pi.gov.br\/seres\/wp-content\/uploads\/sites\/87\/2024\/09\/large_Whats_App_Image_2024_09_26_at_09_42_23_e8398785ce-365x240.jpeg",365,240,true],"thumb-gallery-widget":["https:\/\/portal.pi.gov.br\/seres\/wp-content\/uploads\/sites\/87\/2024\/09\/large_Whats_App_Image_2024_09_26_at_09_42_23_e8398785ce-84x56.jpeg",84,56,true]},"post_excerpt_stackable":"<p>Mais uma edi\u00e7\u00e3o da Caravana da Cidadania ser\u00e1 realizada, neste s\u00e1bado (28), simultaneamente, nas cidades de Parna\u00edba e Teresina. Na ocasi\u00e3o, diversos servi\u00e7os do Governo do Estado estar\u00e3o dispon\u00edveis para as comunidades dos bairros S\u00e3o Joaquim, em Teresina; e Planalto Montserrat, em Parna\u00edba. O evento \u00e9 promovido pela Secretaria da Administra\u00e7\u00e3o (Sead) e tem o objetivo de aproximar e facilitar o acesso da popula\u00e7\u00e3o aos servi\u00e7os oferecidos pelo Governo do Estado. Em Parna\u00edba, a caravana ser\u00e1 realizada na Pra\u00e7a da Igreja Santo Ant\u00f4nio, e em Teresina ser\u00e1 na rua Maur\u00edcio de Nassau, ao lado do Mercado do S\u00e3o Joaquim. A&hellip;<\/p>\n","category_list":"<a href=\"https:\/\/portal.pi.gov.br\/seres\/category\/noticias\/\" rel=\"category tag\">Not\u00edcias<\/a>","author_info":{"name":"admin","url":"https:\/\/portal.pi.gov.br\/seres\/author\/admin\/"},"comments_num":"0 coment\u00e1rio","featured_image_urls_v2":{"full":["https:\/\/portal.pi.gov.br\/seres\/wp-content\/uploads\/sites\/87\/2024\/09\/large_Whats_App_Image_2024_09_26_at_09_42_23_e8398785ce.jpeg",800,1000,false],"thumbnail":["https:\/\/portal.pi.gov.br\/seres\/wp-content\/uploads\/sites\/87\/2024\/09\/large_Whats_App_Image_2024_09_26_at_09_42_23_e8398785ce-150x150.jpeg",150,150,true],"medium":["https:\/\/portal.pi.gov.br\/seres\/wp-content\/uploads\/sites\/87\/2024\/09\/large_Whats_App_Image_2024_09_26_at_09_42_23_e8398785ce-240x300.jpeg",240,300,true],"medium_large":["https:\/\/portal.pi.gov.br\/seres\/wp-content\/uploads\/sites\/87\/2024\/09\/large_Whats_App_Image_2024_09_26_at_09_42_23_e8398785ce-768x960.jpeg",768,960,true],"large":["https:\/\/portal.pi.gov.br\/seres\/wp-content\/uploads\/sites\/87\/2024\/09\/large_Whats_App_Image_2024_09_26_at_09_42_23_e8398785ce.jpeg",800,1000,false],"sgg-420":["https:\/\/portal.pi.gov.br\/seres\/wp-content\/uploads\/sites\/87\/2024\/09\/large_Whats_App_Image_2024_09_26_at_09_42_23_e8398785ce-336x420.jpeg",336,420,true],"sgg-540":["https:\/\/portal.pi.gov.br\/seres\/wp-content\/uploads\/sites\/87\/2024\/09\/large_Whats_App_Image_2024_09_26_at_09_42_23_e8398785ce-432x540.jpeg",432,540,true],"sgg-780":["https:\/\/portal.pi.gov.br\/seres\/wp-content\/uploads\/sites\/87\/2024\/09\/large_Whats_App_Image_2024_09_26_at_09_42_23_e8398785ce-624x780.jpeg",624,780,true],"1536x1536":["https:\/\/portal.pi.gov.br\/seres\/wp-content\/uploads\/sites\/87\/2024\/09\/large_Whats_App_Image_2024_09_26_at_09_42_23_e8398785ce.jpeg",800,1000,false],"2048x2048":["https:\/\/portal.pi.gov.br\/seres\/wp-content\/uploads\/sites\/87\/2024\/09\/large_Whats_App_Image_2024_09_26_at_09_42_23_e8398785ce.jpeg",800,1000,false],"homepage-slider":["https:\/\/portal.pi.gov.br\/seres\/wp-content\/uploads\/sites\/87\/2024\/09\/large_Whats_App_Image_2024_09_26_at_09_42_23_e8398785ce-800x500.jpeg",800,500,true],"homepage-slider-small":["https:\/\/portal.pi.gov.br\/seres\/wp-content\/uploads\/sites\/87\/2024\/09\/large_Whats_App_Image_2024_09_26_at_09_42_23_e8398785ce-800x500.jpeg",800,500,true],"page-top":["https:\/\/portal.pi.gov.br\/seres\/wp-content\/uploads\/sites\/87\/2024\/09\/large_Whats_App_Image_2024_09_26_at_09_42_23_e8398785ce.jpeg",800,1000,false],"page-small":["https:\/\/portal.pi.gov.br\/seres\/wp-content\/uploads\/sites\/87\/2024\/09\/large_Whats_App_Image_2024_09_26_at_09_42_23_e8398785ce-624x780.jpeg",624,780,true],"loop-main":["https:\/\/portal.pi.gov.br\/seres\/wp-content\/uploads\/sites\/87\/2024\/09\/large_Whats_App_Image_2024_09_26_at_09_42_23_e8398785ce-365x240.jpeg",365,240,true],"thumb-gallery-widget":["https:\/\/portal.pi.gov.br\/seres\/wp-content\/uploads\/sites\/87\/2024\/09\/large_Whats_App_Image_2024_09_26_at_09_42_23_e8398785ce-84x56.jpeg",84,56,true]},"post_excerpt_stackable_v2":"<p>Mais uma edi\u00e7\u00e3o da Caravana da Cidadania ser\u00e1 realizada, neste s\u00e1bado (28), simultaneamente, nas cidades de Parna\u00edba e Teresina. Na ocasi\u00e3o, diversos servi\u00e7os do Governo do Estado estar\u00e3o dispon\u00edveis para as comunidades dos bairros S\u00e3o Joaquim, em Teresina; e Planalto Montserrat, em Parna\u00edba. O evento \u00e9 promovido pela Secretaria da Administra\u00e7\u00e3o (Sead) e tem o objetivo de aproximar e facilitar o acesso da popula\u00e7\u00e3o aos servi\u00e7os oferecidos pelo Governo do Estado. Em Parna\u00edba, a caravana ser\u00e1 realizada na Pra\u00e7a da Igreja Santo Ant\u00f4nio, e em Teresina ser\u00e1 na rua Maur\u00edcio de Nassau, ao lado do Mercado do S\u00e3o Joaquim. A&hellip;<\/p>\n","category_list_v2":"<a href=\"https:\/\/portal.pi.gov.br\/seres\/category\/noticias\/\" rel=\"category tag\">Not\u00edcias<\/a>","author_info_v2":{"name":"admin","url":"https:\/\/portal.pi.gov.br\/seres\/author\/admin\/"},"comments_num_v2":"0 coment\u00e1rio","jetpack_featured_media_url":"https:\/\/portal.pi.gov.br\/seres\/wp-content\/uploads\/sites\/87\/2024\/09\/large_Whats_App_Image_2024_09_26_at_09_42_23_e8398785ce.jpeg","_links":{"self":[{"href":"https:\/\/portal.pi.gov.br\/seres\/wp-json\/wp\/v2\/posts\/2518"}],"collection":[{"href":"https:\/\/portal.pi.gov.br\/seres\/wp-json\/wp\/v2\/posts"}],"about":[{"href":"https:\/\/portal.pi.gov.br\/seres\/wp-json\/wp\/v2\/types\/post"}],"author":[{"embeddable":true,"href":"https:\/\/portal.pi.gov.br\/seres\/wp-json\/wp\/v2\/users\/1"}],"replies":[{"embeddable":true,"href":"https:\/\/portal.pi.gov.br\/seres\/wp-json\/wp\/v2\/comments?post=2518"}],"version-history":[{"count":1,"href":"https:\/\/portal.pi.gov.br\/seres\/wp-json\/wp\/v2\/posts\/2518\/revisions"}],"predecessor-version":[{"id":2520,"href":"https:\/\/portal.pi.gov.br\/seres\/wp-json\/wp\/v2\/posts\/2518\/revisions\/2520"}],"wp:featuredmedia":[{"embeddable":true,"href":"https:\/\/portal.pi.gov.br\/seres\/wp-json\/wp\/v2\/media\/2519"}],"wp:attachment":[{"href":"https:\/\/portal.pi.gov.br\/seres\/wp-json\/wp\/v2\/media?parent=2518"}],"wp:term":[{"taxonomy":"category","embeddable":true,"href":"https:\/\/portal.pi.gov.br\/seres\/wp-json\/wp\/v2\/categories?post=2518"},{"taxonomy":"post_tag","embeddable":true,"href":"https:\/\/portal.pi.gov.br\/seres\/wp-json\/wp\/v2\/tags?post=2518"}],"curies":[{"name":"wp","href":"https:\/\/api.w.org\/{rel}","templated":true}]}}