{"id":2521,"date":"2024-09-28T08:22:17","date_gmt":"2024-09-28T11:22:17","guid":{"rendered":"https:\/\/portal.pi.gov.br\/seres\/?p=2521"},"modified":"2024-09-30T08:23:27","modified_gmt":"2024-09-30T11:23:27","slug":"stand-da-seres-leva-informacoes-a-mais-uma-caravana-da-cidadania-em-teresina-e-parnaiba","status":"publish","type":"post","link":"https:\/\/portal.pi.gov.br\/seres\/2024\/09\/28\/stand-da-seres-leva-informacoes-a-mais-uma-caravana-da-cidadania-em-teresina-e-parnaiba\/","title":{"rendered":"Stand da Seres leva informa\u00e7\u00f5es a mais uma Caravana da Cidadania em Teresina e Parna\u00edba"},"content":{"rendered":"\n<p>Moradores de Teresina e Parna\u00edba poder\u00e3o entender mais sobre o funcionamento do Or\u00e7amento Participativo (OPA) e tirar d\u00favidas durante a Caravana da Cidadania, neste s\u00e1bado (28), que ser\u00e1 realizada nas duas cidades. O stand da Seres estar\u00e1 em mais uma edi\u00e7\u00e3o do evento. Em Parna\u00edba, a iniciativa ser\u00e1 realizada na Pra\u00e7a da Igreja Santo Ant\u00f4nio, e, em Teresina, ser\u00e1 na rua Maur\u00edcio de Nassau, ao lado do Mercado do S\u00e3o Joaquim.\u00a0<\/p>\n\n\n<div class=\"wp-block-image\">\n<figure class=\"aligncenter size-large is-resized\"><img decoding=\"async\" loading=\"lazy\" src=\"https:\/\/portal.pi.gov.br\/seres\/wp-content\/uploads\/sites\/87\/2024\/09\/WhatsApp-Image-2024-09-30-at-08.20.05-1024x576.jpeg\" alt=\"\" class=\"wp-image-2523\" width=\"534\" height=\"301\" srcset=\"https:\/\/portal.pi.gov.br\/seres\/wp-content\/uploads\/sites\/87\/2024\/09\/WhatsApp-Image-2024-09-30-at-08.20.05-1024x576.jpeg 1024w, https:\/\/portal.pi.gov.br\/seres\/wp-content\/uploads\/sites\/87\/2024\/09\/WhatsApp-Image-2024-09-30-at-08.20.05-300x169.jpeg 300w, https:\/\/portal.pi.gov.br\/seres\/wp-content\/uploads\/sites\/87\/2024\/09\/WhatsApp-Image-2024-09-30-at-08.20.05-768x432.jpeg 768w, https:\/\/portal.pi.gov.br\/seres\/wp-content\/uploads\/sites\/87\/2024\/09\/WhatsApp-Image-2024-09-30-at-08.20.05-420x236.jpeg 420w, https:\/\/portal.pi.gov.br\/seres\/wp-content\/uploads\/sites\/87\/2024\/09\/WhatsApp-Image-2024-09-30-at-08.20.05-540x304.jpeg 540w, https:\/\/portal.pi.gov.br\/seres\/wp-content\/uploads\/sites\/87\/2024\/09\/WhatsApp-Image-2024-09-30-at-08.20.05-780x439.jpeg 780w, https:\/\/portal.pi.gov.br\/seres\/wp-content\/uploads\/sites\/87\/2024\/09\/WhatsApp-Image-2024-09-30-at-08.20.05-1536x864.jpeg 1536w, https:\/\/portal.pi.gov.br\/seres\/wp-content\/uploads\/sites\/87\/2024\/09\/WhatsApp-Image-2024-09-30-at-08.20.05-947x532.jpeg 947w, https:\/\/portal.pi.gov.br\/seres\/wp-content\/uploads\/sites\/87\/2024\/09\/WhatsApp-Image-2024-09-30-at-08.20.05-624x351.jpeg 624w, https:\/\/portal.pi.gov.br\/seres\/wp-content\/uploads\/sites\/87\/2024\/09\/WhatsApp-Image-2024-09-30-at-08.20.05.jpeg 1599w\" sizes=\"(max-width: 534px) 100vw, 534px\" \/><\/figure><\/div>\n\n\n<p>Das 9h \u00e0s 15h, os moradores poder\u00e3o contar com a\u00e7\u00f5es de diversos \u00f3rg\u00e3os estaduais, que disponibilizar\u00e3o servi\u00e7os como dicas e orienta\u00e7\u00f5es de sa\u00fade, atendimentos do Hemopi, distribui\u00e7\u00e3o de mudas de \u00e1rvores, emiss\u00e3o da nova carteira de identidade nacional, a\u00e7\u00f5es do ProUrbe e muitas brincadeiras para as crian\u00e7as.<\/p>\n\n\n<div class=\"wp-block-image\">\n<figure class=\"aligncenter size-large is-resized\"><img decoding=\"async\" loading=\"lazy\" src=\"https:\/\/portal.pi.gov.br\/seres\/wp-content\/uploads\/sites\/87\/2024\/09\/WhatsApp-Image-2024-09-28-at-11.20.11-1024x576.jpeg\" alt=\"\" class=\"wp-image-2522\" width=\"536\" height=\"301\" srcset=\"https:\/\/portal.pi.gov.br\/seres\/wp-content\/uploads\/sites\/87\/2024\/09\/WhatsApp-Image-2024-09-28-at-11.20.11-1024x576.jpeg 1024w, https:\/\/portal.pi.gov.br\/seres\/wp-content\/uploads\/sites\/87\/2024\/09\/WhatsApp-Image-2024-09-28-at-11.20.11-300x169.jpeg 300w, https:\/\/portal.pi.gov.br\/seres\/wp-content\/uploads\/sites\/87\/2024\/09\/WhatsApp-Image-2024-09-28-at-11.20.11-768x432.jpeg 768w, https:\/\/portal.pi.gov.br\/seres\/wp-content\/uploads\/sites\/87\/2024\/09\/WhatsApp-Image-2024-09-28-at-11.20.11-420x236.jpeg 420w, https:\/\/portal.pi.gov.br\/seres\/wp-content\/uploads\/sites\/87\/2024\/09\/WhatsApp-Image-2024-09-28-at-11.20.11-540x304.jpeg 540w, https:\/\/portal.pi.gov.br\/seres\/wp-content\/uploads\/sites\/87\/2024\/09\/WhatsApp-Image-2024-09-28-at-11.20.11-780x439.jpeg 780w, https:\/\/portal.pi.gov.br\/seres\/wp-content\/uploads\/sites\/87\/2024\/09\/WhatsApp-Image-2024-09-28-at-11.20.11-1536x864.jpeg 1536w, https:\/\/portal.pi.gov.br\/seres\/wp-content\/uploads\/sites\/87\/2024\/09\/WhatsApp-Image-2024-09-28-at-11.20.11-2048x1152.jpeg 2048w, https:\/\/portal.pi.gov.br\/seres\/wp-content\/uploads\/sites\/87\/2024\/09\/WhatsApp-Image-2024-09-28-at-11.20.11-947x533.jpeg 947w, https:\/\/portal.pi.gov.br\/seres\/wp-content\/uploads\/sites\/87\/2024\/09\/WhatsApp-Image-2024-09-28-at-11.20.11-624x351.jpeg 624w\" sizes=\"(max-width: 536px) 100vw, 536px\" \/><\/figure><\/div>\n\n\n<p>O OPA 2024-2025 prev\u00ea um or\u00e7amento total de R$ 69 milh\u00f5es, contemplando Parna\u00edba, Teresina, Picos, Piripiri e Floriano. O processo de escolha das a\u00e7\u00f5es come\u00e7a pela indica\u00e7\u00e3o feita por entidades de bairro, sucedida da fase de vota\u00e7\u00e3o popular.<\/p>\n\n\n\n<p>A Caravana \u00e9 promovida pela Secretaria da Administra\u00e7\u00e3o (Sead) e tem o objetivo de aproximar e facilitar o acesso da popula\u00e7\u00e3o aos servi\u00e7os oferecidos pelo Governo do Estado.\u00a0<\/p>\n","protected":false},"excerpt":{"rendered":"<p>Moradores de Teresina e Parna\u00edba poder\u00e3o entender mais sobre o funcionamento do Or\u00e7amento Participativo (OPA) e tirar d\u00favidas durante a Caravana da Cidadania, neste s\u00e1bado (28), que ser\u00e1 realizada nas [&hellip;]<\/p>\n","protected":false},"author":1,"featured_media":2523,"comment_status":"closed","ping_status":"closed","sticky":false,"template":"","format":"standard","meta":[],"categories":[34],"tags":[62,55,47,41],"featured_image_urls":{"full":["https:\/\/portal.pi.gov.br\/seres\/wp-content\/uploads\/sites\/87\/2024\/09\/WhatsApp-Image-2024-09-30-at-08.20.05.jpeg",1599,899,false],"thumbnail":["https:\/\/portal.pi.gov.br\/seres\/wp-content\/uploads\/sites\/87\/2024\/09\/WhatsApp-Image-2024-09-30-at-08.20.05-150x150.jpeg",150,150,true],"medium":["https:\/\/portal.pi.gov.br\/seres\/wp-content\/uploads\/sites\/87\/2024\/09\/WhatsApp-Image-2024-09-30-at-08.20.05-300x169.jpeg",300,169,true],"medium_large":["https:\/\/portal.pi.gov.br\/seres\/wp-content\/uploads\/sites\/87\/2024\/09\/WhatsApp-Image-2024-09-30-at-08.20.05-768x432.jpeg",768,432,true],"large":["https:\/\/portal.pi.gov.br\/seres\/wp-content\/uploads\/sites\/87\/2024\/09\/WhatsApp-Image-2024-09-30-at-08.20.05-1024x576.jpeg",887,499,true],"sgg-420":["https:\/\/portal.pi.gov.br\/seres\/wp-content\/uploads\/sites\/87\/2024\/09\/WhatsApp-Image-2024-09-30-at-08.20.05-420x236.jpeg",420,236,true],"sgg-540":["https:\/\/portal.pi.gov.br\/seres\/wp-content\/uploads\/sites\/87\/2024\/09\/WhatsApp-Image-2024-09-30-at-08.20.05-540x304.jpeg",540,304,true],"sgg-780":["https:\/\/portal.pi.gov.br\/seres\/wp-content\/uploads\/sites\/87\/2024\/09\/WhatsApp-Image-2024-09-30-at-08.20.05-780x439.jpeg",780,439,true],"1536x1536":["https:\/\/portal.pi.gov.br\/seres\/wp-content\/uploads\/sites\/87\/2024\/09\/WhatsApp-Image-2024-09-30-at-08.20.05-1536x864.jpeg",1536,864,true],"2048x2048":["https:\/\/portal.pi.gov.br\/seres\/wp-content\/uploads\/sites\/87\/2024\/09\/WhatsApp-Image-2024-09-30-at-08.20.05.jpeg",1599,899,false],"homepage-slider":["https:\/\/portal.pi.gov.br\/seres\/wp-content\/uploads\/sites\/87\/2024\/09\/WhatsApp-Image-2024-09-30-at-08.20.05-1270x500.jpeg",1270,500,true],"homepage-slider-small":["https:\/\/portal.pi.gov.br\/seres\/wp-content\/uploads\/sites\/87\/2024\/09\/WhatsApp-Image-2024-09-30-at-08.20.05-947x500.jpeg",947,500,true],"page-top":["https:\/\/portal.pi.gov.br\/seres\/wp-content\/uploads\/sites\/87\/2024\/09\/WhatsApp-Image-2024-09-30-at-08.20.05-947x532.jpeg",947,532,true],"page-small":["https:\/\/portal.pi.gov.br\/seres\/wp-content\/uploads\/sites\/87\/2024\/09\/WhatsApp-Image-2024-09-30-at-08.20.05-624x351.jpeg",624,351,true],"loop-main":["https:\/\/portal.pi.gov.br\/seres\/wp-content\/uploads\/sites\/87\/2024\/09\/WhatsApp-Image-2024-09-30-at-08.20.05-365x240.jpeg",365,240,true],"thumb-gallery-widget":["https:\/\/portal.pi.gov.br\/seres\/wp-content\/uploads\/sites\/87\/2024\/09\/WhatsApp-Image-2024-09-30-at-08.20.05-84x56.jpeg",84,56,true]},"post_excerpt_stackable":"<p>Moradores de Teresina e Parna\u00edba poder\u00e3o entender mais sobre o funcionamento do Or\u00e7amento Participativo (OPA) e tirar d\u00favidas durante a Caravana da Cidadania, neste s\u00e1bado (28), que ser\u00e1 realizada nas duas cidades. O stand da Seres estar\u00e1 em mais uma edi\u00e7\u00e3o do evento. Em Parna\u00edba, a iniciativa ser\u00e1 realizada na Pra\u00e7a da Igreja Santo Ant\u00f4nio, e, em Teresina, ser\u00e1 na rua Maur\u00edcio de Nassau, ao lado do Mercado do S\u00e3o Joaquim.\u00a0 Das 9h \u00e0s 15h, os moradores poder\u00e3o contar com a\u00e7\u00f5es de diversos \u00f3rg\u00e3os estaduais, que disponibilizar\u00e3o servi\u00e7os como dicas e orienta\u00e7\u00f5es de sa\u00fade, atendimentos do Hemopi, distribui\u00e7\u00e3o de mudas&hellip;<\/p>\n","category_list":"<a href=\"https:\/\/portal.pi.gov.br\/seres\/category\/noticias\/\" rel=\"category tag\">Not\u00edcias<\/a>","author_info":{"name":"admin","url":"https:\/\/portal.pi.gov.br\/seres\/author\/admin\/"},"comments_num":"0 coment\u00e1rio","featured_image_urls_v2":{"full":["https:\/\/portal.pi.gov.br\/seres\/wp-content\/uploads\/sites\/87\/2024\/09\/WhatsApp-Image-2024-09-30-at-08.20.05.jpeg",1599,899,false],"thumbnail":["https:\/\/portal.pi.gov.br\/seres\/wp-content\/uploads\/sites\/87\/2024\/09\/WhatsApp-Image-2024-09-30-at-08.20.05-150x150.jpeg",150,150,true],"medium":["https:\/\/portal.pi.gov.br\/seres\/wp-content\/uploads\/sites\/87\/2024\/09\/WhatsApp-Image-2024-09-30-at-08.20.05-300x169.jpeg",300,169,true],"medium_large":["https:\/\/portal.pi.gov.br\/seres\/wp-content\/uploads\/sites\/87\/2024\/09\/WhatsApp-Image-2024-09-30-at-08.20.05-768x432.jpeg",768,432,true],"large":["https:\/\/portal.pi.gov.br\/seres\/wp-content\/uploads\/sites\/87\/2024\/09\/WhatsApp-Image-2024-09-30-at-08.20.05-1024x576.jpeg",887,499,true],"sgg-420":["https:\/\/portal.pi.gov.br\/seres\/wp-content\/uploads\/sites\/87\/2024\/09\/WhatsApp-Image-2024-09-30-at-08.20.05-420x236.jpeg",420,236,true],"sgg-540":["https:\/\/portal.pi.gov.br\/seres\/wp-content\/uploads\/sites\/87\/2024\/09\/WhatsApp-Image-2024-09-30-at-08.20.05-540x304.jpeg",540,304,true],"sgg-780":["https:\/\/portal.pi.gov.br\/seres\/wp-content\/uploads\/sites\/87\/2024\/09\/WhatsApp-Image-2024-09-30-at-08.20.05-780x439.jpeg",780,439,true],"1536x1536":["https:\/\/portal.pi.gov.br\/seres\/wp-content\/uploads\/sites\/87\/2024\/09\/WhatsApp-Image-2024-09-30-at-08.20.05-1536x864.jpeg",1536,864,true],"2048x2048":["https:\/\/portal.pi.gov.br\/seres\/wp-content\/uploads\/sites\/87\/2024\/09\/WhatsApp-Image-2024-09-30-at-08.20.05.jpeg",1599,899,false],"homepage-slider":["https:\/\/portal.pi.gov.br\/seres\/wp-content\/uploads\/sites\/87\/2024\/09\/WhatsApp-Image-2024-09-30-at-08.20.05-1270x500.jpeg",1270,500,true],"homepage-slider-small":["https:\/\/portal.pi.gov.br\/seres\/wp-content\/uploads\/sites\/87\/2024\/09\/WhatsApp-Image-2024-09-30-at-08.20.05-947x500.jpeg",947,500,true],"page-top":["https:\/\/portal.pi.gov.br\/seres\/wp-content\/uploads\/sites\/87\/2024\/09\/WhatsApp-Image-2024-09-30-at-08.20.05-947x532.jpeg",947,532,true],"page-small":["https:\/\/portal.pi.gov.br\/seres\/wp-content\/uploads\/sites\/87\/2024\/09\/WhatsApp-Image-2024-09-30-at-08.20.05-624x351.jpeg",624,351,true],"loop-main":["https:\/\/portal.pi.gov.br\/seres\/wp-content\/uploads\/sites\/87\/2024\/09\/WhatsApp-Image-2024-09-30-at-08.20.05-365x240.jpeg",365,240,true],"thumb-gallery-widget":["https:\/\/portal.pi.gov.br\/seres\/wp-content\/uploads\/sites\/87\/2024\/09\/WhatsApp-Image-2024-09-30-at-08.20.05-84x56.jpeg",84,56,true]},"post_excerpt_stackable_v2":"<p>Moradores de Teresina e Parna\u00edba poder\u00e3o entender mais sobre o funcionamento do Or\u00e7amento Participativo (OPA) e tirar d\u00favidas durante a Caravana da Cidadania, neste s\u00e1bado (28), que ser\u00e1 realizada nas duas cidades. O stand da Seres estar\u00e1 em mais uma edi\u00e7\u00e3o do evento. Em Parna\u00edba, a iniciativa ser\u00e1 realizada na Pra\u00e7a da Igreja Santo Ant\u00f4nio, e, em Teresina, ser\u00e1 na rua Maur\u00edcio de Nassau, ao lado do Mercado do S\u00e3o Joaquim.\u00a0 Das 9h \u00e0s 15h, os moradores poder\u00e3o contar com a\u00e7\u00f5es de diversos \u00f3rg\u00e3os estaduais, que disponibilizar\u00e3o servi\u00e7os como dicas e orienta\u00e7\u00f5es de sa\u00fade, atendimentos do Hemopi, distribui\u00e7\u00e3o de mudas&hellip;<\/p>\n","category_list_v2":"<a href=\"https:\/\/portal.pi.gov.br\/seres\/category\/noticias\/\" rel=\"category tag\">Not\u00edcias<\/a>","author_info_v2":{"name":"admin","url":"https:\/\/portal.pi.gov.br\/seres\/author\/admin\/"},"comments_num_v2":"0 coment\u00e1rio","jetpack_featured_media_url":"https:\/\/portal.pi.gov.br\/seres\/wp-content\/uploads\/sites\/87\/2024\/09\/WhatsApp-Image-2024-09-30-at-08.20.05.jpeg","_links":{"self":[{"href":"https:\/\/portal.pi.gov.br\/seres\/wp-json\/wp\/v2\/posts\/2521"}],"collection":[{"href":"https:\/\/portal.pi.gov.br\/seres\/wp-json\/wp\/v2\/posts"}],"about":[{"href":"https:\/\/portal.pi.gov.br\/seres\/wp-json\/wp\/v2\/types\/post"}],"author":[{"embeddable":true,"href":"https:\/\/portal.pi.gov.br\/seres\/wp-json\/wp\/v2\/users\/1"}],"replies":[{"embeddable":true,"href":"https:\/\/portal.pi.gov.br\/seres\/wp-json\/wp\/v2\/comments?post=2521"}],"version-history":[{"count":1,"href":"https:\/\/portal.pi.gov.br\/seres\/wp-json\/wp\/v2\/posts\/2521\/revisions"}],"predecessor-version":[{"id":2524,"href":"https:\/\/portal.pi.gov.br\/seres\/wp-json\/wp\/v2\/posts\/2521\/revisions\/2524"}],"wp:featuredmedia":[{"embeddable":true,"href":"https:\/\/portal.pi.gov.br\/seres\/wp-json\/wp\/v2\/media\/2523"}],"wp:attachment":[{"href":"https:\/\/portal.pi.gov.br\/seres\/wp-json\/wp\/v2\/media?parent=2521"}],"wp:term":[{"taxonomy":"category","embeddable":true,"href":"https:\/\/portal.pi.gov.br\/seres\/wp-json\/wp\/v2\/categories?post=2521"},{"taxonomy":"post_tag","embeddable":true,"href":"https:\/\/portal.pi.gov.br\/seres\/wp-json\/wp\/v2\/tags?post=2521"}],"curies":[{"name":"wp","href":"https:\/\/api.w.org\/{rel}","templated":true}]}}