{"id":2525,"date":"2024-09-28T08:25:38","date_gmt":"2024-09-28T11:25:38","guid":{"rendered":"https:\/\/portal.pi.gov.br\/seres\/?p=2525"},"modified":"2024-09-30T08:26:10","modified_gmt":"2024-09-30T11:26:10","slug":"governo-inaugura-reforma-de-praca-e-urbanizacao-de-horta-comunitaria-na-zona-norte-de-teresina-na-segunda-30","status":"publish","type":"post","link":"https:\/\/portal.pi.gov.br\/seres\/2024\/09\/28\/governo-inaugura-reforma-de-praca-e-urbanizacao-de-horta-comunitaria-na-zona-norte-de-teresina-na-segunda-30\/","title":{"rendered":"Governo inaugura reforma de pra\u00e7a e urbaniza\u00e7\u00e3o de horta comunit\u00e1ria na zona norte de Teresina na segunda (30)"},"content":{"rendered":"\n<p>Em um esfor\u00e7o cont\u00ednuo para melhorar a qualidade de vida da popula\u00e7\u00e3o, o Governo do Piau\u00ed, por meio das Secretarias do Planejamento (Seplan) e Rela\u00e7\u00f5es Sociais (Seres), inaugura, na segunda-feira (30), em Teresina, duas importantes obras que receberam um investimento de mais de R$ 300 mil. Ser\u00e3o entregues a reforma de pra\u00e7a no loteamento do bairro Mocambinho e a urbaniza\u00e7\u00e3o da horta comunit\u00e1ria do bairro Mafrense, na zona norte da capital.<\/p>\n\n\n\n<p>As reformas foram viabilizadas por meio do Or\u00e7amento Participativo (OPA), que permitiu \u00e0 comunidade expressar suas prioridades e votar em projetos que atendem \u00e0s suas necessidades.<\/p>\n\n\n\n<p>A revitaliza\u00e7\u00e3o da pra\u00e7a, com uma \u00e1rea total de 3.860 m\u00b2, atendeu a uma demanda da Associa\u00e7\u00e3o dos Moradores do Mocambinho, recebendo 366 votos v\u00e1lidos. A obra, executada pela Secretaria das Cidades (Secid), teve um investimento de R$ 170.568,51.<\/p>\n\n\n<div class=\"wp-block-image\">\n<figure class=\"aligncenter is-resized\"><img decoding=\"async\" loading=\"lazy\" src=\"https:\/\/admin.pi.gov.br\/uploads\/large_IMG_5130_dc4f10c8f8_1b0efc88f1.jpg\" alt=\"large_IMG_5130_dc4f10c8f8.jpg\" width=\"578\" height=\"434\" \/><\/figure><\/div>\n\n\n<p>J\u00e1 a urbaniza\u00e7\u00e3o da horta comunit\u00e1ria, com 413,40 m\u00b2, \u00e9 uma iniciativa do Movimento Social do bairro Mafrense e Adjac\u00eancias (Msbma), que obteve 248 votos v\u00e1lidos. Esta obra, tamb\u00e9m realizada pela Secid, teve um custo de R$ 177.113,27.<\/p>\n\n\n\n<p>As inaugura\u00e7\u00f5es refletem o compromisso do Governo do Estado em atender \u00e0s demandas da popula\u00e7\u00e3o e promover o desenvolvimento urbano de Teresina. As novas \u00e1reas revitalizadas n\u00e3o apenas oferecem mais op\u00e7\u00f5es de lazer, mas tamb\u00e9m contribuem para a qualidade de vida e o bem-estar dos moradores, destacando a import\u00e2ncia da participa\u00e7\u00e3o cidad\u00e3 na constru\u00e7\u00e3o de uma cidade melhor.<\/p>\n","protected":false},"excerpt":{"rendered":"<p>Em um esfor\u00e7o cont\u00ednuo para melhorar a qualidade de vida da popula\u00e7\u00e3o, o Governo do Piau\u00ed, por meio das Secretarias do Planejamento (Seplan) e Rela\u00e7\u00f5es Sociais (Seres), inaugura, na segunda-feira [&hellip;]<\/p>\n","protected":false},"author":1,"featured_media":2526,"comment_status":"closed","ping_status":"closed","sticky":false,"template":"","format":"standard","meta":[],"categories":[34],"tags":[62,47,41],"featured_image_urls":{"full":["https:\/\/portal.pi.gov.br\/seres\/wp-content\/uploads\/sites\/87\/2024\/09\/large_IMG_5130_dc4f10c8f8_1b0efc88f1.jpg",1000,750,false],"thumbnail":["https:\/\/portal.pi.gov.br\/seres\/wp-content\/uploads\/sites\/87\/2024\/09\/large_IMG_5130_dc4f10c8f8_1b0efc88f1-150x150.jpg",150,150,true],"medium":["https:\/\/portal.pi.gov.br\/seres\/wp-content\/uploads\/sites\/87\/2024\/09\/large_IMG_5130_dc4f10c8f8_1b0efc88f1-300x225.jpg",300,225,true],"medium_large":["https:\/\/portal.pi.gov.br\/seres\/wp-content\/uploads\/sites\/87\/2024\/09\/large_IMG_5130_dc4f10c8f8_1b0efc88f1-768x576.jpg",768,576,true],"large":["https:\/\/portal.pi.gov.br\/seres\/wp-content\/uploads\/sites\/87\/2024\/09\/large_IMG_5130_dc4f10c8f8_1b0efc88f1.jpg",887,665,false],"sgg-420":["https:\/\/portal.pi.gov.br\/seres\/wp-content\/uploads\/sites\/87\/2024\/09\/large_IMG_5130_dc4f10c8f8_1b0efc88f1-420x315.jpg",420,315,true],"sgg-540":["https:\/\/portal.pi.gov.br\/seres\/wp-content\/uploads\/sites\/87\/2024\/09\/large_IMG_5130_dc4f10c8f8_1b0efc88f1-540x405.jpg",540,405,true],"sgg-780":["https:\/\/portal.pi.gov.br\/seres\/wp-content\/uploads\/sites\/87\/2024\/09\/large_IMG_5130_dc4f10c8f8_1b0efc88f1-780x585.jpg",780,585,true],"1536x1536":["https:\/\/portal.pi.gov.br\/seres\/wp-content\/uploads\/sites\/87\/2024\/09\/large_IMG_5130_dc4f10c8f8_1b0efc88f1.jpg",1000,750,false],"2048x2048":["https:\/\/portal.pi.gov.br\/seres\/wp-content\/uploads\/sites\/87\/2024\/09\/large_IMG_5130_dc4f10c8f8_1b0efc88f1.jpg",1000,750,false],"homepage-slider":["https:\/\/portal.pi.gov.br\/seres\/wp-content\/uploads\/sites\/87\/2024\/09\/large_IMG_5130_dc4f10c8f8_1b0efc88f1-1000x500.jpg",1000,500,true],"homepage-slider-small":["https:\/\/portal.pi.gov.br\/seres\/wp-content\/uploads\/sites\/87\/2024\/09\/large_IMG_5130_dc4f10c8f8_1b0efc88f1-947x500.jpg",947,500,true],"page-top":["https:\/\/portal.pi.gov.br\/seres\/wp-content\/uploads\/sites\/87\/2024\/09\/large_IMG_5130_dc4f10c8f8_1b0efc88f1-947x710.jpg",947,710,true],"page-small":["https:\/\/portal.pi.gov.br\/seres\/wp-content\/uploads\/sites\/87\/2024\/09\/large_IMG_5130_dc4f10c8f8_1b0efc88f1-624x468.jpg",624,468,true],"loop-main":["https:\/\/portal.pi.gov.br\/seres\/wp-content\/uploads\/sites\/87\/2024\/09\/large_IMG_5130_dc4f10c8f8_1b0efc88f1-365x240.jpg",365,240,true],"thumb-gallery-widget":["https:\/\/portal.pi.gov.br\/seres\/wp-content\/uploads\/sites\/87\/2024\/09\/large_IMG_5130_dc4f10c8f8_1b0efc88f1-84x56.jpg",84,56,true]},"post_excerpt_stackable":"<p>Em um esfor\u00e7o cont\u00ednuo para melhorar a qualidade de vida da popula\u00e7\u00e3o, o Governo do Piau\u00ed, por meio das Secretarias do Planejamento (Seplan) e Rela\u00e7\u00f5es Sociais (Seres), inaugura, na segunda-feira (30), em Teresina, duas importantes obras que receberam um investimento de mais de R$ 300 mil. Ser\u00e3o entregues a reforma de pra\u00e7a no loteamento do bairro Mocambinho e a urbaniza\u00e7\u00e3o da horta comunit\u00e1ria do bairro Mafrense, na zona norte da capital. As reformas foram viabilizadas por meio do Or\u00e7amento Participativo (OPA), que permitiu \u00e0 comunidade expressar suas prioridades e votar em projetos que atendem \u00e0s suas necessidades. A revitaliza\u00e7\u00e3o da&hellip;<\/p>\n","category_list":"<a href=\"https:\/\/portal.pi.gov.br\/seres\/category\/noticias\/\" rel=\"category tag\">Not\u00edcias<\/a>","author_info":{"name":"admin","url":"https:\/\/portal.pi.gov.br\/seres\/author\/admin\/"},"comments_num":"0 coment\u00e1rio","featured_image_urls_v2":{"full":["https:\/\/portal.pi.gov.br\/seres\/wp-content\/uploads\/sites\/87\/2024\/09\/large_IMG_5130_dc4f10c8f8_1b0efc88f1.jpg",1000,750,false],"thumbnail":["https:\/\/portal.pi.gov.br\/seres\/wp-content\/uploads\/sites\/87\/2024\/09\/large_IMG_5130_dc4f10c8f8_1b0efc88f1-150x150.jpg",150,150,true],"medium":["https:\/\/portal.pi.gov.br\/seres\/wp-content\/uploads\/sites\/87\/2024\/09\/large_IMG_5130_dc4f10c8f8_1b0efc88f1-300x225.jpg",300,225,true],"medium_large":["https:\/\/portal.pi.gov.br\/seres\/wp-content\/uploads\/sites\/87\/2024\/09\/large_IMG_5130_dc4f10c8f8_1b0efc88f1-768x576.jpg",768,576,true],"large":["https:\/\/portal.pi.gov.br\/seres\/wp-content\/uploads\/sites\/87\/2024\/09\/large_IMG_5130_dc4f10c8f8_1b0efc88f1.jpg",887,665,false],"sgg-420":["https:\/\/portal.pi.gov.br\/seres\/wp-content\/uploads\/sites\/87\/2024\/09\/large_IMG_5130_dc4f10c8f8_1b0efc88f1-420x315.jpg",420,315,true],"sgg-540":["https:\/\/portal.pi.gov.br\/seres\/wp-content\/uploads\/sites\/87\/2024\/09\/large_IMG_5130_dc4f10c8f8_1b0efc88f1-540x405.jpg",540,405,true],"sgg-780":["https:\/\/portal.pi.gov.br\/seres\/wp-content\/uploads\/sites\/87\/2024\/09\/large_IMG_5130_dc4f10c8f8_1b0efc88f1-780x585.jpg",780,585,true],"1536x1536":["https:\/\/portal.pi.gov.br\/seres\/wp-content\/uploads\/sites\/87\/2024\/09\/large_IMG_5130_dc4f10c8f8_1b0efc88f1.jpg",1000,750,false],"2048x2048":["https:\/\/portal.pi.gov.br\/seres\/wp-content\/uploads\/sites\/87\/2024\/09\/large_IMG_5130_dc4f10c8f8_1b0efc88f1.jpg",1000,750,false],"homepage-slider":["https:\/\/portal.pi.gov.br\/seres\/wp-content\/uploads\/sites\/87\/2024\/09\/large_IMG_5130_dc4f10c8f8_1b0efc88f1-1000x500.jpg",1000,500,true],"homepage-slider-small":["https:\/\/portal.pi.gov.br\/seres\/wp-content\/uploads\/sites\/87\/2024\/09\/large_IMG_5130_dc4f10c8f8_1b0efc88f1-947x500.jpg",947,500,true],"page-top":["https:\/\/portal.pi.gov.br\/seres\/wp-content\/uploads\/sites\/87\/2024\/09\/large_IMG_5130_dc4f10c8f8_1b0efc88f1-947x710.jpg",947,710,true],"page-small":["https:\/\/portal.pi.gov.br\/seres\/wp-content\/uploads\/sites\/87\/2024\/09\/large_IMG_5130_dc4f10c8f8_1b0efc88f1-624x468.jpg",624,468,true],"loop-main":["https:\/\/portal.pi.gov.br\/seres\/wp-content\/uploads\/sites\/87\/2024\/09\/large_IMG_5130_dc4f10c8f8_1b0efc88f1-365x240.jpg",365,240,true],"thumb-gallery-widget":["https:\/\/portal.pi.gov.br\/seres\/wp-content\/uploads\/sites\/87\/2024\/09\/large_IMG_5130_dc4f10c8f8_1b0efc88f1-84x56.jpg",84,56,true]},"post_excerpt_stackable_v2":"<p>Em um esfor\u00e7o cont\u00ednuo para melhorar a qualidade de vida da popula\u00e7\u00e3o, o Governo do Piau\u00ed, por meio das Secretarias do Planejamento (Seplan) e Rela\u00e7\u00f5es Sociais (Seres), inaugura, na segunda-feira (30), em Teresina, duas importantes obras que receberam um investimento de mais de R$ 300 mil. Ser\u00e3o entregues a reforma de pra\u00e7a no loteamento do bairro Mocambinho e a urbaniza\u00e7\u00e3o da horta comunit\u00e1ria do bairro Mafrense, na zona norte da capital. As reformas foram viabilizadas por meio do Or\u00e7amento Participativo (OPA), que permitiu \u00e0 comunidade expressar suas prioridades e votar em projetos que atendem \u00e0s suas necessidades. A revitaliza\u00e7\u00e3o da&hellip;<\/p>\n","category_list_v2":"<a href=\"https:\/\/portal.pi.gov.br\/seres\/category\/noticias\/\" rel=\"category tag\">Not\u00edcias<\/a>","author_info_v2":{"name":"admin","url":"https:\/\/portal.pi.gov.br\/seres\/author\/admin\/"},"comments_num_v2":"0 coment\u00e1rio","jetpack_featured_media_url":"https:\/\/portal.pi.gov.br\/seres\/wp-content\/uploads\/sites\/87\/2024\/09\/large_IMG_5130_dc4f10c8f8_1b0efc88f1.jpg","_links":{"self":[{"href":"https:\/\/portal.pi.gov.br\/seres\/wp-json\/wp\/v2\/posts\/2525"}],"collection":[{"href":"https:\/\/portal.pi.gov.br\/seres\/wp-json\/wp\/v2\/posts"}],"about":[{"href":"https:\/\/portal.pi.gov.br\/seres\/wp-json\/wp\/v2\/types\/post"}],"author":[{"embeddable":true,"href":"https:\/\/portal.pi.gov.br\/seres\/wp-json\/wp\/v2\/users\/1"}],"replies":[{"embeddable":true,"href":"https:\/\/portal.pi.gov.br\/seres\/wp-json\/wp\/v2\/comments?post=2525"}],"version-history":[{"count":1,"href":"https:\/\/portal.pi.gov.br\/seres\/wp-json\/wp\/v2\/posts\/2525\/revisions"}],"predecessor-version":[{"id":2527,"href":"https:\/\/portal.pi.gov.br\/seres\/wp-json\/wp\/v2\/posts\/2525\/revisions\/2527"}],"wp:featuredmedia":[{"embeddable":true,"href":"https:\/\/portal.pi.gov.br\/seres\/wp-json\/wp\/v2\/media\/2526"}],"wp:attachment":[{"href":"https:\/\/portal.pi.gov.br\/seres\/wp-json\/wp\/v2\/media?parent=2525"}],"wp:term":[{"taxonomy":"category","embeddable":true,"href":"https:\/\/portal.pi.gov.br\/seres\/wp-json\/wp\/v2\/categories?post=2525"},{"taxonomy":"post_tag","embeddable":true,"href":"https:\/\/portal.pi.gov.br\/seres\/wp-json\/wp\/v2\/tags?post=2525"}],"curies":[{"name":"wp","href":"https:\/\/api.w.org\/{rel}","templated":true}]}}