{"id":2528,"date":"2024-09-30T09:36:47","date_gmt":"2024-09-30T12:36:47","guid":{"rendered":"https:\/\/portal.pi.gov.br\/seres\/?p=2528"},"modified":"2024-10-01T09:37:01","modified_gmt":"2024-10-01T12:37:01","slug":"governo-do-estado-entrega-reforma-de-praca-e-revitalizacao-de-horta-comunitaria-na-zona-norte-de-teresina","status":"publish","type":"post","link":"https:\/\/portal.pi.gov.br\/seres\/2024\/09\/30\/governo-do-estado-entrega-reforma-de-praca-e-revitalizacao-de-horta-comunitaria-na-zona-norte-de-teresina\/","title":{"rendered":"Governo do Estado entrega reforma de pra\u00e7a e revitaliza\u00e7\u00e3o de horta comunit\u00e1ria na zona norte de Teresina"},"content":{"rendered":"\n<p>O Governo do Piau\u00ed entregou, nesta segunda-feira (30), a revitaliza\u00e7\u00e3o de uma pra\u00e7a no Loteamento Mocambinho e urbaniza\u00e7\u00e3o de horta comunit\u00e1ria no bairro Mafrense. As obras foram executadas por meio do Or\u00e7amento Participativo (OPA) e receberam investimento de mais de R$ 300 mil.<\/p>\n\n\n<div class=\"wp-block-image\">\n<figure class=\"aligncenter size-large is-resized\"><img decoding=\"async\" loading=\"lazy\" src=\"https:\/\/portal.pi.gov.br\/seres\/wp-content\/uploads\/sites\/87\/2024\/10\/WhatsApp-Image-2024-09-30-at-10.48.59-1024x768.jpeg\" alt=\"\" class=\"wp-image-2529\" width=\"547\" height=\"410\" srcset=\"https:\/\/portal.pi.gov.br\/seres\/wp-content\/uploads\/sites\/87\/2024\/10\/WhatsApp-Image-2024-09-30-at-10.48.59-1024x768.jpeg 1024w, https:\/\/portal.pi.gov.br\/seres\/wp-content\/uploads\/sites\/87\/2024\/10\/WhatsApp-Image-2024-09-30-at-10.48.59-300x225.jpeg 300w, https:\/\/portal.pi.gov.br\/seres\/wp-content\/uploads\/sites\/87\/2024\/10\/WhatsApp-Image-2024-09-30-at-10.48.59-768x576.jpeg 768w, https:\/\/portal.pi.gov.br\/seres\/wp-content\/uploads\/sites\/87\/2024\/10\/WhatsApp-Image-2024-09-30-at-10.48.59-420x315.jpeg 420w, https:\/\/portal.pi.gov.br\/seres\/wp-content\/uploads\/sites\/87\/2024\/10\/WhatsApp-Image-2024-09-30-at-10.48.59-540x405.jpeg 540w, https:\/\/portal.pi.gov.br\/seres\/wp-content\/uploads\/sites\/87\/2024\/10\/WhatsApp-Image-2024-09-30-at-10.48.59-780x585.jpeg 780w, https:\/\/portal.pi.gov.br\/seres\/wp-content\/uploads\/sites\/87\/2024\/10\/WhatsApp-Image-2024-09-30-at-10.48.59-1536x1152.jpeg 1536w, https:\/\/portal.pi.gov.br\/seres\/wp-content\/uploads\/sites\/87\/2024\/10\/WhatsApp-Image-2024-09-30-at-10.48.59-2048x1536.jpeg 2048w, https:\/\/portal.pi.gov.br\/seres\/wp-content\/uploads\/sites\/87\/2024\/10\/WhatsApp-Image-2024-09-30-at-10.48.59-947x710.jpeg 947w, https:\/\/portal.pi.gov.br\/seres\/wp-content\/uploads\/sites\/87\/2024\/10\/WhatsApp-Image-2024-09-30-at-10.48.59-624x468.jpeg 624w\" sizes=\"(max-width: 547px) 100vw, 547px\" \/><\/figure><\/div>\n\n\n<p>Agradecendo a comunidade pela confian\u00e7a durante o processo do OPA, o secret\u00e1rio do Planejamento, Washington Bonfim, fez quest\u00e3o de destacar a import\u00e2ncia da popula\u00e7\u00e3o na escolha das obras realizadas pelo Governo do Estado. \u201cEstamos aqui para entregar mais uma importante obra; nessas duas \u00faltimas semanas j\u00e1 entregamos seis obras aqui em Teresina, e cada uma delas tem sua hist\u00f3ria, seu momento e sua raz\u00e3o\u201d, comentou o gestor.<\/p>\n\n\n<div class=\"wp-block-image\">\n<figure class=\"aligncenter size-large is-resized\"><img decoding=\"async\" loading=\"lazy\" src=\"https:\/\/portal.pi.gov.br\/seres\/wp-content\/uploads\/sites\/87\/2024\/10\/WhatsApp-Image-2024-09-30-at-10.49.53-1024x768.jpeg\" alt=\"\" class=\"wp-image-2530\" width=\"552\" height=\"414\" srcset=\"https:\/\/portal.pi.gov.br\/seres\/wp-content\/uploads\/sites\/87\/2024\/10\/WhatsApp-Image-2024-09-30-at-10.49.53-1024x768.jpeg 1024w, https:\/\/portal.pi.gov.br\/seres\/wp-content\/uploads\/sites\/87\/2024\/10\/WhatsApp-Image-2024-09-30-at-10.49.53-300x225.jpeg 300w, https:\/\/portal.pi.gov.br\/seres\/wp-content\/uploads\/sites\/87\/2024\/10\/WhatsApp-Image-2024-09-30-at-10.49.53-768x576.jpeg 768w, https:\/\/portal.pi.gov.br\/seres\/wp-content\/uploads\/sites\/87\/2024\/10\/WhatsApp-Image-2024-09-30-at-10.49.53-420x315.jpeg 420w, https:\/\/portal.pi.gov.br\/seres\/wp-content\/uploads\/sites\/87\/2024\/10\/WhatsApp-Image-2024-09-30-at-10.49.53-540x405.jpeg 540w, https:\/\/portal.pi.gov.br\/seres\/wp-content\/uploads\/sites\/87\/2024\/10\/WhatsApp-Image-2024-09-30-at-10.49.53-780x585.jpeg 780w, https:\/\/portal.pi.gov.br\/seres\/wp-content\/uploads\/sites\/87\/2024\/10\/WhatsApp-Image-2024-09-30-at-10.49.53-1536x1152.jpeg 1536w, https:\/\/portal.pi.gov.br\/seres\/wp-content\/uploads\/sites\/87\/2024\/10\/WhatsApp-Image-2024-09-30-at-10.49.53-2048x1536.jpeg 2048w, https:\/\/portal.pi.gov.br\/seres\/wp-content\/uploads\/sites\/87\/2024\/10\/WhatsApp-Image-2024-09-30-at-10.49.53-947x710.jpeg 947w, https:\/\/portal.pi.gov.br\/seres\/wp-content\/uploads\/sites\/87\/2024\/10\/WhatsApp-Image-2024-09-30-at-10.49.53-624x468.jpeg 624w\" sizes=\"(max-width: 552px) 100vw, 552px\" \/><\/figure><\/div>\n\n\n<p>O secret\u00e1rio destacou ainda que a horta comunit\u00e1ria, que garante o sustento das pessoas, \u00e9 uma escolha importante e que beneficiar\u00e1 muitas fam\u00edlias. \u201c\u00c9 uma \u00f3tima maneira de iniciar a semana, e segue com o compromisso do governador Rafael Fonteles, de escutar a popula\u00e7\u00e3o e as comunidades, \u00e9 por isso que o OPA nasceu, porque quando a gente escuta realmente, \u00e9 f\u00e1cil acertar\u201d, completou Washington Bonfim.<\/p>\n\n\n<div class=\"wp-block-image\">\n<figure class=\"aligncenter is-resized\"><img decoding=\"async\" loading=\"lazy\" src=\"https:\/\/admin.pi.gov.br\/uploads\/Whats_App_Image_2024_09_30_at_10_57_34_0c54b700b3.jpeg\" alt=\"WhatsApp Image 2024-09-30 at 10.57.34.jpeg\" width=\"558\" height=\"419\" \/><\/figure><\/div>\n\n\n<p>A revitaliza\u00e7\u00e3o da pra\u00e7a, com uma \u00e1rea total de 3.860 m\u00b2, atendeu a uma demanda da Associa\u00e7\u00e3o dos Moradores do Mocambinho, recebendo 366 votos v\u00e1lidos. A obra, executada pela Secretaria das Cidades (Secid), teve um investimento de R$ 170.568,51.<\/p>\n\n\n<div class=\"wp-block-image\">\n<figure class=\"aligncenter is-resized\"><img decoding=\"async\" loading=\"lazy\" src=\"https:\/\/admin.pi.gov.br\/uploads\/Whats_App_Image_2024_09_30_at_10_57_34_1_c327f56c63.jpeg\" alt=\"WhatsApp Image 2024-09-30 at 10.57.34 (1).jpeg\" width=\"560\" height=\"420\" \/><\/figure><\/div>\n\n\n<p>J\u00e1 a urbaniza\u00e7\u00e3o da horta comunit\u00e1ria, com 413,40 m\u00b2, \u00e9 uma iniciativa do Movimento Social do Bairro Mafrense e Adjac\u00eancias (Msbma), que obteve 248 votos v\u00e1lidos. Esta obra, tamb\u00e9m realizada pela Secid, teve um custo de R$ 177.113,27.<\/p>\n\n\n<div class=\"wp-block-image\">\n<figure class=\"aligncenter size-large is-resized\"><img decoding=\"async\" loading=\"lazy\" src=\"https:\/\/portal.pi.gov.br\/seres\/wp-content\/uploads\/sites\/87\/2024\/10\/WhatsApp-Image-2024-09-30-at-10.48.13-1024x768.jpeg\" alt=\"\" class=\"wp-image-2531\" width=\"563\" height=\"422\" srcset=\"https:\/\/portal.pi.gov.br\/seres\/wp-content\/uploads\/sites\/87\/2024\/10\/WhatsApp-Image-2024-09-30-at-10.48.13-1024x768.jpeg 1024w, https:\/\/portal.pi.gov.br\/seres\/wp-content\/uploads\/sites\/87\/2024\/10\/WhatsApp-Image-2024-09-30-at-10.48.13-300x225.jpeg 300w, https:\/\/portal.pi.gov.br\/seres\/wp-content\/uploads\/sites\/87\/2024\/10\/WhatsApp-Image-2024-09-30-at-10.48.13-768x576.jpeg 768w, https:\/\/portal.pi.gov.br\/seres\/wp-content\/uploads\/sites\/87\/2024\/10\/WhatsApp-Image-2024-09-30-at-10.48.13-420x315.jpeg 420w, https:\/\/portal.pi.gov.br\/seres\/wp-content\/uploads\/sites\/87\/2024\/10\/WhatsApp-Image-2024-09-30-at-10.48.13-540x405.jpeg 540w, https:\/\/portal.pi.gov.br\/seres\/wp-content\/uploads\/sites\/87\/2024\/10\/WhatsApp-Image-2024-09-30-at-10.48.13-780x585.jpeg 780w, https:\/\/portal.pi.gov.br\/seres\/wp-content\/uploads\/sites\/87\/2024\/10\/WhatsApp-Image-2024-09-30-at-10.48.13-1536x1152.jpeg 1536w, https:\/\/portal.pi.gov.br\/seres\/wp-content\/uploads\/sites\/87\/2024\/10\/WhatsApp-Image-2024-09-30-at-10.48.13-2048x1536.jpeg 2048w, https:\/\/portal.pi.gov.br\/seres\/wp-content\/uploads\/sites\/87\/2024\/10\/WhatsApp-Image-2024-09-30-at-10.48.13-947x710.jpeg 947w, https:\/\/portal.pi.gov.br\/seres\/wp-content\/uploads\/sites\/87\/2024\/10\/WhatsApp-Image-2024-09-30-at-10.48.13-624x468.jpeg 624w\" sizes=\"(max-width: 563px) 100vw, 563px\" \/><\/figure><\/div>\n\n\n<p>As inaugura\u00e7\u00f5es refletem o compromisso do Governo do Estado em atender \u00e0s demandas da popula\u00e7\u00e3o e promover o desenvolvimento urbano de Teresina. As novas \u00e1reas revitalizadas n\u00e3o apenas oferecem mais op\u00e7\u00f5es de lazer, mas tamb\u00e9m contribuem para a qualidade de vida e o bem-estar dos moradores, destacando a import\u00e2ncia da participa\u00e7\u00e3o cidad\u00e3 na constru\u00e7\u00e3o de uma cidade melhor.<\/p>\n","protected":false},"excerpt":{"rendered":"<p>O Governo do Piau\u00ed entregou, nesta segunda-feira (30), a revitaliza\u00e7\u00e3o de uma pra\u00e7a no Loteamento Mocambinho e urbaniza\u00e7\u00e3o de horta comunit\u00e1ria no bairro Mafrense. As obras foram executadas por meio [&hellip;]<\/p>\n","protected":false},"author":1,"featured_media":2531,"comment_status":"closed","ping_status":"closed","sticky":false,"template":"","format":"standard","meta":[],"categories":[34],"tags":[47,41],"featured_image_urls":{"full":["https:\/\/portal.pi.gov.br\/seres\/wp-content\/uploads\/sites\/87\/2024\/10\/WhatsApp-Image-2024-09-30-at-10.48.13-scaled.jpeg",2560,1920,false],"thumbnail":["https:\/\/portal.pi.gov.br\/seres\/wp-content\/uploads\/sites\/87\/2024\/10\/WhatsApp-Image-2024-09-30-at-10.48.13-150x150.jpeg",150,150,true],"medium":["https:\/\/portal.pi.gov.br\/seres\/wp-content\/uploads\/sites\/87\/2024\/10\/WhatsApp-Image-2024-09-30-at-10.48.13-300x225.jpeg",300,225,true],"medium_large":["https:\/\/portal.pi.gov.br\/seres\/wp-content\/uploads\/sites\/87\/2024\/10\/WhatsApp-Image-2024-09-30-at-10.48.13-768x576.jpeg",768,576,true],"large":["https:\/\/portal.pi.gov.br\/seres\/wp-content\/uploads\/sites\/87\/2024\/10\/WhatsApp-Image-2024-09-30-at-10.48.13-1024x768.jpeg",887,665,true],"sgg-420":["https:\/\/portal.pi.gov.br\/seres\/wp-content\/uploads\/sites\/87\/2024\/10\/WhatsApp-Image-2024-09-30-at-10.48.13-420x315.jpeg",420,315,true],"sgg-540":["https:\/\/portal.pi.gov.br\/seres\/wp-content\/uploads\/sites\/87\/2024\/10\/WhatsApp-Image-2024-09-30-at-10.48.13-540x405.jpeg",540,405,true],"sgg-780":["https:\/\/portal.pi.gov.br\/seres\/wp-content\/uploads\/sites\/87\/2024\/10\/WhatsApp-Image-2024-09-30-at-10.48.13-780x585.jpeg",780,585,true],"1536x1536":["https:\/\/portal.pi.gov.br\/seres\/wp-content\/uploads\/sites\/87\/2024\/10\/WhatsApp-Image-2024-09-30-at-10.48.13-1536x1152.jpeg",1536,1152,true],"2048x2048":["https:\/\/portal.pi.gov.br\/seres\/wp-content\/uploads\/sites\/87\/2024\/10\/WhatsApp-Image-2024-09-30-at-10.48.13-2048x1536.jpeg",2048,1536,true],"homepage-slider":["https:\/\/portal.pi.gov.br\/seres\/wp-content\/uploads\/sites\/87\/2024\/10\/WhatsApp-Image-2024-09-30-at-10.48.13-1270x500.jpeg",1270,500,true],"homepage-slider-small":["https:\/\/portal.pi.gov.br\/seres\/wp-content\/uploads\/sites\/87\/2024\/10\/WhatsApp-Image-2024-09-30-at-10.48.13-947x500.jpeg",947,500,true],"page-top":["https:\/\/portal.pi.gov.br\/seres\/wp-content\/uploads\/sites\/87\/2024\/10\/WhatsApp-Image-2024-09-30-at-10.48.13-947x710.jpeg",947,710,true],"page-small":["https:\/\/portal.pi.gov.br\/seres\/wp-content\/uploads\/sites\/87\/2024\/10\/WhatsApp-Image-2024-09-30-at-10.48.13-624x468.jpeg",624,468,true],"loop-main":["https:\/\/portal.pi.gov.br\/seres\/wp-content\/uploads\/sites\/87\/2024\/10\/WhatsApp-Image-2024-09-30-at-10.48.13-365x240.jpeg",365,240,true],"thumb-gallery-widget":["https:\/\/portal.pi.gov.br\/seres\/wp-content\/uploads\/sites\/87\/2024\/10\/WhatsApp-Image-2024-09-30-at-10.48.13-84x56.jpeg",84,56,true]},"post_excerpt_stackable":"<p>O Governo do Piau\u00ed entregou, nesta segunda-feira (30), a revitaliza\u00e7\u00e3o de uma pra\u00e7a no Loteamento Mocambinho e urbaniza\u00e7\u00e3o de horta comunit\u00e1ria no bairro Mafrense. As obras foram executadas por meio do Or\u00e7amento Participativo (OPA) e receberam investimento de mais de R$ 300 mil. Agradecendo a comunidade pela confian\u00e7a durante o processo do OPA, o secret\u00e1rio do Planejamento, Washington Bonfim, fez quest\u00e3o de destacar a import\u00e2ncia da popula\u00e7\u00e3o na escolha das obras realizadas pelo Governo do Estado. \u201cEstamos aqui para entregar mais uma importante obra; nessas duas \u00faltimas semanas j\u00e1 entregamos seis obras aqui em Teresina, e cada uma delas tem&hellip;<\/p>\n","category_list":"<a href=\"https:\/\/portal.pi.gov.br\/seres\/category\/noticias\/\" rel=\"category tag\">Not\u00edcias<\/a>","author_info":{"name":"admin","url":"https:\/\/portal.pi.gov.br\/seres\/author\/admin\/"},"comments_num":"0 coment\u00e1rio","featured_image_urls_v2":{"full":["https:\/\/portal.pi.gov.br\/seres\/wp-content\/uploads\/sites\/87\/2024\/10\/WhatsApp-Image-2024-09-30-at-10.48.13-scaled.jpeg",2560,1920,false],"thumbnail":["https:\/\/portal.pi.gov.br\/seres\/wp-content\/uploads\/sites\/87\/2024\/10\/WhatsApp-Image-2024-09-30-at-10.48.13-150x150.jpeg",150,150,true],"medium":["https:\/\/portal.pi.gov.br\/seres\/wp-content\/uploads\/sites\/87\/2024\/10\/WhatsApp-Image-2024-09-30-at-10.48.13-300x225.jpeg",300,225,true],"medium_large":["https:\/\/portal.pi.gov.br\/seres\/wp-content\/uploads\/sites\/87\/2024\/10\/WhatsApp-Image-2024-09-30-at-10.48.13-768x576.jpeg",768,576,true],"large":["https:\/\/portal.pi.gov.br\/seres\/wp-content\/uploads\/sites\/87\/2024\/10\/WhatsApp-Image-2024-09-30-at-10.48.13-1024x768.jpeg",887,665,true],"sgg-420":["https:\/\/portal.pi.gov.br\/seres\/wp-content\/uploads\/sites\/87\/2024\/10\/WhatsApp-Image-2024-09-30-at-10.48.13-420x315.jpeg",420,315,true],"sgg-540":["https:\/\/portal.pi.gov.br\/seres\/wp-content\/uploads\/sites\/87\/2024\/10\/WhatsApp-Image-2024-09-30-at-10.48.13-540x405.jpeg",540,405,true],"sgg-780":["https:\/\/portal.pi.gov.br\/seres\/wp-content\/uploads\/sites\/87\/2024\/10\/WhatsApp-Image-2024-09-30-at-10.48.13-780x585.jpeg",780,585,true],"1536x1536":["https:\/\/portal.pi.gov.br\/seres\/wp-content\/uploads\/sites\/87\/2024\/10\/WhatsApp-Image-2024-09-30-at-10.48.13-1536x1152.jpeg",1536,1152,true],"2048x2048":["https:\/\/portal.pi.gov.br\/seres\/wp-content\/uploads\/sites\/87\/2024\/10\/WhatsApp-Image-2024-09-30-at-10.48.13-2048x1536.jpeg",2048,1536,true],"homepage-slider":["https:\/\/portal.pi.gov.br\/seres\/wp-content\/uploads\/sites\/87\/2024\/10\/WhatsApp-Image-2024-09-30-at-10.48.13-1270x500.jpeg",1270,500,true],"homepage-slider-small":["https:\/\/portal.pi.gov.br\/seres\/wp-content\/uploads\/sites\/87\/2024\/10\/WhatsApp-Image-2024-09-30-at-10.48.13-947x500.jpeg",947,500,true],"page-top":["https:\/\/portal.pi.gov.br\/seres\/wp-content\/uploads\/sites\/87\/2024\/10\/WhatsApp-Image-2024-09-30-at-10.48.13-947x710.jpeg",947,710,true],"page-small":["https:\/\/portal.pi.gov.br\/seres\/wp-content\/uploads\/sites\/87\/2024\/10\/WhatsApp-Image-2024-09-30-at-10.48.13-624x468.jpeg",624,468,true],"loop-main":["https:\/\/portal.pi.gov.br\/seres\/wp-content\/uploads\/sites\/87\/2024\/10\/WhatsApp-Image-2024-09-30-at-10.48.13-365x240.jpeg",365,240,true],"thumb-gallery-widget":["https:\/\/portal.pi.gov.br\/seres\/wp-content\/uploads\/sites\/87\/2024\/10\/WhatsApp-Image-2024-09-30-at-10.48.13-84x56.jpeg",84,56,true]},"post_excerpt_stackable_v2":"<p>O Governo do Piau\u00ed entregou, nesta segunda-feira (30), a revitaliza\u00e7\u00e3o de uma pra\u00e7a no Loteamento Mocambinho e urbaniza\u00e7\u00e3o de horta comunit\u00e1ria no bairro Mafrense. As obras foram executadas por meio do Or\u00e7amento Participativo (OPA) e receberam investimento de mais de R$ 300 mil. Agradecendo a comunidade pela confian\u00e7a durante o processo do OPA, o secret\u00e1rio do Planejamento, Washington Bonfim, fez quest\u00e3o de destacar a import\u00e2ncia da popula\u00e7\u00e3o na escolha das obras realizadas pelo Governo do Estado. \u201cEstamos aqui para entregar mais uma importante obra; nessas duas \u00faltimas semanas j\u00e1 entregamos seis obras aqui em Teresina, e cada uma delas tem&hellip;<\/p>\n","category_list_v2":"<a href=\"https:\/\/portal.pi.gov.br\/seres\/category\/noticias\/\" rel=\"category tag\">Not\u00edcias<\/a>","author_info_v2":{"name":"admin","url":"https:\/\/portal.pi.gov.br\/seres\/author\/admin\/"},"comments_num_v2":"0 coment\u00e1rio","jetpack_featured_media_url":"https:\/\/portal.pi.gov.br\/seres\/wp-content\/uploads\/sites\/87\/2024\/10\/WhatsApp-Image-2024-09-30-at-10.48.13-scaled.jpeg","_links":{"self":[{"href":"https:\/\/portal.pi.gov.br\/seres\/wp-json\/wp\/v2\/posts\/2528"}],"collection":[{"href":"https:\/\/portal.pi.gov.br\/seres\/wp-json\/wp\/v2\/posts"}],"about":[{"href":"https:\/\/portal.pi.gov.br\/seres\/wp-json\/wp\/v2\/types\/post"}],"author":[{"embeddable":true,"href":"https:\/\/portal.pi.gov.br\/seres\/wp-json\/wp\/v2\/users\/1"}],"replies":[{"embeddable":true,"href":"https:\/\/portal.pi.gov.br\/seres\/wp-json\/wp\/v2\/comments?post=2528"}],"version-history":[{"count":1,"href":"https:\/\/portal.pi.gov.br\/seres\/wp-json\/wp\/v2\/posts\/2528\/revisions"}],"predecessor-version":[{"id":2532,"href":"https:\/\/portal.pi.gov.br\/seres\/wp-json\/wp\/v2\/posts\/2528\/revisions\/2532"}],"wp:featuredmedia":[{"embeddable":true,"href":"https:\/\/portal.pi.gov.br\/seres\/wp-json\/wp\/v2\/media\/2531"}],"wp:attachment":[{"href":"https:\/\/portal.pi.gov.br\/seres\/wp-json\/wp\/v2\/media?parent=2528"}],"wp:term":[{"taxonomy":"category","embeddable":true,"href":"https:\/\/portal.pi.gov.br\/seres\/wp-json\/wp\/v2\/categories?post=2528"},{"taxonomy":"post_tag","embeddable":true,"href":"https:\/\/portal.pi.gov.br\/seres\/wp-json\/wp\/v2\/tags?post=2528"}],"curies":[{"name":"wp","href":"https:\/\/api.w.org\/{rel}","templated":true}]}}