{"id":2533,"date":"2024-10-19T09:28:39","date_gmt":"2024-10-19T12:28:39","guid":{"rendered":"https:\/\/portal.pi.gov.br\/seres\/?p=2533"},"modified":"2024-10-21T09:29:28","modified_gmt":"2024-10-21T12:29:28","slug":"governo-do-estado-inaugura-a-escola-do-mar-em-luis-correia-com-investimento-de-r-68-milhoes","status":"publish","type":"post","link":"https:\/\/portal.pi.gov.br\/seres\/2024\/10\/19\/governo-do-estado-inaugura-a-escola-do-mar-em-luis-correia-com-investimento-de-r-68-milhoes\/","title":{"rendered":"Governo do Estado inaugura a Escola do Mar em Lu\u00eds Correia, com investimento de R$ 6,8 milh\u00f5es"},"content":{"rendered":"\n<p>O governador Rafael Fonteles inaugurou neste s\u00e1bado (19), Dia do Piau\u00ed, a Escola do Mar, em Lu\u00eds Correia. A escola de tempo integral \u00e9 vocacionada para prover oportunidades para a juventude do munic\u00edpio, principalmente com a operacionaliza\u00e7\u00e3o do Porto Piau\u00ed. A obra da unidade de ensino teve um investimento de R$ 6.870.560,61.<\/p>\n\n\n<div class=\"wp-block-image\">\n<figure class=\"aligncenter size-large is-resized\"><img decoding=\"async\" loading=\"lazy\" src=\"https:\/\/portal.pi.gov.br\/seres\/wp-content\/uploads\/sites\/87\/2024\/10\/Inauguracao-da-Escola-do-Mar-4-1024x683.jpg\" alt=\"\" class=\"wp-image-2534\" width=\"550\" height=\"367\" srcset=\"https:\/\/portal.pi.gov.br\/seres\/wp-content\/uploads\/sites\/87\/2024\/10\/Inauguracao-da-Escola-do-Mar-4-1024x683.jpg 1024w, https:\/\/portal.pi.gov.br\/seres\/wp-content\/uploads\/sites\/87\/2024\/10\/Inauguracao-da-Escola-do-Mar-4-300x200.jpg 300w, https:\/\/portal.pi.gov.br\/seres\/wp-content\/uploads\/sites\/87\/2024\/10\/Inauguracao-da-Escola-do-Mar-4-768x512.jpg 768w, https:\/\/portal.pi.gov.br\/seres\/wp-content\/uploads\/sites\/87\/2024\/10\/Inauguracao-da-Escola-do-Mar-4-420x280.jpg 420w, https:\/\/portal.pi.gov.br\/seres\/wp-content\/uploads\/sites\/87\/2024\/10\/Inauguracao-da-Escola-do-Mar-4-540x360.jpg 540w, https:\/\/portal.pi.gov.br\/seres\/wp-content\/uploads\/sites\/87\/2024\/10\/Inauguracao-da-Escola-do-Mar-4-780x520.jpg 780w, https:\/\/portal.pi.gov.br\/seres\/wp-content\/uploads\/sites\/87\/2024\/10\/Inauguracao-da-Escola-do-Mar-4-1536x1024.jpg 1536w, https:\/\/portal.pi.gov.br\/seres\/wp-content\/uploads\/sites\/87\/2024\/10\/Inauguracao-da-Escola-do-Mar-4-2048x1366.jpg 2048w, https:\/\/portal.pi.gov.br\/seres\/wp-content\/uploads\/sites\/87\/2024\/10\/Inauguracao-da-Escola-do-Mar-4-947x631.jpg 947w, https:\/\/portal.pi.gov.br\/seres\/wp-content\/uploads\/sites\/87\/2024\/10\/Inauguracao-da-Escola-do-Mar-4-624x416.jpg 624w, https:\/\/portal.pi.gov.br\/seres\/wp-content\/uploads\/sites\/87\/2024\/10\/Inauguracao-da-Escola-do-Mar-4-84x56.jpg 84w\" sizes=\"(max-width: 550px) 100vw, 550px\" \/><\/figure><\/div>\n\n\n<p>Fonteles explicou que a escola \u00e9 de grande representatividade para aspectos econ\u00f4micos e educacionais. &#8220;Este \u00e9 um patrim\u00f4nio do povo do Piau\u00ed, que vai servir a todos os piauienses. E \u00e9 claro que tinha que estar concentrado aqui em Lu\u00eds Correia, que \u00e9 o munic\u00edpio que tem o nosso Porto, que estar\u00e1, em breve, entrando em fase operacional e uma s\u00e9rie de oportunidades v\u00e3o surgir. Muitas profiss\u00f5es que v\u00e3o estar nesta cadeia produtiva ligada ao porto, especialmente na cadeia produtiva do pescado, ter\u00e3o, portanto, um espa\u00e7o adequado com laborat\u00f3rios especializados para essa capacita\u00e7\u00e3o na \u00e1rea da economia do mar&#8221;, disse o governador.<\/p>\n\n\n\n<p>Washington Bandeira, secret\u00e1rio de Educa\u00e7\u00e3o, afirmou que a Escola do Mar ofertar\u00e1 diversos cursos voltados para a economia do mar. \u201cA Escola do Mar foi transformada em tempo integral na nossa gest\u00e3o e ganha agora essa estrutura grandiosa para formar profissionais qualificados para atuarem em todas as atividades do Porto Piau\u00ed, o Porto de Lu\u00eds Correia. Ent\u00e3o, aqui n\u00f3s teremos cursos t\u00e9cnicos de pesca, de porto, de transporte aquavi\u00e1rio, biolog\u00edstica, controle ambiental, seguran\u00e7a do trabalho e vamos formar esses jovens para o presente e para o futuro do Piau\u00ed&#8221;, acrescentou.<\/p>\n\n\n\n<p>Al\u00e9m dos cursos t\u00e9cnicos em Pesca (\u00eanfase em pescados), Seguran\u00e7a do Trabalho e Log\u00edstica, a Escola do Mar do Piau\u00ed vai oferecer o curso t\u00e9cnico em Transporte Aquavi\u00e1rio, que visa formar profissionais voltados para a opera\u00e7\u00e3o de embarca\u00e7\u00f5es, navega\u00e7\u00e3o segura, manuten\u00e7\u00e3o de sistemas de transporte mar\u00edtimo e gest\u00e3o de transportes aqu\u00e1ticos.<\/p>\n\n\n<div class=\"wp-block-image\">\n<figure class=\"aligncenter is-resized\"><img decoding=\"async\" loading=\"lazy\" src=\"https:\/\/admin.pi.gov.br\/uploads\/Inauguracao_da_Escola_do_Mar_15_efb9534ace.jpg\" alt=\"Inaugura\u00e7\u00e3o da Escola do Mar 15.jpg\" width=\"546\" height=\"364\" \/><figcaption class=\"wp-element-caption\">Foto: Gabriel Paulino<\/figcaption><\/figure><\/div>\n\n\n<p>Os alunos est\u00e3o satisfeitos com a nova infraestrutura da escola. Ma\u00edlson de Araujo Lopes \u00e9 um deles. &#8220;Estou aqui desde o primeiro ano, desde quando era a escola antiga, e essa nova reforma \u00e9 muito importante. Temos novos recursos, novos laborat\u00f3rios, novas salas, v\u00e1rios cursos. E esses cursos podem trazer grande progresso para os\u00a0\u00a0alunos\u201d, considerou o estudante.<\/p>\n\n\n\n<p>J\u00e1 Fl\u00e1via Garcez, que tamb\u00e9m estuda na Escola do Mar, conta que o principal ponto s\u00e3o as oportunidades que surgem com a nova escola. \u201cEsta escola traz uma grande relev\u00e2ncia para n\u00f3s que moramos no litoral piauiense, dando muitas oportunidades de emprego para as pessoas que moram aqui e tamb\u00e9m com uma \u00f3tima qualidade de ensino. Assim podemos avan\u00e7ar cada vez mais com o que aprendemos aqui&#8221;, apontou.<\/p>\n\n\n<div class=\"wp-block-image\">\n<figure class=\"aligncenter is-resized\"><img decoding=\"async\" loading=\"lazy\" src=\"https:\/\/admin.pi.gov.br\/uploads\/Inauguracao_da_Escola_do_Mar_8_f2261a7e71.jpg\" alt=\"Inaugura\u00e7\u00e3o da Escola do Mar 8.jpg\" width=\"543\" height=\"362\" \/><figcaption class=\"wp-element-caption\">Foto: Gabriel Paulino<\/figcaption><\/figure><\/div>\n\n\n<p><strong>Investimentos<\/strong><\/p>\n\n\n\n<p>A obra da Escola do Mar teve um investimento de R$ 6.870.560,61, sendo R$ 3.502.521,64 aplicados na obra de requalifica\u00e7\u00e3o e mais R$ 1.114.348,97 em materiais e equipamentos. Tamb\u00e9m foram investidos R$ 1.903.690,00 na aquisi\u00e7\u00e3o de um simulador de navega\u00e7\u00e3o e opera\u00e7\u00f5es aquavi\u00e1rias, al\u00e9m de uma embarca\u00e7\u00e3o para oficina de pr\u00e1ticas n\u00e1uticas e pesqueiras no valor de R$ 350.000,00.<\/p>\n\n\n\n<p>A unidade de ensino, que possui espa\u00e7os totalmente modernizados e climatizados, conta ainda com laborat\u00f3rio de tecnologia de processamento de pescado, laborat\u00f3rio de avalia\u00e7\u00e3o da qualidade do pescado, sala de acompanhamento de manobras e debriefing, al\u00e9m dos espa\u00e7os regulares que s\u00e3o importantes para o desenvolvimento do modelo de Tempo Integral.<\/p>\n","protected":false},"excerpt":{"rendered":"<p>O governador Rafael Fonteles inaugurou neste s\u00e1bado (19), Dia do Piau\u00ed, a Escola do Mar, em Lu\u00eds Correia. A escola de tempo integral \u00e9 vocacionada para prover oportunidades para a [&hellip;]<\/p>\n","protected":false},"author":1,"featured_media":2534,"comment_status":"closed","ping_status":"closed","sticky":false,"template":"","format":"standard","meta":[],"categories":[34],"tags":[55,47],"featured_image_urls":{"full":["https:\/\/portal.pi.gov.br\/seres\/wp-content\/uploads\/sites\/87\/2024\/10\/Inauguracao-da-Escola-do-Mar-4-scaled.jpg",2560,1707,false],"thumbnail":["https:\/\/portal.pi.gov.br\/seres\/wp-content\/uploads\/sites\/87\/2024\/10\/Inauguracao-da-Escola-do-Mar-4-150x150.jpg",150,150,true],"medium":["https:\/\/portal.pi.gov.br\/seres\/wp-content\/uploads\/sites\/87\/2024\/10\/Inauguracao-da-Escola-do-Mar-4-300x200.jpg",300,200,true],"medium_large":["https:\/\/portal.pi.gov.br\/seres\/wp-content\/uploads\/sites\/87\/2024\/10\/Inauguracao-da-Escola-do-Mar-4-768x512.jpg",768,512,true],"large":["https:\/\/portal.pi.gov.br\/seres\/wp-content\/uploads\/sites\/87\/2024\/10\/Inauguracao-da-Escola-do-Mar-4-1024x683.jpg",887,592,true],"sgg-420":["https:\/\/portal.pi.gov.br\/seres\/wp-content\/uploads\/sites\/87\/2024\/10\/Inauguracao-da-Escola-do-Mar-4-420x280.jpg",420,280,true],"sgg-540":["https:\/\/portal.pi.gov.br\/seres\/wp-content\/uploads\/sites\/87\/2024\/10\/Inauguracao-da-Escola-do-Mar-4-540x360.jpg",540,360,true],"sgg-780":["https:\/\/portal.pi.gov.br\/seres\/wp-content\/uploads\/sites\/87\/2024\/10\/Inauguracao-da-Escola-do-Mar-4-780x520.jpg",780,520,true],"1536x1536":["https:\/\/portal.pi.gov.br\/seres\/wp-content\/uploads\/sites\/87\/2024\/10\/Inauguracao-da-Escola-do-Mar-4-1536x1024.jpg",1536,1024,true],"2048x2048":["https:\/\/portal.pi.gov.br\/seres\/wp-content\/uploads\/sites\/87\/2024\/10\/Inauguracao-da-Escola-do-Mar-4-2048x1366.jpg",2048,1366,true],"homepage-slider":["https:\/\/portal.pi.gov.br\/seres\/wp-content\/uploads\/sites\/87\/2024\/10\/Inauguracao-da-Escola-do-Mar-4-1270x500.jpg",1270,500,true],"homepage-slider-small":["https:\/\/portal.pi.gov.br\/seres\/wp-content\/uploads\/sites\/87\/2024\/10\/Inauguracao-da-Escola-do-Mar-4-947x500.jpg",947,500,true],"page-top":["https:\/\/portal.pi.gov.br\/seres\/wp-content\/uploads\/sites\/87\/2024\/10\/Inauguracao-da-Escola-do-Mar-4-947x631.jpg",947,631,true],"page-small":["https:\/\/portal.pi.gov.br\/seres\/wp-content\/uploads\/sites\/87\/2024\/10\/Inauguracao-da-Escola-do-Mar-4-624x416.jpg",624,416,true],"loop-main":["https:\/\/portal.pi.gov.br\/seres\/wp-content\/uploads\/sites\/87\/2024\/10\/Inauguracao-da-Escola-do-Mar-4-365x240.jpg",365,240,true],"thumb-gallery-widget":["https:\/\/portal.pi.gov.br\/seres\/wp-content\/uploads\/sites\/87\/2024\/10\/Inauguracao-da-Escola-do-Mar-4-84x56.jpg",84,56,true]},"post_excerpt_stackable":"<p>O governador Rafael Fonteles inaugurou neste s\u00e1bado (19), Dia do Piau\u00ed, a Escola do Mar, em Lu\u00eds Correia. A escola de tempo integral \u00e9 vocacionada para prover oportunidades para a juventude do munic\u00edpio, principalmente com a operacionaliza\u00e7\u00e3o do Porto Piau\u00ed. A obra da unidade de ensino teve um investimento de R$ 6.870.560,61. Fonteles explicou que a escola \u00e9 de grande representatividade para aspectos econ\u00f4micos e educacionais. &#8220;Este \u00e9 um patrim\u00f4nio do povo do Piau\u00ed, que vai servir a todos os piauienses. E \u00e9 claro que tinha que estar concentrado aqui em Lu\u00eds Correia, que \u00e9 o munic\u00edpio que tem o&hellip;<\/p>\n","category_list":"<a href=\"https:\/\/portal.pi.gov.br\/seres\/category\/noticias\/\" rel=\"category tag\">Not\u00edcias<\/a>","author_info":{"name":"admin","url":"https:\/\/portal.pi.gov.br\/seres\/author\/admin\/"},"comments_num":"0 coment\u00e1rio","featured_image_urls_v2":{"full":["https:\/\/portal.pi.gov.br\/seres\/wp-content\/uploads\/sites\/87\/2024\/10\/Inauguracao-da-Escola-do-Mar-4-scaled.jpg",2560,1707,false],"thumbnail":["https:\/\/portal.pi.gov.br\/seres\/wp-content\/uploads\/sites\/87\/2024\/10\/Inauguracao-da-Escola-do-Mar-4-150x150.jpg",150,150,true],"medium":["https:\/\/portal.pi.gov.br\/seres\/wp-content\/uploads\/sites\/87\/2024\/10\/Inauguracao-da-Escola-do-Mar-4-300x200.jpg",300,200,true],"medium_large":["https:\/\/portal.pi.gov.br\/seres\/wp-content\/uploads\/sites\/87\/2024\/10\/Inauguracao-da-Escola-do-Mar-4-768x512.jpg",768,512,true],"large":["https:\/\/portal.pi.gov.br\/seres\/wp-content\/uploads\/sites\/87\/2024\/10\/Inauguracao-da-Escola-do-Mar-4-1024x683.jpg",887,592,true],"sgg-420":["https:\/\/portal.pi.gov.br\/seres\/wp-content\/uploads\/sites\/87\/2024\/10\/Inauguracao-da-Escola-do-Mar-4-420x280.jpg",420,280,true],"sgg-540":["https:\/\/portal.pi.gov.br\/seres\/wp-content\/uploads\/sites\/87\/2024\/10\/Inauguracao-da-Escola-do-Mar-4-540x360.jpg",540,360,true],"sgg-780":["https:\/\/portal.pi.gov.br\/seres\/wp-content\/uploads\/sites\/87\/2024\/10\/Inauguracao-da-Escola-do-Mar-4-780x520.jpg",780,520,true],"1536x1536":["https:\/\/portal.pi.gov.br\/seres\/wp-content\/uploads\/sites\/87\/2024\/10\/Inauguracao-da-Escola-do-Mar-4-1536x1024.jpg",1536,1024,true],"2048x2048":["https:\/\/portal.pi.gov.br\/seres\/wp-content\/uploads\/sites\/87\/2024\/10\/Inauguracao-da-Escola-do-Mar-4-2048x1366.jpg",2048,1366,true],"homepage-slider":["https:\/\/portal.pi.gov.br\/seres\/wp-content\/uploads\/sites\/87\/2024\/10\/Inauguracao-da-Escola-do-Mar-4-1270x500.jpg",1270,500,true],"homepage-slider-small":["https:\/\/portal.pi.gov.br\/seres\/wp-content\/uploads\/sites\/87\/2024\/10\/Inauguracao-da-Escola-do-Mar-4-947x500.jpg",947,500,true],"page-top":["https:\/\/portal.pi.gov.br\/seres\/wp-content\/uploads\/sites\/87\/2024\/10\/Inauguracao-da-Escola-do-Mar-4-947x631.jpg",947,631,true],"page-small":["https:\/\/portal.pi.gov.br\/seres\/wp-content\/uploads\/sites\/87\/2024\/10\/Inauguracao-da-Escola-do-Mar-4-624x416.jpg",624,416,true],"loop-main":["https:\/\/portal.pi.gov.br\/seres\/wp-content\/uploads\/sites\/87\/2024\/10\/Inauguracao-da-Escola-do-Mar-4-365x240.jpg",365,240,true],"thumb-gallery-widget":["https:\/\/portal.pi.gov.br\/seres\/wp-content\/uploads\/sites\/87\/2024\/10\/Inauguracao-da-Escola-do-Mar-4-84x56.jpg",84,56,true]},"post_excerpt_stackable_v2":"<p>O governador Rafael Fonteles inaugurou neste s\u00e1bado (19), Dia do Piau\u00ed, a Escola do Mar, em Lu\u00eds Correia. A escola de tempo integral \u00e9 vocacionada para prover oportunidades para a juventude do munic\u00edpio, principalmente com a operacionaliza\u00e7\u00e3o do Porto Piau\u00ed. A obra da unidade de ensino teve um investimento de R$ 6.870.560,61. Fonteles explicou que a escola \u00e9 de grande representatividade para aspectos econ\u00f4micos e educacionais. &#8220;Este \u00e9 um patrim\u00f4nio do povo do Piau\u00ed, que vai servir a todos os piauienses. E \u00e9 claro que tinha que estar concentrado aqui em Lu\u00eds Correia, que \u00e9 o munic\u00edpio que tem o&hellip;<\/p>\n","category_list_v2":"<a href=\"https:\/\/portal.pi.gov.br\/seres\/category\/noticias\/\" rel=\"category tag\">Not\u00edcias<\/a>","author_info_v2":{"name":"admin","url":"https:\/\/portal.pi.gov.br\/seres\/author\/admin\/"},"comments_num_v2":"0 coment\u00e1rio","jetpack_featured_media_url":"https:\/\/portal.pi.gov.br\/seres\/wp-content\/uploads\/sites\/87\/2024\/10\/Inauguracao-da-Escola-do-Mar-4-scaled.jpg","_links":{"self":[{"href":"https:\/\/portal.pi.gov.br\/seres\/wp-json\/wp\/v2\/posts\/2533"}],"collection":[{"href":"https:\/\/portal.pi.gov.br\/seres\/wp-json\/wp\/v2\/posts"}],"about":[{"href":"https:\/\/portal.pi.gov.br\/seres\/wp-json\/wp\/v2\/types\/post"}],"author":[{"embeddable":true,"href":"https:\/\/portal.pi.gov.br\/seres\/wp-json\/wp\/v2\/users\/1"}],"replies":[{"embeddable":true,"href":"https:\/\/portal.pi.gov.br\/seres\/wp-json\/wp\/v2\/comments?post=2533"}],"version-history":[{"count":1,"href":"https:\/\/portal.pi.gov.br\/seres\/wp-json\/wp\/v2\/posts\/2533\/revisions"}],"predecessor-version":[{"id":2535,"href":"https:\/\/portal.pi.gov.br\/seres\/wp-json\/wp\/v2\/posts\/2533\/revisions\/2535"}],"wp:featuredmedia":[{"embeddable":true,"href":"https:\/\/portal.pi.gov.br\/seres\/wp-json\/wp\/v2\/media\/2534"}],"wp:attachment":[{"href":"https:\/\/portal.pi.gov.br\/seres\/wp-json\/wp\/v2\/media?parent=2533"}],"wp:term":[{"taxonomy":"category","embeddable":true,"href":"https:\/\/portal.pi.gov.br\/seres\/wp-json\/wp\/v2\/categories?post=2533"},{"taxonomy":"post_tag","embeddable":true,"href":"https:\/\/portal.pi.gov.br\/seres\/wp-json\/wp\/v2\/tags?post=2533"}],"curies":[{"name":"wp","href":"https:\/\/api.w.org\/{rel}","templated":true}]}}