{"id":2536,"date":"2024-10-19T09:52:32","date_gmt":"2024-10-19T12:52:32","guid":{"rendered":"https:\/\/portal.pi.gov.br\/seres\/?p=2536"},"modified":"2024-10-21T09:54:39","modified_gmt":"2024-10-21T12:54:39","slug":"secretaria-nubia-lopes-participa-de-solenidades-alusivas-ao-dia-do-piaui-que-encerraram-com-entrega-de-medalhas-a-personalidades-em-teresina","status":"publish","type":"post","link":"https:\/\/portal.pi.gov.br\/seres\/2024\/10\/19\/secretaria-nubia-lopes-participa-de-solenidades-alusivas-ao-dia-do-piaui-que-encerraram-com-entrega-de-medalhas-a-personalidades-em-teresina\/","title":{"rendered":"Secret\u00e1ria N\u00fabia Lopes participa de solenidades alusivas ao Dia do Piau\u00ed que encerraram com entrega de medalhas a personalidades em Teresina"},"content":{"rendered":"\n<p>As solenidades alusivas ao Dia do Piau\u00ed encerraram, na noite deste s\u00e1bado (19), com a Cerim\u00f4nia de Outorga da Ordem Estadual do M\u00e9rito Renascen\u00e7a do Piau\u00ed, no Teatro 4 de Setembro, em Teresina.\u00a0 Ao todo, 27 personalidades foram homenageadas e condecoradas com a medalha pelo governador Rafael Fonteles. Secret\u00e1ria N\u00fabia Lopes participou do evento.<\/p>\n\n\n<div class=\"wp-block-image\">\n<figure class=\"aligncenter size-large is-resized\"><img decoding=\"async\" loading=\"lazy\" src=\"https:\/\/portal.pi.gov.br\/seres\/wp-content\/uploads\/sites\/87\/2024\/10\/WhatsApp-Image-2024-10-19-at-21.13.30-1024x683.jpeg\" alt=\"\" class=\"wp-image-2538\" width=\"570\" height=\"380\" srcset=\"https:\/\/portal.pi.gov.br\/seres\/wp-content\/uploads\/sites\/87\/2024\/10\/WhatsApp-Image-2024-10-19-at-21.13.30-1024x683.jpeg 1024w, https:\/\/portal.pi.gov.br\/seres\/wp-content\/uploads\/sites\/87\/2024\/10\/WhatsApp-Image-2024-10-19-at-21.13.30-300x200.jpeg 300w, https:\/\/portal.pi.gov.br\/seres\/wp-content\/uploads\/sites\/87\/2024\/10\/WhatsApp-Image-2024-10-19-at-21.13.30-768x512.jpeg 768w, https:\/\/portal.pi.gov.br\/seres\/wp-content\/uploads\/sites\/87\/2024\/10\/WhatsApp-Image-2024-10-19-at-21.13.30-420x280.jpeg 420w, https:\/\/portal.pi.gov.br\/seres\/wp-content\/uploads\/sites\/87\/2024\/10\/WhatsApp-Image-2024-10-19-at-21.13.30-540x360.jpeg 540w, https:\/\/portal.pi.gov.br\/seres\/wp-content\/uploads\/sites\/87\/2024\/10\/WhatsApp-Image-2024-10-19-at-21.13.30-780x520.jpeg 780w, https:\/\/portal.pi.gov.br\/seres\/wp-content\/uploads\/sites\/87\/2024\/10\/WhatsApp-Image-2024-10-19-at-21.13.30-1536x1024.jpeg 1536w, https:\/\/portal.pi.gov.br\/seres\/wp-content\/uploads\/sites\/87\/2024\/10\/WhatsApp-Image-2024-10-19-at-21.13.30-2048x1365.jpeg 2048w, https:\/\/portal.pi.gov.br\/seres\/wp-content\/uploads\/sites\/87\/2024\/10\/WhatsApp-Image-2024-10-19-at-21.13.30-947x631.jpeg 947w, https:\/\/portal.pi.gov.br\/seres\/wp-content\/uploads\/sites\/87\/2024\/10\/WhatsApp-Image-2024-10-19-at-21.13.30-624x416.jpeg 624w, https:\/\/portal.pi.gov.br\/seres\/wp-content\/uploads\/sites\/87\/2024\/10\/WhatsApp-Image-2024-10-19-at-21.13.30-84x56.jpeg 84w\" sizes=\"(max-width: 570px) 100vw, 570px\" \/><\/figure><\/div>\n\n\n<p>O governador ressaltou que \u00e9 sempre importante resgatar a hist\u00f3ria. \u201cIsto fortalece nossa autoestima e, ao mesmo tempo, podemos homenagear her\u00f3is e hero\u00ednas do presente que continuam na luta, seja na \u00e1rea pol\u00edtica, na \u00e1rea empresarial, na \u00e1rea social, na \u00e1rea espiritual, para garantir novas independ\u00eancias para o povo do Piau\u00ed. \u00c9 isso que a gente celebra com a Ordem do M\u00e9rito Renascen\u00e7a. Eu estou muito otimista com o nosso estado, vejo cada vez as pessoas amando mais essa terra. As pessoas s\u00e3o mais felizes de viverem aqui e cada vez mais o progresso e a prosperidade chegando atrav\u00e9s da educa\u00e7\u00e3o de tempo integral, da educa\u00e7\u00e3o profissional e t\u00e9cnica e da gera\u00e7\u00e3o de oportunidades\u201d, avalia.<\/p>\n\n\n<div class=\"wp-block-image\">\n<figure class=\"aligncenter is-resized\"><img decoding=\"async\" loading=\"lazy\" src=\"https:\/\/admin.pi.gov.br\/uploads\/221_A6460_1_81b6a70b65.jpg\" alt=\"221A6460 (1).jpg\" width=\"579\" height=\"386\" \/><figcaption class=\"wp-element-caption\">Foto: Regis Falc\u00e3o<\/figcaption><\/figure><\/div>\n\n\n<p>Creusa Ang\u00e9lica Pereira Rodrigues de Castro, que recebeu a comenda de \u201coficial\u201d, \u00e9 uma das homenageadas. Atleta de crossfit com nanismo, ela conquistou o topo do p\u00f3dio na categoria adaptado no maior evento da modalidade do mundo, que aconteceu no Texas, Estados Unidos. \u201c\u00c9 uma honra estar representando o Piau\u00ed. Eu sou da categoria do esporte, uma atleta, eu fui campe\u00e3 mundial. Eu estou muito feliz por estar representando minha cidade, Teresina e o Piau\u00ed, principalmente. Um momento de emo\u00e7\u00e3o\u201d, conta.<\/p>\n\n\n<div class=\"wp-block-image\">\n<figure class=\"aligncenter size-large is-resized\"><img decoding=\"async\" loading=\"lazy\" src=\"https:\/\/portal.pi.gov.br\/seres\/wp-content\/uploads\/sites\/87\/2024\/10\/WhatsApp-Image-2024-10-19-at-21.13.29-1024x683.jpeg\" alt=\"\" class=\"wp-image-2537\" width=\"587\" height=\"391\" srcset=\"https:\/\/portal.pi.gov.br\/seres\/wp-content\/uploads\/sites\/87\/2024\/10\/WhatsApp-Image-2024-10-19-at-21.13.29-1024x683.jpeg 1024w, https:\/\/portal.pi.gov.br\/seres\/wp-content\/uploads\/sites\/87\/2024\/10\/WhatsApp-Image-2024-10-19-at-21.13.29-300x200.jpeg 300w, https:\/\/portal.pi.gov.br\/seres\/wp-content\/uploads\/sites\/87\/2024\/10\/WhatsApp-Image-2024-10-19-at-21.13.29-768x512.jpeg 768w, https:\/\/portal.pi.gov.br\/seres\/wp-content\/uploads\/sites\/87\/2024\/10\/WhatsApp-Image-2024-10-19-at-21.13.29-420x280.jpeg 420w, https:\/\/portal.pi.gov.br\/seres\/wp-content\/uploads\/sites\/87\/2024\/10\/WhatsApp-Image-2024-10-19-at-21.13.29-540x360.jpeg 540w, https:\/\/portal.pi.gov.br\/seres\/wp-content\/uploads\/sites\/87\/2024\/10\/WhatsApp-Image-2024-10-19-at-21.13.29-780x520.jpeg 780w, https:\/\/portal.pi.gov.br\/seres\/wp-content\/uploads\/sites\/87\/2024\/10\/WhatsApp-Image-2024-10-19-at-21.13.29-1536x1024.jpeg 1536w, https:\/\/portal.pi.gov.br\/seres\/wp-content\/uploads\/sites\/87\/2024\/10\/WhatsApp-Image-2024-10-19-at-21.13.29-2048x1365.jpeg 2048w, https:\/\/portal.pi.gov.br\/seres\/wp-content\/uploads\/sites\/87\/2024\/10\/WhatsApp-Image-2024-10-19-at-21.13.29-947x631.jpeg 947w, https:\/\/portal.pi.gov.br\/seres\/wp-content\/uploads\/sites\/87\/2024\/10\/WhatsApp-Image-2024-10-19-at-21.13.29-624x416.jpeg 624w, https:\/\/portal.pi.gov.br\/seres\/wp-content\/uploads\/sites\/87\/2024\/10\/WhatsApp-Image-2024-10-19-at-21.13.29-84x56.jpeg 84w\" sizes=\"(max-width: 587px) 100vw, 587px\" \/><\/figure><\/div>\n\n\n<p>Washington Bandeira, secret\u00e1rio de Estado da Educa\u00e7\u00e3o, tamb\u00e9m foi um dos homenageados e discursou em nome dos demais agraciados com a medalha. \u201cPara n\u00f3s, \u00e9 uma grande honra receber esta homenagem. \u00c9 fruto do trabalho que temos feito, com esse choque educacional que estamos provocando. Nosso governador ser\u00e1 lembrado na hist\u00f3ria como uma personalidade \u00fanica que prioriza o crescimento do povo piauiense e sabe que isso se faz por meio da educa\u00e7\u00e3o. Viva a educa\u00e7\u00e3o do Piau\u00ed, via o Piau\u00ed\u201d, acrescenta o gestor.<\/p>\n\n\n\n<p><strong>Comemora\u00e7\u00f5es do Dia do Piau\u00ed<\/strong><\/p>\n\n\n\n<p>A programa\u00e7\u00e3o do Dia do Piau\u00ed teve in\u00edcio na \u00faltima quarta-feira (16) com culto em A\u00e7\u00e3o de Gra\u00e7as em Teresina, prosseguindo na sexta-feira (18), j\u00e1 em Parna\u00edba, com a Cerim\u00f4nia de Outorga da Ordem Estadual do M\u00e9rito Renascen\u00e7a do Piau\u00ed, na qual 27 pessoas tamb\u00e9m foram homenageadas.<\/p>\n\n\n<div class=\"wp-block-image\">\n<figure class=\"aligncenter size-large is-resized\"><img decoding=\"async\" loading=\"lazy\" src=\"https:\/\/portal.pi.gov.br\/seres\/wp-content\/uploads\/sites\/87\/2024\/10\/WhatsApp-Image-2024-10-16-at-21.01.56-1024x768.jpeg\" alt=\"\" class=\"wp-image-2543\" width=\"588\" height=\"441\" srcset=\"https:\/\/portal.pi.gov.br\/seres\/wp-content\/uploads\/sites\/87\/2024\/10\/WhatsApp-Image-2024-10-16-at-21.01.56-1024x768.jpeg 1024w, https:\/\/portal.pi.gov.br\/seres\/wp-content\/uploads\/sites\/87\/2024\/10\/WhatsApp-Image-2024-10-16-at-21.01.56-300x225.jpeg 300w, https:\/\/portal.pi.gov.br\/seres\/wp-content\/uploads\/sites\/87\/2024\/10\/WhatsApp-Image-2024-10-16-at-21.01.56-768x576.jpeg 768w, https:\/\/portal.pi.gov.br\/seres\/wp-content\/uploads\/sites\/87\/2024\/10\/WhatsApp-Image-2024-10-16-at-21.01.56-420x315.jpeg 420w, https:\/\/portal.pi.gov.br\/seres\/wp-content\/uploads\/sites\/87\/2024\/10\/WhatsApp-Image-2024-10-16-at-21.01.56-540x405.jpeg 540w, https:\/\/portal.pi.gov.br\/seres\/wp-content\/uploads\/sites\/87\/2024\/10\/WhatsApp-Image-2024-10-16-at-21.01.56-780x585.jpeg 780w, https:\/\/portal.pi.gov.br\/seres\/wp-content\/uploads\/sites\/87\/2024\/10\/WhatsApp-Image-2024-10-16-at-21.01.56-1536x1152.jpeg 1536w, https:\/\/portal.pi.gov.br\/seres\/wp-content\/uploads\/sites\/87\/2024\/10\/WhatsApp-Image-2024-10-16-at-21.01.56-2048x1536.jpeg 2048w, https:\/\/portal.pi.gov.br\/seres\/wp-content\/uploads\/sites\/87\/2024\/10\/WhatsApp-Image-2024-10-16-at-21.01.56-947x710.jpeg 947w, https:\/\/portal.pi.gov.br\/seres\/wp-content\/uploads\/sites\/87\/2024\/10\/WhatsApp-Image-2024-10-16-at-21.01.56-624x468.jpeg 624w\" sizes=\"(max-width: 588px) 100vw, 588px\" \/><\/figure><\/div>\n\n<div class=\"wp-block-image\">\n<figure class=\"aligncenter size-large is-resized\"><img decoding=\"async\" loading=\"lazy\" src=\"https:\/\/portal.pi.gov.br\/seres\/wp-content\/uploads\/sites\/87\/2024\/10\/WhatsApp-Image-2024-10-18-at-22.17.57-1024x768.jpeg\" alt=\"\" class=\"wp-image-2547\" width=\"589\" height=\"442\" srcset=\"https:\/\/portal.pi.gov.br\/seres\/wp-content\/uploads\/sites\/87\/2024\/10\/WhatsApp-Image-2024-10-18-at-22.17.57-1024x768.jpeg 1024w, https:\/\/portal.pi.gov.br\/seres\/wp-content\/uploads\/sites\/87\/2024\/10\/WhatsApp-Image-2024-10-18-at-22.17.57-300x225.jpeg 300w, https:\/\/portal.pi.gov.br\/seres\/wp-content\/uploads\/sites\/87\/2024\/10\/WhatsApp-Image-2024-10-18-at-22.17.57-768x576.jpeg 768w, https:\/\/portal.pi.gov.br\/seres\/wp-content\/uploads\/sites\/87\/2024\/10\/WhatsApp-Image-2024-10-18-at-22.17.57-420x315.jpeg 420w, https:\/\/portal.pi.gov.br\/seres\/wp-content\/uploads\/sites\/87\/2024\/10\/WhatsApp-Image-2024-10-18-at-22.17.57-540x405.jpeg 540w, https:\/\/portal.pi.gov.br\/seres\/wp-content\/uploads\/sites\/87\/2024\/10\/WhatsApp-Image-2024-10-18-at-22.17.57-780x585.jpeg 780w, https:\/\/portal.pi.gov.br\/seres\/wp-content\/uploads\/sites\/87\/2024\/10\/WhatsApp-Image-2024-10-18-at-22.17.57-1536x1152.jpeg 1536w, https:\/\/portal.pi.gov.br\/seres\/wp-content\/uploads\/sites\/87\/2024\/10\/WhatsApp-Image-2024-10-18-at-22.17.57-947x710.jpeg 947w, https:\/\/portal.pi.gov.br\/seres\/wp-content\/uploads\/sites\/87\/2024\/10\/WhatsApp-Image-2024-10-18-at-22.17.57-624x468.jpeg 624w, https:\/\/portal.pi.gov.br\/seres\/wp-content\/uploads\/sites\/87\/2024\/10\/WhatsApp-Image-2024-10-18-at-22.17.57.jpeg 1600w\" sizes=\"(max-width: 589px) 100vw, 589px\" \/><\/figure><\/div>\n\n\n<p>Neste s\u00e1bado (19), diversas atividades fizeram parte da programa\u00e7\u00e3o. Em Parna\u00edba, a aposi\u00e7\u00e3o de Corbelha de Flores no Monumento da Independ\u00eancia e hasteamento das bandeiras, al\u00e9m do \u201cTe Deum Laudamus\u201d em A\u00e7\u00e3o de Gra\u00e7as e a inaugura\u00e7\u00e3o da Escola do Mar. J\u00e1 em Teresina, a programa\u00e7\u00e3o teve fim com uma missa em A\u00e7\u00e3o de Gra\u00e7as e a Cerim\u00f4nia de Outorga da Ordem Estadual do M\u00e9rito Renascen\u00e7a.<\/p>\n\n\n<div class=\"wp-block-image\">\n<figure class=\"aligncenter size-large is-resized\"><img decoding=\"async\" loading=\"lazy\" src=\"https:\/\/portal.pi.gov.br\/seres\/wp-content\/uploads\/sites\/87\/2024\/10\/WhatsApp-Image-2024-10-19-at-15.21.28-1024x768.jpeg\" alt=\"\" class=\"wp-image-2544\" width=\"595\" height=\"446\" srcset=\"https:\/\/portal.pi.gov.br\/seres\/wp-content\/uploads\/sites\/87\/2024\/10\/WhatsApp-Image-2024-10-19-at-15.21.28-1024x768.jpeg 1024w, https:\/\/portal.pi.gov.br\/seres\/wp-content\/uploads\/sites\/87\/2024\/10\/WhatsApp-Image-2024-10-19-at-15.21.28-300x225.jpeg 300w, https:\/\/portal.pi.gov.br\/seres\/wp-content\/uploads\/sites\/87\/2024\/10\/WhatsApp-Image-2024-10-19-at-15.21.28-768x576.jpeg 768w, https:\/\/portal.pi.gov.br\/seres\/wp-content\/uploads\/sites\/87\/2024\/10\/WhatsApp-Image-2024-10-19-at-15.21.28-420x315.jpeg 420w, https:\/\/portal.pi.gov.br\/seres\/wp-content\/uploads\/sites\/87\/2024\/10\/WhatsApp-Image-2024-10-19-at-15.21.28-540x405.jpeg 540w, https:\/\/portal.pi.gov.br\/seres\/wp-content\/uploads\/sites\/87\/2024\/10\/WhatsApp-Image-2024-10-19-at-15.21.28-780x585.jpeg 780w, https:\/\/portal.pi.gov.br\/seres\/wp-content\/uploads\/sites\/87\/2024\/10\/WhatsApp-Image-2024-10-19-at-15.21.28-1536x1152.jpeg 1536w, https:\/\/portal.pi.gov.br\/seres\/wp-content\/uploads\/sites\/87\/2024\/10\/WhatsApp-Image-2024-10-19-at-15.21.28-947x710.jpeg 947w, https:\/\/portal.pi.gov.br\/seres\/wp-content\/uploads\/sites\/87\/2024\/10\/WhatsApp-Image-2024-10-19-at-15.21.28-624x468.jpeg 624w, https:\/\/portal.pi.gov.br\/seres\/wp-content\/uploads\/sites\/87\/2024\/10\/WhatsApp-Image-2024-10-19-at-15.21.28.jpeg 1600w\" sizes=\"(max-width: 595px) 100vw, 595px\" \/><\/figure><\/div>\n\n<div class=\"wp-block-image\">\n<figure class=\"aligncenter size-large is-resized\"><img decoding=\"async\" loading=\"lazy\" src=\"https:\/\/portal.pi.gov.br\/seres\/wp-content\/uploads\/sites\/87\/2024\/10\/WhatsApp-Image-2024-10-19-at-15.21.25-1024x768.jpeg\" alt=\"\" class=\"wp-image-2545\" width=\"602\" height=\"452\" srcset=\"https:\/\/portal.pi.gov.br\/seres\/wp-content\/uploads\/sites\/87\/2024\/10\/WhatsApp-Image-2024-10-19-at-15.21.25-1024x768.jpeg 1024w, https:\/\/portal.pi.gov.br\/seres\/wp-content\/uploads\/sites\/87\/2024\/10\/WhatsApp-Image-2024-10-19-at-15.21.25-300x225.jpeg 300w, https:\/\/portal.pi.gov.br\/seres\/wp-content\/uploads\/sites\/87\/2024\/10\/WhatsApp-Image-2024-10-19-at-15.21.25-768x576.jpeg 768w, https:\/\/portal.pi.gov.br\/seres\/wp-content\/uploads\/sites\/87\/2024\/10\/WhatsApp-Image-2024-10-19-at-15.21.25-420x315.jpeg 420w, https:\/\/portal.pi.gov.br\/seres\/wp-content\/uploads\/sites\/87\/2024\/10\/WhatsApp-Image-2024-10-19-at-15.21.25-540x405.jpeg 540w, https:\/\/portal.pi.gov.br\/seres\/wp-content\/uploads\/sites\/87\/2024\/10\/WhatsApp-Image-2024-10-19-at-15.21.25-780x585.jpeg 780w, https:\/\/portal.pi.gov.br\/seres\/wp-content\/uploads\/sites\/87\/2024\/10\/WhatsApp-Image-2024-10-19-at-15.21.25-1536x1152.jpeg 1536w, https:\/\/portal.pi.gov.br\/seres\/wp-content\/uploads\/sites\/87\/2024\/10\/WhatsApp-Image-2024-10-19-at-15.21.25-947x710.jpeg 947w, https:\/\/portal.pi.gov.br\/seres\/wp-content\/uploads\/sites\/87\/2024\/10\/WhatsApp-Image-2024-10-19-at-15.21.25-624x468.jpeg 624w, https:\/\/portal.pi.gov.br\/seres\/wp-content\/uploads\/sites\/87\/2024\/10\/WhatsApp-Image-2024-10-19-at-15.21.25.jpeg 1600w\" sizes=\"(max-width: 602px) 100vw, 602px\" \/><\/figure><\/div>\n\n<div class=\"wp-block-image\">\n<figure class=\"aligncenter size-large is-resized\"><img decoding=\"async\" loading=\"lazy\" src=\"https:\/\/portal.pi.gov.br\/seres\/wp-content\/uploads\/sites\/87\/2024\/10\/WhatsApp-Image-2024-10-19-at-15.21.20-1024x768.jpeg\" alt=\"\" class=\"wp-image-2546\" width=\"607\" height=\"455\" srcset=\"https:\/\/portal.pi.gov.br\/seres\/wp-content\/uploads\/sites\/87\/2024\/10\/WhatsApp-Image-2024-10-19-at-15.21.20-1024x768.jpeg 1024w, https:\/\/portal.pi.gov.br\/seres\/wp-content\/uploads\/sites\/87\/2024\/10\/WhatsApp-Image-2024-10-19-at-15.21.20-300x225.jpeg 300w, https:\/\/portal.pi.gov.br\/seres\/wp-content\/uploads\/sites\/87\/2024\/10\/WhatsApp-Image-2024-10-19-at-15.21.20-768x576.jpeg 768w, https:\/\/portal.pi.gov.br\/seres\/wp-content\/uploads\/sites\/87\/2024\/10\/WhatsApp-Image-2024-10-19-at-15.21.20-420x315.jpeg 420w, https:\/\/portal.pi.gov.br\/seres\/wp-content\/uploads\/sites\/87\/2024\/10\/WhatsApp-Image-2024-10-19-at-15.21.20-540x405.jpeg 540w, https:\/\/portal.pi.gov.br\/seres\/wp-content\/uploads\/sites\/87\/2024\/10\/WhatsApp-Image-2024-10-19-at-15.21.20-780x585.jpeg 780w, https:\/\/portal.pi.gov.br\/seres\/wp-content\/uploads\/sites\/87\/2024\/10\/WhatsApp-Image-2024-10-19-at-15.21.20-1536x1152.jpeg 1536w, https:\/\/portal.pi.gov.br\/seres\/wp-content\/uploads\/sites\/87\/2024\/10\/WhatsApp-Image-2024-10-19-at-15.21.20-947x710.jpeg 947w, https:\/\/portal.pi.gov.br\/seres\/wp-content\/uploads\/sites\/87\/2024\/10\/WhatsApp-Image-2024-10-19-at-15.21.20-624x468.jpeg 624w, https:\/\/portal.pi.gov.br\/seres\/wp-content\/uploads\/sites\/87\/2024\/10\/WhatsApp-Image-2024-10-19-at-15.21.20.jpeg 1600w\" sizes=\"(max-width: 607px) 100vw, 607px\" \/><\/figure><\/div>\n\n<div class=\"wp-block-image\">\n<figure class=\"aligncenter size-large is-resized\"><img decoding=\"async\" loading=\"lazy\" src=\"https:\/\/portal.pi.gov.br\/seres\/wp-content\/uploads\/sites\/87\/2024\/10\/WhatsApp-Image-2024-10-19-at-18.29.51-1024x683.jpeg\" alt=\"\" class=\"wp-image-2541\" width=\"612\" height=\"408\" srcset=\"https:\/\/portal.pi.gov.br\/seres\/wp-content\/uploads\/sites\/87\/2024\/10\/WhatsApp-Image-2024-10-19-at-18.29.51-1024x683.jpeg 1024w, https:\/\/portal.pi.gov.br\/seres\/wp-content\/uploads\/sites\/87\/2024\/10\/WhatsApp-Image-2024-10-19-at-18.29.51-300x200.jpeg 300w, https:\/\/portal.pi.gov.br\/seres\/wp-content\/uploads\/sites\/87\/2024\/10\/WhatsApp-Image-2024-10-19-at-18.29.51-768x512.jpeg 768w, https:\/\/portal.pi.gov.br\/seres\/wp-content\/uploads\/sites\/87\/2024\/10\/WhatsApp-Image-2024-10-19-at-18.29.51-420x280.jpeg 420w, https:\/\/portal.pi.gov.br\/seres\/wp-content\/uploads\/sites\/87\/2024\/10\/WhatsApp-Image-2024-10-19-at-18.29.51-540x360.jpeg 540w, https:\/\/portal.pi.gov.br\/seres\/wp-content\/uploads\/sites\/87\/2024\/10\/WhatsApp-Image-2024-10-19-at-18.29.51-780x520.jpeg 780w, https:\/\/portal.pi.gov.br\/seres\/wp-content\/uploads\/sites\/87\/2024\/10\/WhatsApp-Image-2024-10-19-at-18.29.51-1536x1024.jpeg 1536w, https:\/\/portal.pi.gov.br\/seres\/wp-content\/uploads\/sites\/87\/2024\/10\/WhatsApp-Image-2024-10-19-at-18.29.51-947x631.jpeg 947w, https:\/\/portal.pi.gov.br\/seres\/wp-content\/uploads\/sites\/87\/2024\/10\/WhatsApp-Image-2024-10-19-at-18.29.51-624x416.jpeg 624w, https:\/\/portal.pi.gov.br\/seres\/wp-content\/uploads\/sites\/87\/2024\/10\/WhatsApp-Image-2024-10-19-at-18.29.51-84x56.jpeg 84w, https:\/\/portal.pi.gov.br\/seres\/wp-content\/uploads\/sites\/87\/2024\/10\/WhatsApp-Image-2024-10-19-at-18.29.51.jpeg 1599w\" sizes=\"(max-width: 612px) 100vw, 612px\" \/><\/figure><\/div>","protected":false},"excerpt":{"rendered":"<p>As solenidades alusivas ao Dia do Piau\u00ed encerraram, na noite deste s\u00e1bado (19), com a Cerim\u00f4nia de Outorga da Ordem Estadual do M\u00e9rito Renascen\u00e7a do Piau\u00ed, no Teatro 4 de [&hellip;]<\/p>\n","protected":false},"author":1,"featured_media":2539,"comment_status":"closed","ping_status":"closed","sticky":false,"template":"","format":"standard","meta":[],"categories":[34],"tags":[55,47,41],"featured_image_urls":{"full":["https:\/\/portal.pi.gov.br\/seres\/wp-content\/uploads\/sites\/87\/2024\/10\/WhatsApp-Image-2024-10-19-at-18.41.06-scaled.jpeg",2560,1706,false],"thumbnail":["https:\/\/portal.pi.gov.br\/seres\/wp-content\/uploads\/sites\/87\/2024\/10\/WhatsApp-Image-2024-10-19-at-18.41.06-150x150.jpeg",150,150,true],"medium":["https:\/\/portal.pi.gov.br\/seres\/wp-content\/uploads\/sites\/87\/2024\/10\/WhatsApp-Image-2024-10-19-at-18.41.06-300x200.jpeg",300,200,true],"medium_large":["https:\/\/portal.pi.gov.br\/seres\/wp-content\/uploads\/sites\/87\/2024\/10\/WhatsApp-Image-2024-10-19-at-18.41.06-768x512.jpeg",768,512,true],"large":["https:\/\/portal.pi.gov.br\/seres\/wp-content\/uploads\/sites\/87\/2024\/10\/WhatsApp-Image-2024-10-19-at-18.41.06-1024x683.jpeg",887,592,true],"sgg-420":["https:\/\/portal.pi.gov.br\/seres\/wp-content\/uploads\/sites\/87\/2024\/10\/WhatsApp-Image-2024-10-19-at-18.41.06-420x280.jpeg",420,280,true],"sgg-540":["https:\/\/portal.pi.gov.br\/seres\/wp-content\/uploads\/sites\/87\/2024\/10\/WhatsApp-Image-2024-10-19-at-18.41.06-540x360.jpeg",540,360,true],"sgg-780":["https:\/\/portal.pi.gov.br\/seres\/wp-content\/uploads\/sites\/87\/2024\/10\/WhatsApp-Image-2024-10-19-at-18.41.06-780x520.jpeg",780,520,true],"1536x1536":["https:\/\/portal.pi.gov.br\/seres\/wp-content\/uploads\/sites\/87\/2024\/10\/WhatsApp-Image-2024-10-19-at-18.41.06-1536x1024.jpeg",1536,1024,true],"2048x2048":["https:\/\/portal.pi.gov.br\/seres\/wp-content\/uploads\/sites\/87\/2024\/10\/WhatsApp-Image-2024-10-19-at-18.41.06-2048x1365.jpeg",2048,1365,true],"homepage-slider":["https:\/\/portal.pi.gov.br\/seres\/wp-content\/uploads\/sites\/87\/2024\/10\/WhatsApp-Image-2024-10-19-at-18.41.06-1270x500.jpeg",1270,500,true],"homepage-slider-small":["https:\/\/portal.pi.gov.br\/seres\/wp-content\/uploads\/sites\/87\/2024\/10\/WhatsApp-Image-2024-10-19-at-18.41.06-947x500.jpeg",947,500,true],"page-top":["https:\/\/portal.pi.gov.br\/seres\/wp-content\/uploads\/sites\/87\/2024\/10\/WhatsApp-Image-2024-10-19-at-18.41.06-947x631.jpeg",947,631,true],"page-small":["https:\/\/portal.pi.gov.br\/seres\/wp-content\/uploads\/sites\/87\/2024\/10\/WhatsApp-Image-2024-10-19-at-18.41.06-624x416.jpeg",624,416,true],"loop-main":["https:\/\/portal.pi.gov.br\/seres\/wp-content\/uploads\/sites\/87\/2024\/10\/WhatsApp-Image-2024-10-19-at-18.41.06-365x240.jpeg",365,240,true],"thumb-gallery-widget":["https:\/\/portal.pi.gov.br\/seres\/wp-content\/uploads\/sites\/87\/2024\/10\/WhatsApp-Image-2024-10-19-at-18.41.06-84x56.jpeg",84,56,true]},"post_excerpt_stackable":"<p>As solenidades alusivas ao Dia do Piau\u00ed encerraram, na noite deste s\u00e1bado (19), com a Cerim\u00f4nia de Outorga da Ordem Estadual do M\u00e9rito Renascen\u00e7a do Piau\u00ed, no Teatro 4 de Setembro, em Teresina.\u00a0 Ao todo, 27 personalidades foram homenageadas e condecoradas com a medalha pelo governador Rafael Fonteles. Secret\u00e1ria N\u00fabia Lopes participou do evento. O governador ressaltou que \u00e9 sempre importante resgatar a hist\u00f3ria. \u201cIsto fortalece nossa autoestima e, ao mesmo tempo, podemos homenagear her\u00f3is e hero\u00ednas do presente que continuam na luta, seja na \u00e1rea pol\u00edtica, na \u00e1rea empresarial, na \u00e1rea social, na \u00e1rea espiritual, para garantir novas independ\u00eancias&hellip;<\/p>\n","category_list":"<a href=\"https:\/\/portal.pi.gov.br\/seres\/category\/noticias\/\" rel=\"category tag\">Not\u00edcias<\/a>","author_info":{"name":"admin","url":"https:\/\/portal.pi.gov.br\/seres\/author\/admin\/"},"comments_num":"0 coment\u00e1rio","featured_image_urls_v2":{"full":["https:\/\/portal.pi.gov.br\/seres\/wp-content\/uploads\/sites\/87\/2024\/10\/WhatsApp-Image-2024-10-19-at-18.41.06-scaled.jpeg",2560,1706,false],"thumbnail":["https:\/\/portal.pi.gov.br\/seres\/wp-content\/uploads\/sites\/87\/2024\/10\/WhatsApp-Image-2024-10-19-at-18.41.06-150x150.jpeg",150,150,true],"medium":["https:\/\/portal.pi.gov.br\/seres\/wp-content\/uploads\/sites\/87\/2024\/10\/WhatsApp-Image-2024-10-19-at-18.41.06-300x200.jpeg",300,200,true],"medium_large":["https:\/\/portal.pi.gov.br\/seres\/wp-content\/uploads\/sites\/87\/2024\/10\/WhatsApp-Image-2024-10-19-at-18.41.06-768x512.jpeg",768,512,true],"large":["https:\/\/portal.pi.gov.br\/seres\/wp-content\/uploads\/sites\/87\/2024\/10\/WhatsApp-Image-2024-10-19-at-18.41.06-1024x683.jpeg",887,592,true],"sgg-420":["https:\/\/portal.pi.gov.br\/seres\/wp-content\/uploads\/sites\/87\/2024\/10\/WhatsApp-Image-2024-10-19-at-18.41.06-420x280.jpeg",420,280,true],"sgg-540":["https:\/\/portal.pi.gov.br\/seres\/wp-content\/uploads\/sites\/87\/2024\/10\/WhatsApp-Image-2024-10-19-at-18.41.06-540x360.jpeg",540,360,true],"sgg-780":["https:\/\/portal.pi.gov.br\/seres\/wp-content\/uploads\/sites\/87\/2024\/10\/WhatsApp-Image-2024-10-19-at-18.41.06-780x520.jpeg",780,520,true],"1536x1536":["https:\/\/portal.pi.gov.br\/seres\/wp-content\/uploads\/sites\/87\/2024\/10\/WhatsApp-Image-2024-10-19-at-18.41.06-1536x1024.jpeg",1536,1024,true],"2048x2048":["https:\/\/portal.pi.gov.br\/seres\/wp-content\/uploads\/sites\/87\/2024\/10\/WhatsApp-Image-2024-10-19-at-18.41.06-2048x1365.jpeg",2048,1365,true],"homepage-slider":["https:\/\/portal.pi.gov.br\/seres\/wp-content\/uploads\/sites\/87\/2024\/10\/WhatsApp-Image-2024-10-19-at-18.41.06-1270x500.jpeg",1270,500,true],"homepage-slider-small":["https:\/\/portal.pi.gov.br\/seres\/wp-content\/uploads\/sites\/87\/2024\/10\/WhatsApp-Image-2024-10-19-at-18.41.06-947x500.jpeg",947,500,true],"page-top":["https:\/\/portal.pi.gov.br\/seres\/wp-content\/uploads\/sites\/87\/2024\/10\/WhatsApp-Image-2024-10-19-at-18.41.06-947x631.jpeg",947,631,true],"page-small":["https:\/\/portal.pi.gov.br\/seres\/wp-content\/uploads\/sites\/87\/2024\/10\/WhatsApp-Image-2024-10-19-at-18.41.06-624x416.jpeg",624,416,true],"loop-main":["https:\/\/portal.pi.gov.br\/seres\/wp-content\/uploads\/sites\/87\/2024\/10\/WhatsApp-Image-2024-10-19-at-18.41.06-365x240.jpeg",365,240,true],"thumb-gallery-widget":["https:\/\/portal.pi.gov.br\/seres\/wp-content\/uploads\/sites\/87\/2024\/10\/WhatsApp-Image-2024-10-19-at-18.41.06-84x56.jpeg",84,56,true]},"post_excerpt_stackable_v2":"<p>As solenidades alusivas ao Dia do Piau\u00ed encerraram, na noite deste s\u00e1bado (19), com a Cerim\u00f4nia de Outorga da Ordem Estadual do M\u00e9rito Renascen\u00e7a do Piau\u00ed, no Teatro 4 de Setembro, em Teresina.\u00a0 Ao todo, 27 personalidades foram homenageadas e condecoradas com a medalha pelo governador Rafael Fonteles. Secret\u00e1ria N\u00fabia Lopes participou do evento. O governador ressaltou que \u00e9 sempre importante resgatar a hist\u00f3ria. \u201cIsto fortalece nossa autoestima e, ao mesmo tempo, podemos homenagear her\u00f3is e hero\u00ednas do presente que continuam na luta, seja na \u00e1rea pol\u00edtica, na \u00e1rea empresarial, na \u00e1rea social, na \u00e1rea espiritual, para garantir novas independ\u00eancias&hellip;<\/p>\n","category_list_v2":"<a href=\"https:\/\/portal.pi.gov.br\/seres\/category\/noticias\/\" rel=\"category tag\">Not\u00edcias<\/a>","author_info_v2":{"name":"admin","url":"https:\/\/portal.pi.gov.br\/seres\/author\/admin\/"},"comments_num_v2":"0 coment\u00e1rio","jetpack_featured_media_url":"https:\/\/portal.pi.gov.br\/seres\/wp-content\/uploads\/sites\/87\/2024\/10\/WhatsApp-Image-2024-10-19-at-18.41.06-scaled.jpeg","_links":{"self":[{"href":"https:\/\/portal.pi.gov.br\/seres\/wp-json\/wp\/v2\/posts\/2536"}],"collection":[{"href":"https:\/\/portal.pi.gov.br\/seres\/wp-json\/wp\/v2\/posts"}],"about":[{"href":"https:\/\/portal.pi.gov.br\/seres\/wp-json\/wp\/v2\/types\/post"}],"author":[{"embeddable":true,"href":"https:\/\/portal.pi.gov.br\/seres\/wp-json\/wp\/v2\/users\/1"}],"replies":[{"embeddable":true,"href":"https:\/\/portal.pi.gov.br\/seres\/wp-json\/wp\/v2\/comments?post=2536"}],"version-history":[{"count":2,"href":"https:\/\/portal.pi.gov.br\/seres\/wp-json\/wp\/v2\/posts\/2536\/revisions"}],"predecessor-version":[{"id":2550,"href":"https:\/\/portal.pi.gov.br\/seres\/wp-json\/wp\/v2\/posts\/2536\/revisions\/2550"}],"wp:featuredmedia":[{"embeddable":true,"href":"https:\/\/portal.pi.gov.br\/seres\/wp-json\/wp\/v2\/media\/2539"}],"wp:attachment":[{"href":"https:\/\/portal.pi.gov.br\/seres\/wp-json\/wp\/v2\/media?parent=2536"}],"wp:term":[{"taxonomy":"category","embeddable":true,"href":"https:\/\/portal.pi.gov.br\/seres\/wp-json\/wp\/v2\/categories?post=2536"},{"taxonomy":"post_tag","embeddable":true,"href":"https:\/\/portal.pi.gov.br\/seres\/wp-json\/wp\/v2\/tags?post=2536"}],"curies":[{"name":"wp","href":"https:\/\/api.w.org\/{rel}","templated":true}]}}