{"id":2551,"date":"2024-10-24T10:35:25","date_gmt":"2024-10-24T13:35:25","guid":{"rendered":"https:\/\/portal.pi.gov.br\/seres\/?p=2551"},"modified":"2024-10-24T10:42:44","modified_gmt":"2024-10-24T13:42:44","slug":"18a-semana-do-servidor-comeca-nesta-quinta-feira-24","status":"publish","type":"post","link":"https:\/\/portal.pi.gov.br\/seres\/2024\/10\/24\/18a-semana-do-servidor-comeca-nesta-quinta-feira-24\/","title":{"rendered":"18\u00aa Semana do Servidor come\u00e7a nesta quinta-feira (24)"},"content":{"rendered":"\n<p>A secret\u00e1ria, N\u00fabia Lopes, prestigiou a solenidade de abertura da 18\u00aa Semana do Servidor nesta quinta-feira (24), no estacionamento da Secretaria da Administra\u00e7\u00e3o (Sead). Este ano o tema \u00e9 \u201cJuntos movendo o Piau\u00ed para o Futuro\u201d. O evento segue at\u00e9 s\u00e1bado (26), com a realiza\u00e7\u00e3o da 2\u00aa Corrida do Servidor.&nbsp;<\/p>\n\n\n<div class=\"wp-block-image\">\n<figure class=\"aligncenter size-large is-resized\"><img decoding=\"async\" loading=\"lazy\" src=\"https:\/\/portal.pi.gov.br\/seres\/wp-content\/uploads\/sites\/87\/2024\/10\/WhatsApp-Image-2024-10-24-at-10.28.13-1-1024x683.jpeg\" alt=\"\" class=\"wp-image-2552\" width=\"490\" height=\"327\" srcset=\"https:\/\/portal.pi.gov.br\/seres\/wp-content\/uploads\/sites\/87\/2024\/10\/WhatsApp-Image-2024-10-24-at-10.28.13-1-1024x683.jpeg 1024w, https:\/\/portal.pi.gov.br\/seres\/wp-content\/uploads\/sites\/87\/2024\/10\/WhatsApp-Image-2024-10-24-at-10.28.13-1-300x200.jpeg 300w, https:\/\/portal.pi.gov.br\/seres\/wp-content\/uploads\/sites\/87\/2024\/10\/WhatsApp-Image-2024-10-24-at-10.28.13-1-768x512.jpeg 768w, https:\/\/portal.pi.gov.br\/seres\/wp-content\/uploads\/sites\/87\/2024\/10\/WhatsApp-Image-2024-10-24-at-10.28.13-1-420x280.jpeg 420w, https:\/\/portal.pi.gov.br\/seres\/wp-content\/uploads\/sites\/87\/2024\/10\/WhatsApp-Image-2024-10-24-at-10.28.13-1-540x360.jpeg 540w, https:\/\/portal.pi.gov.br\/seres\/wp-content\/uploads\/sites\/87\/2024\/10\/WhatsApp-Image-2024-10-24-at-10.28.13-1-780x520.jpeg 780w, https:\/\/portal.pi.gov.br\/seres\/wp-content\/uploads\/sites\/87\/2024\/10\/WhatsApp-Image-2024-10-24-at-10.28.13-1-1536x1024.jpeg 1536w, https:\/\/portal.pi.gov.br\/seres\/wp-content\/uploads\/sites\/87\/2024\/10\/WhatsApp-Image-2024-10-24-at-10.28.13-1-2048x1365.jpeg 2048w, https:\/\/portal.pi.gov.br\/seres\/wp-content\/uploads\/sites\/87\/2024\/10\/WhatsApp-Image-2024-10-24-at-10.28.13-1-947x631.jpeg 947w, https:\/\/portal.pi.gov.br\/seres\/wp-content\/uploads\/sites\/87\/2024\/10\/WhatsApp-Image-2024-10-24-at-10.28.13-1-624x416.jpeg 624w, https:\/\/portal.pi.gov.br\/seres\/wp-content\/uploads\/sites\/87\/2024\/10\/WhatsApp-Image-2024-10-24-at-10.28.13-1-84x56.jpeg 84w\" sizes=\"(max-width: 490px) 100vw, 490px\" \/><\/figure><\/div>\n\n\n<p>A programa\u00e7\u00e3o inclui apresenta\u00e7\u00f5es musicais, show de calouros, feira de servidores, atendimentos de sa\u00fade e bem-estar, al\u00e9m de sorteio de brindes. O evento \u00e9 uma iniciativa do Governo do Estado, por meio da Sead, como uma celebra\u00e7\u00e3o alusiva ao Dia do Servidor P\u00fablico, comemorado em 28 de outubro.&nbsp;<\/p>\n\n\n<div class=\"wp-block-image\">\n<figure class=\"aligncenter size-large is-resized\"><img decoding=\"async\" loading=\"lazy\" src=\"https:\/\/portal.pi.gov.br\/seres\/wp-content\/uploads\/sites\/87\/2024\/10\/WhatsApp-Image-2024-10-24-at-10.28.13-1024x683.jpeg\" alt=\"\" class=\"wp-image-2553\" width=\"492\" height=\"328\" srcset=\"https:\/\/portal.pi.gov.br\/seres\/wp-content\/uploads\/sites\/87\/2024\/10\/WhatsApp-Image-2024-10-24-at-10.28.13-1024x683.jpeg 1024w, https:\/\/portal.pi.gov.br\/seres\/wp-content\/uploads\/sites\/87\/2024\/10\/WhatsApp-Image-2024-10-24-at-10.28.13-300x200.jpeg 300w, https:\/\/portal.pi.gov.br\/seres\/wp-content\/uploads\/sites\/87\/2024\/10\/WhatsApp-Image-2024-10-24-at-10.28.13-768x512.jpeg 768w, https:\/\/portal.pi.gov.br\/seres\/wp-content\/uploads\/sites\/87\/2024\/10\/WhatsApp-Image-2024-10-24-at-10.28.13-420x280.jpeg 420w, https:\/\/portal.pi.gov.br\/seres\/wp-content\/uploads\/sites\/87\/2024\/10\/WhatsApp-Image-2024-10-24-at-10.28.13-540x360.jpeg 540w, https:\/\/portal.pi.gov.br\/seres\/wp-content\/uploads\/sites\/87\/2024\/10\/WhatsApp-Image-2024-10-24-at-10.28.13-780x520.jpeg 780w, https:\/\/portal.pi.gov.br\/seres\/wp-content\/uploads\/sites\/87\/2024\/10\/WhatsApp-Image-2024-10-24-at-10.28.13-1536x1024.jpeg 1536w, https:\/\/portal.pi.gov.br\/seres\/wp-content\/uploads\/sites\/87\/2024\/10\/WhatsApp-Image-2024-10-24-at-10.28.13-2048x1365.jpeg 2048w, https:\/\/portal.pi.gov.br\/seres\/wp-content\/uploads\/sites\/87\/2024\/10\/WhatsApp-Image-2024-10-24-at-10.28.13-947x631.jpeg 947w, https:\/\/portal.pi.gov.br\/seres\/wp-content\/uploads\/sites\/87\/2024\/10\/WhatsApp-Image-2024-10-24-at-10.28.13-624x416.jpeg 624w, https:\/\/portal.pi.gov.br\/seres\/wp-content\/uploads\/sites\/87\/2024\/10\/WhatsApp-Image-2024-10-24-at-10.28.13-84x56.jpeg 84w\" sizes=\"(max-width: 492px) 100vw, 492px\" \/><\/figure><\/div>\n\n\n<p>Na sua&nbsp;18\u00aa edi\u00e7\u00e3o, o evento conta com dois grandes espa\u00e7os, o Espa\u00e7o Sa\u00fade e Qualidade de Vida e outro para a Mostra de Talentos,&nbsp;uma feira na qual os servidores podem vender produtos confeccionados a partir do seu pr\u00f3prio talento.&nbsp;<\/p>\n","protected":false},"excerpt":{"rendered":"<p>A secret\u00e1ria, N\u00fabia Lopes, prestigiou a solenidade de abertura da 18\u00aa Semana do Servidor nesta quinta-feira (24), no estacionamento da Secretaria da Administra\u00e7\u00e3o (Sead). Este ano o tema \u00e9 \u201cJuntos [&hellip;]<\/p>\n","protected":false},"author":1,"featured_media":2557,"comment_status":"closed","ping_status":"closed","sticky":false,"template":"","format":"standard","meta":[],"categories":[34],"tags":[47,41],"featured_image_urls":{"full":["https:\/\/portal.pi.gov.br\/seres\/wp-content\/uploads\/sites\/87\/2024\/10\/WhatsApp-Image-2024-10-24-at-10.05.36.png",1167,753,false],"thumbnail":["https:\/\/portal.pi.gov.br\/seres\/wp-content\/uploads\/sites\/87\/2024\/10\/WhatsApp-Image-2024-10-24-at-10.05.36-150x150.png",150,150,true],"medium":["https:\/\/portal.pi.gov.br\/seres\/wp-content\/uploads\/sites\/87\/2024\/10\/WhatsApp-Image-2024-10-24-at-10.05.36-300x194.png",300,194,true],"medium_large":["https:\/\/portal.pi.gov.br\/seres\/wp-content\/uploads\/sites\/87\/2024\/10\/WhatsApp-Image-2024-10-24-at-10.05.36-768x496.png",768,496,true],"large":["https:\/\/portal.pi.gov.br\/seres\/wp-content\/uploads\/sites\/87\/2024\/10\/WhatsApp-Image-2024-10-24-at-10.05.36-1024x661.png",887,573,true],"sgg-420":["https:\/\/portal.pi.gov.br\/seres\/wp-content\/uploads\/sites\/87\/2024\/10\/WhatsApp-Image-2024-10-24-at-10.05.36-420x271.png",420,271,true],"sgg-540":["https:\/\/portal.pi.gov.br\/seres\/wp-content\/uploads\/sites\/87\/2024\/10\/WhatsApp-Image-2024-10-24-at-10.05.36-540x348.png",540,348,true],"sgg-780":["https:\/\/portal.pi.gov.br\/seres\/wp-content\/uploads\/sites\/87\/2024\/10\/WhatsApp-Image-2024-10-24-at-10.05.36-780x503.png",780,503,true],"1536x1536":["https:\/\/portal.pi.gov.br\/seres\/wp-content\/uploads\/sites\/87\/2024\/10\/WhatsApp-Image-2024-10-24-at-10.05.36.png",1167,753,false],"2048x2048":["https:\/\/portal.pi.gov.br\/seres\/wp-content\/uploads\/sites\/87\/2024\/10\/WhatsApp-Image-2024-10-24-at-10.05.36.png",1167,753,false],"homepage-slider":["https:\/\/portal.pi.gov.br\/seres\/wp-content\/uploads\/sites\/87\/2024\/10\/WhatsApp-Image-2024-10-24-at-10.05.36-1167x500.png",1167,500,true],"homepage-slider-small":["https:\/\/portal.pi.gov.br\/seres\/wp-content\/uploads\/sites\/87\/2024\/10\/WhatsApp-Image-2024-10-24-at-10.05.36-947x500.png",947,500,true],"page-top":["https:\/\/portal.pi.gov.br\/seres\/wp-content\/uploads\/sites\/87\/2024\/10\/WhatsApp-Image-2024-10-24-at-10.05.36-947x611.png",947,611,true],"page-small":["https:\/\/portal.pi.gov.br\/seres\/wp-content\/uploads\/sites\/87\/2024\/10\/WhatsApp-Image-2024-10-24-at-10.05.36-624x403.png",624,403,true],"loop-main":["https:\/\/portal.pi.gov.br\/seres\/wp-content\/uploads\/sites\/87\/2024\/10\/WhatsApp-Image-2024-10-24-at-10.05.36-365x240.png",365,240,true],"thumb-gallery-widget":["https:\/\/portal.pi.gov.br\/seres\/wp-content\/uploads\/sites\/87\/2024\/10\/WhatsApp-Image-2024-10-24-at-10.05.36-84x56.png",84,56,true]},"post_excerpt_stackable":"<p>A secret\u00e1ria, N\u00fabia Lopes, prestigiou a solenidade de abertura da 18\u00aa Semana do Servidor nesta quinta-feira (24), no estacionamento da Secretaria da Administra\u00e7\u00e3o (Sead). Este ano o tema \u00e9 \u201cJuntos movendo o Piau\u00ed para o Futuro\u201d. O evento segue at\u00e9 s\u00e1bado (26), com a realiza\u00e7\u00e3o da 2\u00aa Corrida do Servidor.&nbsp; A programa\u00e7\u00e3o inclui apresenta\u00e7\u00f5es musicais, show de calouros, feira de servidores, atendimentos de sa\u00fade e bem-estar, al\u00e9m de sorteio de brindes. O evento \u00e9 uma iniciativa do Governo do Estado, por meio da Sead, como uma celebra\u00e7\u00e3o alusiva ao Dia do Servidor P\u00fablico, comemorado em 28 de outubro.&nbsp; Na sua&nbsp;18\u00aa&hellip;<\/p>\n","category_list":"<a href=\"https:\/\/portal.pi.gov.br\/seres\/category\/noticias\/\" rel=\"category tag\">Not\u00edcias<\/a>","author_info":{"name":"admin","url":"https:\/\/portal.pi.gov.br\/seres\/author\/admin\/"},"comments_num":"0 coment\u00e1rio","featured_image_urls_v2":{"full":["https:\/\/portal.pi.gov.br\/seres\/wp-content\/uploads\/sites\/87\/2024\/10\/WhatsApp-Image-2024-10-24-at-10.05.36.png",1167,753,false],"thumbnail":["https:\/\/portal.pi.gov.br\/seres\/wp-content\/uploads\/sites\/87\/2024\/10\/WhatsApp-Image-2024-10-24-at-10.05.36-150x150.png",150,150,true],"medium":["https:\/\/portal.pi.gov.br\/seres\/wp-content\/uploads\/sites\/87\/2024\/10\/WhatsApp-Image-2024-10-24-at-10.05.36-300x194.png",300,194,true],"medium_large":["https:\/\/portal.pi.gov.br\/seres\/wp-content\/uploads\/sites\/87\/2024\/10\/WhatsApp-Image-2024-10-24-at-10.05.36-768x496.png",768,496,true],"large":["https:\/\/portal.pi.gov.br\/seres\/wp-content\/uploads\/sites\/87\/2024\/10\/WhatsApp-Image-2024-10-24-at-10.05.36-1024x661.png",887,573,true],"sgg-420":["https:\/\/portal.pi.gov.br\/seres\/wp-content\/uploads\/sites\/87\/2024\/10\/WhatsApp-Image-2024-10-24-at-10.05.36-420x271.png",420,271,true],"sgg-540":["https:\/\/portal.pi.gov.br\/seres\/wp-content\/uploads\/sites\/87\/2024\/10\/WhatsApp-Image-2024-10-24-at-10.05.36-540x348.png",540,348,true],"sgg-780":["https:\/\/portal.pi.gov.br\/seres\/wp-content\/uploads\/sites\/87\/2024\/10\/WhatsApp-Image-2024-10-24-at-10.05.36-780x503.png",780,503,true],"1536x1536":["https:\/\/portal.pi.gov.br\/seres\/wp-content\/uploads\/sites\/87\/2024\/10\/WhatsApp-Image-2024-10-24-at-10.05.36.png",1167,753,false],"2048x2048":["https:\/\/portal.pi.gov.br\/seres\/wp-content\/uploads\/sites\/87\/2024\/10\/WhatsApp-Image-2024-10-24-at-10.05.36.png",1167,753,false],"homepage-slider":["https:\/\/portal.pi.gov.br\/seres\/wp-content\/uploads\/sites\/87\/2024\/10\/WhatsApp-Image-2024-10-24-at-10.05.36-1167x500.png",1167,500,true],"homepage-slider-small":["https:\/\/portal.pi.gov.br\/seres\/wp-content\/uploads\/sites\/87\/2024\/10\/WhatsApp-Image-2024-10-24-at-10.05.36-947x500.png",947,500,true],"page-top":["https:\/\/portal.pi.gov.br\/seres\/wp-content\/uploads\/sites\/87\/2024\/10\/WhatsApp-Image-2024-10-24-at-10.05.36-947x611.png",947,611,true],"page-small":["https:\/\/portal.pi.gov.br\/seres\/wp-content\/uploads\/sites\/87\/2024\/10\/WhatsApp-Image-2024-10-24-at-10.05.36-624x403.png",624,403,true],"loop-main":["https:\/\/portal.pi.gov.br\/seres\/wp-content\/uploads\/sites\/87\/2024\/10\/WhatsApp-Image-2024-10-24-at-10.05.36-365x240.png",365,240,true],"thumb-gallery-widget":["https:\/\/portal.pi.gov.br\/seres\/wp-content\/uploads\/sites\/87\/2024\/10\/WhatsApp-Image-2024-10-24-at-10.05.36-84x56.png",84,56,true]},"post_excerpt_stackable_v2":"<p>A secret\u00e1ria, N\u00fabia Lopes, prestigiou a solenidade de abertura da 18\u00aa Semana do Servidor nesta quinta-feira (24), no estacionamento da Secretaria da Administra\u00e7\u00e3o (Sead). Este ano o tema \u00e9 \u201cJuntos movendo o Piau\u00ed para o Futuro\u201d. O evento segue at\u00e9 s\u00e1bado (26), com a realiza\u00e7\u00e3o da 2\u00aa Corrida do Servidor.&nbsp; A programa\u00e7\u00e3o inclui apresenta\u00e7\u00f5es musicais, show de calouros, feira de servidores, atendimentos de sa\u00fade e bem-estar, al\u00e9m de sorteio de brindes. O evento \u00e9 uma iniciativa do Governo do Estado, por meio da Sead, como uma celebra\u00e7\u00e3o alusiva ao Dia do Servidor P\u00fablico, comemorado em 28 de outubro.&nbsp; Na sua&nbsp;18\u00aa&hellip;<\/p>\n","category_list_v2":"<a href=\"https:\/\/portal.pi.gov.br\/seres\/category\/noticias\/\" rel=\"category tag\">Not\u00edcias<\/a>","author_info_v2":{"name":"admin","url":"https:\/\/portal.pi.gov.br\/seres\/author\/admin\/"},"comments_num_v2":"0 coment\u00e1rio","jetpack_featured_media_url":"https:\/\/portal.pi.gov.br\/seres\/wp-content\/uploads\/sites\/87\/2024\/10\/WhatsApp-Image-2024-10-24-at-10.05.36.png","_links":{"self":[{"href":"https:\/\/portal.pi.gov.br\/seres\/wp-json\/wp\/v2\/posts\/2551"}],"collection":[{"href":"https:\/\/portal.pi.gov.br\/seres\/wp-json\/wp\/v2\/posts"}],"about":[{"href":"https:\/\/portal.pi.gov.br\/seres\/wp-json\/wp\/v2\/types\/post"}],"author":[{"embeddable":true,"href":"https:\/\/portal.pi.gov.br\/seres\/wp-json\/wp\/v2\/users\/1"}],"replies":[{"embeddable":true,"href":"https:\/\/portal.pi.gov.br\/seres\/wp-json\/wp\/v2\/comments?post=2551"}],"version-history":[{"count":2,"href":"https:\/\/portal.pi.gov.br\/seres\/wp-json\/wp\/v2\/posts\/2551\/revisions"}],"predecessor-version":[{"id":2558,"href":"https:\/\/portal.pi.gov.br\/seres\/wp-json\/wp\/v2\/posts\/2551\/revisions\/2558"}],"wp:featuredmedia":[{"embeddable":true,"href":"https:\/\/portal.pi.gov.br\/seres\/wp-json\/wp\/v2\/media\/2557"}],"wp:attachment":[{"href":"https:\/\/portal.pi.gov.br\/seres\/wp-json\/wp\/v2\/media?parent=2551"}],"wp:term":[{"taxonomy":"category","embeddable":true,"href":"https:\/\/portal.pi.gov.br\/seres\/wp-json\/wp\/v2\/categories?post=2551"},{"taxonomy":"post_tag","embeddable":true,"href":"https:\/\/portal.pi.gov.br\/seres\/wp-json\/wp\/v2\/tags?post=2551"}],"curies":[{"name":"wp","href":"https:\/\/api.w.org\/{rel}","templated":true}]}}