{"id":2559,"date":"2024-10-25T08:51:50","date_gmt":"2024-10-25T11:51:50","guid":{"rendered":"https:\/\/portal.pi.gov.br\/seres\/?p=2559"},"modified":"2024-10-25T11:14:59","modified_gmt":"2024-10-25T14:14:59","slug":"seres-realiza-reuniao-para-avaliacao-do-opa-24-25-em-picos","status":"publish","type":"post","link":"https:\/\/portal.pi.gov.br\/seres\/2024\/10\/25\/seres-realiza-reuniao-para-avaliacao-do-opa-24-25-em-picos\/","title":{"rendered":"Seres realiza reuni\u00e3o para avalia\u00e7\u00e3o do OPA 24-25 em Picos"},"content":{"rendered":"\n<p>A secretaria das Rela\u00e7\u00f5es Sociais \u2013 Seres, em parceria com a secretaria do Planejamento &#8211; Seplan, organizou uma reuni\u00e3o de avalia\u00e7\u00e3o do Or\u00e7amento Popular Digital 2024-25 \u2013 OPA, em Picos, na tarde da quinta-feira (25). Participaram do encontro lideran\u00e7as e representantes das associa\u00e7\u00f5es comunit\u00e1rias do munic\u00edpio.<\/p>\n\n\n<div class=\"wp-block-image\">\n<figure class=\"aligncenter size-large is-resized\"><img decoding=\"async\" loading=\"lazy\" src=\"https:\/\/portal.pi.gov.br\/seres\/wp-content\/uploads\/sites\/87\/2024\/10\/WhatsApp-Image-2024-10-24-at-18.03.49-1024x712.png\" alt=\"\" class=\"wp-image-2561\" width=\"513\" height=\"357\" srcset=\"https:\/\/portal.pi.gov.br\/seres\/wp-content\/uploads\/sites\/87\/2024\/10\/WhatsApp-Image-2024-10-24-at-18.03.49-1024x712.png 1024w, https:\/\/portal.pi.gov.br\/seres\/wp-content\/uploads\/sites\/87\/2024\/10\/WhatsApp-Image-2024-10-24-at-18.03.49-300x209.png 300w, https:\/\/portal.pi.gov.br\/seres\/wp-content\/uploads\/sites\/87\/2024\/10\/WhatsApp-Image-2024-10-24-at-18.03.49-768x534.png 768w, https:\/\/portal.pi.gov.br\/seres\/wp-content\/uploads\/sites\/87\/2024\/10\/WhatsApp-Image-2024-10-24-at-18.03.49-420x292.png 420w, https:\/\/portal.pi.gov.br\/seres\/wp-content\/uploads\/sites\/87\/2024\/10\/WhatsApp-Image-2024-10-24-at-18.03.49-540x376.png 540w, https:\/\/portal.pi.gov.br\/seres\/wp-content\/uploads\/sites\/87\/2024\/10\/WhatsApp-Image-2024-10-24-at-18.03.49-780x543.png 780w, https:\/\/portal.pi.gov.br\/seres\/wp-content\/uploads\/sites\/87\/2024\/10\/WhatsApp-Image-2024-10-24-at-18.03.49-1536x1068.png 1536w, https:\/\/portal.pi.gov.br\/seres\/wp-content\/uploads\/sites\/87\/2024\/10\/WhatsApp-Image-2024-10-24-at-18.03.49-2048x1425.png 2048w, https:\/\/portal.pi.gov.br\/seres\/wp-content\/uploads\/sites\/87\/2024\/10\/WhatsApp-Image-2024-10-24-at-18.03.49-947x659.png 947w, https:\/\/portal.pi.gov.br\/seres\/wp-content\/uploads\/sites\/87\/2024\/10\/WhatsApp-Image-2024-10-24-at-18.03.49-624x434.png 624w\" sizes=\"(max-width: 513px) 100vw, 513px\" \/><\/figure><\/div>\n\n\n<p>Maria Francisca Gomes da Silva, presidente da Associa\u00e7\u00e3o de Pequenos Produtores Rurais da Comunidade Fornos, na Chapada do Muc\u00e3o, que teve a sua associa\u00e7\u00e3o contemplada com um po\u00e7o, expressou a sua alegria em ter participado do OPA. \u201cCompartilho este momento com muita gratid\u00e3o a Deus e a todos da organiza\u00e7\u00e3o do OPA, principalmente ao nosso Governo, que est\u00e1 nos proporcionando essa oportunidade. Nossa proposta foi eleita ano passado e vamos continuar participando, para que a gente possa ganhar futuros projetos\u201d, afirmou.<\/p>\n\n\n<div class=\"wp-block-image\">\n<figure class=\"aligncenter size-large is-resized\"><img decoding=\"async\" loading=\"lazy\" src=\"https:\/\/portal.pi.gov.br\/seres\/wp-content\/uploads\/sites\/87\/2024\/10\/WhatsApp-Image-2024-10-24-at-18.03.46-1024x768.jpeg\" alt=\"\" class=\"wp-image-2564\" width=\"519\" height=\"389\" srcset=\"https:\/\/portal.pi.gov.br\/seres\/wp-content\/uploads\/sites\/87\/2024\/10\/WhatsApp-Image-2024-10-24-at-18.03.46-1024x768.jpeg 1024w, https:\/\/portal.pi.gov.br\/seres\/wp-content\/uploads\/sites\/87\/2024\/10\/WhatsApp-Image-2024-10-24-at-18.03.46-300x225.jpeg 300w, https:\/\/portal.pi.gov.br\/seres\/wp-content\/uploads\/sites\/87\/2024\/10\/WhatsApp-Image-2024-10-24-at-18.03.46-768x576.jpeg 768w, https:\/\/portal.pi.gov.br\/seres\/wp-content\/uploads\/sites\/87\/2024\/10\/WhatsApp-Image-2024-10-24-at-18.03.46-420x315.jpeg 420w, https:\/\/portal.pi.gov.br\/seres\/wp-content\/uploads\/sites\/87\/2024\/10\/WhatsApp-Image-2024-10-24-at-18.03.46-540x405.jpeg 540w, https:\/\/portal.pi.gov.br\/seres\/wp-content\/uploads\/sites\/87\/2024\/10\/WhatsApp-Image-2024-10-24-at-18.03.46-780x585.jpeg 780w, https:\/\/portal.pi.gov.br\/seres\/wp-content\/uploads\/sites\/87\/2024\/10\/WhatsApp-Image-2024-10-24-at-18.03.46-1536x1152.jpeg 1536w, https:\/\/portal.pi.gov.br\/seres\/wp-content\/uploads\/sites\/87\/2024\/10\/WhatsApp-Image-2024-10-24-at-18.03.46-2048x1536.jpeg 2048w, https:\/\/portal.pi.gov.br\/seres\/wp-content\/uploads\/sites\/87\/2024\/10\/WhatsApp-Image-2024-10-24-at-18.03.46-947x710.jpeg 947w, https:\/\/portal.pi.gov.br\/seres\/wp-content\/uploads\/sites\/87\/2024\/10\/WhatsApp-Image-2024-10-24-at-18.03.46-624x468.jpeg 624w\" sizes=\"(max-width: 519px) 100vw, 519px\" \/><\/figure><\/div>\n\n\n<p>A secret\u00e1ria das Rela\u00e7\u00f5es Sociais, N\u00fabia Lopes, destacou a import\u00e2ncia de todos continuarem participando do OPA. \u201cVamos comemorar as associa\u00e7\u00f5es que conseguiram aprovar suas propostas, mas tamb\u00e9m dizer que as que n\u00e3o conseguiram, t\u00eam nos pr\u00f3ximos dois anos a oportunidade de aprovar seus projetos. As equipes da Seres e da Seplan est\u00e3o aqui para ajudar as associa\u00e7\u00f5es que n\u00e3o obtiveram \u00eaxito, n\u00e3o s\u00f3 na vota\u00e7\u00e3o, mas tamb\u00e9m no cadastramento, para que no pr\u00f3ximo ano consigam entrar no projeto\u201d, disse.<\/p>\n\n\n<div class=\"wp-block-image\">\n<figure class=\"aligncenter size-large is-resized\"><img decoding=\"async\" loading=\"lazy\" src=\"https:\/\/portal.pi.gov.br\/seres\/wp-content\/uploads\/sites\/87\/2024\/10\/WhatsApp-Image-2024-10-24-at-19.04.25-1024x768.jpeg\" alt=\"\" class=\"wp-image-2560\" width=\"525\" height=\"394\" srcset=\"https:\/\/portal.pi.gov.br\/seres\/wp-content\/uploads\/sites\/87\/2024\/10\/WhatsApp-Image-2024-10-24-at-19.04.25-1024x768.jpeg 1024w, https:\/\/portal.pi.gov.br\/seres\/wp-content\/uploads\/sites\/87\/2024\/10\/WhatsApp-Image-2024-10-24-at-19.04.25-300x225.jpeg 300w, https:\/\/portal.pi.gov.br\/seres\/wp-content\/uploads\/sites\/87\/2024\/10\/WhatsApp-Image-2024-10-24-at-19.04.25-768x576.jpeg 768w, https:\/\/portal.pi.gov.br\/seres\/wp-content\/uploads\/sites\/87\/2024\/10\/WhatsApp-Image-2024-10-24-at-19.04.25-420x315.jpeg 420w, https:\/\/portal.pi.gov.br\/seres\/wp-content\/uploads\/sites\/87\/2024\/10\/WhatsApp-Image-2024-10-24-at-19.04.25-540x405.jpeg 540w, https:\/\/portal.pi.gov.br\/seres\/wp-content\/uploads\/sites\/87\/2024\/10\/WhatsApp-Image-2024-10-24-at-19.04.25-780x585.jpeg 780w, https:\/\/portal.pi.gov.br\/seres\/wp-content\/uploads\/sites\/87\/2024\/10\/WhatsApp-Image-2024-10-24-at-19.04.25-1536x1152.jpeg 1536w, https:\/\/portal.pi.gov.br\/seres\/wp-content\/uploads\/sites\/87\/2024\/10\/WhatsApp-Image-2024-10-24-at-19.04.25-947x710.jpeg 947w, https:\/\/portal.pi.gov.br\/seres\/wp-content\/uploads\/sites\/87\/2024\/10\/WhatsApp-Image-2024-10-24-at-19.04.25-624x468.jpeg 624w, https:\/\/portal.pi.gov.br\/seres\/wp-content\/uploads\/sites\/87\/2024\/10\/WhatsApp-Image-2024-10-24-at-19.04.25.jpeg 1600w\" sizes=\"(max-width: 525px) 100vw, 525px\" \/><\/figure><\/div>\n\n\n<p>A secret\u00e1ria ainda ressaltou que o momento de escuta \u00e9 necess\u00e1rio para que todas as d\u00favidas sejam sanadas e comunidade possa participar das pr\u00f3ximas edi\u00e7\u00f5es do OPA. \u201cH\u00e1 este momento de escuta para que a gente melhore, cada vez mais, o programa e, tamb\u00e9m, para trazer informa\u00e7\u00f5es aos que pretendem participar pela primeira vez. Assim, em fevereiro de 2025, no momento de cadastrar as novas propostas, todos estar\u00e3o prontos, preparados, tanto do ponto de vista da articula\u00e7\u00e3o, como tamb\u00e9m da documenta\u00e7\u00e3o a ser apresentada\u201d, concluiu.<\/p>\n\n\n<div class=\"wp-block-image\">\n<figure class=\"aligncenter size-large is-resized\"><img decoding=\"async\" loading=\"lazy\" src=\"https:\/\/portal.pi.gov.br\/seres\/wp-content\/uploads\/sites\/87\/2024\/10\/WhatsApp-Image-2024-10-24-at-20.16.20-1024x768.jpeg\" alt=\"\" class=\"wp-image-2563\" width=\"533\" height=\"400\" srcset=\"https:\/\/portal.pi.gov.br\/seres\/wp-content\/uploads\/sites\/87\/2024\/10\/WhatsApp-Image-2024-10-24-at-20.16.20-1024x768.jpeg 1024w, https:\/\/portal.pi.gov.br\/seres\/wp-content\/uploads\/sites\/87\/2024\/10\/WhatsApp-Image-2024-10-24-at-20.16.20-300x225.jpeg 300w, https:\/\/portal.pi.gov.br\/seres\/wp-content\/uploads\/sites\/87\/2024\/10\/WhatsApp-Image-2024-10-24-at-20.16.20-768x576.jpeg 768w, https:\/\/portal.pi.gov.br\/seres\/wp-content\/uploads\/sites\/87\/2024\/10\/WhatsApp-Image-2024-10-24-at-20.16.20-420x315.jpeg 420w, https:\/\/portal.pi.gov.br\/seres\/wp-content\/uploads\/sites\/87\/2024\/10\/WhatsApp-Image-2024-10-24-at-20.16.20-540x405.jpeg 540w, https:\/\/portal.pi.gov.br\/seres\/wp-content\/uploads\/sites\/87\/2024\/10\/WhatsApp-Image-2024-10-24-at-20.16.20-780x585.jpeg 780w, https:\/\/portal.pi.gov.br\/seres\/wp-content\/uploads\/sites\/87\/2024\/10\/WhatsApp-Image-2024-10-24-at-20.16.20-1536x1152.jpeg 1536w, https:\/\/portal.pi.gov.br\/seres\/wp-content\/uploads\/sites\/87\/2024\/10\/WhatsApp-Image-2024-10-24-at-20.16.20-947x710.jpeg 947w, https:\/\/portal.pi.gov.br\/seres\/wp-content\/uploads\/sites\/87\/2024\/10\/WhatsApp-Image-2024-10-24-at-20.16.20-624x468.jpeg 624w, https:\/\/portal.pi.gov.br\/seres\/wp-content\/uploads\/sites\/87\/2024\/10\/WhatsApp-Image-2024-10-24-at-20.16.20.jpeg 1600w\" sizes=\"(max-width: 533px) 100vw, 533px\" \/><\/figure><\/div>\n\n\n<p>As pr\u00f3ximas reuni\u00f5es ser\u00e3o em Floriano, nesta sexta-feira (25), a partir das 9:30, no CEEP Calisto Lobo, localizado na Rua Em\u00eddio Rocha &#8211; Irapu\u00e3 e em Parna\u00edba, no dia 07 de novembro, \u00e0s 16h, no Ceti Lima Rebelo,  que fica na Av. Cel. Lucas Correia, Nova Parna\u00edba. Todos est\u00e3o convidados a participar!<\/p>\n","protected":false},"excerpt":{"rendered":"<p>A secretaria das Rela\u00e7\u00f5es Sociais \u2013 Seres, em parceria com a secretaria do Planejamento &#8211; Seplan, organizou uma reuni\u00e3o de avalia\u00e7\u00e3o do Or\u00e7amento Popular Digital 2024-25 \u2013 OPA, em Picos, [&hellip;]<\/p>\n","protected":false},"author":1,"featured_media":2563,"comment_status":"closed","ping_status":"closed","sticky":false,"template":"","format":"standard","meta":[],"categories":[34],"tags":[62,47,41],"featured_image_urls":{"full":["https:\/\/portal.pi.gov.br\/seres\/wp-content\/uploads\/sites\/87\/2024\/10\/WhatsApp-Image-2024-10-24-at-20.16.20.jpeg",1600,1200,false],"thumbnail":["https:\/\/portal.pi.gov.br\/seres\/wp-content\/uploads\/sites\/87\/2024\/10\/WhatsApp-Image-2024-10-24-at-20.16.20-150x150.jpeg",150,150,true],"medium":["https:\/\/portal.pi.gov.br\/seres\/wp-content\/uploads\/sites\/87\/2024\/10\/WhatsApp-Image-2024-10-24-at-20.16.20-300x225.jpeg",300,225,true],"medium_large":["https:\/\/portal.pi.gov.br\/seres\/wp-content\/uploads\/sites\/87\/2024\/10\/WhatsApp-Image-2024-10-24-at-20.16.20-768x576.jpeg",768,576,true],"large":["https:\/\/portal.pi.gov.br\/seres\/wp-content\/uploads\/sites\/87\/2024\/10\/WhatsApp-Image-2024-10-24-at-20.16.20-1024x768.jpeg",887,665,true],"sgg-420":["https:\/\/portal.pi.gov.br\/seres\/wp-content\/uploads\/sites\/87\/2024\/10\/WhatsApp-Image-2024-10-24-at-20.16.20-420x315.jpeg",420,315,true],"sgg-540":["https:\/\/portal.pi.gov.br\/seres\/wp-content\/uploads\/sites\/87\/2024\/10\/WhatsApp-Image-2024-10-24-at-20.16.20-540x405.jpeg",540,405,true],"sgg-780":["https:\/\/portal.pi.gov.br\/seres\/wp-content\/uploads\/sites\/87\/2024\/10\/WhatsApp-Image-2024-10-24-at-20.16.20-780x585.jpeg",780,585,true],"1536x1536":["https:\/\/portal.pi.gov.br\/seres\/wp-content\/uploads\/sites\/87\/2024\/10\/WhatsApp-Image-2024-10-24-at-20.16.20-1536x1152.jpeg",1536,1152,true],"2048x2048":["https:\/\/portal.pi.gov.br\/seres\/wp-content\/uploads\/sites\/87\/2024\/10\/WhatsApp-Image-2024-10-24-at-20.16.20.jpeg",1600,1200,false],"homepage-slider":["https:\/\/portal.pi.gov.br\/seres\/wp-content\/uploads\/sites\/87\/2024\/10\/WhatsApp-Image-2024-10-24-at-20.16.20-1270x500.jpeg",1270,500,true],"homepage-slider-small":["https:\/\/portal.pi.gov.br\/seres\/wp-content\/uploads\/sites\/87\/2024\/10\/WhatsApp-Image-2024-10-24-at-20.16.20-947x500.jpeg",947,500,true],"page-top":["https:\/\/portal.pi.gov.br\/seres\/wp-content\/uploads\/sites\/87\/2024\/10\/WhatsApp-Image-2024-10-24-at-20.16.20-947x710.jpeg",947,710,true],"page-small":["https:\/\/portal.pi.gov.br\/seres\/wp-content\/uploads\/sites\/87\/2024\/10\/WhatsApp-Image-2024-10-24-at-20.16.20-624x468.jpeg",624,468,true],"loop-main":["https:\/\/portal.pi.gov.br\/seres\/wp-content\/uploads\/sites\/87\/2024\/10\/WhatsApp-Image-2024-10-24-at-20.16.20-365x240.jpeg",365,240,true],"thumb-gallery-widget":["https:\/\/portal.pi.gov.br\/seres\/wp-content\/uploads\/sites\/87\/2024\/10\/WhatsApp-Image-2024-10-24-at-20.16.20-84x56.jpeg",84,56,true]},"post_excerpt_stackable":"<p>A secretaria das Rela\u00e7\u00f5es Sociais \u2013 Seres, em parceria com a secretaria do Planejamento &#8211; Seplan, organizou uma reuni\u00e3o de avalia\u00e7\u00e3o do Or\u00e7amento Popular Digital 2024-25 \u2013 OPA, em Picos, na tarde da quinta-feira (25). Participaram do encontro lideran\u00e7as e representantes das associa\u00e7\u00f5es comunit\u00e1rias do munic\u00edpio. Maria Francisca Gomes da Silva, presidente da Associa\u00e7\u00e3o de Pequenos Produtores Rurais da Comunidade Fornos, na Chapada do Muc\u00e3o, que teve a sua associa\u00e7\u00e3o contemplada com um po\u00e7o, expressou a sua alegria em ter participado do OPA. \u201cCompartilho este momento com muita gratid\u00e3o a Deus e a todos da organiza\u00e7\u00e3o do OPA, principalmente ao&hellip;<\/p>\n","category_list":"<a href=\"https:\/\/portal.pi.gov.br\/seres\/category\/noticias\/\" rel=\"category tag\">Not\u00edcias<\/a>","author_info":{"name":"admin","url":"https:\/\/portal.pi.gov.br\/seres\/author\/admin\/"},"comments_num":"0 coment\u00e1rio","featured_image_urls_v2":{"full":["https:\/\/portal.pi.gov.br\/seres\/wp-content\/uploads\/sites\/87\/2024\/10\/WhatsApp-Image-2024-10-24-at-20.16.20.jpeg",1600,1200,false],"thumbnail":["https:\/\/portal.pi.gov.br\/seres\/wp-content\/uploads\/sites\/87\/2024\/10\/WhatsApp-Image-2024-10-24-at-20.16.20-150x150.jpeg",150,150,true],"medium":["https:\/\/portal.pi.gov.br\/seres\/wp-content\/uploads\/sites\/87\/2024\/10\/WhatsApp-Image-2024-10-24-at-20.16.20-300x225.jpeg",300,225,true],"medium_large":["https:\/\/portal.pi.gov.br\/seres\/wp-content\/uploads\/sites\/87\/2024\/10\/WhatsApp-Image-2024-10-24-at-20.16.20-768x576.jpeg",768,576,true],"large":["https:\/\/portal.pi.gov.br\/seres\/wp-content\/uploads\/sites\/87\/2024\/10\/WhatsApp-Image-2024-10-24-at-20.16.20-1024x768.jpeg",887,665,true],"sgg-420":["https:\/\/portal.pi.gov.br\/seres\/wp-content\/uploads\/sites\/87\/2024\/10\/WhatsApp-Image-2024-10-24-at-20.16.20-420x315.jpeg",420,315,true],"sgg-540":["https:\/\/portal.pi.gov.br\/seres\/wp-content\/uploads\/sites\/87\/2024\/10\/WhatsApp-Image-2024-10-24-at-20.16.20-540x405.jpeg",540,405,true],"sgg-780":["https:\/\/portal.pi.gov.br\/seres\/wp-content\/uploads\/sites\/87\/2024\/10\/WhatsApp-Image-2024-10-24-at-20.16.20-780x585.jpeg",780,585,true],"1536x1536":["https:\/\/portal.pi.gov.br\/seres\/wp-content\/uploads\/sites\/87\/2024\/10\/WhatsApp-Image-2024-10-24-at-20.16.20-1536x1152.jpeg",1536,1152,true],"2048x2048":["https:\/\/portal.pi.gov.br\/seres\/wp-content\/uploads\/sites\/87\/2024\/10\/WhatsApp-Image-2024-10-24-at-20.16.20.jpeg",1600,1200,false],"homepage-slider":["https:\/\/portal.pi.gov.br\/seres\/wp-content\/uploads\/sites\/87\/2024\/10\/WhatsApp-Image-2024-10-24-at-20.16.20-1270x500.jpeg",1270,500,true],"homepage-slider-small":["https:\/\/portal.pi.gov.br\/seres\/wp-content\/uploads\/sites\/87\/2024\/10\/WhatsApp-Image-2024-10-24-at-20.16.20-947x500.jpeg",947,500,true],"page-top":["https:\/\/portal.pi.gov.br\/seres\/wp-content\/uploads\/sites\/87\/2024\/10\/WhatsApp-Image-2024-10-24-at-20.16.20-947x710.jpeg",947,710,true],"page-small":["https:\/\/portal.pi.gov.br\/seres\/wp-content\/uploads\/sites\/87\/2024\/10\/WhatsApp-Image-2024-10-24-at-20.16.20-624x468.jpeg",624,468,true],"loop-main":["https:\/\/portal.pi.gov.br\/seres\/wp-content\/uploads\/sites\/87\/2024\/10\/WhatsApp-Image-2024-10-24-at-20.16.20-365x240.jpeg",365,240,true],"thumb-gallery-widget":["https:\/\/portal.pi.gov.br\/seres\/wp-content\/uploads\/sites\/87\/2024\/10\/WhatsApp-Image-2024-10-24-at-20.16.20-84x56.jpeg",84,56,true]},"post_excerpt_stackable_v2":"<p>A secretaria das Rela\u00e7\u00f5es Sociais \u2013 Seres, em parceria com a secretaria do Planejamento &#8211; Seplan, organizou uma reuni\u00e3o de avalia\u00e7\u00e3o do Or\u00e7amento Popular Digital 2024-25 \u2013 OPA, em Picos, na tarde da quinta-feira (25). Participaram do encontro lideran\u00e7as e representantes das associa\u00e7\u00f5es comunit\u00e1rias do munic\u00edpio. Maria Francisca Gomes da Silva, presidente da Associa\u00e7\u00e3o de Pequenos Produtores Rurais da Comunidade Fornos, na Chapada do Muc\u00e3o, que teve a sua associa\u00e7\u00e3o contemplada com um po\u00e7o, expressou a sua alegria em ter participado do OPA. \u201cCompartilho este momento com muita gratid\u00e3o a Deus e a todos da organiza\u00e7\u00e3o do OPA, principalmente ao&hellip;<\/p>\n","category_list_v2":"<a href=\"https:\/\/portal.pi.gov.br\/seres\/category\/noticias\/\" rel=\"category tag\">Not\u00edcias<\/a>","author_info_v2":{"name":"admin","url":"https:\/\/portal.pi.gov.br\/seres\/author\/admin\/"},"comments_num_v2":"0 coment\u00e1rio","jetpack_featured_media_url":"https:\/\/portal.pi.gov.br\/seres\/wp-content\/uploads\/sites\/87\/2024\/10\/WhatsApp-Image-2024-10-24-at-20.16.20.jpeg","_links":{"self":[{"href":"https:\/\/portal.pi.gov.br\/seres\/wp-json\/wp\/v2\/posts\/2559"}],"collection":[{"href":"https:\/\/portal.pi.gov.br\/seres\/wp-json\/wp\/v2\/posts"}],"about":[{"href":"https:\/\/portal.pi.gov.br\/seres\/wp-json\/wp\/v2\/types\/post"}],"author":[{"embeddable":true,"href":"https:\/\/portal.pi.gov.br\/seres\/wp-json\/wp\/v2\/users\/1"}],"replies":[{"embeddable":true,"href":"https:\/\/portal.pi.gov.br\/seres\/wp-json\/wp\/v2\/comments?post=2559"}],"version-history":[{"count":2,"href":"https:\/\/portal.pi.gov.br\/seres\/wp-json\/wp\/v2\/posts\/2559\/revisions"}],"predecessor-version":[{"id":2567,"href":"https:\/\/portal.pi.gov.br\/seres\/wp-json\/wp\/v2\/posts\/2559\/revisions\/2567"}],"wp:featuredmedia":[{"embeddable":true,"href":"https:\/\/portal.pi.gov.br\/seres\/wp-json\/wp\/v2\/media\/2563"}],"wp:attachment":[{"href":"https:\/\/portal.pi.gov.br\/seres\/wp-json\/wp\/v2\/media?parent=2559"}],"wp:term":[{"taxonomy":"category","embeddable":true,"href":"https:\/\/portal.pi.gov.br\/seres\/wp-json\/wp\/v2\/categories?post=2559"},{"taxonomy":"post_tag","embeddable":true,"href":"https:\/\/portal.pi.gov.br\/seres\/wp-json\/wp\/v2\/tags?post=2559"}],"curies":[{"name":"wp","href":"https:\/\/api.w.org\/{rel}","templated":true}]}}