{"id":2598,"date":"2024-11-14T14:19:20","date_gmt":"2024-11-14T17:19:20","guid":{"rendered":"https:\/\/portal.pi.gov.br\/seres\/?p=2598"},"modified":"2024-11-14T20:21:11","modified_gmt":"2024-11-14T23:21:11","slug":"secretaria-nubia-lopes-piaui-participa-do-forum-interconselhos-de-participacao-social-e-da-abertura-do-g20-social-no-rio-de-janeiro","status":"publish","type":"post","link":"https:\/\/portal.pi.gov.br\/seres\/2024\/11\/14\/secretaria-nubia-lopes-piaui-participa-do-forum-interconselhos-de-participacao-social-e-da-abertura-do-g20-social-no-rio-de-janeiro\/","title":{"rendered":"Secret\u00e1ria N\u00fabia Lopes representa o Piau\u00ed no F\u00f3rum Interconselhos e G20 Social no Rio de Janeiro"},"content":{"rendered":"\n<p>O f\u00f3rum acontece nos dias 13 e 14 de novembro, no Rio de Janeiro, dento da programa\u00e7\u00e3o do G20 Social <\/p>\n\n\n\n<p><\/p>\n\n\n\n<p>A secret\u00e1ria das Rela\u00e7\u00f5es Sociais, N\u00fabia Lopes, est\u00e1 participando do F\u00f3rum Interconselhos 2024, evento que segue at\u00e9 quinta-feira (14), e est\u00e1 sendo realizado no Museu do Amanh\u00e3, no Rio de Janeiro. Promovido pela Secretaria Nacional de Participa\u00e7\u00e3o Social da Secretaria-Geral da Presid\u00eancia da Rep\u00fablica, o evento tem como foco o G20 Social, o monitoramento dos resultados do PPA \u2013 Plano Plurianual e a discuss\u00e3o dos processos formativos dos conselheiros(as) nacionais.<\/p>\n\n\n\n<p>No primeiro dia de F\u00f3rum foram debatidos o monitoramento dos resultados do PPA \u2013 Plano Plurianual \u2013 e estrat\u00e9gias de forma\u00e7\u00e3o para conselheiros e conselheiras da sociedade civil e governamentais. Ao todo, mas de 42 conselhos nacionais estiveram presentes primeiro dia do f\u00f3rum. Os Conselheiros e conselheiras t\u00eam a tarefa de analisar os dados de 88 programas, com relat\u00f3rios anuais e revis\u00e3o at\u00e9 abril de 2025.<\/p>\n\n\n\n<figure class=\"wp-block-image size-large\"><img decoding=\"async\" loading=\"lazy\" width=\"1024\" height=\"768\" src=\"https:\/\/portal.pi.gov.br\/seres\/wp-content\/uploads\/sites\/87\/2024\/11\/0-1024x768.jpeg\" alt=\"\" class=\"wp-image-2599\" srcset=\"https:\/\/portal.pi.gov.br\/seres\/wp-content\/uploads\/sites\/87\/2024\/11\/0-1024x768.jpeg 1024w, https:\/\/portal.pi.gov.br\/seres\/wp-content\/uploads\/sites\/87\/2024\/11\/0-300x225.jpeg 300w, https:\/\/portal.pi.gov.br\/seres\/wp-content\/uploads\/sites\/87\/2024\/11\/0-768x576.jpeg 768w, https:\/\/portal.pi.gov.br\/seres\/wp-content\/uploads\/sites\/87\/2024\/11\/0-420x315.jpeg 420w, https:\/\/portal.pi.gov.br\/seres\/wp-content\/uploads\/sites\/87\/2024\/11\/0-540x405.jpeg 540w, https:\/\/portal.pi.gov.br\/seres\/wp-content\/uploads\/sites\/87\/2024\/11\/0-780x585.jpeg 780w, https:\/\/portal.pi.gov.br\/seres\/wp-content\/uploads\/sites\/87\/2024\/11\/0-947x710.jpeg 947w, https:\/\/portal.pi.gov.br\/seres\/wp-content\/uploads\/sites\/87\/2024\/11\/0-624x468.jpeg 624w, https:\/\/portal.pi.gov.br\/seres\/wp-content\/uploads\/sites\/87\/2024\/11\/0.jpeg 1280w\" sizes=\"(max-width: 1024px) 100vw, 1024px\" \/><\/figure>\n\n\n\n<p><\/p>\n\n\n\n<p>\u201cParticipar de um evento dessa magnitude significa o que o Piau\u00ed est\u00e1 alindado com as Pol\u00edtica Nacional de Participa\u00e7\u00e3o Social. Nosso compromisso enquanto governo do estado, em fazer esse alinhamento entre as Pol\u00edticas Estaduais e Nacionais de Participa\u00e7\u00e3o, com a finalidade de melhorar a atua\u00e7\u00f5es dos nossos conselhos, na defesa e na efetiva\u00e7\u00e3o de direitos e cidadania e das Pol\u00edticas P\u00fablicas do Nosso estado\u201d, destaca N\u00fabia Lopes, secret\u00e1ria das Rela\u00e7\u00f5es Sociais.<\/p>\n\n\n\n<p><strong>Sobre F\u00f3rum Interconselhos<\/strong><\/p>\n\n\n\n<p><\/p>\n\n\n\n<figure class=\"wp-block-image size-full\"><img decoding=\"async\" loading=\"lazy\" width=\"768\" height=\"434\" src=\"https:\/\/portal.pi.gov.br\/seres\/wp-content\/uploads\/sites\/87\/2024\/11\/01.png\" alt=\"\" class=\"wp-image-2600\" srcset=\"https:\/\/portal.pi.gov.br\/seres\/wp-content\/uploads\/sites\/87\/2024\/11\/01.png 768w, https:\/\/portal.pi.gov.br\/seres\/wp-content\/uploads\/sites\/87\/2024\/11\/01-300x170.png 300w, https:\/\/portal.pi.gov.br\/seres\/wp-content\/uploads\/sites\/87\/2024\/11\/01-420x237.png 420w, https:\/\/portal.pi.gov.br\/seres\/wp-content\/uploads\/sites\/87\/2024\/11\/01-540x305.png 540w, https:\/\/portal.pi.gov.br\/seres\/wp-content\/uploads\/sites\/87\/2024\/11\/01-624x353.png 624w\" sizes=\"(max-width: 768px) 100vw, 768px\" \/><\/figure>\n\n\n\n<p><\/p>\n\n\n\n<p>Promovido pela Secretaria Nacional de Participa\u00e7\u00e3o Social da Secretaria-Geral da Presid\u00eancia da Rep\u00fablica, o F\u00f3rum Interconselhos traz \u00e0 tona debates sobre a gest\u00e3o de pol\u00edticas p\u00fablicas e o papel dos conselhos nacionais na promo\u00e7\u00e3o da democracia participativa. Desde sua cria\u00e7\u00e3o em 2011, ele reuni periodicamente representantes dos diversos conselhos nacionais e entidades representativas da sociedade civil com foco no monitoramento da execu\u00e7\u00e3o dos PPAs.<\/p>\n\n\n\n<p>A participa\u00e7\u00e3o do Secretaria das Rela\u00e7\u00f5es Sociais reflete o compromisso da SERES em ampliar nas discuss\u00f5es e conhecer experi\u00eancias exitosas de participa\u00e7\u00e3o social no Brasil, refor\u00e7ando o papel ativo dos conselhos no monitoramento de pol\u00edticas p\u00fablicas inclusivas e democr\u00e1ticas, como ressaltou Diretora de Participa\u00e7\u00e3o Social, Juciara Linhares<\/p>\n\n\n\n<p><\/p>\n\n\n\n<p><strong>G20 Social<\/strong><\/p>\n\n\n\n<p>Uma das marcas do governo federal nesta gest\u00e3o do presidente Lula \u00e9 que a sociedade civil seja ouvida no processo de constru\u00e7\u00e3o das pol\u00edticas p\u00fablicas. Neste sentido o ato final do F\u00f3rum Interconselhos ser\u00e1 parte das atividades do G20 Social, ampliando o impacto das discuss\u00f5es para a esfera internacional. A declara\u00e7\u00e3o sistematizada com as propostas dos conselhos ser\u00e1 apresentada aos l\u00edderes globais, destacando a import\u00e2ncia de ampliar a participa\u00e7\u00e3o social e de atores n\u00e3o-governamentais nas atividades e nos processos decis\u00f3rios do G20.<\/p>\n\n\n\n<p>O Brasil d\u00e1 um passo in\u00e9dito que garante espa\u00e7o para as diferentes vozes, lutas e reivindica\u00e7\u00f5es das popula\u00e7\u00f5es dos pa\u00edses que integram o F\u00f3rum das economias mais potentes do mundo. Liderando pelo exemplo, o pa\u00eds pretende que a marca da participa\u00e7\u00e3o se consolide daqui pra frente em todas as pr\u00f3ximas C\u00fapulas dos chefes de Estado do G20.<\/p>\n\n\n\n<p><\/p>\n\n\n\n<p><\/p>\n\n\n\n<p>Rep\u00f3rter: Natalina Alves<\/p>\n\n\n\n<p><\/p>\n","protected":false},"excerpt":{"rendered":"<p>O f\u00f3rum acontece nos dias 13 e 14 de novembro, no Rio de Janeiro, dento da programa\u00e7\u00e3o do G20 Social A secret\u00e1ria das Rela\u00e7\u00f5es Sociais, N\u00fabia Lopes, est\u00e1 participando do [&hellip;]<\/p>\n","protected":false},"author":1748,"featured_media":2599,"comment_status":"closed","ping_status":"closed","sticky":false,"template":"","format":"standard","meta":[],"categories":[34],"tags":[47,41],"featured_image_urls":{"full":["https:\/\/portal.pi.gov.br\/seres\/wp-content\/uploads\/sites\/87\/2024\/11\/0.jpeg",1280,960,false],"thumbnail":["https:\/\/portal.pi.gov.br\/seres\/wp-content\/uploads\/sites\/87\/2024\/11\/0-150x150.jpeg",150,150,true],"medium":["https:\/\/portal.pi.gov.br\/seres\/wp-content\/uploads\/sites\/87\/2024\/11\/0-300x225.jpeg",300,225,true],"medium_large":["https:\/\/portal.pi.gov.br\/seres\/wp-content\/uploads\/sites\/87\/2024\/11\/0-768x576.jpeg",768,576,true],"large":["https:\/\/portal.pi.gov.br\/seres\/wp-content\/uploads\/sites\/87\/2024\/11\/0-1024x768.jpeg",887,665,true],"sgg-420":["https:\/\/portal.pi.gov.br\/seres\/wp-content\/uploads\/sites\/87\/2024\/11\/0-420x315.jpeg",420,315,true],"sgg-540":["https:\/\/portal.pi.gov.br\/seres\/wp-content\/uploads\/sites\/87\/2024\/11\/0-540x405.jpeg",540,405,true],"sgg-780":["https:\/\/portal.pi.gov.br\/seres\/wp-content\/uploads\/sites\/87\/2024\/11\/0-780x585.jpeg",780,585,true],"1536x1536":["https:\/\/portal.pi.gov.br\/seres\/wp-content\/uploads\/sites\/87\/2024\/11\/0.jpeg",1280,960,false],"2048x2048":["https:\/\/portal.pi.gov.br\/seres\/wp-content\/uploads\/sites\/87\/2024\/11\/0.jpeg",1280,960,false],"homepage-slider":["https:\/\/portal.pi.gov.br\/seres\/wp-content\/uploads\/sites\/87\/2024\/11\/0-1270x500.jpeg",1270,500,true],"homepage-slider-small":["https:\/\/portal.pi.gov.br\/seres\/wp-content\/uploads\/sites\/87\/2024\/11\/0-947x500.jpeg",947,500,true],"page-top":["https:\/\/portal.pi.gov.br\/seres\/wp-content\/uploads\/sites\/87\/2024\/11\/0-947x710.jpeg",947,710,true],"page-small":["https:\/\/portal.pi.gov.br\/seres\/wp-content\/uploads\/sites\/87\/2024\/11\/0-624x468.jpeg",624,468,true],"loop-main":["https:\/\/portal.pi.gov.br\/seres\/wp-content\/uploads\/sites\/87\/2024\/11\/0-365x240.jpeg",365,240,true],"thumb-gallery-widget":["https:\/\/portal.pi.gov.br\/seres\/wp-content\/uploads\/sites\/87\/2024\/11\/0-84x56.jpeg",84,56,true]},"post_excerpt_stackable":"<p>O f\u00f3rum acontece nos dias 13 e 14 de novembro, no Rio de Janeiro, dento da programa\u00e7\u00e3o do G20 Social A secret\u00e1ria das Rela\u00e7\u00f5es Sociais, N\u00fabia Lopes, est\u00e1 participando do F\u00f3rum Interconselhos 2024, evento que segue at\u00e9 quinta-feira (14), e est\u00e1 sendo realizado no Museu do Amanh\u00e3, no Rio de Janeiro. Promovido pela Secretaria Nacional de Participa\u00e7\u00e3o Social da Secretaria-Geral da Presid\u00eancia da Rep\u00fablica, o evento tem como foco o G20 Social, o monitoramento dos resultados do PPA \u2013 Plano Plurianual e a discuss\u00e3o dos processos formativos dos conselheiros(as) nacionais. No primeiro dia de F\u00f3rum foram debatidos o monitoramento dos&hellip;<\/p>\n","category_list":"<a href=\"https:\/\/portal.pi.gov.br\/seres\/category\/noticias\/\" rel=\"category tag\">Not\u00edcias<\/a>","author_info":{"name":"natalina","url":"https:\/\/portal.pi.gov.br\/seres\/author\/natalina\/"},"comments_num":"0 coment\u00e1rio","featured_image_urls_v2":{"full":["https:\/\/portal.pi.gov.br\/seres\/wp-content\/uploads\/sites\/87\/2024\/11\/0.jpeg",1280,960,false],"thumbnail":["https:\/\/portal.pi.gov.br\/seres\/wp-content\/uploads\/sites\/87\/2024\/11\/0-150x150.jpeg",150,150,true],"medium":["https:\/\/portal.pi.gov.br\/seres\/wp-content\/uploads\/sites\/87\/2024\/11\/0-300x225.jpeg",300,225,true],"medium_large":["https:\/\/portal.pi.gov.br\/seres\/wp-content\/uploads\/sites\/87\/2024\/11\/0-768x576.jpeg",768,576,true],"large":["https:\/\/portal.pi.gov.br\/seres\/wp-content\/uploads\/sites\/87\/2024\/11\/0-1024x768.jpeg",887,665,true],"sgg-420":["https:\/\/portal.pi.gov.br\/seres\/wp-content\/uploads\/sites\/87\/2024\/11\/0-420x315.jpeg",420,315,true],"sgg-540":["https:\/\/portal.pi.gov.br\/seres\/wp-content\/uploads\/sites\/87\/2024\/11\/0-540x405.jpeg",540,405,true],"sgg-780":["https:\/\/portal.pi.gov.br\/seres\/wp-content\/uploads\/sites\/87\/2024\/11\/0-780x585.jpeg",780,585,true],"1536x1536":["https:\/\/portal.pi.gov.br\/seres\/wp-content\/uploads\/sites\/87\/2024\/11\/0.jpeg",1280,960,false],"2048x2048":["https:\/\/portal.pi.gov.br\/seres\/wp-content\/uploads\/sites\/87\/2024\/11\/0.jpeg",1280,960,false],"homepage-slider":["https:\/\/portal.pi.gov.br\/seres\/wp-content\/uploads\/sites\/87\/2024\/11\/0-1270x500.jpeg",1270,500,true],"homepage-slider-small":["https:\/\/portal.pi.gov.br\/seres\/wp-content\/uploads\/sites\/87\/2024\/11\/0-947x500.jpeg",947,500,true],"page-top":["https:\/\/portal.pi.gov.br\/seres\/wp-content\/uploads\/sites\/87\/2024\/11\/0-947x710.jpeg",947,710,true],"page-small":["https:\/\/portal.pi.gov.br\/seres\/wp-content\/uploads\/sites\/87\/2024\/11\/0-624x468.jpeg",624,468,true],"loop-main":["https:\/\/portal.pi.gov.br\/seres\/wp-content\/uploads\/sites\/87\/2024\/11\/0-365x240.jpeg",365,240,true],"thumb-gallery-widget":["https:\/\/portal.pi.gov.br\/seres\/wp-content\/uploads\/sites\/87\/2024\/11\/0-84x56.jpeg",84,56,true]},"post_excerpt_stackable_v2":"<p>O f\u00f3rum acontece nos dias 13 e 14 de novembro, no Rio de Janeiro, dento da programa\u00e7\u00e3o do G20 Social A secret\u00e1ria das Rela\u00e7\u00f5es Sociais, N\u00fabia Lopes, est\u00e1 participando do F\u00f3rum Interconselhos 2024, evento que segue at\u00e9 quinta-feira (14), e est\u00e1 sendo realizado no Museu do Amanh\u00e3, no Rio de Janeiro. Promovido pela Secretaria Nacional de Participa\u00e7\u00e3o Social da Secretaria-Geral da Presid\u00eancia da Rep\u00fablica, o evento tem como foco o G20 Social, o monitoramento dos resultados do PPA \u2013 Plano Plurianual e a discuss\u00e3o dos processos formativos dos conselheiros(as) nacionais. No primeiro dia de F\u00f3rum foram debatidos o monitoramento dos&hellip;<\/p>\n","category_list_v2":"<a href=\"https:\/\/portal.pi.gov.br\/seres\/category\/noticias\/\" rel=\"category tag\">Not\u00edcias<\/a>","author_info_v2":{"name":"natalina","url":"https:\/\/portal.pi.gov.br\/seres\/author\/natalina\/"},"comments_num_v2":"0 coment\u00e1rio","jetpack_featured_media_url":"https:\/\/portal.pi.gov.br\/seres\/wp-content\/uploads\/sites\/87\/2024\/11\/0.jpeg","_links":{"self":[{"href":"https:\/\/portal.pi.gov.br\/seres\/wp-json\/wp\/v2\/posts\/2598"}],"collection":[{"href":"https:\/\/portal.pi.gov.br\/seres\/wp-json\/wp\/v2\/posts"}],"about":[{"href":"https:\/\/portal.pi.gov.br\/seres\/wp-json\/wp\/v2\/types\/post"}],"author":[{"embeddable":true,"href":"https:\/\/portal.pi.gov.br\/seres\/wp-json\/wp\/v2\/users\/1748"}],"replies":[{"embeddable":true,"href":"https:\/\/portal.pi.gov.br\/seres\/wp-json\/wp\/v2\/comments?post=2598"}],"version-history":[{"count":10,"href":"https:\/\/portal.pi.gov.br\/seres\/wp-json\/wp\/v2\/posts\/2598\/revisions"}],"predecessor-version":[{"id":2616,"href":"https:\/\/portal.pi.gov.br\/seres\/wp-json\/wp\/v2\/posts\/2598\/revisions\/2616"}],"wp:featuredmedia":[{"embeddable":true,"href":"https:\/\/portal.pi.gov.br\/seres\/wp-json\/wp\/v2\/media\/2599"}],"wp:attachment":[{"href":"https:\/\/portal.pi.gov.br\/seres\/wp-json\/wp\/v2\/media?parent=2598"}],"wp:term":[{"taxonomy":"category","embeddable":true,"href":"https:\/\/portal.pi.gov.br\/seres\/wp-json\/wp\/v2\/categories?post=2598"},{"taxonomy":"post_tag","embeddable":true,"href":"https:\/\/portal.pi.gov.br\/seres\/wp-json\/wp\/v2\/tags?post=2598"}],"curies":[{"name":"wp","href":"https:\/\/api.w.org\/{rel}","templated":true}]}}