{"id":2617,"date":"2024-11-21T11:04:42","date_gmt":"2024-11-21T14:04:42","guid":{"rendered":"https:\/\/portal.pi.gov.br\/seres\/?p=2617"},"modified":"2024-11-21T13:07:49","modified_gmt":"2024-11-21T16:07:49","slug":"governador-assina-ordens-de-servico-para-inicio-de-obras-do-orcamento-participativo-digital","status":"publish","type":"post","link":"https:\/\/portal.pi.gov.br\/seres\/2024\/11\/21\/governador-assina-ordens-de-servico-para-inicio-de-obras-do-orcamento-participativo-digital\/","title":{"rendered":"Governador assina ordens de servi\u00e7o para in\u00edcio de obras do Or\u00e7amento Participativo Digital"},"content":{"rendered":"\n<p>Ser\u00e3o executadas obras de pavimenta\u00e7\u00e3o asf\u00e1ltica e constru\u00e7\u00e3o de um polo de artesanato em Teresina e Parna\u00edba. <\/p>\n\n\n\n<p><\/p>\n\n\n\n<p>O governador Rafael Fonteles assinou as ordens de servi\u00e7o para obras de asfalto e constru\u00e7\u00e3o de um polo de artesanato com recursos do Programa de Or\u00e7amento Participativo Digital do Piau\u00ed (OPA) 2023. Com 88 propostas selecionadas, sendo 84 j\u00e1 conclu\u00eddas ou em execu\u00e7\u00e3o, o programa segue como case de sucesso da participa\u00e7\u00e3o popular no direcionamento de recursos estaduais.<\/p>\n\n\n\n<p>As obras ser\u00e3o executadas pela Secretaria da Infraestrutura (Seinfra), Instituto de Desenvolvimento do Piau\u00ed (Idepi) e Secretaria da Cultura (Secult), em Teresina e Parna\u00edba.<\/p>\n\n\n\n<figure class=\"wp-block-image size-large\"><img decoding=\"async\" loading=\"lazy\" width=\"1024\" height=\"683\" src=\"https:\/\/portal.pi.gov.br\/seres\/wp-content\/uploads\/sites\/87\/2024\/11\/image-3-1024x683.png\" alt=\"\" class=\"wp-image-2618\" srcset=\"https:\/\/portal.pi.gov.br\/seres\/wp-content\/uploads\/sites\/87\/2024\/11\/image-3-1024x683.png 1024w, https:\/\/portal.pi.gov.br\/seres\/wp-content\/uploads\/sites\/87\/2024\/11\/image-3-300x200.png 300w, https:\/\/portal.pi.gov.br\/seres\/wp-content\/uploads\/sites\/87\/2024\/11\/image-3-768x512.png 768w, https:\/\/portal.pi.gov.br\/seres\/wp-content\/uploads\/sites\/87\/2024\/11\/image-3-420x280.png 420w, https:\/\/portal.pi.gov.br\/seres\/wp-content\/uploads\/sites\/87\/2024\/11\/image-3-540x360.png 540w, https:\/\/portal.pi.gov.br\/seres\/wp-content\/uploads\/sites\/87\/2024\/11\/image-3-780x520.png 780w, https:\/\/portal.pi.gov.br\/seres\/wp-content\/uploads\/sites\/87\/2024\/11\/image-3-1536x1024.png 1536w, https:\/\/portal.pi.gov.br\/seres\/wp-content\/uploads\/sites\/87\/2024\/11\/image-3-947x631.png 947w, https:\/\/portal.pi.gov.br\/seres\/wp-content\/uploads\/sites\/87\/2024\/11\/image-3-624x416.png 624w, https:\/\/portal.pi.gov.br\/seres\/wp-content\/uploads\/sites\/87\/2024\/11\/image-3-84x56.png 84w, https:\/\/portal.pi.gov.br\/seres\/wp-content\/uploads\/sites\/87\/2024\/11\/image-3.png 1599w\" sizes=\"(max-width: 1024px) 100vw, 1024px\" \/><\/figure>\n\n\n\n<p>Na capital, foram assinadas duas ordens de servi\u00e7o. Uma delas \u00e9 a constru\u00e7\u00e3o de asfalto da Flor do Campo, zona sudeste, obra executada pelo Idepi, inscrita pela Associa\u00e7\u00e3o de Moradores da Vila Nova Esperan\u00e7a, que conseguiu 593 votos v\u00e1lidos, e onde ser\u00e3o investidos R$ 370.870,03 . A outra \u00e9 a reforma do Polo Artesanal Monte Alegre, que ser\u00e1 executada pela Secult com investimento de R$ 699.941,92 &#8211; inscrita pela Organiza\u00e7\u00e3o Ponto de Equil\u00edbrio, ela foi aprovada com 284 votos.<\/p>\n\n\n\n<p>J\u00e1 em Parna\u00edba, foram assinadas ordens de servi\u00e7o para mais de 15 mil m\u00b2 de asfaltamento executadas por meio da Seinfra. Ser\u00e3o R$ 443.927,45 investidos no asfalto do Conjunto P\u00f4r do Sol, na zona leste, aprovado com 296 votos v\u00e1lidos e inscrito pela Associa\u00e7\u00e3o de Moradores do Conjunto P\u00f4r do Sol; e R$ 424.671,79, de asfalto na Ilha Grande de Santa Isabel, aprovado com 389 votos v\u00e1lidos conseguidos pela Associa\u00e7\u00e3o de Artes\u00e3os em Tran\u00e7ados da Ilha Grande de Santa Isabel.<\/p>\n\n\n\n<p><\/p>\n\n\n\n<p>Para a secret\u00e1ria das Rela\u00e7\u00f5es Sociais, N\u00fabia Lopes, essas obras fortalecem o trabalho feito pelas comunidades  e proporcionam uma melhor  qualidade de vida para a popula\u00e7\u00e3o.  \u201cConsideramos que atendemos \u00e0 popula\u00e7\u00e3o de uma forma geral, inclusive, as lideran\u00e7as comunit\u00e1rias.  Tivemos uma grande participa\u00e7\u00e3o popular e acreditamos que essas obras ir\u00e3o trazer desenvolvimento e melhoria na qualidade de vida de quem mora nesses bairros e regi\u00f5es\u201d, finalizou a gestora.<\/p>\n\n\n\n<p><\/p>\n\n\n\n<p>\u201cO OPA permite, de forma f\u00e1cil e transparente, a participa\u00e7\u00e3o da popula\u00e7\u00e3o nas decis\u00f5es or\u00e7ament\u00e1rias do Estado, e por isso vemos um engajamento cada vez maior&#8221;, destacou o gestor, lembrando que, at\u00e9 o momento, 95,45% das propostas eleitas na primeira edi\u00e7\u00e3o do OPA foram implementadas ou est\u00e3o em andamento, com 94,96% dos recursos j\u00e1 investidos. Os n\u00fameros refletem o compromisso do governo em atender \u00e0s necessidades da popula\u00e7\u00e3o&#8221;, destacou o secret\u00e1rio do Planejamento do Piau\u00ed, Washington Bonfim, <\/p>\n\n\n\n<p><strong>Sobre o OPA<\/strong><\/p>\n\n\n\n<p>O Or\u00e7amento Participativo Digital (OPA) \u00e9 um instrumento que oportuniza \u00e0 popula\u00e7\u00e3o participar diretamente do or\u00e7amento anual do Governo do Estado do Piau\u00ed. Por meio do programa, os cidad\u00e3os podem indicar obras e a\u00e7\u00f5es para que recursos p\u00fablicos sejam investidos nos munic\u00edpios.<\/p>\n\n\n\n<p>Durante o processo, qualquer cidad\u00e3o com mais de 16 anos e CPF pode participar da etapa de vota\u00e7\u00e3o popular. A plataforma digital do programa permite o acesso aos cidad\u00e3os dos munic\u00edpios contemplados.<\/p>\n\n\n\n<p><\/p>\n\n\n\n<p>Seplan \/ SERES <\/p>\n","protected":false},"excerpt":{"rendered":"<p>Ser\u00e3o executadas obras de pavimenta\u00e7\u00e3o asf\u00e1ltica e constru\u00e7\u00e3o de um polo de artesanato em Teresina e Parna\u00edba. O governador Rafael Fonteles assinou as ordens de servi\u00e7o para obras de asfalto [&hellip;]<\/p>\n","protected":false},"author":1748,"featured_media":2618,"comment_status":"closed","ping_status":"closed","sticky":false,"template":"","format":"standard","meta":[],"categories":[34],"tags":[62,47,41],"featured_image_urls":{"full":["https:\/\/portal.pi.gov.br\/seres\/wp-content\/uploads\/sites\/87\/2024\/11\/image-3.png",1599,1066,false],"thumbnail":["https:\/\/portal.pi.gov.br\/seres\/wp-content\/uploads\/sites\/87\/2024\/11\/image-3-150x150.png",150,150,true],"medium":["https:\/\/portal.pi.gov.br\/seres\/wp-content\/uploads\/sites\/87\/2024\/11\/image-3-300x200.png",300,200,true],"medium_large":["https:\/\/portal.pi.gov.br\/seres\/wp-content\/uploads\/sites\/87\/2024\/11\/image-3-768x512.png",768,512,true],"large":["https:\/\/portal.pi.gov.br\/seres\/wp-content\/uploads\/sites\/87\/2024\/11\/image-3-1024x683.png",887,592,true],"sgg-420":["https:\/\/portal.pi.gov.br\/seres\/wp-content\/uploads\/sites\/87\/2024\/11\/image-3-420x280.png",420,280,true],"sgg-540":["https:\/\/portal.pi.gov.br\/seres\/wp-content\/uploads\/sites\/87\/2024\/11\/image-3-540x360.png",540,360,true],"sgg-780":["https:\/\/portal.pi.gov.br\/seres\/wp-content\/uploads\/sites\/87\/2024\/11\/image-3-780x520.png",780,520,true],"1536x1536":["https:\/\/portal.pi.gov.br\/seres\/wp-content\/uploads\/sites\/87\/2024\/11\/image-3-1536x1024.png",1536,1024,true],"2048x2048":["https:\/\/portal.pi.gov.br\/seres\/wp-content\/uploads\/sites\/87\/2024\/11\/image-3.png",1599,1066,false],"homepage-slider":["https:\/\/portal.pi.gov.br\/seres\/wp-content\/uploads\/sites\/87\/2024\/11\/image-3-1270x500.png",1270,500,true],"homepage-slider-small":["https:\/\/portal.pi.gov.br\/seres\/wp-content\/uploads\/sites\/87\/2024\/11\/image-3-947x500.png",947,500,true],"page-top":["https:\/\/portal.pi.gov.br\/seres\/wp-content\/uploads\/sites\/87\/2024\/11\/image-3-947x631.png",947,631,true],"page-small":["https:\/\/portal.pi.gov.br\/seres\/wp-content\/uploads\/sites\/87\/2024\/11\/image-3-624x416.png",624,416,true],"loop-main":["https:\/\/portal.pi.gov.br\/seres\/wp-content\/uploads\/sites\/87\/2024\/11\/image-3-365x240.png",365,240,true],"thumb-gallery-widget":["https:\/\/portal.pi.gov.br\/seres\/wp-content\/uploads\/sites\/87\/2024\/11\/image-3-84x56.png",84,56,true]},"post_excerpt_stackable":"<p>Ser\u00e3o executadas obras de pavimenta\u00e7\u00e3o asf\u00e1ltica e constru\u00e7\u00e3o de um polo de artesanato em Teresina e Parna\u00edba. O governador Rafael Fonteles assinou as ordens de servi\u00e7o para obras de asfalto e constru\u00e7\u00e3o de um polo de artesanato com recursos do Programa de Or\u00e7amento Participativo Digital do Piau\u00ed (OPA) 2023. Com 88 propostas selecionadas, sendo 84 j\u00e1 conclu\u00eddas ou em execu\u00e7\u00e3o, o programa segue como case de sucesso da participa\u00e7\u00e3o popular no direcionamento de recursos estaduais. As obras ser\u00e3o executadas pela Secretaria da Infraestrutura (Seinfra), Instituto de Desenvolvimento do Piau\u00ed (Idepi) e Secretaria da Cultura (Secult), em Teresina e Parna\u00edba. Na&hellip;<\/p>\n","category_list":"<a href=\"https:\/\/portal.pi.gov.br\/seres\/category\/noticias\/\" rel=\"category tag\">Not\u00edcias<\/a>","author_info":{"name":"natalina","url":"https:\/\/portal.pi.gov.br\/seres\/author\/natalina\/"},"comments_num":"0 coment\u00e1rio","featured_image_urls_v2":{"full":["https:\/\/portal.pi.gov.br\/seres\/wp-content\/uploads\/sites\/87\/2024\/11\/image-3.png",1599,1066,false],"thumbnail":["https:\/\/portal.pi.gov.br\/seres\/wp-content\/uploads\/sites\/87\/2024\/11\/image-3-150x150.png",150,150,true],"medium":["https:\/\/portal.pi.gov.br\/seres\/wp-content\/uploads\/sites\/87\/2024\/11\/image-3-300x200.png",300,200,true],"medium_large":["https:\/\/portal.pi.gov.br\/seres\/wp-content\/uploads\/sites\/87\/2024\/11\/image-3-768x512.png",768,512,true],"large":["https:\/\/portal.pi.gov.br\/seres\/wp-content\/uploads\/sites\/87\/2024\/11\/image-3-1024x683.png",887,592,true],"sgg-420":["https:\/\/portal.pi.gov.br\/seres\/wp-content\/uploads\/sites\/87\/2024\/11\/image-3-420x280.png",420,280,true],"sgg-540":["https:\/\/portal.pi.gov.br\/seres\/wp-content\/uploads\/sites\/87\/2024\/11\/image-3-540x360.png",540,360,true],"sgg-780":["https:\/\/portal.pi.gov.br\/seres\/wp-content\/uploads\/sites\/87\/2024\/11\/image-3-780x520.png",780,520,true],"1536x1536":["https:\/\/portal.pi.gov.br\/seres\/wp-content\/uploads\/sites\/87\/2024\/11\/image-3-1536x1024.png",1536,1024,true],"2048x2048":["https:\/\/portal.pi.gov.br\/seres\/wp-content\/uploads\/sites\/87\/2024\/11\/image-3.png",1599,1066,false],"homepage-slider":["https:\/\/portal.pi.gov.br\/seres\/wp-content\/uploads\/sites\/87\/2024\/11\/image-3-1270x500.png",1270,500,true],"homepage-slider-small":["https:\/\/portal.pi.gov.br\/seres\/wp-content\/uploads\/sites\/87\/2024\/11\/image-3-947x500.png",947,500,true],"page-top":["https:\/\/portal.pi.gov.br\/seres\/wp-content\/uploads\/sites\/87\/2024\/11\/image-3-947x631.png",947,631,true],"page-small":["https:\/\/portal.pi.gov.br\/seres\/wp-content\/uploads\/sites\/87\/2024\/11\/image-3-624x416.png",624,416,true],"loop-main":["https:\/\/portal.pi.gov.br\/seres\/wp-content\/uploads\/sites\/87\/2024\/11\/image-3-365x240.png",365,240,true],"thumb-gallery-widget":["https:\/\/portal.pi.gov.br\/seres\/wp-content\/uploads\/sites\/87\/2024\/11\/image-3-84x56.png",84,56,true]},"post_excerpt_stackable_v2":"<p>Ser\u00e3o executadas obras de pavimenta\u00e7\u00e3o asf\u00e1ltica e constru\u00e7\u00e3o de um polo de artesanato em Teresina e Parna\u00edba. O governador Rafael Fonteles assinou as ordens de servi\u00e7o para obras de asfalto e constru\u00e7\u00e3o de um polo de artesanato com recursos do Programa de Or\u00e7amento Participativo Digital do Piau\u00ed (OPA) 2023. Com 88 propostas selecionadas, sendo 84 j\u00e1 conclu\u00eddas ou em execu\u00e7\u00e3o, o programa segue como case de sucesso da participa\u00e7\u00e3o popular no direcionamento de recursos estaduais. As obras ser\u00e3o executadas pela Secretaria da Infraestrutura (Seinfra), Instituto de Desenvolvimento do Piau\u00ed (Idepi) e Secretaria da Cultura (Secult), em Teresina e Parna\u00edba. Na&hellip;<\/p>\n","category_list_v2":"<a href=\"https:\/\/portal.pi.gov.br\/seres\/category\/noticias\/\" rel=\"category tag\">Not\u00edcias<\/a>","author_info_v2":{"name":"natalina","url":"https:\/\/portal.pi.gov.br\/seres\/author\/natalina\/"},"comments_num_v2":"0 coment\u00e1rio","jetpack_featured_media_url":"https:\/\/portal.pi.gov.br\/seres\/wp-content\/uploads\/sites\/87\/2024\/11\/image-3.png","_links":{"self":[{"href":"https:\/\/portal.pi.gov.br\/seres\/wp-json\/wp\/v2\/posts\/2617"}],"collection":[{"href":"https:\/\/portal.pi.gov.br\/seres\/wp-json\/wp\/v2\/posts"}],"about":[{"href":"https:\/\/portal.pi.gov.br\/seres\/wp-json\/wp\/v2\/types\/post"}],"author":[{"embeddable":true,"href":"https:\/\/portal.pi.gov.br\/seres\/wp-json\/wp\/v2\/users\/1748"}],"replies":[{"embeddable":true,"href":"https:\/\/portal.pi.gov.br\/seres\/wp-json\/wp\/v2\/comments?post=2617"}],"version-history":[{"count":3,"href":"https:\/\/portal.pi.gov.br\/seres\/wp-json\/wp\/v2\/posts\/2617\/revisions"}],"predecessor-version":[{"id":2622,"href":"https:\/\/portal.pi.gov.br\/seres\/wp-json\/wp\/v2\/posts\/2617\/revisions\/2622"}],"wp:featuredmedia":[{"embeddable":true,"href":"https:\/\/portal.pi.gov.br\/seres\/wp-json\/wp\/v2\/media\/2618"}],"wp:attachment":[{"href":"https:\/\/portal.pi.gov.br\/seres\/wp-json\/wp\/v2\/media?parent=2617"}],"wp:term":[{"taxonomy":"category","embeddable":true,"href":"https:\/\/portal.pi.gov.br\/seres\/wp-json\/wp\/v2\/categories?post=2617"},{"taxonomy":"post_tag","embeddable":true,"href":"https:\/\/portal.pi.gov.br\/seres\/wp-json\/wp\/v2\/tags?post=2617"}],"curies":[{"name":"wp","href":"https:\/\/api.w.org\/{rel}","templated":true}]}}