{"id":2632,"date":"2024-12-18T21:25:48","date_gmt":"2024-12-19T00:25:48","guid":{"rendered":"https:\/\/portal.pi.gov.br\/seres\/?p=2632"},"modified":"2025-01-14T11:15:30","modified_gmt":"2025-01-14T14:15:30","slug":"guardiao-mirim-forma-150-criancas-por-meio-do-opa","status":"publish","type":"post","link":"https:\/\/portal.pi.gov.br\/seres\/2024\/12\/18\/guardiao-mirim-forma-150-criancas-por-meio-do-opa\/","title":{"rendered":"Por meio do OPA, Guardi\u00e3o Mirim, forma 150 crian\u00e7as"},"content":{"rendered":"\n<p><em>Nesta quarta-feira (18), ocorreu a formatura das crian\u00e7as do projeto nos bairros Teresina Sul, Santa Maria da Codipi e Portal da Alegria.<\/em><\/p>\n\n\n\n<p>O governador Rafael Fonteles, , a secret\u00e1ria de Rela\u00e7\u00f5es Sociais, N\u00fabia Lopes, o secret\u00e1rio de Planejamento, Washington Bonfim e o secret\u00e1rio de Seguran\u00e7a, Chico Lucas, participaram, nesta quarta-feira (18), da solenidade de formatura de 150 crian\u00e7as do projeto Guardi\u00e3o Mirim nos bairros Teresina Sul, Santa Maria da Codipi e Portal da Alegria.<\/p>\n\n\n\n<p>A realiza\u00e7\u00e3o das atividades do projeto nesses bairros foi uma escolha das comunidades de forma democr\u00e1tica atrav\u00e9s do Or\u00e7amento Participativo (OPA) do ano passado. \u201cAqui \u00e9 a conclus\u00e3o do projeto Guardi\u00e3o Mirim, que foi votado no ano passado pelo povo dos bairros Portal da Alegria, Teresina Sul e Santa Maria da Codipi a partir das proposi\u00e7\u00f5es das associa\u00e7\u00f5es. A Ant\u00f4nia, a Ana e a Joana propuseram e agora conclu\u00edram essa a\u00e7\u00e3o do OPA votada pelo povo e conclu\u00edda pelo Governo do Estado na \u00e1rea da seguran\u00e7a p\u00fablica\u201d, disse o governador. <\/p>\n\n\n\n<figure class=\"wp-block-image size-large\"><img decoding=\"async\" loading=\"lazy\" width=\"1024\" height=\"683\" src=\"https:\/\/portal.pi.gov.br\/seres\/wp-content\/uploads\/sites\/87\/2024\/12\/Formatura-do-Projeto-Guardiao-Mirim-e-encerramento-das-atividades-do-OPA50-Gabriel-Paulino-1024x683.jpeg\" alt=\"\" class=\"wp-image-2634\" srcset=\"https:\/\/portal.pi.gov.br\/seres\/wp-content\/uploads\/sites\/87\/2024\/12\/Formatura-do-Projeto-Guardiao-Mirim-e-encerramento-das-atividades-do-OPA50-Gabriel-Paulino-1024x683.jpeg 1024w, https:\/\/portal.pi.gov.br\/seres\/wp-content\/uploads\/sites\/87\/2024\/12\/Formatura-do-Projeto-Guardiao-Mirim-e-encerramento-das-atividades-do-OPA50-Gabriel-Paulino-300x200.jpeg 300w, https:\/\/portal.pi.gov.br\/seres\/wp-content\/uploads\/sites\/87\/2024\/12\/Formatura-do-Projeto-Guardiao-Mirim-e-encerramento-das-atividades-do-OPA50-Gabriel-Paulino-768x512.jpeg 768w, https:\/\/portal.pi.gov.br\/seres\/wp-content\/uploads\/sites\/87\/2024\/12\/Formatura-do-Projeto-Guardiao-Mirim-e-encerramento-das-atividades-do-OPA50-Gabriel-Paulino-420x280.jpeg 420w, https:\/\/portal.pi.gov.br\/seres\/wp-content\/uploads\/sites\/87\/2024\/12\/Formatura-do-Projeto-Guardiao-Mirim-e-encerramento-das-atividades-do-OPA50-Gabriel-Paulino-540x360.jpeg 540w, https:\/\/portal.pi.gov.br\/seres\/wp-content\/uploads\/sites\/87\/2024\/12\/Formatura-do-Projeto-Guardiao-Mirim-e-encerramento-das-atividades-do-OPA50-Gabriel-Paulino-780x520.jpeg 780w, https:\/\/portal.pi.gov.br\/seres\/wp-content\/uploads\/sites\/87\/2024\/12\/Formatura-do-Projeto-Guardiao-Mirim-e-encerramento-das-atividades-do-OPA50-Gabriel-Paulino-1536x1024.jpeg 1536w, https:\/\/portal.pi.gov.br\/seres\/wp-content\/uploads\/sites\/87\/2024\/12\/Formatura-do-Projeto-Guardiao-Mirim-e-encerramento-das-atividades-do-OPA50-Gabriel-Paulino-2048x1366.jpeg 2048w, https:\/\/portal.pi.gov.br\/seres\/wp-content\/uploads\/sites\/87\/2024\/12\/Formatura-do-Projeto-Guardiao-Mirim-e-encerramento-das-atividades-do-OPA50-Gabriel-Paulino-947x631.jpeg 947w, https:\/\/portal.pi.gov.br\/seres\/wp-content\/uploads\/sites\/87\/2024\/12\/Formatura-do-Projeto-Guardiao-Mirim-e-encerramento-das-atividades-do-OPA50-Gabriel-Paulino-624x416.jpeg 624w, https:\/\/portal.pi.gov.br\/seres\/wp-content\/uploads\/sites\/87\/2024\/12\/Formatura-do-Projeto-Guardiao-Mirim-e-encerramento-das-atividades-do-OPA50-Gabriel-Paulino-84x56.jpeg 84w\" sizes=\"(max-width: 1024px) 100vw, 1024px\" \/><\/figure>\n\n\n\n<p><\/p>\n\n\n\n<p>O OPA vem alcan\u00e7ando diversas comunidades gra\u00e7as ao empenho das associa\u00e7\u00f5es e da mobiliza\u00e7\u00e3o dos moradores nos processos participativos de escolha. Segundo a secret\u00e1ria de Rela\u00e7\u00f5es Sociais, N\u00fabia Lopes, o programa vem provocando uma transforma\u00e7\u00e3o social. \u201cEle tem um impacto financeiro pequeno mas o impacto social \u00e9 muito grande e a\u00ed n\u00f3s exemplificamos aqui com o Guardi\u00e3o Mirim. N\u00f3s iniciamos 2024 entregando uma obra da Patrulha Cidad\u00e3 em Parna\u00edba e agora a gente encerra coroando esse ano, consolidando o OPA como um programa que transforma a vida das comunidades. O OPA realmente faz a diferen\u00e7a na vida das pessoas e est\u00e1 conseguindo referendar pol\u00edticas p\u00fablicas que j\u00e1 existiam, como essa\u201d, declarou a secret\u00e1ria.<\/p>\n\n\n\n<p><\/p>\n\n\n\n<figure class=\"wp-block-image size-large\"><img decoding=\"async\" loading=\"lazy\" width=\"1024\" height=\"683\" src=\"https:\/\/portal.pi.gov.br\/seres\/wp-content\/uploads\/sites\/87\/2024\/12\/Formatura-do-Projeto-Guardiao-Mirim-e-encerramento-das-atividades-do-OPA46-Gabriel-Paulino-1024x683.jpeg\" alt=\"\" class=\"wp-image-2635\" srcset=\"https:\/\/portal.pi.gov.br\/seres\/wp-content\/uploads\/sites\/87\/2024\/12\/Formatura-do-Projeto-Guardiao-Mirim-e-encerramento-das-atividades-do-OPA46-Gabriel-Paulino-1024x683.jpeg 1024w, https:\/\/portal.pi.gov.br\/seres\/wp-content\/uploads\/sites\/87\/2024\/12\/Formatura-do-Projeto-Guardiao-Mirim-e-encerramento-das-atividades-do-OPA46-Gabriel-Paulino-300x200.jpeg 300w, https:\/\/portal.pi.gov.br\/seres\/wp-content\/uploads\/sites\/87\/2024\/12\/Formatura-do-Projeto-Guardiao-Mirim-e-encerramento-das-atividades-do-OPA46-Gabriel-Paulino-768x512.jpeg 768w, https:\/\/portal.pi.gov.br\/seres\/wp-content\/uploads\/sites\/87\/2024\/12\/Formatura-do-Projeto-Guardiao-Mirim-e-encerramento-das-atividades-do-OPA46-Gabriel-Paulino-420x280.jpeg 420w, https:\/\/portal.pi.gov.br\/seres\/wp-content\/uploads\/sites\/87\/2024\/12\/Formatura-do-Projeto-Guardiao-Mirim-e-encerramento-das-atividades-do-OPA46-Gabriel-Paulino-540x360.jpeg 540w, https:\/\/portal.pi.gov.br\/seres\/wp-content\/uploads\/sites\/87\/2024\/12\/Formatura-do-Projeto-Guardiao-Mirim-e-encerramento-das-atividades-do-OPA46-Gabriel-Paulino-780x520.jpeg 780w, https:\/\/portal.pi.gov.br\/seres\/wp-content\/uploads\/sites\/87\/2024\/12\/Formatura-do-Projeto-Guardiao-Mirim-e-encerramento-das-atividades-do-OPA46-Gabriel-Paulino-1536x1024.jpeg 1536w, https:\/\/portal.pi.gov.br\/seres\/wp-content\/uploads\/sites\/87\/2024\/12\/Formatura-do-Projeto-Guardiao-Mirim-e-encerramento-das-atividades-do-OPA46-Gabriel-Paulino-2048x1366.jpeg 2048w, https:\/\/portal.pi.gov.br\/seres\/wp-content\/uploads\/sites\/87\/2024\/12\/Formatura-do-Projeto-Guardiao-Mirim-e-encerramento-das-atividades-do-OPA46-Gabriel-Paulino-947x631.jpeg 947w, https:\/\/portal.pi.gov.br\/seres\/wp-content\/uploads\/sites\/87\/2024\/12\/Formatura-do-Projeto-Guardiao-Mirim-e-encerramento-das-atividades-do-OPA46-Gabriel-Paulino-624x416.jpeg 624w, https:\/\/portal.pi.gov.br\/seres\/wp-content\/uploads\/sites\/87\/2024\/12\/Formatura-do-Projeto-Guardiao-Mirim-e-encerramento-das-atividades-do-OPA46-Gabriel-Paulino-84x56.jpeg 84w\" sizes=\"(max-width: 1024px) 100vw, 1024px\" \/><\/figure>\n\n\n\n<p>O aluno Emanoel Lucas Santa Paz, que recebeu certificado e mora no Portal da Alegria, relatou como o Guardi\u00e3o Mirim vem contribuindo para seu desenvolvimento. \u201cAqui me sinto acolhido e respeitado, acima de tudo crescer como cidad\u00e3o. No projeto, a gente aprende coisas que s\u00e3o importantes para a vida inteira, atrav\u00e9s das palestras, esportes e brincadeiras, eu descobri como \u00e9 essencial respeitar as pessoas, ter \u00e9tica, cuidar de mim mesmo e da minha comunidade. Al\u00e9m disso, o Guardi\u00e3o Mirim mostra como podemos ser agentes de transforma\u00e7\u00e3o da nossa sociedade. \u00c9 muito bom saber que mesmo sendo jovens podemos fazer a diferen\u00e7a\u201d, finalizou.&nbsp;<\/p>\n\n\n\n<figure class=\"wp-block-image size-large\"><img decoding=\"async\" loading=\"lazy\" width=\"1024\" height=\"683\" src=\"https:\/\/portal.pi.gov.br\/seres\/wp-content\/uploads\/sites\/87\/2024\/12\/Formatura-do-Projeto-Guardiao-Mirim-e-encerramento-das-atividades-do-OPA43-Gabriel-Paulino-1024x683.jpeg\" alt=\"\" class=\"wp-image-2636\" srcset=\"https:\/\/portal.pi.gov.br\/seres\/wp-content\/uploads\/sites\/87\/2024\/12\/Formatura-do-Projeto-Guardiao-Mirim-e-encerramento-das-atividades-do-OPA43-Gabriel-Paulino-1024x683.jpeg 1024w, https:\/\/portal.pi.gov.br\/seres\/wp-content\/uploads\/sites\/87\/2024\/12\/Formatura-do-Projeto-Guardiao-Mirim-e-encerramento-das-atividades-do-OPA43-Gabriel-Paulino-300x200.jpeg 300w, https:\/\/portal.pi.gov.br\/seres\/wp-content\/uploads\/sites\/87\/2024\/12\/Formatura-do-Projeto-Guardiao-Mirim-e-encerramento-das-atividades-do-OPA43-Gabriel-Paulino-768x512.jpeg 768w, https:\/\/portal.pi.gov.br\/seres\/wp-content\/uploads\/sites\/87\/2024\/12\/Formatura-do-Projeto-Guardiao-Mirim-e-encerramento-das-atividades-do-OPA43-Gabriel-Paulino-420x280.jpeg 420w, https:\/\/portal.pi.gov.br\/seres\/wp-content\/uploads\/sites\/87\/2024\/12\/Formatura-do-Projeto-Guardiao-Mirim-e-encerramento-das-atividades-do-OPA43-Gabriel-Paulino-540x360.jpeg 540w, https:\/\/portal.pi.gov.br\/seres\/wp-content\/uploads\/sites\/87\/2024\/12\/Formatura-do-Projeto-Guardiao-Mirim-e-encerramento-das-atividades-do-OPA43-Gabriel-Paulino-780x520.jpeg 780w, https:\/\/portal.pi.gov.br\/seres\/wp-content\/uploads\/sites\/87\/2024\/12\/Formatura-do-Projeto-Guardiao-Mirim-e-encerramento-das-atividades-do-OPA43-Gabriel-Paulino-1536x1024.jpeg 1536w, https:\/\/portal.pi.gov.br\/seres\/wp-content\/uploads\/sites\/87\/2024\/12\/Formatura-do-Projeto-Guardiao-Mirim-e-encerramento-das-atividades-do-OPA43-Gabriel-Paulino-2048x1366.jpeg 2048w, https:\/\/portal.pi.gov.br\/seres\/wp-content\/uploads\/sites\/87\/2024\/12\/Formatura-do-Projeto-Guardiao-Mirim-e-encerramento-das-atividades-do-OPA43-Gabriel-Paulino-947x631.jpeg 947w, https:\/\/portal.pi.gov.br\/seres\/wp-content\/uploads\/sites\/87\/2024\/12\/Formatura-do-Projeto-Guardiao-Mirim-e-encerramento-das-atividades-do-OPA43-Gabriel-Paulino-624x416.jpeg 624w, https:\/\/portal.pi.gov.br\/seres\/wp-content\/uploads\/sites\/87\/2024\/12\/Formatura-do-Projeto-Guardiao-Mirim-e-encerramento-das-atividades-do-OPA43-Gabriel-Paulino-84x56.jpeg 84w\" sizes=\"(max-width: 1024px) 100vw, 1024px\" \/><\/figure>\n\n\n\n<p><\/p>\n\n\n\n<p>Rep\u00f3rter: Natalina Alves <\/p>\n","protected":false},"excerpt":{"rendered":"<p>Nesta quarta-feira (18), ocorreu a formatura das crian\u00e7as do projeto nos bairros Teresina Sul, Santa Maria da Codipi e Portal da Alegria. O governador Rafael Fonteles, , a secret\u00e1ria de [&hellip;]<\/p>\n","protected":false},"author":1748,"featured_media":2646,"comment_status":"closed","ping_status":"closed","sticky":false,"template":"","format":"standard","meta":[],"categories":[34],"tags":[62,47,41],"featured_image_urls":{"full":["https:\/\/portal.pi.gov.br\/seres\/wp-content\/uploads\/sites\/87\/2024\/12\/Formatura-do-Projeto-Guardiao-Mirim-e-encerramento-das-atividades-do-OPA50-Gabriel-Paulino-1-scaled.jpeg",2560,1707,false],"thumbnail":["https:\/\/portal.pi.gov.br\/seres\/wp-content\/uploads\/sites\/87\/2024\/12\/Formatura-do-Projeto-Guardiao-Mirim-e-encerramento-das-atividades-do-OPA50-Gabriel-Paulino-1-150x150.jpeg",150,150,true],"medium":["https:\/\/portal.pi.gov.br\/seres\/wp-content\/uploads\/sites\/87\/2024\/12\/Formatura-do-Projeto-Guardiao-Mirim-e-encerramento-das-atividades-do-OPA50-Gabriel-Paulino-1-300x200.jpeg",300,200,true],"medium_large":["https:\/\/portal.pi.gov.br\/seres\/wp-content\/uploads\/sites\/87\/2024\/12\/Formatura-do-Projeto-Guardiao-Mirim-e-encerramento-das-atividades-do-OPA50-Gabriel-Paulino-1-768x512.jpeg",768,512,true],"large":["https:\/\/portal.pi.gov.br\/seres\/wp-content\/uploads\/sites\/87\/2024\/12\/Formatura-do-Projeto-Guardiao-Mirim-e-encerramento-das-atividades-do-OPA50-Gabriel-Paulino-1-1024x683.jpeg",887,592,true],"sgg-420":["https:\/\/portal.pi.gov.br\/seres\/wp-content\/uploads\/sites\/87\/2024\/12\/Formatura-do-Projeto-Guardiao-Mirim-e-encerramento-das-atividades-do-OPA50-Gabriel-Paulino-1-420x280.jpeg",420,280,true],"sgg-540":["https:\/\/portal.pi.gov.br\/seres\/wp-content\/uploads\/sites\/87\/2024\/12\/Formatura-do-Projeto-Guardiao-Mirim-e-encerramento-das-atividades-do-OPA50-Gabriel-Paulino-1-540x360.jpeg",540,360,true],"sgg-780":["https:\/\/portal.pi.gov.br\/seres\/wp-content\/uploads\/sites\/87\/2024\/12\/Formatura-do-Projeto-Guardiao-Mirim-e-encerramento-das-atividades-do-OPA50-Gabriel-Paulino-1-780x520.jpeg",780,520,true],"1536x1536":["https:\/\/portal.pi.gov.br\/seres\/wp-content\/uploads\/sites\/87\/2024\/12\/Formatura-do-Projeto-Guardiao-Mirim-e-encerramento-das-atividades-do-OPA50-Gabriel-Paulino-1-1536x1024.jpeg",1536,1024,true],"2048x2048":["https:\/\/portal.pi.gov.br\/seres\/wp-content\/uploads\/sites\/87\/2024\/12\/Formatura-do-Projeto-Guardiao-Mirim-e-encerramento-das-atividades-do-OPA50-Gabriel-Paulino-1-2048x1366.jpeg",2048,1366,true],"homepage-slider":["https:\/\/portal.pi.gov.br\/seres\/wp-content\/uploads\/sites\/87\/2024\/12\/Formatura-do-Projeto-Guardiao-Mirim-e-encerramento-das-atividades-do-OPA50-Gabriel-Paulino-1-1270x500.jpeg",1270,500,true],"homepage-slider-small":["https:\/\/portal.pi.gov.br\/seres\/wp-content\/uploads\/sites\/87\/2024\/12\/Formatura-do-Projeto-Guardiao-Mirim-e-encerramento-das-atividades-do-OPA50-Gabriel-Paulino-1-947x500.jpeg",947,500,true],"page-top":["https:\/\/portal.pi.gov.br\/seres\/wp-content\/uploads\/sites\/87\/2024\/12\/Formatura-do-Projeto-Guardiao-Mirim-e-encerramento-das-atividades-do-OPA50-Gabriel-Paulino-1-947x631.jpeg",947,631,true],"page-small":["https:\/\/portal.pi.gov.br\/seres\/wp-content\/uploads\/sites\/87\/2024\/12\/Formatura-do-Projeto-Guardiao-Mirim-e-encerramento-das-atividades-do-OPA50-Gabriel-Paulino-1-624x416.jpeg",624,416,true],"loop-main":["https:\/\/portal.pi.gov.br\/seres\/wp-content\/uploads\/sites\/87\/2024\/12\/Formatura-do-Projeto-Guardiao-Mirim-e-encerramento-das-atividades-do-OPA50-Gabriel-Paulino-1-365x240.jpeg",365,240,true],"thumb-gallery-widget":["https:\/\/portal.pi.gov.br\/seres\/wp-content\/uploads\/sites\/87\/2024\/12\/Formatura-do-Projeto-Guardiao-Mirim-e-encerramento-das-atividades-do-OPA50-Gabriel-Paulino-1-84x56.jpeg",84,56,true]},"post_excerpt_stackable":"<p>Nesta quarta-feira (18), ocorreu a formatura das crian\u00e7as do projeto nos bairros Teresina Sul, Santa Maria da Codipi e Portal da Alegria. O governador Rafael Fonteles, , a secret\u00e1ria de Rela\u00e7\u00f5es Sociais, N\u00fabia Lopes, o secret\u00e1rio de Planejamento, Washington Bonfim e o secret\u00e1rio de Seguran\u00e7a, Chico Lucas, participaram, nesta quarta-feira (18), da solenidade de formatura de 150 crian\u00e7as do projeto Guardi\u00e3o Mirim nos bairros Teresina Sul, Santa Maria da Codipi e Portal da Alegria. A realiza\u00e7\u00e3o das atividades do projeto nesses bairros foi uma escolha das comunidades de forma democr\u00e1tica atrav\u00e9s do Or\u00e7amento Participativo (OPA) do ano passado. \u201cAqui \u00e9&hellip;<\/p>\n","category_list":"<a href=\"https:\/\/portal.pi.gov.br\/seres\/category\/noticias\/\" rel=\"category tag\">Not\u00edcias<\/a>","author_info":{"name":"natalina","url":"https:\/\/portal.pi.gov.br\/seres\/author\/natalina\/"},"comments_num":"0 coment\u00e1rio","featured_image_urls_v2":{"full":["https:\/\/portal.pi.gov.br\/seres\/wp-content\/uploads\/sites\/87\/2024\/12\/Formatura-do-Projeto-Guardiao-Mirim-e-encerramento-das-atividades-do-OPA50-Gabriel-Paulino-1-scaled.jpeg",2560,1707,false],"thumbnail":["https:\/\/portal.pi.gov.br\/seres\/wp-content\/uploads\/sites\/87\/2024\/12\/Formatura-do-Projeto-Guardiao-Mirim-e-encerramento-das-atividades-do-OPA50-Gabriel-Paulino-1-150x150.jpeg",150,150,true],"medium":["https:\/\/portal.pi.gov.br\/seres\/wp-content\/uploads\/sites\/87\/2024\/12\/Formatura-do-Projeto-Guardiao-Mirim-e-encerramento-das-atividades-do-OPA50-Gabriel-Paulino-1-300x200.jpeg",300,200,true],"medium_large":["https:\/\/portal.pi.gov.br\/seres\/wp-content\/uploads\/sites\/87\/2024\/12\/Formatura-do-Projeto-Guardiao-Mirim-e-encerramento-das-atividades-do-OPA50-Gabriel-Paulino-1-768x512.jpeg",768,512,true],"large":["https:\/\/portal.pi.gov.br\/seres\/wp-content\/uploads\/sites\/87\/2024\/12\/Formatura-do-Projeto-Guardiao-Mirim-e-encerramento-das-atividades-do-OPA50-Gabriel-Paulino-1-1024x683.jpeg",887,592,true],"sgg-420":["https:\/\/portal.pi.gov.br\/seres\/wp-content\/uploads\/sites\/87\/2024\/12\/Formatura-do-Projeto-Guardiao-Mirim-e-encerramento-das-atividades-do-OPA50-Gabriel-Paulino-1-420x280.jpeg",420,280,true],"sgg-540":["https:\/\/portal.pi.gov.br\/seres\/wp-content\/uploads\/sites\/87\/2024\/12\/Formatura-do-Projeto-Guardiao-Mirim-e-encerramento-das-atividades-do-OPA50-Gabriel-Paulino-1-540x360.jpeg",540,360,true],"sgg-780":["https:\/\/portal.pi.gov.br\/seres\/wp-content\/uploads\/sites\/87\/2024\/12\/Formatura-do-Projeto-Guardiao-Mirim-e-encerramento-das-atividades-do-OPA50-Gabriel-Paulino-1-780x520.jpeg",780,520,true],"1536x1536":["https:\/\/portal.pi.gov.br\/seres\/wp-content\/uploads\/sites\/87\/2024\/12\/Formatura-do-Projeto-Guardiao-Mirim-e-encerramento-das-atividades-do-OPA50-Gabriel-Paulino-1-1536x1024.jpeg",1536,1024,true],"2048x2048":["https:\/\/portal.pi.gov.br\/seres\/wp-content\/uploads\/sites\/87\/2024\/12\/Formatura-do-Projeto-Guardiao-Mirim-e-encerramento-das-atividades-do-OPA50-Gabriel-Paulino-1-2048x1366.jpeg",2048,1366,true],"homepage-slider":["https:\/\/portal.pi.gov.br\/seres\/wp-content\/uploads\/sites\/87\/2024\/12\/Formatura-do-Projeto-Guardiao-Mirim-e-encerramento-das-atividades-do-OPA50-Gabriel-Paulino-1-1270x500.jpeg",1270,500,true],"homepage-slider-small":["https:\/\/portal.pi.gov.br\/seres\/wp-content\/uploads\/sites\/87\/2024\/12\/Formatura-do-Projeto-Guardiao-Mirim-e-encerramento-das-atividades-do-OPA50-Gabriel-Paulino-1-947x500.jpeg",947,500,true],"page-top":["https:\/\/portal.pi.gov.br\/seres\/wp-content\/uploads\/sites\/87\/2024\/12\/Formatura-do-Projeto-Guardiao-Mirim-e-encerramento-das-atividades-do-OPA50-Gabriel-Paulino-1-947x631.jpeg",947,631,true],"page-small":["https:\/\/portal.pi.gov.br\/seres\/wp-content\/uploads\/sites\/87\/2024\/12\/Formatura-do-Projeto-Guardiao-Mirim-e-encerramento-das-atividades-do-OPA50-Gabriel-Paulino-1-624x416.jpeg",624,416,true],"loop-main":["https:\/\/portal.pi.gov.br\/seres\/wp-content\/uploads\/sites\/87\/2024\/12\/Formatura-do-Projeto-Guardiao-Mirim-e-encerramento-das-atividades-do-OPA50-Gabriel-Paulino-1-365x240.jpeg",365,240,true],"thumb-gallery-widget":["https:\/\/portal.pi.gov.br\/seres\/wp-content\/uploads\/sites\/87\/2024\/12\/Formatura-do-Projeto-Guardiao-Mirim-e-encerramento-das-atividades-do-OPA50-Gabriel-Paulino-1-84x56.jpeg",84,56,true]},"post_excerpt_stackable_v2":"<p>Nesta quarta-feira (18), ocorreu a formatura das crian\u00e7as do projeto nos bairros Teresina Sul, Santa Maria da Codipi e Portal da Alegria. O governador Rafael Fonteles, , a secret\u00e1ria de Rela\u00e7\u00f5es Sociais, N\u00fabia Lopes, o secret\u00e1rio de Planejamento, Washington Bonfim e o secret\u00e1rio de Seguran\u00e7a, Chico Lucas, participaram, nesta quarta-feira (18), da solenidade de formatura de 150 crian\u00e7as do projeto Guardi\u00e3o Mirim nos bairros Teresina Sul, Santa Maria da Codipi e Portal da Alegria. A realiza\u00e7\u00e3o das atividades do projeto nesses bairros foi uma escolha das comunidades de forma democr\u00e1tica atrav\u00e9s do Or\u00e7amento Participativo (OPA) do ano passado. \u201cAqui \u00e9&hellip;<\/p>\n","category_list_v2":"<a href=\"https:\/\/portal.pi.gov.br\/seres\/category\/noticias\/\" rel=\"category tag\">Not\u00edcias<\/a>","author_info_v2":{"name":"natalina","url":"https:\/\/portal.pi.gov.br\/seres\/author\/natalina\/"},"comments_num_v2":"0 coment\u00e1rio","jetpack_featured_media_url":"https:\/\/portal.pi.gov.br\/seres\/wp-content\/uploads\/sites\/87\/2024\/12\/Formatura-do-Projeto-Guardiao-Mirim-e-encerramento-das-atividades-do-OPA50-Gabriel-Paulino-1-scaled.jpeg","_links":{"self":[{"href":"https:\/\/portal.pi.gov.br\/seres\/wp-json\/wp\/v2\/posts\/2632"}],"collection":[{"href":"https:\/\/portal.pi.gov.br\/seres\/wp-json\/wp\/v2\/posts"}],"about":[{"href":"https:\/\/portal.pi.gov.br\/seres\/wp-json\/wp\/v2\/types\/post"}],"author":[{"embeddable":true,"href":"https:\/\/portal.pi.gov.br\/seres\/wp-json\/wp\/v2\/users\/1748"}],"replies":[{"embeddable":true,"href":"https:\/\/portal.pi.gov.br\/seres\/wp-json\/wp\/v2\/comments?post=2632"}],"version-history":[{"count":5,"href":"https:\/\/portal.pi.gov.br\/seres\/wp-json\/wp\/v2\/posts\/2632\/revisions"}],"predecessor-version":[{"id":2659,"href":"https:\/\/portal.pi.gov.br\/seres\/wp-json\/wp\/v2\/posts\/2632\/revisions\/2659"}],"wp:featuredmedia":[{"embeddable":true,"href":"https:\/\/portal.pi.gov.br\/seres\/wp-json\/wp\/v2\/media\/2646"}],"wp:attachment":[{"href":"https:\/\/portal.pi.gov.br\/seres\/wp-json\/wp\/v2\/media?parent=2632"}],"wp:term":[{"taxonomy":"category","embeddable":true,"href":"https:\/\/portal.pi.gov.br\/seres\/wp-json\/wp\/v2\/categories?post=2632"},{"taxonomy":"post_tag","embeddable":true,"href":"https:\/\/portal.pi.gov.br\/seres\/wp-json\/wp\/v2\/tags?post=2632"}],"curies":[{"name":"wp","href":"https:\/\/api.w.org\/{rel}","templated":true}]}}