{"id":2692,"date":"2025-01-22T12:52:49","date_gmt":"2025-01-22T15:52:49","guid":{"rendered":"https:\/\/portal.pi.gov.br\/seres\/?p=2692"},"modified":"2025-01-30T17:09:07","modified_gmt":"2025-01-30T20:09:07","slug":"seres-indica-lideranca-quilombola-de-oeiras-para-receber-a-ordem-estadual-do-merito-renascenca","status":"publish","type":"post","link":"https:\/\/portal.pi.gov.br\/seres\/2025\/01\/22\/seres-indica-lideranca-quilombola-de-oeiras-para-receber-a-ordem-estadual-do-merito-renascenca\/","title":{"rendered":"Lideran\u00e7a quilombola de Oeiras recebe Ordem Estadual do M\u00e9rito Renascen\u00e7a"},"content":{"rendered":"\n<p>A indica\u00e7\u00e3o foi feita pela Secret\u00e1ria das Rela\u00e7\u00f5es Sociais, N\u00fabia Lopes e o governador Rafael Fonteles.<\/p>\n\n\n\n<p>Maria Dalva Pereira de Sousa, tem 52 anos de Idade, \u00e9 lideran\u00e7a do quilombo Canad\u00e1 Corrente, localizado no munic\u00edpio de Oeiras. Maria iniciou sua milit\u00e2ncia aos 12 anos de idade, atrav\u00e9s das comunidades eclesiais de base, com apoio do Pe. Jo\u00e3o de Deus. Em 2011, sua comunidade foi auto reconhecido pela Funda\u00e7\u00e3o Cultural Palmares como quilombo. Sendo a primeira presidenta da associa\u00e7\u00e3o, maria deixou a presid\u00eancia da associa\u00e7\u00e3o 2015, devido um problema de sa\u00fade que a levou a ficar cega, no qual com muita luta e conseguiu retornar parte da vis\u00e3o de um dos olhos.<\/p>\n\n\n\n<p>\u201cMesmo sendo da comunidade eclesial de base, nunca fomos reconhecidos, pois, nossa cor nos tornava invis\u00edvel, quando assumimos o quilombo tudo melhorou para n\u00f3s, pois perdemos o medo de falar e buscar conhecimento e nossos direitos\u201d. destacou Maria Dalva.<\/p>\n\n\n<div class=\"wp-block-image\">\n<figure class=\"aligncenter size-large is-resized\"><img decoding=\"async\" loading=\"lazy\" src=\"https:\/\/portal.pi.gov.br\/seres\/wp-content\/uploads\/sites\/87\/2025\/01\/WhatsApp-Image-2025-01-24-at-15.34.38-1024x681.jpeg\" alt=\"\" class=\"wp-image-2797\" width=\"651\" height=\"432\" srcset=\"https:\/\/portal.pi.gov.br\/seres\/wp-content\/uploads\/sites\/87\/2025\/01\/WhatsApp-Image-2025-01-24-at-15.34.38-1024x681.jpeg 1024w, https:\/\/portal.pi.gov.br\/seres\/wp-content\/uploads\/sites\/87\/2025\/01\/WhatsApp-Image-2025-01-24-at-15.34.38-300x200.jpeg 300w, https:\/\/portal.pi.gov.br\/seres\/wp-content\/uploads\/sites\/87\/2025\/01\/WhatsApp-Image-2025-01-24-at-15.34.38-768x511.jpeg 768w, https:\/\/portal.pi.gov.br\/seres\/wp-content\/uploads\/sites\/87\/2025\/01\/WhatsApp-Image-2025-01-24-at-15.34.38-420x279.jpeg 420w, https:\/\/portal.pi.gov.br\/seres\/wp-content\/uploads\/sites\/87\/2025\/01\/WhatsApp-Image-2025-01-24-at-15.34.38-540x359.jpeg 540w, https:\/\/portal.pi.gov.br\/seres\/wp-content\/uploads\/sites\/87\/2025\/01\/WhatsApp-Image-2025-01-24-at-15.34.38-780x519.jpeg 780w, https:\/\/portal.pi.gov.br\/seres\/wp-content\/uploads\/sites\/87\/2025\/01\/WhatsApp-Image-2025-01-24-at-15.34.38-1536x1021.jpeg 1536w, https:\/\/portal.pi.gov.br\/seres\/wp-content\/uploads\/sites\/87\/2025\/01\/WhatsApp-Image-2025-01-24-at-15.34.38-947x630.jpeg 947w, https:\/\/portal.pi.gov.br\/seres\/wp-content\/uploads\/sites\/87\/2025\/01\/WhatsApp-Image-2025-01-24-at-15.34.38-624x415.jpeg 624w, https:\/\/portal.pi.gov.br\/seres\/wp-content\/uploads\/sites\/87\/2025\/01\/WhatsApp-Image-2025-01-24-at-15.34.38-84x56.jpeg 84w, https:\/\/portal.pi.gov.br\/seres\/wp-content\/uploads\/sites\/87\/2025\/01\/WhatsApp-Image-2025-01-24-at-15.34.38.jpeg 1600w\" sizes=\"(max-width: 651px) 100vw, 651px\" \/><\/figure><\/div>\n\n\n<p><\/p>\n\n\n\n<p><\/p>\n\n\n\n<p>A  Governo do Estado do Piau\u00ed, atrav\u00e9s da Secretaria de Estado das Rela\u00e7\u00f5es Sociais, reafirma seu compromisso com a igualdade social e a valoriza\u00e7\u00e3o das identidades culturais ao construir um di\u00e1logo permanente com essas comunidades quilombolas. Essas comunidades, profundamente enraizadas na hist\u00f3ria e na identidade do nosso estado, representam a for\u00e7a da resist\u00eancia, a preserva\u00e7\u00e3o de tradi\u00e7\u00f5es ancestrais e uma rica diversidade cultural que merece ser celebrada e apoiada. \u00c9 atrav\u00e9s da uni\u00e3o de esfor\u00e7os e da promo\u00e7\u00e3o de parcerias com organiza\u00e7\u00f5es sociais e entidades quilombolas que se garantir\u00e1 a verdadeira transforma\u00e7\u00e3o, assegurando o cumprimento dos princ\u00edpios constitucionais de justi\u00e7a e dignidade para todos.<\/p>\n\n\n<div class=\"wp-block-image\">\n<figure class=\"aligncenter size-large is-resized\"><img decoding=\"async\" loading=\"lazy\" src=\"https:\/\/portal.pi.gov.br\/seres\/wp-content\/uploads\/sites\/87\/2025\/01\/Prancheta-1-2-1024x549.png\" alt=\"\" class=\"wp-image-2693\" width=\"664\" height=\"356\" srcset=\"https:\/\/portal.pi.gov.br\/seres\/wp-content\/uploads\/sites\/87\/2025\/01\/Prancheta-1-2-1024x549.png 1024w, https:\/\/portal.pi.gov.br\/seres\/wp-content\/uploads\/sites\/87\/2025\/01\/Prancheta-1-2-300x161.png 300w, https:\/\/portal.pi.gov.br\/seres\/wp-content\/uploads\/sites\/87\/2025\/01\/Prancheta-1-2-768x411.png 768w, https:\/\/portal.pi.gov.br\/seres\/wp-content\/uploads\/sites\/87\/2025\/01\/Prancheta-1-2-420x225.png 420w, https:\/\/portal.pi.gov.br\/seres\/wp-content\/uploads\/sites\/87\/2025\/01\/Prancheta-1-2-540x289.png 540w, https:\/\/portal.pi.gov.br\/seres\/wp-content\/uploads\/sites\/87\/2025\/01\/Prancheta-1-2-780x418.png 780w, https:\/\/portal.pi.gov.br\/seres\/wp-content\/uploads\/sites\/87\/2025\/01\/Prancheta-1-2-1536x823.png 1536w, https:\/\/portal.pi.gov.br\/seres\/wp-content\/uploads\/sites\/87\/2025\/01\/Prancheta-1-2-947x507.png 947w, https:\/\/portal.pi.gov.br\/seres\/wp-content\/uploads\/sites\/87\/2025\/01\/Prancheta-1-2-624x334.png 624w, https:\/\/portal.pi.gov.br\/seres\/wp-content\/uploads\/sites\/87\/2025\/01\/Prancheta-1-2.png 1650w\" sizes=\"(max-width: 664px) 100vw, 664px\" \/><\/figure><\/div>\n\n\n<p><strong>Sobre o M\u00e9rito Renascen\u00e7a<\/strong><\/p>\n\n\n\n<p>O M\u00e9rito Renascen\u00e7a \u00e9 o reconhecimento do povo piauiense a personalidades que se destacam no desenvolvimento do Brasil, em especial, do estado do Piau\u00ed, bem como celebra o transcurso dos 202 anos da ades\u00e3o do Piau\u00ed \u00e0 independ\u00eancia do Brasil, ocorrida em Parna\u00edba, em 19 de outubro de 1822. A referida comenda foi criada em 1975, pelos intelectuais Armando Madeira Basto e Arimath\u00e9a Tito Filho, que tiveram grande destaque na educa\u00e7\u00e3o e cultura no Piau\u00ed.<\/p>\n\n\n\n<p><\/p>\n\n\n\n<p><strong>Atividades em Oeiras<\/strong><\/p>\n\n\n\n<p>Na sexta-feira (24), a  programa\u00e7\u00e3o inicia \u00e0s 8h, com honras militares e aposi\u00e7\u00e3o de corbelha de flores na est\u00e1tua de Manoel de Sousa Martins \u2013 \u201cvisconde de Parna\u00edba\u201d. Em seguida, ser\u00e1 realizada missa em a\u00e7\u00e3o de gra\u00e7as, na catedral de Nossa Senhora da Vit\u00f3ria, e o culto em A\u00e7\u00e3o de Gra\u00e7as, na Primeira Igreja Batista. A solenidade de outorga da Ordem Estadual do M\u00e9rito Renascen\u00e7a do Piau\u00ed, no audit\u00f3rio do Centro Diocesano de Pastoral Dom Expedito Lopes, ser\u00e1 \u00e0s 10h e marcar\u00e1 o encerramento das atividades. Trinta e cinco personalidades receber\u00e3o a medalha.<\/p>\n\n\n\n<p><\/p>\n\n\n\n<p>Texto: Natalina Alves<\/p>\n","protected":false},"excerpt":{"rendered":"<p>A indica\u00e7\u00e3o foi feita pela Secret\u00e1ria das Rela\u00e7\u00f5es Sociais, N\u00fabia Lopes e o governador Rafael Fonteles. Maria Dalva Pereira de Sousa, tem 52 anos de Idade, \u00e9 lideran\u00e7a do quilombo [&hellip;]<\/p>\n","protected":false},"author":1748,"featured_media":2800,"comment_status":"closed","ping_status":"closed","sticky":false,"template":"","format":"standard","meta":[],"categories":[34],"tags":[64,47,41],"featured_image_urls":{"full":["https:\/\/portal.pi.gov.br\/seres\/wp-content\/uploads\/sites\/87\/2025\/01\/WhatsApp-Image-2025-01-24-at-15.34.38-1.jpeg",1600,648,false],"thumbnail":["https:\/\/portal.pi.gov.br\/seres\/wp-content\/uploads\/sites\/87\/2025\/01\/WhatsApp-Image-2025-01-24-at-15.34.38-1-150x150.jpeg",150,150,true],"medium":["https:\/\/portal.pi.gov.br\/seres\/wp-content\/uploads\/sites\/87\/2025\/01\/WhatsApp-Image-2025-01-24-at-15.34.38-1-300x122.jpeg",300,122,true],"medium_large":["https:\/\/portal.pi.gov.br\/seres\/wp-content\/uploads\/sites\/87\/2025\/01\/WhatsApp-Image-2025-01-24-at-15.34.38-1-768x311.jpeg",768,311,true],"large":["https:\/\/portal.pi.gov.br\/seres\/wp-content\/uploads\/sites\/87\/2025\/01\/WhatsApp-Image-2025-01-24-at-15.34.38-1-1024x415.jpeg",887,359,true],"sgg-420":["https:\/\/portal.pi.gov.br\/seres\/wp-content\/uploads\/sites\/87\/2025\/01\/WhatsApp-Image-2025-01-24-at-15.34.38-1-420x170.jpeg",420,170,true],"sgg-540":["https:\/\/portal.pi.gov.br\/seres\/wp-content\/uploads\/sites\/87\/2025\/01\/WhatsApp-Image-2025-01-24-at-15.34.38-1-540x219.jpeg",540,219,true],"sgg-780":["https:\/\/portal.pi.gov.br\/seres\/wp-content\/uploads\/sites\/87\/2025\/01\/WhatsApp-Image-2025-01-24-at-15.34.38-1-780x316.jpeg",780,316,true],"1536x1536":["https:\/\/portal.pi.gov.br\/seres\/wp-content\/uploads\/sites\/87\/2025\/01\/WhatsApp-Image-2025-01-24-at-15.34.38-1-1536x622.jpeg",1536,622,true],"2048x2048":["https:\/\/portal.pi.gov.br\/seres\/wp-content\/uploads\/sites\/87\/2025\/01\/WhatsApp-Image-2025-01-24-at-15.34.38-1.jpeg",1600,648,false],"homepage-slider":["https:\/\/portal.pi.gov.br\/seres\/wp-content\/uploads\/sites\/87\/2025\/01\/WhatsApp-Image-2025-01-24-at-15.34.38-1-1270x500.jpeg",1270,500,true],"homepage-slider-small":["https:\/\/portal.pi.gov.br\/seres\/wp-content\/uploads\/sites\/87\/2025\/01\/WhatsApp-Image-2025-01-24-at-15.34.38-1-947x500.jpeg",947,500,true],"page-top":["https:\/\/portal.pi.gov.br\/seres\/wp-content\/uploads\/sites\/87\/2025\/01\/WhatsApp-Image-2025-01-24-at-15.34.38-1-947x384.jpeg",947,384,true],"page-small":["https:\/\/portal.pi.gov.br\/seres\/wp-content\/uploads\/sites\/87\/2025\/01\/WhatsApp-Image-2025-01-24-at-15.34.38-1-624x253.jpeg",624,253,true],"loop-main":["https:\/\/portal.pi.gov.br\/seres\/wp-content\/uploads\/sites\/87\/2025\/01\/WhatsApp-Image-2025-01-24-at-15.34.38-1-365x240.jpeg",365,240,true],"thumb-gallery-widget":["https:\/\/portal.pi.gov.br\/seres\/wp-content\/uploads\/sites\/87\/2025\/01\/WhatsApp-Image-2025-01-24-at-15.34.38-1-84x56.jpeg",84,56,true]},"post_excerpt_stackable":"<p>A indica\u00e7\u00e3o foi feita pela Secret\u00e1ria das Rela\u00e7\u00f5es Sociais, N\u00fabia Lopes e o governador Rafael Fonteles. Maria Dalva Pereira de Sousa, tem 52 anos de Idade, \u00e9 lideran\u00e7a do quilombo Canad\u00e1 Corrente, localizado no munic\u00edpio de Oeiras. Maria iniciou sua milit\u00e2ncia aos 12 anos de idade, atrav\u00e9s das comunidades eclesiais de base, com apoio do Pe. Jo\u00e3o de Deus. Em 2011, sua comunidade foi auto reconhecido pela Funda\u00e7\u00e3o Cultural Palmares como quilombo. Sendo a primeira presidenta da associa\u00e7\u00e3o, maria deixou a presid\u00eancia da associa\u00e7\u00e3o 2015, devido um problema de sa\u00fade que a levou a ficar cega, no qual com muita&hellip;<\/p>\n","category_list":"<a href=\"https:\/\/portal.pi.gov.br\/seres\/category\/noticias\/\" rel=\"category tag\">Not\u00edcias<\/a>","author_info":{"name":"natalina","url":"https:\/\/portal.pi.gov.br\/seres\/author\/natalina\/"},"comments_num":"0 coment\u00e1rio","featured_image_urls_v2":{"full":["https:\/\/portal.pi.gov.br\/seres\/wp-content\/uploads\/sites\/87\/2025\/01\/WhatsApp-Image-2025-01-24-at-15.34.38-1.jpeg",1600,648,false],"thumbnail":["https:\/\/portal.pi.gov.br\/seres\/wp-content\/uploads\/sites\/87\/2025\/01\/WhatsApp-Image-2025-01-24-at-15.34.38-1-150x150.jpeg",150,150,true],"medium":["https:\/\/portal.pi.gov.br\/seres\/wp-content\/uploads\/sites\/87\/2025\/01\/WhatsApp-Image-2025-01-24-at-15.34.38-1-300x122.jpeg",300,122,true],"medium_large":["https:\/\/portal.pi.gov.br\/seres\/wp-content\/uploads\/sites\/87\/2025\/01\/WhatsApp-Image-2025-01-24-at-15.34.38-1-768x311.jpeg",768,311,true],"large":["https:\/\/portal.pi.gov.br\/seres\/wp-content\/uploads\/sites\/87\/2025\/01\/WhatsApp-Image-2025-01-24-at-15.34.38-1-1024x415.jpeg",887,359,true],"sgg-420":["https:\/\/portal.pi.gov.br\/seres\/wp-content\/uploads\/sites\/87\/2025\/01\/WhatsApp-Image-2025-01-24-at-15.34.38-1-420x170.jpeg",420,170,true],"sgg-540":["https:\/\/portal.pi.gov.br\/seres\/wp-content\/uploads\/sites\/87\/2025\/01\/WhatsApp-Image-2025-01-24-at-15.34.38-1-540x219.jpeg",540,219,true],"sgg-780":["https:\/\/portal.pi.gov.br\/seres\/wp-content\/uploads\/sites\/87\/2025\/01\/WhatsApp-Image-2025-01-24-at-15.34.38-1-780x316.jpeg",780,316,true],"1536x1536":["https:\/\/portal.pi.gov.br\/seres\/wp-content\/uploads\/sites\/87\/2025\/01\/WhatsApp-Image-2025-01-24-at-15.34.38-1-1536x622.jpeg",1536,622,true],"2048x2048":["https:\/\/portal.pi.gov.br\/seres\/wp-content\/uploads\/sites\/87\/2025\/01\/WhatsApp-Image-2025-01-24-at-15.34.38-1.jpeg",1600,648,false],"homepage-slider":["https:\/\/portal.pi.gov.br\/seres\/wp-content\/uploads\/sites\/87\/2025\/01\/WhatsApp-Image-2025-01-24-at-15.34.38-1-1270x500.jpeg",1270,500,true],"homepage-slider-small":["https:\/\/portal.pi.gov.br\/seres\/wp-content\/uploads\/sites\/87\/2025\/01\/WhatsApp-Image-2025-01-24-at-15.34.38-1-947x500.jpeg",947,500,true],"page-top":["https:\/\/portal.pi.gov.br\/seres\/wp-content\/uploads\/sites\/87\/2025\/01\/WhatsApp-Image-2025-01-24-at-15.34.38-1-947x384.jpeg",947,384,true],"page-small":["https:\/\/portal.pi.gov.br\/seres\/wp-content\/uploads\/sites\/87\/2025\/01\/WhatsApp-Image-2025-01-24-at-15.34.38-1-624x253.jpeg",624,253,true],"loop-main":["https:\/\/portal.pi.gov.br\/seres\/wp-content\/uploads\/sites\/87\/2025\/01\/WhatsApp-Image-2025-01-24-at-15.34.38-1-365x240.jpeg",365,240,true],"thumb-gallery-widget":["https:\/\/portal.pi.gov.br\/seres\/wp-content\/uploads\/sites\/87\/2025\/01\/WhatsApp-Image-2025-01-24-at-15.34.38-1-84x56.jpeg",84,56,true]},"post_excerpt_stackable_v2":"<p>A indica\u00e7\u00e3o foi feita pela Secret\u00e1ria das Rela\u00e7\u00f5es Sociais, N\u00fabia Lopes e o governador Rafael Fonteles. Maria Dalva Pereira de Sousa, tem 52 anos de Idade, \u00e9 lideran\u00e7a do quilombo Canad\u00e1 Corrente, localizado no munic\u00edpio de Oeiras. Maria iniciou sua milit\u00e2ncia aos 12 anos de idade, atrav\u00e9s das comunidades eclesiais de base, com apoio do Pe. Jo\u00e3o de Deus. Em 2011, sua comunidade foi auto reconhecido pela Funda\u00e7\u00e3o Cultural Palmares como quilombo. Sendo a primeira presidenta da associa\u00e7\u00e3o, maria deixou a presid\u00eancia da associa\u00e7\u00e3o 2015, devido um problema de sa\u00fade que a levou a ficar cega, no qual com muita&hellip;<\/p>\n","category_list_v2":"<a href=\"https:\/\/portal.pi.gov.br\/seres\/category\/noticias\/\" rel=\"category tag\">Not\u00edcias<\/a>","author_info_v2":{"name":"natalina","url":"https:\/\/portal.pi.gov.br\/seres\/author\/natalina\/"},"comments_num_v2":"0 coment\u00e1rio","jetpack_featured_media_url":"https:\/\/portal.pi.gov.br\/seres\/wp-content\/uploads\/sites\/87\/2025\/01\/WhatsApp-Image-2025-01-24-at-15.34.38-1.jpeg","_links":{"self":[{"href":"https:\/\/portal.pi.gov.br\/seres\/wp-json\/wp\/v2\/posts\/2692"}],"collection":[{"href":"https:\/\/portal.pi.gov.br\/seres\/wp-json\/wp\/v2\/posts"}],"about":[{"href":"https:\/\/portal.pi.gov.br\/seres\/wp-json\/wp\/v2\/types\/post"}],"author":[{"embeddable":true,"href":"https:\/\/portal.pi.gov.br\/seres\/wp-json\/wp\/v2\/users\/1748"}],"replies":[{"embeddable":true,"href":"https:\/\/portal.pi.gov.br\/seres\/wp-json\/wp\/v2\/comments?post=2692"}],"version-history":[{"count":6,"href":"https:\/\/portal.pi.gov.br\/seres\/wp-json\/wp\/v2\/posts\/2692\/revisions"}],"predecessor-version":[{"id":2799,"href":"https:\/\/portal.pi.gov.br\/seres\/wp-json\/wp\/v2\/posts\/2692\/revisions\/2799"}],"wp:featuredmedia":[{"embeddable":true,"href":"https:\/\/portal.pi.gov.br\/seres\/wp-json\/wp\/v2\/media\/2800"}],"wp:attachment":[{"href":"https:\/\/portal.pi.gov.br\/seres\/wp-json\/wp\/v2\/media?parent=2692"}],"wp:term":[{"taxonomy":"category","embeddable":true,"href":"https:\/\/portal.pi.gov.br\/seres\/wp-json\/wp\/v2\/categories?post=2692"},{"taxonomy":"post_tag","embeddable":true,"href":"https:\/\/portal.pi.gov.br\/seres\/wp-json\/wp\/v2\/tags?post=2692"}],"curies":[{"name":"wp","href":"https:\/\/api.w.org\/{rel}","templated":true}]}}