{"id":2801,"date":"2025-01-30T17:06:53","date_gmt":"2025-01-30T20:06:53","guid":{"rendered":"https:\/\/portal.pi.gov.br\/seres\/?p=2801"},"modified":"2025-02-07T16:34:37","modified_gmt":"2025-02-07T19:34:37","slug":"governo-do-piaui-realizou-90-reunioes-e-dialogou-com-mais-de-40-categorias-de-servidores-em-2024","status":"publish","type":"post","link":"https:\/\/portal.pi.gov.br\/seres\/2025\/01\/30\/governo-do-piaui-realizou-90-reunioes-e-dialogou-com-mais-de-40-categorias-de-servidores-em-2024\/","title":{"rendered":"Governo do Piau\u00ed realizou 90 reuni\u00f5es e dialogou com mais de 40 categorias de servidores em 2024"},"content":{"rendered":"\n<h4 class=\"wp-block-heading\" style=\"text-transform:capitalize\">Um fato in\u00e9dito que demonstra a disposi\u00e7\u00e3o do governo para o di\u00e1logo com os movimentos sociais e sindicais. <\/h4>\n\n\n\n<p><\/p>\n\n\n\n<p>O Governo do Piau\u00ed, por meio da Mesa Estadual de Negocia\u00e7\u00e3o Permanente (Menp), promoveu 90 reuni\u00f5es e realizou 174 atendimentos a entidades representativas dos servidores p\u00fablicos do Piau\u00ed em 2024. Mais de 40 categorias de profissionais foram ouvidas em suas demandas, discutindo melhorias para o conjunto dos servidores e para a sociedade em geral. Um fato in\u00e9dito que demonstra a disposi\u00e7\u00e3o do governo para o di\u00e1logo com os movimentos sociais e sindicais.<\/p>\n\n\n<div class=\"wp-block-image\">\n<figure class=\"aligncenter size-large is-resized\"><img decoding=\"async\" loading=\"lazy\" src=\"https:\/\/portal.pi.gov.br\/seres\/wp-content\/uploads\/sites\/87\/2025\/01\/WhatsApp-Image-2025-01-30-at-09.34.41-1024x769.jpeg\" alt=\"\" class=\"wp-image-2808\" width=\"738\" height=\"554\" srcset=\"https:\/\/portal.pi.gov.br\/seres\/wp-content\/uploads\/sites\/87\/2025\/01\/WhatsApp-Image-2025-01-30-at-09.34.41-1024x769.jpeg 1024w, https:\/\/portal.pi.gov.br\/seres\/wp-content\/uploads\/sites\/87\/2025\/01\/WhatsApp-Image-2025-01-30-at-09.34.41-300x225.jpeg 300w, https:\/\/portal.pi.gov.br\/seres\/wp-content\/uploads\/sites\/87\/2025\/01\/WhatsApp-Image-2025-01-30-at-09.34.41-768x577.jpeg 768w, https:\/\/portal.pi.gov.br\/seres\/wp-content\/uploads\/sites\/87\/2025\/01\/WhatsApp-Image-2025-01-30-at-09.34.41-420x315.jpeg 420w, https:\/\/portal.pi.gov.br\/seres\/wp-content\/uploads\/sites\/87\/2025\/01\/WhatsApp-Image-2025-01-30-at-09.34.41-540x405.jpeg 540w, https:\/\/portal.pi.gov.br\/seres\/wp-content\/uploads\/sites\/87\/2025\/01\/WhatsApp-Image-2025-01-30-at-09.34.41-780x586.jpeg 780w, https:\/\/portal.pi.gov.br\/seres\/wp-content\/uploads\/sites\/87\/2025\/01\/WhatsApp-Image-2025-01-30-at-09.34.41-947x711.jpeg 947w, https:\/\/portal.pi.gov.br\/seres\/wp-content\/uploads\/sites\/87\/2025\/01\/WhatsApp-Image-2025-01-30-at-09.34.41-624x469.jpeg 624w, https:\/\/portal.pi.gov.br\/seres\/wp-content\/uploads\/sites\/87\/2025\/01\/WhatsApp-Image-2025-01-30-at-09.34.41.jpeg 1200w\" sizes=\"(max-width: 738px) 100vw, 738px\" \/><\/figure><\/div>\n\n\n<p><\/p>\n\n\n\n<p>A Mesa de Negocia\u00e7\u00e3o Permanente \u00e9 coordenada pelas secretarias da Administra\u00e7\u00e3o (Sead) e das Rela\u00e7\u00f5es Sociais (Seres). Criada pelo Decreto Estadual n\u00ba 22.627\/23, assinado pelo governador Rafael Fonteles, a Menp tem como objetivo buscar solu\u00e7\u00f5es negociadas para as demandas de diversas \u00e1reas, como administra\u00e7\u00e3o, educa\u00e7\u00e3o, seguran\u00e7a, sa\u00fade, fazenda e empresas p\u00fablicas.<\/p>\n\n\n\n<p>A iniciativa demonstra o compromisso do governo com o di\u00e1logo cont\u00ednuo e a participa\u00e7\u00e3o ativa de sindicatos e movimentos sociais&#8221;, explica a secret\u00e1ria das Rela\u00e7\u00f5es Sociais, N\u00fabia Lopes. \u201cTodas as decis\u00f5es relacionadas aos servidores s\u00e3o fruto de um processo de di\u00e1logo com as entidades, garantindo que as solu\u00e7\u00f5es sejam coletivas, democr\u00e1ticas e atendam \u00e0s necessidades de cada categoria&#8221;.<\/p>\n\n\n<div class=\"wp-block-image\">\n<figure class=\"aligncenter size-large is-resized\"><img decoding=\"async\" loading=\"lazy\" src=\"https:\/\/portal.pi.gov.br\/seres\/wp-content\/uploads\/sites\/87\/2025\/01\/WhatsApp-Image-2025-01-17-at-11.15.31-1-1-1024x768.jpeg\" alt=\"\" class=\"wp-image-2814\" width=\"702\" height=\"527\" srcset=\"https:\/\/portal.pi.gov.br\/seres\/wp-content\/uploads\/sites\/87\/2025\/01\/WhatsApp-Image-2025-01-17-at-11.15.31-1-1-1024x768.jpeg 1024w, https:\/\/portal.pi.gov.br\/seres\/wp-content\/uploads\/sites\/87\/2025\/01\/WhatsApp-Image-2025-01-17-at-11.15.31-1-1-300x225.jpeg 300w, https:\/\/portal.pi.gov.br\/seres\/wp-content\/uploads\/sites\/87\/2025\/01\/WhatsApp-Image-2025-01-17-at-11.15.31-1-1-768x576.jpeg 768w, https:\/\/portal.pi.gov.br\/seres\/wp-content\/uploads\/sites\/87\/2025\/01\/WhatsApp-Image-2025-01-17-at-11.15.31-1-1-420x315.jpeg 420w, https:\/\/portal.pi.gov.br\/seres\/wp-content\/uploads\/sites\/87\/2025\/01\/WhatsApp-Image-2025-01-17-at-11.15.31-1-1-540x405.jpeg 540w, https:\/\/portal.pi.gov.br\/seres\/wp-content\/uploads\/sites\/87\/2025\/01\/WhatsApp-Image-2025-01-17-at-11.15.31-1-1-780x585.jpeg 780w, https:\/\/portal.pi.gov.br\/seres\/wp-content\/uploads\/sites\/87\/2025\/01\/WhatsApp-Image-2025-01-17-at-11.15.31-1-1-1536x1152.jpeg 1536w, https:\/\/portal.pi.gov.br\/seres\/wp-content\/uploads\/sites\/87\/2025\/01\/WhatsApp-Image-2025-01-17-at-11.15.31-1-1-947x710.jpeg 947w, https:\/\/portal.pi.gov.br\/seres\/wp-content\/uploads\/sites\/87\/2025\/01\/WhatsApp-Image-2025-01-17-at-11.15.31-1-1-624x468.jpeg 624w, https:\/\/portal.pi.gov.br\/seres\/wp-content\/uploads\/sites\/87\/2025\/01\/WhatsApp-Image-2025-01-17-at-11.15.31-1-1.jpeg 1600w\" sizes=\"(max-width: 702px) 100vw, 702px\" \/><\/figure><\/div>\n\n\n<p>De acordo com o secret\u00e1rio da Administra\u00e7\u00e3o, Samuel Nascimento, a aproxima\u00e7\u00e3o com os sindicatos \u00e9 uma caracter\u00edstica da atual gest\u00e3o, que prioriza a constru\u00e7\u00e3o de um Estado mais justo e democr\u00e1tico, com decis\u00f5es fundamentadas em um processo de negocia\u00e7\u00e3o permanente e aberto. &#8220;A Menp refor\u00e7a o compromisso do governo Rafael Fonteles com a transpar\u00eancia e a constru\u00e7\u00e3o de solu\u00e7\u00f5es compartilhadas, respeitando os direitos dos servidores e garantindo a participa\u00e7\u00e3o das entidades sindicais em todas as discuss\u00f5es relevantes&#8221;, destaca.<\/p>\n\n\n\n<p><\/p>\n\n\n\n<p>Reprodu\u00e7\u00e3o: CCOM <\/p>\n","protected":false},"excerpt":{"rendered":"<p>Um fato in\u00e9dito que demonstra a disposi\u00e7\u00e3o do governo para o di\u00e1logo com os movimentos sociais e sindicais. O Governo do Piau\u00ed, por meio da Mesa Estadual de Negocia\u00e7\u00e3o Permanente [&hellip;]<\/p>\n","protected":false},"author":1748,"featured_media":2821,"comment_status":"closed","ping_status":"closed","sticky":false,"template":"","format":"standard","meta":[],"categories":[34],"tags":[],"featured_image_urls":{"full":["https:\/\/portal.pi.gov.br\/seres\/wp-content\/uploads\/sites\/87\/2025\/01\/469291349_17943861851917347_968124037108906302_n.jpg",1440,1080,false],"thumbnail":["https:\/\/portal.pi.gov.br\/seres\/wp-content\/uploads\/sites\/87\/2025\/01\/469291349_17943861851917347_968124037108906302_n-150x150.jpg",150,150,true],"medium":["https:\/\/portal.pi.gov.br\/seres\/wp-content\/uploads\/sites\/87\/2025\/01\/469291349_17943861851917347_968124037108906302_n-300x225.jpg",300,225,true],"medium_large":["https:\/\/portal.pi.gov.br\/seres\/wp-content\/uploads\/sites\/87\/2025\/01\/469291349_17943861851917347_968124037108906302_n-768x576.jpg",768,576,true],"large":["https:\/\/portal.pi.gov.br\/seres\/wp-content\/uploads\/sites\/87\/2025\/01\/469291349_17943861851917347_968124037108906302_n-1024x768.jpg",887,665,true],"sgg-420":["https:\/\/portal.pi.gov.br\/seres\/wp-content\/uploads\/sites\/87\/2025\/01\/469291349_17943861851917347_968124037108906302_n-420x315.jpg",420,315,true],"sgg-540":["https:\/\/portal.pi.gov.br\/seres\/wp-content\/uploads\/sites\/87\/2025\/01\/469291349_17943861851917347_968124037108906302_n-540x405.jpg",540,405,true],"sgg-780":["https:\/\/portal.pi.gov.br\/seres\/wp-content\/uploads\/sites\/87\/2025\/01\/469291349_17943861851917347_968124037108906302_n-780x585.jpg",780,585,true],"1536x1536":["https:\/\/portal.pi.gov.br\/seres\/wp-content\/uploads\/sites\/87\/2025\/01\/469291349_17943861851917347_968124037108906302_n.jpg",1440,1080,false],"2048x2048":["https:\/\/portal.pi.gov.br\/seres\/wp-content\/uploads\/sites\/87\/2025\/01\/469291349_17943861851917347_968124037108906302_n.jpg",1440,1080,false],"homepage-slider":["https:\/\/portal.pi.gov.br\/seres\/wp-content\/uploads\/sites\/87\/2025\/01\/469291349_17943861851917347_968124037108906302_n-1270x500.jpg",1270,500,true],"homepage-slider-small":["https:\/\/portal.pi.gov.br\/seres\/wp-content\/uploads\/sites\/87\/2025\/01\/469291349_17943861851917347_968124037108906302_n-947x500.jpg",947,500,true],"page-top":["https:\/\/portal.pi.gov.br\/seres\/wp-content\/uploads\/sites\/87\/2025\/01\/469291349_17943861851917347_968124037108906302_n-947x710.jpg",947,710,true],"page-small":["https:\/\/portal.pi.gov.br\/seres\/wp-content\/uploads\/sites\/87\/2025\/01\/469291349_17943861851917347_968124037108906302_n-624x468.jpg",624,468,true],"loop-main":["https:\/\/portal.pi.gov.br\/seres\/wp-content\/uploads\/sites\/87\/2025\/01\/469291349_17943861851917347_968124037108906302_n-365x240.jpg",365,240,true],"thumb-gallery-widget":["https:\/\/portal.pi.gov.br\/seres\/wp-content\/uploads\/sites\/87\/2025\/01\/469291349_17943861851917347_968124037108906302_n-84x56.jpg",84,56,true]},"post_excerpt_stackable":"<p>Um fato in\u00e9dito que demonstra a disposi\u00e7\u00e3o do governo para o di\u00e1logo com os movimentos sociais e sindicais. O Governo do Piau\u00ed, por meio da Mesa Estadual de Negocia\u00e7\u00e3o Permanente (Menp), promoveu 90 reuni\u00f5es e realizou 174 atendimentos a entidades representativas dos servidores p\u00fablicos do Piau\u00ed em 2024. Mais de 40 categorias de profissionais foram ouvidas em suas demandas, discutindo melhorias para o conjunto dos servidores e para a sociedade em geral. Um fato in\u00e9dito que demonstra a disposi\u00e7\u00e3o do governo para o di\u00e1logo com os movimentos sociais e sindicais. A Mesa de Negocia\u00e7\u00e3o Permanente \u00e9 coordenada pelas secretarias da&hellip;<\/p>\n","category_list":"<a href=\"https:\/\/portal.pi.gov.br\/seres\/category\/noticias\/\" rel=\"category tag\">Not\u00edcias<\/a>","author_info":{"name":"natalina","url":"https:\/\/portal.pi.gov.br\/seres\/author\/natalina\/"},"comments_num":"0 coment\u00e1rio","featured_image_urls_v2":{"full":["https:\/\/portal.pi.gov.br\/seres\/wp-content\/uploads\/sites\/87\/2025\/01\/469291349_17943861851917347_968124037108906302_n.jpg",1440,1080,false],"thumbnail":["https:\/\/portal.pi.gov.br\/seres\/wp-content\/uploads\/sites\/87\/2025\/01\/469291349_17943861851917347_968124037108906302_n-150x150.jpg",150,150,true],"medium":["https:\/\/portal.pi.gov.br\/seres\/wp-content\/uploads\/sites\/87\/2025\/01\/469291349_17943861851917347_968124037108906302_n-300x225.jpg",300,225,true],"medium_large":["https:\/\/portal.pi.gov.br\/seres\/wp-content\/uploads\/sites\/87\/2025\/01\/469291349_17943861851917347_968124037108906302_n-768x576.jpg",768,576,true],"large":["https:\/\/portal.pi.gov.br\/seres\/wp-content\/uploads\/sites\/87\/2025\/01\/469291349_17943861851917347_968124037108906302_n-1024x768.jpg",887,665,true],"sgg-420":["https:\/\/portal.pi.gov.br\/seres\/wp-content\/uploads\/sites\/87\/2025\/01\/469291349_17943861851917347_968124037108906302_n-420x315.jpg",420,315,true],"sgg-540":["https:\/\/portal.pi.gov.br\/seres\/wp-content\/uploads\/sites\/87\/2025\/01\/469291349_17943861851917347_968124037108906302_n-540x405.jpg",540,405,true],"sgg-780":["https:\/\/portal.pi.gov.br\/seres\/wp-content\/uploads\/sites\/87\/2025\/01\/469291349_17943861851917347_968124037108906302_n-780x585.jpg",780,585,true],"1536x1536":["https:\/\/portal.pi.gov.br\/seres\/wp-content\/uploads\/sites\/87\/2025\/01\/469291349_17943861851917347_968124037108906302_n.jpg",1440,1080,false],"2048x2048":["https:\/\/portal.pi.gov.br\/seres\/wp-content\/uploads\/sites\/87\/2025\/01\/469291349_17943861851917347_968124037108906302_n.jpg",1440,1080,false],"homepage-slider":["https:\/\/portal.pi.gov.br\/seres\/wp-content\/uploads\/sites\/87\/2025\/01\/469291349_17943861851917347_968124037108906302_n-1270x500.jpg",1270,500,true],"homepage-slider-small":["https:\/\/portal.pi.gov.br\/seres\/wp-content\/uploads\/sites\/87\/2025\/01\/469291349_17943861851917347_968124037108906302_n-947x500.jpg",947,500,true],"page-top":["https:\/\/portal.pi.gov.br\/seres\/wp-content\/uploads\/sites\/87\/2025\/01\/469291349_17943861851917347_968124037108906302_n-947x710.jpg",947,710,true],"page-small":["https:\/\/portal.pi.gov.br\/seres\/wp-content\/uploads\/sites\/87\/2025\/01\/469291349_17943861851917347_968124037108906302_n-624x468.jpg",624,468,true],"loop-main":["https:\/\/portal.pi.gov.br\/seres\/wp-content\/uploads\/sites\/87\/2025\/01\/469291349_17943861851917347_968124037108906302_n-365x240.jpg",365,240,true],"thumb-gallery-widget":["https:\/\/portal.pi.gov.br\/seres\/wp-content\/uploads\/sites\/87\/2025\/01\/469291349_17943861851917347_968124037108906302_n-84x56.jpg",84,56,true]},"post_excerpt_stackable_v2":"<p>Um fato in\u00e9dito que demonstra a disposi\u00e7\u00e3o do governo para o di\u00e1logo com os movimentos sociais e sindicais. O Governo do Piau\u00ed, por meio da Mesa Estadual de Negocia\u00e7\u00e3o Permanente (Menp), promoveu 90 reuni\u00f5es e realizou 174 atendimentos a entidades representativas dos servidores p\u00fablicos do Piau\u00ed em 2024. Mais de 40 categorias de profissionais foram ouvidas em suas demandas, discutindo melhorias para o conjunto dos servidores e para a sociedade em geral. Um fato in\u00e9dito que demonstra a disposi\u00e7\u00e3o do governo para o di\u00e1logo com os movimentos sociais e sindicais. A Mesa de Negocia\u00e7\u00e3o Permanente \u00e9 coordenada pelas secretarias da&hellip;<\/p>\n","category_list_v2":"<a href=\"https:\/\/portal.pi.gov.br\/seres\/category\/noticias\/\" rel=\"category tag\">Not\u00edcias<\/a>","author_info_v2":{"name":"natalina","url":"https:\/\/portal.pi.gov.br\/seres\/author\/natalina\/"},"comments_num_v2":"0 coment\u00e1rio","jetpack_featured_media_url":"https:\/\/portal.pi.gov.br\/seres\/wp-content\/uploads\/sites\/87\/2025\/01\/469291349_17943861851917347_968124037108906302_n.jpg","_links":{"self":[{"href":"https:\/\/portal.pi.gov.br\/seres\/wp-json\/wp\/v2\/posts\/2801"}],"collection":[{"href":"https:\/\/portal.pi.gov.br\/seres\/wp-json\/wp\/v2\/posts"}],"about":[{"href":"https:\/\/portal.pi.gov.br\/seres\/wp-json\/wp\/v2\/types\/post"}],"author":[{"embeddable":true,"href":"https:\/\/portal.pi.gov.br\/seres\/wp-json\/wp\/v2\/users\/1748"}],"replies":[{"embeddable":true,"href":"https:\/\/portal.pi.gov.br\/seres\/wp-json\/wp\/v2\/comments?post=2801"}],"version-history":[{"count":11,"href":"https:\/\/portal.pi.gov.br\/seres\/wp-json\/wp\/v2\/posts\/2801\/revisions"}],"predecessor-version":[{"id":2883,"href":"https:\/\/portal.pi.gov.br\/seres\/wp-json\/wp\/v2\/posts\/2801\/revisions\/2883"}],"wp:featuredmedia":[{"embeddable":true,"href":"https:\/\/portal.pi.gov.br\/seres\/wp-json\/wp\/v2\/media\/2821"}],"wp:attachment":[{"href":"https:\/\/portal.pi.gov.br\/seres\/wp-json\/wp\/v2\/media?parent=2801"}],"wp:term":[{"taxonomy":"category","embeddable":true,"href":"https:\/\/portal.pi.gov.br\/seres\/wp-json\/wp\/v2\/categories?post=2801"},{"taxonomy":"post_tag","embeddable":true,"href":"https:\/\/portal.pi.gov.br\/seres\/wp-json\/wp\/v2\/tags?post=2801"}],"curies":[{"name":"wp","href":"https:\/\/api.w.org\/{rel}","templated":true}]}}