{"id":2822,"date":"2025-02-03T18:11:13","date_gmt":"2025-02-03T21:11:13","guid":{"rendered":"https:\/\/portal.pi.gov.br\/seres\/?p=2822"},"modified":"2025-02-07T16:31:57","modified_gmt":"2025-02-07T19:31:57","slug":"ano-letivo-da-rede-estadual-de-educacao-do-piaui-iniciou-hoje-03","status":"publish","type":"post","link":"https:\/\/portal.pi.gov.br\/seres\/2025\/02\/03\/ano-letivo-da-rede-estadual-de-educacao-do-piaui-iniciou-hoje-03\/","title":{"rendered":"Secret\u00e1ria N\u00fabia Lopes participa de solenidade que inicia o ano letivo da Rede Estadual de Educa\u00e7\u00e3o do Piau\u00ed"},"content":{"rendered":"\n<p>A solenidade foi realizada no CETI Dirceu Arcoverde, em Teresina.<\/p>\n\n\n\n<p><\/p>\n\n\n\n<p>Nesta segunda-feira (03), a secret\u00e1ria N\u00fabia Lopes participou ao lado secret\u00e1rio de Educa\u00e7\u00e3o, Washington Bandeira, da abertura oficial do ano letivo da Rede Estadual de Educa\u00e7\u00e3o do Piau\u00ed e da aula inaugural das turmas ITA\/IME da Rede Estadual de Ensino, realizada no CETI Dirceu Arcoverde.<\/p>\n\n\n\n<p><\/p>\n\n\n\n<p>O projeto de Turmas ITA\/IME, pioneiro na rede p\u00fablica estadual do pa\u00eds, tem como objetivo preparar os estudantes para os vestibulares do Instituto Tecnol\u00f3gico de Aeron\u00e1utica (ITA), Instituto Militar de Engenharia (IME) e da Escola de Forma\u00e7\u00e3o de Oficiais da Marinha Mercante (EFOMM).<\/p>\n\n\n\n<p>Os alunos do projeto ITA\/IME receberam do governo do estado, bolsas de moradia e incentivo acad\u00eamico. O aux\u00edlio para perman\u00eancia em Teresina \u00e9 de R$ 700 para estudantes do interior, enquanto as bolsas de incentivo acad\u00eamico variam de R$ 500 a R$ 1.500, conforme a m\u00e9dia trimestral dos alunos. Al\u00e9m disso, os monitores recebem um adicional de R$ 350, permitindo que o valor total das bolsas chegue a at\u00e9 R$ 2.550 mensais.<\/p>\n\n\n<div class=\"wp-block-image\">\n<figure class=\"aligncenter size-large is-resized\"><img decoding=\"async\" loading=\"lazy\" src=\"https:\/\/portal.pi.gov.br\/seres\/wp-content\/uploads\/sites\/87\/2025\/02\/E-1024x768.jpeg\" alt=\"\" class=\"wp-image-2823\" width=\"731\" height=\"548\" srcset=\"https:\/\/portal.pi.gov.br\/seres\/wp-content\/uploads\/sites\/87\/2025\/02\/E-1024x768.jpeg 1024w, https:\/\/portal.pi.gov.br\/seres\/wp-content\/uploads\/sites\/87\/2025\/02\/E-300x225.jpeg 300w, https:\/\/portal.pi.gov.br\/seres\/wp-content\/uploads\/sites\/87\/2025\/02\/E-768x576.jpeg 768w, https:\/\/portal.pi.gov.br\/seres\/wp-content\/uploads\/sites\/87\/2025\/02\/E-420x315.jpeg 420w, https:\/\/portal.pi.gov.br\/seres\/wp-content\/uploads\/sites\/87\/2025\/02\/E-540x405.jpeg 540w, https:\/\/portal.pi.gov.br\/seres\/wp-content\/uploads\/sites\/87\/2025\/02\/E-780x585.jpeg 780w, https:\/\/portal.pi.gov.br\/seres\/wp-content\/uploads\/sites\/87\/2025\/02\/E-1536x1152.jpeg 1536w, https:\/\/portal.pi.gov.br\/seres\/wp-content\/uploads\/sites\/87\/2025\/02\/E-2048x1536.jpeg 2048w, https:\/\/portal.pi.gov.br\/seres\/wp-content\/uploads\/sites\/87\/2025\/02\/E-947x710.jpeg 947w, https:\/\/portal.pi.gov.br\/seres\/wp-content\/uploads\/sites\/87\/2025\/02\/E-624x468.jpeg 624w\" sizes=\"(max-width: 731px) 100vw, 731px\" \/><\/figure><\/div>\n\n\n<p><\/p>\n\n\n\n<p>&#8220;Foi uma honra participar da aula inaugural das turmas do ITA\/IME, um projeto pioneiro que refor\u00e7a o compromisso do Governo do Piau\u00ed com a educa\u00e7\u00e3o de excel\u00eancia. Estamos preparando nossos jovens para os vestibulares mais concorridos do pa\u00eds e para carreiras de destaque em inova\u00e7\u00e3o tecnol\u00f3gica. Parabenizo cada estudante aqui presente, que demonstrou talento e determina\u00e7\u00e3o em um rigoroso processo seletivo. Desejo um ano letivo de muito aprendizado, conquistas e crescimento. O futuro do Piau\u00ed est\u00e1 em boas m\u00e3os, com voc\u00eas&#8221;, destacou a secretaria N\u00fabia Lopes.<\/p>\n\n\n\n<p> <\/p>\n\n\n\n<p><\/p>\n\n\n\n<p>O secret\u00e1rio de Educa\u00e7\u00e3o, Washington Bandeira, destacou a import\u00e2ncia do projeto como um diferencial na rede p\u00fablica estadual. \u201cO ITA e o IME est\u00e3o entre as universidades mais prestigiadas do Brasil e possuem alguns dos vestibulares mais concorridos. Por isso, formamos turmas especiais com professores especializados, material did\u00e1tico pr\u00f3prio, salas equipadas, esporte educacional e apoio financeiro para garantir a melhor prepara\u00e7\u00e3o dos alunos\u201d, afirmou.<\/p>\n\n\n\n<p><\/p>\n\n\n\n<p>\ud83d\udd16 A Revolu\u00e7\u00e3o na Educa\u00e7\u00e3o do Piau\u00ed tem promovido uma transforma\u00e7\u00e3o significativa na qualidade do ensino em todos os n\u00edveis, refletindo em resultados cada vez mais positivos para estudantes e para o futuro do estado.<\/p>\n","protected":false},"excerpt":{"rendered":"<p>A solenidade foi realizada no CETI Dirceu Arcoverde, em Teresina. Nesta segunda-feira (03), a secret\u00e1ria N\u00fabia Lopes participou ao lado secret\u00e1rio de Educa\u00e7\u00e3o, Washington Bandeira, da abertura oficial do ano [&hellip;]<\/p>\n","protected":false},"author":1748,"featured_media":2825,"comment_status":"closed","ping_status":"closed","sticky":false,"template":"","format":"standard","meta":[],"categories":[34],"tags":[],"featured_image_urls":{"full":["https:\/\/portal.pi.gov.br\/seres\/wp-content\/uploads\/sites\/87\/2025\/02\/E-1-scaled.jpeg",2560,1535,false],"thumbnail":["https:\/\/portal.pi.gov.br\/seres\/wp-content\/uploads\/sites\/87\/2025\/02\/E-1-150x150.jpeg",150,150,true],"medium":["https:\/\/portal.pi.gov.br\/seres\/wp-content\/uploads\/sites\/87\/2025\/02\/E-1-300x180.jpeg",300,180,true],"medium_large":["https:\/\/portal.pi.gov.br\/seres\/wp-content\/uploads\/sites\/87\/2025\/02\/E-1-768x460.jpeg",768,460,true],"large":["https:\/\/portal.pi.gov.br\/seres\/wp-content\/uploads\/sites\/87\/2025\/02\/E-1-1024x614.jpeg",887,532,true],"sgg-420":["https:\/\/portal.pi.gov.br\/seres\/wp-content\/uploads\/sites\/87\/2025\/02\/E-1-420x252.jpeg",420,252,true],"sgg-540":["https:\/\/portal.pi.gov.br\/seres\/wp-content\/uploads\/sites\/87\/2025\/02\/E-1-540x324.jpeg",540,324,true],"sgg-780":["https:\/\/portal.pi.gov.br\/seres\/wp-content\/uploads\/sites\/87\/2025\/02\/E-1-780x468.jpeg",780,468,true],"1536x1536":["https:\/\/portal.pi.gov.br\/seres\/wp-content\/uploads\/sites\/87\/2025\/02\/E-1-1536x921.jpeg",1536,921,true],"2048x2048":["https:\/\/portal.pi.gov.br\/seres\/wp-content\/uploads\/sites\/87\/2025\/02\/E-1-2048x1228.jpeg",2048,1228,true],"homepage-slider":["https:\/\/portal.pi.gov.br\/seres\/wp-content\/uploads\/sites\/87\/2025\/02\/E-1-1270x500.jpeg",1270,500,true],"homepage-slider-small":["https:\/\/portal.pi.gov.br\/seres\/wp-content\/uploads\/sites\/87\/2025\/02\/E-1-947x500.jpeg",947,500,true],"page-top":["https:\/\/portal.pi.gov.br\/seres\/wp-content\/uploads\/sites\/87\/2025\/02\/E-1-947x568.jpeg",947,568,true],"page-small":["https:\/\/portal.pi.gov.br\/seres\/wp-content\/uploads\/sites\/87\/2025\/02\/E-1-624x374.jpeg",624,374,true],"loop-main":["https:\/\/portal.pi.gov.br\/seres\/wp-content\/uploads\/sites\/87\/2025\/02\/E-1-365x240.jpeg",365,240,true],"thumb-gallery-widget":["https:\/\/portal.pi.gov.br\/seres\/wp-content\/uploads\/sites\/87\/2025\/02\/E-1-84x56.jpeg",84,56,true]},"post_excerpt_stackable":"<p>A solenidade foi realizada no CETI Dirceu Arcoverde, em Teresina. Nesta segunda-feira (03), a secret\u00e1ria N\u00fabia Lopes participou ao lado secret\u00e1rio de Educa\u00e7\u00e3o, Washington Bandeira, da abertura oficial do ano letivo da Rede Estadual de Educa\u00e7\u00e3o do Piau\u00ed e da aula inaugural das turmas ITA\/IME da Rede Estadual de Ensino, realizada no CETI Dirceu Arcoverde. O projeto de Turmas ITA\/IME, pioneiro na rede p\u00fablica estadual do pa\u00eds, tem como objetivo preparar os estudantes para os vestibulares do Instituto Tecnol\u00f3gico de Aeron\u00e1utica (ITA), Instituto Militar de Engenharia (IME) e da Escola de Forma\u00e7\u00e3o de Oficiais da Marinha Mercante (EFOMM). Os alunos&hellip;<\/p>\n","category_list":"<a href=\"https:\/\/portal.pi.gov.br\/seres\/category\/noticias\/\" rel=\"category tag\">Not\u00edcias<\/a>","author_info":{"name":"natalina","url":"https:\/\/portal.pi.gov.br\/seres\/author\/natalina\/"},"comments_num":"0 coment\u00e1rio","featured_image_urls_v2":{"full":["https:\/\/portal.pi.gov.br\/seres\/wp-content\/uploads\/sites\/87\/2025\/02\/E-1-scaled.jpeg",2560,1535,false],"thumbnail":["https:\/\/portal.pi.gov.br\/seres\/wp-content\/uploads\/sites\/87\/2025\/02\/E-1-150x150.jpeg",150,150,true],"medium":["https:\/\/portal.pi.gov.br\/seres\/wp-content\/uploads\/sites\/87\/2025\/02\/E-1-300x180.jpeg",300,180,true],"medium_large":["https:\/\/portal.pi.gov.br\/seres\/wp-content\/uploads\/sites\/87\/2025\/02\/E-1-768x460.jpeg",768,460,true],"large":["https:\/\/portal.pi.gov.br\/seres\/wp-content\/uploads\/sites\/87\/2025\/02\/E-1-1024x614.jpeg",887,532,true],"sgg-420":["https:\/\/portal.pi.gov.br\/seres\/wp-content\/uploads\/sites\/87\/2025\/02\/E-1-420x252.jpeg",420,252,true],"sgg-540":["https:\/\/portal.pi.gov.br\/seres\/wp-content\/uploads\/sites\/87\/2025\/02\/E-1-540x324.jpeg",540,324,true],"sgg-780":["https:\/\/portal.pi.gov.br\/seres\/wp-content\/uploads\/sites\/87\/2025\/02\/E-1-780x468.jpeg",780,468,true],"1536x1536":["https:\/\/portal.pi.gov.br\/seres\/wp-content\/uploads\/sites\/87\/2025\/02\/E-1-1536x921.jpeg",1536,921,true],"2048x2048":["https:\/\/portal.pi.gov.br\/seres\/wp-content\/uploads\/sites\/87\/2025\/02\/E-1-2048x1228.jpeg",2048,1228,true],"homepage-slider":["https:\/\/portal.pi.gov.br\/seres\/wp-content\/uploads\/sites\/87\/2025\/02\/E-1-1270x500.jpeg",1270,500,true],"homepage-slider-small":["https:\/\/portal.pi.gov.br\/seres\/wp-content\/uploads\/sites\/87\/2025\/02\/E-1-947x500.jpeg",947,500,true],"page-top":["https:\/\/portal.pi.gov.br\/seres\/wp-content\/uploads\/sites\/87\/2025\/02\/E-1-947x568.jpeg",947,568,true],"page-small":["https:\/\/portal.pi.gov.br\/seres\/wp-content\/uploads\/sites\/87\/2025\/02\/E-1-624x374.jpeg",624,374,true],"loop-main":["https:\/\/portal.pi.gov.br\/seres\/wp-content\/uploads\/sites\/87\/2025\/02\/E-1-365x240.jpeg",365,240,true],"thumb-gallery-widget":["https:\/\/portal.pi.gov.br\/seres\/wp-content\/uploads\/sites\/87\/2025\/02\/E-1-84x56.jpeg",84,56,true]},"post_excerpt_stackable_v2":"<p>A solenidade foi realizada no CETI Dirceu Arcoverde, em Teresina. Nesta segunda-feira (03), a secret\u00e1ria N\u00fabia Lopes participou ao lado secret\u00e1rio de Educa\u00e7\u00e3o, Washington Bandeira, da abertura oficial do ano letivo da Rede Estadual de Educa\u00e7\u00e3o do Piau\u00ed e da aula inaugural das turmas ITA\/IME da Rede Estadual de Ensino, realizada no CETI Dirceu Arcoverde. O projeto de Turmas ITA\/IME, pioneiro na rede p\u00fablica estadual do pa\u00eds, tem como objetivo preparar os estudantes para os vestibulares do Instituto Tecnol\u00f3gico de Aeron\u00e1utica (ITA), Instituto Militar de Engenharia (IME) e da Escola de Forma\u00e7\u00e3o de Oficiais da Marinha Mercante (EFOMM). Os alunos&hellip;<\/p>\n","category_list_v2":"<a href=\"https:\/\/portal.pi.gov.br\/seres\/category\/noticias\/\" rel=\"category tag\">Not\u00edcias<\/a>","author_info_v2":{"name":"natalina","url":"https:\/\/portal.pi.gov.br\/seres\/author\/natalina\/"},"comments_num_v2":"0 coment\u00e1rio","jetpack_featured_media_url":"https:\/\/portal.pi.gov.br\/seres\/wp-content\/uploads\/sites\/87\/2025\/02\/E-1-scaled.jpeg","_links":{"self":[{"href":"https:\/\/portal.pi.gov.br\/seres\/wp-json\/wp\/v2\/posts\/2822"}],"collection":[{"href":"https:\/\/portal.pi.gov.br\/seres\/wp-json\/wp\/v2\/posts"}],"about":[{"href":"https:\/\/portal.pi.gov.br\/seres\/wp-json\/wp\/v2\/types\/post"}],"author":[{"embeddable":true,"href":"https:\/\/portal.pi.gov.br\/seres\/wp-json\/wp\/v2\/users\/1748"}],"replies":[{"embeddable":true,"href":"https:\/\/portal.pi.gov.br\/seres\/wp-json\/wp\/v2\/comments?post=2822"}],"version-history":[{"count":9,"href":"https:\/\/portal.pi.gov.br\/seres\/wp-json\/wp\/v2\/posts\/2822\/revisions"}],"predecessor-version":[{"id":2879,"href":"https:\/\/portal.pi.gov.br\/seres\/wp-json\/wp\/v2\/posts\/2822\/revisions\/2879"}],"wp:featuredmedia":[{"embeddable":true,"href":"https:\/\/portal.pi.gov.br\/seres\/wp-json\/wp\/v2\/media\/2825"}],"wp:attachment":[{"href":"https:\/\/portal.pi.gov.br\/seres\/wp-json\/wp\/v2\/media?parent=2822"}],"wp:term":[{"taxonomy":"category","embeddable":true,"href":"https:\/\/portal.pi.gov.br\/seres\/wp-json\/wp\/v2\/categories?post=2822"},{"taxonomy":"post_tag","embeddable":true,"href":"https:\/\/portal.pi.gov.br\/seres\/wp-json\/wp\/v2\/tags?post=2822"}],"curies":[{"name":"wp","href":"https:\/\/api.w.org\/{rel}","templated":true}]}}