{"id":2884,"date":"2025-02-14T10:13:55","date_gmt":"2025-02-14T13:13:55","guid":{"rendered":"https:\/\/portal.pi.gov.br\/seres\/?p=2884"},"modified":"2025-02-14T19:38:11","modified_gmt":"2025-02-14T22:38:11","slug":"seres-participa-de-entrega-de-titulo-de-terra-coletivo-para-da-quebradeiras-de-coco-babacu","status":"publish","type":"post","link":"https:\/\/portal.pi.gov.br\/seres\/2025\/02\/14\/seres-participa-de-entrega-de-titulo-de-terra-coletivo-para-da-quebradeiras-de-coco-babacu\/","title":{"rendered":"Secretaria de Rela\u00e7\u00f5es Sociais participa da entrega de t\u00edtulo coletivo para quebradeiras de coco em S\u00e3o Jo\u00e3o do Arraial"},"content":{"rendered":"\n<p><\/p>\n\n\n\n<p>O Governo do Estado, por interm\u00e9dio do Instituto de Terras do Piau\u00ed (Interpi), realizou na \u00faltima quinta-feira (13), o t\u00edtulo de terra coletivo do territ\u00f3rio Santa Rosa, das Quebradeiras de Coco Baba\u00e7u<strong>,<\/strong>&nbsp;localizado no munic\u00edpio de S\u00e3o Jo\u00e3o do Arraial. <\/p>\n\n\n\n<p><\/p>\n\n\n\n<p>Esse \u00e9 o segundo t\u00edtulo coletivo concedido no Estado e no pa\u00eds, pelo Instituto de Terras do Piau\u00ed (INTERPI). O primeiro, foi o do territ\u00f3rio Vila Esperan\u00e7a, que abrange as regi\u00f5es de Esperantina, Campo Largo do Piau\u00ed e S\u00e3o Jo\u00e3o do Arraial, entregue em 2022. Mais uma importante conquista para as comunidades tradicionais do Piau\u00ed.  Com o ato, o Piau\u00ed reafirma sua posi\u00e7\u00e3o de destaque como o \u00fanico estado do Brasil a reconhecer oficialmente as quebradeiras de coco como uma comunidade tradicional, concedendo-lhes o direito a t\u00edtulos coletivos de terra. <\/p>\n\n\n\n<p>Para a secret\u00e1ria de Rela\u00e7\u00f5es Sociais da Seres, N\u00fabia Lopes , essa \u00e9 uma conquista hist\u00f3rica para todas as quebradeiras de coco baba\u00e7u. &#8221; Hoje \u00e9 um dia muito especial para as comunidades tradicionais do Piau\u00ed, principalmente para territ\u00f3rio Santa Rosa. O Governo do Estado, por interm\u00e9dio do Instituto de Terras do Piau\u00ed (Interpi), realizou a entrega do  t\u00edtulo de terra coletivo do territ\u00f3rio. O objetivo \u00e9 garantir que essas fam\u00edlias possam ter a seguran\u00e7a de que a terra onde vivem e trabalham \u00e9 realmente delas. Com o t\u00edtulo de propriedade, elas ter\u00e3o acesso a novas oportunidades de crescimento, como financiamentos para investir na produ\u00e7\u00e3o e melhorias em suas condi\u00e7\u00f5es de vida&#8221;, destacou a secret\u00e1ria. <\/p>\n\n\n<div class=\"wp-block-image\">\n<figure class=\"aligncenter size-large is-resized\"><img decoding=\"async\" loading=\"lazy\" src=\"https:\/\/portal.pi.gov.br\/seres\/wp-content\/uploads\/sites\/87\/2025\/02\/WhatsApp-Image-2025-02-13-at-15.35.47-1-1024x683.jpeg\" alt=\"\" class=\"wp-image-2892\" width=\"669\" height=\"446\" srcset=\"https:\/\/portal.pi.gov.br\/seres\/wp-content\/uploads\/sites\/87\/2025\/02\/WhatsApp-Image-2025-02-13-at-15.35.47-1-1024x683.jpeg 1024w, https:\/\/portal.pi.gov.br\/seres\/wp-content\/uploads\/sites\/87\/2025\/02\/WhatsApp-Image-2025-02-13-at-15.35.47-1-300x200.jpeg 300w, https:\/\/portal.pi.gov.br\/seres\/wp-content\/uploads\/sites\/87\/2025\/02\/WhatsApp-Image-2025-02-13-at-15.35.47-1-768x512.jpeg 768w, https:\/\/portal.pi.gov.br\/seres\/wp-content\/uploads\/sites\/87\/2025\/02\/WhatsApp-Image-2025-02-13-at-15.35.47-1-420x280.jpeg 420w, https:\/\/portal.pi.gov.br\/seres\/wp-content\/uploads\/sites\/87\/2025\/02\/WhatsApp-Image-2025-02-13-at-15.35.47-1-540x360.jpeg 540w, https:\/\/portal.pi.gov.br\/seres\/wp-content\/uploads\/sites\/87\/2025\/02\/WhatsApp-Image-2025-02-13-at-15.35.47-1-780x520.jpeg 780w, https:\/\/portal.pi.gov.br\/seres\/wp-content\/uploads\/sites\/87\/2025\/02\/WhatsApp-Image-2025-02-13-at-15.35.47-1-1536x1024.jpeg 1536w, https:\/\/portal.pi.gov.br\/seres\/wp-content\/uploads\/sites\/87\/2025\/02\/WhatsApp-Image-2025-02-13-at-15.35.47-1-2048x1366.jpeg 2048w, https:\/\/portal.pi.gov.br\/seres\/wp-content\/uploads\/sites\/87\/2025\/02\/WhatsApp-Image-2025-02-13-at-15.35.47-1-947x631.jpeg 947w, https:\/\/portal.pi.gov.br\/seres\/wp-content\/uploads\/sites\/87\/2025\/02\/WhatsApp-Image-2025-02-13-at-15.35.47-1-624x416.jpeg 624w, https:\/\/portal.pi.gov.br\/seres\/wp-content\/uploads\/sites\/87\/2025\/02\/WhatsApp-Image-2025-02-13-at-15.35.47-1-84x56.jpeg 84w\" sizes=\"(max-width: 669px) 100vw, 669px\" \/><\/figure><\/div>\n\n\n<p> O territ\u00f3rio Santa Rosa \u00e9 lar de 123 fam\u00edlias, totalizando uma popula\u00e7\u00e3o de 206 pessoas. A principal atividade econ\u00f4mica da comunidade \u00e9 o extrativismo do coco baba\u00e7u, cuja quebra e transforma\u00e7\u00e3o resultam em produtos como \u00f3leo, azeite, sabonetes e farinhas. Al\u00e9m disso, para complementar a renda, as fam\u00edlias tamb\u00e9m se dedicam \u00e0 agricultura familiar, com cultivos de milho, arroz, feij\u00e3o e mandioca.<\/p>\n\n\n\n<p>Estamos asseguradas e agora temos direito de viver e trabalhar dentro da nossa comunidade, do nosso territ\u00f3rio. Agrade\u00e7o a cada um que esteve nessa miss\u00e3o junto conosco. Vamos continuar trabalhando e fortalecendo nossa comunidade&#8221;, destacou Gislene Leal, presidente da Associa\u00e7\u00e3o do Territ\u00f3rio Santa Rosa.<\/p>\n\n\n<div class=\"wp-block-image\">\n<figure class=\"aligncenter size-large is-resized\"><img decoding=\"async\" loading=\"lazy\" src=\"https:\/\/portal.pi.gov.br\/seres\/wp-content\/uploads\/sites\/87\/2025\/02\/WhatsApp-Image-2025-02-13-at-15.35.47-1-1-1024x683.jpeg\" alt=\"\" class=\"wp-image-2906\" width=\"722\" height=\"481\" srcset=\"https:\/\/portal.pi.gov.br\/seres\/wp-content\/uploads\/sites\/87\/2025\/02\/WhatsApp-Image-2025-02-13-at-15.35.47-1-1-1024x683.jpeg 1024w, https:\/\/portal.pi.gov.br\/seres\/wp-content\/uploads\/sites\/87\/2025\/02\/WhatsApp-Image-2025-02-13-at-15.35.47-1-1-300x200.jpeg 300w, https:\/\/portal.pi.gov.br\/seres\/wp-content\/uploads\/sites\/87\/2025\/02\/WhatsApp-Image-2025-02-13-at-15.35.47-1-1-768x512.jpeg 768w, https:\/\/portal.pi.gov.br\/seres\/wp-content\/uploads\/sites\/87\/2025\/02\/WhatsApp-Image-2025-02-13-at-15.35.47-1-1-420x280.jpeg 420w, https:\/\/portal.pi.gov.br\/seres\/wp-content\/uploads\/sites\/87\/2025\/02\/WhatsApp-Image-2025-02-13-at-15.35.47-1-1-540x360.jpeg 540w, https:\/\/portal.pi.gov.br\/seres\/wp-content\/uploads\/sites\/87\/2025\/02\/WhatsApp-Image-2025-02-13-at-15.35.47-1-1-780x520.jpeg 780w, https:\/\/portal.pi.gov.br\/seres\/wp-content\/uploads\/sites\/87\/2025\/02\/WhatsApp-Image-2025-02-13-at-15.35.47-1-1-1536x1024.jpeg 1536w, https:\/\/portal.pi.gov.br\/seres\/wp-content\/uploads\/sites\/87\/2025\/02\/WhatsApp-Image-2025-02-13-at-15.35.47-1-1-2048x1366.jpeg 2048w, https:\/\/portal.pi.gov.br\/seres\/wp-content\/uploads\/sites\/87\/2025\/02\/WhatsApp-Image-2025-02-13-at-15.35.47-1-1-947x631.jpeg 947w, https:\/\/portal.pi.gov.br\/seres\/wp-content\/uploads\/sites\/87\/2025\/02\/WhatsApp-Image-2025-02-13-at-15.35.47-1-1-624x416.jpeg 624w, https:\/\/portal.pi.gov.br\/seres\/wp-content\/uploads\/sites\/87\/2025\/02\/WhatsApp-Image-2025-02-13-at-15.35.47-1-1-84x56.jpeg 84w\" sizes=\"(max-width: 722px) 100vw, 722px\" \/><\/figure><\/div>\n\n\n<p>Com o t\u00edtulo de propriedade, as fam\u00edlias ter\u00e3o acesso a financiamentos banc\u00e1rios, assist\u00eancia t\u00e9cnica e outros benef\u00edcios essenciais para fortalecer a produ\u00e7\u00e3o agr\u00edcola e melhorar a qualidade de vida no campo. <\/p>\n\n\n\n<p>\u201cO reconhecimento do territ\u00f3rio Santa Rosa \u00e9 mais um passo no compromisso do Governo do Estado com a regulariza\u00e7\u00e3o fundi\u00e1ria de comunidades tradicionais. Estamos promovendo a seguran\u00e7a jur\u00eddica para essas fam\u00edlias, garantindo a preserva\u00e7\u00e3o de seus modos de vida e refor\u00e7ando a import\u00e2ncia da sustentabilidade\u201d, destacou o diretor-geral do Interpi, Rodrigo Cavalcante. <\/p>\n\n\n\n<p><\/p>\n\n\n\n<p>Rep\u00f3rter: Natalina Alves<\/p>\n","protected":false},"excerpt":{"rendered":"<p>O Governo do Estado, por interm\u00e9dio do Instituto de Terras do Piau\u00ed (Interpi), realizou na \u00faltima quinta-feira (13), o t\u00edtulo de terra coletivo do territ\u00f3rio Santa Rosa, das Quebradeiras de [&hellip;]<\/p>\n","protected":false},"author":1748,"featured_media":2890,"comment_status":"closed","ping_status":"closed","sticky":false,"template":"","format":"standard","meta":[],"categories":[34,1],"tags":[],"featured_image_urls":{"full":["https:\/\/portal.pi.gov.br\/seres\/wp-content\/uploads\/sites\/87\/2025\/02\/Sem-nome-1080-x-412px-2-scaled.jpg",2560,977,false],"thumbnail":["https:\/\/portal.pi.gov.br\/seres\/wp-content\/uploads\/sites\/87\/2025\/02\/Sem-nome-1080-x-412px-2-150x150.jpg",150,150,true],"medium":["https:\/\/portal.pi.gov.br\/seres\/wp-content\/uploads\/sites\/87\/2025\/02\/Sem-nome-1080-x-412px-2-300x114.jpg",300,114,true],"medium_large":["https:\/\/portal.pi.gov.br\/seres\/wp-content\/uploads\/sites\/87\/2025\/02\/Sem-nome-1080-x-412px-2-768x293.jpg",768,293,true],"large":["https:\/\/portal.pi.gov.br\/seres\/wp-content\/uploads\/sites\/87\/2025\/02\/Sem-nome-1080-x-412px-2-1024x391.jpg",887,339,true],"sgg-420":["https:\/\/portal.pi.gov.br\/seres\/wp-content\/uploads\/sites\/87\/2025\/02\/Sem-nome-1080-x-412px-2-420x160.jpg",420,160,true],"sgg-540":["https:\/\/portal.pi.gov.br\/seres\/wp-content\/uploads\/sites\/87\/2025\/02\/Sem-nome-1080-x-412px-2-540x206.jpg",540,206,true],"sgg-780":["https:\/\/portal.pi.gov.br\/seres\/wp-content\/uploads\/sites\/87\/2025\/02\/Sem-nome-1080-x-412px-2-780x298.jpg",780,298,true],"1536x1536":["https:\/\/portal.pi.gov.br\/seres\/wp-content\/uploads\/sites\/87\/2025\/02\/Sem-nome-1080-x-412px-2-1536x586.jpg",1536,586,true],"2048x2048":["https:\/\/portal.pi.gov.br\/seres\/wp-content\/uploads\/sites\/87\/2025\/02\/Sem-nome-1080-x-412px-2-2048x782.jpg",2048,782,true],"homepage-slider":["https:\/\/portal.pi.gov.br\/seres\/wp-content\/uploads\/sites\/87\/2025\/02\/Sem-nome-1080-x-412px-2-1270x500.jpg",1270,500,true],"homepage-slider-small":["https:\/\/portal.pi.gov.br\/seres\/wp-content\/uploads\/sites\/87\/2025\/02\/Sem-nome-1080-x-412px-2-947x500.jpg",947,500,true],"page-top":["https:\/\/portal.pi.gov.br\/seres\/wp-content\/uploads\/sites\/87\/2025\/02\/Sem-nome-1080-x-412px-2-947x361.jpg",947,361,true],"page-small":["https:\/\/portal.pi.gov.br\/seres\/wp-content\/uploads\/sites\/87\/2025\/02\/Sem-nome-1080-x-412px-2-624x238.jpg",624,238,true],"loop-main":["https:\/\/portal.pi.gov.br\/seres\/wp-content\/uploads\/sites\/87\/2025\/02\/Sem-nome-1080-x-412px-2-365x240.jpg",365,240,true],"thumb-gallery-widget":["https:\/\/portal.pi.gov.br\/seres\/wp-content\/uploads\/sites\/87\/2025\/02\/Sem-nome-1080-x-412px-2-84x56.jpg",84,56,true]},"post_excerpt_stackable":"<p>O Governo do Estado, por interm\u00e9dio do Instituto de Terras do Piau\u00ed (Interpi), realizou na \u00faltima quinta-feira (13), o t\u00edtulo de terra coletivo do territ\u00f3rio Santa Rosa, das Quebradeiras de Coco Baba\u00e7u,&nbsp;localizado no munic\u00edpio de S\u00e3o Jo\u00e3o do Arraial. Esse \u00e9 o segundo t\u00edtulo coletivo concedido no Estado e no pa\u00eds, pelo Instituto de Terras do Piau\u00ed (INTERPI). O primeiro, foi o do territ\u00f3rio Vila Esperan\u00e7a, que abrange as regi\u00f5es de Esperantina, Campo Largo do Piau\u00ed e S\u00e3o Jo\u00e3o do Arraial, entregue em 2022. Mais uma importante conquista para as comunidades tradicionais do Piau\u00ed. Com o ato, o Piau\u00ed reafirma&hellip;<\/p>\n","category_list":"<a href=\"https:\/\/portal.pi.gov.br\/seres\/category\/noticias\/\" rel=\"category tag\">Not\u00edcias<\/a>, <a href=\"https:\/\/portal.pi.gov.br\/seres\/category\/sem-categoria\/\" rel=\"category tag\">Sem categoria<\/a>","author_info":{"name":"natalina","url":"https:\/\/portal.pi.gov.br\/seres\/author\/natalina\/"},"comments_num":"0 coment\u00e1rio","featured_image_urls_v2":{"full":["https:\/\/portal.pi.gov.br\/seres\/wp-content\/uploads\/sites\/87\/2025\/02\/Sem-nome-1080-x-412px-2-scaled.jpg",2560,977,false],"thumbnail":["https:\/\/portal.pi.gov.br\/seres\/wp-content\/uploads\/sites\/87\/2025\/02\/Sem-nome-1080-x-412px-2-150x150.jpg",150,150,true],"medium":["https:\/\/portal.pi.gov.br\/seres\/wp-content\/uploads\/sites\/87\/2025\/02\/Sem-nome-1080-x-412px-2-300x114.jpg",300,114,true],"medium_large":["https:\/\/portal.pi.gov.br\/seres\/wp-content\/uploads\/sites\/87\/2025\/02\/Sem-nome-1080-x-412px-2-768x293.jpg",768,293,true],"large":["https:\/\/portal.pi.gov.br\/seres\/wp-content\/uploads\/sites\/87\/2025\/02\/Sem-nome-1080-x-412px-2-1024x391.jpg",887,339,true],"sgg-420":["https:\/\/portal.pi.gov.br\/seres\/wp-content\/uploads\/sites\/87\/2025\/02\/Sem-nome-1080-x-412px-2-420x160.jpg",420,160,true],"sgg-540":["https:\/\/portal.pi.gov.br\/seres\/wp-content\/uploads\/sites\/87\/2025\/02\/Sem-nome-1080-x-412px-2-540x206.jpg",540,206,true],"sgg-780":["https:\/\/portal.pi.gov.br\/seres\/wp-content\/uploads\/sites\/87\/2025\/02\/Sem-nome-1080-x-412px-2-780x298.jpg",780,298,true],"1536x1536":["https:\/\/portal.pi.gov.br\/seres\/wp-content\/uploads\/sites\/87\/2025\/02\/Sem-nome-1080-x-412px-2-1536x586.jpg",1536,586,true],"2048x2048":["https:\/\/portal.pi.gov.br\/seres\/wp-content\/uploads\/sites\/87\/2025\/02\/Sem-nome-1080-x-412px-2-2048x782.jpg",2048,782,true],"homepage-slider":["https:\/\/portal.pi.gov.br\/seres\/wp-content\/uploads\/sites\/87\/2025\/02\/Sem-nome-1080-x-412px-2-1270x500.jpg",1270,500,true],"homepage-slider-small":["https:\/\/portal.pi.gov.br\/seres\/wp-content\/uploads\/sites\/87\/2025\/02\/Sem-nome-1080-x-412px-2-947x500.jpg",947,500,true],"page-top":["https:\/\/portal.pi.gov.br\/seres\/wp-content\/uploads\/sites\/87\/2025\/02\/Sem-nome-1080-x-412px-2-947x361.jpg",947,361,true],"page-small":["https:\/\/portal.pi.gov.br\/seres\/wp-content\/uploads\/sites\/87\/2025\/02\/Sem-nome-1080-x-412px-2-624x238.jpg",624,238,true],"loop-main":["https:\/\/portal.pi.gov.br\/seres\/wp-content\/uploads\/sites\/87\/2025\/02\/Sem-nome-1080-x-412px-2-365x240.jpg",365,240,true],"thumb-gallery-widget":["https:\/\/portal.pi.gov.br\/seres\/wp-content\/uploads\/sites\/87\/2025\/02\/Sem-nome-1080-x-412px-2-84x56.jpg",84,56,true]},"post_excerpt_stackable_v2":"<p>O Governo do Estado, por interm\u00e9dio do Instituto de Terras do Piau\u00ed (Interpi), realizou na \u00faltima quinta-feira (13), o t\u00edtulo de terra coletivo do territ\u00f3rio Santa Rosa, das Quebradeiras de Coco Baba\u00e7u,&nbsp;localizado no munic\u00edpio de S\u00e3o Jo\u00e3o do Arraial. Esse \u00e9 o segundo t\u00edtulo coletivo concedido no Estado e no pa\u00eds, pelo Instituto de Terras do Piau\u00ed (INTERPI). O primeiro, foi o do territ\u00f3rio Vila Esperan\u00e7a, que abrange as regi\u00f5es de Esperantina, Campo Largo do Piau\u00ed e S\u00e3o Jo\u00e3o do Arraial, entregue em 2022. Mais uma importante conquista para as comunidades tradicionais do Piau\u00ed. Com o ato, o Piau\u00ed reafirma&hellip;<\/p>\n","category_list_v2":"<a href=\"https:\/\/portal.pi.gov.br\/seres\/category\/noticias\/\" rel=\"category tag\">Not\u00edcias<\/a>, <a href=\"https:\/\/portal.pi.gov.br\/seres\/category\/sem-categoria\/\" rel=\"category tag\">Sem categoria<\/a>","author_info_v2":{"name":"natalina","url":"https:\/\/portal.pi.gov.br\/seres\/author\/natalina\/"},"comments_num_v2":"0 coment\u00e1rio","jetpack_featured_media_url":"https:\/\/portal.pi.gov.br\/seres\/wp-content\/uploads\/sites\/87\/2025\/02\/Sem-nome-1080-x-412px-2-scaled.jpg","_links":{"self":[{"href":"https:\/\/portal.pi.gov.br\/seres\/wp-json\/wp\/v2\/posts\/2884"}],"collection":[{"href":"https:\/\/portal.pi.gov.br\/seres\/wp-json\/wp\/v2\/posts"}],"about":[{"href":"https:\/\/portal.pi.gov.br\/seres\/wp-json\/wp\/v2\/types\/post"}],"author":[{"embeddable":true,"href":"https:\/\/portal.pi.gov.br\/seres\/wp-json\/wp\/v2\/users\/1748"}],"replies":[{"embeddable":true,"href":"https:\/\/portal.pi.gov.br\/seres\/wp-json\/wp\/v2\/comments?post=2884"}],"version-history":[{"count":12,"href":"https:\/\/portal.pi.gov.br\/seres\/wp-json\/wp\/v2\/posts\/2884\/revisions"}],"predecessor-version":[{"id":2932,"href":"https:\/\/portal.pi.gov.br\/seres\/wp-json\/wp\/v2\/posts\/2884\/revisions\/2932"}],"wp:featuredmedia":[{"embeddable":true,"href":"https:\/\/portal.pi.gov.br\/seres\/wp-json\/wp\/v2\/media\/2890"}],"wp:attachment":[{"href":"https:\/\/portal.pi.gov.br\/seres\/wp-json\/wp\/v2\/media?parent=2884"}],"wp:term":[{"taxonomy":"category","embeddable":true,"href":"https:\/\/portal.pi.gov.br\/seres\/wp-json\/wp\/v2\/categories?post=2884"},{"taxonomy":"post_tag","embeddable":true,"href":"https:\/\/portal.pi.gov.br\/seres\/wp-json\/wp\/v2\/tags?post=2884"}],"curies":[{"name":"wp","href":"https:\/\/api.w.org\/{rel}","templated":true}]}}