{"id":2933,"date":"2025-02-14T21:34:49","date_gmt":"2025-02-15T00:34:49","guid":{"rendered":"https:\/\/portal.pi.gov.br\/seres\/?p=2933"},"modified":"2025-02-17T17:13:53","modified_gmt":"2025-02-17T20:13:53","slug":"plenaria-para-instalacao-do-forum-de-participacao-social-acontece-nesta-sabado","status":"publish","type":"post","link":"https:\/\/portal.pi.gov.br\/seres\/2025\/02\/14\/plenaria-para-instalacao-do-forum-de-participacao-social-acontece-nesta-sabado\/","title":{"rendered":"F\u00f3rum de Participa\u00e7\u00e3o Social \u00e9 instalado no Piau\u00ed"},"content":{"rendered":"\n<p><\/p>\n\n\n\n<p><em>No Piau\u00ed, mas de 30 entidades estiveram presentes na<\/em><em> plen\u00e1ria<\/em>.<\/p>\n\n\n\n<p><\/p>\n\n\n\n<p>No s\u00e1bado (15), Teresina foi sede da plen\u00e1ria para a instala\u00e7\u00e3o do F\u00f3rum de Participa\u00e7\u00e3o Social. O evento foi realizado no audit\u00f3rio da ETIPI, e contou com a presen\u00e7a da secret\u00e1ria de Estado das Rela\u00e7\u00f5es Sociais, N\u00fabia Lopes, do Secret\u00e1rio Nacional de Participa\u00e7\u00e3o Social da Presid\u00eancia da Rep\u00fablica, Renato Sim\u00f5es, al\u00e9m de representantes da sociedade civil organizada e representantes governamentais. <\/p>\n\n\n\n<p><\/p>\n\n\n\n<p>Os F\u00f3runs est\u00e3o sendo constru\u00eddos em todos os estados brasileiros e s\u00e3o espa\u00e7os de rela\u00e7\u00e3o direta do Governo Federal para a articula\u00e7\u00e3o da pol\u00edtica de participa\u00e7\u00e3o social e de mecanismos de participa\u00e7\u00e3o nas a\u00e7\u00f5es federais. &#8220;O evento aqui no Piau\u00ed foi bastante participativo. Tivemos a oportunidade de ouvir a sociedade civil sobre implementa\u00e7\u00e3o das pol\u00edticas p\u00fablicas e principalmente sobre as formas de manter o di\u00e1logo com o Governo Federal. Al\u00e9m disso a todos os movimentos puderam destacar a import\u00e2ncia da amplia\u00e7\u00e3o de pol\u00edticas p\u00fablicas que melhoram a vida da popula\u00e7\u00e3o e sugerir altera\u00e7\u00f5es para que se tornem efetivas&#8221;, ressalta a secret\u00e1ria N\u00fabia Lopes.<\/p>\n\n\n\n<figure class=\"wp-block-gallery aligncenter has-nested-images columns-default is-cropped wp-block-gallery-1 is-layout-flex\">\n<figure class=\"wp-block-image size-large\"><img decoding=\"async\" loading=\"lazy\" width=\"1024\" height=\"668\" data-id=\"2951\"  src=\"https:\/\/portal.pi.gov.br\/seres\/wp-content\/uploads\/sites\/87\/2025\/02\/WhatsApp-Image-2025-02-15-at-20.34.26-1024x668.jpeg\" alt=\"\" class=\"wp-image-2951\" srcset=\"https:\/\/portal.pi.gov.br\/seres\/wp-content\/uploads\/sites\/87\/2025\/02\/WhatsApp-Image-2025-02-15-at-20.34.26-1024x668.jpeg 1024w, https:\/\/portal.pi.gov.br\/seres\/wp-content\/uploads\/sites\/87\/2025\/02\/WhatsApp-Image-2025-02-15-at-20.34.26-300x196.jpeg 300w, https:\/\/portal.pi.gov.br\/seres\/wp-content\/uploads\/sites\/87\/2025\/02\/WhatsApp-Image-2025-02-15-at-20.34.26-768x501.jpeg 768w, https:\/\/portal.pi.gov.br\/seres\/wp-content\/uploads\/sites\/87\/2025\/02\/WhatsApp-Image-2025-02-15-at-20.34.26-420x274.jpeg 420w, https:\/\/portal.pi.gov.br\/seres\/wp-content\/uploads\/sites\/87\/2025\/02\/WhatsApp-Image-2025-02-15-at-20.34.26-540x352.jpeg 540w, https:\/\/portal.pi.gov.br\/seres\/wp-content\/uploads\/sites\/87\/2025\/02\/WhatsApp-Image-2025-02-15-at-20.34.26-780x509.jpeg 780w, https:\/\/portal.pi.gov.br\/seres\/wp-content\/uploads\/sites\/87\/2025\/02\/WhatsApp-Image-2025-02-15-at-20.34.26-1536x1001.jpeg 1536w, https:\/\/portal.pi.gov.br\/seres\/wp-content\/uploads\/sites\/87\/2025\/02\/WhatsApp-Image-2025-02-15-at-20.34.26-2048x1335.jpeg 2048w, https:\/\/portal.pi.gov.br\/seres\/wp-content\/uploads\/sites\/87\/2025\/02\/WhatsApp-Image-2025-02-15-at-20.34.26-947x617.jpeg 947w, https:\/\/portal.pi.gov.br\/seres\/wp-content\/uploads\/sites\/87\/2025\/02\/WhatsApp-Image-2025-02-15-at-20.34.26-624x407.jpeg 624w, https:\/\/portal.pi.gov.br\/seres\/wp-content\/uploads\/sites\/87\/2025\/02\/WhatsApp-Image-2025-02-15-at-20.34.26-84x56.jpeg 84w\" sizes=\"(max-width: 1024px) 100vw, 1024px\" \/><\/figure>\n<\/figure>\n\n\n\n<p>&nbsp;O Secret\u00e1rio&nbsp;Nacional&nbsp;de&nbsp;Participa\u00e7\u00e3o&nbsp;Social da&nbsp;Secretaria &#8211; Geral&nbsp;da Presid\u00eancia da Rep\u00fablica, Renato&nbsp;Sim\u00f5es,&nbsp;participou da plen\u00e1ria e ressaltou a import\u00e2ncia da participa\u00e7\u00e3o popular . &#8220;\u00c9 com grande satisfa\u00e7\u00e3o que participo dessa plen\u00e1ria, que representa um passo importante para a constru\u00e7\u00e3o de um pa\u00eds mais justo e democr\u00e1tico. A participa\u00e7\u00e3o popular \u00e9 essencial para que as pol\u00edticas p\u00fablicas realmente atendam \u00e0s necessidades da popula\u00e7\u00e3o. O F\u00f3rum de Participa\u00e7\u00e3o Social \u00e9 um espa\u00e7o de di\u00e1logo, onde a voz de cada cidad\u00e3o deve ser ouvida e levada em considera\u00e7\u00e3o nas decis\u00f5es do governo. Estamos comprometidos em garantir a participa\u00e7\u00e3o ativa de todos e todas, para que possamos construir um futuro melhor para todos.&#8221;, afirmou.<\/p>\n\n\n\n<p><strong>O que s\u00e3o os F\u00f3runs de Participa\u00e7\u00e3o Social?<\/strong><\/p>\n\n\n\n<p>Os F\u00f3runs de Participa\u00e7\u00e3o Social, institu\u00eddos pela Portaria SG\/PR n\u00b0 188, de 22 de outubro de 2024, de abrang\u00eancia estadual e distrital, compostos por movimentos sociais e entidades da sociedade civil, t\u00eam como finalidade mobilizar e organizar, nos Estados e no Distrito Federal, a participa\u00e7\u00e3o social com educa\u00e7\u00e3o popular nos territ\u00f3rios nas pol\u00edticas p\u00fablicas do governo federal. A finalidade \u00e9 integrar e fortalecer os diversos instrumentos de participa\u00e7\u00e3o social, criando redes de di\u00e1logo entre sociedade civil e poder p\u00fablico, bem como planejar a execu\u00e7\u00e3o do programa de participa\u00e7\u00e3o social com educa\u00e7\u00e3o popular nos territ\u00f3rios. Com isso, contribuir para a conquista de pol\u00edticas p\u00fablicas mais inclusivas e eficazes para transformar realidades e ampliar direitos.<\/p>\n\n\n\n<p>Os mecanismos ser\u00e3o compostos por representantes da sociedade civil, indicados por movimentos sociais e organiza\u00e7\u00f5es da sociedade civil, bem como membros do Conselho de Participa\u00e7\u00e3o Social da Presid\u00eancia da Rep\u00fablica, previstos no art. 4\u00ba, inciso, VII do Decreto n\u00ba 11.406, de 11 de janeiro de 2023, e demais movimentos sociais e organiza\u00e7\u00f5es da sociedade civil com reconhecida atua\u00e7\u00e3o na respectiva unidade da federa\u00e7\u00e3o de acordo com crit\u00e9rios estabelecidos em edital pr\u00f3prio.<\/p>\n\n\n\n<p>Rep\u00f3rter: Natalina Alves <\/p>\n","protected":false},"excerpt":{"rendered":"<p>No Piau\u00ed, mas de 30 entidades estiveram presentes na plen\u00e1ria. No s\u00e1bado (15), Teresina foi sede da plen\u00e1ria para a instala\u00e7\u00e3o do F\u00f3rum de Participa\u00e7\u00e3o Social. O evento foi realizado [&hellip;]<\/p>\n","protected":false},"author":1748,"featured_media":2951,"comment_status":"closed","ping_status":"closed","sticky":false,"template":"","format":"standard","meta":[],"categories":[34,1],"tags":[],"featured_image_urls":{"full":["https:\/\/portal.pi.gov.br\/seres\/wp-content\/uploads\/sites\/87\/2025\/02\/WhatsApp-Image-2025-02-15-at-20.34.26-scaled.jpeg",2560,1669,false],"thumbnail":["https:\/\/portal.pi.gov.br\/seres\/wp-content\/uploads\/sites\/87\/2025\/02\/WhatsApp-Image-2025-02-15-at-20.34.26-150x150.jpeg",150,150,true],"medium":["https:\/\/portal.pi.gov.br\/seres\/wp-content\/uploads\/sites\/87\/2025\/02\/WhatsApp-Image-2025-02-15-at-20.34.26-300x196.jpeg",300,196,true],"medium_large":["https:\/\/portal.pi.gov.br\/seres\/wp-content\/uploads\/sites\/87\/2025\/02\/WhatsApp-Image-2025-02-15-at-20.34.26-768x501.jpeg",768,501,true],"large":["https:\/\/portal.pi.gov.br\/seres\/wp-content\/uploads\/sites\/87\/2025\/02\/WhatsApp-Image-2025-02-15-at-20.34.26-1024x668.jpeg",887,579,true],"sgg-420":["https:\/\/portal.pi.gov.br\/seres\/wp-content\/uploads\/sites\/87\/2025\/02\/WhatsApp-Image-2025-02-15-at-20.34.26-420x274.jpeg",420,274,true],"sgg-540":["https:\/\/portal.pi.gov.br\/seres\/wp-content\/uploads\/sites\/87\/2025\/02\/WhatsApp-Image-2025-02-15-at-20.34.26-540x352.jpeg",540,352,true],"sgg-780":["https:\/\/portal.pi.gov.br\/seres\/wp-content\/uploads\/sites\/87\/2025\/02\/WhatsApp-Image-2025-02-15-at-20.34.26-780x509.jpeg",780,509,true],"1536x1536":["https:\/\/portal.pi.gov.br\/seres\/wp-content\/uploads\/sites\/87\/2025\/02\/WhatsApp-Image-2025-02-15-at-20.34.26-1536x1001.jpeg",1536,1001,true],"2048x2048":["https:\/\/portal.pi.gov.br\/seres\/wp-content\/uploads\/sites\/87\/2025\/02\/WhatsApp-Image-2025-02-15-at-20.34.26-2048x1335.jpeg",2048,1335,true],"homepage-slider":["https:\/\/portal.pi.gov.br\/seres\/wp-content\/uploads\/sites\/87\/2025\/02\/WhatsApp-Image-2025-02-15-at-20.34.26-1270x500.jpeg",1270,500,true],"homepage-slider-small":["https:\/\/portal.pi.gov.br\/seres\/wp-content\/uploads\/sites\/87\/2025\/02\/WhatsApp-Image-2025-02-15-at-20.34.26-947x500.jpeg",947,500,true],"page-top":["https:\/\/portal.pi.gov.br\/seres\/wp-content\/uploads\/sites\/87\/2025\/02\/WhatsApp-Image-2025-02-15-at-20.34.26-947x617.jpeg",947,617,true],"page-small":["https:\/\/portal.pi.gov.br\/seres\/wp-content\/uploads\/sites\/87\/2025\/02\/WhatsApp-Image-2025-02-15-at-20.34.26-624x407.jpeg",624,407,true],"loop-main":["https:\/\/portal.pi.gov.br\/seres\/wp-content\/uploads\/sites\/87\/2025\/02\/WhatsApp-Image-2025-02-15-at-20.34.26-365x240.jpeg",365,240,true],"thumb-gallery-widget":["https:\/\/portal.pi.gov.br\/seres\/wp-content\/uploads\/sites\/87\/2025\/02\/WhatsApp-Image-2025-02-15-at-20.34.26-84x56.jpeg",84,56,true]},"post_excerpt_stackable":"<p>No Piau\u00ed, mas de 30 entidades estiveram presentes na plen\u00e1ria. No s\u00e1bado (15), Teresina foi sede da plen\u00e1ria para a instala\u00e7\u00e3o do F\u00f3rum de Participa\u00e7\u00e3o Social. O evento foi realizado no audit\u00f3rio da ETIPI, e contou com a presen\u00e7a da secret\u00e1ria de Estado das Rela\u00e7\u00f5es Sociais, N\u00fabia Lopes, do Secret\u00e1rio Nacional de Participa\u00e7\u00e3o Social da Presid\u00eancia da Rep\u00fablica, Renato Sim\u00f5es, al\u00e9m de representantes da sociedade civil organizada e representantes governamentais. Os F\u00f3runs est\u00e3o sendo constru\u00eddos em todos os estados brasileiros e s\u00e3o espa\u00e7os de rela\u00e7\u00e3o direta do Governo Federal para a articula\u00e7\u00e3o da pol\u00edtica de participa\u00e7\u00e3o social e de mecanismos&hellip;<\/p>\n","category_list":"<a href=\"https:\/\/portal.pi.gov.br\/seres\/category\/noticias\/\" rel=\"category tag\">Not\u00edcias<\/a>, <a href=\"https:\/\/portal.pi.gov.br\/seres\/category\/sem-categoria\/\" rel=\"category tag\">Sem categoria<\/a>","author_info":{"name":"natalina","url":"https:\/\/portal.pi.gov.br\/seres\/author\/natalina\/"},"comments_num":"0 coment\u00e1rio","featured_image_urls_v2":{"full":["https:\/\/portal.pi.gov.br\/seres\/wp-content\/uploads\/sites\/87\/2025\/02\/WhatsApp-Image-2025-02-15-at-20.34.26-scaled.jpeg",2560,1669,false],"thumbnail":["https:\/\/portal.pi.gov.br\/seres\/wp-content\/uploads\/sites\/87\/2025\/02\/WhatsApp-Image-2025-02-15-at-20.34.26-150x150.jpeg",150,150,true],"medium":["https:\/\/portal.pi.gov.br\/seres\/wp-content\/uploads\/sites\/87\/2025\/02\/WhatsApp-Image-2025-02-15-at-20.34.26-300x196.jpeg",300,196,true],"medium_large":["https:\/\/portal.pi.gov.br\/seres\/wp-content\/uploads\/sites\/87\/2025\/02\/WhatsApp-Image-2025-02-15-at-20.34.26-768x501.jpeg",768,501,true],"large":["https:\/\/portal.pi.gov.br\/seres\/wp-content\/uploads\/sites\/87\/2025\/02\/WhatsApp-Image-2025-02-15-at-20.34.26-1024x668.jpeg",887,579,true],"sgg-420":["https:\/\/portal.pi.gov.br\/seres\/wp-content\/uploads\/sites\/87\/2025\/02\/WhatsApp-Image-2025-02-15-at-20.34.26-420x274.jpeg",420,274,true],"sgg-540":["https:\/\/portal.pi.gov.br\/seres\/wp-content\/uploads\/sites\/87\/2025\/02\/WhatsApp-Image-2025-02-15-at-20.34.26-540x352.jpeg",540,352,true],"sgg-780":["https:\/\/portal.pi.gov.br\/seres\/wp-content\/uploads\/sites\/87\/2025\/02\/WhatsApp-Image-2025-02-15-at-20.34.26-780x509.jpeg",780,509,true],"1536x1536":["https:\/\/portal.pi.gov.br\/seres\/wp-content\/uploads\/sites\/87\/2025\/02\/WhatsApp-Image-2025-02-15-at-20.34.26-1536x1001.jpeg",1536,1001,true],"2048x2048":["https:\/\/portal.pi.gov.br\/seres\/wp-content\/uploads\/sites\/87\/2025\/02\/WhatsApp-Image-2025-02-15-at-20.34.26-2048x1335.jpeg",2048,1335,true],"homepage-slider":["https:\/\/portal.pi.gov.br\/seres\/wp-content\/uploads\/sites\/87\/2025\/02\/WhatsApp-Image-2025-02-15-at-20.34.26-1270x500.jpeg",1270,500,true],"homepage-slider-small":["https:\/\/portal.pi.gov.br\/seres\/wp-content\/uploads\/sites\/87\/2025\/02\/WhatsApp-Image-2025-02-15-at-20.34.26-947x500.jpeg",947,500,true],"page-top":["https:\/\/portal.pi.gov.br\/seres\/wp-content\/uploads\/sites\/87\/2025\/02\/WhatsApp-Image-2025-02-15-at-20.34.26-947x617.jpeg",947,617,true],"page-small":["https:\/\/portal.pi.gov.br\/seres\/wp-content\/uploads\/sites\/87\/2025\/02\/WhatsApp-Image-2025-02-15-at-20.34.26-624x407.jpeg",624,407,true],"loop-main":["https:\/\/portal.pi.gov.br\/seres\/wp-content\/uploads\/sites\/87\/2025\/02\/WhatsApp-Image-2025-02-15-at-20.34.26-365x240.jpeg",365,240,true],"thumb-gallery-widget":["https:\/\/portal.pi.gov.br\/seres\/wp-content\/uploads\/sites\/87\/2025\/02\/WhatsApp-Image-2025-02-15-at-20.34.26-84x56.jpeg",84,56,true]},"post_excerpt_stackable_v2":"<p>No Piau\u00ed, mas de 30 entidades estiveram presentes na plen\u00e1ria. No s\u00e1bado (15), Teresina foi sede da plen\u00e1ria para a instala\u00e7\u00e3o do F\u00f3rum de Participa\u00e7\u00e3o Social. O evento foi realizado no audit\u00f3rio da ETIPI, e contou com a presen\u00e7a da secret\u00e1ria de Estado das Rela\u00e7\u00f5es Sociais, N\u00fabia Lopes, do Secret\u00e1rio Nacional de Participa\u00e7\u00e3o Social da Presid\u00eancia da Rep\u00fablica, Renato Sim\u00f5es, al\u00e9m de representantes da sociedade civil organizada e representantes governamentais. Os F\u00f3runs est\u00e3o sendo constru\u00eddos em todos os estados brasileiros e s\u00e3o espa\u00e7os de rela\u00e7\u00e3o direta do Governo Federal para a articula\u00e7\u00e3o da pol\u00edtica de participa\u00e7\u00e3o social e de mecanismos&hellip;<\/p>\n","category_list_v2":"<a href=\"https:\/\/portal.pi.gov.br\/seres\/category\/noticias\/\" rel=\"category tag\">Not\u00edcias<\/a>, <a href=\"https:\/\/portal.pi.gov.br\/seres\/category\/sem-categoria\/\" rel=\"category tag\">Sem categoria<\/a>","author_info_v2":{"name":"natalina","url":"https:\/\/portal.pi.gov.br\/seres\/author\/natalina\/"},"comments_num_v2":"0 coment\u00e1rio","jetpack_featured_media_url":"https:\/\/portal.pi.gov.br\/seres\/wp-content\/uploads\/sites\/87\/2025\/02\/WhatsApp-Image-2025-02-15-at-20.34.26-scaled.jpeg","_links":{"self":[{"href":"https:\/\/portal.pi.gov.br\/seres\/wp-json\/wp\/v2\/posts\/2933"}],"collection":[{"href":"https:\/\/portal.pi.gov.br\/seres\/wp-json\/wp\/v2\/posts"}],"about":[{"href":"https:\/\/portal.pi.gov.br\/seres\/wp-json\/wp\/v2\/types\/post"}],"author":[{"embeddable":true,"href":"https:\/\/portal.pi.gov.br\/seres\/wp-json\/wp\/v2\/users\/1748"}],"replies":[{"embeddable":true,"href":"https:\/\/portal.pi.gov.br\/seres\/wp-json\/wp\/v2\/comments?post=2933"}],"version-history":[{"count":18,"href":"https:\/\/portal.pi.gov.br\/seres\/wp-json\/wp\/v2\/posts\/2933\/revisions"}],"predecessor-version":[{"id":2962,"href":"https:\/\/portal.pi.gov.br\/seres\/wp-json\/wp\/v2\/posts\/2933\/revisions\/2962"}],"wp:featuredmedia":[{"embeddable":true,"href":"https:\/\/portal.pi.gov.br\/seres\/wp-json\/wp\/v2\/media\/2951"}],"wp:attachment":[{"href":"https:\/\/portal.pi.gov.br\/seres\/wp-json\/wp\/v2\/media?parent=2933"}],"wp:term":[{"taxonomy":"category","embeddable":true,"href":"https:\/\/portal.pi.gov.br\/seres\/wp-json\/wp\/v2\/categories?post=2933"},{"taxonomy":"post_tag","embeddable":true,"href":"https:\/\/portal.pi.gov.br\/seres\/wp-json\/wp\/v2\/tags?post=2933"}],"curies":[{"name":"wp","href":"https:\/\/api.w.org\/{rel}","templated":true}]}}