{"id":2963,"date":"2025-02-17T17:42:56","date_gmt":"2025-02-17T20:42:56","guid":{"rendered":"https:\/\/portal.pi.gov.br\/seres\/?p=2963"},"modified":"2025-02-17T18:04:18","modified_gmt":"2025-02-17T21:04:18","slug":"seres-e-sia-se-unem-para-impulsionar-a-alfabetizacao-digital-no-piaui","status":"publish","type":"post","link":"https:\/\/portal.pi.gov.br\/seres\/2025\/02\/17\/seres-e-sia-se-unem-para-impulsionar-a-alfabetizacao-digital-no-piaui\/","title":{"rendered":"Seres e SIA se unem para impulsionar a alfabetiza\u00e7\u00e3o digital no Piau\u00ed"},"content":{"rendered":"\n<p><\/p>\n\n\n\n<p>Uma iniciativa encabe\u00e7ada pela Secretaria de Estado das Rela\u00e7\u00f5es Sociais e pela Secretaria de Intelig\u00eancia Artificial vai promover capacita\u00e7\u00e3o tecnol\u00f3gica para associa\u00e7\u00f5es, conselhos e lideran\u00e7as comunit\u00e1rias. Durante uma reuni\u00e3o ocorrida nesta segunda-feira (17), os secret\u00e1rios N\u00fabia Lopes e Andr\u00e9 Macedo discutiram estrat\u00e9gias para desenvolver o impulsionamento da alfabetiza\u00e7\u00e3o digital no Estado.<\/p>\n\n\n\n<p>Os secret\u00e1rios analisaram as iniciativas que poder\u00e3o ser elaboradas de forma conjunta com a inten\u00e7\u00e3o de fortalecer a participa\u00e7\u00e3o social e o acesso a ferramentas digitais essenciais para o desenvolvimento local e para democratizar ainda mais os servi\u00e7os oferecidos pelo Governo do Estado.<\/p>\n\n\n<div class=\"wp-block-image\">\n<figure class=\"aligncenter size-large is-resized\"><img decoding=\"async\" loading=\"lazy\" src=\"https:\/\/portal.pi.gov.br\/seres\/wp-content\/uploads\/sites\/87\/2025\/02\/image_123650291-1-1024x768.jpg\" alt=\"\" class=\"wp-image-2964\" width=\"690\" height=\"518\" srcset=\"https:\/\/portal.pi.gov.br\/seres\/wp-content\/uploads\/sites\/87\/2025\/02\/image_123650291-1-1024x768.jpg 1024w, https:\/\/portal.pi.gov.br\/seres\/wp-content\/uploads\/sites\/87\/2025\/02\/image_123650291-1-300x225.jpg 300w, https:\/\/portal.pi.gov.br\/seres\/wp-content\/uploads\/sites\/87\/2025\/02\/image_123650291-1-768x576.jpg 768w, https:\/\/portal.pi.gov.br\/seres\/wp-content\/uploads\/sites\/87\/2025\/02\/image_123650291-1-420x315.jpg 420w, https:\/\/portal.pi.gov.br\/seres\/wp-content\/uploads\/sites\/87\/2025\/02\/image_123650291-1-540x405.jpg 540w, https:\/\/portal.pi.gov.br\/seres\/wp-content\/uploads\/sites\/87\/2025\/02\/image_123650291-1-780x585.jpg 780w, https:\/\/portal.pi.gov.br\/seres\/wp-content\/uploads\/sites\/87\/2025\/02\/image_123650291-1-1536x1152.jpg 1536w, https:\/\/portal.pi.gov.br\/seres\/wp-content\/uploads\/sites\/87\/2025\/02\/image_123650291-1-2048x1536.jpg 2048w, https:\/\/portal.pi.gov.br\/seres\/wp-content\/uploads\/sites\/87\/2025\/02\/image_123650291-1-947x710.jpg 947w, https:\/\/portal.pi.gov.br\/seres\/wp-content\/uploads\/sites\/87\/2025\/02\/image_123650291-1-624x468.jpg 624w\" sizes=\"(max-width: 690px) 100vw, 690px\" \/><\/figure><\/div>\n\n\n<p>\u201cA tecnologia \u00e9 uma aliada poderosa na constru\u00e7\u00e3o de uma sociedade mais inclusiva. Nosso objetivo \u00e9 garantir que todos tenham acesso ao conhecimento digital, promovendo mais oportunidades e autonomia para as comunidades, conselhos, associa\u00e7\u00f5es e lideran\u00e7as comunit\u00e1rias\u201d, destacou a secret\u00e1ria de Rela\u00e7\u00f5es Sociais, N\u00fabia Lopes.<\/p>\n\n\n\n<p>O secret\u00e1rio de Intelig\u00eancia Artificial, Andr\u00e9 Macedo, refor\u00e7ou a import\u00e2ncia da alfabetiza\u00e7\u00e3o digital para ampliar as oportunidades da popula\u00e7\u00e3o. \u201cVivemos em um mundo onde o digital faz parte do dia a dia. Nossa miss\u00e3o \u00e9 garantir que os piauienses tenham o conhecimento e as ferramentas necess\u00e1rias para utilizar a tecnologia a seu favor. A inclus\u00e3o digital n\u00e3o \u00e9 apenas um avan\u00e7o tecnol\u00f3gico, mas um direito que promove cidadania e desenvolvimento\u201d, afirmou.<\/p>\n\n\n<div class=\"wp-block-image\">\n<figure class=\"aligncenter size-large is-resized\"><img decoding=\"async\" loading=\"lazy\" src=\"https:\/\/portal.pi.gov.br\/seres\/wp-content\/uploads\/sites\/87\/2025\/02\/image_50433025-1024x768.jpg\" alt=\"\" class=\"wp-image-2965\" width=\"661\" height=\"496\" srcset=\"https:\/\/portal.pi.gov.br\/seres\/wp-content\/uploads\/sites\/87\/2025\/02\/image_50433025-1024x768.jpg 1024w, https:\/\/portal.pi.gov.br\/seres\/wp-content\/uploads\/sites\/87\/2025\/02\/image_50433025-300x225.jpg 300w, https:\/\/portal.pi.gov.br\/seres\/wp-content\/uploads\/sites\/87\/2025\/02\/image_50433025-768x576.jpg 768w, https:\/\/portal.pi.gov.br\/seres\/wp-content\/uploads\/sites\/87\/2025\/02\/image_50433025-420x315.jpg 420w, https:\/\/portal.pi.gov.br\/seres\/wp-content\/uploads\/sites\/87\/2025\/02\/image_50433025-540x405.jpg 540w, https:\/\/portal.pi.gov.br\/seres\/wp-content\/uploads\/sites\/87\/2025\/02\/image_50433025-780x585.jpg 780w, https:\/\/portal.pi.gov.br\/seres\/wp-content\/uploads\/sites\/87\/2025\/02\/image_50433025-1536x1152.jpg 1536w, https:\/\/portal.pi.gov.br\/seres\/wp-content\/uploads\/sites\/87\/2025\/02\/image_50433025-2048x1536.jpg 2048w, https:\/\/portal.pi.gov.br\/seres\/wp-content\/uploads\/sites\/87\/2025\/02\/image_50433025-947x710.jpg 947w, https:\/\/portal.pi.gov.br\/seres\/wp-content\/uploads\/sites\/87\/2025\/02\/image_50433025-624x468.jpg 624w\" sizes=\"(max-width: 661px) 100vw, 661px\" \/><\/figure><\/div>\n\n\n<p>A coopera\u00e7\u00e3o entre as secretarias refor\u00e7a o compromisso do Governo do Estado com a inova\u00e7\u00e3o e a inclus\u00e3o digital, assegurando que o avan\u00e7o tecnol\u00f3gico beneficie diretamente a popula\u00e7\u00e3o, especialmente os grupos que mais precisam de suporte para sua plena inser\u00e7\u00e3o no mundo digital. <\/p>\n\n\n\n<p>Por: Natalina Alves <\/p>\n","protected":false},"excerpt":{"rendered":"<p>Uma iniciativa encabe\u00e7ada pela Secretaria de Estado das Rela\u00e7\u00f5es Sociais e pela Secretaria de Intelig\u00eancia Artificial vai promover capacita\u00e7\u00e3o tecnol\u00f3gica para associa\u00e7\u00f5es, conselhos e lideran\u00e7as comunit\u00e1rias. Durante uma reuni\u00e3o ocorrida [&hellip;]<\/p>\n","protected":false},"author":1748,"featured_media":2969,"comment_status":"closed","ping_status":"closed","sticky":false,"template":"","format":"standard","meta":[],"categories":[34],"tags":[47],"featured_image_urls":{"full":["https:\/\/portal.pi.gov.br\/seres\/wp-content\/uploads\/sites\/87\/2025\/02\/capa-scaled.jpg",2560,977,false],"thumbnail":["https:\/\/portal.pi.gov.br\/seres\/wp-content\/uploads\/sites\/87\/2025\/02\/capa-150x150.jpg",150,150,true],"medium":["https:\/\/portal.pi.gov.br\/seres\/wp-content\/uploads\/sites\/87\/2025\/02\/capa-300x114.jpg",300,114,true],"medium_large":["https:\/\/portal.pi.gov.br\/seres\/wp-content\/uploads\/sites\/87\/2025\/02\/capa-768x293.jpg",768,293,true],"large":["https:\/\/portal.pi.gov.br\/seres\/wp-content\/uploads\/sites\/87\/2025\/02\/capa-1024x391.jpg",887,339,true],"sgg-420":["https:\/\/portal.pi.gov.br\/seres\/wp-content\/uploads\/sites\/87\/2025\/02\/capa-420x160.jpg",420,160,true],"sgg-540":["https:\/\/portal.pi.gov.br\/seres\/wp-content\/uploads\/sites\/87\/2025\/02\/capa-540x206.jpg",540,206,true],"sgg-780":["https:\/\/portal.pi.gov.br\/seres\/wp-content\/uploads\/sites\/87\/2025\/02\/capa-780x298.jpg",780,298,true],"1536x1536":["https:\/\/portal.pi.gov.br\/seres\/wp-content\/uploads\/sites\/87\/2025\/02\/capa-1536x586.jpg",1536,586,true],"2048x2048":["https:\/\/portal.pi.gov.br\/seres\/wp-content\/uploads\/sites\/87\/2025\/02\/capa-2048x782.jpg",2048,782,true],"homepage-slider":["https:\/\/portal.pi.gov.br\/seres\/wp-content\/uploads\/sites\/87\/2025\/02\/capa-1270x500.jpg",1270,500,true],"homepage-slider-small":["https:\/\/portal.pi.gov.br\/seres\/wp-content\/uploads\/sites\/87\/2025\/02\/capa-947x500.jpg",947,500,true],"page-top":["https:\/\/portal.pi.gov.br\/seres\/wp-content\/uploads\/sites\/87\/2025\/02\/capa-947x361.jpg",947,361,true],"page-small":["https:\/\/portal.pi.gov.br\/seres\/wp-content\/uploads\/sites\/87\/2025\/02\/capa-624x238.jpg",624,238,true],"loop-main":["https:\/\/portal.pi.gov.br\/seres\/wp-content\/uploads\/sites\/87\/2025\/02\/capa-365x240.jpg",365,240,true],"thumb-gallery-widget":["https:\/\/portal.pi.gov.br\/seres\/wp-content\/uploads\/sites\/87\/2025\/02\/capa-84x56.jpg",84,56,true]},"post_excerpt_stackable":"<p>Uma iniciativa encabe\u00e7ada pela Secretaria de Estado das Rela\u00e7\u00f5es Sociais e pela Secretaria de Intelig\u00eancia Artificial vai promover capacita\u00e7\u00e3o tecnol\u00f3gica para associa\u00e7\u00f5es, conselhos e lideran\u00e7as comunit\u00e1rias. Durante uma reuni\u00e3o ocorrida nesta segunda-feira (17), os secret\u00e1rios N\u00fabia Lopes e Andr\u00e9 Macedo discutiram estrat\u00e9gias para desenvolver o impulsionamento da alfabetiza\u00e7\u00e3o digital no Estado. Os secret\u00e1rios analisaram as iniciativas que poder\u00e3o ser elaboradas de forma conjunta com a inten\u00e7\u00e3o de fortalecer a participa\u00e7\u00e3o social e o acesso a ferramentas digitais essenciais para o desenvolvimento local e para democratizar ainda mais os servi\u00e7os oferecidos pelo Governo do Estado. \u201cA tecnologia \u00e9 uma aliada poderosa&hellip;<\/p>\n","category_list":"<a href=\"https:\/\/portal.pi.gov.br\/seres\/category\/noticias\/\" rel=\"category tag\">Not\u00edcias<\/a>","author_info":{"name":"natalina","url":"https:\/\/portal.pi.gov.br\/seres\/author\/natalina\/"},"comments_num":"0 coment\u00e1rio","featured_image_urls_v2":{"full":["https:\/\/portal.pi.gov.br\/seres\/wp-content\/uploads\/sites\/87\/2025\/02\/capa-scaled.jpg",2560,977,false],"thumbnail":["https:\/\/portal.pi.gov.br\/seres\/wp-content\/uploads\/sites\/87\/2025\/02\/capa-150x150.jpg",150,150,true],"medium":["https:\/\/portal.pi.gov.br\/seres\/wp-content\/uploads\/sites\/87\/2025\/02\/capa-300x114.jpg",300,114,true],"medium_large":["https:\/\/portal.pi.gov.br\/seres\/wp-content\/uploads\/sites\/87\/2025\/02\/capa-768x293.jpg",768,293,true],"large":["https:\/\/portal.pi.gov.br\/seres\/wp-content\/uploads\/sites\/87\/2025\/02\/capa-1024x391.jpg",887,339,true],"sgg-420":["https:\/\/portal.pi.gov.br\/seres\/wp-content\/uploads\/sites\/87\/2025\/02\/capa-420x160.jpg",420,160,true],"sgg-540":["https:\/\/portal.pi.gov.br\/seres\/wp-content\/uploads\/sites\/87\/2025\/02\/capa-540x206.jpg",540,206,true],"sgg-780":["https:\/\/portal.pi.gov.br\/seres\/wp-content\/uploads\/sites\/87\/2025\/02\/capa-780x298.jpg",780,298,true],"1536x1536":["https:\/\/portal.pi.gov.br\/seres\/wp-content\/uploads\/sites\/87\/2025\/02\/capa-1536x586.jpg",1536,586,true],"2048x2048":["https:\/\/portal.pi.gov.br\/seres\/wp-content\/uploads\/sites\/87\/2025\/02\/capa-2048x782.jpg",2048,782,true],"homepage-slider":["https:\/\/portal.pi.gov.br\/seres\/wp-content\/uploads\/sites\/87\/2025\/02\/capa-1270x500.jpg",1270,500,true],"homepage-slider-small":["https:\/\/portal.pi.gov.br\/seres\/wp-content\/uploads\/sites\/87\/2025\/02\/capa-947x500.jpg",947,500,true],"page-top":["https:\/\/portal.pi.gov.br\/seres\/wp-content\/uploads\/sites\/87\/2025\/02\/capa-947x361.jpg",947,361,true],"page-small":["https:\/\/portal.pi.gov.br\/seres\/wp-content\/uploads\/sites\/87\/2025\/02\/capa-624x238.jpg",624,238,true],"loop-main":["https:\/\/portal.pi.gov.br\/seres\/wp-content\/uploads\/sites\/87\/2025\/02\/capa-365x240.jpg",365,240,true],"thumb-gallery-widget":["https:\/\/portal.pi.gov.br\/seres\/wp-content\/uploads\/sites\/87\/2025\/02\/capa-84x56.jpg",84,56,true]},"post_excerpt_stackable_v2":"<p>Uma iniciativa encabe\u00e7ada pela Secretaria de Estado das Rela\u00e7\u00f5es Sociais e pela Secretaria de Intelig\u00eancia Artificial vai promover capacita\u00e7\u00e3o tecnol\u00f3gica para associa\u00e7\u00f5es, conselhos e lideran\u00e7as comunit\u00e1rias. Durante uma reuni\u00e3o ocorrida nesta segunda-feira (17), os secret\u00e1rios N\u00fabia Lopes e Andr\u00e9 Macedo discutiram estrat\u00e9gias para desenvolver o impulsionamento da alfabetiza\u00e7\u00e3o digital no Estado. Os secret\u00e1rios analisaram as iniciativas que poder\u00e3o ser elaboradas de forma conjunta com a inten\u00e7\u00e3o de fortalecer a participa\u00e7\u00e3o social e o acesso a ferramentas digitais essenciais para o desenvolvimento local e para democratizar ainda mais os servi\u00e7os oferecidos pelo Governo do Estado. \u201cA tecnologia \u00e9 uma aliada poderosa&hellip;<\/p>\n","category_list_v2":"<a href=\"https:\/\/portal.pi.gov.br\/seres\/category\/noticias\/\" rel=\"category tag\">Not\u00edcias<\/a>","author_info_v2":{"name":"natalina","url":"https:\/\/portal.pi.gov.br\/seres\/author\/natalina\/"},"comments_num_v2":"0 coment\u00e1rio","jetpack_featured_media_url":"https:\/\/portal.pi.gov.br\/seres\/wp-content\/uploads\/sites\/87\/2025\/02\/capa-scaled.jpg","_links":{"self":[{"href":"https:\/\/portal.pi.gov.br\/seres\/wp-json\/wp\/v2\/posts\/2963"}],"collection":[{"href":"https:\/\/portal.pi.gov.br\/seres\/wp-json\/wp\/v2\/posts"}],"about":[{"href":"https:\/\/portal.pi.gov.br\/seres\/wp-json\/wp\/v2\/types\/post"}],"author":[{"embeddable":true,"href":"https:\/\/portal.pi.gov.br\/seres\/wp-json\/wp\/v2\/users\/1748"}],"replies":[{"embeddable":true,"href":"https:\/\/portal.pi.gov.br\/seres\/wp-json\/wp\/v2\/comments?post=2963"}],"version-history":[{"count":1,"href":"https:\/\/portal.pi.gov.br\/seres\/wp-json\/wp\/v2\/posts\/2963\/revisions"}],"predecessor-version":[{"id":2966,"href":"https:\/\/portal.pi.gov.br\/seres\/wp-json\/wp\/v2\/posts\/2963\/revisions\/2966"}],"wp:featuredmedia":[{"embeddable":true,"href":"https:\/\/portal.pi.gov.br\/seres\/wp-json\/wp\/v2\/media\/2969"}],"wp:attachment":[{"href":"https:\/\/portal.pi.gov.br\/seres\/wp-json\/wp\/v2\/media?parent=2963"}],"wp:term":[{"taxonomy":"category","embeddable":true,"href":"https:\/\/portal.pi.gov.br\/seres\/wp-json\/wp\/v2\/categories?post=2963"},{"taxonomy":"post_tag","embeddable":true,"href":"https:\/\/portal.pi.gov.br\/seres\/wp-json\/wp\/v2\/tags?post=2963"}],"curies":[{"name":"wp","href":"https:\/\/api.w.org\/{rel}","templated":true}]}}