{"id":2980,"date":"2025-02-18T22:12:37","date_gmt":"2025-02-19T01:12:37","guid":{"rendered":"https:\/\/portal.pi.gov.br\/seres\/?p=2980"},"modified":"2025-02-20T11:38:50","modified_gmt":"2025-02-20T14:38:50","slug":"comunidade-quilombola-baixao-em-betania-do-piaui-comemora-entrega-de-titulo-de-terra-coletivo","status":"publish","type":"post","link":"https:\/\/portal.pi.gov.br\/seres\/2025\/02\/18\/comunidade-quilombola-baixao-em-betania-do-piaui-comemora-entrega-de-titulo-de-terra-coletivo\/","title":{"rendered":"Comunidade Quilombola Baix\u00e3o, em Bet\u00e2nia do Piau\u00ed, comemora entrega de t\u00edtulo de terra coletivo"},"content":{"rendered":"\n<p><br><em>A comunidade Baix\u00e3o \u00e9 a 30\u00aa quilombola que tem o seu territ\u00f3rio regularizado no estado.<\/em>\u00a0<br><br><\/p>\n\n\n\n<p>Nesta ter\u00e7a-feira (18) foi realizada a entrega do t\u00edtulo coletivo de terra para a comunidade quilombola Baix\u00e3o, no munic\u00edpio de Bet\u00e2nia do Piau\u00ed. Uma a\u00e7\u00e3o do Governo do Estado, atrav\u00e9s do Instituto de Terras do Piau\u00ed (Interpi), com o apoio da Secretaria de Rela\u00e7\u00f5es Sociais (Seres).<\/p>\n\n\n\n<p>A comunidade Baix\u00e3o \u00e9 a 30\u00aa quilombola que tem o seu territ\u00f3rio regularizado no estado. O Piau\u00ed \u00e9 refer\u00eancia nacional nessa importante pol\u00edtica p\u00fablica de valoriza\u00e7\u00e3o, de reconhecimento e de legaliza\u00e7\u00e3o dos territ\u00f3rios tradicionais.&nbsp;<\/p>\n\n\n\n<p>A a\u00e7\u00e3o beneficia cerca de 350 moradores, garantindo a seguran\u00e7a jur\u00eddica da posse da terra e fortalecendo a luta pelo direito \u00e0 moradia e ao desenvolvimento sustent\u00e1vel.<\/p>\n\n\n<div class=\"wp-block-image\">\n<figure class=\"aligncenter is-resized\"><img decoding=\"async\" loading=\"lazy\" src=\"https:\/\/portal.pi.gov.br\/seres\/wp-content\/uploads\/sites\/87\/2025\/02\/6b82d2a0-0aec-43e5-8586-ae2f512caed2-scaled.jpeg\" alt=\"\" class=\"wp-image-2972\" width=\"707\" height=\"471\" srcset=\"https:\/\/portal.pi.gov.br\/seres\/wp-content\/uploads\/sites\/87\/2025\/02\/6b82d2a0-0aec-43e5-8586-ae2f512caed2-scaled.jpeg 2560w, https:\/\/portal.pi.gov.br\/seres\/wp-content\/uploads\/sites\/87\/2025\/02\/6b82d2a0-0aec-43e5-8586-ae2f512caed2-300x200.jpeg 300w, https:\/\/portal.pi.gov.br\/seres\/wp-content\/uploads\/sites\/87\/2025\/02\/6b82d2a0-0aec-43e5-8586-ae2f512caed2-1024x683.jpeg 1024w, https:\/\/portal.pi.gov.br\/seres\/wp-content\/uploads\/sites\/87\/2025\/02\/6b82d2a0-0aec-43e5-8586-ae2f512caed2-768x512.jpeg 768w, https:\/\/portal.pi.gov.br\/seres\/wp-content\/uploads\/sites\/87\/2025\/02\/6b82d2a0-0aec-43e5-8586-ae2f512caed2-420x280.jpeg 420w, https:\/\/portal.pi.gov.br\/seres\/wp-content\/uploads\/sites\/87\/2025\/02\/6b82d2a0-0aec-43e5-8586-ae2f512caed2-540x360.jpeg 540w, https:\/\/portal.pi.gov.br\/seres\/wp-content\/uploads\/sites\/87\/2025\/02\/6b82d2a0-0aec-43e5-8586-ae2f512caed2-780x520.jpeg 780w, https:\/\/portal.pi.gov.br\/seres\/wp-content\/uploads\/sites\/87\/2025\/02\/6b82d2a0-0aec-43e5-8586-ae2f512caed2-1536x1024.jpeg 1536w, https:\/\/portal.pi.gov.br\/seres\/wp-content\/uploads\/sites\/87\/2025\/02\/6b82d2a0-0aec-43e5-8586-ae2f512caed2-2048x1366.jpeg 2048w, https:\/\/portal.pi.gov.br\/seres\/wp-content\/uploads\/sites\/87\/2025\/02\/6b82d2a0-0aec-43e5-8586-ae2f512caed2-947x631.jpeg 947w, https:\/\/portal.pi.gov.br\/seres\/wp-content\/uploads\/sites\/87\/2025\/02\/6b82d2a0-0aec-43e5-8586-ae2f512caed2-624x416.jpeg 624w, https:\/\/portal.pi.gov.br\/seres\/wp-content\/uploads\/sites\/87\/2025\/02\/6b82d2a0-0aec-43e5-8586-ae2f512caed2-84x56.jpeg 84w\" sizes=\"(max-width: 707px) 100vw, 707px\" \/><\/figure><\/div>\n\n\n<p><br><\/p>\n\n\n\n<p>A presidente da Associa\u00e7\u00e3o do Territ\u00f3rio Quilombola Baix\u00e3o, Idenilza Sousa, enfatizou a felicidade de ter o\u00a0sonho<strong> <\/strong>da comunidade realizado. \u201cHoje \u00e9 um momento muito especial para n\u00f3s, \u00e9 um momento que a gente vem buscando h\u00e1 anos conquistar, e esse sonho hoje foi realizado gra\u00e7as a Deus. Vamos agradecer primeiro aos nossos ancestrais, que j\u00e1 partiram aqui da nossa comunidade quilombola, em especial, o Nego Bispo, que hoje era para estar aqui com a gente para poder festejar. Que Deus continue dando muita luz a eles l\u00e1, para que eles possam nos dar sabedoria aqui na terra, para seguirmos em frente com a nossa luta!\u201d.<\/p>\n\n\n\n<p>A secret\u00e1ria, N\u00fabia Lopes, destacou a import\u00e2ncia do t\u00edtulo e das pol\u00edticas p\u00fablicas nas comunidades piauienses. \u201cParab\u00e9ns para o trabalho do Governo do Estado, parabenizo tamb\u00e9m cada um e cada uma da comunidade quilombola Baix\u00e3o, sempre nos colocando a disposi\u00e7\u00e3o para ajudar na articula\u00e7\u00e3o para pol\u00edticas p\u00fablicas chegarem at\u00e9 aqui. Esse t\u00edtulo \u00e9 o resultado da luta de todos e todas e da raiz da coletividade, de pessoas que vivem em comunidade e se respeitam. E tamb\u00e9m do trabalho do nosso governador, Rafael Fonteles, que trabalha dia e noite para transformar a vida do nosso povo\u201d.\u00a0 <\/p>\n\n\n\n<p><\/p>\n\n\n<div class=\"wp-block-image\">\n<figure class=\"aligncenter is-resized\"><img decoding=\"async\" loading=\"lazy\" src=\"https:\/\/portal.pi.gov.br\/seres\/wp-content\/uploads\/sites\/87\/2025\/02\/83022287-bb21-4456-93bd-cdb3277b0422-scaled.jpeg\" alt=\"\" class=\"wp-image-2971\" width=\"711\" height=\"534\" srcset=\"https:\/\/portal.pi.gov.br\/seres\/wp-content\/uploads\/sites\/87\/2025\/02\/83022287-bb21-4456-93bd-cdb3277b0422-scaled.jpeg 2560w, https:\/\/portal.pi.gov.br\/seres\/wp-content\/uploads\/sites\/87\/2025\/02\/83022287-bb21-4456-93bd-cdb3277b0422-300x225.jpeg 300w, https:\/\/portal.pi.gov.br\/seres\/wp-content\/uploads\/sites\/87\/2025\/02\/83022287-bb21-4456-93bd-cdb3277b0422-1024x768.jpeg 1024w, https:\/\/portal.pi.gov.br\/seres\/wp-content\/uploads\/sites\/87\/2025\/02\/83022287-bb21-4456-93bd-cdb3277b0422-768x576.jpeg 768w, https:\/\/portal.pi.gov.br\/seres\/wp-content\/uploads\/sites\/87\/2025\/02\/83022287-bb21-4456-93bd-cdb3277b0422-420x315.jpeg 420w, https:\/\/portal.pi.gov.br\/seres\/wp-content\/uploads\/sites\/87\/2025\/02\/83022287-bb21-4456-93bd-cdb3277b0422-540x405.jpeg 540w, https:\/\/portal.pi.gov.br\/seres\/wp-content\/uploads\/sites\/87\/2025\/02\/83022287-bb21-4456-93bd-cdb3277b0422-780x585.jpeg 780w, https:\/\/portal.pi.gov.br\/seres\/wp-content\/uploads\/sites\/87\/2025\/02\/83022287-bb21-4456-93bd-cdb3277b0422-1536x1152.jpeg 1536w, https:\/\/portal.pi.gov.br\/seres\/wp-content\/uploads\/sites\/87\/2025\/02\/83022287-bb21-4456-93bd-cdb3277b0422-2048x1536.jpeg 2048w, https:\/\/portal.pi.gov.br\/seres\/wp-content\/uploads\/sites\/87\/2025\/02\/83022287-bb21-4456-93bd-cdb3277b0422-947x710.jpeg 947w, https:\/\/portal.pi.gov.br\/seres\/wp-content\/uploads\/sites\/87\/2025\/02\/83022287-bb21-4456-93bd-cdb3277b0422-624x468.jpeg 624w\" sizes=\"(max-width: 711px) 100vw, 711px\" \/><\/figure><\/div>\n\n\n<p><br><br>\u201cQuando a gente faz a titula\u00e7\u00e3o, quando a gente reconhece, delimita, cadastra as fam\u00edlias que aqui vivem, a gente entrega mais seguran\u00e7a jur\u00eddica, evita conflitos, evita invas\u00f5es, d\u00e1 clareza \u00e0 propriedade do territ\u00f3rio que \u00e9 dessas fam\u00edlias e, para al\u00e9m disso, \u00e9 uma pol\u00edtica importante de justi\u00e7a social. Ent\u00e3o, aqui as fam\u00edlias seguem vivendo, mantendo suas tradi\u00e7\u00f5es, de gera\u00e7\u00e3o a gera\u00e7\u00e3o, e \u00e9 importante dizer tamb\u00e9m que o t\u00edtulo traz acesso a cr\u00e9dito e outras pol\u00edticas p\u00fablicas que v\u00e3o desenvolver o local e a economia local. Isso tudo \u00e9 prioridade. \u00c9 determina\u00e7\u00e3o do Governo do Piau\u00ed e do governador Rafael Fonteles\u201d, enfatizou o gestor do Interpi, Rodrigo Cavalcante.<\/p>\n\n\n\n<p>A regulariza\u00e7\u00e3o foi realizada dentro do programa Piau\u00ed Sustent\u00e1vel e Inclusivo (PSI), uma iniciativa do Governo do Estado com apoio do Banco Interamericano de Desenvolvimento (BID) e do Fundo Internacional de Desenvolvimento Agr\u00edcola (FIDA), da ONU.<\/p>\n\n\n\n<p><br><\/p>\n\n\n<div class=\"wp-block-image\">\n<figure class=\"aligncenter is-resized\"><img decoding=\"async\" loading=\"lazy\" src=\"https:\/\/portal.pi.gov.br\/seres\/wp-content\/uploads\/sites\/87\/2025\/02\/2abc9fdf-8f54-4823-8cf9-0fd81e8193c0-scaled.jpeg\" alt=\"\" class=\"wp-image-2970\" width=\"761\" height=\"507\" srcset=\"https:\/\/portal.pi.gov.br\/seres\/wp-content\/uploads\/sites\/87\/2025\/02\/2abc9fdf-8f54-4823-8cf9-0fd81e8193c0-scaled.jpeg 2560w, https:\/\/portal.pi.gov.br\/seres\/wp-content\/uploads\/sites\/87\/2025\/02\/2abc9fdf-8f54-4823-8cf9-0fd81e8193c0-300x200.jpeg 300w, https:\/\/portal.pi.gov.br\/seres\/wp-content\/uploads\/sites\/87\/2025\/02\/2abc9fdf-8f54-4823-8cf9-0fd81e8193c0-1024x683.jpeg 1024w, https:\/\/portal.pi.gov.br\/seres\/wp-content\/uploads\/sites\/87\/2025\/02\/2abc9fdf-8f54-4823-8cf9-0fd81e8193c0-768x512.jpeg 768w, https:\/\/portal.pi.gov.br\/seres\/wp-content\/uploads\/sites\/87\/2025\/02\/2abc9fdf-8f54-4823-8cf9-0fd81e8193c0-420x280.jpeg 420w, https:\/\/portal.pi.gov.br\/seres\/wp-content\/uploads\/sites\/87\/2025\/02\/2abc9fdf-8f54-4823-8cf9-0fd81e8193c0-540x360.jpeg 540w, https:\/\/portal.pi.gov.br\/seres\/wp-content\/uploads\/sites\/87\/2025\/02\/2abc9fdf-8f54-4823-8cf9-0fd81e8193c0-780x520.jpeg 780w, https:\/\/portal.pi.gov.br\/seres\/wp-content\/uploads\/sites\/87\/2025\/02\/2abc9fdf-8f54-4823-8cf9-0fd81e8193c0-1536x1024.jpeg 1536w, https:\/\/portal.pi.gov.br\/seres\/wp-content\/uploads\/sites\/87\/2025\/02\/2abc9fdf-8f54-4823-8cf9-0fd81e8193c0-2048x1366.jpeg 2048w, https:\/\/portal.pi.gov.br\/seres\/wp-content\/uploads\/sites\/87\/2025\/02\/2abc9fdf-8f54-4823-8cf9-0fd81e8193c0-947x631.jpeg 947w, https:\/\/portal.pi.gov.br\/seres\/wp-content\/uploads\/sites\/87\/2025\/02\/2abc9fdf-8f54-4823-8cf9-0fd81e8193c0-624x416.jpeg 624w, https:\/\/portal.pi.gov.br\/seres\/wp-content\/uploads\/sites\/87\/2025\/02\/2abc9fdf-8f54-4823-8cf9-0fd81e8193c0-84x56.jpeg 84w\" sizes=\"(max-width: 761px) 100vw, 761px\" \/><\/figure><\/div>\n\n\n<p><\/p>\n\n\n<div class=\"wp-block-image\">\n<figure class=\"aligncenter is-resized\"><img decoding=\"async\" loading=\"lazy\" src=\"https:\/\/portal.pi.gov.br\/seres\/wp-content\/uploads\/sites\/87\/2025\/02\/b7f5a3dd-6317-47d6-9917-31672c1146f1-scaled.jpeg\" alt=\"\" class=\"wp-image-2977\" width=\"757\" height=\"505\" srcset=\"https:\/\/portal.pi.gov.br\/seres\/wp-content\/uploads\/sites\/87\/2025\/02\/b7f5a3dd-6317-47d6-9917-31672c1146f1-scaled.jpeg 2560w, https:\/\/portal.pi.gov.br\/seres\/wp-content\/uploads\/sites\/87\/2025\/02\/b7f5a3dd-6317-47d6-9917-31672c1146f1-300x200.jpeg 300w, https:\/\/portal.pi.gov.br\/seres\/wp-content\/uploads\/sites\/87\/2025\/02\/b7f5a3dd-6317-47d6-9917-31672c1146f1-1024x683.jpeg 1024w, https:\/\/portal.pi.gov.br\/seres\/wp-content\/uploads\/sites\/87\/2025\/02\/b7f5a3dd-6317-47d6-9917-31672c1146f1-768x512.jpeg 768w, https:\/\/portal.pi.gov.br\/seres\/wp-content\/uploads\/sites\/87\/2025\/02\/b7f5a3dd-6317-47d6-9917-31672c1146f1-420x280.jpeg 420w, https:\/\/portal.pi.gov.br\/seres\/wp-content\/uploads\/sites\/87\/2025\/02\/b7f5a3dd-6317-47d6-9917-31672c1146f1-540x360.jpeg 540w, https:\/\/portal.pi.gov.br\/seres\/wp-content\/uploads\/sites\/87\/2025\/02\/b7f5a3dd-6317-47d6-9917-31672c1146f1-780x520.jpeg 780w, https:\/\/portal.pi.gov.br\/seres\/wp-content\/uploads\/sites\/87\/2025\/02\/b7f5a3dd-6317-47d6-9917-31672c1146f1-1536x1024.jpeg 1536w, https:\/\/portal.pi.gov.br\/seres\/wp-content\/uploads\/sites\/87\/2025\/02\/b7f5a3dd-6317-47d6-9917-31672c1146f1-2048x1366.jpeg 2048w, https:\/\/portal.pi.gov.br\/seres\/wp-content\/uploads\/sites\/87\/2025\/02\/b7f5a3dd-6317-47d6-9917-31672c1146f1-947x631.jpeg 947w, https:\/\/portal.pi.gov.br\/seres\/wp-content\/uploads\/sites\/87\/2025\/02\/b7f5a3dd-6317-47d6-9917-31672c1146f1-624x416.jpeg 624w, https:\/\/portal.pi.gov.br\/seres\/wp-content\/uploads\/sites\/87\/2025\/02\/b7f5a3dd-6317-47d6-9917-31672c1146f1-84x56.jpeg 84w\" sizes=\"(max-width: 757px) 100vw, 757px\" \/><\/figure><\/div>\n\n\n<p><\/p>\n\n\n<div class=\"wp-block-image\">\n<figure class=\"aligncenter is-resized\"><img decoding=\"async\" loading=\"lazy\" src=\"https:\/\/portal.pi.gov.br\/seres\/wp-content\/uploads\/sites\/87\/2025\/02\/72185e5e-f9d9-45f7-a629-06f83f05de28-scaled.jpeg\" alt=\"\" class=\"wp-image-2973\" width=\"757\" height=\"505\" srcset=\"https:\/\/portal.pi.gov.br\/seres\/wp-content\/uploads\/sites\/87\/2025\/02\/72185e5e-f9d9-45f7-a629-06f83f05de28-scaled.jpeg 2560w, https:\/\/portal.pi.gov.br\/seres\/wp-content\/uploads\/sites\/87\/2025\/02\/72185e5e-f9d9-45f7-a629-06f83f05de28-300x200.jpeg 300w, https:\/\/portal.pi.gov.br\/seres\/wp-content\/uploads\/sites\/87\/2025\/02\/72185e5e-f9d9-45f7-a629-06f83f05de28-1024x683.jpeg 1024w, https:\/\/portal.pi.gov.br\/seres\/wp-content\/uploads\/sites\/87\/2025\/02\/72185e5e-f9d9-45f7-a629-06f83f05de28-768x512.jpeg 768w, https:\/\/portal.pi.gov.br\/seres\/wp-content\/uploads\/sites\/87\/2025\/02\/72185e5e-f9d9-45f7-a629-06f83f05de28-420x280.jpeg 420w, https:\/\/portal.pi.gov.br\/seres\/wp-content\/uploads\/sites\/87\/2025\/02\/72185e5e-f9d9-45f7-a629-06f83f05de28-540x360.jpeg 540w, https:\/\/portal.pi.gov.br\/seres\/wp-content\/uploads\/sites\/87\/2025\/02\/72185e5e-f9d9-45f7-a629-06f83f05de28-780x520.jpeg 780w, https:\/\/portal.pi.gov.br\/seres\/wp-content\/uploads\/sites\/87\/2025\/02\/72185e5e-f9d9-45f7-a629-06f83f05de28-1536x1024.jpeg 1536w, https:\/\/portal.pi.gov.br\/seres\/wp-content\/uploads\/sites\/87\/2025\/02\/72185e5e-f9d9-45f7-a629-06f83f05de28-2048x1366.jpeg 2048w, https:\/\/portal.pi.gov.br\/seres\/wp-content\/uploads\/sites\/87\/2025\/02\/72185e5e-f9d9-45f7-a629-06f83f05de28-947x631.jpeg 947w, https:\/\/portal.pi.gov.br\/seres\/wp-content\/uploads\/sites\/87\/2025\/02\/72185e5e-f9d9-45f7-a629-06f83f05de28-624x416.jpeg 624w, https:\/\/portal.pi.gov.br\/seres\/wp-content\/uploads\/sites\/87\/2025\/02\/72185e5e-f9d9-45f7-a629-06f83f05de28-84x56.jpeg 84w\" sizes=\"(max-width: 757px) 100vw, 757px\" \/><\/figure><\/div>\n\n\n<p><\/p>\n\n\n<div class=\"wp-block-image\">\n<figure class=\"aligncenter is-resized\"><img decoding=\"async\" loading=\"lazy\" src=\"https:\/\/portal.pi.gov.br\/seres\/wp-content\/uploads\/sites\/87\/2025\/02\/3586efdb-15b7-4a05-80a7-61b8e43d6a46-scaled.jpeg\" alt=\"\" class=\"wp-image-2976\" width=\"763\" height=\"508\" srcset=\"https:\/\/portal.pi.gov.br\/seres\/wp-content\/uploads\/sites\/87\/2025\/02\/3586efdb-15b7-4a05-80a7-61b8e43d6a46-scaled.jpeg 2560w, https:\/\/portal.pi.gov.br\/seres\/wp-content\/uploads\/sites\/87\/2025\/02\/3586efdb-15b7-4a05-80a7-61b8e43d6a46-300x200.jpeg 300w, https:\/\/portal.pi.gov.br\/seres\/wp-content\/uploads\/sites\/87\/2025\/02\/3586efdb-15b7-4a05-80a7-61b8e43d6a46-1024x683.jpeg 1024w, https:\/\/portal.pi.gov.br\/seres\/wp-content\/uploads\/sites\/87\/2025\/02\/3586efdb-15b7-4a05-80a7-61b8e43d6a46-768x512.jpeg 768w, https:\/\/portal.pi.gov.br\/seres\/wp-content\/uploads\/sites\/87\/2025\/02\/3586efdb-15b7-4a05-80a7-61b8e43d6a46-420x280.jpeg 420w, https:\/\/portal.pi.gov.br\/seres\/wp-content\/uploads\/sites\/87\/2025\/02\/3586efdb-15b7-4a05-80a7-61b8e43d6a46-540x360.jpeg 540w, https:\/\/portal.pi.gov.br\/seres\/wp-content\/uploads\/sites\/87\/2025\/02\/3586efdb-15b7-4a05-80a7-61b8e43d6a46-780x520.jpeg 780w, https:\/\/portal.pi.gov.br\/seres\/wp-content\/uploads\/sites\/87\/2025\/02\/3586efdb-15b7-4a05-80a7-61b8e43d6a46-1536x1024.jpeg 1536w, https:\/\/portal.pi.gov.br\/seres\/wp-content\/uploads\/sites\/87\/2025\/02\/3586efdb-15b7-4a05-80a7-61b8e43d6a46-2048x1366.jpeg 2048w, https:\/\/portal.pi.gov.br\/seres\/wp-content\/uploads\/sites\/87\/2025\/02\/3586efdb-15b7-4a05-80a7-61b8e43d6a46-947x631.jpeg 947w, https:\/\/portal.pi.gov.br\/seres\/wp-content\/uploads\/sites\/87\/2025\/02\/3586efdb-15b7-4a05-80a7-61b8e43d6a46-624x416.jpeg 624w, https:\/\/portal.pi.gov.br\/seres\/wp-content\/uploads\/sites\/87\/2025\/02\/3586efdb-15b7-4a05-80a7-61b8e43d6a46-84x56.jpeg 84w\" sizes=\"(max-width: 763px) 100vw, 763px\" \/><\/figure><\/div>\n\n\n<p><\/p>\n\n\n<div class=\"wp-block-image\">\n<figure class=\"aligncenter is-resized\"><img decoding=\"async\" loading=\"lazy\" src=\"https:\/\/portal.pi.gov.br\/seres\/wp-content\/uploads\/sites\/87\/2025\/02\/34d3c036-d6c9-47ba-8e41-e4cfb2e04ee0-scaled.jpeg\" alt=\"\" class=\"wp-image-2975\" width=\"771\" height=\"513\" srcset=\"https:\/\/portal.pi.gov.br\/seres\/wp-content\/uploads\/sites\/87\/2025\/02\/34d3c036-d6c9-47ba-8e41-e4cfb2e04ee0-scaled.jpeg 2560w, https:\/\/portal.pi.gov.br\/seres\/wp-content\/uploads\/sites\/87\/2025\/02\/34d3c036-d6c9-47ba-8e41-e4cfb2e04ee0-300x200.jpeg 300w, https:\/\/portal.pi.gov.br\/seres\/wp-content\/uploads\/sites\/87\/2025\/02\/34d3c036-d6c9-47ba-8e41-e4cfb2e04ee0-1024x683.jpeg 1024w, https:\/\/portal.pi.gov.br\/seres\/wp-content\/uploads\/sites\/87\/2025\/02\/34d3c036-d6c9-47ba-8e41-e4cfb2e04ee0-768x512.jpeg 768w, https:\/\/portal.pi.gov.br\/seres\/wp-content\/uploads\/sites\/87\/2025\/02\/34d3c036-d6c9-47ba-8e41-e4cfb2e04ee0-420x280.jpeg 420w, https:\/\/portal.pi.gov.br\/seres\/wp-content\/uploads\/sites\/87\/2025\/02\/34d3c036-d6c9-47ba-8e41-e4cfb2e04ee0-540x360.jpeg 540w, https:\/\/portal.pi.gov.br\/seres\/wp-content\/uploads\/sites\/87\/2025\/02\/34d3c036-d6c9-47ba-8e41-e4cfb2e04ee0-780x520.jpeg 780w, https:\/\/portal.pi.gov.br\/seres\/wp-content\/uploads\/sites\/87\/2025\/02\/34d3c036-d6c9-47ba-8e41-e4cfb2e04ee0-1536x1024.jpeg 1536w, https:\/\/portal.pi.gov.br\/seres\/wp-content\/uploads\/sites\/87\/2025\/02\/34d3c036-d6c9-47ba-8e41-e4cfb2e04ee0-2048x1366.jpeg 2048w, https:\/\/portal.pi.gov.br\/seres\/wp-content\/uploads\/sites\/87\/2025\/02\/34d3c036-d6c9-47ba-8e41-e4cfb2e04ee0-947x631.jpeg 947w, https:\/\/portal.pi.gov.br\/seres\/wp-content\/uploads\/sites\/87\/2025\/02\/34d3c036-d6c9-47ba-8e41-e4cfb2e04ee0-624x416.jpeg 624w, https:\/\/portal.pi.gov.br\/seres\/wp-content\/uploads\/sites\/87\/2025\/02\/34d3c036-d6c9-47ba-8e41-e4cfb2e04ee0-84x56.jpeg 84w\" sizes=\"(max-width: 771px) 100vw, 771px\" \/><\/figure><\/div>\n\n\n<p><\/p>\n\n\n<div class=\"wp-block-image\">\n<figure class=\"aligncenter is-resized\"><img decoding=\"async\" loading=\"lazy\" src=\"https:\/\/portal.pi.gov.br\/seres\/wp-content\/uploads\/sites\/87\/2025\/02\/9a54c2b9-efdb-4d9f-bb92-9ad21eb1e7b8-scaled.jpeg\" alt=\"\" class=\"wp-image-2978\" width=\"766\" height=\"511\" srcset=\"https:\/\/portal.pi.gov.br\/seres\/wp-content\/uploads\/sites\/87\/2025\/02\/9a54c2b9-efdb-4d9f-bb92-9ad21eb1e7b8-scaled.jpeg 2560w, https:\/\/portal.pi.gov.br\/seres\/wp-content\/uploads\/sites\/87\/2025\/02\/9a54c2b9-efdb-4d9f-bb92-9ad21eb1e7b8-300x200.jpeg 300w, https:\/\/portal.pi.gov.br\/seres\/wp-content\/uploads\/sites\/87\/2025\/02\/9a54c2b9-efdb-4d9f-bb92-9ad21eb1e7b8-1024x683.jpeg 1024w, https:\/\/portal.pi.gov.br\/seres\/wp-content\/uploads\/sites\/87\/2025\/02\/9a54c2b9-efdb-4d9f-bb92-9ad21eb1e7b8-768x512.jpeg 768w, https:\/\/portal.pi.gov.br\/seres\/wp-content\/uploads\/sites\/87\/2025\/02\/9a54c2b9-efdb-4d9f-bb92-9ad21eb1e7b8-420x280.jpeg 420w, https:\/\/portal.pi.gov.br\/seres\/wp-content\/uploads\/sites\/87\/2025\/02\/9a54c2b9-efdb-4d9f-bb92-9ad21eb1e7b8-540x360.jpeg 540w, https:\/\/portal.pi.gov.br\/seres\/wp-content\/uploads\/sites\/87\/2025\/02\/9a54c2b9-efdb-4d9f-bb92-9ad21eb1e7b8-780x520.jpeg 780w, https:\/\/portal.pi.gov.br\/seres\/wp-content\/uploads\/sites\/87\/2025\/02\/9a54c2b9-efdb-4d9f-bb92-9ad21eb1e7b8-1536x1024.jpeg 1536w, https:\/\/portal.pi.gov.br\/seres\/wp-content\/uploads\/sites\/87\/2025\/02\/9a54c2b9-efdb-4d9f-bb92-9ad21eb1e7b8-2048x1366.jpeg 2048w, https:\/\/portal.pi.gov.br\/seres\/wp-content\/uploads\/sites\/87\/2025\/02\/9a54c2b9-efdb-4d9f-bb92-9ad21eb1e7b8-947x631.jpeg 947w, https:\/\/portal.pi.gov.br\/seres\/wp-content\/uploads\/sites\/87\/2025\/02\/9a54c2b9-efdb-4d9f-bb92-9ad21eb1e7b8-624x416.jpeg 624w, https:\/\/portal.pi.gov.br\/seres\/wp-content\/uploads\/sites\/87\/2025\/02\/9a54c2b9-efdb-4d9f-bb92-9ad21eb1e7b8-84x56.jpeg 84w\" sizes=\"(max-width: 766px) 100vw, 766px\" \/><\/figure><\/div>\n\n\n<p><\/p>\n\n\n<div class=\"wp-block-image\">\n<figure class=\"aligncenter is-resized\"><img decoding=\"async\" loading=\"lazy\" src=\"https:\/\/portal.pi.gov.br\/seres\/wp-content\/uploads\/sites\/87\/2025\/02\/c491e0af-ce0d-490b-a2d2-b71908e7d045-scaled.jpeg\" alt=\"\" class=\"wp-image-2979\" width=\"753\" height=\"501\" srcset=\"https:\/\/portal.pi.gov.br\/seres\/wp-content\/uploads\/sites\/87\/2025\/02\/c491e0af-ce0d-490b-a2d2-b71908e7d045-scaled.jpeg 2560w, https:\/\/portal.pi.gov.br\/seres\/wp-content\/uploads\/sites\/87\/2025\/02\/c491e0af-ce0d-490b-a2d2-b71908e7d045-300x200.jpeg 300w, https:\/\/portal.pi.gov.br\/seres\/wp-content\/uploads\/sites\/87\/2025\/02\/c491e0af-ce0d-490b-a2d2-b71908e7d045-1024x683.jpeg 1024w, https:\/\/portal.pi.gov.br\/seres\/wp-content\/uploads\/sites\/87\/2025\/02\/c491e0af-ce0d-490b-a2d2-b71908e7d045-768x512.jpeg 768w, https:\/\/portal.pi.gov.br\/seres\/wp-content\/uploads\/sites\/87\/2025\/02\/c491e0af-ce0d-490b-a2d2-b71908e7d045-420x280.jpeg 420w, https:\/\/portal.pi.gov.br\/seres\/wp-content\/uploads\/sites\/87\/2025\/02\/c491e0af-ce0d-490b-a2d2-b71908e7d045-540x360.jpeg 540w, https:\/\/portal.pi.gov.br\/seres\/wp-content\/uploads\/sites\/87\/2025\/02\/c491e0af-ce0d-490b-a2d2-b71908e7d045-780x520.jpeg 780w, https:\/\/portal.pi.gov.br\/seres\/wp-content\/uploads\/sites\/87\/2025\/02\/c491e0af-ce0d-490b-a2d2-b71908e7d045-1536x1024.jpeg 1536w, https:\/\/portal.pi.gov.br\/seres\/wp-content\/uploads\/sites\/87\/2025\/02\/c491e0af-ce0d-490b-a2d2-b71908e7d045-2048x1366.jpeg 2048w, https:\/\/portal.pi.gov.br\/seres\/wp-content\/uploads\/sites\/87\/2025\/02\/c491e0af-ce0d-490b-a2d2-b71908e7d045-947x631.jpeg 947w, https:\/\/portal.pi.gov.br\/seres\/wp-content\/uploads\/sites\/87\/2025\/02\/c491e0af-ce0d-490b-a2d2-b71908e7d045-624x416.jpeg 624w, https:\/\/portal.pi.gov.br\/seres\/wp-content\/uploads\/sites\/87\/2025\/02\/c491e0af-ce0d-490b-a2d2-b71908e7d045-84x56.jpeg 84w\" sizes=\"(max-width: 753px) 100vw, 753px\" \/><\/figure><\/div>\n\n\n<p><\/p>\n\n\n\n<p>Por: Aline Raquel <\/p>\n\n\n\n<p><\/p>\n","protected":false},"excerpt":{"rendered":"<p>A comunidade Baix\u00e3o \u00e9 a 30\u00aa quilombola que tem o seu territ\u00f3rio regularizado no estado.\u00a0 Nesta ter\u00e7a-feira (18) foi realizada a entrega do t\u00edtulo coletivo de terra para a comunidade [&hellip;]<\/p>\n","protected":false},"author":1821,"featured_media":2970,"comment_status":"closed","ping_status":"closed","sticky":false,"template":"","format":"standard","meta":[],"categories":[34],"tags":[],"featured_image_urls":{"full":["https:\/\/portal.pi.gov.br\/seres\/wp-content\/uploads\/sites\/87\/2025\/02\/2abc9fdf-8f54-4823-8cf9-0fd81e8193c0-scaled.jpeg",2560,1707,false],"thumbnail":["https:\/\/portal.pi.gov.br\/seres\/wp-content\/uploads\/sites\/87\/2025\/02\/2abc9fdf-8f54-4823-8cf9-0fd81e8193c0-150x150.jpeg",150,150,true],"medium":["https:\/\/portal.pi.gov.br\/seres\/wp-content\/uploads\/sites\/87\/2025\/02\/2abc9fdf-8f54-4823-8cf9-0fd81e8193c0-300x200.jpeg",300,200,true],"medium_large":["https:\/\/portal.pi.gov.br\/seres\/wp-content\/uploads\/sites\/87\/2025\/02\/2abc9fdf-8f54-4823-8cf9-0fd81e8193c0-768x512.jpeg",768,512,true],"large":["https:\/\/portal.pi.gov.br\/seres\/wp-content\/uploads\/sites\/87\/2025\/02\/2abc9fdf-8f54-4823-8cf9-0fd81e8193c0-1024x683.jpeg",887,592,true],"sgg-420":["https:\/\/portal.pi.gov.br\/seres\/wp-content\/uploads\/sites\/87\/2025\/02\/2abc9fdf-8f54-4823-8cf9-0fd81e8193c0-420x280.jpeg",420,280,true],"sgg-540":["https:\/\/portal.pi.gov.br\/seres\/wp-content\/uploads\/sites\/87\/2025\/02\/2abc9fdf-8f54-4823-8cf9-0fd81e8193c0-540x360.jpeg",540,360,true],"sgg-780":["https:\/\/portal.pi.gov.br\/seres\/wp-content\/uploads\/sites\/87\/2025\/02\/2abc9fdf-8f54-4823-8cf9-0fd81e8193c0-780x520.jpeg",780,520,true],"1536x1536":["https:\/\/portal.pi.gov.br\/seres\/wp-content\/uploads\/sites\/87\/2025\/02\/2abc9fdf-8f54-4823-8cf9-0fd81e8193c0-1536x1024.jpeg",1536,1024,true],"2048x2048":["https:\/\/portal.pi.gov.br\/seres\/wp-content\/uploads\/sites\/87\/2025\/02\/2abc9fdf-8f54-4823-8cf9-0fd81e8193c0-2048x1366.jpeg",2048,1366,true],"homepage-slider":["https:\/\/portal.pi.gov.br\/seres\/wp-content\/uploads\/sites\/87\/2025\/02\/2abc9fdf-8f54-4823-8cf9-0fd81e8193c0-1270x500.jpeg",1270,500,true],"homepage-slider-small":["https:\/\/portal.pi.gov.br\/seres\/wp-content\/uploads\/sites\/87\/2025\/02\/2abc9fdf-8f54-4823-8cf9-0fd81e8193c0-947x500.jpeg",947,500,true],"page-top":["https:\/\/portal.pi.gov.br\/seres\/wp-content\/uploads\/sites\/87\/2025\/02\/2abc9fdf-8f54-4823-8cf9-0fd81e8193c0-947x631.jpeg",947,631,true],"page-small":["https:\/\/portal.pi.gov.br\/seres\/wp-content\/uploads\/sites\/87\/2025\/02\/2abc9fdf-8f54-4823-8cf9-0fd81e8193c0-624x416.jpeg",624,416,true],"loop-main":["https:\/\/portal.pi.gov.br\/seres\/wp-content\/uploads\/sites\/87\/2025\/02\/2abc9fdf-8f54-4823-8cf9-0fd81e8193c0-365x240.jpeg",365,240,true],"thumb-gallery-widget":["https:\/\/portal.pi.gov.br\/seres\/wp-content\/uploads\/sites\/87\/2025\/02\/2abc9fdf-8f54-4823-8cf9-0fd81e8193c0-84x56.jpeg",84,56,true]},"post_excerpt_stackable":"<p>A comunidade Baix\u00e3o \u00e9 a 30\u00aa quilombola que tem o seu territ\u00f3rio regularizado no estado.\u00a0 Nesta ter\u00e7a-feira (18) foi realizada a entrega do t\u00edtulo coletivo de terra para a comunidade quilombola Baix\u00e3o, no munic\u00edpio de Bet\u00e2nia do Piau\u00ed. Uma a\u00e7\u00e3o do Governo do Estado, atrav\u00e9s do Instituto de Terras do Piau\u00ed (Interpi), com o apoio da Secretaria de Rela\u00e7\u00f5es Sociais (Seres). A comunidade Baix\u00e3o \u00e9 a 30\u00aa quilombola que tem o seu territ\u00f3rio regularizado no estado. O Piau\u00ed \u00e9 refer\u00eancia nacional nessa importante pol\u00edtica p\u00fablica de valoriza\u00e7\u00e3o, de reconhecimento e de legaliza\u00e7\u00e3o dos territ\u00f3rios tradicionais.&nbsp; A a\u00e7\u00e3o beneficia cerca de&hellip;<\/p>\n","category_list":"<a href=\"https:\/\/portal.pi.gov.br\/seres\/category\/noticias\/\" rel=\"category tag\">Not\u00edcias<\/a>","author_info":{"name":"alineraquel","url":"https:\/\/portal.pi.gov.br\/seres\/author\/alineraquel\/"},"comments_num":"0 coment\u00e1rio","featured_image_urls_v2":{"full":["https:\/\/portal.pi.gov.br\/seres\/wp-content\/uploads\/sites\/87\/2025\/02\/2abc9fdf-8f54-4823-8cf9-0fd81e8193c0-scaled.jpeg",2560,1707,false],"thumbnail":["https:\/\/portal.pi.gov.br\/seres\/wp-content\/uploads\/sites\/87\/2025\/02\/2abc9fdf-8f54-4823-8cf9-0fd81e8193c0-150x150.jpeg",150,150,true],"medium":["https:\/\/portal.pi.gov.br\/seres\/wp-content\/uploads\/sites\/87\/2025\/02\/2abc9fdf-8f54-4823-8cf9-0fd81e8193c0-300x200.jpeg",300,200,true],"medium_large":["https:\/\/portal.pi.gov.br\/seres\/wp-content\/uploads\/sites\/87\/2025\/02\/2abc9fdf-8f54-4823-8cf9-0fd81e8193c0-768x512.jpeg",768,512,true],"large":["https:\/\/portal.pi.gov.br\/seres\/wp-content\/uploads\/sites\/87\/2025\/02\/2abc9fdf-8f54-4823-8cf9-0fd81e8193c0-1024x683.jpeg",887,592,true],"sgg-420":["https:\/\/portal.pi.gov.br\/seres\/wp-content\/uploads\/sites\/87\/2025\/02\/2abc9fdf-8f54-4823-8cf9-0fd81e8193c0-420x280.jpeg",420,280,true],"sgg-540":["https:\/\/portal.pi.gov.br\/seres\/wp-content\/uploads\/sites\/87\/2025\/02\/2abc9fdf-8f54-4823-8cf9-0fd81e8193c0-540x360.jpeg",540,360,true],"sgg-780":["https:\/\/portal.pi.gov.br\/seres\/wp-content\/uploads\/sites\/87\/2025\/02\/2abc9fdf-8f54-4823-8cf9-0fd81e8193c0-780x520.jpeg",780,520,true],"1536x1536":["https:\/\/portal.pi.gov.br\/seres\/wp-content\/uploads\/sites\/87\/2025\/02\/2abc9fdf-8f54-4823-8cf9-0fd81e8193c0-1536x1024.jpeg",1536,1024,true],"2048x2048":["https:\/\/portal.pi.gov.br\/seres\/wp-content\/uploads\/sites\/87\/2025\/02\/2abc9fdf-8f54-4823-8cf9-0fd81e8193c0-2048x1366.jpeg",2048,1366,true],"homepage-slider":["https:\/\/portal.pi.gov.br\/seres\/wp-content\/uploads\/sites\/87\/2025\/02\/2abc9fdf-8f54-4823-8cf9-0fd81e8193c0-1270x500.jpeg",1270,500,true],"homepage-slider-small":["https:\/\/portal.pi.gov.br\/seres\/wp-content\/uploads\/sites\/87\/2025\/02\/2abc9fdf-8f54-4823-8cf9-0fd81e8193c0-947x500.jpeg",947,500,true],"page-top":["https:\/\/portal.pi.gov.br\/seres\/wp-content\/uploads\/sites\/87\/2025\/02\/2abc9fdf-8f54-4823-8cf9-0fd81e8193c0-947x631.jpeg",947,631,true],"page-small":["https:\/\/portal.pi.gov.br\/seres\/wp-content\/uploads\/sites\/87\/2025\/02\/2abc9fdf-8f54-4823-8cf9-0fd81e8193c0-624x416.jpeg",624,416,true],"loop-main":["https:\/\/portal.pi.gov.br\/seres\/wp-content\/uploads\/sites\/87\/2025\/02\/2abc9fdf-8f54-4823-8cf9-0fd81e8193c0-365x240.jpeg",365,240,true],"thumb-gallery-widget":["https:\/\/portal.pi.gov.br\/seres\/wp-content\/uploads\/sites\/87\/2025\/02\/2abc9fdf-8f54-4823-8cf9-0fd81e8193c0-84x56.jpeg",84,56,true]},"post_excerpt_stackable_v2":"<p>A comunidade Baix\u00e3o \u00e9 a 30\u00aa quilombola que tem o seu territ\u00f3rio regularizado no estado.\u00a0 Nesta ter\u00e7a-feira (18) foi realizada a entrega do t\u00edtulo coletivo de terra para a comunidade quilombola Baix\u00e3o, no munic\u00edpio de Bet\u00e2nia do Piau\u00ed. Uma a\u00e7\u00e3o do Governo do Estado, atrav\u00e9s do Instituto de Terras do Piau\u00ed (Interpi), com o apoio da Secretaria de Rela\u00e7\u00f5es Sociais (Seres). A comunidade Baix\u00e3o \u00e9 a 30\u00aa quilombola que tem o seu territ\u00f3rio regularizado no estado. O Piau\u00ed \u00e9 refer\u00eancia nacional nessa importante pol\u00edtica p\u00fablica de valoriza\u00e7\u00e3o, de reconhecimento e de legaliza\u00e7\u00e3o dos territ\u00f3rios tradicionais.&nbsp; A a\u00e7\u00e3o beneficia cerca de&hellip;<\/p>\n","category_list_v2":"<a href=\"https:\/\/portal.pi.gov.br\/seres\/category\/noticias\/\" rel=\"category tag\">Not\u00edcias<\/a>","author_info_v2":{"name":"alineraquel","url":"https:\/\/portal.pi.gov.br\/seres\/author\/alineraquel\/"},"comments_num_v2":"0 coment\u00e1rio","jetpack_featured_media_url":"https:\/\/portal.pi.gov.br\/seres\/wp-content\/uploads\/sites\/87\/2025\/02\/2abc9fdf-8f54-4823-8cf9-0fd81e8193c0-scaled.jpeg","_links":{"self":[{"href":"https:\/\/portal.pi.gov.br\/seres\/wp-json\/wp\/v2\/posts\/2980"}],"collection":[{"href":"https:\/\/portal.pi.gov.br\/seres\/wp-json\/wp\/v2\/posts"}],"about":[{"href":"https:\/\/portal.pi.gov.br\/seres\/wp-json\/wp\/v2\/types\/post"}],"author":[{"embeddable":true,"href":"https:\/\/portal.pi.gov.br\/seres\/wp-json\/wp\/v2\/users\/1821"}],"replies":[{"embeddable":true,"href":"https:\/\/portal.pi.gov.br\/seres\/wp-json\/wp\/v2\/comments?post=2980"}],"version-history":[{"count":15,"href":"https:\/\/portal.pi.gov.br\/seres\/wp-json\/wp\/v2\/posts\/2980\/revisions"}],"predecessor-version":[{"id":3019,"href":"https:\/\/portal.pi.gov.br\/seres\/wp-json\/wp\/v2\/posts\/2980\/revisions\/3019"}],"wp:featuredmedia":[{"embeddable":true,"href":"https:\/\/portal.pi.gov.br\/seres\/wp-json\/wp\/v2\/media\/2970"}],"wp:attachment":[{"href":"https:\/\/portal.pi.gov.br\/seres\/wp-json\/wp\/v2\/media?parent=2980"}],"wp:term":[{"taxonomy":"category","embeddable":true,"href":"https:\/\/portal.pi.gov.br\/seres\/wp-json\/wp\/v2\/categories?post=2980"},{"taxonomy":"post_tag","embeddable":true,"href":"https:\/\/portal.pi.gov.br\/seres\/wp-json\/wp\/v2\/tags?post=2980"}],"curies":[{"name":"wp","href":"https:\/\/api.w.org\/{rel}","templated":true}]}}