{"id":2993,"date":"2025-02-19T17:15:15","date_gmt":"2025-02-19T20:15:15","guid":{"rendered":"https:\/\/portal.pi.gov.br\/seres\/?p=2993"},"modified":"2025-02-19T17:25:30","modified_gmt":"2025-02-19T20:25:30","slug":"comunidade-bate-mare-em-paulistana-recebe-o-1o-titulo-coletivo-de-territorio-indigena-na-gestao-rafael-fonteles","status":"publish","type":"post","link":"https:\/\/portal.pi.gov.br\/seres\/2025\/02\/19\/comunidade-bate-mare-em-paulistana-recebe-o-1o-titulo-coletivo-de-territorio-indigena-na-gestao-rafael-fonteles\/","title":{"rendered":"Comunidade Bate Mar\u00e9, em Paulistana, recebe o 1\u00ba T\u00edtulo Coletivo de Territ\u00f3rio Ind\u00edgena na gest\u00e3o Rafael Fonteles"},"content":{"rendered":"\n<p><br>A titula\u00e7\u00e3o representa um marco hist\u00f3rico para os povos ind\u00edgenas do Piau\u00ed.<\/p>\n\n\n\n<p><br><\/p>\n\n\n\n<figure class=\"wp-block-image\"><img decoding=\"async\" loading=\"lazy\" width=\"2560\" height=\"1707\" src=\"https:\/\/portal.pi.gov.br\/seres\/wp-content\/uploads\/sites\/87\/2025\/02\/d29afbd0-f1e5-403f-a0ca-b72cfe570775-scaled.jpeg\" alt=\"\" class=\"wp-image-2989\" srcset=\"https:\/\/portal.pi.gov.br\/seres\/wp-content\/uploads\/sites\/87\/2025\/02\/d29afbd0-f1e5-403f-a0ca-b72cfe570775-scaled.jpeg 2560w, https:\/\/portal.pi.gov.br\/seres\/wp-content\/uploads\/sites\/87\/2025\/02\/d29afbd0-f1e5-403f-a0ca-b72cfe570775-300x200.jpeg 300w, https:\/\/portal.pi.gov.br\/seres\/wp-content\/uploads\/sites\/87\/2025\/02\/d29afbd0-f1e5-403f-a0ca-b72cfe570775-1024x683.jpeg 1024w, https:\/\/portal.pi.gov.br\/seres\/wp-content\/uploads\/sites\/87\/2025\/02\/d29afbd0-f1e5-403f-a0ca-b72cfe570775-768x512.jpeg 768w, https:\/\/portal.pi.gov.br\/seres\/wp-content\/uploads\/sites\/87\/2025\/02\/d29afbd0-f1e5-403f-a0ca-b72cfe570775-420x280.jpeg 420w, https:\/\/portal.pi.gov.br\/seres\/wp-content\/uploads\/sites\/87\/2025\/02\/d29afbd0-f1e5-403f-a0ca-b72cfe570775-540x360.jpeg 540w, https:\/\/portal.pi.gov.br\/seres\/wp-content\/uploads\/sites\/87\/2025\/02\/d29afbd0-f1e5-403f-a0ca-b72cfe570775-780x520.jpeg 780w, https:\/\/portal.pi.gov.br\/seres\/wp-content\/uploads\/sites\/87\/2025\/02\/d29afbd0-f1e5-403f-a0ca-b72cfe570775-1536x1024.jpeg 1536w, https:\/\/portal.pi.gov.br\/seres\/wp-content\/uploads\/sites\/87\/2025\/02\/d29afbd0-f1e5-403f-a0ca-b72cfe570775-2048x1366.jpeg 2048w, https:\/\/portal.pi.gov.br\/seres\/wp-content\/uploads\/sites\/87\/2025\/02\/d29afbd0-f1e5-403f-a0ca-b72cfe570775-947x631.jpeg 947w, https:\/\/portal.pi.gov.br\/seres\/wp-content\/uploads\/sites\/87\/2025\/02\/d29afbd0-f1e5-403f-a0ca-b72cfe570775-624x416.jpeg 624w, https:\/\/portal.pi.gov.br\/seres\/wp-content\/uploads\/sites\/87\/2025\/02\/d29afbd0-f1e5-403f-a0ca-b72cfe570775-84x56.jpeg 84w\" sizes=\"(max-width: 2560px) 100vw, 2560px\" \/><\/figure>\n\n\n\n<p><br><\/p>\n\n\n\n<p>Em Paulistana, a comunica\u00e7\u00e3o Bate Mar\u00e9 recebeu nesta quarta-feira (19) o primeiro T\u00edtulo Coletivo de Territ\u00f3rio Ind\u00edgena concedido pelo Governo do Estado do Piau\u00ed na gest\u00e3o do governador Rafael Fonteles.&nbsp;<\/p>\n\n\n\n<p>A comunidade Bate Mar\u00e9 \u00e9 formada por mais de 250 fam\u00edlias, totalizando cerca de 800 moradores. A titula\u00e7\u00e3o representa um marco hist\u00f3rico para os povos ind\u00edgenas do Piau\u00ed, garantindo a seguran\u00e7a jur\u00eddica da posse de suas terras, fortalecendo sua cultura e o modo de vida dos povos tradicionais.<\/p>\n\n\n\n<p>\u201cIsso s\u00f3 foi poss\u00edvel porque tem uma comunidade organizada. Quando o povo se organiza, se levanta e luta, as conquistas chegam. Al\u00e9m das parcerias com o governo Lula, com o ministro Wellington Dias e com o nosso governador Rafael Fonteles. O Governo do Estado trabalha muito para as pol\u00edticas p\u00fablicas chegarem para todos que precisam do poder p\u00fablico. Agrade\u00e7o a todas as lideran\u00e7as ind\u00edgenas e parabenizo por essa conquista hist\u00f3rica da comunidade Bate Mar\u00e9\u201d, comemorou a secret\u00e1ria N\u00fabia Lopes.&nbsp;<br><\/p>\n\n\n\n<figure class=\"wp-block-image size-large\"><img decoding=\"async\" loading=\"lazy\" width=\"1024\" height=\"683\" src=\"https:\/\/portal.pi.gov.br\/seres\/wp-content\/uploads\/sites\/87\/2025\/02\/3d6ba6d2-f68d-49b2-9371-c36cd235a4cd-1024x683.jpeg\" alt=\"\" class=\"wp-image-2988\" srcset=\"https:\/\/portal.pi.gov.br\/seres\/wp-content\/uploads\/sites\/87\/2025\/02\/3d6ba6d2-f68d-49b2-9371-c36cd235a4cd-1024x683.jpeg 1024w, https:\/\/portal.pi.gov.br\/seres\/wp-content\/uploads\/sites\/87\/2025\/02\/3d6ba6d2-f68d-49b2-9371-c36cd235a4cd-300x200.jpeg 300w, https:\/\/portal.pi.gov.br\/seres\/wp-content\/uploads\/sites\/87\/2025\/02\/3d6ba6d2-f68d-49b2-9371-c36cd235a4cd-768x512.jpeg 768w, https:\/\/portal.pi.gov.br\/seres\/wp-content\/uploads\/sites\/87\/2025\/02\/3d6ba6d2-f68d-49b2-9371-c36cd235a4cd-420x280.jpeg 420w, https:\/\/portal.pi.gov.br\/seres\/wp-content\/uploads\/sites\/87\/2025\/02\/3d6ba6d2-f68d-49b2-9371-c36cd235a4cd-540x360.jpeg 540w, https:\/\/portal.pi.gov.br\/seres\/wp-content\/uploads\/sites\/87\/2025\/02\/3d6ba6d2-f68d-49b2-9371-c36cd235a4cd-780x520.jpeg 780w, https:\/\/portal.pi.gov.br\/seres\/wp-content\/uploads\/sites\/87\/2025\/02\/3d6ba6d2-f68d-49b2-9371-c36cd235a4cd-1536x1024.jpeg 1536w, https:\/\/portal.pi.gov.br\/seres\/wp-content\/uploads\/sites\/87\/2025\/02\/3d6ba6d2-f68d-49b2-9371-c36cd235a4cd-2048x1366.jpeg 2048w, https:\/\/portal.pi.gov.br\/seres\/wp-content\/uploads\/sites\/87\/2025\/02\/3d6ba6d2-f68d-49b2-9371-c36cd235a4cd-947x631.jpeg 947w, https:\/\/portal.pi.gov.br\/seres\/wp-content\/uploads\/sites\/87\/2025\/02\/3d6ba6d2-f68d-49b2-9371-c36cd235a4cd-624x416.jpeg 624w, https:\/\/portal.pi.gov.br\/seres\/wp-content\/uploads\/sites\/87\/2025\/02\/3d6ba6d2-f68d-49b2-9371-c36cd235a4cd-84x56.jpeg 84w\" sizes=\"(max-width: 1024px) 100vw, 1024px\" \/><\/figure>\n\n\n\n<p><br><\/p>\n\n\n\n<p>\u201cS\u00e3o anos de luta e de batalha, e para esse momento acontecer, a uni\u00e3o fez a for\u00e7a. Agrade\u00e7o a todos que nos ajudaram, Milena, Francisca Cariri, Rosalina, Edson, Cacique Henrique e todos do Governo do Estado. Estamos muito felizes!\u201d, agradeceu o Cacique Gilmar, lideran\u00e7a da comunidade Bate Mar\u00e9.<\/p>\n\n\n\n<figure class=\"wp-block-image size-large\"><img decoding=\"async\" loading=\"lazy\" width=\"1024\" height=\"683\" src=\"https:\/\/portal.pi.gov.br\/seres\/wp-content\/uploads\/sites\/87\/2025\/02\/0ae89508-1501-4616-968c-e636fc785960-1024x683.jpeg\" alt=\"\" class=\"wp-image-2990\" srcset=\"https:\/\/portal.pi.gov.br\/seres\/wp-content\/uploads\/sites\/87\/2025\/02\/0ae89508-1501-4616-968c-e636fc785960-1024x683.jpeg 1024w, https:\/\/portal.pi.gov.br\/seres\/wp-content\/uploads\/sites\/87\/2025\/02\/0ae89508-1501-4616-968c-e636fc785960-300x200.jpeg 300w, https:\/\/portal.pi.gov.br\/seres\/wp-content\/uploads\/sites\/87\/2025\/02\/0ae89508-1501-4616-968c-e636fc785960-768x512.jpeg 768w, https:\/\/portal.pi.gov.br\/seres\/wp-content\/uploads\/sites\/87\/2025\/02\/0ae89508-1501-4616-968c-e636fc785960-420x280.jpeg 420w, https:\/\/portal.pi.gov.br\/seres\/wp-content\/uploads\/sites\/87\/2025\/02\/0ae89508-1501-4616-968c-e636fc785960-540x360.jpeg 540w, https:\/\/portal.pi.gov.br\/seres\/wp-content\/uploads\/sites\/87\/2025\/02\/0ae89508-1501-4616-968c-e636fc785960-780x520.jpeg 780w, https:\/\/portal.pi.gov.br\/seres\/wp-content\/uploads\/sites\/87\/2025\/02\/0ae89508-1501-4616-968c-e636fc785960-1536x1024.jpeg 1536w, https:\/\/portal.pi.gov.br\/seres\/wp-content\/uploads\/sites\/87\/2025\/02\/0ae89508-1501-4616-968c-e636fc785960-2048x1366.jpeg 2048w, https:\/\/portal.pi.gov.br\/seres\/wp-content\/uploads\/sites\/87\/2025\/02\/0ae89508-1501-4616-968c-e636fc785960-947x631.jpeg 947w, https:\/\/portal.pi.gov.br\/seres\/wp-content\/uploads\/sites\/87\/2025\/02\/0ae89508-1501-4616-968c-e636fc785960-624x416.jpeg 624w, https:\/\/portal.pi.gov.br\/seres\/wp-content\/uploads\/sites\/87\/2025\/02\/0ae89508-1501-4616-968c-e636fc785960-84x56.jpeg 84w\" sizes=\"(max-width: 1024px) 100vw, 1024px\" \/><\/figure>\n\n\n\n<p><\/p>\n\n\n\n<p><\/p>\n\n\n\n<p>A entrega do T\u00edtulo Coletivo faz parte das a\u00e7\u00f5es do Interpi, com o apoio da Seres, dentro do programa de regulariza\u00e7\u00e3o fundi\u00e1ria do Estado, que busca garantir a titularidade da terra a comunidades tradicionais, promovendo inclus\u00e3o social e desenvolvimento sustent\u00e1vel.<\/p>\n\n\n\n<p><\/p>\n\n\n\n<figure class=\"wp-block-gallery has-nested-images columns-default is-cropped wp-block-gallery-1 is-layout-flex\">\n<figure class=\"wp-block-image size-large\"><img decoding=\"async\" loading=\"lazy\" width=\"1024\" height=\"683\" data-id=\"2992\"  src=\"https:\/\/portal.pi.gov.br\/seres\/wp-content\/uploads\/sites\/87\/2025\/02\/f5dd8ecc-0fb6-4759-8b28-5831190d276e-1024x683.jpeg\" alt=\"\" class=\"wp-image-2992\" srcset=\"https:\/\/portal.pi.gov.br\/seres\/wp-content\/uploads\/sites\/87\/2025\/02\/f5dd8ecc-0fb6-4759-8b28-5831190d276e-1024x683.jpeg 1024w, https:\/\/portal.pi.gov.br\/seres\/wp-content\/uploads\/sites\/87\/2025\/02\/f5dd8ecc-0fb6-4759-8b28-5831190d276e-300x200.jpeg 300w, https:\/\/portal.pi.gov.br\/seres\/wp-content\/uploads\/sites\/87\/2025\/02\/f5dd8ecc-0fb6-4759-8b28-5831190d276e-768x512.jpeg 768w, https:\/\/portal.pi.gov.br\/seres\/wp-content\/uploads\/sites\/87\/2025\/02\/f5dd8ecc-0fb6-4759-8b28-5831190d276e-420x280.jpeg 420w, https:\/\/portal.pi.gov.br\/seres\/wp-content\/uploads\/sites\/87\/2025\/02\/f5dd8ecc-0fb6-4759-8b28-5831190d276e-540x360.jpeg 540w, https:\/\/portal.pi.gov.br\/seres\/wp-content\/uploads\/sites\/87\/2025\/02\/f5dd8ecc-0fb6-4759-8b28-5831190d276e-780x520.jpeg 780w, https:\/\/portal.pi.gov.br\/seres\/wp-content\/uploads\/sites\/87\/2025\/02\/f5dd8ecc-0fb6-4759-8b28-5831190d276e-1536x1024.jpeg 1536w, https:\/\/portal.pi.gov.br\/seres\/wp-content\/uploads\/sites\/87\/2025\/02\/f5dd8ecc-0fb6-4759-8b28-5831190d276e-2048x1366.jpeg 2048w, https:\/\/portal.pi.gov.br\/seres\/wp-content\/uploads\/sites\/87\/2025\/02\/f5dd8ecc-0fb6-4759-8b28-5831190d276e-947x631.jpeg 947w, https:\/\/portal.pi.gov.br\/seres\/wp-content\/uploads\/sites\/87\/2025\/02\/f5dd8ecc-0fb6-4759-8b28-5831190d276e-624x416.jpeg 624w, https:\/\/portal.pi.gov.br\/seres\/wp-content\/uploads\/sites\/87\/2025\/02\/f5dd8ecc-0fb6-4759-8b28-5831190d276e-84x56.jpeg 84w\" sizes=\"(max-width: 1024px) 100vw, 1024px\" \/><\/figure>\n\n\n\n<figure class=\"wp-block-image size-large\"><img decoding=\"async\" loading=\"lazy\" width=\"1024\" height=\"683\" data-id=\"2991\"  src=\"https:\/\/portal.pi.gov.br\/seres\/wp-content\/uploads\/sites\/87\/2025\/02\/db657619-6f5e-4725-ac27-626b26bcdc7b-1024x683.jpeg\" alt=\"\" class=\"wp-image-2991\" srcset=\"https:\/\/portal.pi.gov.br\/seres\/wp-content\/uploads\/sites\/87\/2025\/02\/db657619-6f5e-4725-ac27-626b26bcdc7b-1024x683.jpeg 1024w, https:\/\/portal.pi.gov.br\/seres\/wp-content\/uploads\/sites\/87\/2025\/02\/db657619-6f5e-4725-ac27-626b26bcdc7b-300x200.jpeg 300w, https:\/\/portal.pi.gov.br\/seres\/wp-content\/uploads\/sites\/87\/2025\/02\/db657619-6f5e-4725-ac27-626b26bcdc7b-768x512.jpeg 768w, https:\/\/portal.pi.gov.br\/seres\/wp-content\/uploads\/sites\/87\/2025\/02\/db657619-6f5e-4725-ac27-626b26bcdc7b-420x280.jpeg 420w, https:\/\/portal.pi.gov.br\/seres\/wp-content\/uploads\/sites\/87\/2025\/02\/db657619-6f5e-4725-ac27-626b26bcdc7b-540x360.jpeg 540w, https:\/\/portal.pi.gov.br\/seres\/wp-content\/uploads\/sites\/87\/2025\/02\/db657619-6f5e-4725-ac27-626b26bcdc7b-780x520.jpeg 780w, https:\/\/portal.pi.gov.br\/seres\/wp-content\/uploads\/sites\/87\/2025\/02\/db657619-6f5e-4725-ac27-626b26bcdc7b-1536x1024.jpeg 1536w, https:\/\/portal.pi.gov.br\/seres\/wp-content\/uploads\/sites\/87\/2025\/02\/db657619-6f5e-4725-ac27-626b26bcdc7b-2048x1366.jpeg 2048w, https:\/\/portal.pi.gov.br\/seres\/wp-content\/uploads\/sites\/87\/2025\/02\/db657619-6f5e-4725-ac27-626b26bcdc7b-947x631.jpeg 947w, https:\/\/portal.pi.gov.br\/seres\/wp-content\/uploads\/sites\/87\/2025\/02\/db657619-6f5e-4725-ac27-626b26bcdc7b-624x416.jpeg 624w, https:\/\/portal.pi.gov.br\/seres\/wp-content\/uploads\/sites\/87\/2025\/02\/db657619-6f5e-4725-ac27-626b26bcdc7b-84x56.jpeg 84w\" sizes=\"(max-width: 1024px) 100vw, 1024px\" \/><\/figure>\n\n\n\n<figure class=\"wp-block-image size-large\"><img decoding=\"async\" loading=\"lazy\" width=\"1024\" height=\"683\" data-id=\"2987\"  src=\"https:\/\/portal.pi.gov.br\/seres\/wp-content\/uploads\/sites\/87\/2025\/02\/945d9079-9f71-48cc-8ca3-b64a0f78778c-1024x683.jpeg\" alt=\"\" class=\"wp-image-2987\" srcset=\"https:\/\/portal.pi.gov.br\/seres\/wp-content\/uploads\/sites\/87\/2025\/02\/945d9079-9f71-48cc-8ca3-b64a0f78778c-1024x683.jpeg 1024w, https:\/\/portal.pi.gov.br\/seres\/wp-content\/uploads\/sites\/87\/2025\/02\/945d9079-9f71-48cc-8ca3-b64a0f78778c-300x200.jpeg 300w, https:\/\/portal.pi.gov.br\/seres\/wp-content\/uploads\/sites\/87\/2025\/02\/945d9079-9f71-48cc-8ca3-b64a0f78778c-768x512.jpeg 768w, https:\/\/portal.pi.gov.br\/seres\/wp-content\/uploads\/sites\/87\/2025\/02\/945d9079-9f71-48cc-8ca3-b64a0f78778c-420x280.jpeg 420w, https:\/\/portal.pi.gov.br\/seres\/wp-content\/uploads\/sites\/87\/2025\/02\/945d9079-9f71-48cc-8ca3-b64a0f78778c-540x360.jpeg 540w, https:\/\/portal.pi.gov.br\/seres\/wp-content\/uploads\/sites\/87\/2025\/02\/945d9079-9f71-48cc-8ca3-b64a0f78778c-780x520.jpeg 780w, https:\/\/portal.pi.gov.br\/seres\/wp-content\/uploads\/sites\/87\/2025\/02\/945d9079-9f71-48cc-8ca3-b64a0f78778c-1536x1024.jpeg 1536w, https:\/\/portal.pi.gov.br\/seres\/wp-content\/uploads\/sites\/87\/2025\/02\/945d9079-9f71-48cc-8ca3-b64a0f78778c-2048x1366.jpeg 2048w, https:\/\/portal.pi.gov.br\/seres\/wp-content\/uploads\/sites\/87\/2025\/02\/945d9079-9f71-48cc-8ca3-b64a0f78778c-947x631.jpeg 947w, https:\/\/portal.pi.gov.br\/seres\/wp-content\/uploads\/sites\/87\/2025\/02\/945d9079-9f71-48cc-8ca3-b64a0f78778c-624x416.jpeg 624w, https:\/\/portal.pi.gov.br\/seres\/wp-content\/uploads\/sites\/87\/2025\/02\/945d9079-9f71-48cc-8ca3-b64a0f78778c-84x56.jpeg 84w\" sizes=\"(max-width: 1024px) 100vw, 1024px\" \/><\/figure>\n\n\n\n<figure class=\"wp-block-image size-large\"><img decoding=\"async\" loading=\"lazy\" width=\"768\" height=\"1024\" data-id=\"2986\"  src=\"https:\/\/portal.pi.gov.br\/seres\/wp-content\/uploads\/sites\/87\/2025\/02\/53f55387-b7cb-45a3-af17-4884eb2d9aa0-768x1024.jpeg\" alt=\"\" class=\"wp-image-2986\" srcset=\"https:\/\/portal.pi.gov.br\/seres\/wp-content\/uploads\/sites\/87\/2025\/02\/53f55387-b7cb-45a3-af17-4884eb2d9aa0-768x1024.jpeg 768w, https:\/\/portal.pi.gov.br\/seres\/wp-content\/uploads\/sites\/87\/2025\/02\/53f55387-b7cb-45a3-af17-4884eb2d9aa0-225x300.jpeg 225w, https:\/\/portal.pi.gov.br\/seres\/wp-content\/uploads\/sites\/87\/2025\/02\/53f55387-b7cb-45a3-af17-4884eb2d9aa0-315x420.jpeg 315w, https:\/\/portal.pi.gov.br\/seres\/wp-content\/uploads\/sites\/87\/2025\/02\/53f55387-b7cb-45a3-af17-4884eb2d9aa0-405x540.jpeg 405w, https:\/\/portal.pi.gov.br\/seres\/wp-content\/uploads\/sites\/87\/2025\/02\/53f55387-b7cb-45a3-af17-4884eb2d9aa0-585x780.jpeg 585w, https:\/\/portal.pi.gov.br\/seres\/wp-content\/uploads\/sites\/87\/2025\/02\/53f55387-b7cb-45a3-af17-4884eb2d9aa0-1152x1536.jpeg 1152w, https:\/\/portal.pi.gov.br\/seres\/wp-content\/uploads\/sites\/87\/2025\/02\/53f55387-b7cb-45a3-af17-4884eb2d9aa0-1536x2048.jpeg 1536w, https:\/\/portal.pi.gov.br\/seres\/wp-content\/uploads\/sites\/87\/2025\/02\/53f55387-b7cb-45a3-af17-4884eb2d9aa0-947x1263.jpeg 947w, https:\/\/portal.pi.gov.br\/seres\/wp-content\/uploads\/sites\/87\/2025\/02\/53f55387-b7cb-45a3-af17-4884eb2d9aa0-624x832.jpeg 624w, https:\/\/portal.pi.gov.br\/seres\/wp-content\/uploads\/sites\/87\/2025\/02\/53f55387-b7cb-45a3-af17-4884eb2d9aa0-scaled.jpeg 1920w\" sizes=\"(max-width: 768px) 100vw, 768px\" \/><\/figure>\n<\/figure>\n\n\n\n<p><\/p>\n\n\n\n<p><\/p>\n\n\n\n<p><\/p>\n\n\n\n<p><br><\/p>\n\n\n\n<p><br><\/p>\n\n\n\n<p><\/p>\n\n\n","protected":false},"excerpt":{"rendered":"<p>A titula\u00e7\u00e3o representa um marco hist\u00f3rico para os povos ind\u00edgenas do Piau\u00ed. Em Paulistana, a comunica\u00e7\u00e3o Bate Mar\u00e9 recebeu nesta quarta-feira (19) o primeiro T\u00edtulo Coletivo de Territ\u00f3rio Ind\u00edgena concedido [&hellip;]<\/p>\n","protected":false},"author":1821,"featured_media":2992,"comment_status":"closed","ping_status":"closed","sticky":true,"template":"","format":"standard","meta":[],"categories":[34],"tags":[],"featured_image_urls":{"full":["https:\/\/portal.pi.gov.br\/seres\/wp-content\/uploads\/sites\/87\/2025\/02\/f5dd8ecc-0fb6-4759-8b28-5831190d276e-scaled.jpeg",2560,1707,false],"thumbnail":["https:\/\/portal.pi.gov.br\/seres\/wp-content\/uploads\/sites\/87\/2025\/02\/f5dd8ecc-0fb6-4759-8b28-5831190d276e-150x150.jpeg",150,150,true],"medium":["https:\/\/portal.pi.gov.br\/seres\/wp-content\/uploads\/sites\/87\/2025\/02\/f5dd8ecc-0fb6-4759-8b28-5831190d276e-300x200.jpeg",300,200,true],"medium_large":["https:\/\/portal.pi.gov.br\/seres\/wp-content\/uploads\/sites\/87\/2025\/02\/f5dd8ecc-0fb6-4759-8b28-5831190d276e-768x512.jpeg",768,512,true],"large":["https:\/\/portal.pi.gov.br\/seres\/wp-content\/uploads\/sites\/87\/2025\/02\/f5dd8ecc-0fb6-4759-8b28-5831190d276e-1024x683.jpeg",887,592,true],"sgg-420":["https:\/\/portal.pi.gov.br\/seres\/wp-content\/uploads\/sites\/87\/2025\/02\/f5dd8ecc-0fb6-4759-8b28-5831190d276e-420x280.jpeg",420,280,true],"sgg-540":["https:\/\/portal.pi.gov.br\/seres\/wp-content\/uploads\/sites\/87\/2025\/02\/f5dd8ecc-0fb6-4759-8b28-5831190d276e-540x360.jpeg",540,360,true],"sgg-780":["https:\/\/portal.pi.gov.br\/seres\/wp-content\/uploads\/sites\/87\/2025\/02\/f5dd8ecc-0fb6-4759-8b28-5831190d276e-780x520.jpeg",780,520,true],"1536x1536":["https:\/\/portal.pi.gov.br\/seres\/wp-content\/uploads\/sites\/87\/2025\/02\/f5dd8ecc-0fb6-4759-8b28-5831190d276e-1536x1024.jpeg",1536,1024,true],"2048x2048":["https:\/\/portal.pi.gov.br\/seres\/wp-content\/uploads\/sites\/87\/2025\/02\/f5dd8ecc-0fb6-4759-8b28-5831190d276e-2048x1366.jpeg",2048,1366,true],"homepage-slider":["https:\/\/portal.pi.gov.br\/seres\/wp-content\/uploads\/sites\/87\/2025\/02\/f5dd8ecc-0fb6-4759-8b28-5831190d276e-1270x500.jpeg",1270,500,true],"homepage-slider-small":["https:\/\/portal.pi.gov.br\/seres\/wp-content\/uploads\/sites\/87\/2025\/02\/f5dd8ecc-0fb6-4759-8b28-5831190d276e-947x500.jpeg",947,500,true],"page-top":["https:\/\/portal.pi.gov.br\/seres\/wp-content\/uploads\/sites\/87\/2025\/02\/f5dd8ecc-0fb6-4759-8b28-5831190d276e-947x631.jpeg",947,631,true],"page-small":["https:\/\/portal.pi.gov.br\/seres\/wp-content\/uploads\/sites\/87\/2025\/02\/f5dd8ecc-0fb6-4759-8b28-5831190d276e-624x416.jpeg",624,416,true],"loop-main":["https:\/\/portal.pi.gov.br\/seres\/wp-content\/uploads\/sites\/87\/2025\/02\/f5dd8ecc-0fb6-4759-8b28-5831190d276e-365x240.jpeg",365,240,true],"thumb-gallery-widget":["https:\/\/portal.pi.gov.br\/seres\/wp-content\/uploads\/sites\/87\/2025\/02\/f5dd8ecc-0fb6-4759-8b28-5831190d276e-84x56.jpeg",84,56,true]},"post_excerpt_stackable":"<p>A titula\u00e7\u00e3o representa um marco hist\u00f3rico para os povos ind\u00edgenas do Piau\u00ed. Em Paulistana, a comunica\u00e7\u00e3o Bate Mar\u00e9 recebeu nesta quarta-feira (19) o primeiro T\u00edtulo Coletivo de Territ\u00f3rio Ind\u00edgena concedido pelo Governo do Estado do Piau\u00ed na gest\u00e3o do governador Rafael Fonteles.&nbsp; A comunidade Bate Mar\u00e9 \u00e9 formada por mais de 250 fam\u00edlias, totalizando cerca de 800 moradores. A titula\u00e7\u00e3o representa um marco hist\u00f3rico para os povos ind\u00edgenas do Piau\u00ed, garantindo a seguran\u00e7a jur\u00eddica da posse de suas terras, fortalecendo sua cultura e o modo de vida dos povos tradicionais. \u201cIsso s\u00f3 foi poss\u00edvel porque tem uma comunidade organizada. Quando&hellip;<\/p>\n","category_list":"<a href=\"https:\/\/portal.pi.gov.br\/seres\/category\/noticias\/\" rel=\"category tag\">Not\u00edcias<\/a>","author_info":{"name":"alineraquel","url":"https:\/\/portal.pi.gov.br\/seres\/author\/alineraquel\/"},"comments_num":"0 coment\u00e1rio","featured_image_urls_v2":{"full":["https:\/\/portal.pi.gov.br\/seres\/wp-content\/uploads\/sites\/87\/2025\/02\/f5dd8ecc-0fb6-4759-8b28-5831190d276e-scaled.jpeg",2560,1707,false],"thumbnail":["https:\/\/portal.pi.gov.br\/seres\/wp-content\/uploads\/sites\/87\/2025\/02\/f5dd8ecc-0fb6-4759-8b28-5831190d276e-150x150.jpeg",150,150,true],"medium":["https:\/\/portal.pi.gov.br\/seres\/wp-content\/uploads\/sites\/87\/2025\/02\/f5dd8ecc-0fb6-4759-8b28-5831190d276e-300x200.jpeg",300,200,true],"medium_large":["https:\/\/portal.pi.gov.br\/seres\/wp-content\/uploads\/sites\/87\/2025\/02\/f5dd8ecc-0fb6-4759-8b28-5831190d276e-768x512.jpeg",768,512,true],"large":["https:\/\/portal.pi.gov.br\/seres\/wp-content\/uploads\/sites\/87\/2025\/02\/f5dd8ecc-0fb6-4759-8b28-5831190d276e-1024x683.jpeg",887,592,true],"sgg-420":["https:\/\/portal.pi.gov.br\/seres\/wp-content\/uploads\/sites\/87\/2025\/02\/f5dd8ecc-0fb6-4759-8b28-5831190d276e-420x280.jpeg",420,280,true],"sgg-540":["https:\/\/portal.pi.gov.br\/seres\/wp-content\/uploads\/sites\/87\/2025\/02\/f5dd8ecc-0fb6-4759-8b28-5831190d276e-540x360.jpeg",540,360,true],"sgg-780":["https:\/\/portal.pi.gov.br\/seres\/wp-content\/uploads\/sites\/87\/2025\/02\/f5dd8ecc-0fb6-4759-8b28-5831190d276e-780x520.jpeg",780,520,true],"1536x1536":["https:\/\/portal.pi.gov.br\/seres\/wp-content\/uploads\/sites\/87\/2025\/02\/f5dd8ecc-0fb6-4759-8b28-5831190d276e-1536x1024.jpeg",1536,1024,true],"2048x2048":["https:\/\/portal.pi.gov.br\/seres\/wp-content\/uploads\/sites\/87\/2025\/02\/f5dd8ecc-0fb6-4759-8b28-5831190d276e-2048x1366.jpeg",2048,1366,true],"homepage-slider":["https:\/\/portal.pi.gov.br\/seres\/wp-content\/uploads\/sites\/87\/2025\/02\/f5dd8ecc-0fb6-4759-8b28-5831190d276e-1270x500.jpeg",1270,500,true],"homepage-slider-small":["https:\/\/portal.pi.gov.br\/seres\/wp-content\/uploads\/sites\/87\/2025\/02\/f5dd8ecc-0fb6-4759-8b28-5831190d276e-947x500.jpeg",947,500,true],"page-top":["https:\/\/portal.pi.gov.br\/seres\/wp-content\/uploads\/sites\/87\/2025\/02\/f5dd8ecc-0fb6-4759-8b28-5831190d276e-947x631.jpeg",947,631,true],"page-small":["https:\/\/portal.pi.gov.br\/seres\/wp-content\/uploads\/sites\/87\/2025\/02\/f5dd8ecc-0fb6-4759-8b28-5831190d276e-624x416.jpeg",624,416,true],"loop-main":["https:\/\/portal.pi.gov.br\/seres\/wp-content\/uploads\/sites\/87\/2025\/02\/f5dd8ecc-0fb6-4759-8b28-5831190d276e-365x240.jpeg",365,240,true],"thumb-gallery-widget":["https:\/\/portal.pi.gov.br\/seres\/wp-content\/uploads\/sites\/87\/2025\/02\/f5dd8ecc-0fb6-4759-8b28-5831190d276e-84x56.jpeg",84,56,true]},"post_excerpt_stackable_v2":"<p>A titula\u00e7\u00e3o representa um marco hist\u00f3rico para os povos ind\u00edgenas do Piau\u00ed. Em Paulistana, a comunica\u00e7\u00e3o Bate Mar\u00e9 recebeu nesta quarta-feira (19) o primeiro T\u00edtulo Coletivo de Territ\u00f3rio Ind\u00edgena concedido pelo Governo do Estado do Piau\u00ed na gest\u00e3o do governador Rafael Fonteles.&nbsp; A comunidade Bate Mar\u00e9 \u00e9 formada por mais de 250 fam\u00edlias, totalizando cerca de 800 moradores. A titula\u00e7\u00e3o representa um marco hist\u00f3rico para os povos ind\u00edgenas do Piau\u00ed, garantindo a seguran\u00e7a jur\u00eddica da posse de suas terras, fortalecendo sua cultura e o modo de vida dos povos tradicionais. \u201cIsso s\u00f3 foi poss\u00edvel porque tem uma comunidade organizada. Quando&hellip;<\/p>\n","category_list_v2":"<a href=\"https:\/\/portal.pi.gov.br\/seres\/category\/noticias\/\" rel=\"category tag\">Not\u00edcias<\/a>","author_info_v2":{"name":"alineraquel","url":"https:\/\/portal.pi.gov.br\/seres\/author\/alineraquel\/"},"comments_num_v2":"0 coment\u00e1rio","jetpack_featured_media_url":"https:\/\/portal.pi.gov.br\/seres\/wp-content\/uploads\/sites\/87\/2025\/02\/f5dd8ecc-0fb6-4759-8b28-5831190d276e-scaled.jpeg","_links":{"self":[{"href":"https:\/\/portal.pi.gov.br\/seres\/wp-json\/wp\/v2\/posts\/2993"}],"collection":[{"href":"https:\/\/portal.pi.gov.br\/seres\/wp-json\/wp\/v2\/posts"}],"about":[{"href":"https:\/\/portal.pi.gov.br\/seres\/wp-json\/wp\/v2\/types\/post"}],"author":[{"embeddable":true,"href":"https:\/\/portal.pi.gov.br\/seres\/wp-json\/wp\/v2\/users\/1821"}],"replies":[{"embeddable":true,"href":"https:\/\/portal.pi.gov.br\/seres\/wp-json\/wp\/v2\/comments?post=2993"}],"version-history":[{"count":2,"href":"https:\/\/portal.pi.gov.br\/seres\/wp-json\/wp\/v2\/posts\/2993\/revisions"}],"predecessor-version":[{"id":3000,"href":"https:\/\/portal.pi.gov.br\/seres\/wp-json\/wp\/v2\/posts\/2993\/revisions\/3000"}],"wp:featuredmedia":[{"embeddable":true,"href":"https:\/\/portal.pi.gov.br\/seres\/wp-json\/wp\/v2\/media\/2992"}],"wp:attachment":[{"href":"https:\/\/portal.pi.gov.br\/seres\/wp-json\/wp\/v2\/media?parent=2993"}],"wp:term":[{"taxonomy":"category","embeddable":true,"href":"https:\/\/portal.pi.gov.br\/seres\/wp-json\/wp\/v2\/categories?post=2993"},{"taxonomy":"post_tag","embeddable":true,"href":"https:\/\/portal.pi.gov.br\/seres\/wp-json\/wp\/v2\/tags?post=2993"}],"curies":[{"name":"wp","href":"https:\/\/api.w.org\/{rel}","templated":true}]}}