{"id":3020,"date":"2025-02-20T19:39:01","date_gmt":"2025-02-20T22:39:01","guid":{"rendered":"https:\/\/portal.pi.gov.br\/seres\/?p=3020"},"modified":"2025-02-20T19:51:50","modified_gmt":"2025-02-20T22:51:50","slug":"governo-instala-mesa-de-dialogo-para-discutir-demandas-das-quebradeiras-de-coco-babacu","status":"publish","type":"post","link":"https:\/\/portal.pi.gov.br\/seres\/2025\/02\/20\/governo-instala-mesa-de-dialogo-para-discutir-demandas-das-quebradeiras-de-coco-babacu\/","title":{"rendered":"Governo Instala Mesa de Di\u00e1logo para tratar de demandas das Quebradeiras de Coco Baba\u00e7u\u00a0"},"content":{"rendered":"\n<p><\/p>\n\n\n\n<p>Em reuni\u00e3o na manh\u00e3 desta quinta-feira (20), foi instalada a mesa de Di\u00e1logo Permanente entre o Governo do Estado do Piau\u00ed e o Movimento Interestadual das Quebradeiras de Coco Baba\u00e7u \u2013 MIQCB. A plen\u00e1ria foi realizada no audit\u00f3rio da Escola Fazend\u00e1ria e contou com a presen\u00e7a de representantes do movimento das quebradeiras de coco e \u00f3rg\u00e3os  governamentais.\u00a0\u00a0 <\/p>\n\n\n\n<p>O objetivo da mesa \u00e9 trata sobre a pauta tem\u00e1tica das comunidades tradicionais das quebradeiras de coco baba\u00e7u situadas nos territ\u00f3rios, assentamentos e \u00e1reas de incid\u00eancia de baba\u00e7uais que demandam por prote\u00e7\u00e3o e preserva\u00e7\u00e3o dos baba\u00e7uais e da atividade tradicional de coleta e quebra do coco baba\u00e7u e por reconhecimento, regulariza\u00e7\u00e3o e titula\u00e7\u00e3o dos territ\u00f3rios tradicionais de quebradeiras de coco. <\/p>\n\n\n<div class=\"wp-block-image\">\n<figure class=\"aligncenter size-large is-resized\"><img decoding=\"async\" loading=\"lazy\" src=\"https:\/\/portal.pi.gov.br\/seres\/wp-content\/uploads\/sites\/87\/2025\/02\/WhatsApp-Image-2025-02-20-at-18.08.47-1-1024x474.jpeg\" alt=\"\" class=\"wp-image-3022\" width=\"754\" height=\"348\" srcset=\"https:\/\/portal.pi.gov.br\/seres\/wp-content\/uploads\/sites\/87\/2025\/02\/WhatsApp-Image-2025-02-20-at-18.08.47-1-1024x474.jpeg 1024w, https:\/\/portal.pi.gov.br\/seres\/wp-content\/uploads\/sites\/87\/2025\/02\/WhatsApp-Image-2025-02-20-at-18.08.47-1-300x139.jpeg 300w, https:\/\/portal.pi.gov.br\/seres\/wp-content\/uploads\/sites\/87\/2025\/02\/WhatsApp-Image-2025-02-20-at-18.08.47-1-420x195.jpeg 420w, https:\/\/portal.pi.gov.br\/seres\/wp-content\/uploads\/sites\/87\/2025\/02\/WhatsApp-Image-2025-02-20-at-18.08.47-1-540x250.jpeg 540w, https:\/\/portal.pi.gov.br\/seres\/wp-content\/uploads\/sites\/87\/2025\/02\/WhatsApp-Image-2025-02-20-at-18.08.47-1-780x361.jpeg 780w, https:\/\/portal.pi.gov.br\/seres\/wp-content\/uploads\/sites\/87\/2025\/02\/WhatsApp-Image-2025-02-20-at-18.08.47-1-2048x949.jpeg 2048w, https:\/\/portal.pi.gov.br\/seres\/wp-content\/uploads\/sites\/87\/2025\/02\/WhatsApp-Image-2025-02-20-at-18.08.47-1-624x289.jpeg 624w\" sizes=\"(max-width: 754px) 100vw, 754px\" \/><\/figure><\/div>\n\n\n<p><\/p>\n\n\n\n<p> &#8220;O Movimento Interestadual tem o plano de a\u00e7\u00e3o e de atividades, os semin\u00e1rios que j\u00e1 discutiram temas como conflitos fundi\u00e1rios e regulariza\u00e7\u00e3o fundi\u00e1ria. Isso inclui a consci\u00eancia das mulheres que sofrem humilha\u00e7\u00e3o, que s\u00e3o subordinadas e t\u00eam seus direitos violados. Seguimos na luta para garantir a perman\u00eancia nos nossos territ\u00f3rios e avan\u00e7ar com a Lei do Baba\u00e7u Livre.&#8221; \u2013 Maria Alaides, coordenadora interestadual do MIQCB.<\/p>\n\n\n\n<p>Comp\u00f5em a mesa a n\u00edvel estadual a\u00a0 Secretaria de Meio Ambiente e Recursos H\u00eddricos do Estado do Piau\u00ed (SEMAHR) ; Secretaria de Estado\u00a0 da Agricultura Familiar (SAF); Instituto de Terras do Piau\u00ed (INTERPI) e a n\u00edvel nacional: Instituto de reforma agr\u00e1ria na Microrregi\u00e3o de Teresina (INCRA) e O\u00a0 Minist\u00e9rio do Desenvolvimento Agr\u00e1rio e Agricultura Familiar (MDA).\u00a0<\/p>\n\n\n<div class=\"wp-block-image\">\n<figure class=\"aligncenter size-large is-resized\"><img decoding=\"async\" loading=\"lazy\" src=\"https:\/\/portal.pi.gov.br\/seres\/wp-content\/uploads\/sites\/87\/2025\/02\/WhatsApp-Image-2025-02-20-at-18.08.33-1-1024x683.jpeg\" alt=\"\" class=\"wp-image-3028\" width=\"741\" height=\"494\" srcset=\"https:\/\/portal.pi.gov.br\/seres\/wp-content\/uploads\/sites\/87\/2025\/02\/WhatsApp-Image-2025-02-20-at-18.08.33-1-1024x683.jpeg 1024w, https:\/\/portal.pi.gov.br\/seres\/wp-content\/uploads\/sites\/87\/2025\/02\/WhatsApp-Image-2025-02-20-at-18.08.33-1-300x200.jpeg 300w, https:\/\/portal.pi.gov.br\/seres\/wp-content\/uploads\/sites\/87\/2025\/02\/WhatsApp-Image-2025-02-20-at-18.08.33-1-768x512.jpeg 768w, https:\/\/portal.pi.gov.br\/seres\/wp-content\/uploads\/sites\/87\/2025\/02\/WhatsApp-Image-2025-02-20-at-18.08.33-1-420x280.jpeg 420w, https:\/\/portal.pi.gov.br\/seres\/wp-content\/uploads\/sites\/87\/2025\/02\/WhatsApp-Image-2025-02-20-at-18.08.33-1-540x360.jpeg 540w, https:\/\/portal.pi.gov.br\/seres\/wp-content\/uploads\/sites\/87\/2025\/02\/WhatsApp-Image-2025-02-20-at-18.08.33-1-780x520.jpeg 780w, https:\/\/portal.pi.gov.br\/seres\/wp-content\/uploads\/sites\/87\/2025\/02\/WhatsApp-Image-2025-02-20-at-18.08.33-1-1536x1024.jpeg 1536w, https:\/\/portal.pi.gov.br\/seres\/wp-content\/uploads\/sites\/87\/2025\/02\/WhatsApp-Image-2025-02-20-at-18.08.33-1-2048x1366.jpeg 2048w, https:\/\/portal.pi.gov.br\/seres\/wp-content\/uploads\/sites\/87\/2025\/02\/WhatsApp-Image-2025-02-20-at-18.08.33-1-947x631.jpeg 947w, https:\/\/portal.pi.gov.br\/seres\/wp-content\/uploads\/sites\/87\/2025\/02\/WhatsApp-Image-2025-02-20-at-18.08.33-1-624x416.jpeg 624w, https:\/\/portal.pi.gov.br\/seres\/wp-content\/uploads\/sites\/87\/2025\/02\/WhatsApp-Image-2025-02-20-at-18.08.33-1-84x56.jpeg 84w\" sizes=\"(max-width: 741px) 100vw, 741px\" \/><\/figure><\/div>\n\n\n<p>&#8220;A cria\u00e7\u00e3o dessa mesa permanente de di\u00e1logo no Piau\u00ed \u00e9 um avan\u00e7o fundamental para a resist\u00eancia e territorializa\u00e7\u00e3o das quebradeiras de coco. Esse modelo pode servir de exemplo para todo o Brasil!&#8221; \u2013 N\u00fabia Lopes, Secretaria de Rela\u00e7\u00f5es Sociais do Governo do Piau\u00ed.<\/p>\n\n\n\n<p><\/p>\n\n\n\n<p>Por: Natalina Alves <\/p>\n","protected":false},"excerpt":{"rendered":"<p>Em reuni\u00e3o na manh\u00e3 desta quinta-feira (20), foi instalada a mesa de Di\u00e1logo Permanente entre o Governo do Estado do Piau\u00ed e o Movimento Interestadual das Quebradeiras de Coco Baba\u00e7u [&hellip;]<\/p>\n","protected":false},"author":1748,"featured_media":3024,"comment_status":"closed","ping_status":"closed","sticky":false,"template":"","format":"standard","meta":[],"categories":[34],"tags":[],"featured_image_urls":{"full":["https:\/\/portal.pi.gov.br\/seres\/wp-content\/uploads\/sites\/87\/2025\/02\/WhatsApp-Image-2025-02-20-at-18.08.47-2-scaled.jpeg",2560,1186,false],"thumbnail":["https:\/\/portal.pi.gov.br\/seres\/wp-content\/uploads\/sites\/87\/2025\/02\/WhatsApp-Image-2025-02-20-at-18.08.47-2-150x150.jpeg",150,150,true],"medium":["https:\/\/portal.pi.gov.br\/seres\/wp-content\/uploads\/sites\/87\/2025\/02\/WhatsApp-Image-2025-02-20-at-18.08.47-2-300x139.jpeg",300,139,true],"medium_large":["https:\/\/portal.pi.gov.br\/seres\/wp-content\/uploads\/sites\/87\/2025\/02\/WhatsApp-Image-2025-02-20-at-18.08.47-2-768x356.jpeg",768,356,true],"large":["https:\/\/portal.pi.gov.br\/seres\/wp-content\/uploads\/sites\/87\/2025\/02\/WhatsApp-Image-2025-02-20-at-18.08.47-2-1024x474.jpeg",887,411,true],"sgg-420":["https:\/\/portal.pi.gov.br\/seres\/wp-content\/uploads\/sites\/87\/2025\/02\/WhatsApp-Image-2025-02-20-at-18.08.47-2-420x195.jpeg",420,195,true],"sgg-540":["https:\/\/portal.pi.gov.br\/seres\/wp-content\/uploads\/sites\/87\/2025\/02\/WhatsApp-Image-2025-02-20-at-18.08.47-2-540x250.jpeg",540,250,true],"sgg-780":["https:\/\/portal.pi.gov.br\/seres\/wp-content\/uploads\/sites\/87\/2025\/02\/WhatsApp-Image-2025-02-20-at-18.08.47-2-780x361.jpeg",780,361,true],"1536x1536":["https:\/\/portal.pi.gov.br\/seres\/wp-content\/uploads\/sites\/87\/2025\/02\/WhatsApp-Image-2025-02-20-at-18.08.47-2-1536x712.jpeg",1536,712,true],"2048x2048":["https:\/\/portal.pi.gov.br\/seres\/wp-content\/uploads\/sites\/87\/2025\/02\/WhatsApp-Image-2025-02-20-at-18.08.47-2-2048x949.jpeg",2048,949,true],"homepage-slider":["https:\/\/portal.pi.gov.br\/seres\/wp-content\/uploads\/sites\/87\/2025\/02\/WhatsApp-Image-2025-02-20-at-18.08.47-2-1270x500.jpeg",1270,500,true],"homepage-slider-small":["https:\/\/portal.pi.gov.br\/seres\/wp-content\/uploads\/sites\/87\/2025\/02\/WhatsApp-Image-2025-02-20-at-18.08.47-2-947x500.jpeg",947,500,true],"page-top":["https:\/\/portal.pi.gov.br\/seres\/wp-content\/uploads\/sites\/87\/2025\/02\/WhatsApp-Image-2025-02-20-at-18.08.47-2-947x439.jpeg",947,439,true],"page-small":["https:\/\/portal.pi.gov.br\/seres\/wp-content\/uploads\/sites\/87\/2025\/02\/WhatsApp-Image-2025-02-20-at-18.08.47-2-624x289.jpeg",624,289,true],"loop-main":["https:\/\/portal.pi.gov.br\/seres\/wp-content\/uploads\/sites\/87\/2025\/02\/WhatsApp-Image-2025-02-20-at-18.08.47-2-365x240.jpeg",365,240,true],"thumb-gallery-widget":["https:\/\/portal.pi.gov.br\/seres\/wp-content\/uploads\/sites\/87\/2025\/02\/WhatsApp-Image-2025-02-20-at-18.08.47-2-84x56.jpeg",84,56,true]},"post_excerpt_stackable":"<p>Em reuni\u00e3o na manh\u00e3 desta quinta-feira (20), foi instalada a mesa de Di\u00e1logo Permanente entre o Governo do Estado do Piau\u00ed e o Movimento Interestadual das Quebradeiras de Coco Baba\u00e7u \u2013 MIQCB. A plen\u00e1ria foi realizada no audit\u00f3rio da Escola Fazend\u00e1ria e contou com a presen\u00e7a de representantes do movimento das quebradeiras de coco e \u00f3rg\u00e3os governamentais.\u00a0\u00a0 O objetivo da mesa \u00e9 trata sobre a pauta tem\u00e1tica das comunidades tradicionais das quebradeiras de coco baba\u00e7u situadas nos territ\u00f3rios, assentamentos e \u00e1reas de incid\u00eancia de baba\u00e7uais que demandam por prote\u00e7\u00e3o e preserva\u00e7\u00e3o dos baba\u00e7uais e da atividade tradicional de coleta e&hellip;<\/p>\n","category_list":"<a href=\"https:\/\/portal.pi.gov.br\/seres\/category\/noticias\/\" rel=\"category tag\">Not\u00edcias<\/a>","author_info":{"name":"natalina","url":"https:\/\/portal.pi.gov.br\/seres\/author\/natalina\/"},"comments_num":"0 coment\u00e1rio","featured_image_urls_v2":{"full":["https:\/\/portal.pi.gov.br\/seres\/wp-content\/uploads\/sites\/87\/2025\/02\/WhatsApp-Image-2025-02-20-at-18.08.47-2-scaled.jpeg",2560,1186,false],"thumbnail":["https:\/\/portal.pi.gov.br\/seres\/wp-content\/uploads\/sites\/87\/2025\/02\/WhatsApp-Image-2025-02-20-at-18.08.47-2-150x150.jpeg",150,150,true],"medium":["https:\/\/portal.pi.gov.br\/seres\/wp-content\/uploads\/sites\/87\/2025\/02\/WhatsApp-Image-2025-02-20-at-18.08.47-2-300x139.jpeg",300,139,true],"medium_large":["https:\/\/portal.pi.gov.br\/seres\/wp-content\/uploads\/sites\/87\/2025\/02\/WhatsApp-Image-2025-02-20-at-18.08.47-2-768x356.jpeg",768,356,true],"large":["https:\/\/portal.pi.gov.br\/seres\/wp-content\/uploads\/sites\/87\/2025\/02\/WhatsApp-Image-2025-02-20-at-18.08.47-2-1024x474.jpeg",887,411,true],"sgg-420":["https:\/\/portal.pi.gov.br\/seres\/wp-content\/uploads\/sites\/87\/2025\/02\/WhatsApp-Image-2025-02-20-at-18.08.47-2-420x195.jpeg",420,195,true],"sgg-540":["https:\/\/portal.pi.gov.br\/seres\/wp-content\/uploads\/sites\/87\/2025\/02\/WhatsApp-Image-2025-02-20-at-18.08.47-2-540x250.jpeg",540,250,true],"sgg-780":["https:\/\/portal.pi.gov.br\/seres\/wp-content\/uploads\/sites\/87\/2025\/02\/WhatsApp-Image-2025-02-20-at-18.08.47-2-780x361.jpeg",780,361,true],"1536x1536":["https:\/\/portal.pi.gov.br\/seres\/wp-content\/uploads\/sites\/87\/2025\/02\/WhatsApp-Image-2025-02-20-at-18.08.47-2-1536x712.jpeg",1536,712,true],"2048x2048":["https:\/\/portal.pi.gov.br\/seres\/wp-content\/uploads\/sites\/87\/2025\/02\/WhatsApp-Image-2025-02-20-at-18.08.47-2-2048x949.jpeg",2048,949,true],"homepage-slider":["https:\/\/portal.pi.gov.br\/seres\/wp-content\/uploads\/sites\/87\/2025\/02\/WhatsApp-Image-2025-02-20-at-18.08.47-2-1270x500.jpeg",1270,500,true],"homepage-slider-small":["https:\/\/portal.pi.gov.br\/seres\/wp-content\/uploads\/sites\/87\/2025\/02\/WhatsApp-Image-2025-02-20-at-18.08.47-2-947x500.jpeg",947,500,true],"page-top":["https:\/\/portal.pi.gov.br\/seres\/wp-content\/uploads\/sites\/87\/2025\/02\/WhatsApp-Image-2025-02-20-at-18.08.47-2-947x439.jpeg",947,439,true],"page-small":["https:\/\/portal.pi.gov.br\/seres\/wp-content\/uploads\/sites\/87\/2025\/02\/WhatsApp-Image-2025-02-20-at-18.08.47-2-624x289.jpeg",624,289,true],"loop-main":["https:\/\/portal.pi.gov.br\/seres\/wp-content\/uploads\/sites\/87\/2025\/02\/WhatsApp-Image-2025-02-20-at-18.08.47-2-365x240.jpeg",365,240,true],"thumb-gallery-widget":["https:\/\/portal.pi.gov.br\/seres\/wp-content\/uploads\/sites\/87\/2025\/02\/WhatsApp-Image-2025-02-20-at-18.08.47-2-84x56.jpeg",84,56,true]},"post_excerpt_stackable_v2":"<p>Em reuni\u00e3o na manh\u00e3 desta quinta-feira (20), foi instalada a mesa de Di\u00e1logo Permanente entre o Governo do Estado do Piau\u00ed e o Movimento Interestadual das Quebradeiras de Coco Baba\u00e7u \u2013 MIQCB. A plen\u00e1ria foi realizada no audit\u00f3rio da Escola Fazend\u00e1ria e contou com a presen\u00e7a de representantes do movimento das quebradeiras de coco e \u00f3rg\u00e3os governamentais.\u00a0\u00a0 O objetivo da mesa \u00e9 trata sobre a pauta tem\u00e1tica das comunidades tradicionais das quebradeiras de coco baba\u00e7u situadas nos territ\u00f3rios, assentamentos e \u00e1reas de incid\u00eancia de baba\u00e7uais que demandam por prote\u00e7\u00e3o e preserva\u00e7\u00e3o dos baba\u00e7uais e da atividade tradicional de coleta e&hellip;<\/p>\n","category_list_v2":"<a href=\"https:\/\/portal.pi.gov.br\/seres\/category\/noticias\/\" rel=\"category tag\">Not\u00edcias<\/a>","author_info_v2":{"name":"natalina","url":"https:\/\/portal.pi.gov.br\/seres\/author\/natalina\/"},"comments_num_v2":"0 coment\u00e1rio","jetpack_featured_media_url":"https:\/\/portal.pi.gov.br\/seres\/wp-content\/uploads\/sites\/87\/2025\/02\/WhatsApp-Image-2025-02-20-at-18.08.47-2-scaled.jpeg","_links":{"self":[{"href":"https:\/\/portal.pi.gov.br\/seres\/wp-json\/wp\/v2\/posts\/3020"}],"collection":[{"href":"https:\/\/portal.pi.gov.br\/seres\/wp-json\/wp\/v2\/posts"}],"about":[{"href":"https:\/\/portal.pi.gov.br\/seres\/wp-json\/wp\/v2\/types\/post"}],"author":[{"embeddable":true,"href":"https:\/\/portal.pi.gov.br\/seres\/wp-json\/wp\/v2\/users\/1748"}],"replies":[{"embeddable":true,"href":"https:\/\/portal.pi.gov.br\/seres\/wp-json\/wp\/v2\/comments?post=3020"}],"version-history":[{"count":8,"href":"https:\/\/portal.pi.gov.br\/seres\/wp-json\/wp\/v2\/posts\/3020\/revisions"}],"predecessor-version":[{"id":3036,"href":"https:\/\/portal.pi.gov.br\/seres\/wp-json\/wp\/v2\/posts\/3020\/revisions\/3036"}],"wp:featuredmedia":[{"embeddable":true,"href":"https:\/\/portal.pi.gov.br\/seres\/wp-json\/wp\/v2\/media\/3024"}],"wp:attachment":[{"href":"https:\/\/portal.pi.gov.br\/seres\/wp-json\/wp\/v2\/media?parent=3020"}],"wp:term":[{"taxonomy":"category","embeddable":true,"href":"https:\/\/portal.pi.gov.br\/seres\/wp-json\/wp\/v2\/categories?post=3020"},{"taxonomy":"post_tag","embeddable":true,"href":"https:\/\/portal.pi.gov.br\/seres\/wp-json\/wp\/v2\/tags?post=3020"}],"curies":[{"name":"wp","href":"https:\/\/api.w.org\/{rel}","templated":true}]}}