{"id":3038,"date":"2025-03-07T15:15:49","date_gmt":"2025-03-07T18:15:49","guid":{"rendered":"https:\/\/portal.pi.gov.br\/seres\/?p=3038"},"modified":"2025-03-10T17:54:07","modified_gmt":"2025-03-10T20:54:07","slug":"opa-2025-2026-sera-lancado-em-teresina","status":"publish","type":"post","link":"https:\/\/portal.pi.gov.br\/seres\/2025\/03\/07\/opa-2025-2026-sera-lancado-em-teresina\/","title":{"rendered":"Associa\u00e7\u00f5es Comunit\u00e1rias participam do lan\u00e7amento da Terceira edi\u00e7\u00e3o do Or\u00e7amento Participativo (OPA)"},"content":{"rendered":"\n<p><br><\/p>\n\n\n\n<p>A terceira edi\u00e7\u00e3o do Or\u00e7amento Participativo Digital ter\u00e1 o investimento de R$ 80 milh\u00f5es<\/p>\n\n\n\n<p><\/p>\n\n\n\n<p>O governador, Rafael Fonteles, e os secret\u00e1rios, N\u00fabia Lopes e Washington Bonfim, lan\u00e7ou nesta segunda-feira (10), no Pal\u00e1cio de Karnak, a terceira edi\u00e7\u00e3o do Or\u00e7amento Participativo Digital (OPA) 2025-2026. Ao todo ser\u00e3o investidos R$ 80 milh\u00f5es, destinados a obras e servi\u00e7os nos munic\u00edpios de Teresina, Parna\u00edba, Picos, Piripiri e Floriano.<\/p>\n\n\n\n<p>As \u00e1reas tem\u00e1ticas contempladas no programa incluem Cultura, Esporte e Lazer, Mobilidade Urbana e Urbaniza\u00e7\u00f5es, Produtividade e Agricultura, al\u00e9m de Seguran\u00e7a e Justi\u00e7a. Associa\u00e7\u00f5es e entidades comunit\u00e1rias poder\u00e3o inscrever propostas de obras e servi\u00e7os no per\u00edodo de 11 de mar\u00e7o a 11 de abril, desde que atendam aos crit\u00e9rios estabelecidos no edital, atrav\u00e9s do link\u00a0<a href=\"https:\/\/www.seplan.pi.gov.br\/wp-content\/uploads\/2025\/03\/minuta-edital-opa-2025.pdf\">https:\/\/www.seplan.pi.gov.br\/wp-content\/uploads\/2025\/03\/minuta-edital-opa-2025.pdf<\/a><\/p>\n\n\n\n<p>\u201cTemos a participa\u00e7\u00e3o efetiva do povo nas defini\u00e7\u00f5es das obras que iremos fazer. O Piau\u00ed \u00e9 o \u00fanico estado que tem esse programa, que recebe as propostas das associa\u00e7\u00f5es, valida e vai a voto popular pelo WhatsApp. Na primeira edi\u00e7\u00e3o, foram 88 obras em Teresina e Parna\u00edba, todas inauguradas ou em execu\u00e7\u00e3o. Agora estamos investindo R$ 80 milh\u00f5es em obras em Teresina, Picos, Piripiri, Parna\u00edba e Floriano a partir do voto popular. \u00c9 o povo efetivamente exercendo seu poder de decidir o or\u00e7amento, a obra que ser\u00e1 feita em cada comunidade\u201d, disse o governador.<\/p>\n\n\n<div class=\"wp-block-image\">\n<figure class=\"aligncenter size-large is-resized\"><img decoding=\"async\" loading=\"lazy\" src=\"https:\/\/portal.pi.gov.br\/seres\/wp-content\/uploads\/sites\/87\/2025\/03\/WhatsApp-Image-2025-03-10-at-17.40.19-1-1024x683.jpeg\" alt=\"\" class=\"wp-image-3050\" width=\"743\" height=\"495\" srcset=\"https:\/\/portal.pi.gov.br\/seres\/wp-content\/uploads\/sites\/87\/2025\/03\/WhatsApp-Image-2025-03-10-at-17.40.19-1-1024x683.jpeg 1024w, https:\/\/portal.pi.gov.br\/seres\/wp-content\/uploads\/sites\/87\/2025\/03\/WhatsApp-Image-2025-03-10-at-17.40.19-1-300x200.jpeg 300w, https:\/\/portal.pi.gov.br\/seres\/wp-content\/uploads\/sites\/87\/2025\/03\/WhatsApp-Image-2025-03-10-at-17.40.19-1-768x512.jpeg 768w, https:\/\/portal.pi.gov.br\/seres\/wp-content\/uploads\/sites\/87\/2025\/03\/WhatsApp-Image-2025-03-10-at-17.40.19-1-420x280.jpeg 420w, https:\/\/portal.pi.gov.br\/seres\/wp-content\/uploads\/sites\/87\/2025\/03\/WhatsApp-Image-2025-03-10-at-17.40.19-1-540x360.jpeg 540w, https:\/\/portal.pi.gov.br\/seres\/wp-content\/uploads\/sites\/87\/2025\/03\/WhatsApp-Image-2025-03-10-at-17.40.19-1-780x520.jpeg 780w, https:\/\/portal.pi.gov.br\/seres\/wp-content\/uploads\/sites\/87\/2025\/03\/WhatsApp-Image-2025-03-10-at-17.40.19-1-1536x1024.jpeg 1536w, https:\/\/portal.pi.gov.br\/seres\/wp-content\/uploads\/sites\/87\/2025\/03\/WhatsApp-Image-2025-03-10-at-17.40.19-1-2048x1365.jpeg 2048w, https:\/\/portal.pi.gov.br\/seres\/wp-content\/uploads\/sites\/87\/2025\/03\/WhatsApp-Image-2025-03-10-at-17.40.19-1-947x631.jpeg 947w, https:\/\/portal.pi.gov.br\/seres\/wp-content\/uploads\/sites\/87\/2025\/03\/WhatsApp-Image-2025-03-10-at-17.40.19-1-624x416.jpeg 624w, https:\/\/portal.pi.gov.br\/seres\/wp-content\/uploads\/sites\/87\/2025\/03\/WhatsApp-Image-2025-03-10-at-17.40.19-1-84x56.jpeg 84w\" sizes=\"(max-width: 743px) 100vw, 743px\" \/><\/figure><\/div>\n\n\n<p>A secret\u00e1ria de Rela\u00e7\u00f5es Sociais, Nubia Lopes, convoca as entidades a participarem e ficarem atentas aos prazos. Chegamos \u00e0 terceira edi\u00e7\u00e3o do OPA com mais de R$ 80 milh\u00f5es para serem aplicados nas prioridades que as comunidades elegerem esse ano. Amanh\u00e3 (11) j\u00e1 inicia o processo de cadastramento das associa\u00e7\u00f5es. Chamamos a aten\u00e7\u00e3o de todos os presidentes de associa\u00e7\u00f5es comunit\u00e1rias que estejam aptos a participar, fa\u00e7am seu cadastramento, vamos apontar suas propostas, dialogar nas comunidades e trabalhar a vota\u00e7\u00e3o que vai acontecer futuramente\u201d, explicou a secret\u00e1ria N\u00fabia Lopes.<\/p>\n\n\n<div class=\"wp-block-image\">\n<figure class=\"aligncenter size-large is-resized\"><img decoding=\"async\" loading=\"lazy\" src=\"https:\/\/portal.pi.gov.br\/seres\/wp-content\/uploads\/sites\/87\/2025\/03\/WhatsApp-Image-2025-03-10-at-12.31.55-1024x768.jpeg\" alt=\"\" class=\"wp-image-3051\" width=\"708\" height=\"531\" srcset=\"https:\/\/portal.pi.gov.br\/seres\/wp-content\/uploads\/sites\/87\/2025\/03\/WhatsApp-Image-2025-03-10-at-12.31.55-1024x768.jpeg 1024w, https:\/\/portal.pi.gov.br\/seres\/wp-content\/uploads\/sites\/87\/2025\/03\/WhatsApp-Image-2025-03-10-at-12.31.55-300x225.jpeg 300w, https:\/\/portal.pi.gov.br\/seres\/wp-content\/uploads\/sites\/87\/2025\/03\/WhatsApp-Image-2025-03-10-at-12.31.55-768x576.jpeg 768w, https:\/\/portal.pi.gov.br\/seres\/wp-content\/uploads\/sites\/87\/2025\/03\/WhatsApp-Image-2025-03-10-at-12.31.55-420x315.jpeg 420w, https:\/\/portal.pi.gov.br\/seres\/wp-content\/uploads\/sites\/87\/2025\/03\/WhatsApp-Image-2025-03-10-at-12.31.55-540x405.jpeg 540w, https:\/\/portal.pi.gov.br\/seres\/wp-content\/uploads\/sites\/87\/2025\/03\/WhatsApp-Image-2025-03-10-at-12.31.55-780x585.jpeg 780w, https:\/\/portal.pi.gov.br\/seres\/wp-content\/uploads\/sites\/87\/2025\/03\/WhatsApp-Image-2025-03-10-at-12.31.55-1536x1152.jpeg 1536w, https:\/\/portal.pi.gov.br\/seres\/wp-content\/uploads\/sites\/87\/2025\/03\/WhatsApp-Image-2025-03-10-at-12.31.55-947x710.jpeg 947w, https:\/\/portal.pi.gov.br\/seres\/wp-content\/uploads\/sites\/87\/2025\/03\/WhatsApp-Image-2025-03-10-at-12.31.55-624x468.jpeg 624w, https:\/\/portal.pi.gov.br\/seres\/wp-content\/uploads\/sites\/87\/2025\/03\/WhatsApp-Image-2025-03-10-at-12.31.55.jpeg 1600w\" sizes=\"(max-width: 708px) 100vw, 708px\" \/><\/figure><\/div>\n\n\n<p><\/p>\n\n\n\n<p>\u201cO OPA \u00e9 um instrumento extremamente importante do ponto de vista da democracia. Esse ano aumentamos o or\u00e7amento, aumentamos a quantidade de munic\u00edpios, que t\u00eam \u00e0 sua disposi\u00e7\u00e3o e de suas associa\u00e7\u00f5es, um conjunto de obras que v\u00e3o ser votadas diretamente. \u00c9 o governo do estado colocando recursos de investimentos para a melhoria da vida da popula\u00e7\u00e3o diretamente em cada um dos munic\u00edpios\u201d, avaliou o secret\u00e1rio Washington Bonfim.<\/p>\n\n\n\n<p><\/p>\n\n\n\n<p><strong>Participe<\/strong>&nbsp;<\/p>\n\n\n\n<p>As associa\u00e7\u00f5es e entidades comunit\u00e1rias poder\u00e3o inscrever suas propostas de obras e servi\u00e7os no per\u00edodo de 11 de mar\u00e7o a 11 de abril. Para participar, as entidades devem atender aos crit\u00e9rios estabelecidos no edital, como possuir CNPJ v\u00e1lido, estatuto, ata da diretoria vigente registrada em cart\u00f3rio, al\u00e9m de documenta\u00e7\u00e3o do respons\u00e1vel legal e comprovante de endere\u00e7o.<\/p>\n\n\n\n<p>A vota\u00e7\u00e3o popular ocorrer\u00e1 no per\u00edodo de 04 de julho a 13 de julho, aberta a qualquer cidad\u00e3o com CPF e idade a partir de 16 anos. Todo o processo ser\u00e1 realizado de forma digital, por meio do Portal OPA, aplicativo Colab e WhatsApp, al\u00e9m de pontos f\u00edsicos que ser\u00e3o disponibilizados nos munic\u00edpios participantes.<\/p>\n\n\n\n<p>As propostas mais votadas ser\u00e3o incorporadas ao or\u00e7amento estadual e executadas em 2026. Na edi\u00e7\u00e3o passada, o programa recebeu 1.255 propostas, enviadas por 501 entidades. Ao final do processo, 148 propostas foram eleitas pela popula\u00e7\u00e3o para execu\u00e7\u00e3o.<\/p>\n\n\n\n<p><\/p>\n\n\n\n<p><\/p>\n","protected":false},"excerpt":{"rendered":"<p>A terceira edi\u00e7\u00e3o do Or\u00e7amento Participativo Digital ter\u00e1 o investimento de R$ 80 milh\u00f5es O governador, Rafael Fonteles, e os secret\u00e1rios, N\u00fabia Lopes e Washington Bonfim, lan\u00e7ou nesta segunda-feira (10), [&hellip;]<\/p>\n","protected":false},"author":1821,"featured_media":3050,"comment_status":"closed","ping_status":"closed","sticky":false,"template":"","format":"standard","meta":[],"categories":[34],"tags":[62,47,41],"featured_image_urls":{"full":["https:\/\/portal.pi.gov.br\/seres\/wp-content\/uploads\/sites\/87\/2025\/03\/WhatsApp-Image-2025-03-10-at-17.40.19-1-scaled.jpeg",2560,1706,false],"thumbnail":["https:\/\/portal.pi.gov.br\/seres\/wp-content\/uploads\/sites\/87\/2025\/03\/WhatsApp-Image-2025-03-10-at-17.40.19-1-150x150.jpeg",150,150,true],"medium":["https:\/\/portal.pi.gov.br\/seres\/wp-content\/uploads\/sites\/87\/2025\/03\/WhatsApp-Image-2025-03-10-at-17.40.19-1-300x200.jpeg",300,200,true],"medium_large":["https:\/\/portal.pi.gov.br\/seres\/wp-content\/uploads\/sites\/87\/2025\/03\/WhatsApp-Image-2025-03-10-at-17.40.19-1-768x512.jpeg",768,512,true],"large":["https:\/\/portal.pi.gov.br\/seres\/wp-content\/uploads\/sites\/87\/2025\/03\/WhatsApp-Image-2025-03-10-at-17.40.19-1-1024x683.jpeg",887,592,true],"sgg-420":["https:\/\/portal.pi.gov.br\/seres\/wp-content\/uploads\/sites\/87\/2025\/03\/WhatsApp-Image-2025-03-10-at-17.40.19-1-420x280.jpeg",420,280,true],"sgg-540":["https:\/\/portal.pi.gov.br\/seres\/wp-content\/uploads\/sites\/87\/2025\/03\/WhatsApp-Image-2025-03-10-at-17.40.19-1-540x360.jpeg",540,360,true],"sgg-780":["https:\/\/portal.pi.gov.br\/seres\/wp-content\/uploads\/sites\/87\/2025\/03\/WhatsApp-Image-2025-03-10-at-17.40.19-1-780x520.jpeg",780,520,true],"1536x1536":["https:\/\/portal.pi.gov.br\/seres\/wp-content\/uploads\/sites\/87\/2025\/03\/WhatsApp-Image-2025-03-10-at-17.40.19-1-1536x1024.jpeg",1536,1024,true],"2048x2048":["https:\/\/portal.pi.gov.br\/seres\/wp-content\/uploads\/sites\/87\/2025\/03\/WhatsApp-Image-2025-03-10-at-17.40.19-1-2048x1365.jpeg",2048,1365,true],"homepage-slider":["https:\/\/portal.pi.gov.br\/seres\/wp-content\/uploads\/sites\/87\/2025\/03\/WhatsApp-Image-2025-03-10-at-17.40.19-1-1270x500.jpeg",1270,500,true],"homepage-slider-small":["https:\/\/portal.pi.gov.br\/seres\/wp-content\/uploads\/sites\/87\/2025\/03\/WhatsApp-Image-2025-03-10-at-17.40.19-1-947x500.jpeg",947,500,true],"page-top":["https:\/\/portal.pi.gov.br\/seres\/wp-content\/uploads\/sites\/87\/2025\/03\/WhatsApp-Image-2025-03-10-at-17.40.19-1-947x631.jpeg",947,631,true],"page-small":["https:\/\/portal.pi.gov.br\/seres\/wp-content\/uploads\/sites\/87\/2025\/03\/WhatsApp-Image-2025-03-10-at-17.40.19-1-624x416.jpeg",624,416,true],"loop-main":["https:\/\/portal.pi.gov.br\/seres\/wp-content\/uploads\/sites\/87\/2025\/03\/WhatsApp-Image-2025-03-10-at-17.40.19-1-365x240.jpeg",365,240,true],"thumb-gallery-widget":["https:\/\/portal.pi.gov.br\/seres\/wp-content\/uploads\/sites\/87\/2025\/03\/WhatsApp-Image-2025-03-10-at-17.40.19-1-84x56.jpeg",84,56,true]},"post_excerpt_stackable":"<p>A terceira edi\u00e7\u00e3o do Or\u00e7amento Participativo Digital ter\u00e1 o investimento de R$ 80 milh\u00f5es O governador, Rafael Fonteles, e os secret\u00e1rios, N\u00fabia Lopes e Washington Bonfim, lan\u00e7ou nesta segunda-feira (10), no Pal\u00e1cio de Karnak, a terceira edi\u00e7\u00e3o do Or\u00e7amento Participativo Digital (OPA) 2025-2026. Ao todo ser\u00e3o investidos R$ 80 milh\u00f5es, destinados a obras e servi\u00e7os nos munic\u00edpios de Teresina, Parna\u00edba, Picos, Piripiri e Floriano. As \u00e1reas tem\u00e1ticas contempladas no programa incluem Cultura, Esporte e Lazer, Mobilidade Urbana e Urbaniza\u00e7\u00f5es, Produtividade e Agricultura, al\u00e9m de Seguran\u00e7a e Justi\u00e7a. Associa\u00e7\u00f5es e entidades comunit\u00e1rias poder\u00e3o inscrever propostas de obras e servi\u00e7os no per\u00edodo&hellip;<\/p>\n","category_list":"<a href=\"https:\/\/portal.pi.gov.br\/seres\/category\/noticias\/\" rel=\"category tag\">Not\u00edcias<\/a>","author_info":{"name":"alineraquel","url":"https:\/\/portal.pi.gov.br\/seres\/author\/alineraquel\/"},"comments_num":"0 coment\u00e1rio","featured_image_urls_v2":{"full":["https:\/\/portal.pi.gov.br\/seres\/wp-content\/uploads\/sites\/87\/2025\/03\/WhatsApp-Image-2025-03-10-at-17.40.19-1-scaled.jpeg",2560,1706,false],"thumbnail":["https:\/\/portal.pi.gov.br\/seres\/wp-content\/uploads\/sites\/87\/2025\/03\/WhatsApp-Image-2025-03-10-at-17.40.19-1-150x150.jpeg",150,150,true],"medium":["https:\/\/portal.pi.gov.br\/seres\/wp-content\/uploads\/sites\/87\/2025\/03\/WhatsApp-Image-2025-03-10-at-17.40.19-1-300x200.jpeg",300,200,true],"medium_large":["https:\/\/portal.pi.gov.br\/seres\/wp-content\/uploads\/sites\/87\/2025\/03\/WhatsApp-Image-2025-03-10-at-17.40.19-1-768x512.jpeg",768,512,true],"large":["https:\/\/portal.pi.gov.br\/seres\/wp-content\/uploads\/sites\/87\/2025\/03\/WhatsApp-Image-2025-03-10-at-17.40.19-1-1024x683.jpeg",887,592,true],"sgg-420":["https:\/\/portal.pi.gov.br\/seres\/wp-content\/uploads\/sites\/87\/2025\/03\/WhatsApp-Image-2025-03-10-at-17.40.19-1-420x280.jpeg",420,280,true],"sgg-540":["https:\/\/portal.pi.gov.br\/seres\/wp-content\/uploads\/sites\/87\/2025\/03\/WhatsApp-Image-2025-03-10-at-17.40.19-1-540x360.jpeg",540,360,true],"sgg-780":["https:\/\/portal.pi.gov.br\/seres\/wp-content\/uploads\/sites\/87\/2025\/03\/WhatsApp-Image-2025-03-10-at-17.40.19-1-780x520.jpeg",780,520,true],"1536x1536":["https:\/\/portal.pi.gov.br\/seres\/wp-content\/uploads\/sites\/87\/2025\/03\/WhatsApp-Image-2025-03-10-at-17.40.19-1-1536x1024.jpeg",1536,1024,true],"2048x2048":["https:\/\/portal.pi.gov.br\/seres\/wp-content\/uploads\/sites\/87\/2025\/03\/WhatsApp-Image-2025-03-10-at-17.40.19-1-2048x1365.jpeg",2048,1365,true],"homepage-slider":["https:\/\/portal.pi.gov.br\/seres\/wp-content\/uploads\/sites\/87\/2025\/03\/WhatsApp-Image-2025-03-10-at-17.40.19-1-1270x500.jpeg",1270,500,true],"homepage-slider-small":["https:\/\/portal.pi.gov.br\/seres\/wp-content\/uploads\/sites\/87\/2025\/03\/WhatsApp-Image-2025-03-10-at-17.40.19-1-947x500.jpeg",947,500,true],"page-top":["https:\/\/portal.pi.gov.br\/seres\/wp-content\/uploads\/sites\/87\/2025\/03\/WhatsApp-Image-2025-03-10-at-17.40.19-1-947x631.jpeg",947,631,true],"page-small":["https:\/\/portal.pi.gov.br\/seres\/wp-content\/uploads\/sites\/87\/2025\/03\/WhatsApp-Image-2025-03-10-at-17.40.19-1-624x416.jpeg",624,416,true],"loop-main":["https:\/\/portal.pi.gov.br\/seres\/wp-content\/uploads\/sites\/87\/2025\/03\/WhatsApp-Image-2025-03-10-at-17.40.19-1-365x240.jpeg",365,240,true],"thumb-gallery-widget":["https:\/\/portal.pi.gov.br\/seres\/wp-content\/uploads\/sites\/87\/2025\/03\/WhatsApp-Image-2025-03-10-at-17.40.19-1-84x56.jpeg",84,56,true]},"post_excerpt_stackable_v2":"<p>A terceira edi\u00e7\u00e3o do Or\u00e7amento Participativo Digital ter\u00e1 o investimento de R$ 80 milh\u00f5es O governador, Rafael Fonteles, e os secret\u00e1rios, N\u00fabia Lopes e Washington Bonfim, lan\u00e7ou nesta segunda-feira (10), no Pal\u00e1cio de Karnak, a terceira edi\u00e7\u00e3o do Or\u00e7amento Participativo Digital (OPA) 2025-2026. Ao todo ser\u00e3o investidos R$ 80 milh\u00f5es, destinados a obras e servi\u00e7os nos munic\u00edpios de Teresina, Parna\u00edba, Picos, Piripiri e Floriano. As \u00e1reas tem\u00e1ticas contempladas no programa incluem Cultura, Esporte e Lazer, Mobilidade Urbana e Urbaniza\u00e7\u00f5es, Produtividade e Agricultura, al\u00e9m de Seguran\u00e7a e Justi\u00e7a. Associa\u00e7\u00f5es e entidades comunit\u00e1rias poder\u00e3o inscrever propostas de obras e servi\u00e7os no per\u00edodo&hellip;<\/p>\n","category_list_v2":"<a href=\"https:\/\/portal.pi.gov.br\/seres\/category\/noticias\/\" rel=\"category tag\">Not\u00edcias<\/a>","author_info_v2":{"name":"alineraquel","url":"https:\/\/portal.pi.gov.br\/seres\/author\/alineraquel\/"},"comments_num_v2":"0 coment\u00e1rio","jetpack_featured_media_url":"https:\/\/portal.pi.gov.br\/seres\/wp-content\/uploads\/sites\/87\/2025\/03\/WhatsApp-Image-2025-03-10-at-17.40.19-1-scaled.jpeg","_links":{"self":[{"href":"https:\/\/portal.pi.gov.br\/seres\/wp-json\/wp\/v2\/posts\/3038"}],"collection":[{"href":"https:\/\/portal.pi.gov.br\/seres\/wp-json\/wp\/v2\/posts"}],"about":[{"href":"https:\/\/portal.pi.gov.br\/seres\/wp-json\/wp\/v2\/types\/post"}],"author":[{"embeddable":true,"href":"https:\/\/portal.pi.gov.br\/seres\/wp-json\/wp\/v2\/users\/1821"}],"replies":[{"embeddable":true,"href":"https:\/\/portal.pi.gov.br\/seres\/wp-json\/wp\/v2\/comments?post=3038"}],"version-history":[{"count":7,"href":"https:\/\/portal.pi.gov.br\/seres\/wp-json\/wp\/v2\/posts\/3038\/revisions"}],"predecessor-version":[{"id":3055,"href":"https:\/\/portal.pi.gov.br\/seres\/wp-json\/wp\/v2\/posts\/3038\/revisions\/3055"}],"wp:featuredmedia":[{"embeddable":true,"href":"https:\/\/portal.pi.gov.br\/seres\/wp-json\/wp\/v2\/media\/3050"}],"wp:attachment":[{"href":"https:\/\/portal.pi.gov.br\/seres\/wp-json\/wp\/v2\/media?parent=3038"}],"wp:term":[{"taxonomy":"category","embeddable":true,"href":"https:\/\/portal.pi.gov.br\/seres\/wp-json\/wp\/v2\/categories?post=3038"},{"taxonomy":"post_tag","embeddable":true,"href":"https:\/\/portal.pi.gov.br\/seres\/wp-json\/wp\/v2\/tags?post=3038"}],"curies":[{"name":"wp","href":"https:\/\/api.w.org\/{rel}","templated":true}]}}