{"id":3068,"date":"2025-03-13T15:52:00","date_gmt":"2025-03-13T18:52:00","guid":{"rendered":"https:\/\/portal.pi.gov.br\/seres\/?p=3068"},"modified":"2025-03-23T20:01:37","modified_gmt":"2025-03-23T23:01:37","slug":"governo-do-estado-lanca-o-opa-2025-2026-em-piripiri-e-parnaiba-nesta-sexta-14","status":"publish","type":"post","link":"https:\/\/portal.pi.gov.br\/seres\/2025\/03\/13\/governo-do-estado-lanca-o-opa-2025-2026-em-piripiri-e-parnaiba-nesta-sexta-14\/","title":{"rendered":"Governo lan\u00e7a o OPA 2025-2026 em Piripiri e Parna\u00edba"},"content":{"rendered":"\n<p>As solenidades foram realizadas \u00e0s 9h, no Memorial Expedito Resende, em Piripiri, e \u00e0s 17h, no Porto das Barcas, em Parna\u00edba. <\/p>\n\n\n\n<p>O Or\u00e7amento Participativo Digital (OPA) 2025-2026 foi  lan\u00e7ado oficialmente nas cidades de Piripiri e Parna\u00edba, nesta sexta-feira (14). O evento contou  com a presen\u00e7a do secret\u00e1rio do Planejamento do Piau\u00ed, Washington Bonfim, que participa das solenidades  no Memorial Expedito Resende, em Piripiri e no Porto das Barcas, em Parna\u00edba. <\/p>\n\n\n\n<p>Na \u00faltima edi\u00e7\u00e3o do OPA, 77 entidades de Piripiri e 50 de Parna\u00edba participaram do processo, apresentando e escolhendo propostas para execu\u00e7\u00e3o nas cidades. Em Parna\u00edba, por exemplo, a popula\u00e7\u00e3o elegeu a pavimenta\u00e7\u00e3o asf\u00e1ltica de mais de 2,5 km no bairro Tabuleiros, obra realizada pelo Governo do Piau\u00ed com um investimento de R$ 3,1 milh\u00f5es, por meio do OPA 2023-2024. J\u00e1 no OPA 2024-2025, a cidade foi contemplada com os servi\u00e7os da Patrulha Cidad\u00e3, outra demanda priorit\u00e1ria escolhida diretamente pela comunidade. <\/p>\n\n\n<div class=\"wp-block-image\">\n<figure class=\"aligncenter size-large is-resized\"><img decoding=\"async\" loading=\"lazy\" src=\"https:\/\/portal.pi.gov.br\/seres\/wp-content\/uploads\/sites\/87\/2025\/03\/WhatsApp-Image-2025-03-23-at-19.16.57-4-1024x768.jpeg\" alt=\"\" class=\"wp-image-3140\" width=\"695\" height=\"521\" srcset=\"https:\/\/portal.pi.gov.br\/seres\/wp-content\/uploads\/sites\/87\/2025\/03\/WhatsApp-Image-2025-03-23-at-19.16.57-4-1024x768.jpeg 1024w, https:\/\/portal.pi.gov.br\/seres\/wp-content\/uploads\/sites\/87\/2025\/03\/WhatsApp-Image-2025-03-23-at-19.16.57-4-300x225.jpeg 300w, https:\/\/portal.pi.gov.br\/seres\/wp-content\/uploads\/sites\/87\/2025\/03\/WhatsApp-Image-2025-03-23-at-19.16.57-4-768x576.jpeg 768w, https:\/\/portal.pi.gov.br\/seres\/wp-content\/uploads\/sites\/87\/2025\/03\/WhatsApp-Image-2025-03-23-at-19.16.57-4-420x315.jpeg 420w, https:\/\/portal.pi.gov.br\/seres\/wp-content\/uploads\/sites\/87\/2025\/03\/WhatsApp-Image-2025-03-23-at-19.16.57-4-540x405.jpeg 540w, https:\/\/portal.pi.gov.br\/seres\/wp-content\/uploads\/sites\/87\/2025\/03\/WhatsApp-Image-2025-03-23-at-19.16.57-4-780x585.jpeg 780w, https:\/\/portal.pi.gov.br\/seres\/wp-content\/uploads\/sites\/87\/2025\/03\/WhatsApp-Image-2025-03-23-at-19.16.57-4-947x710.jpeg 947w, https:\/\/portal.pi.gov.br\/seres\/wp-content\/uploads\/sites\/87\/2025\/03\/WhatsApp-Image-2025-03-23-at-19.16.57-4-624x468.jpeg 624w, https:\/\/portal.pi.gov.br\/seres\/wp-content\/uploads\/sites\/87\/2025\/03\/WhatsApp-Image-2025-03-23-at-19.16.57-4.jpeg 1280w\" sizes=\"(max-width: 695px) 100vw, 695px\" \/><\/figure><\/div>\n\n\n<p><\/p>\n\n\n\n<p>A for\u00e7a da comunidade tamb\u00e9m foi destacada pela l\u00edder comunit\u00e1ria Hilda dos Santos, presidente da Associa\u00e7\u00e3o de Desenvolvimento Comunit\u00e1rio da Comunidade Lages dos Fidelis. Hilda j\u00e1 inscreveu sua entidade para o OPA 2025-2026 e aguarda com expectativa a aprova\u00e7\u00e3o de novas obras para sua comunidade.<\/p>\n\n\n\n<p>\u201cNo ano passado, nossa proposta de cal\u00e7amento foi eleita com 494 votos e, agora, estamos ansiosos para a execu\u00e7\u00e3o da obra, que vai melhorar a mobilidade dos moradores. Este ano, estamos pleiteando uma passagem molhada e j\u00e1 estamos motivando a comunidade para que possamos ser mais uma vez beneficiados\u201d, disse. <\/p>\n\n\n<div class=\"wp-block-image\">\n<figure class=\"aligncenter size-large is-resized\"><img decoding=\"async\" loading=\"lazy\" src=\"https:\/\/portal.pi.gov.br\/seres\/wp-content\/uploads\/sites\/87\/2025\/03\/WhatsApp-Image-2025-03-23-at-19.16.57-2-1024x682.jpeg\" alt=\"\" class=\"wp-image-3137\" width=\"703\" height=\"468\" srcset=\"https:\/\/portal.pi.gov.br\/seres\/wp-content\/uploads\/sites\/87\/2025\/03\/WhatsApp-Image-2025-03-23-at-19.16.57-2-1024x682.jpeg 1024w, https:\/\/portal.pi.gov.br\/seres\/wp-content\/uploads\/sites\/87\/2025\/03\/WhatsApp-Image-2025-03-23-at-19.16.57-2-300x200.jpeg 300w, https:\/\/portal.pi.gov.br\/seres\/wp-content\/uploads\/sites\/87\/2025\/03\/WhatsApp-Image-2025-03-23-at-19.16.57-2-768x511.jpeg 768w, https:\/\/portal.pi.gov.br\/seres\/wp-content\/uploads\/sites\/87\/2025\/03\/WhatsApp-Image-2025-03-23-at-19.16.57-2-420x280.jpeg 420w, https:\/\/portal.pi.gov.br\/seres\/wp-content\/uploads\/sites\/87\/2025\/03\/WhatsApp-Image-2025-03-23-at-19.16.57-2-540x359.jpeg 540w, https:\/\/portal.pi.gov.br\/seres\/wp-content\/uploads\/sites\/87\/2025\/03\/WhatsApp-Image-2025-03-23-at-19.16.57-2-780x519.jpeg 780w, https:\/\/portal.pi.gov.br\/seres\/wp-content\/uploads\/sites\/87\/2025\/03\/WhatsApp-Image-2025-03-23-at-19.16.57-2-947x630.jpeg 947w, https:\/\/portal.pi.gov.br\/seres\/wp-content\/uploads\/sites\/87\/2025\/03\/WhatsApp-Image-2025-03-23-at-19.16.57-2-624x415.jpeg 624w, https:\/\/portal.pi.gov.br\/seres\/wp-content\/uploads\/sites\/87\/2025\/03\/WhatsApp-Image-2025-03-23-at-19.16.57-2-84x56.jpeg 84w, https:\/\/portal.pi.gov.br\/seres\/wp-content\/uploads\/sites\/87\/2025\/03\/WhatsApp-Image-2025-03-23-at-19.16.57-2.jpeg 1280w\" sizes=\"(max-width: 703px) 100vw, 703px\" \/><\/figure><\/div>\n\n\n<p><\/p>\n\n\n\n<p>\u201cO OPA faz a diferen\u00e7a porque \u00e9 a popula\u00e7\u00e3o que indica as prioridades das prioridades, aquilo que realmente precisa ser resolvido em cada comunidade para melhorar as condi\u00e7\u00f5es de vida. Essa \u00e9 a grande vantagem do OPA\u201d, destacou N\u00fabia Lopes. <\/p>\n\n\n<div class=\"wp-block-image\">\n<figure class=\"aligncenter size-large is-resized\"><img decoding=\"async\" loading=\"lazy\" src=\"https:\/\/portal.pi.gov.br\/seres\/wp-content\/uploads\/sites\/87\/2025\/03\/WhatsApp-Image-2025-03-23-at-19.16.57-1-1-1024x682.jpeg\" alt=\"\" class=\"wp-image-3141\" width=\"696\" height=\"463\" srcset=\"https:\/\/portal.pi.gov.br\/seres\/wp-content\/uploads\/sites\/87\/2025\/03\/WhatsApp-Image-2025-03-23-at-19.16.57-1-1-1024x682.jpeg 1024w, https:\/\/portal.pi.gov.br\/seres\/wp-content\/uploads\/sites\/87\/2025\/03\/WhatsApp-Image-2025-03-23-at-19.16.57-1-1-300x200.jpeg 300w, https:\/\/portal.pi.gov.br\/seres\/wp-content\/uploads\/sites\/87\/2025\/03\/WhatsApp-Image-2025-03-23-at-19.16.57-1-1-768x511.jpeg 768w, https:\/\/portal.pi.gov.br\/seres\/wp-content\/uploads\/sites\/87\/2025\/03\/WhatsApp-Image-2025-03-23-at-19.16.57-1-1-420x280.jpeg 420w, https:\/\/portal.pi.gov.br\/seres\/wp-content\/uploads\/sites\/87\/2025\/03\/WhatsApp-Image-2025-03-23-at-19.16.57-1-1-540x359.jpeg 540w, https:\/\/portal.pi.gov.br\/seres\/wp-content\/uploads\/sites\/87\/2025\/03\/WhatsApp-Image-2025-03-23-at-19.16.57-1-1-780x519.jpeg 780w, https:\/\/portal.pi.gov.br\/seres\/wp-content\/uploads\/sites\/87\/2025\/03\/WhatsApp-Image-2025-03-23-at-19.16.57-1-1-947x630.jpeg 947w, https:\/\/portal.pi.gov.br\/seres\/wp-content\/uploads\/sites\/87\/2025\/03\/WhatsApp-Image-2025-03-23-at-19.16.57-1-1-624x415.jpeg 624w, https:\/\/portal.pi.gov.br\/seres\/wp-content\/uploads\/sites\/87\/2025\/03\/WhatsApp-Image-2025-03-23-at-19.16.57-1-1-84x56.jpeg 84w, https:\/\/portal.pi.gov.br\/seres\/wp-content\/uploads\/sites\/87\/2025\/03\/WhatsApp-Image-2025-03-23-at-19.16.57-1-1.jpeg 1280w\" sizes=\"(max-width: 696px) 100vw, 696px\" \/><\/figure><\/div>\n\n\n<p><\/p>\n\n\n\n<p><strong>Inscri\u00e7\u00f5es abertas<\/strong><\/p>\n\n\n\n<p>As associa\u00e7\u00f5es comunit\u00e1rias e entidades interessadas em participar j\u00e1 podem se inscrever at\u00e9 o dia 11 de abril. Para isso, \u00e9 necess\u00e1rio atender aos crit\u00e9rios do edital, como possuir CNPJ v\u00e1lido, estatuto, ata da diretoria registrada em cart\u00f3rio e documenta\u00e7\u00e3o do respons\u00e1vel legal.<\/p>\n\n\n\n<p>A vota\u00e7\u00e3o popular ser\u00e1 realizada de 4 a 13 de julho, aberta a qualquer cidad\u00e3o com CPF e idade a partir de 16 anos. O processo ser\u00e1 100% digital, por meio do Portal OPA, aplicativo Colab e WhatsApp, al\u00e9m de pontos f\u00edsicos nos munic\u00edpios participantes. As propostas mais votadas ser\u00e3o incorporadas ao or\u00e7amento estadual e executadas em 2026. <\/p>\n\n\n\n<p><\/p>\n\n\n\n<p>Por: Natalina Alves<\/p>\n","protected":false},"excerpt":{"rendered":"<p>As solenidades foram realizadas \u00e0s 9h, no Memorial Expedito Resende, em Piripiri, e \u00e0s 17h, no Porto das Barcas, em Parna\u00edba. O Or\u00e7amento Participativo Digital (OPA) 2025-2026 foi lan\u00e7ado oficialmente [&hellip;]<\/p>\n","protected":false},"author":1748,"featured_media":3143,"comment_status":"closed","ping_status":"closed","sticky":true,"template":"","format":"standard","meta":[],"categories":[34],"tags":[],"featured_image_urls":{"full":["https:\/\/portal.pi.gov.br\/seres\/wp-content\/uploads\/sites\/87\/2025\/03\/WhatsApp-Image-2025-03-23-at-19.16.57-1-2.jpeg",1280,852,false],"thumbnail":["https:\/\/portal.pi.gov.br\/seres\/wp-content\/uploads\/sites\/87\/2025\/03\/WhatsApp-Image-2025-03-23-at-19.16.57-1-2-150x150.jpeg",150,150,true],"medium":["https:\/\/portal.pi.gov.br\/seres\/wp-content\/uploads\/sites\/87\/2025\/03\/WhatsApp-Image-2025-03-23-at-19.16.57-1-2-300x200.jpeg",300,200,true],"medium_large":["https:\/\/portal.pi.gov.br\/seres\/wp-content\/uploads\/sites\/87\/2025\/03\/WhatsApp-Image-2025-03-23-at-19.16.57-1-2-768x511.jpeg",768,511,true],"large":["https:\/\/portal.pi.gov.br\/seres\/wp-content\/uploads\/sites\/87\/2025\/03\/WhatsApp-Image-2025-03-23-at-19.16.57-1-2-1024x682.jpeg",887,591,true],"sgg-420":["https:\/\/portal.pi.gov.br\/seres\/wp-content\/uploads\/sites\/87\/2025\/03\/WhatsApp-Image-2025-03-23-at-19.16.57-1-2-420x280.jpeg",420,280,true],"sgg-540":["https:\/\/portal.pi.gov.br\/seres\/wp-content\/uploads\/sites\/87\/2025\/03\/WhatsApp-Image-2025-03-23-at-19.16.57-1-2-540x359.jpeg",540,359,true],"sgg-780":["https:\/\/portal.pi.gov.br\/seres\/wp-content\/uploads\/sites\/87\/2025\/03\/WhatsApp-Image-2025-03-23-at-19.16.57-1-2-780x519.jpeg",780,519,true],"1536x1536":["https:\/\/portal.pi.gov.br\/seres\/wp-content\/uploads\/sites\/87\/2025\/03\/WhatsApp-Image-2025-03-23-at-19.16.57-1-2.jpeg",1280,852,false],"2048x2048":["https:\/\/portal.pi.gov.br\/seres\/wp-content\/uploads\/sites\/87\/2025\/03\/WhatsApp-Image-2025-03-23-at-19.16.57-1-2.jpeg",1280,852,false],"homepage-slider":["https:\/\/portal.pi.gov.br\/seres\/wp-content\/uploads\/sites\/87\/2025\/03\/WhatsApp-Image-2025-03-23-at-19.16.57-1-2-1270x500.jpeg",1270,500,true],"homepage-slider-small":["https:\/\/portal.pi.gov.br\/seres\/wp-content\/uploads\/sites\/87\/2025\/03\/WhatsApp-Image-2025-03-23-at-19.16.57-1-2-947x500.jpeg",947,500,true],"page-top":["https:\/\/portal.pi.gov.br\/seres\/wp-content\/uploads\/sites\/87\/2025\/03\/WhatsApp-Image-2025-03-23-at-19.16.57-1-2-947x630.jpeg",947,630,true],"page-small":["https:\/\/portal.pi.gov.br\/seres\/wp-content\/uploads\/sites\/87\/2025\/03\/WhatsApp-Image-2025-03-23-at-19.16.57-1-2-624x415.jpeg",624,415,true],"loop-main":["https:\/\/portal.pi.gov.br\/seres\/wp-content\/uploads\/sites\/87\/2025\/03\/WhatsApp-Image-2025-03-23-at-19.16.57-1-2-365x240.jpeg",365,240,true],"thumb-gallery-widget":["https:\/\/portal.pi.gov.br\/seres\/wp-content\/uploads\/sites\/87\/2025\/03\/WhatsApp-Image-2025-03-23-at-19.16.57-1-2-84x56.jpeg",84,56,true]},"post_excerpt_stackable":"<p>As solenidades foram realizadas \u00e0s 9h, no Memorial Expedito Resende, em Piripiri, e \u00e0s 17h, no Porto das Barcas, em Parna\u00edba. O Or\u00e7amento Participativo Digital (OPA) 2025-2026 foi lan\u00e7ado oficialmente nas cidades de Piripiri e Parna\u00edba, nesta sexta-feira (14). O evento contou com a presen\u00e7a do secret\u00e1rio do Planejamento do Piau\u00ed, Washington Bonfim, que participa das solenidades no Memorial Expedito Resende, em Piripiri e no Porto das Barcas, em Parna\u00edba. Na \u00faltima edi\u00e7\u00e3o do OPA, 77 entidades de Piripiri e 50 de Parna\u00edba participaram do processo, apresentando e escolhendo propostas para execu\u00e7\u00e3o nas cidades. Em Parna\u00edba, por exemplo, a popula\u00e7\u00e3o&hellip;<\/p>\n","category_list":"<a href=\"https:\/\/portal.pi.gov.br\/seres\/category\/noticias\/\" rel=\"category tag\">Not\u00edcias<\/a>","author_info":{"name":"natalina","url":"https:\/\/portal.pi.gov.br\/seres\/author\/natalina\/"},"comments_num":"0 coment\u00e1rio","featured_image_urls_v2":{"full":["https:\/\/portal.pi.gov.br\/seres\/wp-content\/uploads\/sites\/87\/2025\/03\/WhatsApp-Image-2025-03-23-at-19.16.57-1-2.jpeg",1280,852,false],"thumbnail":["https:\/\/portal.pi.gov.br\/seres\/wp-content\/uploads\/sites\/87\/2025\/03\/WhatsApp-Image-2025-03-23-at-19.16.57-1-2-150x150.jpeg",150,150,true],"medium":["https:\/\/portal.pi.gov.br\/seres\/wp-content\/uploads\/sites\/87\/2025\/03\/WhatsApp-Image-2025-03-23-at-19.16.57-1-2-300x200.jpeg",300,200,true],"medium_large":["https:\/\/portal.pi.gov.br\/seres\/wp-content\/uploads\/sites\/87\/2025\/03\/WhatsApp-Image-2025-03-23-at-19.16.57-1-2-768x511.jpeg",768,511,true],"large":["https:\/\/portal.pi.gov.br\/seres\/wp-content\/uploads\/sites\/87\/2025\/03\/WhatsApp-Image-2025-03-23-at-19.16.57-1-2-1024x682.jpeg",887,591,true],"sgg-420":["https:\/\/portal.pi.gov.br\/seres\/wp-content\/uploads\/sites\/87\/2025\/03\/WhatsApp-Image-2025-03-23-at-19.16.57-1-2-420x280.jpeg",420,280,true],"sgg-540":["https:\/\/portal.pi.gov.br\/seres\/wp-content\/uploads\/sites\/87\/2025\/03\/WhatsApp-Image-2025-03-23-at-19.16.57-1-2-540x359.jpeg",540,359,true],"sgg-780":["https:\/\/portal.pi.gov.br\/seres\/wp-content\/uploads\/sites\/87\/2025\/03\/WhatsApp-Image-2025-03-23-at-19.16.57-1-2-780x519.jpeg",780,519,true],"1536x1536":["https:\/\/portal.pi.gov.br\/seres\/wp-content\/uploads\/sites\/87\/2025\/03\/WhatsApp-Image-2025-03-23-at-19.16.57-1-2.jpeg",1280,852,false],"2048x2048":["https:\/\/portal.pi.gov.br\/seres\/wp-content\/uploads\/sites\/87\/2025\/03\/WhatsApp-Image-2025-03-23-at-19.16.57-1-2.jpeg",1280,852,false],"homepage-slider":["https:\/\/portal.pi.gov.br\/seres\/wp-content\/uploads\/sites\/87\/2025\/03\/WhatsApp-Image-2025-03-23-at-19.16.57-1-2-1270x500.jpeg",1270,500,true],"homepage-slider-small":["https:\/\/portal.pi.gov.br\/seres\/wp-content\/uploads\/sites\/87\/2025\/03\/WhatsApp-Image-2025-03-23-at-19.16.57-1-2-947x500.jpeg",947,500,true],"page-top":["https:\/\/portal.pi.gov.br\/seres\/wp-content\/uploads\/sites\/87\/2025\/03\/WhatsApp-Image-2025-03-23-at-19.16.57-1-2-947x630.jpeg",947,630,true],"page-small":["https:\/\/portal.pi.gov.br\/seres\/wp-content\/uploads\/sites\/87\/2025\/03\/WhatsApp-Image-2025-03-23-at-19.16.57-1-2-624x415.jpeg",624,415,true],"loop-main":["https:\/\/portal.pi.gov.br\/seres\/wp-content\/uploads\/sites\/87\/2025\/03\/WhatsApp-Image-2025-03-23-at-19.16.57-1-2-365x240.jpeg",365,240,true],"thumb-gallery-widget":["https:\/\/portal.pi.gov.br\/seres\/wp-content\/uploads\/sites\/87\/2025\/03\/WhatsApp-Image-2025-03-23-at-19.16.57-1-2-84x56.jpeg",84,56,true]},"post_excerpt_stackable_v2":"<p>As solenidades foram realizadas \u00e0s 9h, no Memorial Expedito Resende, em Piripiri, e \u00e0s 17h, no Porto das Barcas, em Parna\u00edba. O Or\u00e7amento Participativo Digital (OPA) 2025-2026 foi lan\u00e7ado oficialmente nas cidades de Piripiri e Parna\u00edba, nesta sexta-feira (14). O evento contou com a presen\u00e7a do secret\u00e1rio do Planejamento do Piau\u00ed, Washington Bonfim, que participa das solenidades no Memorial Expedito Resende, em Piripiri e no Porto das Barcas, em Parna\u00edba. Na \u00faltima edi\u00e7\u00e3o do OPA, 77 entidades de Piripiri e 50 de Parna\u00edba participaram do processo, apresentando e escolhendo propostas para execu\u00e7\u00e3o nas cidades. Em Parna\u00edba, por exemplo, a popula\u00e7\u00e3o&hellip;<\/p>\n","category_list_v2":"<a href=\"https:\/\/portal.pi.gov.br\/seres\/category\/noticias\/\" rel=\"category tag\">Not\u00edcias<\/a>","author_info_v2":{"name":"natalina","url":"https:\/\/portal.pi.gov.br\/seres\/author\/natalina\/"},"comments_num_v2":"0 coment\u00e1rio","jetpack_featured_media_url":"https:\/\/portal.pi.gov.br\/seres\/wp-content\/uploads\/sites\/87\/2025\/03\/WhatsApp-Image-2025-03-23-at-19.16.57-1-2.jpeg","_links":{"self":[{"href":"https:\/\/portal.pi.gov.br\/seres\/wp-json\/wp\/v2\/posts\/3068"}],"collection":[{"href":"https:\/\/portal.pi.gov.br\/seres\/wp-json\/wp\/v2\/posts"}],"about":[{"href":"https:\/\/portal.pi.gov.br\/seres\/wp-json\/wp\/v2\/types\/post"}],"author":[{"embeddable":true,"href":"https:\/\/portal.pi.gov.br\/seres\/wp-json\/wp\/v2\/users\/1748"}],"replies":[{"embeddable":true,"href":"https:\/\/portal.pi.gov.br\/seres\/wp-json\/wp\/v2\/comments?post=3068"}],"version-history":[{"count":5,"href":"https:\/\/portal.pi.gov.br\/seres\/wp-json\/wp\/v2\/posts\/3068\/revisions"}],"predecessor-version":[{"id":3147,"href":"https:\/\/portal.pi.gov.br\/seres\/wp-json\/wp\/v2\/posts\/3068\/revisions\/3147"}],"wp:featuredmedia":[{"embeddable":true,"href":"https:\/\/portal.pi.gov.br\/seres\/wp-json\/wp\/v2\/media\/3143"}],"wp:attachment":[{"href":"https:\/\/portal.pi.gov.br\/seres\/wp-json\/wp\/v2\/media?parent=3068"}],"wp:term":[{"taxonomy":"category","embeddable":true,"href":"https:\/\/portal.pi.gov.br\/seres\/wp-json\/wp\/v2\/categories?post=3068"},{"taxonomy":"post_tag","embeddable":true,"href":"https:\/\/portal.pi.gov.br\/seres\/wp-json\/wp\/v2\/tags?post=3068"}],"curies":[{"name":"wp","href":"https:\/\/api.w.org\/{rel}","templated":true}]}}