{"id":3079,"date":"2025-03-17T15:28:48","date_gmt":"2025-03-17T18:28:48","guid":{"rendered":"https:\/\/portal.pi.gov.br\/seres\/?p=3079"},"modified":"2025-03-21T22:58:42","modified_gmt":"2025-03-22T01:58:42","slug":"opa-2025-2026-sera-lancado-em-floriano-e-picos","status":"publish","type":"post","link":"https:\/\/portal.pi.gov.br\/seres\/2025\/03\/17\/opa-2025-2026-sera-lancado-em-floriano-e-picos\/","title":{"rendered":"OPA 2025-2026 ser\u00e1 lan\u00e7ado em Floriano e Picos"},"content":{"rendered":"\n<p><\/p>\n\n\n\n<p>O programa permite que a popula\u00e7\u00e3o ajude a decidir onde os recursos ser\u00e3o investidos em Teresina, Parna\u00edba, Picos, Piripiri e Floriano.<\/p>\n\n\n\n<p><\/p>\n\n\n\n<figure class=\"wp-block-gallery has-nested-images columns-default is-cropped wp-block-gallery-1 is-layout-flex\">\n<figure class=\"wp-block-image size-large\"><img decoding=\"async\" loading=\"lazy\" width=\"678\" height=\"452\" data-id=\"3085\"  src=\"https:\/\/portal.pi.gov.br\/seres\/wp-content\/uploads\/sites\/87\/2025\/03\/6ca15f99-8b1b-4079-a528-e37f64f66a12-2.jpeg\" alt=\"\" class=\"wp-image-3085\" srcset=\"https:\/\/portal.pi.gov.br\/seres\/wp-content\/uploads\/sites\/87\/2025\/03\/6ca15f99-8b1b-4079-a528-e37f64f66a12-2.jpeg 678w, https:\/\/portal.pi.gov.br\/seres\/wp-content\/uploads\/sites\/87\/2025\/03\/6ca15f99-8b1b-4079-a528-e37f64f66a12-2-300x200.jpeg 300w, https:\/\/portal.pi.gov.br\/seres\/wp-content\/uploads\/sites\/87\/2025\/03\/6ca15f99-8b1b-4079-a528-e37f64f66a12-2-420x280.jpeg 420w, https:\/\/portal.pi.gov.br\/seres\/wp-content\/uploads\/sites\/87\/2025\/03\/6ca15f99-8b1b-4079-a528-e37f64f66a12-2-540x360.jpeg 540w, https:\/\/portal.pi.gov.br\/seres\/wp-content\/uploads\/sites\/87\/2025\/03\/6ca15f99-8b1b-4079-a528-e37f64f66a12-2-624x416.jpeg 624w, https:\/\/portal.pi.gov.br\/seres\/wp-content\/uploads\/sites\/87\/2025\/03\/6ca15f99-8b1b-4079-a528-e37f64f66a12-2-84x56.jpeg 84w\" sizes=\"(max-width: 678px) 100vw, 678px\" \/><\/figure>\n<\/figure>\n\n\n\n<p><\/p>\n\n\n\n<p><\/p>\n\n\n\n<p>Nesta quarta-feira (19) acontecer\u00e3o os lan\u00e7amentos em Floriano e Picos da <strong>terceira edi\u00e7\u00e3o<\/strong>&nbsp;do&nbsp;<strong>Or\u00e7amento Participativo Digital<\/strong>&nbsp;(OPA) 2025-2026. A iniciativa, que permite \u00e0 popula\u00e7\u00e3o definir prioridades para a aplica\u00e7\u00e3o de recursos p\u00fablicos, contar\u00e1 este ano com um investimento de&nbsp;<strong>R$ 80 milh\u00f5es<\/strong>, destinados a obras e servi\u00e7os nos munic\u00edpios de Teresina, Parna\u00edba, Picos, Piripiri e Floriano.<\/p>\n\n\n\n<p>A primeira solenidade do dia acontece em Floriano, \u00e0s 9h, no audit\u00f3rio CEEP Calisto Lobo. J\u00e1 em Picos, a solenidade acontece no CETI Miguel Lidiano, \u00e0s 17h.<\/p>\n\n\n\n<figure class=\"wp-block-gallery has-nested-images columns-default is-cropped wp-block-gallery-3 is-layout-flex\">\n<figure class=\"wp-block-image size-large\"><img decoding=\"async\" loading=\"lazy\" width=\"819\" height=\"1024\" data-id=\"3075\"  src=\"https:\/\/portal.pi.gov.br\/seres\/wp-content\/uploads\/sites\/87\/2025\/03\/85fdced4-5328-4ee6-a717-9f3a90064cbe-819x1024.jpeg\" alt=\"\" class=\"wp-image-3075\" srcset=\"https:\/\/portal.pi.gov.br\/seres\/wp-content\/uploads\/sites\/87\/2025\/03\/85fdced4-5328-4ee6-a717-9f3a90064cbe-819x1024.jpeg 819w, https:\/\/portal.pi.gov.br\/seres\/wp-content\/uploads\/sites\/87\/2025\/03\/85fdced4-5328-4ee6-a717-9f3a90064cbe-240x300.jpeg 240w, https:\/\/portal.pi.gov.br\/seres\/wp-content\/uploads\/sites\/87\/2025\/03\/85fdced4-5328-4ee6-a717-9f3a90064cbe-768x960.jpeg 768w, https:\/\/portal.pi.gov.br\/seres\/wp-content\/uploads\/sites\/87\/2025\/03\/85fdced4-5328-4ee6-a717-9f3a90064cbe-336x420.jpeg 336w, https:\/\/portal.pi.gov.br\/seres\/wp-content\/uploads\/sites\/87\/2025\/03\/85fdced4-5328-4ee6-a717-9f3a90064cbe-432x540.jpeg 432w, https:\/\/portal.pi.gov.br\/seres\/wp-content\/uploads\/sites\/87\/2025\/03\/85fdced4-5328-4ee6-a717-9f3a90064cbe-624x780.jpeg 624w, https:\/\/portal.pi.gov.br\/seres\/wp-content\/uploads\/sites\/87\/2025\/03\/85fdced4-5328-4ee6-a717-9f3a90064cbe-947x1184.jpeg 947w, https:\/\/portal.pi.gov.br\/seres\/wp-content\/uploads\/sites\/87\/2025\/03\/85fdced4-5328-4ee6-a717-9f3a90064cbe.jpeg 1024w\" sizes=\"(max-width: 819px) 100vw, 819px\" \/><\/figure>\n<\/figure>\n\n\n\n<figure class=\"wp-block-gallery has-nested-images columns-default is-cropped wp-block-gallery-5 is-layout-flex\">\n<figure class=\"wp-block-image size-large\"><img decoding=\"async\" loading=\"lazy\" width=\"819\" height=\"1024\" data-id=\"3076\"  src=\"https:\/\/portal.pi.gov.br\/seres\/wp-content\/uploads\/sites\/87\/2025\/03\/195cad2e-bc76-43dd-a1a7-6563ecfaaf25-819x1024.jpeg\" alt=\"\" class=\"wp-image-3076\" srcset=\"https:\/\/portal.pi.gov.br\/seres\/wp-content\/uploads\/sites\/87\/2025\/03\/195cad2e-bc76-43dd-a1a7-6563ecfaaf25-819x1024.jpeg 819w, https:\/\/portal.pi.gov.br\/seres\/wp-content\/uploads\/sites\/87\/2025\/03\/195cad2e-bc76-43dd-a1a7-6563ecfaaf25-240x300.jpeg 240w, https:\/\/portal.pi.gov.br\/seres\/wp-content\/uploads\/sites\/87\/2025\/03\/195cad2e-bc76-43dd-a1a7-6563ecfaaf25-768x960.jpeg 768w, https:\/\/portal.pi.gov.br\/seres\/wp-content\/uploads\/sites\/87\/2025\/03\/195cad2e-bc76-43dd-a1a7-6563ecfaaf25-336x420.jpeg 336w, https:\/\/portal.pi.gov.br\/seres\/wp-content\/uploads\/sites\/87\/2025\/03\/195cad2e-bc76-43dd-a1a7-6563ecfaaf25-432x540.jpeg 432w, https:\/\/portal.pi.gov.br\/seres\/wp-content\/uploads\/sites\/87\/2025\/03\/195cad2e-bc76-43dd-a1a7-6563ecfaaf25-624x780.jpeg 624w, https:\/\/portal.pi.gov.br\/seres\/wp-content\/uploads\/sites\/87\/2025\/03\/195cad2e-bc76-43dd-a1a7-6563ecfaaf25-947x1184.jpeg 947w, https:\/\/portal.pi.gov.br\/seres\/wp-content\/uploads\/sites\/87\/2025\/03\/195cad2e-bc76-43dd-a1a7-6563ecfaaf25.jpeg 1024w\" sizes=\"(max-width: 819px) 100vw, 819px\" \/><\/figure>\n<\/figure>\n\n\n\n<p><\/p>\n\n\n\n<p>O OPA j\u00e1 se consolidou como um canal direto de participa\u00e7\u00e3o popular na gest\u00e3o p\u00fablica estadual.&nbsp;As associa\u00e7\u00f5es comunit\u00e1rias e entidades representativas j\u00e1 come\u00e7aram a inscrever suas propostas de obras e servi\u00e7os desde 11 de mar\u00e7o e segue at\u00e9 11 de abril. Para participar, as entidades devem atender aos crit\u00e9rios estabelecidos no edital, como possuir CNPJ v\u00e1lido, estatuto, ata da diretoria registrada em cart\u00f3rio, al\u00e9m de documenta\u00e7\u00e3o do respons\u00e1vel legal.<\/p>\n\n\n\n<p>A vota\u00e7\u00e3o popular ocorrer\u00e1 no per\u00edodo de 4 a 13 de julho, aberta a qualquer cidad\u00e3o com CPF e idade a partir de 16 anos. Todo o processo ser\u00e1 realizado de forma digital, por meio do Portal OPA, aplicativo Colab e WhatsApp, al\u00e9m de pontos f\u00edsicos que ser\u00e3o disponibilizados nos munic\u00edpios participantes.<\/p>\n","protected":false},"excerpt":{"rendered":"<p>O programa permite que a popula\u00e7\u00e3o ajude a decidir onde os recursos ser\u00e3o investidos em Teresina, Parna\u00edba, Picos, Piripiri e Floriano. Nesta quarta-feira (19) acontecer\u00e3o os lan\u00e7amentos em Floriano e [&hellip;]<\/p>\n","protected":false},"author":1821,"featured_media":3089,"comment_status":"closed","ping_status":"closed","sticky":false,"template":"","format":"standard","meta":[],"categories":[34],"tags":[],"featured_image_urls":{"full":["https:\/\/portal.pi.gov.br\/seres\/wp-content\/uploads\/sites\/87\/2025\/03\/0d38c43e-d6b5-40b7-a79d-f463adb7e60e.jpeg",678,279,false],"thumbnail":["https:\/\/portal.pi.gov.br\/seres\/wp-content\/uploads\/sites\/87\/2025\/03\/0d38c43e-d6b5-40b7-a79d-f463adb7e60e-150x150.jpeg",150,150,true],"medium":["https:\/\/portal.pi.gov.br\/seres\/wp-content\/uploads\/sites\/87\/2025\/03\/0d38c43e-d6b5-40b7-a79d-f463adb7e60e-300x123.jpeg",300,123,true],"medium_large":["https:\/\/portal.pi.gov.br\/seres\/wp-content\/uploads\/sites\/87\/2025\/03\/0d38c43e-d6b5-40b7-a79d-f463adb7e60e.jpeg",678,279,false],"large":["https:\/\/portal.pi.gov.br\/seres\/wp-content\/uploads\/sites\/87\/2025\/03\/0d38c43e-d6b5-40b7-a79d-f463adb7e60e.jpeg",678,279,false],"sgg-420":["https:\/\/portal.pi.gov.br\/seres\/wp-content\/uploads\/sites\/87\/2025\/03\/0d38c43e-d6b5-40b7-a79d-f463adb7e60e-420x173.jpeg",420,173,true],"sgg-540":["https:\/\/portal.pi.gov.br\/seres\/wp-content\/uploads\/sites\/87\/2025\/03\/0d38c43e-d6b5-40b7-a79d-f463adb7e60e-540x222.jpeg",540,222,true],"sgg-780":["https:\/\/portal.pi.gov.br\/seres\/wp-content\/uploads\/sites\/87\/2025\/03\/0d38c43e-d6b5-40b7-a79d-f463adb7e60e.jpeg",678,279,false],"1536x1536":["https:\/\/portal.pi.gov.br\/seres\/wp-content\/uploads\/sites\/87\/2025\/03\/0d38c43e-d6b5-40b7-a79d-f463adb7e60e.jpeg",678,279,false],"2048x2048":["https:\/\/portal.pi.gov.br\/seres\/wp-content\/uploads\/sites\/87\/2025\/03\/0d38c43e-d6b5-40b7-a79d-f463adb7e60e.jpeg",678,279,false],"homepage-slider":["https:\/\/portal.pi.gov.br\/seres\/wp-content\/uploads\/sites\/87\/2025\/03\/0d38c43e-d6b5-40b7-a79d-f463adb7e60e.jpeg",678,279,false],"homepage-slider-small":["https:\/\/portal.pi.gov.br\/seres\/wp-content\/uploads\/sites\/87\/2025\/03\/0d38c43e-d6b5-40b7-a79d-f463adb7e60e.jpeg",678,279,false],"page-top":["https:\/\/portal.pi.gov.br\/seres\/wp-content\/uploads\/sites\/87\/2025\/03\/0d38c43e-d6b5-40b7-a79d-f463adb7e60e.jpeg",678,279,false],"page-small":["https:\/\/portal.pi.gov.br\/seres\/wp-content\/uploads\/sites\/87\/2025\/03\/0d38c43e-d6b5-40b7-a79d-f463adb7e60e-624x257.jpeg",624,257,true],"loop-main":["https:\/\/portal.pi.gov.br\/seres\/wp-content\/uploads\/sites\/87\/2025\/03\/0d38c43e-d6b5-40b7-a79d-f463adb7e60e-365x240.jpeg",365,240,true],"thumb-gallery-widget":["https:\/\/portal.pi.gov.br\/seres\/wp-content\/uploads\/sites\/87\/2025\/03\/0d38c43e-d6b5-40b7-a79d-f463adb7e60e-84x56.jpeg",84,56,true]},"post_excerpt_stackable":"<p>O programa permite que a popula\u00e7\u00e3o ajude a decidir onde os recursos ser\u00e3o investidos em Teresina, Parna\u00edba, Picos, Piripiri e Floriano. Nesta quarta-feira (19) acontecer\u00e3o os lan\u00e7amentos em Floriano e Picos da terceira edi\u00e7\u00e3o&nbsp;do&nbsp;Or\u00e7amento Participativo Digital&nbsp;(OPA) 2025-2026. A iniciativa, que permite \u00e0 popula\u00e7\u00e3o definir prioridades para a aplica\u00e7\u00e3o de recursos p\u00fablicos, contar\u00e1 este ano com um investimento de&nbsp;R$ 80 milh\u00f5es, destinados a obras e servi\u00e7os nos munic\u00edpios de Teresina, Parna\u00edba, Picos, Piripiri e Floriano. A primeira solenidade do dia acontece em Floriano, \u00e0s 9h, no audit\u00f3rio CEEP Calisto Lobo. J\u00e1 em Picos, a solenidade acontece no CETI Miguel Lidiano, \u00e0s&hellip;<\/p>\n","category_list":"<a href=\"https:\/\/portal.pi.gov.br\/seres\/category\/noticias\/\" rel=\"category tag\">Not\u00edcias<\/a>","author_info":{"name":"alineraquel","url":"https:\/\/portal.pi.gov.br\/seres\/author\/alineraquel\/"},"comments_num":"0 coment\u00e1rio","featured_image_urls_v2":{"full":["https:\/\/portal.pi.gov.br\/seres\/wp-content\/uploads\/sites\/87\/2025\/03\/0d38c43e-d6b5-40b7-a79d-f463adb7e60e.jpeg",678,279,false],"thumbnail":["https:\/\/portal.pi.gov.br\/seres\/wp-content\/uploads\/sites\/87\/2025\/03\/0d38c43e-d6b5-40b7-a79d-f463adb7e60e-150x150.jpeg",150,150,true],"medium":["https:\/\/portal.pi.gov.br\/seres\/wp-content\/uploads\/sites\/87\/2025\/03\/0d38c43e-d6b5-40b7-a79d-f463adb7e60e-300x123.jpeg",300,123,true],"medium_large":["https:\/\/portal.pi.gov.br\/seres\/wp-content\/uploads\/sites\/87\/2025\/03\/0d38c43e-d6b5-40b7-a79d-f463adb7e60e.jpeg",678,279,false],"large":["https:\/\/portal.pi.gov.br\/seres\/wp-content\/uploads\/sites\/87\/2025\/03\/0d38c43e-d6b5-40b7-a79d-f463adb7e60e.jpeg",678,279,false],"sgg-420":["https:\/\/portal.pi.gov.br\/seres\/wp-content\/uploads\/sites\/87\/2025\/03\/0d38c43e-d6b5-40b7-a79d-f463adb7e60e-420x173.jpeg",420,173,true],"sgg-540":["https:\/\/portal.pi.gov.br\/seres\/wp-content\/uploads\/sites\/87\/2025\/03\/0d38c43e-d6b5-40b7-a79d-f463adb7e60e-540x222.jpeg",540,222,true],"sgg-780":["https:\/\/portal.pi.gov.br\/seres\/wp-content\/uploads\/sites\/87\/2025\/03\/0d38c43e-d6b5-40b7-a79d-f463adb7e60e.jpeg",678,279,false],"1536x1536":["https:\/\/portal.pi.gov.br\/seres\/wp-content\/uploads\/sites\/87\/2025\/03\/0d38c43e-d6b5-40b7-a79d-f463adb7e60e.jpeg",678,279,false],"2048x2048":["https:\/\/portal.pi.gov.br\/seres\/wp-content\/uploads\/sites\/87\/2025\/03\/0d38c43e-d6b5-40b7-a79d-f463adb7e60e.jpeg",678,279,false],"homepage-slider":["https:\/\/portal.pi.gov.br\/seres\/wp-content\/uploads\/sites\/87\/2025\/03\/0d38c43e-d6b5-40b7-a79d-f463adb7e60e.jpeg",678,279,false],"homepage-slider-small":["https:\/\/portal.pi.gov.br\/seres\/wp-content\/uploads\/sites\/87\/2025\/03\/0d38c43e-d6b5-40b7-a79d-f463adb7e60e.jpeg",678,279,false],"page-top":["https:\/\/portal.pi.gov.br\/seres\/wp-content\/uploads\/sites\/87\/2025\/03\/0d38c43e-d6b5-40b7-a79d-f463adb7e60e.jpeg",678,279,false],"page-small":["https:\/\/portal.pi.gov.br\/seres\/wp-content\/uploads\/sites\/87\/2025\/03\/0d38c43e-d6b5-40b7-a79d-f463adb7e60e-624x257.jpeg",624,257,true],"loop-main":["https:\/\/portal.pi.gov.br\/seres\/wp-content\/uploads\/sites\/87\/2025\/03\/0d38c43e-d6b5-40b7-a79d-f463adb7e60e-365x240.jpeg",365,240,true],"thumb-gallery-widget":["https:\/\/portal.pi.gov.br\/seres\/wp-content\/uploads\/sites\/87\/2025\/03\/0d38c43e-d6b5-40b7-a79d-f463adb7e60e-84x56.jpeg",84,56,true]},"post_excerpt_stackable_v2":"<p>O programa permite que a popula\u00e7\u00e3o ajude a decidir onde os recursos ser\u00e3o investidos em Teresina, Parna\u00edba, Picos, Piripiri e Floriano. Nesta quarta-feira (19) acontecer\u00e3o os lan\u00e7amentos em Floriano e Picos da terceira edi\u00e7\u00e3o&nbsp;do&nbsp;Or\u00e7amento Participativo Digital&nbsp;(OPA) 2025-2026. A iniciativa, que permite \u00e0 popula\u00e7\u00e3o definir prioridades para a aplica\u00e7\u00e3o de recursos p\u00fablicos, contar\u00e1 este ano com um investimento de&nbsp;R$ 80 milh\u00f5es, destinados a obras e servi\u00e7os nos munic\u00edpios de Teresina, Parna\u00edba, Picos, Piripiri e Floriano. A primeira solenidade do dia acontece em Floriano, \u00e0s 9h, no audit\u00f3rio CEEP Calisto Lobo. J\u00e1 em Picos, a solenidade acontece no CETI Miguel Lidiano, \u00e0s&hellip;<\/p>\n","category_list_v2":"<a href=\"https:\/\/portal.pi.gov.br\/seres\/category\/noticias\/\" rel=\"category tag\">Not\u00edcias<\/a>","author_info_v2":{"name":"alineraquel","url":"https:\/\/portal.pi.gov.br\/seres\/author\/alineraquel\/"},"comments_num_v2":"0 coment\u00e1rio","jetpack_featured_media_url":"https:\/\/portal.pi.gov.br\/seres\/wp-content\/uploads\/sites\/87\/2025\/03\/0d38c43e-d6b5-40b7-a79d-f463adb7e60e.jpeg","_links":{"self":[{"href":"https:\/\/portal.pi.gov.br\/seres\/wp-json\/wp\/v2\/posts\/3079"}],"collection":[{"href":"https:\/\/portal.pi.gov.br\/seres\/wp-json\/wp\/v2\/posts"}],"about":[{"href":"https:\/\/portal.pi.gov.br\/seres\/wp-json\/wp\/v2\/types\/post"}],"author":[{"embeddable":true,"href":"https:\/\/portal.pi.gov.br\/seres\/wp-json\/wp\/v2\/users\/1821"}],"replies":[{"embeddable":true,"href":"https:\/\/portal.pi.gov.br\/seres\/wp-json\/wp\/v2\/comments?post=3079"}],"version-history":[{"count":5,"href":"https:\/\/portal.pi.gov.br\/seres\/wp-json\/wp\/v2\/posts\/3079\/revisions"}],"predecessor-version":[{"id":3090,"href":"https:\/\/portal.pi.gov.br\/seres\/wp-json\/wp\/v2\/posts\/3079\/revisions\/3090"}],"wp:featuredmedia":[{"embeddable":true,"href":"https:\/\/portal.pi.gov.br\/seres\/wp-json\/wp\/v2\/media\/3089"}],"wp:attachment":[{"href":"https:\/\/portal.pi.gov.br\/seres\/wp-json\/wp\/v2\/media?parent=3079"}],"wp:term":[{"taxonomy":"category","embeddable":true,"href":"https:\/\/portal.pi.gov.br\/seres\/wp-json\/wp\/v2\/categories?post=3079"},{"taxonomy":"post_tag","embeddable":true,"href":"https:\/\/portal.pi.gov.br\/seres\/wp-json\/wp\/v2\/tags?post=3079"}],"curies":[{"name":"wp","href":"https:\/\/api.w.org\/{rel}","templated":true}]}}