{"id":3123,"date":"2025-03-21T23:00:07","date_gmt":"2025-03-22T02:00:07","guid":{"rendered":"https:\/\/portal.pi.gov.br\/seres\/?p=3123"},"modified":"2025-03-23T20:52:28","modified_gmt":"2025-03-23T23:52:28","slug":"quebradeiras-de-coco","status":"publish","type":"post","link":"https:\/\/portal.pi.gov.br\/seres\/2025\/03\/21\/quebradeiras-de-coco\/","title":{"rendered":"Seres fortalece o di\u00e1logo entre o governo e o Movimento Interestadual das Quebradeiras de Coco Baba\u00e7u"},"content":{"rendered":"\n<p><\/p>\n\n\n\n<p>A Secretaria de Estado das Rela\u00e7\u00f5es Sociais (SERES), como \u00f3rg\u00e3o respons\u00e1vel por fortalecer o di\u00e1logo entre o governo do Estado e os movimentos sociais, t\u00eam um papel fundamental na articula\u00e7\u00e3o de pol\u00edticas p\u00fablicas que promovam o reconhecimento e a valoriza\u00e7\u00e3o das tradi\u00e7\u00f5es culturais e dos direitos das comunidades.<\/p>\n\n\n\n<p>Nesse sentido, a secret\u00e1ria de Estado das Rela\u00e7\u00f5es Sociais, N\u00fabia Lopes, esteve presente na \u00faltima sexta-feira (21), em uma audi\u00eancia p\u00fablica realizada pelo Movimento Interestadual das Quebradeiras de Coco Baba\u00e7u (MIQCB), no munic\u00edpio de S\u00e3o Jo\u00e3o do Arraial. <strong>A participa\u00e7\u00e3o da secret\u00e1ria N\u00fabia Lopes no encontro refor\u00e7a o compromisso do governo com a defesa dos direitos das quebradeiras de coco baba\u00e7u, garantindo que a implementa\u00e7\u00e3o da Lei Baba\u00e7u Livre siga alinhada \u00e0s necessidades dessas trabalhadoras.<\/strong> A SERES segue atuando para fortalecer a escuta ativa e a constru\u00e7\u00e3o de pol\u00edticas que assegurem condi\u00e7\u00f5es dignas e sustent\u00e1veis para os povos tradicionais do Piau\u00ed.<\/p>\n\n\n<div class=\"wp-block-image\">\n<figure class=\"aligncenter size-large is-resized\"><img decoding=\"async\" loading=\"lazy\" src=\"https:\/\/portal.pi.gov.br\/seres\/wp-content\/uploads\/sites\/87\/2025\/03\/WhatsApp-Image-2025-03-23-at-19.00.02-2-1-1024x698.jpeg\" alt=\"\" class=\"wp-image-3132\" width=\"627\" height=\"427\" srcset=\"https:\/\/portal.pi.gov.br\/seres\/wp-content\/uploads\/sites\/87\/2025\/03\/WhatsApp-Image-2025-03-23-at-19.00.02-2-1-1024x698.jpeg 1024w, https:\/\/portal.pi.gov.br\/seres\/wp-content\/uploads\/sites\/87\/2025\/03\/WhatsApp-Image-2025-03-23-at-19.00.02-2-1-300x205.jpeg 300w, https:\/\/portal.pi.gov.br\/seres\/wp-content\/uploads\/sites\/87\/2025\/03\/WhatsApp-Image-2025-03-23-at-19.00.02-2-1-768x524.jpeg 768w, https:\/\/portal.pi.gov.br\/seres\/wp-content\/uploads\/sites\/87\/2025\/03\/WhatsApp-Image-2025-03-23-at-19.00.02-2-1-420x286.jpeg 420w, https:\/\/portal.pi.gov.br\/seres\/wp-content\/uploads\/sites\/87\/2025\/03\/WhatsApp-Image-2025-03-23-at-19.00.02-2-1-540x368.jpeg 540w, https:\/\/portal.pi.gov.br\/seres\/wp-content\/uploads\/sites\/87\/2025\/03\/WhatsApp-Image-2025-03-23-at-19.00.02-2-1-780x532.jpeg 780w, https:\/\/portal.pi.gov.br\/seres\/wp-content\/uploads\/sites\/87\/2025\/03\/WhatsApp-Image-2025-03-23-at-19.00.02-2-1-947x646.jpeg 947w, https:\/\/portal.pi.gov.br\/seres\/wp-content\/uploads\/sites\/87\/2025\/03\/WhatsApp-Image-2025-03-23-at-19.00.02-2-1-624x426.jpeg 624w, https:\/\/portal.pi.gov.br\/seres\/wp-content\/uploads\/sites\/87\/2025\/03\/WhatsApp-Image-2025-03-23-at-19.00.02-2-1-84x56.jpeg 84w, https:\/\/portal.pi.gov.br\/seres\/wp-content\/uploads\/sites\/87\/2025\/03\/WhatsApp-Image-2025-03-23-at-19.00.02-2-1.jpeg 1280w\" sizes=\"(max-width: 627px) 100vw, 627px\" \/><\/figure><\/div>\n\n\n<p>\u201c N\u00f3s enquanto governo do estado, seguimos refor\u00e7ando o nosso compromisso em acompanhar e dialogar com os movimentos sociais. Uma das solicita\u00e7\u00f5es do MIQCB, foi a solicita\u00e7\u00e3o da cria\u00e7\u00e3o de uma mesa de di\u00e1logo permanente, e j\u00e1 instalamos.&nbsp; Seguiremos atuando atuando para fortalecer  a constru\u00e7\u00e3o de pol\u00edticas que assegurem condi\u00e7\u00f5es dignas e sustent\u00e1veis para todos\u201d, garantiu N\u00fabia Lopes.<\/p>\n\n\n<div class=\"wp-block-image\">\n<figure class=\"aligncenter size-large is-resized\"><img decoding=\"async\" loading=\"lazy\" src=\"https:\/\/portal.pi.gov.br\/seres\/wp-content\/uploads\/sites\/87\/2025\/03\/WhatsApp-Image-2025-03-23-at-19.00.02-1-1024x682.jpeg\" alt=\"\" class=\"wp-image-3129\" width=\"638\" height=\"424\" srcset=\"https:\/\/portal.pi.gov.br\/seres\/wp-content\/uploads\/sites\/87\/2025\/03\/WhatsApp-Image-2025-03-23-at-19.00.02-1-1024x682.jpeg 1024w, https:\/\/portal.pi.gov.br\/seres\/wp-content\/uploads\/sites\/87\/2025\/03\/WhatsApp-Image-2025-03-23-at-19.00.02-1-300x200.jpeg 300w, https:\/\/portal.pi.gov.br\/seres\/wp-content\/uploads\/sites\/87\/2025\/03\/WhatsApp-Image-2025-03-23-at-19.00.02-1-768x512.jpeg 768w, https:\/\/portal.pi.gov.br\/seres\/wp-content\/uploads\/sites\/87\/2025\/03\/WhatsApp-Image-2025-03-23-at-19.00.02-1-420x280.jpeg 420w, https:\/\/portal.pi.gov.br\/seres\/wp-content\/uploads\/sites\/87\/2025\/03\/WhatsApp-Image-2025-03-23-at-19.00.02-1-540x360.jpeg 540w, https:\/\/portal.pi.gov.br\/seres\/wp-content\/uploads\/sites\/87\/2025\/03\/WhatsApp-Image-2025-03-23-at-19.00.02-1-780x520.jpeg 780w, https:\/\/portal.pi.gov.br\/seres\/wp-content\/uploads\/sites\/87\/2025\/03\/WhatsApp-Image-2025-03-23-at-19.00.02-1-947x631.jpeg 947w, https:\/\/portal.pi.gov.br\/seres\/wp-content\/uploads\/sites\/87\/2025\/03\/WhatsApp-Image-2025-03-23-at-19.00.02-1-624x416.jpeg 624w, https:\/\/portal.pi.gov.br\/seres\/wp-content\/uploads\/sites\/87\/2025\/03\/WhatsApp-Image-2025-03-23-at-19.00.02-1-84x56.jpeg 84w, https:\/\/portal.pi.gov.br\/seres\/wp-content\/uploads\/sites\/87\/2025\/03\/WhatsApp-Image-2025-03-23-at-19.00.02-1.jpeg 1280w\" sizes=\"(max-width: 638px) 100vw, 638px\" \/><\/figure><\/div>\n\n\n<p>Durante o evento, foi apresentada a&nbsp;<strong>Carta de Compromisso para Implementa\u00e7\u00e3o dos Encaminhamentos da Audi\u00eancia P\u00fablica sobre a Lei do Baba\u00e7u Livre<\/strong>. O documento reafirma a luta das quebradeiras de coco pelo reconhecimento de seus direitos e a prote\u00e7\u00e3o dos baba\u00e7uais.&nbsp;documento foi assinado pelos representantes das institui\u00e7\u00f5es presentes, consolidando o compromisso dessas entidades na busca por solu\u00e7\u00f5es concretas para os desafios enfrentados pelas quebradeiras de coco baba\u00e7u.<\/p>\n\n\n<div class=\"wp-block-image\">\n<figure class=\"aligncenter size-large is-resized\"><img decoding=\"async\" loading=\"lazy\" src=\"https:\/\/portal.pi.gov.br\/seres\/wp-content\/uploads\/sites\/87\/2025\/03\/WhatsApp-Image-2025-03-23-at-19.00.13-1024x682.jpeg\" alt=\"\" class=\"wp-image-3131\" width=\"652\" height=\"434\" srcset=\"https:\/\/portal.pi.gov.br\/seres\/wp-content\/uploads\/sites\/87\/2025\/03\/WhatsApp-Image-2025-03-23-at-19.00.13-1024x682.jpeg 1024w, https:\/\/portal.pi.gov.br\/seres\/wp-content\/uploads\/sites\/87\/2025\/03\/WhatsApp-Image-2025-03-23-at-19.00.13-300x200.jpeg 300w, https:\/\/portal.pi.gov.br\/seres\/wp-content\/uploads\/sites\/87\/2025\/03\/WhatsApp-Image-2025-03-23-at-19.00.13-768x512.jpeg 768w, https:\/\/portal.pi.gov.br\/seres\/wp-content\/uploads\/sites\/87\/2025\/03\/WhatsApp-Image-2025-03-23-at-19.00.13-420x280.jpeg 420w, https:\/\/portal.pi.gov.br\/seres\/wp-content\/uploads\/sites\/87\/2025\/03\/WhatsApp-Image-2025-03-23-at-19.00.13-540x360.jpeg 540w, https:\/\/portal.pi.gov.br\/seres\/wp-content\/uploads\/sites\/87\/2025\/03\/WhatsApp-Image-2025-03-23-at-19.00.13-780x520.jpeg 780w, https:\/\/portal.pi.gov.br\/seres\/wp-content\/uploads\/sites\/87\/2025\/03\/WhatsApp-Image-2025-03-23-at-19.00.13-947x631.jpeg 947w, https:\/\/portal.pi.gov.br\/seres\/wp-content\/uploads\/sites\/87\/2025\/03\/WhatsApp-Image-2025-03-23-at-19.00.13-624x416.jpeg 624w, https:\/\/portal.pi.gov.br\/seres\/wp-content\/uploads\/sites\/87\/2025\/03\/WhatsApp-Image-2025-03-23-at-19.00.13-84x56.jpeg 84w, https:\/\/portal.pi.gov.br\/seres\/wp-content\/uploads\/sites\/87\/2025\/03\/WhatsApp-Image-2025-03-23-at-19.00.13.jpeg 1280w\" sizes=\"(max-width: 652px) 100vw, 652px\" \/><\/figure><\/div>\n\n\n<p>O evento contou com a participa\u00e7\u00e3o de lideran\u00e7as representativas do movimento, poder p\u00fablico e judici\u00e1rio, como&nbsp;Marinalda Rodrigues, coordenadora do Movimento Interestadual das Quebradeiras de Coco Baba\u00e7u (MIQCB) Regional Piau\u00ed, e&nbsp;Ant\u00f4nia Almeida, diretora da Associa\u00e7\u00e3o das Quebradeiras de Coco Baba\u00e7u (AMTCOB). Ambas enfatizaram a urg\u00eancia da aplica\u00e7\u00e3o da lei, que assegura o&nbsp;acesso livre e sustent\u00e1vel aos baba\u00e7uais, mas que, segundo as lideran\u00e7as, ainda n\u00e3o \u00e9 plenamente respeitada.<\/p>\n\n\n\n<p><\/p>\n\n\n\n<p><strong>O que \u00e9 a Lei Baba\u00e7u Livre?<\/strong><\/p>\n\n\n\n<p>A Lei de n\u00ba 7.888, de 09 de dezembro de 2022, foi sancionada <strong>p<\/strong>ela ex-governadora do Estado do Piau\u00ed, Regina Sousa. A Lei foi criada a partir da luta das mulheres quebradeiras de coco baba\u00e7u e que reconhece como patrim\u00f4nio cultural do Estado do Piau\u00ed, as atividades tradicionais de coleta e quebra de coco baba\u00e7u, bem como os produtos delas decorrentes e seu modo tradicional de produzir.<\/p>\n\n\n\n<p>Por: Natalina Alves<\/p>\n","protected":false},"excerpt":{"rendered":"<p>A Secretaria de Estado das Rela\u00e7\u00f5es Sociais (SERES), como \u00f3rg\u00e3o respons\u00e1vel por fortalecer o di\u00e1logo entre o governo do Estado e os movimentos sociais, t\u00eam um papel fundamental na articula\u00e7\u00e3o [&hellip;]<\/p>\n","protected":false},"author":1748,"featured_media":3132,"comment_status":"closed","ping_status":"closed","sticky":true,"template":"","format":"standard","meta":[],"categories":[34],"tags":[67,47,41],"featured_image_urls":{"full":["https:\/\/portal.pi.gov.br\/seres\/wp-content\/uploads\/sites\/87\/2025\/03\/WhatsApp-Image-2025-03-23-at-19.00.02-2-1.jpeg",1280,873,false],"thumbnail":["https:\/\/portal.pi.gov.br\/seres\/wp-content\/uploads\/sites\/87\/2025\/03\/WhatsApp-Image-2025-03-23-at-19.00.02-2-1-150x150.jpeg",150,150,true],"medium":["https:\/\/portal.pi.gov.br\/seres\/wp-content\/uploads\/sites\/87\/2025\/03\/WhatsApp-Image-2025-03-23-at-19.00.02-2-1-300x205.jpeg",300,205,true],"medium_large":["https:\/\/portal.pi.gov.br\/seres\/wp-content\/uploads\/sites\/87\/2025\/03\/WhatsApp-Image-2025-03-23-at-19.00.02-2-1-768x524.jpeg",768,524,true],"large":["https:\/\/portal.pi.gov.br\/seres\/wp-content\/uploads\/sites\/87\/2025\/03\/WhatsApp-Image-2025-03-23-at-19.00.02-2-1-1024x698.jpeg",887,605,true],"sgg-420":["https:\/\/portal.pi.gov.br\/seres\/wp-content\/uploads\/sites\/87\/2025\/03\/WhatsApp-Image-2025-03-23-at-19.00.02-2-1-420x286.jpeg",420,286,true],"sgg-540":["https:\/\/portal.pi.gov.br\/seres\/wp-content\/uploads\/sites\/87\/2025\/03\/WhatsApp-Image-2025-03-23-at-19.00.02-2-1-540x368.jpeg",540,368,true],"sgg-780":["https:\/\/portal.pi.gov.br\/seres\/wp-content\/uploads\/sites\/87\/2025\/03\/WhatsApp-Image-2025-03-23-at-19.00.02-2-1-780x532.jpeg",780,532,true],"1536x1536":["https:\/\/portal.pi.gov.br\/seres\/wp-content\/uploads\/sites\/87\/2025\/03\/WhatsApp-Image-2025-03-23-at-19.00.02-2-1.jpeg",1280,873,false],"2048x2048":["https:\/\/portal.pi.gov.br\/seres\/wp-content\/uploads\/sites\/87\/2025\/03\/WhatsApp-Image-2025-03-23-at-19.00.02-2-1.jpeg",1280,873,false],"homepage-slider":["https:\/\/portal.pi.gov.br\/seres\/wp-content\/uploads\/sites\/87\/2025\/03\/WhatsApp-Image-2025-03-23-at-19.00.02-2-1-1270x500.jpeg",1270,500,true],"homepage-slider-small":["https:\/\/portal.pi.gov.br\/seres\/wp-content\/uploads\/sites\/87\/2025\/03\/WhatsApp-Image-2025-03-23-at-19.00.02-2-1-947x500.jpeg",947,500,true],"page-top":["https:\/\/portal.pi.gov.br\/seres\/wp-content\/uploads\/sites\/87\/2025\/03\/WhatsApp-Image-2025-03-23-at-19.00.02-2-1-947x646.jpeg",947,646,true],"page-small":["https:\/\/portal.pi.gov.br\/seres\/wp-content\/uploads\/sites\/87\/2025\/03\/WhatsApp-Image-2025-03-23-at-19.00.02-2-1-624x426.jpeg",624,426,true],"loop-main":["https:\/\/portal.pi.gov.br\/seres\/wp-content\/uploads\/sites\/87\/2025\/03\/WhatsApp-Image-2025-03-23-at-19.00.02-2-1-365x240.jpeg",365,240,true],"thumb-gallery-widget":["https:\/\/portal.pi.gov.br\/seres\/wp-content\/uploads\/sites\/87\/2025\/03\/WhatsApp-Image-2025-03-23-at-19.00.02-2-1-84x56.jpeg",84,56,true]},"post_excerpt_stackable":"<p>A Secretaria de Estado das Rela\u00e7\u00f5es Sociais (SERES), como \u00f3rg\u00e3o respons\u00e1vel por fortalecer o di\u00e1logo entre o governo do Estado e os movimentos sociais, t\u00eam um papel fundamental na articula\u00e7\u00e3o de pol\u00edticas p\u00fablicas que promovam o reconhecimento e a valoriza\u00e7\u00e3o das tradi\u00e7\u00f5es culturais e dos direitos das comunidades. Nesse sentido, a secret\u00e1ria de Estado das Rela\u00e7\u00f5es Sociais, N\u00fabia Lopes, esteve presente na \u00faltima sexta-feira (21), em uma audi\u00eancia p\u00fablica realizada pelo Movimento Interestadual das Quebradeiras de Coco Baba\u00e7u (MIQCB), no munic\u00edpio de S\u00e3o Jo\u00e3o do Arraial. A participa\u00e7\u00e3o da secret\u00e1ria N\u00fabia Lopes no encontro refor\u00e7a o compromisso do governo com&hellip;<\/p>\n","category_list":"<a href=\"https:\/\/portal.pi.gov.br\/seres\/category\/noticias\/\" rel=\"category tag\">Not\u00edcias<\/a>","author_info":{"name":"natalina","url":"https:\/\/portal.pi.gov.br\/seres\/author\/natalina\/"},"comments_num":"0 coment\u00e1rio","featured_image_urls_v2":{"full":["https:\/\/portal.pi.gov.br\/seres\/wp-content\/uploads\/sites\/87\/2025\/03\/WhatsApp-Image-2025-03-23-at-19.00.02-2-1.jpeg",1280,873,false],"thumbnail":["https:\/\/portal.pi.gov.br\/seres\/wp-content\/uploads\/sites\/87\/2025\/03\/WhatsApp-Image-2025-03-23-at-19.00.02-2-1-150x150.jpeg",150,150,true],"medium":["https:\/\/portal.pi.gov.br\/seres\/wp-content\/uploads\/sites\/87\/2025\/03\/WhatsApp-Image-2025-03-23-at-19.00.02-2-1-300x205.jpeg",300,205,true],"medium_large":["https:\/\/portal.pi.gov.br\/seres\/wp-content\/uploads\/sites\/87\/2025\/03\/WhatsApp-Image-2025-03-23-at-19.00.02-2-1-768x524.jpeg",768,524,true],"large":["https:\/\/portal.pi.gov.br\/seres\/wp-content\/uploads\/sites\/87\/2025\/03\/WhatsApp-Image-2025-03-23-at-19.00.02-2-1-1024x698.jpeg",887,605,true],"sgg-420":["https:\/\/portal.pi.gov.br\/seres\/wp-content\/uploads\/sites\/87\/2025\/03\/WhatsApp-Image-2025-03-23-at-19.00.02-2-1-420x286.jpeg",420,286,true],"sgg-540":["https:\/\/portal.pi.gov.br\/seres\/wp-content\/uploads\/sites\/87\/2025\/03\/WhatsApp-Image-2025-03-23-at-19.00.02-2-1-540x368.jpeg",540,368,true],"sgg-780":["https:\/\/portal.pi.gov.br\/seres\/wp-content\/uploads\/sites\/87\/2025\/03\/WhatsApp-Image-2025-03-23-at-19.00.02-2-1-780x532.jpeg",780,532,true],"1536x1536":["https:\/\/portal.pi.gov.br\/seres\/wp-content\/uploads\/sites\/87\/2025\/03\/WhatsApp-Image-2025-03-23-at-19.00.02-2-1.jpeg",1280,873,false],"2048x2048":["https:\/\/portal.pi.gov.br\/seres\/wp-content\/uploads\/sites\/87\/2025\/03\/WhatsApp-Image-2025-03-23-at-19.00.02-2-1.jpeg",1280,873,false],"homepage-slider":["https:\/\/portal.pi.gov.br\/seres\/wp-content\/uploads\/sites\/87\/2025\/03\/WhatsApp-Image-2025-03-23-at-19.00.02-2-1-1270x500.jpeg",1270,500,true],"homepage-slider-small":["https:\/\/portal.pi.gov.br\/seres\/wp-content\/uploads\/sites\/87\/2025\/03\/WhatsApp-Image-2025-03-23-at-19.00.02-2-1-947x500.jpeg",947,500,true],"page-top":["https:\/\/portal.pi.gov.br\/seres\/wp-content\/uploads\/sites\/87\/2025\/03\/WhatsApp-Image-2025-03-23-at-19.00.02-2-1-947x646.jpeg",947,646,true],"page-small":["https:\/\/portal.pi.gov.br\/seres\/wp-content\/uploads\/sites\/87\/2025\/03\/WhatsApp-Image-2025-03-23-at-19.00.02-2-1-624x426.jpeg",624,426,true],"loop-main":["https:\/\/portal.pi.gov.br\/seres\/wp-content\/uploads\/sites\/87\/2025\/03\/WhatsApp-Image-2025-03-23-at-19.00.02-2-1-365x240.jpeg",365,240,true],"thumb-gallery-widget":["https:\/\/portal.pi.gov.br\/seres\/wp-content\/uploads\/sites\/87\/2025\/03\/WhatsApp-Image-2025-03-23-at-19.00.02-2-1-84x56.jpeg",84,56,true]},"post_excerpt_stackable_v2":"<p>A Secretaria de Estado das Rela\u00e7\u00f5es Sociais (SERES), como \u00f3rg\u00e3o respons\u00e1vel por fortalecer o di\u00e1logo entre o governo do Estado e os movimentos sociais, t\u00eam um papel fundamental na articula\u00e7\u00e3o de pol\u00edticas p\u00fablicas que promovam o reconhecimento e a valoriza\u00e7\u00e3o das tradi\u00e7\u00f5es culturais e dos direitos das comunidades. Nesse sentido, a secret\u00e1ria de Estado das Rela\u00e7\u00f5es Sociais, N\u00fabia Lopes, esteve presente na \u00faltima sexta-feira (21), em uma audi\u00eancia p\u00fablica realizada pelo Movimento Interestadual das Quebradeiras de Coco Baba\u00e7u (MIQCB), no munic\u00edpio de S\u00e3o Jo\u00e3o do Arraial. A participa\u00e7\u00e3o da secret\u00e1ria N\u00fabia Lopes no encontro refor\u00e7a o compromisso do governo com&hellip;<\/p>\n","category_list_v2":"<a href=\"https:\/\/portal.pi.gov.br\/seres\/category\/noticias\/\" rel=\"category tag\">Not\u00edcias<\/a>","author_info_v2":{"name":"natalina","url":"https:\/\/portal.pi.gov.br\/seres\/author\/natalina\/"},"comments_num_v2":"0 coment\u00e1rio","jetpack_featured_media_url":"https:\/\/portal.pi.gov.br\/seres\/wp-content\/uploads\/sites\/87\/2025\/03\/WhatsApp-Image-2025-03-23-at-19.00.02-2-1.jpeg","_links":{"self":[{"href":"https:\/\/portal.pi.gov.br\/seres\/wp-json\/wp\/v2\/posts\/3123"}],"collection":[{"href":"https:\/\/portal.pi.gov.br\/seres\/wp-json\/wp\/v2\/posts"}],"about":[{"href":"https:\/\/portal.pi.gov.br\/seres\/wp-json\/wp\/v2\/types\/post"}],"author":[{"embeddable":true,"href":"https:\/\/portal.pi.gov.br\/seres\/wp-json\/wp\/v2\/users\/1748"}],"replies":[{"embeddable":true,"href":"https:\/\/portal.pi.gov.br\/seres\/wp-json\/wp\/v2\/comments?post=3123"}],"version-history":[{"count":7,"href":"https:\/\/portal.pi.gov.br\/seres\/wp-json\/wp\/v2\/posts\/3123\/revisions"}],"predecessor-version":[{"id":3176,"href":"https:\/\/portal.pi.gov.br\/seres\/wp-json\/wp\/v2\/posts\/3123\/revisions\/3176"}],"wp:featuredmedia":[{"embeddable":true,"href":"https:\/\/portal.pi.gov.br\/seres\/wp-json\/wp\/v2\/media\/3132"}],"wp:attachment":[{"href":"https:\/\/portal.pi.gov.br\/seres\/wp-json\/wp\/v2\/media?parent=3123"}],"wp:term":[{"taxonomy":"category","embeddable":true,"href":"https:\/\/portal.pi.gov.br\/seres\/wp-json\/wp\/v2\/categories?post=3123"},{"taxonomy":"post_tag","embeddable":true,"href":"https:\/\/portal.pi.gov.br\/seres\/wp-json\/wp\/v2\/tags?post=3123"}],"curies":[{"name":"wp","href":"https:\/\/api.w.org\/{rel}","templated":true}]}}