{"id":3150,"date":"2025-03-23T20:22:16","date_gmt":"2025-03-23T23:22:16","guid":{"rendered":"https:\/\/portal.pi.gov.br\/seres\/?p=3150"},"modified":"2025-03-23T20:40:46","modified_gmt":"2025-03-23T23:40:46","slug":"seres-participa-da-2a-fase-do-pactos-pelo-piaui","status":"publish","type":"post","link":"https:\/\/portal.pi.gov.br\/seres\/2025\/03\/23\/seres-participa-da-2a-fase-do-pactos-pelo-piaui\/","title":{"rendered":"Seres participa da 2\u00aa fase do Pactos pelo Piau\u00ed"},"content":{"rendered":"\n<p>A iniciativa de articula\u00e7\u00e3o e coopera\u00e7\u00e3o entre o Governo do Estado reunir\u00e1 representantes dos 224 munic\u00edpios piauienses. <\/p>\n\n\n\n<p><\/p>\n\n\n\n<p>A segunda fase do Pactos pelo Piau\u00ed, ser\u00e1 um marco na consolida\u00e7\u00e3o da parceria entre o Governo do Estado e os 224 munic\u00edpios piauienses. O evento inicia nesta segunda-feira (24), no Centro de Conven\u00e7\u00f5es de Teresina, e tamb\u00e9m sediar\u00e1 o 30\u00ba F\u00f3rum Regional da Rede de Parcerias. <\/p>\n\n\n\n<p>Esse ser\u00e1 um encontro estrat\u00e9gico entre as tr\u00eas esferas do Poder Executivo (federal, estadual e municipal) e organiza\u00e7\u00f5es da sociedade civil, proporcionando trocas de experi\u00eancias e capacita\u00e7\u00f5es sobre capta\u00e7\u00e3o de recursos e ferramentas de gest\u00e3o. <\/p>\n\n\n<div class=\"wp-block-image\">\n<figure class=\"aligncenter size-large is-resized\"><img decoding=\"async\" loading=\"lazy\" src=\"https:\/\/portal.pi.gov.br\/seres\/wp-content\/uploads\/sites\/87\/2025\/03\/pacto_site-1-1024x384.png\" alt=\"\" class=\"wp-image-3152\" width=\"749\" height=\"281\" srcset=\"https:\/\/portal.pi.gov.br\/seres\/wp-content\/uploads\/sites\/87\/2025\/03\/pacto_site-1-1024x384.png 1024w, https:\/\/portal.pi.gov.br\/seres\/wp-content\/uploads\/sites\/87\/2025\/03\/pacto_site-1-300x113.png 300w, https:\/\/portal.pi.gov.br\/seres\/wp-content\/uploads\/sites\/87\/2025\/03\/pacto_site-1-768x288.png 768w, https:\/\/portal.pi.gov.br\/seres\/wp-content\/uploads\/sites\/87\/2025\/03\/pacto_site-1-420x158.png 420w, https:\/\/portal.pi.gov.br\/seres\/wp-content\/uploads\/sites\/87\/2025\/03\/pacto_site-1-540x203.png 540w, https:\/\/portal.pi.gov.br\/seres\/wp-content\/uploads\/sites\/87\/2025\/03\/pacto_site-1-780x293.png 780w, https:\/\/portal.pi.gov.br\/seres\/wp-content\/uploads\/sites\/87\/2025\/03\/pacto_site-1-947x355.png 947w, https:\/\/portal.pi.gov.br\/seres\/wp-content\/uploads\/sites\/87\/2025\/03\/pacto_site-1-624x234.png 624w, https:\/\/portal.pi.gov.br\/seres\/wp-content\/uploads\/sites\/87\/2025\/03\/pacto_site-1.png 1200w\" sizes=\"(max-width: 749px) 100vw, 749px\" \/><\/figure><\/div>\n\n\n<p><\/p>\n\n\n\n<p>A Secretaria de Estado das Rela\u00e7\u00f5es Sociais (SERES), respons\u00e1vel por promover o di\u00e1logo entre o governo do Estado, os movimentos sociais e as organiza\u00e7\u00f5es da sociedade civil, estar\u00e1 presente no evento. Entre os servi\u00e7os dispon\u00edveis estar\u00e1 o cadastro das entidades no  <strong>Sistema de Atendimento<\/strong> <strong>aos Movimentos Sociais<\/strong> ( SIAMOS), orienta\u00e7\u00f5es sobre o Programa de Or\u00e7amento Participativo Digital (OPA), entre outras a\u00e7\u00f5es que promovem a Participa\u00e7\u00e3o Social. <\/p>\n\n\n\n<p><\/p>\n\n\n\n<p><\/p>\n\n\n<div class=\"wp-block-image\">\n<figure class=\"aligncenter size-large is-resized\"><img decoding=\"async\" loading=\"lazy\" src=\"https:\/\/portal.pi.gov.br\/seres\/wp-content\/uploads\/sites\/87\/2025\/03\/image-1-1024x455.png\" alt=\"\" class=\"wp-image-3158\" width=\"719\" height=\"319\" srcset=\"https:\/\/portal.pi.gov.br\/seres\/wp-content\/uploads\/sites\/87\/2025\/03\/image-1-1024x455.png 1024w, https:\/\/portal.pi.gov.br\/seres\/wp-content\/uploads\/sites\/87\/2025\/03\/image-1-300x133.png 300w, https:\/\/portal.pi.gov.br\/seres\/wp-content\/uploads\/sites\/87\/2025\/03\/image-1-768x341.png 768w, https:\/\/portal.pi.gov.br\/seres\/wp-content\/uploads\/sites\/87\/2025\/03\/image-1-420x187.png 420w, https:\/\/portal.pi.gov.br\/seres\/wp-content\/uploads\/sites\/87\/2025\/03\/image-1-540x240.png 540w, https:\/\/portal.pi.gov.br\/seres\/wp-content\/uploads\/sites\/87\/2025\/03\/image-1-780x347.png 780w, https:\/\/portal.pi.gov.br\/seres\/wp-content\/uploads\/sites\/87\/2025\/03\/image-1-1536x683.png 1536w, https:\/\/portal.pi.gov.br\/seres\/wp-content\/uploads\/sites\/87\/2025\/03\/image-1-947x421.png 947w, https:\/\/portal.pi.gov.br\/seres\/wp-content\/uploads\/sites\/87\/2025\/03\/image-1-624x277.png 624w, https:\/\/portal.pi.gov.br\/seres\/wp-content\/uploads\/sites\/87\/2025\/03\/image-1.png 1890w\" sizes=\"(max-width: 719px) 100vw, 719px\" \/><\/figure><\/div>\n\n\n<p><strong>O que \u00e9 o SIAMOS?<\/strong><\/p>\n\n\n\n<p><strong>O Sistema de Atendimento<\/strong> <strong>aos Movimentos Sociais<\/strong> (SIAMOS), foi desenvolvido pela Empresa de Tecnologia da Informa\u00e7\u00e3o do Piau\u00ed (ETIPI), em parceria com a SERES, com o objetivo de facilitar o acesso da sociedade civil organizada aos servi\u00e7os oferecidos pelo governo do Estado.<\/p>\n\n\n\n<p>O cadastro da sua entidade pode ser feita atrav\u00e9s do link abaixo:<\/p>\n\n\n\n<p><\/p>\n\n\n\n<p><a href=\"https:\/\/siamos.etipi.pi.gov.br\/\">https:\/\/siamos.etipi.pi.gov.br\/<\/a><\/p>\n","protected":false},"excerpt":{"rendered":"<p>A iniciativa de articula\u00e7\u00e3o e coopera\u00e7\u00e3o entre o Governo do Estado reunir\u00e1 representantes dos 224 munic\u00edpios piauienses. A segunda fase do Pactos pelo Piau\u00ed, ser\u00e1 um marco na consolida\u00e7\u00e3o da [&hellip;]<\/p>\n","protected":false},"author":1748,"featured_media":3151,"comment_status":"closed","ping_status":"closed","sticky":true,"template":"","format":"standard","meta":[],"categories":[34],"tags":[],"featured_image_urls":{"full":["https:\/\/portal.pi.gov.br\/seres\/wp-content\/uploads\/sites\/87\/2025\/03\/pacto_site.png",1200,450,false],"thumbnail":["https:\/\/portal.pi.gov.br\/seres\/wp-content\/uploads\/sites\/87\/2025\/03\/pacto_site-150x150.png",150,150,true],"medium":["https:\/\/portal.pi.gov.br\/seres\/wp-content\/uploads\/sites\/87\/2025\/03\/pacto_site-300x113.png",300,113,true],"medium_large":["https:\/\/portal.pi.gov.br\/seres\/wp-content\/uploads\/sites\/87\/2025\/03\/pacto_site-768x288.png",768,288,true],"large":["https:\/\/portal.pi.gov.br\/seres\/wp-content\/uploads\/sites\/87\/2025\/03\/pacto_site-1024x384.png",887,333,true],"sgg-420":["https:\/\/portal.pi.gov.br\/seres\/wp-content\/uploads\/sites\/87\/2025\/03\/pacto_site-420x158.png",420,158,true],"sgg-540":["https:\/\/portal.pi.gov.br\/seres\/wp-content\/uploads\/sites\/87\/2025\/03\/pacto_site-540x203.png",540,203,true],"sgg-780":["https:\/\/portal.pi.gov.br\/seres\/wp-content\/uploads\/sites\/87\/2025\/03\/pacto_site-780x293.png",780,293,true],"1536x1536":["https:\/\/portal.pi.gov.br\/seres\/wp-content\/uploads\/sites\/87\/2025\/03\/pacto_site.png",1200,450,false],"2048x2048":["https:\/\/portal.pi.gov.br\/seres\/wp-content\/uploads\/sites\/87\/2025\/03\/pacto_site.png",1200,450,false],"homepage-slider":["https:\/\/portal.pi.gov.br\/seres\/wp-content\/uploads\/sites\/87\/2025\/03\/pacto_site.png",1200,450,false],"homepage-slider-small":["https:\/\/portal.pi.gov.br\/seres\/wp-content\/uploads\/sites\/87\/2025\/03\/pacto_site-947x450.png",947,450,true],"page-top":["https:\/\/portal.pi.gov.br\/seres\/wp-content\/uploads\/sites\/87\/2025\/03\/pacto_site-947x355.png",947,355,true],"page-small":["https:\/\/portal.pi.gov.br\/seres\/wp-content\/uploads\/sites\/87\/2025\/03\/pacto_site-624x234.png",624,234,true],"loop-main":["https:\/\/portal.pi.gov.br\/seres\/wp-content\/uploads\/sites\/87\/2025\/03\/pacto_site-365x240.png",365,240,true],"thumb-gallery-widget":["https:\/\/portal.pi.gov.br\/seres\/wp-content\/uploads\/sites\/87\/2025\/03\/pacto_site-84x56.png",84,56,true]},"post_excerpt_stackable":"<p>A iniciativa de articula\u00e7\u00e3o e coopera\u00e7\u00e3o entre o Governo do Estado reunir\u00e1 representantes dos 224 munic\u00edpios piauienses. A segunda fase do Pactos pelo Piau\u00ed, ser\u00e1 um marco na consolida\u00e7\u00e3o da parceria entre o Governo do Estado e os 224 munic\u00edpios piauienses. O evento inicia nesta segunda-feira (24), no Centro de Conven\u00e7\u00f5es de Teresina, e tamb\u00e9m sediar\u00e1 o 30\u00ba F\u00f3rum Regional da Rede de Parcerias. Esse ser\u00e1 um encontro estrat\u00e9gico entre as tr\u00eas esferas do Poder Executivo (federal, estadual e municipal) e organiza\u00e7\u00f5es da sociedade civil, proporcionando trocas de experi\u00eancias e capacita\u00e7\u00f5es sobre capta\u00e7\u00e3o de recursos e ferramentas de gest\u00e3o. A&hellip;<\/p>\n","category_list":"<a href=\"https:\/\/portal.pi.gov.br\/seres\/category\/noticias\/\" rel=\"category tag\">Not\u00edcias<\/a>","author_info":{"name":"natalina","url":"https:\/\/portal.pi.gov.br\/seres\/author\/natalina\/"},"comments_num":"0 coment\u00e1rio","featured_image_urls_v2":{"full":["https:\/\/portal.pi.gov.br\/seres\/wp-content\/uploads\/sites\/87\/2025\/03\/pacto_site.png",1200,450,false],"thumbnail":["https:\/\/portal.pi.gov.br\/seres\/wp-content\/uploads\/sites\/87\/2025\/03\/pacto_site-150x150.png",150,150,true],"medium":["https:\/\/portal.pi.gov.br\/seres\/wp-content\/uploads\/sites\/87\/2025\/03\/pacto_site-300x113.png",300,113,true],"medium_large":["https:\/\/portal.pi.gov.br\/seres\/wp-content\/uploads\/sites\/87\/2025\/03\/pacto_site-768x288.png",768,288,true],"large":["https:\/\/portal.pi.gov.br\/seres\/wp-content\/uploads\/sites\/87\/2025\/03\/pacto_site-1024x384.png",887,333,true],"sgg-420":["https:\/\/portal.pi.gov.br\/seres\/wp-content\/uploads\/sites\/87\/2025\/03\/pacto_site-420x158.png",420,158,true],"sgg-540":["https:\/\/portal.pi.gov.br\/seres\/wp-content\/uploads\/sites\/87\/2025\/03\/pacto_site-540x203.png",540,203,true],"sgg-780":["https:\/\/portal.pi.gov.br\/seres\/wp-content\/uploads\/sites\/87\/2025\/03\/pacto_site-780x293.png",780,293,true],"1536x1536":["https:\/\/portal.pi.gov.br\/seres\/wp-content\/uploads\/sites\/87\/2025\/03\/pacto_site.png",1200,450,false],"2048x2048":["https:\/\/portal.pi.gov.br\/seres\/wp-content\/uploads\/sites\/87\/2025\/03\/pacto_site.png",1200,450,false],"homepage-slider":["https:\/\/portal.pi.gov.br\/seres\/wp-content\/uploads\/sites\/87\/2025\/03\/pacto_site.png",1200,450,false],"homepage-slider-small":["https:\/\/portal.pi.gov.br\/seres\/wp-content\/uploads\/sites\/87\/2025\/03\/pacto_site-947x450.png",947,450,true],"page-top":["https:\/\/portal.pi.gov.br\/seres\/wp-content\/uploads\/sites\/87\/2025\/03\/pacto_site-947x355.png",947,355,true],"page-small":["https:\/\/portal.pi.gov.br\/seres\/wp-content\/uploads\/sites\/87\/2025\/03\/pacto_site-624x234.png",624,234,true],"loop-main":["https:\/\/portal.pi.gov.br\/seres\/wp-content\/uploads\/sites\/87\/2025\/03\/pacto_site-365x240.png",365,240,true],"thumb-gallery-widget":["https:\/\/portal.pi.gov.br\/seres\/wp-content\/uploads\/sites\/87\/2025\/03\/pacto_site-84x56.png",84,56,true]},"post_excerpt_stackable_v2":"<p>A iniciativa de articula\u00e7\u00e3o e coopera\u00e7\u00e3o entre o Governo do Estado reunir\u00e1 representantes dos 224 munic\u00edpios piauienses. A segunda fase do Pactos pelo Piau\u00ed, ser\u00e1 um marco na consolida\u00e7\u00e3o da parceria entre o Governo do Estado e os 224 munic\u00edpios piauienses. O evento inicia nesta segunda-feira (24), no Centro de Conven\u00e7\u00f5es de Teresina, e tamb\u00e9m sediar\u00e1 o 30\u00ba F\u00f3rum Regional da Rede de Parcerias. Esse ser\u00e1 um encontro estrat\u00e9gico entre as tr\u00eas esferas do Poder Executivo (federal, estadual e municipal) e organiza\u00e7\u00f5es da sociedade civil, proporcionando trocas de experi\u00eancias e capacita\u00e7\u00f5es sobre capta\u00e7\u00e3o de recursos e ferramentas de gest\u00e3o. A&hellip;<\/p>\n","category_list_v2":"<a href=\"https:\/\/portal.pi.gov.br\/seres\/category\/noticias\/\" rel=\"category tag\">Not\u00edcias<\/a>","author_info_v2":{"name":"natalina","url":"https:\/\/portal.pi.gov.br\/seres\/author\/natalina\/"},"comments_num_v2":"0 coment\u00e1rio","jetpack_featured_media_url":"https:\/\/portal.pi.gov.br\/seres\/wp-content\/uploads\/sites\/87\/2025\/03\/pacto_site.png","_links":{"self":[{"href":"https:\/\/portal.pi.gov.br\/seres\/wp-json\/wp\/v2\/posts\/3150"}],"collection":[{"href":"https:\/\/portal.pi.gov.br\/seres\/wp-json\/wp\/v2\/posts"}],"about":[{"href":"https:\/\/portal.pi.gov.br\/seres\/wp-json\/wp\/v2\/types\/post"}],"author":[{"embeddable":true,"href":"https:\/\/portal.pi.gov.br\/seres\/wp-json\/wp\/v2\/users\/1748"}],"replies":[{"embeddable":true,"href":"https:\/\/portal.pi.gov.br\/seres\/wp-json\/wp\/v2\/comments?post=3150"}],"version-history":[{"count":15,"href":"https:\/\/portal.pi.gov.br\/seres\/wp-json\/wp\/v2\/posts\/3150\/revisions"}],"predecessor-version":[{"id":3175,"href":"https:\/\/portal.pi.gov.br\/seres\/wp-json\/wp\/v2\/posts\/3150\/revisions\/3175"}],"wp:featuredmedia":[{"embeddable":true,"href":"https:\/\/portal.pi.gov.br\/seres\/wp-json\/wp\/v2\/media\/3151"}],"wp:attachment":[{"href":"https:\/\/portal.pi.gov.br\/seres\/wp-json\/wp\/v2\/media?parent=3150"}],"wp:term":[{"taxonomy":"category","embeddable":true,"href":"https:\/\/portal.pi.gov.br\/seres\/wp-json\/wp\/v2\/categories?post=3150"},{"taxonomy":"post_tag","embeddable":true,"href":"https:\/\/portal.pi.gov.br\/seres\/wp-json\/wp\/v2\/tags?post=3150"}],"curies":[{"name":"wp","href":"https:\/\/api.w.org\/{rel}","templated":true}]}}