{"id":3177,"date":"2025-03-25T22:36:53","date_gmt":"2025-03-26T01:36:53","guid":{"rendered":"https:\/\/portal.pi.gov.br\/seres\/?p=3177"},"modified":"2025-03-25T22:50:09","modified_gmt":"2025-03-26T01:50:09","slug":"pactos-pelo-piaui-secretaria-nubia-lopes-participa-de-painel-sobre-parcerias-com-a-sociedade-civil-para-implementacao-de-politicas-publicas-pactos-pelo-piaui","status":"publish","type":"post","link":"https:\/\/portal.pi.gov.br\/seres\/2025\/03\/25\/pactos-pelo-piaui-secretaria-nubia-lopes-participa-de-painel-sobre-parcerias-com-a-sociedade-civil-para-implementacao-de-politicas-publicas-pactos-pelo-piaui\/","title":{"rendered":"Pactos pelo Piau\u00ed:  Secret\u00e1ria N\u00fabia Lopes participa de painel sobre parcerias com a sociedade civil para implementa\u00e7\u00e3o de pol\u00edticas p\u00fablicas  Pactos pelo Piau\u00ed"},"content":{"rendered":"\n<p>O evento teve como objetivo apresentar trabalhos e projetos desenvolvidos atrav\u00e9s dessa colabora\u00e7\u00e3o.<\/p>\n\n\n\n<p><\/p>\n\n\n<div class=\"wp-block-image\">\n<figure class=\"aligncenter size-large is-resized\"><img decoding=\"async\" loading=\"lazy\" src=\"https:\/\/portal.pi.gov.br\/seres\/wp-content\/uploads\/sites\/87\/2025\/03\/WhatsApp-Image-2025-03-25-at-16.34.41-1024x710.jpeg\" alt=\"\" class=\"wp-image-3178\" width=\"532\" height=\"369\" srcset=\"https:\/\/portal.pi.gov.br\/seres\/wp-content\/uploads\/sites\/87\/2025\/03\/WhatsApp-Image-2025-03-25-at-16.34.41-1024x710.jpeg 1024w, https:\/\/portal.pi.gov.br\/seres\/wp-content\/uploads\/sites\/87\/2025\/03\/WhatsApp-Image-2025-03-25-at-16.34.41-300x208.jpeg 300w, https:\/\/portal.pi.gov.br\/seres\/wp-content\/uploads\/sites\/87\/2025\/03\/WhatsApp-Image-2025-03-25-at-16.34.41-768x532.jpeg 768w, https:\/\/portal.pi.gov.br\/seres\/wp-content\/uploads\/sites\/87\/2025\/03\/WhatsApp-Image-2025-03-25-at-16.34.41-420x291.jpeg 420w, https:\/\/portal.pi.gov.br\/seres\/wp-content\/uploads\/sites\/87\/2025\/03\/WhatsApp-Image-2025-03-25-at-16.34.41-540x374.jpeg 540w, https:\/\/portal.pi.gov.br\/seres\/wp-content\/uploads\/sites\/87\/2025\/03\/WhatsApp-Image-2025-03-25-at-16.34.41-780x541.jpeg 780w, https:\/\/portal.pi.gov.br\/seres\/wp-content\/uploads\/sites\/87\/2025\/03\/WhatsApp-Image-2025-03-25-at-16.34.41-1536x1065.jpeg 1536w, https:\/\/portal.pi.gov.br\/seres\/wp-content\/uploads\/sites\/87\/2025\/03\/WhatsApp-Image-2025-03-25-at-16.34.41-2048x1420.jpeg 2048w, https:\/\/portal.pi.gov.br\/seres\/wp-content\/uploads\/sites\/87\/2025\/03\/WhatsApp-Image-2025-03-25-at-16.34.41-947x657.jpeg 947w, https:\/\/portal.pi.gov.br\/seres\/wp-content\/uploads\/sites\/87\/2025\/03\/WhatsApp-Image-2025-03-25-at-16.34.41-624x433.jpeg 624w\" sizes=\"(max-width: 532px) 100vw, 532px\" \/><\/figure><\/div>\n\n\n<p>Na tarde desta ter\u00e7a-feira (25), durante o Pactos pelo Piau\u00ed, foi realizada uma palestra sobre parcerias entre o governo e a sociedade civil para a implementa\u00e7\u00e3o de pol\u00edticas p\u00fablicas. O evento teve como objetivo apresentar os trabalhos e projetos desenvolvidos atrav\u00e9s dessa colabora\u00e7\u00e3o.<\/p>\n\n\n\n<p>A secret\u00e1ria de Estado das Rela\u00e7\u00f5es Sociais (Seres), N\u00fabia Lopes; foi  uma das palestrantes, juntamente com a secret\u00e1ria da Agricultura Familiar (SAF), Rejane Tavares; e a secret\u00e1ria da Assist\u00eancia Social, Trabalho e Direitos Humanos (Sasc), Regina Sousa, al\u00e9m de representantes de diversas Organiza\u00e7\u00f5es da Sociedade Civil.<\/p>\n\n\n\n<p><\/p>\n\n\n<div class=\"wp-block-image\">\n<figure class=\"aligncenter size-large is-resized\"><img decoding=\"async\" loading=\"lazy\" src=\"https:\/\/portal.pi.gov.br\/seres\/wp-content\/uploads\/sites\/87\/2025\/03\/WhatsApp-Image-2025-03-25-at-16.34.41-1-1-1024x683.jpeg\" alt=\"\" class=\"wp-image-3192\" width=\"577\" height=\"385\" srcset=\"https:\/\/portal.pi.gov.br\/seres\/wp-content\/uploads\/sites\/87\/2025\/03\/WhatsApp-Image-2025-03-25-at-16.34.41-1-1-1024x683.jpeg 1024w, https:\/\/portal.pi.gov.br\/seres\/wp-content\/uploads\/sites\/87\/2025\/03\/WhatsApp-Image-2025-03-25-at-16.34.41-1-1-300x200.jpeg 300w, https:\/\/portal.pi.gov.br\/seres\/wp-content\/uploads\/sites\/87\/2025\/03\/WhatsApp-Image-2025-03-25-at-16.34.41-1-1-768x512.jpeg 768w, https:\/\/portal.pi.gov.br\/seres\/wp-content\/uploads\/sites\/87\/2025\/03\/WhatsApp-Image-2025-03-25-at-16.34.41-1-1-420x280.jpeg 420w, https:\/\/portal.pi.gov.br\/seres\/wp-content\/uploads\/sites\/87\/2025\/03\/WhatsApp-Image-2025-03-25-at-16.34.41-1-1-540x360.jpeg 540w, https:\/\/portal.pi.gov.br\/seres\/wp-content\/uploads\/sites\/87\/2025\/03\/WhatsApp-Image-2025-03-25-at-16.34.41-1-1-780x520.jpeg 780w, https:\/\/portal.pi.gov.br\/seres\/wp-content\/uploads\/sites\/87\/2025\/03\/WhatsApp-Image-2025-03-25-at-16.34.41-1-1-1536x1024.jpeg 1536w, https:\/\/portal.pi.gov.br\/seres\/wp-content\/uploads\/sites\/87\/2025\/03\/WhatsApp-Image-2025-03-25-at-16.34.41-1-1-2048x1365.jpeg 2048w, https:\/\/portal.pi.gov.br\/seres\/wp-content\/uploads\/sites\/87\/2025\/03\/WhatsApp-Image-2025-03-25-at-16.34.41-1-1-947x631.jpeg 947w, https:\/\/portal.pi.gov.br\/seres\/wp-content\/uploads\/sites\/87\/2025\/03\/WhatsApp-Image-2025-03-25-at-16.34.41-1-1-624x416.jpeg 624w, https:\/\/portal.pi.gov.br\/seres\/wp-content\/uploads\/sites\/87\/2025\/03\/WhatsApp-Image-2025-03-25-at-16.34.41-1-1-84x56.jpeg 84w\" sizes=\"(max-width: 577px) 100vw, 577px\" \/><\/figure><\/div>\n\n\n<p>A Secretaria de Estado das Rela\u00e7\u00f5es Sociais (SERES), respons\u00e1vel por promover o di\u00e1logo entre o governo do Estado, os movimentos sociais e as organiza\u00e7\u00f5es da sociedade civil. Entre os servi\u00e7os dispon\u00edveis no stand da secretaria estar o cadastro das entidades no\u00a0<strong>Sistema de Atendimento<\/strong>\u00a0<strong>aos Movimentos Sociais<\/strong>\u00a0( SIAMOS) e orienta\u00e7\u00f5es sobre o Programa de Or\u00e7amento Participativo Digital (OPA), entre outras a\u00e7\u00f5es que promovem a Participa\u00e7\u00e3o Social.<\/p>\n\n\n\n<p><\/p>\n\n\n\n<p>Por: Natalina Alves<\/p>\n","protected":false},"excerpt":{"rendered":"<p>O evento teve como objetivo apresentar trabalhos e projetos desenvolvidos atrav\u00e9s dessa colabora\u00e7\u00e3o. Na tarde desta ter\u00e7a-feira (25), durante o Pactos pelo Piau\u00ed, foi realizada uma palestra sobre parcerias entre [&hellip;]<\/p>\n","protected":false},"author":1748,"featured_media":3188,"comment_status":"closed","ping_status":"closed","sticky":true,"template":"","format":"standard","meta":[],"categories":[34],"tags":[],"featured_image_urls":{"full":["https:\/\/portal.pi.gov.br\/seres\/wp-content\/uploads\/sites\/87\/2025\/03\/WhatsApp-Image-2025-03-25-at-16.34.41-2-scaled.jpeg",2560,1308,false],"thumbnail":["https:\/\/portal.pi.gov.br\/seres\/wp-content\/uploads\/sites\/87\/2025\/03\/WhatsApp-Image-2025-03-25-at-16.34.41-2-150x150.jpeg",150,150,true],"medium":["https:\/\/portal.pi.gov.br\/seres\/wp-content\/uploads\/sites\/87\/2025\/03\/WhatsApp-Image-2025-03-25-at-16.34.41-2-300x153.jpeg",300,153,true],"medium_large":["https:\/\/portal.pi.gov.br\/seres\/wp-content\/uploads\/sites\/87\/2025\/03\/WhatsApp-Image-2025-03-25-at-16.34.41-2-768x392.jpeg",768,392,true],"large":["https:\/\/portal.pi.gov.br\/seres\/wp-content\/uploads\/sites\/87\/2025\/03\/WhatsApp-Image-2025-03-25-at-16.34.41-2-1024x523.jpeg",887,453,true],"sgg-420":["https:\/\/portal.pi.gov.br\/seres\/wp-content\/uploads\/sites\/87\/2025\/03\/WhatsApp-Image-2025-03-25-at-16.34.41-2-420x215.jpeg",420,215,true],"sgg-540":["https:\/\/portal.pi.gov.br\/seres\/wp-content\/uploads\/sites\/87\/2025\/03\/WhatsApp-Image-2025-03-25-at-16.34.41-2-540x276.jpeg",540,276,true],"sgg-780":["https:\/\/portal.pi.gov.br\/seres\/wp-content\/uploads\/sites\/87\/2025\/03\/WhatsApp-Image-2025-03-25-at-16.34.41-2-780x398.jpeg",780,398,true],"1536x1536":["https:\/\/portal.pi.gov.br\/seres\/wp-content\/uploads\/sites\/87\/2025\/03\/WhatsApp-Image-2025-03-25-at-16.34.41-2-1536x785.jpeg",1536,785,true],"2048x2048":["https:\/\/portal.pi.gov.br\/seres\/wp-content\/uploads\/sites\/87\/2025\/03\/WhatsApp-Image-2025-03-25-at-16.34.41-2-2048x1046.jpeg",2048,1046,true],"homepage-slider":["https:\/\/portal.pi.gov.br\/seres\/wp-content\/uploads\/sites\/87\/2025\/03\/WhatsApp-Image-2025-03-25-at-16.34.41-2-1270x500.jpeg",1270,500,true],"homepage-slider-small":["https:\/\/portal.pi.gov.br\/seres\/wp-content\/uploads\/sites\/87\/2025\/03\/WhatsApp-Image-2025-03-25-at-16.34.41-2-947x500.jpeg",947,500,true],"page-top":["https:\/\/portal.pi.gov.br\/seres\/wp-content\/uploads\/sites\/87\/2025\/03\/WhatsApp-Image-2025-03-25-at-16.34.41-2-947x484.jpeg",947,484,true],"page-small":["https:\/\/portal.pi.gov.br\/seres\/wp-content\/uploads\/sites\/87\/2025\/03\/WhatsApp-Image-2025-03-25-at-16.34.41-2-624x319.jpeg",624,319,true],"loop-main":["https:\/\/portal.pi.gov.br\/seres\/wp-content\/uploads\/sites\/87\/2025\/03\/WhatsApp-Image-2025-03-25-at-16.34.41-2-365x240.jpeg",365,240,true],"thumb-gallery-widget":["https:\/\/portal.pi.gov.br\/seres\/wp-content\/uploads\/sites\/87\/2025\/03\/WhatsApp-Image-2025-03-25-at-16.34.41-2-84x56.jpeg",84,56,true]},"post_excerpt_stackable":"<p>O evento teve como objetivo apresentar trabalhos e projetos desenvolvidos atrav\u00e9s dessa colabora\u00e7\u00e3o. Na tarde desta ter\u00e7a-feira (25), durante o Pactos pelo Piau\u00ed, foi realizada uma palestra sobre parcerias entre o governo e a sociedade civil para a implementa\u00e7\u00e3o de pol\u00edticas p\u00fablicas. O evento teve como objetivo apresentar os trabalhos e projetos desenvolvidos atrav\u00e9s dessa colabora\u00e7\u00e3o. A secret\u00e1ria de Estado das Rela\u00e7\u00f5es Sociais (Seres), N\u00fabia Lopes; foi uma das palestrantes, juntamente com a secret\u00e1ria da Agricultura Familiar (SAF), Rejane Tavares; e a secret\u00e1ria da Assist\u00eancia Social, Trabalho e Direitos Humanos (Sasc), Regina Sousa, al\u00e9m de representantes de diversas Organiza\u00e7\u00f5es da&hellip;<\/p>\n","category_list":"<a href=\"https:\/\/portal.pi.gov.br\/seres\/category\/noticias\/\" rel=\"category tag\">Not\u00edcias<\/a>","author_info":{"name":"natalina","url":"https:\/\/portal.pi.gov.br\/seres\/author\/natalina\/"},"comments_num":"0 coment\u00e1rio","featured_image_urls_v2":{"full":["https:\/\/portal.pi.gov.br\/seres\/wp-content\/uploads\/sites\/87\/2025\/03\/WhatsApp-Image-2025-03-25-at-16.34.41-2-scaled.jpeg",2560,1308,false],"thumbnail":["https:\/\/portal.pi.gov.br\/seres\/wp-content\/uploads\/sites\/87\/2025\/03\/WhatsApp-Image-2025-03-25-at-16.34.41-2-150x150.jpeg",150,150,true],"medium":["https:\/\/portal.pi.gov.br\/seres\/wp-content\/uploads\/sites\/87\/2025\/03\/WhatsApp-Image-2025-03-25-at-16.34.41-2-300x153.jpeg",300,153,true],"medium_large":["https:\/\/portal.pi.gov.br\/seres\/wp-content\/uploads\/sites\/87\/2025\/03\/WhatsApp-Image-2025-03-25-at-16.34.41-2-768x392.jpeg",768,392,true],"large":["https:\/\/portal.pi.gov.br\/seres\/wp-content\/uploads\/sites\/87\/2025\/03\/WhatsApp-Image-2025-03-25-at-16.34.41-2-1024x523.jpeg",887,453,true],"sgg-420":["https:\/\/portal.pi.gov.br\/seres\/wp-content\/uploads\/sites\/87\/2025\/03\/WhatsApp-Image-2025-03-25-at-16.34.41-2-420x215.jpeg",420,215,true],"sgg-540":["https:\/\/portal.pi.gov.br\/seres\/wp-content\/uploads\/sites\/87\/2025\/03\/WhatsApp-Image-2025-03-25-at-16.34.41-2-540x276.jpeg",540,276,true],"sgg-780":["https:\/\/portal.pi.gov.br\/seres\/wp-content\/uploads\/sites\/87\/2025\/03\/WhatsApp-Image-2025-03-25-at-16.34.41-2-780x398.jpeg",780,398,true],"1536x1536":["https:\/\/portal.pi.gov.br\/seres\/wp-content\/uploads\/sites\/87\/2025\/03\/WhatsApp-Image-2025-03-25-at-16.34.41-2-1536x785.jpeg",1536,785,true],"2048x2048":["https:\/\/portal.pi.gov.br\/seres\/wp-content\/uploads\/sites\/87\/2025\/03\/WhatsApp-Image-2025-03-25-at-16.34.41-2-2048x1046.jpeg",2048,1046,true],"homepage-slider":["https:\/\/portal.pi.gov.br\/seres\/wp-content\/uploads\/sites\/87\/2025\/03\/WhatsApp-Image-2025-03-25-at-16.34.41-2-1270x500.jpeg",1270,500,true],"homepage-slider-small":["https:\/\/portal.pi.gov.br\/seres\/wp-content\/uploads\/sites\/87\/2025\/03\/WhatsApp-Image-2025-03-25-at-16.34.41-2-947x500.jpeg",947,500,true],"page-top":["https:\/\/portal.pi.gov.br\/seres\/wp-content\/uploads\/sites\/87\/2025\/03\/WhatsApp-Image-2025-03-25-at-16.34.41-2-947x484.jpeg",947,484,true],"page-small":["https:\/\/portal.pi.gov.br\/seres\/wp-content\/uploads\/sites\/87\/2025\/03\/WhatsApp-Image-2025-03-25-at-16.34.41-2-624x319.jpeg",624,319,true],"loop-main":["https:\/\/portal.pi.gov.br\/seres\/wp-content\/uploads\/sites\/87\/2025\/03\/WhatsApp-Image-2025-03-25-at-16.34.41-2-365x240.jpeg",365,240,true],"thumb-gallery-widget":["https:\/\/portal.pi.gov.br\/seres\/wp-content\/uploads\/sites\/87\/2025\/03\/WhatsApp-Image-2025-03-25-at-16.34.41-2-84x56.jpeg",84,56,true]},"post_excerpt_stackable_v2":"<p>O evento teve como objetivo apresentar trabalhos e projetos desenvolvidos atrav\u00e9s dessa colabora\u00e7\u00e3o. Na tarde desta ter\u00e7a-feira (25), durante o Pactos pelo Piau\u00ed, foi realizada uma palestra sobre parcerias entre o governo e a sociedade civil para a implementa\u00e7\u00e3o de pol\u00edticas p\u00fablicas. O evento teve como objetivo apresentar os trabalhos e projetos desenvolvidos atrav\u00e9s dessa colabora\u00e7\u00e3o. A secret\u00e1ria de Estado das Rela\u00e7\u00f5es Sociais (Seres), N\u00fabia Lopes; foi uma das palestrantes, juntamente com a secret\u00e1ria da Agricultura Familiar (SAF), Rejane Tavares; e a secret\u00e1ria da Assist\u00eancia Social, Trabalho e Direitos Humanos (Sasc), Regina Sousa, al\u00e9m de representantes de diversas Organiza\u00e7\u00f5es da&hellip;<\/p>\n","category_list_v2":"<a href=\"https:\/\/portal.pi.gov.br\/seres\/category\/noticias\/\" rel=\"category tag\">Not\u00edcias<\/a>","author_info_v2":{"name":"natalina","url":"https:\/\/portal.pi.gov.br\/seres\/author\/natalina\/"},"comments_num_v2":"0 coment\u00e1rio","jetpack_featured_media_url":"https:\/\/portal.pi.gov.br\/seres\/wp-content\/uploads\/sites\/87\/2025\/03\/WhatsApp-Image-2025-03-25-at-16.34.41-2-scaled.jpeg","_links":{"self":[{"href":"https:\/\/portal.pi.gov.br\/seres\/wp-json\/wp\/v2\/posts\/3177"}],"collection":[{"href":"https:\/\/portal.pi.gov.br\/seres\/wp-json\/wp\/v2\/posts"}],"about":[{"href":"https:\/\/portal.pi.gov.br\/seres\/wp-json\/wp\/v2\/types\/post"}],"author":[{"embeddable":true,"href":"https:\/\/portal.pi.gov.br\/seres\/wp-json\/wp\/v2\/users\/1748"}],"replies":[{"embeddable":true,"href":"https:\/\/portal.pi.gov.br\/seres\/wp-json\/wp\/v2\/comments?post=3177"}],"version-history":[{"count":9,"href":"https:\/\/portal.pi.gov.br\/seres\/wp-json\/wp\/v2\/posts\/3177\/revisions"}],"predecessor-version":[{"id":3199,"href":"https:\/\/portal.pi.gov.br\/seres\/wp-json\/wp\/v2\/posts\/3177\/revisions\/3199"}],"wp:featuredmedia":[{"embeddable":true,"href":"https:\/\/portal.pi.gov.br\/seres\/wp-json\/wp\/v2\/media\/3188"}],"wp:attachment":[{"href":"https:\/\/portal.pi.gov.br\/seres\/wp-json\/wp\/v2\/media?parent=3177"}],"wp:term":[{"taxonomy":"category","embeddable":true,"href":"https:\/\/portal.pi.gov.br\/seres\/wp-json\/wp\/v2\/categories?post=3177"},{"taxonomy":"post_tag","embeddable":true,"href":"https:\/\/portal.pi.gov.br\/seres\/wp-json\/wp\/v2\/tags?post=3177"}],"curies":[{"name":"wp","href":"https:\/\/api.w.org\/{rel}","templated":true}]}}