{"id":3189,"date":"2025-03-25T22:45:49","date_gmt":"2025-03-26T01:45:49","guid":{"rendered":"https:\/\/portal.pi.gov.br\/seres\/?p=3189"},"modified":"2025-03-25T23:12:53","modified_gmt":"2025-03-26T02:12:53","slug":"o-sistema-de-atendimento-aos-movimentos-sociais","status":"publish","type":"post","link":"https:\/\/portal.pi.gov.br\/seres\/2025\/03\/25\/o-sistema-de-atendimento-aos-movimentos-sociais\/","title":{"rendered":"Seres realizada cadastro de entidades da sociedade civil  no Siamos durante o Pactos pelo Piau\u00ed"},"content":{"rendered":"\n<p>A Seres \u00e9 respons\u00e1vel por promover o di\u00e1logo entre o governo do Estado, os movimentos sociais e as organiza\u00e7\u00f5es da sociedade civil organizadas. <\/p>\n\n\n\n<p><\/p>\n\n\n\n<p><strong>O Sistema de Atendimento<\/strong>\u00a0<strong>aos Movimentos Sociais<\/strong>\u00a0(SIAMOS), foi desenvolvido pela Empresa de Tecnologia da Informa\u00e7\u00e3o do Piau\u00ed (ETIPI), em parceria com a SERES, com o objetivo de facilitar o acesso da sociedade civil organizada aos servi\u00e7os oferecidos pelo governo do Estado, permitindo que as demandas sejam registradas, acompanhadas de forma mais \u00e1gil e transparente. A plataforma possibilita que as organiza\u00e7\u00f5es da sociedade civil realizem o cadastro de suas entidades, submetam solicita\u00e7\u00f5es e acompanhem o andamento de seus processos em tempo real. <\/p>\n\n\n<div class=\"wp-block-image\">\n<figure class=\"aligncenter size-large is-resized\"><img decoding=\"async\" loading=\"lazy\" src=\"https:\/\/portal.pi.gov.br\/seres\/wp-content\/uploads\/sites\/87\/2025\/03\/WhatsApp-Image-2025-03-25-at-22.33.26-1-1024x682.jpeg\" alt=\"\" class=\"wp-image-3217\" width=\"581\" height=\"387\" srcset=\"https:\/\/portal.pi.gov.br\/seres\/wp-content\/uploads\/sites\/87\/2025\/03\/WhatsApp-Image-2025-03-25-at-22.33.26-1-1024x682.jpeg 1024w, https:\/\/portal.pi.gov.br\/seres\/wp-content\/uploads\/sites\/87\/2025\/03\/WhatsApp-Image-2025-03-25-at-22.33.26-1-300x200.jpeg 300w, https:\/\/portal.pi.gov.br\/seres\/wp-content\/uploads\/sites\/87\/2025\/03\/WhatsApp-Image-2025-03-25-at-22.33.26-1-768x512.jpeg 768w, https:\/\/portal.pi.gov.br\/seres\/wp-content\/uploads\/sites\/87\/2025\/03\/WhatsApp-Image-2025-03-25-at-22.33.26-1-420x280.jpeg 420w, https:\/\/portal.pi.gov.br\/seres\/wp-content\/uploads\/sites\/87\/2025\/03\/WhatsApp-Image-2025-03-25-at-22.33.26-1-540x360.jpeg 540w, https:\/\/portal.pi.gov.br\/seres\/wp-content\/uploads\/sites\/87\/2025\/03\/WhatsApp-Image-2025-03-25-at-22.33.26-1-780x520.jpeg 780w, https:\/\/portal.pi.gov.br\/seres\/wp-content\/uploads\/sites\/87\/2025\/03\/WhatsApp-Image-2025-03-25-at-22.33.26-1-1536x1023.jpeg 1536w, https:\/\/portal.pi.gov.br\/seres\/wp-content\/uploads\/sites\/87\/2025\/03\/WhatsApp-Image-2025-03-25-at-22.33.26-1-947x631.jpeg 947w, https:\/\/portal.pi.gov.br\/seres\/wp-content\/uploads\/sites\/87\/2025\/03\/WhatsApp-Image-2025-03-25-at-22.33.26-1-624x416.jpeg 624w, https:\/\/portal.pi.gov.br\/seres\/wp-content\/uploads\/sites\/87\/2025\/03\/WhatsApp-Image-2025-03-25-at-22.33.26-1-84x56.jpeg 84w, https:\/\/portal.pi.gov.br\/seres\/wp-content\/uploads\/sites\/87\/2025\/03\/WhatsApp-Image-2025-03-25-at-22.33.26-1.jpeg 1600w\" sizes=\"(max-width: 581px) 100vw, 581px\" \/><\/figure><\/div>\n\n\n<p>A segunda fase do evento Pactos pelo Piau\u00ed ocorre entre os dias 24 e 26 de mar\u00e7o, no Centro de Conven\u00e7\u00f5es de Teresina, reunindo gestores municipais, representantes estaduais e federais para fortalecer pol\u00edticas p\u00fablicas essenciais ao desenvolvimento sustent\u00e1vel do Estado. O principal prop\u00f3sito desta etapa \u00e9 consolidar a parceria entre o Governo do Estado e os 224 munic\u00edpios piauienses, promovendo discuss\u00f5es e assinaturas de pactos em \u00e1reas estrat\u00e9gicas como sa\u00fade, educa\u00e7\u00e3o, seguran\u00e7a, tr\u00e2nsito, sustentabilidade, saneamento, defesa civil e gest\u00e3o tecnol\u00f3gica.<\/p>\n\n\n\n<p><\/p>\n\n\n<div class=\"wp-block-image\">\n<figure class=\"aligncenter size-large is-resized\"><img decoding=\"async\" loading=\"lazy\" src=\"https:\/\/portal.pi.gov.br\/seres\/wp-content\/uploads\/sites\/87\/2025\/03\/WhatsApp-Image-2025-03-25-at-22.36.21-1024x930.jpeg\" alt=\"\" class=\"wp-image-3215\" width=\"559\" height=\"507\" srcset=\"https:\/\/portal.pi.gov.br\/seres\/wp-content\/uploads\/sites\/87\/2025\/03\/WhatsApp-Image-2025-03-25-at-22.36.21-1024x930.jpeg 1024w, https:\/\/portal.pi.gov.br\/seres\/wp-content\/uploads\/sites\/87\/2025\/03\/WhatsApp-Image-2025-03-25-at-22.36.21-300x273.jpeg 300w, https:\/\/portal.pi.gov.br\/seres\/wp-content\/uploads\/sites\/87\/2025\/03\/WhatsApp-Image-2025-03-25-at-22.36.21-768x698.jpeg 768w, https:\/\/portal.pi.gov.br\/seres\/wp-content\/uploads\/sites\/87\/2025\/03\/WhatsApp-Image-2025-03-25-at-22.36.21-420x382.jpeg 420w, https:\/\/portal.pi.gov.br\/seres\/wp-content\/uploads\/sites\/87\/2025\/03\/WhatsApp-Image-2025-03-25-at-22.36.21-540x491.jpeg 540w, https:\/\/portal.pi.gov.br\/seres\/wp-content\/uploads\/sites\/87\/2025\/03\/WhatsApp-Image-2025-03-25-at-22.36.21-780x709.jpeg 780w, https:\/\/portal.pi.gov.br\/seres\/wp-content\/uploads\/sites\/87\/2025\/03\/WhatsApp-Image-2025-03-25-at-22.36.21-947x860.jpeg 947w, https:\/\/portal.pi.gov.br\/seres\/wp-content\/uploads\/sites\/87\/2025\/03\/WhatsApp-Image-2025-03-25-at-22.36.21-624x567.jpeg 624w, https:\/\/portal.pi.gov.br\/seres\/wp-content\/uploads\/sites\/87\/2025\/03\/WhatsApp-Image-2025-03-25-at-22.36.21.jpeg 1280w\" sizes=\"(max-width: 559px) 100vw, 559px\" \/><\/figure><\/div>\n\n\n<p>O SIAMOS representa um avan\u00e7o significativo na moderniza\u00e7\u00e3o da gest\u00e3o p\u00fablica no Piau\u00ed, promovendo maior efici\u00eancia, transpar\u00eancia e participa\u00e7\u00e3o da sociedade civil nos processos governamentais. A iniciativa refor\u00e7a o compromisso do governo estadual em fortalecer as rela\u00e7\u00f5es com os movimentos sociais e atender \u00e0s demandas da popula\u00e7\u00e3o de forma eficaz. <\/p>\n\n\n\n<p>As organiza\u00e7\u00f5es interessadas podem realizar o cadastro diretamente no sistema atrav\u00e9s do link:<\/p>\n\n\n\n<p><a href=\"https:\/\/siamos.etipi.pi.gov.br\/ \">https:\/\/siamos.etipi.pi.gov.br\/ <\/a> <\/p>\n\n\n\n<p><\/p>\n\n\n\n<p>Por: Natalina Alves<\/p>\n","protected":false},"excerpt":{"rendered":"<p>A Seres \u00e9 respons\u00e1vel por promover o di\u00e1logo entre o governo do Estado, os movimentos sociais e as organiza\u00e7\u00f5es da sociedade civil organizadas. O Sistema de Atendimento\u00a0aos Movimentos Sociais\u00a0(SIAMOS), foi [&hellip;]<\/p>\n","protected":false},"author":1748,"featured_media":3201,"comment_status":"closed","ping_status":"closed","sticky":false,"template":"","format":"standard","meta":[],"categories":[34],"tags":[],"featured_image_urls":{"full":["https:\/\/portal.pi.gov.br\/seres\/wp-content\/uploads\/sites\/87\/2025\/03\/n2-1.jpeg",1600,1200,false],"thumbnail":["https:\/\/portal.pi.gov.br\/seres\/wp-content\/uploads\/sites\/87\/2025\/03\/n2-1-150x150.jpeg",150,150,true],"medium":["https:\/\/portal.pi.gov.br\/seres\/wp-content\/uploads\/sites\/87\/2025\/03\/n2-1-300x225.jpeg",300,225,true],"medium_large":["https:\/\/portal.pi.gov.br\/seres\/wp-content\/uploads\/sites\/87\/2025\/03\/n2-1-768x576.jpeg",768,576,true],"large":["https:\/\/portal.pi.gov.br\/seres\/wp-content\/uploads\/sites\/87\/2025\/03\/n2-1-1024x768.jpeg",887,665,true],"sgg-420":["https:\/\/portal.pi.gov.br\/seres\/wp-content\/uploads\/sites\/87\/2025\/03\/n2-1-420x315.jpeg",420,315,true],"sgg-540":["https:\/\/portal.pi.gov.br\/seres\/wp-content\/uploads\/sites\/87\/2025\/03\/n2-1-540x405.jpeg",540,405,true],"sgg-780":["https:\/\/portal.pi.gov.br\/seres\/wp-content\/uploads\/sites\/87\/2025\/03\/n2-1-780x585.jpeg",780,585,true],"1536x1536":["https:\/\/portal.pi.gov.br\/seres\/wp-content\/uploads\/sites\/87\/2025\/03\/n2-1-1536x1152.jpeg",1536,1152,true],"2048x2048":["https:\/\/portal.pi.gov.br\/seres\/wp-content\/uploads\/sites\/87\/2025\/03\/n2-1.jpeg",1600,1200,false],"homepage-slider":["https:\/\/portal.pi.gov.br\/seres\/wp-content\/uploads\/sites\/87\/2025\/03\/n2-1-1270x500.jpeg",1270,500,true],"homepage-slider-small":["https:\/\/portal.pi.gov.br\/seres\/wp-content\/uploads\/sites\/87\/2025\/03\/n2-1-947x500.jpeg",947,500,true],"page-top":["https:\/\/portal.pi.gov.br\/seres\/wp-content\/uploads\/sites\/87\/2025\/03\/n2-1-947x710.jpeg",947,710,true],"page-small":["https:\/\/portal.pi.gov.br\/seres\/wp-content\/uploads\/sites\/87\/2025\/03\/n2-1-624x468.jpeg",624,468,true],"loop-main":["https:\/\/portal.pi.gov.br\/seres\/wp-content\/uploads\/sites\/87\/2025\/03\/n2-1-365x240.jpeg",365,240,true],"thumb-gallery-widget":["https:\/\/portal.pi.gov.br\/seres\/wp-content\/uploads\/sites\/87\/2025\/03\/n2-1-84x56.jpeg",84,56,true]},"post_excerpt_stackable":"<p>A Seres \u00e9 respons\u00e1vel por promover o di\u00e1logo entre o governo do Estado, os movimentos sociais e as organiza\u00e7\u00f5es da sociedade civil organizadas. O Sistema de Atendimento\u00a0aos Movimentos Sociais\u00a0(SIAMOS), foi desenvolvido pela Empresa de Tecnologia da Informa\u00e7\u00e3o do Piau\u00ed (ETIPI), em parceria com a SERES, com o objetivo de facilitar o acesso da sociedade civil organizada aos servi\u00e7os oferecidos pelo governo do Estado, permitindo que as demandas sejam registradas, acompanhadas de forma mais \u00e1gil e transparente. A plataforma possibilita que as organiza\u00e7\u00f5es da sociedade civil realizem o cadastro de suas entidades, submetam solicita\u00e7\u00f5es e acompanhem o andamento de seus processos&hellip;<\/p>\n","category_list":"<a href=\"https:\/\/portal.pi.gov.br\/seres\/category\/noticias\/\" rel=\"category tag\">Not\u00edcias<\/a>","author_info":{"name":"natalina","url":"https:\/\/portal.pi.gov.br\/seres\/author\/natalina\/"},"comments_num":"0 coment\u00e1rio","featured_image_urls_v2":{"full":["https:\/\/portal.pi.gov.br\/seres\/wp-content\/uploads\/sites\/87\/2025\/03\/n2-1.jpeg",1600,1200,false],"thumbnail":["https:\/\/portal.pi.gov.br\/seres\/wp-content\/uploads\/sites\/87\/2025\/03\/n2-1-150x150.jpeg",150,150,true],"medium":["https:\/\/portal.pi.gov.br\/seres\/wp-content\/uploads\/sites\/87\/2025\/03\/n2-1-300x225.jpeg",300,225,true],"medium_large":["https:\/\/portal.pi.gov.br\/seres\/wp-content\/uploads\/sites\/87\/2025\/03\/n2-1-768x576.jpeg",768,576,true],"large":["https:\/\/portal.pi.gov.br\/seres\/wp-content\/uploads\/sites\/87\/2025\/03\/n2-1-1024x768.jpeg",887,665,true],"sgg-420":["https:\/\/portal.pi.gov.br\/seres\/wp-content\/uploads\/sites\/87\/2025\/03\/n2-1-420x315.jpeg",420,315,true],"sgg-540":["https:\/\/portal.pi.gov.br\/seres\/wp-content\/uploads\/sites\/87\/2025\/03\/n2-1-540x405.jpeg",540,405,true],"sgg-780":["https:\/\/portal.pi.gov.br\/seres\/wp-content\/uploads\/sites\/87\/2025\/03\/n2-1-780x585.jpeg",780,585,true],"1536x1536":["https:\/\/portal.pi.gov.br\/seres\/wp-content\/uploads\/sites\/87\/2025\/03\/n2-1-1536x1152.jpeg",1536,1152,true],"2048x2048":["https:\/\/portal.pi.gov.br\/seres\/wp-content\/uploads\/sites\/87\/2025\/03\/n2-1.jpeg",1600,1200,false],"homepage-slider":["https:\/\/portal.pi.gov.br\/seres\/wp-content\/uploads\/sites\/87\/2025\/03\/n2-1-1270x500.jpeg",1270,500,true],"homepage-slider-small":["https:\/\/portal.pi.gov.br\/seres\/wp-content\/uploads\/sites\/87\/2025\/03\/n2-1-947x500.jpeg",947,500,true],"page-top":["https:\/\/portal.pi.gov.br\/seres\/wp-content\/uploads\/sites\/87\/2025\/03\/n2-1-947x710.jpeg",947,710,true],"page-small":["https:\/\/portal.pi.gov.br\/seres\/wp-content\/uploads\/sites\/87\/2025\/03\/n2-1-624x468.jpeg",624,468,true],"loop-main":["https:\/\/portal.pi.gov.br\/seres\/wp-content\/uploads\/sites\/87\/2025\/03\/n2-1-365x240.jpeg",365,240,true],"thumb-gallery-widget":["https:\/\/portal.pi.gov.br\/seres\/wp-content\/uploads\/sites\/87\/2025\/03\/n2-1-84x56.jpeg",84,56,true]},"post_excerpt_stackable_v2":"<p>A Seres \u00e9 respons\u00e1vel por promover o di\u00e1logo entre o governo do Estado, os movimentos sociais e as organiza\u00e7\u00f5es da sociedade civil organizadas. O Sistema de Atendimento\u00a0aos Movimentos Sociais\u00a0(SIAMOS), foi desenvolvido pela Empresa de Tecnologia da Informa\u00e7\u00e3o do Piau\u00ed (ETIPI), em parceria com a SERES, com o objetivo de facilitar o acesso da sociedade civil organizada aos servi\u00e7os oferecidos pelo governo do Estado, permitindo que as demandas sejam registradas, acompanhadas de forma mais \u00e1gil e transparente. A plataforma possibilita que as organiza\u00e7\u00f5es da sociedade civil realizem o cadastro de suas entidades, submetam solicita\u00e7\u00f5es e acompanhem o andamento de seus processos&hellip;<\/p>\n","category_list_v2":"<a href=\"https:\/\/portal.pi.gov.br\/seres\/category\/noticias\/\" rel=\"category tag\">Not\u00edcias<\/a>","author_info_v2":{"name":"natalina","url":"https:\/\/portal.pi.gov.br\/seres\/author\/natalina\/"},"comments_num_v2":"0 coment\u00e1rio","jetpack_featured_media_url":"https:\/\/portal.pi.gov.br\/seres\/wp-content\/uploads\/sites\/87\/2025\/03\/n2-1.jpeg","_links":{"self":[{"href":"https:\/\/portal.pi.gov.br\/seres\/wp-json\/wp\/v2\/posts\/3189"}],"collection":[{"href":"https:\/\/portal.pi.gov.br\/seres\/wp-json\/wp\/v2\/posts"}],"about":[{"href":"https:\/\/portal.pi.gov.br\/seres\/wp-json\/wp\/v2\/types\/post"}],"author":[{"embeddable":true,"href":"https:\/\/portal.pi.gov.br\/seres\/wp-json\/wp\/v2\/users\/1748"}],"replies":[{"embeddable":true,"href":"https:\/\/portal.pi.gov.br\/seres\/wp-json\/wp\/v2\/comments?post=3189"}],"version-history":[{"count":12,"href":"https:\/\/portal.pi.gov.br\/seres\/wp-json\/wp\/v2\/posts\/3189\/revisions"}],"predecessor-version":[{"id":3220,"href":"https:\/\/portal.pi.gov.br\/seres\/wp-json\/wp\/v2\/posts\/3189\/revisions\/3220"}],"wp:featuredmedia":[{"embeddable":true,"href":"https:\/\/portal.pi.gov.br\/seres\/wp-json\/wp\/v2\/media\/3201"}],"wp:attachment":[{"href":"https:\/\/portal.pi.gov.br\/seres\/wp-json\/wp\/v2\/media?parent=3189"}],"wp:term":[{"taxonomy":"category","embeddable":true,"href":"https:\/\/portal.pi.gov.br\/seres\/wp-json\/wp\/v2\/categories?post=3189"},{"taxonomy":"post_tag","embeddable":true,"href":"https:\/\/portal.pi.gov.br\/seres\/wp-json\/wp\/v2\/tags?post=3189"}],"curies":[{"name":"wp","href":"https:\/\/api.w.org\/{rel}","templated":true}]}}