{"id":3222,"date":"2025-03-28T11:23:52","date_gmt":"2025-03-28T14:23:52","guid":{"rendered":"https:\/\/portal.pi.gov.br\/seres\/?p=3222"},"modified":"2025-03-28T11:25:40","modified_gmt":"2025-03-28T14:25:40","slug":"rafael-fonteles-reune-centrais-sindicais-para-discutir-pautas-trabalhistas","status":"publish","type":"post","link":"https:\/\/portal.pi.gov.br\/seres\/2025\/03\/28\/rafael-fonteles-reune-centrais-sindicais-para-discutir-pautas-trabalhistas\/","title":{"rendered":"Rafael Fonteles re\u00fane Centrais Sindicais para discutir pautas trabalhistas"},"content":{"rendered":"\n<h2 class=\"wp-block-heading has-medium-font-size\" style=\"text-transform:uppercase\"><\/h2>\n\n\n\n<p>O governador Rafael Fonteles esteve reunido, nessa quinta-feira (27), com representantes da Central \u00danica dos Trabalhadores (CUT) e Central dos Trabalhadores e Trabalhadoras do Brasil-Piau\u00ed (CTB-PI), no Pal\u00e1cio de Karnak. O encontro, que contou com a presen\u00e7a da secret\u00e1ria das Rela\u00e7\u00f5es Sociais (Seres), N\u00fabia Lopes, teve o objetivo de fortalecer o di\u00e1logo entre o Governo do Estado e os trabalhadores, abordando pautas priorit\u00e1rias para as categorias.<\/p>\n\n\n\n<p>Fonteles destacou a import\u00e2ncia do encontro como parte de uma gest\u00e3o participativa. \u201cSeguimos com o di\u00e1logo aberto para ouvir as demandas dos trabalhadores e construir pol\u00edticas p\u00fablicas alinhadas \u00e0s necessidades do Estado\u201d, afirmou o governador. <\/p>\n\n\n<div class=\"wp-block-image\">\n<figure class=\"aligncenter size-large is-resized\"><img decoding=\"async\" loading=\"lazy\" src=\"https:\/\/portal.pi.gov.br\/seres\/wp-content\/uploads\/sites\/87\/2025\/03\/image-4-1024x682.png\" alt=\"\" class=\"wp-image-3225\" width=\"684\" height=\"455\" srcset=\"https:\/\/portal.pi.gov.br\/seres\/wp-content\/uploads\/sites\/87\/2025\/03\/image-4-1024x682.png 1024w, https:\/\/portal.pi.gov.br\/seres\/wp-content\/uploads\/sites\/87\/2025\/03\/image-4-300x200.png 300w, https:\/\/portal.pi.gov.br\/seres\/wp-content\/uploads\/sites\/87\/2025\/03\/image-4-768x512.png 768w, https:\/\/portal.pi.gov.br\/seres\/wp-content\/uploads\/sites\/87\/2025\/03\/image-4-420x280.png 420w, https:\/\/portal.pi.gov.br\/seres\/wp-content\/uploads\/sites\/87\/2025\/03\/image-4-540x360.png 540w, https:\/\/portal.pi.gov.br\/seres\/wp-content\/uploads\/sites\/87\/2025\/03\/image-4-780x520.png 780w, https:\/\/portal.pi.gov.br\/seres\/wp-content\/uploads\/sites\/87\/2025\/03\/image-4-947x631.png 947w, https:\/\/portal.pi.gov.br\/seres\/wp-content\/uploads\/sites\/87\/2025\/03\/image-4-624x416.png 624w, https:\/\/portal.pi.gov.br\/seres\/wp-content\/uploads\/sites\/87\/2025\/03\/image-4-84x56.png 84w, https:\/\/portal.pi.gov.br\/seres\/wp-content\/uploads\/sites\/87\/2025\/03\/image-4.png 1280w\" sizes=\"(max-width: 684px) 100vw, 684px\" \/><\/figure><\/div>\n\n\n<p><\/p>\n\n\n\n<p>Durante o encontro, a secret\u00e1ria N\u00fabia Lopes ressaltou o significado do di\u00e1logo com as centrais sindicais. \u201c\u00c9 um momento importante de reunir as centrais e ouvir as pautas da classe trabalhadora\u201d, disse.<\/p>\n\n\n\n<p>Os representantes das entidades sindicais tamb\u00e9m valorizaram o espa\u00e7o para discuss\u00e3o. Odaly Bezerra Medeiros, presidente da Central \u00danica dos Trabalhadores (CUT), ficou satisfeito com a reuni\u00e3o. \u201cAgradecemos \u00e0 secret\u00e1ria N\u00fabia por facilitar esse di\u00e1logo com o governador e abrir as portas para as centrais. \u00c9 preciso discutir as pautas dos trabalhadores e trabalhadoras\u201d, apontou.<\/p>\n\n\n\n<p>J\u00e1 Raimunda dos Santos e Sousa, presidente da For\u00e7a Sindical, enfatizou: \u201cera uma reuni\u00e3o muito esperada, mas que tamb\u00e9m foi muito produtiva. O mais importante \u00e9 que o governador ficou sens\u00edvel \u00e0s nossas quest\u00f5es\u201d, acrescentou.<\/p>\n\n\n\n<p>Al\u00e9m de Odaly e Raimunda, participaram Paulo de Oliveira Bezerra, secret\u00e1rio de Assuntos Jur\u00eddicos da CUT; Ant\u00f4nio Herbert Marinho, secret\u00e1rio de Comunica\u00e7\u00e3o da CUT; Jos\u00e9 Edilson Carvalho Rocha, presidente da Central de Trabalhadores e Trabalhadoras do Brasil (CTB-PI; Elton Arruda, representante da CTB-PI; Sebasti\u00e3o Rodrigues, tamb\u00e9m da CTB-PI; Ant\u00f4nio Costa Castelo Branco, secret\u00e1rio-geral da For\u00e7a Sindical; e Fabr\u00edcio Dourado Gon\u00e7alves, representante da mesma entidade.<a href=\"https:\/\/www.pi.gov.br\/rafael-fonteles-reune-centrais-sindicais-para-discutir-pautas-trabalhistas\/#\"><\/a><\/p>\n\n\n\n<p> <\/p>\n\n\n<div class=\"wp-block-image\">\n<figure class=\"aligncenter size-large is-resized\"><img decoding=\"async\" loading=\"lazy\" src=\"https:\/\/portal.pi.gov.br\/seres\/wp-content\/uploads\/sites\/87\/2025\/03\/image-5-1024x682.png\" alt=\"\" class=\"wp-image-3226\" width=\"714\" height=\"475\" srcset=\"https:\/\/portal.pi.gov.br\/seres\/wp-content\/uploads\/sites\/87\/2025\/03\/image-5-1024x682.png 1024w, https:\/\/portal.pi.gov.br\/seres\/wp-content\/uploads\/sites\/87\/2025\/03\/image-5-300x200.png 300w, https:\/\/portal.pi.gov.br\/seres\/wp-content\/uploads\/sites\/87\/2025\/03\/image-5-768x512.png 768w, https:\/\/portal.pi.gov.br\/seres\/wp-content\/uploads\/sites\/87\/2025\/03\/image-5-420x280.png 420w, https:\/\/portal.pi.gov.br\/seres\/wp-content\/uploads\/sites\/87\/2025\/03\/image-5-540x360.png 540w, https:\/\/portal.pi.gov.br\/seres\/wp-content\/uploads\/sites\/87\/2025\/03\/image-5-780x520.png 780w, https:\/\/portal.pi.gov.br\/seres\/wp-content\/uploads\/sites\/87\/2025\/03\/image-5-947x631.png 947w, https:\/\/portal.pi.gov.br\/seres\/wp-content\/uploads\/sites\/87\/2025\/03\/image-5-624x416.png 624w, https:\/\/portal.pi.gov.br\/seres\/wp-content\/uploads\/sites\/87\/2025\/03\/image-5-84x56.png 84w, https:\/\/portal.pi.gov.br\/seres\/wp-content\/uploads\/sites\/87\/2025\/03\/image-5.png 1280w\" sizes=\"(max-width: 714px) 100vw, 714px\" \/><\/figure><\/div>\n\n\n<p><a href=\"https:\/\/www.pi.gov.br\/rafael-fonteles-reune-centrais-sindicais-para-discutir-pautas-trabalhistas\/#\"><\/a><\/p>\n","protected":false},"excerpt":{"rendered":"<p>O governador Rafael Fonteles esteve reunido, nessa quinta-feira (27), com representantes da Central \u00danica dos Trabalhadores (CUT) e Central dos Trabalhadores e Trabalhadoras do Brasil-Piau\u00ed (CTB-PI), no Pal\u00e1cio de Karnak. [&hellip;]<\/p>\n","protected":false},"author":1748,"featured_media":3226,"comment_status":"closed","ping_status":"closed","sticky":false,"template":"","format":"standard","meta":[],"categories":[34],"tags":[],"featured_image_urls":{"full":["https:\/\/portal.pi.gov.br\/seres\/wp-content\/uploads\/sites\/87\/2025\/03\/image-5.png",1280,853,false],"thumbnail":["https:\/\/portal.pi.gov.br\/seres\/wp-content\/uploads\/sites\/87\/2025\/03\/image-5-150x150.png",150,150,true],"medium":["https:\/\/portal.pi.gov.br\/seres\/wp-content\/uploads\/sites\/87\/2025\/03\/image-5-300x200.png",300,200,true],"medium_large":["https:\/\/portal.pi.gov.br\/seres\/wp-content\/uploads\/sites\/87\/2025\/03\/image-5-768x512.png",768,512,true],"large":["https:\/\/portal.pi.gov.br\/seres\/wp-content\/uploads\/sites\/87\/2025\/03\/image-5-1024x682.png",887,591,true],"sgg-420":["https:\/\/portal.pi.gov.br\/seres\/wp-content\/uploads\/sites\/87\/2025\/03\/image-5-420x280.png",420,280,true],"sgg-540":["https:\/\/portal.pi.gov.br\/seres\/wp-content\/uploads\/sites\/87\/2025\/03\/image-5-540x360.png",540,360,true],"sgg-780":["https:\/\/portal.pi.gov.br\/seres\/wp-content\/uploads\/sites\/87\/2025\/03\/image-5-780x520.png",780,520,true],"1536x1536":["https:\/\/portal.pi.gov.br\/seres\/wp-content\/uploads\/sites\/87\/2025\/03\/image-5.png",1280,853,false],"2048x2048":["https:\/\/portal.pi.gov.br\/seres\/wp-content\/uploads\/sites\/87\/2025\/03\/image-5.png",1280,853,false],"homepage-slider":["https:\/\/portal.pi.gov.br\/seres\/wp-content\/uploads\/sites\/87\/2025\/03\/image-5-1270x500.png",1270,500,true],"homepage-slider-small":["https:\/\/portal.pi.gov.br\/seres\/wp-content\/uploads\/sites\/87\/2025\/03\/image-5-947x500.png",947,500,true],"page-top":["https:\/\/portal.pi.gov.br\/seres\/wp-content\/uploads\/sites\/87\/2025\/03\/image-5-947x631.png",947,631,true],"page-small":["https:\/\/portal.pi.gov.br\/seres\/wp-content\/uploads\/sites\/87\/2025\/03\/image-5-624x416.png",624,416,true],"loop-main":["https:\/\/portal.pi.gov.br\/seres\/wp-content\/uploads\/sites\/87\/2025\/03\/image-5-365x240.png",365,240,true],"thumb-gallery-widget":["https:\/\/portal.pi.gov.br\/seres\/wp-content\/uploads\/sites\/87\/2025\/03\/image-5-84x56.png",84,56,true]},"post_excerpt_stackable":"<p>O governador Rafael Fonteles esteve reunido, nessa quinta-feira (27), com representantes da Central \u00danica dos Trabalhadores (CUT) e Central dos Trabalhadores e Trabalhadoras do Brasil-Piau\u00ed (CTB-PI), no Pal\u00e1cio de Karnak. O encontro, que contou com a presen\u00e7a da secret\u00e1ria das Rela\u00e7\u00f5es Sociais (Seres), N\u00fabia Lopes, teve o objetivo de fortalecer o di\u00e1logo entre o Governo do Estado e os trabalhadores, abordando pautas priorit\u00e1rias para as categorias. Fonteles destacou a import\u00e2ncia do encontro como parte de uma gest\u00e3o participativa. \u201cSeguimos com o di\u00e1logo aberto para ouvir as demandas dos trabalhadores e construir pol\u00edticas p\u00fablicas alinhadas \u00e0s necessidades do Estado\u201d, afirmou o&hellip;<\/p>\n","category_list":"<a href=\"https:\/\/portal.pi.gov.br\/seres\/category\/noticias\/\" rel=\"category tag\">Not\u00edcias<\/a>","author_info":{"name":"natalina","url":"https:\/\/portal.pi.gov.br\/seres\/author\/natalina\/"},"comments_num":"0 coment\u00e1rio","featured_image_urls_v2":{"full":["https:\/\/portal.pi.gov.br\/seres\/wp-content\/uploads\/sites\/87\/2025\/03\/image-5.png",1280,853,false],"thumbnail":["https:\/\/portal.pi.gov.br\/seres\/wp-content\/uploads\/sites\/87\/2025\/03\/image-5-150x150.png",150,150,true],"medium":["https:\/\/portal.pi.gov.br\/seres\/wp-content\/uploads\/sites\/87\/2025\/03\/image-5-300x200.png",300,200,true],"medium_large":["https:\/\/portal.pi.gov.br\/seres\/wp-content\/uploads\/sites\/87\/2025\/03\/image-5-768x512.png",768,512,true],"large":["https:\/\/portal.pi.gov.br\/seres\/wp-content\/uploads\/sites\/87\/2025\/03\/image-5-1024x682.png",887,591,true],"sgg-420":["https:\/\/portal.pi.gov.br\/seres\/wp-content\/uploads\/sites\/87\/2025\/03\/image-5-420x280.png",420,280,true],"sgg-540":["https:\/\/portal.pi.gov.br\/seres\/wp-content\/uploads\/sites\/87\/2025\/03\/image-5-540x360.png",540,360,true],"sgg-780":["https:\/\/portal.pi.gov.br\/seres\/wp-content\/uploads\/sites\/87\/2025\/03\/image-5-780x520.png",780,520,true],"1536x1536":["https:\/\/portal.pi.gov.br\/seres\/wp-content\/uploads\/sites\/87\/2025\/03\/image-5.png",1280,853,false],"2048x2048":["https:\/\/portal.pi.gov.br\/seres\/wp-content\/uploads\/sites\/87\/2025\/03\/image-5.png",1280,853,false],"homepage-slider":["https:\/\/portal.pi.gov.br\/seres\/wp-content\/uploads\/sites\/87\/2025\/03\/image-5-1270x500.png",1270,500,true],"homepage-slider-small":["https:\/\/portal.pi.gov.br\/seres\/wp-content\/uploads\/sites\/87\/2025\/03\/image-5-947x500.png",947,500,true],"page-top":["https:\/\/portal.pi.gov.br\/seres\/wp-content\/uploads\/sites\/87\/2025\/03\/image-5-947x631.png",947,631,true],"page-small":["https:\/\/portal.pi.gov.br\/seres\/wp-content\/uploads\/sites\/87\/2025\/03\/image-5-624x416.png",624,416,true],"loop-main":["https:\/\/portal.pi.gov.br\/seres\/wp-content\/uploads\/sites\/87\/2025\/03\/image-5-365x240.png",365,240,true],"thumb-gallery-widget":["https:\/\/portal.pi.gov.br\/seres\/wp-content\/uploads\/sites\/87\/2025\/03\/image-5-84x56.png",84,56,true]},"post_excerpt_stackable_v2":"<p>O governador Rafael Fonteles esteve reunido, nessa quinta-feira (27), com representantes da Central \u00danica dos Trabalhadores (CUT) e Central dos Trabalhadores e Trabalhadoras do Brasil-Piau\u00ed (CTB-PI), no Pal\u00e1cio de Karnak. O encontro, que contou com a presen\u00e7a da secret\u00e1ria das Rela\u00e7\u00f5es Sociais (Seres), N\u00fabia Lopes, teve o objetivo de fortalecer o di\u00e1logo entre o Governo do Estado e os trabalhadores, abordando pautas priorit\u00e1rias para as categorias. Fonteles destacou a import\u00e2ncia do encontro como parte de uma gest\u00e3o participativa. \u201cSeguimos com o di\u00e1logo aberto para ouvir as demandas dos trabalhadores e construir pol\u00edticas p\u00fablicas alinhadas \u00e0s necessidades do Estado\u201d, afirmou o&hellip;<\/p>\n","category_list_v2":"<a href=\"https:\/\/portal.pi.gov.br\/seres\/category\/noticias\/\" rel=\"category tag\">Not\u00edcias<\/a>","author_info_v2":{"name":"natalina","url":"https:\/\/portal.pi.gov.br\/seres\/author\/natalina\/"},"comments_num_v2":"0 coment\u00e1rio","jetpack_featured_media_url":"https:\/\/portal.pi.gov.br\/seres\/wp-content\/uploads\/sites\/87\/2025\/03\/image-5.png","_links":{"self":[{"href":"https:\/\/portal.pi.gov.br\/seres\/wp-json\/wp\/v2\/posts\/3222"}],"collection":[{"href":"https:\/\/portal.pi.gov.br\/seres\/wp-json\/wp\/v2\/posts"}],"about":[{"href":"https:\/\/portal.pi.gov.br\/seres\/wp-json\/wp\/v2\/types\/post"}],"author":[{"embeddable":true,"href":"https:\/\/portal.pi.gov.br\/seres\/wp-json\/wp\/v2\/users\/1748"}],"replies":[{"embeddable":true,"href":"https:\/\/portal.pi.gov.br\/seres\/wp-json\/wp\/v2\/comments?post=3222"}],"version-history":[{"count":2,"href":"https:\/\/portal.pi.gov.br\/seres\/wp-json\/wp\/v2\/posts\/3222\/revisions"}],"predecessor-version":[{"id":3230,"href":"https:\/\/portal.pi.gov.br\/seres\/wp-json\/wp\/v2\/posts\/3222\/revisions\/3230"}],"wp:featuredmedia":[{"embeddable":true,"href":"https:\/\/portal.pi.gov.br\/seres\/wp-json\/wp\/v2\/media\/3226"}],"wp:attachment":[{"href":"https:\/\/portal.pi.gov.br\/seres\/wp-json\/wp\/v2\/media?parent=3222"}],"wp:term":[{"taxonomy":"category","embeddable":true,"href":"https:\/\/portal.pi.gov.br\/seres\/wp-json\/wp\/v2\/categories?post=3222"},{"taxonomy":"post_tag","embeddable":true,"href":"https:\/\/portal.pi.gov.br\/seres\/wp-json\/wp\/v2\/tags?post=3222"}],"curies":[{"name":"wp","href":"https:\/\/api.w.org\/{rel}","templated":true}]}}