{"id":3237,"date":"2025-04-08T14:56:03","date_gmt":"2025-04-08T17:56:03","guid":{"rendered":"https:\/\/portal.pi.gov.br\/seres\/?p=3237"},"modified":"2025-04-08T14:56:46","modified_gmt":"2025-04-08T17:56:46","slug":"seres-e-sead-lancam-programa-lideranca-em-destaque","status":"publish","type":"post","link":"https:\/\/portal.pi.gov.br\/seres\/2025\/04\/08\/seres-e-sead-lancam-programa-lideranca-em-destaque\/","title":{"rendered":"Seres e Sead lan\u00e7am programa Lideran\u00e7a em Destaque"},"content":{"rendered":"\n<p><\/p>\n\n\n\n<p>O lan\u00e7amento acontece nesta quarta-feira (9), no audit\u00f3rio da Sead.<\/p>\n\n\n\n<p><\/p>\n\n\n\n<p>O Lideran\u00e7a em Destaque \u00e9 um programa proposto pela Secretaria de Rela\u00e7\u00f5es Sociais (Seres), em parceria com a Secretaria de Estado da Administra\u00e7\u00e3o (Sead) e a Escola de Governo, que visa oferecer forma\u00e7\u00e3o \u00e0s lideran\u00e7as das organiza\u00e7\u00f5es da sociedade civil para ampliar a participa\u00e7\u00e3o na constru\u00e7\u00e3o das pol\u00edticas p\u00fablicas e fortalecer o di\u00e1logo institucional entre Governo e sociedade nos 12 territ\u00f3rios de desenvolvimento do Piau\u00ed.<\/p>\n\n\n\n<p>O lan\u00e7amento acontecer\u00e1 nesta quarta-feira (9), \u00e0s 9h, no audit\u00f3rio da Sead, com as presen\u00e7as dos secret\u00e1rios N\u00fabia Lopes (Seres) e Samuel Pontes (Sead).<\/p>\n\n\n\n<p>\u201cAcreditamos que a forma\u00e7\u00e3o de lideran\u00e7as \u00e9 essencial para o sucesso de qualquer institui\u00e7\u00e3o, e \u00e9 por isso que investimos nesse programa, que ajudar\u00e1 a desenvolver habilidades e compet\u00eancias em nossos l\u00edderes\u201d, destaca a secret\u00e1ria N\u00fabia Lopes.<\/p>\n\n\n\n<figure class=\"wp-block-image size-large\"><img decoding=\"async\" loading=\"lazy\" width=\"818\" height=\"1024\" src=\"https:\/\/portal.pi.gov.br\/seres\/wp-content\/uploads\/sites\/87\/2025\/04\/45e2898c-1b67-41cd-870e-c787e432f233-818x1024.jpeg\" alt=\"\" class=\"wp-image-3238\" srcset=\"https:\/\/portal.pi.gov.br\/seres\/wp-content\/uploads\/sites\/87\/2025\/04\/45e2898c-1b67-41cd-870e-c787e432f233-818x1024.jpeg 818w, https:\/\/portal.pi.gov.br\/seres\/wp-content\/uploads\/sites\/87\/2025\/04\/45e2898c-1b67-41cd-870e-c787e432f233-240x300.jpeg 240w, https:\/\/portal.pi.gov.br\/seres\/wp-content\/uploads\/sites\/87\/2025\/04\/45e2898c-1b67-41cd-870e-c787e432f233-768x961.jpeg 768w, https:\/\/portal.pi.gov.br\/seres\/wp-content\/uploads\/sites\/87\/2025\/04\/45e2898c-1b67-41cd-870e-c787e432f233-336x420.jpeg 336w, https:\/\/portal.pi.gov.br\/seres\/wp-content\/uploads\/sites\/87\/2025\/04\/45e2898c-1b67-41cd-870e-c787e432f233-432x540.jpeg 432w, https:\/\/portal.pi.gov.br\/seres\/wp-content\/uploads\/sites\/87\/2025\/04\/45e2898c-1b67-41cd-870e-c787e432f233-623x780.jpeg 623w, https:\/\/portal.pi.gov.br\/seres\/wp-content\/uploads\/sites\/87\/2025\/04\/45e2898c-1b67-41cd-870e-c787e432f233-947x1185.jpeg 947w, https:\/\/portal.pi.gov.br\/seres\/wp-content\/uploads\/sites\/87\/2025\/04\/45e2898c-1b67-41cd-870e-c787e432f233-624x781.jpeg 624w, https:\/\/portal.pi.gov.br\/seres\/wp-content\/uploads\/sites\/87\/2025\/04\/45e2898c-1b67-41cd-870e-c787e432f233.jpeg 1023w\" sizes=\"(max-width: 818px) 100vw, 818px\" \/><\/figure>\n\n\n\n<p><\/p>\n\n\n\n<p><\/p>\n\n\n\n<p><\/p>\n\n\n\n<p>O programa ofertar\u00e1 uma grade de nove cursos, desde \u201cElabora\u00e7\u00e3o de Projetos de Impacto Social\u201d a \u201cOrat\u00f3ria para Lideran\u00e7as\u201d, voltados para capacitar l\u00edderes de organiza\u00e7\u00f5es da sociedade civil para atuarem de forma estrat\u00e9gica, \u00e9tica e eficaz na gest\u00e3o de suas institui\u00e7\u00f5es, promovendo a\u00e7\u00f5es coletivas e sustent\u00e1veis. Al\u00e9m de fortalecer a participa\u00e7\u00e3o popular e o controle social das pol\u00edticas p\u00fablicas em todas as \u00e1reas, por meio do desenvolvimento de compet\u00eancias em advocacy, incid\u00eancia pol\u00edtica, mobiliza\u00e7\u00e3o comunit\u00e1ria e articula\u00e7\u00e3o em redes, ampliando o impacto social das organiza\u00e7\u00f5es e o protagonismo da sociedade civil na constru\u00e7\u00e3o de uma democracia mais participativa e inclusiva.<\/p>\n","protected":false},"excerpt":{"rendered":"<p>O lan\u00e7amento acontece nesta quarta-feira (9), no audit\u00f3rio da Sead. O Lideran\u00e7a em Destaque \u00e9 um programa proposto pela Secretaria de Rela\u00e7\u00f5es Sociais (Seres), em parceria com a Secretaria de [&hellip;]<\/p>\n","protected":false},"author":1821,"featured_media":3239,"comment_status":"closed","ping_status":"closed","sticky":true,"template":"","format":"standard","meta":[],"categories":[34],"tags":[47],"featured_image_urls":{"full":["https:\/\/portal.pi.gov.br\/seres\/wp-content\/uploads\/sites\/87\/2025\/04\/9e2c2030-e813-47f4-bfd9-163f9abdbad8.jpeg",1279,578,false],"thumbnail":["https:\/\/portal.pi.gov.br\/seres\/wp-content\/uploads\/sites\/87\/2025\/04\/9e2c2030-e813-47f4-bfd9-163f9abdbad8-150x150.jpeg",150,150,true],"medium":["https:\/\/portal.pi.gov.br\/seres\/wp-content\/uploads\/sites\/87\/2025\/04\/9e2c2030-e813-47f4-bfd9-163f9abdbad8-300x136.jpeg",300,136,true],"medium_large":["https:\/\/portal.pi.gov.br\/seres\/wp-content\/uploads\/sites\/87\/2025\/04\/9e2c2030-e813-47f4-bfd9-163f9abdbad8-768x347.jpeg",768,347,true],"large":["https:\/\/portal.pi.gov.br\/seres\/wp-content\/uploads\/sites\/87\/2025\/04\/9e2c2030-e813-47f4-bfd9-163f9abdbad8-1024x463.jpeg",887,401,true],"sgg-420":["https:\/\/portal.pi.gov.br\/seres\/wp-content\/uploads\/sites\/87\/2025\/04\/9e2c2030-e813-47f4-bfd9-163f9abdbad8-420x190.jpeg",420,190,true],"sgg-540":["https:\/\/portal.pi.gov.br\/seres\/wp-content\/uploads\/sites\/87\/2025\/04\/9e2c2030-e813-47f4-bfd9-163f9abdbad8-540x244.jpeg",540,244,true],"sgg-780":["https:\/\/portal.pi.gov.br\/seres\/wp-content\/uploads\/sites\/87\/2025\/04\/9e2c2030-e813-47f4-bfd9-163f9abdbad8-780x352.jpeg",780,352,true],"1536x1536":["https:\/\/portal.pi.gov.br\/seres\/wp-content\/uploads\/sites\/87\/2025\/04\/9e2c2030-e813-47f4-bfd9-163f9abdbad8.jpeg",1279,578,false],"2048x2048":["https:\/\/portal.pi.gov.br\/seres\/wp-content\/uploads\/sites\/87\/2025\/04\/9e2c2030-e813-47f4-bfd9-163f9abdbad8.jpeg",1279,578,false],"homepage-slider":["https:\/\/portal.pi.gov.br\/seres\/wp-content\/uploads\/sites\/87\/2025\/04\/9e2c2030-e813-47f4-bfd9-163f9abdbad8-1270x500.jpeg",1270,500,true],"homepage-slider-small":["https:\/\/portal.pi.gov.br\/seres\/wp-content\/uploads\/sites\/87\/2025\/04\/9e2c2030-e813-47f4-bfd9-163f9abdbad8-947x500.jpeg",947,500,true],"page-top":["https:\/\/portal.pi.gov.br\/seres\/wp-content\/uploads\/sites\/87\/2025\/04\/9e2c2030-e813-47f4-bfd9-163f9abdbad8-947x428.jpeg",947,428,true],"page-small":["https:\/\/portal.pi.gov.br\/seres\/wp-content\/uploads\/sites\/87\/2025\/04\/9e2c2030-e813-47f4-bfd9-163f9abdbad8-624x282.jpeg",624,282,true],"loop-main":["https:\/\/portal.pi.gov.br\/seres\/wp-content\/uploads\/sites\/87\/2025\/04\/9e2c2030-e813-47f4-bfd9-163f9abdbad8-365x240.jpeg",365,240,true],"thumb-gallery-widget":["https:\/\/portal.pi.gov.br\/seres\/wp-content\/uploads\/sites\/87\/2025\/04\/9e2c2030-e813-47f4-bfd9-163f9abdbad8-84x56.jpeg",84,56,true]},"post_excerpt_stackable":"<p>O lan\u00e7amento acontece nesta quarta-feira (9), no audit\u00f3rio da Sead. O Lideran\u00e7a em Destaque \u00e9 um programa proposto pela Secretaria de Rela\u00e7\u00f5es Sociais (Seres), em parceria com a Secretaria de Estado da Administra\u00e7\u00e3o (Sead) e a Escola de Governo, que visa oferecer forma\u00e7\u00e3o \u00e0s lideran\u00e7as das organiza\u00e7\u00f5es da sociedade civil para ampliar a participa\u00e7\u00e3o na constru\u00e7\u00e3o das pol\u00edticas p\u00fablicas e fortalecer o di\u00e1logo institucional entre Governo e sociedade nos 12 territ\u00f3rios de desenvolvimento do Piau\u00ed. O lan\u00e7amento acontecer\u00e1 nesta quarta-feira (9), \u00e0s 9h, no audit\u00f3rio da Sead, com as presen\u00e7as dos secret\u00e1rios N\u00fabia Lopes (Seres) e Samuel Pontes (Sead). \u201cAcreditamos&hellip;<\/p>\n","category_list":"<a href=\"https:\/\/portal.pi.gov.br\/seres\/category\/noticias\/\" rel=\"category tag\">Not\u00edcias<\/a>","author_info":{"name":"alineraquel","url":"https:\/\/portal.pi.gov.br\/seres\/author\/alineraquel\/"},"comments_num":"0 coment\u00e1rio","featured_image_urls_v2":{"full":["https:\/\/portal.pi.gov.br\/seres\/wp-content\/uploads\/sites\/87\/2025\/04\/9e2c2030-e813-47f4-bfd9-163f9abdbad8.jpeg",1279,578,false],"thumbnail":["https:\/\/portal.pi.gov.br\/seres\/wp-content\/uploads\/sites\/87\/2025\/04\/9e2c2030-e813-47f4-bfd9-163f9abdbad8-150x150.jpeg",150,150,true],"medium":["https:\/\/portal.pi.gov.br\/seres\/wp-content\/uploads\/sites\/87\/2025\/04\/9e2c2030-e813-47f4-bfd9-163f9abdbad8-300x136.jpeg",300,136,true],"medium_large":["https:\/\/portal.pi.gov.br\/seres\/wp-content\/uploads\/sites\/87\/2025\/04\/9e2c2030-e813-47f4-bfd9-163f9abdbad8-768x347.jpeg",768,347,true],"large":["https:\/\/portal.pi.gov.br\/seres\/wp-content\/uploads\/sites\/87\/2025\/04\/9e2c2030-e813-47f4-bfd9-163f9abdbad8-1024x463.jpeg",887,401,true],"sgg-420":["https:\/\/portal.pi.gov.br\/seres\/wp-content\/uploads\/sites\/87\/2025\/04\/9e2c2030-e813-47f4-bfd9-163f9abdbad8-420x190.jpeg",420,190,true],"sgg-540":["https:\/\/portal.pi.gov.br\/seres\/wp-content\/uploads\/sites\/87\/2025\/04\/9e2c2030-e813-47f4-bfd9-163f9abdbad8-540x244.jpeg",540,244,true],"sgg-780":["https:\/\/portal.pi.gov.br\/seres\/wp-content\/uploads\/sites\/87\/2025\/04\/9e2c2030-e813-47f4-bfd9-163f9abdbad8-780x352.jpeg",780,352,true],"1536x1536":["https:\/\/portal.pi.gov.br\/seres\/wp-content\/uploads\/sites\/87\/2025\/04\/9e2c2030-e813-47f4-bfd9-163f9abdbad8.jpeg",1279,578,false],"2048x2048":["https:\/\/portal.pi.gov.br\/seres\/wp-content\/uploads\/sites\/87\/2025\/04\/9e2c2030-e813-47f4-bfd9-163f9abdbad8.jpeg",1279,578,false],"homepage-slider":["https:\/\/portal.pi.gov.br\/seres\/wp-content\/uploads\/sites\/87\/2025\/04\/9e2c2030-e813-47f4-bfd9-163f9abdbad8-1270x500.jpeg",1270,500,true],"homepage-slider-small":["https:\/\/portal.pi.gov.br\/seres\/wp-content\/uploads\/sites\/87\/2025\/04\/9e2c2030-e813-47f4-bfd9-163f9abdbad8-947x500.jpeg",947,500,true],"page-top":["https:\/\/portal.pi.gov.br\/seres\/wp-content\/uploads\/sites\/87\/2025\/04\/9e2c2030-e813-47f4-bfd9-163f9abdbad8-947x428.jpeg",947,428,true],"page-small":["https:\/\/portal.pi.gov.br\/seres\/wp-content\/uploads\/sites\/87\/2025\/04\/9e2c2030-e813-47f4-bfd9-163f9abdbad8-624x282.jpeg",624,282,true],"loop-main":["https:\/\/portal.pi.gov.br\/seres\/wp-content\/uploads\/sites\/87\/2025\/04\/9e2c2030-e813-47f4-bfd9-163f9abdbad8-365x240.jpeg",365,240,true],"thumb-gallery-widget":["https:\/\/portal.pi.gov.br\/seres\/wp-content\/uploads\/sites\/87\/2025\/04\/9e2c2030-e813-47f4-bfd9-163f9abdbad8-84x56.jpeg",84,56,true]},"post_excerpt_stackable_v2":"<p>O lan\u00e7amento acontece nesta quarta-feira (9), no audit\u00f3rio da Sead. O Lideran\u00e7a em Destaque \u00e9 um programa proposto pela Secretaria de Rela\u00e7\u00f5es Sociais (Seres), em parceria com a Secretaria de Estado da Administra\u00e7\u00e3o (Sead) e a Escola de Governo, que visa oferecer forma\u00e7\u00e3o \u00e0s lideran\u00e7as das organiza\u00e7\u00f5es da sociedade civil para ampliar a participa\u00e7\u00e3o na constru\u00e7\u00e3o das pol\u00edticas p\u00fablicas e fortalecer o di\u00e1logo institucional entre Governo e sociedade nos 12 territ\u00f3rios de desenvolvimento do Piau\u00ed. O lan\u00e7amento acontecer\u00e1 nesta quarta-feira (9), \u00e0s 9h, no audit\u00f3rio da Sead, com as presen\u00e7as dos secret\u00e1rios N\u00fabia Lopes (Seres) e Samuel Pontes (Sead). \u201cAcreditamos&hellip;<\/p>\n","category_list_v2":"<a href=\"https:\/\/portal.pi.gov.br\/seres\/category\/noticias\/\" rel=\"category tag\">Not\u00edcias<\/a>","author_info_v2":{"name":"alineraquel","url":"https:\/\/portal.pi.gov.br\/seres\/author\/alineraquel\/"},"comments_num_v2":"0 coment\u00e1rio","jetpack_featured_media_url":"https:\/\/portal.pi.gov.br\/seres\/wp-content\/uploads\/sites\/87\/2025\/04\/9e2c2030-e813-47f4-bfd9-163f9abdbad8.jpeg","_links":{"self":[{"href":"https:\/\/portal.pi.gov.br\/seres\/wp-json\/wp\/v2\/posts\/3237"}],"collection":[{"href":"https:\/\/portal.pi.gov.br\/seres\/wp-json\/wp\/v2\/posts"}],"about":[{"href":"https:\/\/portal.pi.gov.br\/seres\/wp-json\/wp\/v2\/types\/post"}],"author":[{"embeddable":true,"href":"https:\/\/portal.pi.gov.br\/seres\/wp-json\/wp\/v2\/users\/1821"}],"replies":[{"embeddable":true,"href":"https:\/\/portal.pi.gov.br\/seres\/wp-json\/wp\/v2\/comments?post=3237"}],"version-history":[{"count":2,"href":"https:\/\/portal.pi.gov.br\/seres\/wp-json\/wp\/v2\/posts\/3237\/revisions"}],"predecessor-version":[{"id":3241,"href":"https:\/\/portal.pi.gov.br\/seres\/wp-json\/wp\/v2\/posts\/3237\/revisions\/3241"}],"wp:featuredmedia":[{"embeddable":true,"href":"https:\/\/portal.pi.gov.br\/seres\/wp-json\/wp\/v2\/media\/3239"}],"wp:attachment":[{"href":"https:\/\/portal.pi.gov.br\/seres\/wp-json\/wp\/v2\/media?parent=3237"}],"wp:term":[{"taxonomy":"category","embeddable":true,"href":"https:\/\/portal.pi.gov.br\/seres\/wp-json\/wp\/v2\/categories?post=3237"},{"taxonomy":"post_tag","embeddable":true,"href":"https:\/\/portal.pi.gov.br\/seres\/wp-json\/wp\/v2\/tags?post=3237"}],"curies":[{"name":"wp","href":"https:\/\/api.w.org\/{rel}","templated":true}]}}