{"id":3242,"date":"2025-04-09T18:29:26","date_gmt":"2025-04-09T21:29:26","guid":{"rendered":"https:\/\/portal.pi.gov.br\/seres\/?p=3242"},"modified":"2025-04-10T12:51:16","modified_gmt":"2025-04-10T15:51:16","slug":"programa-lideranca-em-destaque-e-lancado-nesta-quarta-9","status":"publish","type":"post","link":"https:\/\/portal.pi.gov.br\/seres\/2025\/04\/09\/programa-lideranca-em-destaque-e-lancado-nesta-quarta-9\/","title":{"rendered":"Programa Lideran\u00e7a em Destaque \u00e9 lan\u00e7ado nesta quarta (9)"},"content":{"rendered":"\n<p>O programa ofertar\u00e1 uma grade de nove cursos para as lideran\u00e7as comunit\u00e1rias.<\/p>\n\n\n\n<figure class=\"wp-block-image size-large\"><img decoding=\"async\" loading=\"lazy\" width=\"1024\" height=\"768\" src=\"https:\/\/portal.pi.gov.br\/seres\/wp-content\/uploads\/sites\/87\/2025\/04\/0184f65d-0f41-4007-b46e-b8880d53f74d-1024x768.jpeg\" alt=\"\" class=\"wp-image-3243\" srcset=\"https:\/\/portal.pi.gov.br\/seres\/wp-content\/uploads\/sites\/87\/2025\/04\/0184f65d-0f41-4007-b46e-b8880d53f74d-1024x768.jpeg 1024w, https:\/\/portal.pi.gov.br\/seres\/wp-content\/uploads\/sites\/87\/2025\/04\/0184f65d-0f41-4007-b46e-b8880d53f74d-300x225.jpeg 300w, https:\/\/portal.pi.gov.br\/seres\/wp-content\/uploads\/sites\/87\/2025\/04\/0184f65d-0f41-4007-b46e-b8880d53f74d-768x576.jpeg 768w, https:\/\/portal.pi.gov.br\/seres\/wp-content\/uploads\/sites\/87\/2025\/04\/0184f65d-0f41-4007-b46e-b8880d53f74d-420x315.jpeg 420w, https:\/\/portal.pi.gov.br\/seres\/wp-content\/uploads\/sites\/87\/2025\/04\/0184f65d-0f41-4007-b46e-b8880d53f74d-540x405.jpeg 540w, https:\/\/portal.pi.gov.br\/seres\/wp-content\/uploads\/sites\/87\/2025\/04\/0184f65d-0f41-4007-b46e-b8880d53f74d-780x585.jpeg 780w, https:\/\/portal.pi.gov.br\/seres\/wp-content\/uploads\/sites\/87\/2025\/04\/0184f65d-0f41-4007-b46e-b8880d53f74d-1536x1152.jpeg 1536w, https:\/\/portal.pi.gov.br\/seres\/wp-content\/uploads\/sites\/87\/2025\/04\/0184f65d-0f41-4007-b46e-b8880d53f74d-947x710.jpeg 947w, https:\/\/portal.pi.gov.br\/seres\/wp-content\/uploads\/sites\/87\/2025\/04\/0184f65d-0f41-4007-b46e-b8880d53f74d-624x468.jpeg 624w, https:\/\/portal.pi.gov.br\/seres\/wp-content\/uploads\/sites\/87\/2025\/04\/0184f65d-0f41-4007-b46e-b8880d53f74d.jpeg 1600w\" sizes=\"(max-width: 1024px) 100vw, 1024px\" \/><\/figure>\n\n\n\n<p><\/p>\n\n\n\n<p><\/p>\n\n\n\n<p>O programa Lideran\u00e7a em Destaque foi lan\u00e7ado nesta quarta (9) pela Secretaria de Rela\u00e7\u00f5es Sociais (Seres), em parceria com a Secretaria de Estado da Administra\u00e7\u00e3o (Sead) e a Escola de Governo, visando oferecer forma\u00e7\u00e3o \u00e0s lideran\u00e7as das organiza\u00e7\u00f5es da sociedade civil para ampliar a participa\u00e7\u00e3o na constru\u00e7\u00e3o das pol\u00edticas p\u00fablicas e fortalecer o di\u00e1logo institucional entre Governo e sociedade nos 12 territ\u00f3rios de desenvolvimento do Piau\u00ed. O lan\u00e7amento aconteceu com as presen\u00e7as dos secret\u00e1rios N\u00fabia Lopes (Seres) e Samuel Pontes (Sead), do diretor da Escola de Governo, Carlos Alberto, e diversas lideran\u00e7as do estado.<\/p>\n\n\n\n<p><\/p>\n\n\n\n<p>&#8220;O programa Lideran\u00e7a em Destaque tem uma import\u00e2ncia fundamental porque a forma\u00e7\u00e3o \u00e9 primordial em qualquer circunst\u00e2ncia da sociedade. E era uma das cobran\u00e7as das lideran\u00e7as para a Secretaria das Rela\u00e7\u00f5es Sociais fazer parcerias no sentido de colaborar com a forma\u00e7\u00e3o dos l\u00edderes das organiza\u00e7\u00f5es da sociedade civil, principalmente no que tange os editais, para eles entenderem, compreenderem e aprenderem a elaborar projetos para execut\u00e1-los nas comunidades, contribuindo mais e mais com os moradores. E para eles tamb\u00e9m agirem com mais efic\u00e1cia, com mais estrat\u00e9gia, para que de fato consigam mais meios para  ajudar aos moradores. E o programa Lideran\u00e7a em Destaque, com a parceria das Secretarias de Estado, com certeza vai ser uma chave para o progresso, sucesso e a evolu\u00e7\u00e3o dessas entidades e das comunidades&#8221;, destaca a lideran\u00e7a Anderson Tito.<\/p>\n\n\n\n<figure class=\"wp-block-image size-large\"><img decoding=\"async\" loading=\"lazy\" width=\"1024\" height=\"682\" src=\"https:\/\/portal.pi.gov.br\/seres\/wp-content\/uploads\/sites\/87\/2025\/04\/f824af86-10d8-4919-ac85-fe615734cf6d-1024x682.jpeg\" alt=\"\" class=\"wp-image-3244\" srcset=\"https:\/\/portal.pi.gov.br\/seres\/wp-content\/uploads\/sites\/87\/2025\/04\/f824af86-10d8-4919-ac85-fe615734cf6d-1024x682.jpeg 1024w, https:\/\/portal.pi.gov.br\/seres\/wp-content\/uploads\/sites\/87\/2025\/04\/f824af86-10d8-4919-ac85-fe615734cf6d-300x200.jpeg 300w, https:\/\/portal.pi.gov.br\/seres\/wp-content\/uploads\/sites\/87\/2025\/04\/f824af86-10d8-4919-ac85-fe615734cf6d-768x512.jpeg 768w, https:\/\/portal.pi.gov.br\/seres\/wp-content\/uploads\/sites\/87\/2025\/04\/f824af86-10d8-4919-ac85-fe615734cf6d-420x280.jpeg 420w, https:\/\/portal.pi.gov.br\/seres\/wp-content\/uploads\/sites\/87\/2025\/04\/f824af86-10d8-4919-ac85-fe615734cf6d-540x360.jpeg 540w, https:\/\/portal.pi.gov.br\/seres\/wp-content\/uploads\/sites\/87\/2025\/04\/f824af86-10d8-4919-ac85-fe615734cf6d-780x520.jpeg 780w, https:\/\/portal.pi.gov.br\/seres\/wp-content\/uploads\/sites\/87\/2025\/04\/f824af86-10d8-4919-ac85-fe615734cf6d-1536x1023.jpeg 1536w, https:\/\/portal.pi.gov.br\/seres\/wp-content\/uploads\/sites\/87\/2025\/04\/f824af86-10d8-4919-ac85-fe615734cf6d-947x631.jpeg 947w, https:\/\/portal.pi.gov.br\/seres\/wp-content\/uploads\/sites\/87\/2025\/04\/f824af86-10d8-4919-ac85-fe615734cf6d-624x416.jpeg 624w, https:\/\/portal.pi.gov.br\/seres\/wp-content\/uploads\/sites\/87\/2025\/04\/f824af86-10d8-4919-ac85-fe615734cf6d-84x56.jpeg 84w, https:\/\/portal.pi.gov.br\/seres\/wp-content\/uploads\/sites\/87\/2025\/04\/f824af86-10d8-4919-ac85-fe615734cf6d.jpeg 1600w\" sizes=\"(max-width: 1024px) 100vw, 1024px\" \/><\/figure>\n\n\n\n<p><\/p>\n\n\n\n<p><\/p>\n\n\n\n<p><\/p>\n\n\n\n<p>&#8220;Agradecemos imensamente o governador Rafael Fonteles pela confian\u00e7a depositada na nossa secretaria e em toda a nossa equipe. O secret\u00e1rio Samuel, nosso parceiro da Menp, que juntos constru\u00edmos um excelente trabalho. Vamos atender todas as lideran\u00e7as para terem mais forma\u00e7\u00e3o e mais participa\u00e7\u00e3o nas pol\u00edticas p\u00fablicas. Com certeza, com mais informa\u00e7\u00f5es, as associa\u00e7\u00f5es se organizar\u00e3o ainda mais, pois a sociedade civil organizada tem um papel fundamental em muitas a\u00e7\u00f5es que o pr\u00f3prio estado n\u00e3o consegue fazer. E queremos fortalecer mais essas a\u00e7\u00f5es da sociedade civil!&#8221;, disse a secret\u00e1ria N\u00fabia Lopes. <\/p>\n\n\n\n<p>O programa ofertar\u00e1 uma grade de nove cursos, desde \u201cElabora\u00e7\u00e3o de Projetos de Impacto Social\u201d a \u201cOrat\u00f3ria para Lideran\u00e7as\u201d, voltados para capacitar l\u00edderes de organiza\u00e7\u00f5es da sociedade para atuarem de forma estrat\u00e9gica, \u00e9tica e eficaz na gest\u00e3o de suas institui\u00e7\u00f5es, promovendo a\u00e7\u00f5es coletivas e sustent\u00e1veis. Al\u00e9m de fortalecer a participa\u00e7\u00e3o popular e o controle social das pol\u00edticas p\u00fablicas em todas as \u00e1reas, por meio do desenvolvimento de compet\u00eancias em advocacy, incid\u00eancia pol\u00edtica, mobiliza\u00e7\u00e3o comunit\u00e1ria e articula\u00e7\u00e3o em redes, ampliando o impacto social das organiza\u00e7\u00f5es e o protagonismo da sociedade na constru\u00e7\u00e3o de uma democracia mais participativa e inclusiva.<\/p>\n\n\n\n<p><\/p>\n\n\n\n<figure class=\"wp-block-gallery has-nested-images columns-default is-cropped wp-block-gallery-1 is-layout-flex\">\n<figure class=\"wp-block-image size-large\"><img decoding=\"async\" loading=\"lazy\" width=\"1024\" height=\"768\" data-id=\"3245\"  src=\"https:\/\/portal.pi.gov.br\/seres\/wp-content\/uploads\/sites\/87\/2025\/04\/5bfcfb44-9d66-4f85-a0b0-a534cf435325-1024x768.jpeg\" alt=\"\" class=\"wp-image-3245\" srcset=\"https:\/\/portal.pi.gov.br\/seres\/wp-content\/uploads\/sites\/87\/2025\/04\/5bfcfb44-9d66-4f85-a0b0-a534cf435325-1024x768.jpeg 1024w, https:\/\/portal.pi.gov.br\/seres\/wp-content\/uploads\/sites\/87\/2025\/04\/5bfcfb44-9d66-4f85-a0b0-a534cf435325-300x225.jpeg 300w, https:\/\/portal.pi.gov.br\/seres\/wp-content\/uploads\/sites\/87\/2025\/04\/5bfcfb44-9d66-4f85-a0b0-a534cf435325-768x576.jpeg 768w, https:\/\/portal.pi.gov.br\/seres\/wp-content\/uploads\/sites\/87\/2025\/04\/5bfcfb44-9d66-4f85-a0b0-a534cf435325-420x315.jpeg 420w, https:\/\/portal.pi.gov.br\/seres\/wp-content\/uploads\/sites\/87\/2025\/04\/5bfcfb44-9d66-4f85-a0b0-a534cf435325-540x405.jpeg 540w, https:\/\/portal.pi.gov.br\/seres\/wp-content\/uploads\/sites\/87\/2025\/04\/5bfcfb44-9d66-4f85-a0b0-a534cf435325-780x585.jpeg 780w, https:\/\/portal.pi.gov.br\/seres\/wp-content\/uploads\/sites\/87\/2025\/04\/5bfcfb44-9d66-4f85-a0b0-a534cf435325-947x710.jpeg 947w, https:\/\/portal.pi.gov.br\/seres\/wp-content\/uploads\/sites\/87\/2025\/04\/5bfcfb44-9d66-4f85-a0b0-a534cf435325-624x468.jpeg 624w, https:\/\/portal.pi.gov.br\/seres\/wp-content\/uploads\/sites\/87\/2025\/04\/5bfcfb44-9d66-4f85-a0b0-a534cf435325.jpeg 1280w\" sizes=\"(max-width: 1024px) 100vw, 1024px\" \/><\/figure>\n\n\n\n<figure class=\"wp-block-image size-large\"><img decoding=\"async\" loading=\"lazy\" width=\"1024\" height=\"768\" data-id=\"3246\"  src=\"https:\/\/portal.pi.gov.br\/seres\/wp-content\/uploads\/sites\/87\/2025\/04\/16ba87b3-6553-4602-a446-04a8077ae282-1024x768.jpeg\" alt=\"\" class=\"wp-image-3246\" srcset=\"https:\/\/portal.pi.gov.br\/seres\/wp-content\/uploads\/sites\/87\/2025\/04\/16ba87b3-6553-4602-a446-04a8077ae282-1024x768.jpeg 1024w, https:\/\/portal.pi.gov.br\/seres\/wp-content\/uploads\/sites\/87\/2025\/04\/16ba87b3-6553-4602-a446-04a8077ae282-300x225.jpeg 300w, https:\/\/portal.pi.gov.br\/seres\/wp-content\/uploads\/sites\/87\/2025\/04\/16ba87b3-6553-4602-a446-04a8077ae282-768x576.jpeg 768w, https:\/\/portal.pi.gov.br\/seres\/wp-content\/uploads\/sites\/87\/2025\/04\/16ba87b3-6553-4602-a446-04a8077ae282-420x315.jpeg 420w, https:\/\/portal.pi.gov.br\/seres\/wp-content\/uploads\/sites\/87\/2025\/04\/16ba87b3-6553-4602-a446-04a8077ae282-540x405.jpeg 540w, https:\/\/portal.pi.gov.br\/seres\/wp-content\/uploads\/sites\/87\/2025\/04\/16ba87b3-6553-4602-a446-04a8077ae282-780x585.jpeg 780w, https:\/\/portal.pi.gov.br\/seres\/wp-content\/uploads\/sites\/87\/2025\/04\/16ba87b3-6553-4602-a446-04a8077ae282-1536x1152.jpeg 1536w, https:\/\/portal.pi.gov.br\/seres\/wp-content\/uploads\/sites\/87\/2025\/04\/16ba87b3-6553-4602-a446-04a8077ae282-947x710.jpeg 947w, https:\/\/portal.pi.gov.br\/seres\/wp-content\/uploads\/sites\/87\/2025\/04\/16ba87b3-6553-4602-a446-04a8077ae282-624x468.jpeg 624w, https:\/\/portal.pi.gov.br\/seres\/wp-content\/uploads\/sites\/87\/2025\/04\/16ba87b3-6553-4602-a446-04a8077ae282.jpeg 1600w\" sizes=\"(max-width: 1024px) 100vw, 1024px\" \/><\/figure>\n\n\n\n<figure class=\"wp-block-image size-large\"><img decoding=\"async\" loading=\"lazy\" width=\"1024\" height=\"682\" data-id=\"3247\"  src=\"https:\/\/portal.pi.gov.br\/seres\/wp-content\/uploads\/sites\/87\/2025\/04\/17aba05e-fd85-4b25-a615-d98af014dd39-1024x682.jpeg\" alt=\"\" class=\"wp-image-3247\" srcset=\"https:\/\/portal.pi.gov.br\/seres\/wp-content\/uploads\/sites\/87\/2025\/04\/17aba05e-fd85-4b25-a615-d98af014dd39-1024x682.jpeg 1024w, https:\/\/portal.pi.gov.br\/seres\/wp-content\/uploads\/sites\/87\/2025\/04\/17aba05e-fd85-4b25-a615-d98af014dd39-300x200.jpeg 300w, https:\/\/portal.pi.gov.br\/seres\/wp-content\/uploads\/sites\/87\/2025\/04\/17aba05e-fd85-4b25-a615-d98af014dd39-768x512.jpeg 768w, https:\/\/portal.pi.gov.br\/seres\/wp-content\/uploads\/sites\/87\/2025\/04\/17aba05e-fd85-4b25-a615-d98af014dd39-420x280.jpeg 420w, https:\/\/portal.pi.gov.br\/seres\/wp-content\/uploads\/sites\/87\/2025\/04\/17aba05e-fd85-4b25-a615-d98af014dd39-540x360.jpeg 540w, https:\/\/portal.pi.gov.br\/seres\/wp-content\/uploads\/sites\/87\/2025\/04\/17aba05e-fd85-4b25-a615-d98af014dd39-780x520.jpeg 780w, https:\/\/portal.pi.gov.br\/seres\/wp-content\/uploads\/sites\/87\/2025\/04\/17aba05e-fd85-4b25-a615-d98af014dd39-1536x1023.jpeg 1536w, https:\/\/portal.pi.gov.br\/seres\/wp-content\/uploads\/sites\/87\/2025\/04\/17aba05e-fd85-4b25-a615-d98af014dd39-947x631.jpeg 947w, https:\/\/portal.pi.gov.br\/seres\/wp-content\/uploads\/sites\/87\/2025\/04\/17aba05e-fd85-4b25-a615-d98af014dd39-624x416.jpeg 624w, https:\/\/portal.pi.gov.br\/seres\/wp-content\/uploads\/sites\/87\/2025\/04\/17aba05e-fd85-4b25-a615-d98af014dd39-84x56.jpeg 84w, https:\/\/portal.pi.gov.br\/seres\/wp-content\/uploads\/sites\/87\/2025\/04\/17aba05e-fd85-4b25-a615-d98af014dd39.jpeg 1600w\" sizes=\"(max-width: 1024px) 100vw, 1024px\" \/><\/figure>\n<\/figure>\n\n\n\n<figure class=\"wp-block-gallery has-nested-images columns-default is-cropped wp-block-gallery-3 is-layout-flex\">\n<figure class=\"wp-block-image size-large\"><img decoding=\"async\" loading=\"lazy\" width=\"1024\" height=\"682\" data-id=\"3248\"  src=\"https:\/\/portal.pi.gov.br\/seres\/wp-content\/uploads\/sites\/87\/2025\/04\/905aee12-388c-4202-b9c3-db4a8a5a9f0a-1024x682.jpeg\" alt=\"\" class=\"wp-image-3248\" srcset=\"https:\/\/portal.pi.gov.br\/seres\/wp-content\/uploads\/sites\/87\/2025\/04\/905aee12-388c-4202-b9c3-db4a8a5a9f0a-1024x682.jpeg 1024w, https:\/\/portal.pi.gov.br\/seres\/wp-content\/uploads\/sites\/87\/2025\/04\/905aee12-388c-4202-b9c3-db4a8a5a9f0a-300x200.jpeg 300w, https:\/\/portal.pi.gov.br\/seres\/wp-content\/uploads\/sites\/87\/2025\/04\/905aee12-388c-4202-b9c3-db4a8a5a9f0a-768x512.jpeg 768w, https:\/\/portal.pi.gov.br\/seres\/wp-content\/uploads\/sites\/87\/2025\/04\/905aee12-388c-4202-b9c3-db4a8a5a9f0a-420x280.jpeg 420w, https:\/\/portal.pi.gov.br\/seres\/wp-content\/uploads\/sites\/87\/2025\/04\/905aee12-388c-4202-b9c3-db4a8a5a9f0a-540x360.jpeg 540w, https:\/\/portal.pi.gov.br\/seres\/wp-content\/uploads\/sites\/87\/2025\/04\/905aee12-388c-4202-b9c3-db4a8a5a9f0a-780x520.jpeg 780w, https:\/\/portal.pi.gov.br\/seres\/wp-content\/uploads\/sites\/87\/2025\/04\/905aee12-388c-4202-b9c3-db4a8a5a9f0a-1536x1023.jpeg 1536w, https:\/\/portal.pi.gov.br\/seres\/wp-content\/uploads\/sites\/87\/2025\/04\/905aee12-388c-4202-b9c3-db4a8a5a9f0a-947x631.jpeg 947w, https:\/\/portal.pi.gov.br\/seres\/wp-content\/uploads\/sites\/87\/2025\/04\/905aee12-388c-4202-b9c3-db4a8a5a9f0a-624x416.jpeg 624w, https:\/\/portal.pi.gov.br\/seres\/wp-content\/uploads\/sites\/87\/2025\/04\/905aee12-388c-4202-b9c3-db4a8a5a9f0a-84x56.jpeg 84w, https:\/\/portal.pi.gov.br\/seres\/wp-content\/uploads\/sites\/87\/2025\/04\/905aee12-388c-4202-b9c3-db4a8a5a9f0a.jpeg 1600w\" sizes=\"(max-width: 1024px) 100vw, 1024px\" \/><\/figure>\n<\/figure>\n\n\n\n<figure class=\"wp-block-gallery has-nested-images columns-default is-cropped wp-block-gallery-5 is-layout-flex\">\n<figure class=\"wp-block-image size-large\"><img decoding=\"async\" loading=\"lazy\" width=\"1024\" height=\"682\" data-id=\"3249\"  src=\"https:\/\/portal.pi.gov.br\/seres\/wp-content\/uploads\/sites\/87\/2025\/04\/72f04b2e-1c5d-4452-a00f-86ccbbdba90e-1024x682.jpeg\" alt=\"\" class=\"wp-image-3249\" srcset=\"https:\/\/portal.pi.gov.br\/seres\/wp-content\/uploads\/sites\/87\/2025\/04\/72f04b2e-1c5d-4452-a00f-86ccbbdba90e-1024x682.jpeg 1024w, https:\/\/portal.pi.gov.br\/seres\/wp-content\/uploads\/sites\/87\/2025\/04\/72f04b2e-1c5d-4452-a00f-86ccbbdba90e-300x200.jpeg 300w, https:\/\/portal.pi.gov.br\/seres\/wp-content\/uploads\/sites\/87\/2025\/04\/72f04b2e-1c5d-4452-a00f-86ccbbdba90e-768x512.jpeg 768w, https:\/\/portal.pi.gov.br\/seres\/wp-content\/uploads\/sites\/87\/2025\/04\/72f04b2e-1c5d-4452-a00f-86ccbbdba90e-420x280.jpeg 420w, https:\/\/portal.pi.gov.br\/seres\/wp-content\/uploads\/sites\/87\/2025\/04\/72f04b2e-1c5d-4452-a00f-86ccbbdba90e-540x360.jpeg 540w, https:\/\/portal.pi.gov.br\/seres\/wp-content\/uploads\/sites\/87\/2025\/04\/72f04b2e-1c5d-4452-a00f-86ccbbdba90e-780x520.jpeg 780w, https:\/\/portal.pi.gov.br\/seres\/wp-content\/uploads\/sites\/87\/2025\/04\/72f04b2e-1c5d-4452-a00f-86ccbbdba90e-1536x1023.jpeg 1536w, https:\/\/portal.pi.gov.br\/seres\/wp-content\/uploads\/sites\/87\/2025\/04\/72f04b2e-1c5d-4452-a00f-86ccbbdba90e-947x631.jpeg 947w, https:\/\/portal.pi.gov.br\/seres\/wp-content\/uploads\/sites\/87\/2025\/04\/72f04b2e-1c5d-4452-a00f-86ccbbdba90e-624x416.jpeg 624w, https:\/\/portal.pi.gov.br\/seres\/wp-content\/uploads\/sites\/87\/2025\/04\/72f04b2e-1c5d-4452-a00f-86ccbbdba90e-84x56.jpeg 84w, https:\/\/portal.pi.gov.br\/seres\/wp-content\/uploads\/sites\/87\/2025\/04\/72f04b2e-1c5d-4452-a00f-86ccbbdba90e.jpeg 1600w\" sizes=\"(max-width: 1024px) 100vw, 1024px\" \/><\/figure>\n<\/figure>\n\n\n\n<figure class=\"wp-block-gallery has-nested-images columns-default is-cropped wp-block-gallery-7 is-layout-flex\">\n<figure class=\"wp-block-image size-large\"><img decoding=\"async\" loading=\"lazy\" width=\"1024\" height=\"682\" data-id=\"3250\"  src=\"https:\/\/portal.pi.gov.br\/seres\/wp-content\/uploads\/sites\/87\/2025\/04\/638c6930-9ccb-4658-a74e-749a0af4b73f-1024x682.jpeg\" alt=\"\" class=\"wp-image-3250\" srcset=\"https:\/\/portal.pi.gov.br\/seres\/wp-content\/uploads\/sites\/87\/2025\/04\/638c6930-9ccb-4658-a74e-749a0af4b73f-1024x682.jpeg 1024w, https:\/\/portal.pi.gov.br\/seres\/wp-content\/uploads\/sites\/87\/2025\/04\/638c6930-9ccb-4658-a74e-749a0af4b73f-300x200.jpeg 300w, https:\/\/portal.pi.gov.br\/seres\/wp-content\/uploads\/sites\/87\/2025\/04\/638c6930-9ccb-4658-a74e-749a0af4b73f-768x512.jpeg 768w, https:\/\/portal.pi.gov.br\/seres\/wp-content\/uploads\/sites\/87\/2025\/04\/638c6930-9ccb-4658-a74e-749a0af4b73f-420x280.jpeg 420w, https:\/\/portal.pi.gov.br\/seres\/wp-content\/uploads\/sites\/87\/2025\/04\/638c6930-9ccb-4658-a74e-749a0af4b73f-540x360.jpeg 540w, https:\/\/portal.pi.gov.br\/seres\/wp-content\/uploads\/sites\/87\/2025\/04\/638c6930-9ccb-4658-a74e-749a0af4b73f-780x520.jpeg 780w, https:\/\/portal.pi.gov.br\/seres\/wp-content\/uploads\/sites\/87\/2025\/04\/638c6930-9ccb-4658-a74e-749a0af4b73f-1536x1023.jpeg 1536w, https:\/\/portal.pi.gov.br\/seres\/wp-content\/uploads\/sites\/87\/2025\/04\/638c6930-9ccb-4658-a74e-749a0af4b73f-947x631.jpeg 947w, https:\/\/portal.pi.gov.br\/seres\/wp-content\/uploads\/sites\/87\/2025\/04\/638c6930-9ccb-4658-a74e-749a0af4b73f-624x416.jpeg 624w, https:\/\/portal.pi.gov.br\/seres\/wp-content\/uploads\/sites\/87\/2025\/04\/638c6930-9ccb-4658-a74e-749a0af4b73f-84x56.jpeg 84w, https:\/\/portal.pi.gov.br\/seres\/wp-content\/uploads\/sites\/87\/2025\/04\/638c6930-9ccb-4658-a74e-749a0af4b73f.jpeg 1600w\" sizes=\"(max-width: 1024px) 100vw, 1024px\" \/><\/figure>\n<\/figure>\n\n\n\n<figure class=\"wp-block-gallery has-nested-images columns-default is-cropped wp-block-gallery-9 is-layout-flex\">\n<figure class=\"wp-block-image size-large\"><img decoding=\"async\" loading=\"lazy\" width=\"1024\" height=\"682\" data-id=\"3251\"  src=\"https:\/\/portal.pi.gov.br\/seres\/wp-content\/uploads\/sites\/87\/2025\/04\/e9624820-c3a6-43e3-80e0-27d71c85e487-1024x682.jpeg\" alt=\"\" class=\"wp-image-3251\" srcset=\"https:\/\/portal.pi.gov.br\/seres\/wp-content\/uploads\/sites\/87\/2025\/04\/e9624820-c3a6-43e3-80e0-27d71c85e487-1024x682.jpeg 1024w, https:\/\/portal.pi.gov.br\/seres\/wp-content\/uploads\/sites\/87\/2025\/04\/e9624820-c3a6-43e3-80e0-27d71c85e487-300x200.jpeg 300w, https:\/\/portal.pi.gov.br\/seres\/wp-content\/uploads\/sites\/87\/2025\/04\/e9624820-c3a6-43e3-80e0-27d71c85e487-768x512.jpeg 768w, https:\/\/portal.pi.gov.br\/seres\/wp-content\/uploads\/sites\/87\/2025\/04\/e9624820-c3a6-43e3-80e0-27d71c85e487-420x280.jpeg 420w, https:\/\/portal.pi.gov.br\/seres\/wp-content\/uploads\/sites\/87\/2025\/04\/e9624820-c3a6-43e3-80e0-27d71c85e487-540x360.jpeg 540w, https:\/\/portal.pi.gov.br\/seres\/wp-content\/uploads\/sites\/87\/2025\/04\/e9624820-c3a6-43e3-80e0-27d71c85e487-780x520.jpeg 780w, https:\/\/portal.pi.gov.br\/seres\/wp-content\/uploads\/sites\/87\/2025\/04\/e9624820-c3a6-43e3-80e0-27d71c85e487-1536x1023.jpeg 1536w, https:\/\/portal.pi.gov.br\/seres\/wp-content\/uploads\/sites\/87\/2025\/04\/e9624820-c3a6-43e3-80e0-27d71c85e487-947x631.jpeg 947w, https:\/\/portal.pi.gov.br\/seres\/wp-content\/uploads\/sites\/87\/2025\/04\/e9624820-c3a6-43e3-80e0-27d71c85e487-624x416.jpeg 624w, https:\/\/portal.pi.gov.br\/seres\/wp-content\/uploads\/sites\/87\/2025\/04\/e9624820-c3a6-43e3-80e0-27d71c85e487-84x56.jpeg 84w, https:\/\/portal.pi.gov.br\/seres\/wp-content\/uploads\/sites\/87\/2025\/04\/e9624820-c3a6-43e3-80e0-27d71c85e487.jpeg 1600w\" sizes=\"(max-width: 1024px) 100vw, 1024px\" \/><\/figure>\n<\/figure>\n\n\n\n<figure class=\"wp-block-gallery has-nested-images columns-default is-cropped wp-block-gallery-11 is-layout-flex\">\n<figure class=\"wp-block-image size-large\"><img decoding=\"async\" loading=\"lazy\" width=\"1024\" height=\"682\" data-id=\"3253\"  src=\"https:\/\/portal.pi.gov.br\/seres\/wp-content\/uploads\/sites\/87\/2025\/04\/1c183a2b-c214-441e-b2dd-43d72ca73905-1024x682.jpeg\" alt=\"\" class=\"wp-image-3253\" srcset=\"https:\/\/portal.pi.gov.br\/seres\/wp-content\/uploads\/sites\/87\/2025\/04\/1c183a2b-c214-441e-b2dd-43d72ca73905-1024x682.jpeg 1024w, https:\/\/portal.pi.gov.br\/seres\/wp-content\/uploads\/sites\/87\/2025\/04\/1c183a2b-c214-441e-b2dd-43d72ca73905-300x200.jpeg 300w, https:\/\/portal.pi.gov.br\/seres\/wp-content\/uploads\/sites\/87\/2025\/04\/1c183a2b-c214-441e-b2dd-43d72ca73905-768x512.jpeg 768w, https:\/\/portal.pi.gov.br\/seres\/wp-content\/uploads\/sites\/87\/2025\/04\/1c183a2b-c214-441e-b2dd-43d72ca73905-420x280.jpeg 420w, https:\/\/portal.pi.gov.br\/seres\/wp-content\/uploads\/sites\/87\/2025\/04\/1c183a2b-c214-441e-b2dd-43d72ca73905-540x360.jpeg 540w, https:\/\/portal.pi.gov.br\/seres\/wp-content\/uploads\/sites\/87\/2025\/04\/1c183a2b-c214-441e-b2dd-43d72ca73905-780x520.jpeg 780w, https:\/\/portal.pi.gov.br\/seres\/wp-content\/uploads\/sites\/87\/2025\/04\/1c183a2b-c214-441e-b2dd-43d72ca73905-1536x1023.jpeg 1536w, https:\/\/portal.pi.gov.br\/seres\/wp-content\/uploads\/sites\/87\/2025\/04\/1c183a2b-c214-441e-b2dd-43d72ca73905-947x631.jpeg 947w, https:\/\/portal.pi.gov.br\/seres\/wp-content\/uploads\/sites\/87\/2025\/04\/1c183a2b-c214-441e-b2dd-43d72ca73905-624x416.jpeg 624w, https:\/\/portal.pi.gov.br\/seres\/wp-content\/uploads\/sites\/87\/2025\/04\/1c183a2b-c214-441e-b2dd-43d72ca73905-84x56.jpeg 84w, https:\/\/portal.pi.gov.br\/seres\/wp-content\/uploads\/sites\/87\/2025\/04\/1c183a2b-c214-441e-b2dd-43d72ca73905.jpeg 1600w\" sizes=\"(max-width: 1024px) 100vw, 1024px\" \/><\/figure>\n<\/figure>\n\n\n\n<figure class=\"wp-block-gallery has-nested-images columns-default is-cropped wp-block-gallery-13 is-layout-flex\">\n<figure class=\"wp-block-image size-large\"><img decoding=\"async\" loading=\"lazy\" width=\"1024\" height=\"768\" data-id=\"3254\"  src=\"https:\/\/portal.pi.gov.br\/seres\/wp-content\/uploads\/sites\/87\/2025\/04\/d7db0ffe-358a-45f0-b088-c40e9e536d18-1024x768.jpeg\" alt=\"\" class=\"wp-image-3254\" srcset=\"https:\/\/portal.pi.gov.br\/seres\/wp-content\/uploads\/sites\/87\/2025\/04\/d7db0ffe-358a-45f0-b088-c40e9e536d18-1024x768.jpeg 1024w, https:\/\/portal.pi.gov.br\/seres\/wp-content\/uploads\/sites\/87\/2025\/04\/d7db0ffe-358a-45f0-b088-c40e9e536d18-300x225.jpeg 300w, https:\/\/portal.pi.gov.br\/seres\/wp-content\/uploads\/sites\/87\/2025\/04\/d7db0ffe-358a-45f0-b088-c40e9e536d18-768x576.jpeg 768w, https:\/\/portal.pi.gov.br\/seres\/wp-content\/uploads\/sites\/87\/2025\/04\/d7db0ffe-358a-45f0-b088-c40e9e536d18-420x315.jpeg 420w, https:\/\/portal.pi.gov.br\/seres\/wp-content\/uploads\/sites\/87\/2025\/04\/d7db0ffe-358a-45f0-b088-c40e9e536d18-540x405.jpeg 540w, https:\/\/portal.pi.gov.br\/seres\/wp-content\/uploads\/sites\/87\/2025\/04\/d7db0ffe-358a-45f0-b088-c40e9e536d18-780x585.jpeg 780w, https:\/\/portal.pi.gov.br\/seres\/wp-content\/uploads\/sites\/87\/2025\/04\/d7db0ffe-358a-45f0-b088-c40e9e536d18-1536x1152.jpeg 1536w, https:\/\/portal.pi.gov.br\/seres\/wp-content\/uploads\/sites\/87\/2025\/04\/d7db0ffe-358a-45f0-b088-c40e9e536d18-947x710.jpeg 947w, https:\/\/portal.pi.gov.br\/seres\/wp-content\/uploads\/sites\/87\/2025\/04\/d7db0ffe-358a-45f0-b088-c40e9e536d18-624x468.jpeg 624w, https:\/\/portal.pi.gov.br\/seres\/wp-content\/uploads\/sites\/87\/2025\/04\/d7db0ffe-358a-45f0-b088-c40e9e536d18.jpeg 1600w\" sizes=\"(max-width: 1024px) 100vw, 1024px\" \/><\/figure>\n<\/figure>\n\n\n\n<figure class=\"wp-block-gallery has-nested-images columns-default is-cropped wp-block-gallery-15 is-layout-flex\">\n<figure class=\"wp-block-image size-large\"><img decoding=\"async\" loading=\"lazy\" width=\"1024\" height=\"768\" data-id=\"3257\"  src=\"https:\/\/portal.pi.gov.br\/seres\/wp-content\/uploads\/sites\/87\/2025\/04\/eea20c18-8197-45bc-a836-8aeb795776e1-1024x768.jpeg\" alt=\"\" class=\"wp-image-3257\" srcset=\"https:\/\/portal.pi.gov.br\/seres\/wp-content\/uploads\/sites\/87\/2025\/04\/eea20c18-8197-45bc-a836-8aeb795776e1-1024x768.jpeg 1024w, https:\/\/portal.pi.gov.br\/seres\/wp-content\/uploads\/sites\/87\/2025\/04\/eea20c18-8197-45bc-a836-8aeb795776e1-300x225.jpeg 300w, https:\/\/portal.pi.gov.br\/seres\/wp-content\/uploads\/sites\/87\/2025\/04\/eea20c18-8197-45bc-a836-8aeb795776e1-768x576.jpeg 768w, https:\/\/portal.pi.gov.br\/seres\/wp-content\/uploads\/sites\/87\/2025\/04\/eea20c18-8197-45bc-a836-8aeb795776e1-420x315.jpeg 420w, https:\/\/portal.pi.gov.br\/seres\/wp-content\/uploads\/sites\/87\/2025\/04\/eea20c18-8197-45bc-a836-8aeb795776e1-540x405.jpeg 540w, https:\/\/portal.pi.gov.br\/seres\/wp-content\/uploads\/sites\/87\/2025\/04\/eea20c18-8197-45bc-a836-8aeb795776e1-780x585.jpeg 780w, https:\/\/portal.pi.gov.br\/seres\/wp-content\/uploads\/sites\/87\/2025\/04\/eea20c18-8197-45bc-a836-8aeb795776e1-947x710.jpeg 947w, https:\/\/portal.pi.gov.br\/seres\/wp-content\/uploads\/sites\/87\/2025\/04\/eea20c18-8197-45bc-a836-8aeb795776e1-624x468.jpeg 624w, https:\/\/portal.pi.gov.br\/seres\/wp-content\/uploads\/sites\/87\/2025\/04\/eea20c18-8197-45bc-a836-8aeb795776e1.jpeg 1280w\" sizes=\"(max-width: 1024px) 100vw, 1024px\" \/><\/figure>\n<\/figure>\n\n\n\n<figure class=\"wp-block-gallery has-nested-images columns-default is-cropped wp-block-gallery-17 is-layout-flex\">\n<figure class=\"wp-block-image size-large\"><img decoding=\"async\" loading=\"lazy\" width=\"1024\" height=\"768\" data-id=\"3258\"  src=\"https:\/\/portal.pi.gov.br\/seres\/wp-content\/uploads\/sites\/87\/2025\/04\/05517264-310b-4fff-a0d9-ae595bd695bd-1024x768.jpeg\" alt=\"\" class=\"wp-image-3258\" srcset=\"https:\/\/portal.pi.gov.br\/seres\/wp-content\/uploads\/sites\/87\/2025\/04\/05517264-310b-4fff-a0d9-ae595bd695bd-1024x768.jpeg 1024w, https:\/\/portal.pi.gov.br\/seres\/wp-content\/uploads\/sites\/87\/2025\/04\/05517264-310b-4fff-a0d9-ae595bd695bd-300x225.jpeg 300w, https:\/\/portal.pi.gov.br\/seres\/wp-content\/uploads\/sites\/87\/2025\/04\/05517264-310b-4fff-a0d9-ae595bd695bd-768x576.jpeg 768w, https:\/\/portal.pi.gov.br\/seres\/wp-content\/uploads\/sites\/87\/2025\/04\/05517264-310b-4fff-a0d9-ae595bd695bd-420x315.jpeg 420w, https:\/\/portal.pi.gov.br\/seres\/wp-content\/uploads\/sites\/87\/2025\/04\/05517264-310b-4fff-a0d9-ae595bd695bd-540x405.jpeg 540w, https:\/\/portal.pi.gov.br\/seres\/wp-content\/uploads\/sites\/87\/2025\/04\/05517264-310b-4fff-a0d9-ae595bd695bd-780x585.jpeg 780w, https:\/\/portal.pi.gov.br\/seres\/wp-content\/uploads\/sites\/87\/2025\/04\/05517264-310b-4fff-a0d9-ae595bd695bd-947x710.jpeg 947w, https:\/\/portal.pi.gov.br\/seres\/wp-content\/uploads\/sites\/87\/2025\/04\/05517264-310b-4fff-a0d9-ae595bd695bd-624x468.jpeg 624w, https:\/\/portal.pi.gov.br\/seres\/wp-content\/uploads\/sites\/87\/2025\/04\/05517264-310b-4fff-a0d9-ae595bd695bd.jpeg 1280w\" sizes=\"(max-width: 1024px) 100vw, 1024px\" \/><\/figure>\n<\/figure>\n","protected":false},"excerpt":{"rendered":"<p>O programa ofertar\u00e1 uma grade de nove cursos para as lideran\u00e7as comunit\u00e1rias. O programa Lideran\u00e7a em Destaque foi lan\u00e7ado nesta quarta (9) pela Secretaria de Rela\u00e7\u00f5es Sociais (Seres), em parceria [&hellip;]<\/p>\n","protected":false},"author":1821,"featured_media":3255,"comment_status":"closed","ping_status":"closed","sticky":true,"template":"","format":"standard","meta":[],"categories":[34],"tags":[47,41],"featured_image_urls":{"full":["https:\/\/portal.pi.gov.br\/seres\/wp-content\/uploads\/sites\/87\/2025\/04\/c77e64fb-0c22-4d3d-806c-4eeb4b10d493.jpeg",1600,1066,false],"thumbnail":["https:\/\/portal.pi.gov.br\/seres\/wp-content\/uploads\/sites\/87\/2025\/04\/c77e64fb-0c22-4d3d-806c-4eeb4b10d493-150x150.jpeg",150,150,true],"medium":["https:\/\/portal.pi.gov.br\/seres\/wp-content\/uploads\/sites\/87\/2025\/04\/c77e64fb-0c22-4d3d-806c-4eeb4b10d493-300x200.jpeg",300,200,true],"medium_large":["https:\/\/portal.pi.gov.br\/seres\/wp-content\/uploads\/sites\/87\/2025\/04\/c77e64fb-0c22-4d3d-806c-4eeb4b10d493-768x512.jpeg",768,512,true],"large":["https:\/\/portal.pi.gov.br\/seres\/wp-content\/uploads\/sites\/87\/2025\/04\/c77e64fb-0c22-4d3d-806c-4eeb4b10d493-1024x682.jpeg",887,591,true],"sgg-420":["https:\/\/portal.pi.gov.br\/seres\/wp-content\/uploads\/sites\/87\/2025\/04\/c77e64fb-0c22-4d3d-806c-4eeb4b10d493-420x280.jpeg",420,280,true],"sgg-540":["https:\/\/portal.pi.gov.br\/seres\/wp-content\/uploads\/sites\/87\/2025\/04\/c77e64fb-0c22-4d3d-806c-4eeb4b10d493-540x360.jpeg",540,360,true],"sgg-780":["https:\/\/portal.pi.gov.br\/seres\/wp-content\/uploads\/sites\/87\/2025\/04\/c77e64fb-0c22-4d3d-806c-4eeb4b10d493-780x520.jpeg",780,520,true],"1536x1536":["https:\/\/portal.pi.gov.br\/seres\/wp-content\/uploads\/sites\/87\/2025\/04\/c77e64fb-0c22-4d3d-806c-4eeb4b10d493-1536x1023.jpeg",1536,1023,true],"2048x2048":["https:\/\/portal.pi.gov.br\/seres\/wp-content\/uploads\/sites\/87\/2025\/04\/c77e64fb-0c22-4d3d-806c-4eeb4b10d493.jpeg",1600,1066,false],"homepage-slider":["https:\/\/portal.pi.gov.br\/seres\/wp-content\/uploads\/sites\/87\/2025\/04\/c77e64fb-0c22-4d3d-806c-4eeb4b10d493-1270x500.jpeg",1270,500,true],"homepage-slider-small":["https:\/\/portal.pi.gov.br\/seres\/wp-content\/uploads\/sites\/87\/2025\/04\/c77e64fb-0c22-4d3d-806c-4eeb4b10d493-947x500.jpeg",947,500,true],"page-top":["https:\/\/portal.pi.gov.br\/seres\/wp-content\/uploads\/sites\/87\/2025\/04\/c77e64fb-0c22-4d3d-806c-4eeb4b10d493-947x631.jpeg",947,631,true],"page-small":["https:\/\/portal.pi.gov.br\/seres\/wp-content\/uploads\/sites\/87\/2025\/04\/c77e64fb-0c22-4d3d-806c-4eeb4b10d493-624x416.jpeg",624,416,true],"loop-main":["https:\/\/portal.pi.gov.br\/seres\/wp-content\/uploads\/sites\/87\/2025\/04\/c77e64fb-0c22-4d3d-806c-4eeb4b10d493-365x240.jpeg",365,240,true],"thumb-gallery-widget":["https:\/\/portal.pi.gov.br\/seres\/wp-content\/uploads\/sites\/87\/2025\/04\/c77e64fb-0c22-4d3d-806c-4eeb4b10d493-84x56.jpeg",84,56,true]},"post_excerpt_stackable":"<p>O programa ofertar\u00e1 uma grade de nove cursos para as lideran\u00e7as comunit\u00e1rias. O programa Lideran\u00e7a em Destaque foi lan\u00e7ado nesta quarta (9) pela Secretaria de Rela\u00e7\u00f5es Sociais (Seres), em parceria com a Secretaria de Estado da Administra\u00e7\u00e3o (Sead) e a Escola de Governo, visando oferecer forma\u00e7\u00e3o \u00e0s lideran\u00e7as das organiza\u00e7\u00f5es da sociedade civil para ampliar a participa\u00e7\u00e3o na constru\u00e7\u00e3o das pol\u00edticas p\u00fablicas e fortalecer o di\u00e1logo institucional entre Governo e sociedade nos 12 territ\u00f3rios de desenvolvimento do Piau\u00ed. O lan\u00e7amento aconteceu com as presen\u00e7as dos secret\u00e1rios N\u00fabia Lopes (Seres) e Samuel Pontes (Sead), do diretor da Escola de Governo, Carlos&hellip;<\/p>\n","category_list":"<a href=\"https:\/\/portal.pi.gov.br\/seres\/category\/noticias\/\" rel=\"category tag\">Not\u00edcias<\/a>","author_info":{"name":"alineraquel","url":"https:\/\/portal.pi.gov.br\/seres\/author\/alineraquel\/"},"comments_num":"0 coment\u00e1rio","featured_image_urls_v2":{"full":["https:\/\/portal.pi.gov.br\/seres\/wp-content\/uploads\/sites\/87\/2025\/04\/c77e64fb-0c22-4d3d-806c-4eeb4b10d493.jpeg",1600,1066,false],"thumbnail":["https:\/\/portal.pi.gov.br\/seres\/wp-content\/uploads\/sites\/87\/2025\/04\/c77e64fb-0c22-4d3d-806c-4eeb4b10d493-150x150.jpeg",150,150,true],"medium":["https:\/\/portal.pi.gov.br\/seres\/wp-content\/uploads\/sites\/87\/2025\/04\/c77e64fb-0c22-4d3d-806c-4eeb4b10d493-300x200.jpeg",300,200,true],"medium_large":["https:\/\/portal.pi.gov.br\/seres\/wp-content\/uploads\/sites\/87\/2025\/04\/c77e64fb-0c22-4d3d-806c-4eeb4b10d493-768x512.jpeg",768,512,true],"large":["https:\/\/portal.pi.gov.br\/seres\/wp-content\/uploads\/sites\/87\/2025\/04\/c77e64fb-0c22-4d3d-806c-4eeb4b10d493-1024x682.jpeg",887,591,true],"sgg-420":["https:\/\/portal.pi.gov.br\/seres\/wp-content\/uploads\/sites\/87\/2025\/04\/c77e64fb-0c22-4d3d-806c-4eeb4b10d493-420x280.jpeg",420,280,true],"sgg-540":["https:\/\/portal.pi.gov.br\/seres\/wp-content\/uploads\/sites\/87\/2025\/04\/c77e64fb-0c22-4d3d-806c-4eeb4b10d493-540x360.jpeg",540,360,true],"sgg-780":["https:\/\/portal.pi.gov.br\/seres\/wp-content\/uploads\/sites\/87\/2025\/04\/c77e64fb-0c22-4d3d-806c-4eeb4b10d493-780x520.jpeg",780,520,true],"1536x1536":["https:\/\/portal.pi.gov.br\/seres\/wp-content\/uploads\/sites\/87\/2025\/04\/c77e64fb-0c22-4d3d-806c-4eeb4b10d493-1536x1023.jpeg",1536,1023,true],"2048x2048":["https:\/\/portal.pi.gov.br\/seres\/wp-content\/uploads\/sites\/87\/2025\/04\/c77e64fb-0c22-4d3d-806c-4eeb4b10d493.jpeg",1600,1066,false],"homepage-slider":["https:\/\/portal.pi.gov.br\/seres\/wp-content\/uploads\/sites\/87\/2025\/04\/c77e64fb-0c22-4d3d-806c-4eeb4b10d493-1270x500.jpeg",1270,500,true],"homepage-slider-small":["https:\/\/portal.pi.gov.br\/seres\/wp-content\/uploads\/sites\/87\/2025\/04\/c77e64fb-0c22-4d3d-806c-4eeb4b10d493-947x500.jpeg",947,500,true],"page-top":["https:\/\/portal.pi.gov.br\/seres\/wp-content\/uploads\/sites\/87\/2025\/04\/c77e64fb-0c22-4d3d-806c-4eeb4b10d493-947x631.jpeg",947,631,true],"page-small":["https:\/\/portal.pi.gov.br\/seres\/wp-content\/uploads\/sites\/87\/2025\/04\/c77e64fb-0c22-4d3d-806c-4eeb4b10d493-624x416.jpeg",624,416,true],"loop-main":["https:\/\/portal.pi.gov.br\/seres\/wp-content\/uploads\/sites\/87\/2025\/04\/c77e64fb-0c22-4d3d-806c-4eeb4b10d493-365x240.jpeg",365,240,true],"thumb-gallery-widget":["https:\/\/portal.pi.gov.br\/seres\/wp-content\/uploads\/sites\/87\/2025\/04\/c77e64fb-0c22-4d3d-806c-4eeb4b10d493-84x56.jpeg",84,56,true]},"post_excerpt_stackable_v2":"<p>O programa ofertar\u00e1 uma grade de nove cursos para as lideran\u00e7as comunit\u00e1rias. O programa Lideran\u00e7a em Destaque foi lan\u00e7ado nesta quarta (9) pela Secretaria de Rela\u00e7\u00f5es Sociais (Seres), em parceria com a Secretaria de Estado da Administra\u00e7\u00e3o (Sead) e a Escola de Governo, visando oferecer forma\u00e7\u00e3o \u00e0s lideran\u00e7as das organiza\u00e7\u00f5es da sociedade civil para ampliar a participa\u00e7\u00e3o na constru\u00e7\u00e3o das pol\u00edticas p\u00fablicas e fortalecer o di\u00e1logo institucional entre Governo e sociedade nos 12 territ\u00f3rios de desenvolvimento do Piau\u00ed. O lan\u00e7amento aconteceu com as presen\u00e7as dos secret\u00e1rios N\u00fabia Lopes (Seres) e Samuel Pontes (Sead), do diretor da Escola de Governo, Carlos&hellip;<\/p>\n","category_list_v2":"<a href=\"https:\/\/portal.pi.gov.br\/seres\/category\/noticias\/\" rel=\"category tag\">Not\u00edcias<\/a>","author_info_v2":{"name":"alineraquel","url":"https:\/\/portal.pi.gov.br\/seres\/author\/alineraquel\/"},"comments_num_v2":"0 coment\u00e1rio","jetpack_featured_media_url":"https:\/\/portal.pi.gov.br\/seres\/wp-content\/uploads\/sites\/87\/2025\/04\/c77e64fb-0c22-4d3d-806c-4eeb4b10d493.jpeg","_links":{"self":[{"href":"https:\/\/portal.pi.gov.br\/seres\/wp-json\/wp\/v2\/posts\/3242"}],"collection":[{"href":"https:\/\/portal.pi.gov.br\/seres\/wp-json\/wp\/v2\/posts"}],"about":[{"href":"https:\/\/portal.pi.gov.br\/seres\/wp-json\/wp\/v2\/types\/post"}],"author":[{"embeddable":true,"href":"https:\/\/portal.pi.gov.br\/seres\/wp-json\/wp\/v2\/users\/1821"}],"replies":[{"embeddable":true,"href":"https:\/\/portal.pi.gov.br\/seres\/wp-json\/wp\/v2\/comments?post=3242"}],"version-history":[{"count":4,"href":"https:\/\/portal.pi.gov.br\/seres\/wp-json\/wp\/v2\/posts\/3242\/revisions"}],"predecessor-version":[{"id":3273,"href":"https:\/\/portal.pi.gov.br\/seres\/wp-json\/wp\/v2\/posts\/3242\/revisions\/3273"}],"wp:featuredmedia":[{"embeddable":true,"href":"https:\/\/portal.pi.gov.br\/seres\/wp-json\/wp\/v2\/media\/3255"}],"wp:attachment":[{"href":"https:\/\/portal.pi.gov.br\/seres\/wp-json\/wp\/v2\/media?parent=3242"}],"wp:term":[{"taxonomy":"category","embeddable":true,"href":"https:\/\/portal.pi.gov.br\/seres\/wp-json\/wp\/v2\/categories?post=3242"},{"taxonomy":"post_tag","embeddable":true,"href":"https:\/\/portal.pi.gov.br\/seres\/wp-json\/wp\/v2\/tags?post=3242"}],"curies":[{"name":"wp","href":"https:\/\/api.w.org\/{rel}","templated":true}]}}