{"id":3265,"date":"2025-04-10T12:24:34","date_gmt":"2025-04-10T15:24:34","guid":{"rendered":"https:\/\/portal.pi.gov.br\/seres\/?p=3265"},"modified":"2025-04-10T12:35:44","modified_gmt":"2025-04-10T15:35:44","slug":"seres-participa-do-dialogos-pelo-piaui-levando-o-programa-lideranca-em-destaque","status":"publish","type":"post","link":"https:\/\/portal.pi.gov.br\/seres\/2025\/04\/10\/seres-participa-do-dialogos-pelo-piaui-levando-o-programa-lideranca-em-destaque\/","title":{"rendered":"Seres participa do Di\u00e1logos pelo Piau\u00ed levando o programa \u201cLideran\u00e7a em Destaque\u201d\u00a0"},"content":{"rendered":"\n<p><br>A Secretaria de Rela\u00e7\u00f5es Sociais tamb\u00e9m estar\u00e1 com o stand durante todo o evento em Picos.<\/p>\n\n\n\n<figure class=\"wp-block-image size-large is-resized\"><img decoding=\"async\" loading=\"lazy\" src=\"https:\/\/portal.pi.gov.br\/seres\/wp-content\/uploads\/sites\/87\/2025\/04\/82f9f724-d4cf-4a5e-b8ef-2f1de652a5cb-576x1024.jpeg\" alt=\"\" class=\"wp-image-3268\" width=\"339\" height=\"602\" srcset=\"https:\/\/portal.pi.gov.br\/seres\/wp-content\/uploads\/sites\/87\/2025\/04\/82f9f724-d4cf-4a5e-b8ef-2f1de652a5cb-576x1024.jpeg 576w, https:\/\/portal.pi.gov.br\/seres\/wp-content\/uploads\/sites\/87\/2025\/04\/82f9f724-d4cf-4a5e-b8ef-2f1de652a5cb-169x300.jpeg 169w, https:\/\/portal.pi.gov.br\/seres\/wp-content\/uploads\/sites\/87\/2025\/04\/82f9f724-d4cf-4a5e-b8ef-2f1de652a5cb-236x420.jpeg 236w, https:\/\/portal.pi.gov.br\/seres\/wp-content\/uploads\/sites\/87\/2025\/04\/82f9f724-d4cf-4a5e-b8ef-2f1de652a5cb-304x540.jpeg 304w, https:\/\/portal.pi.gov.br\/seres\/wp-content\/uploads\/sites\/87\/2025\/04\/82f9f724-d4cf-4a5e-b8ef-2f1de652a5cb-439x780.jpeg 439w, https:\/\/portal.pi.gov.br\/seres\/wp-content\/uploads\/sites\/87\/2025\/04\/82f9f724-d4cf-4a5e-b8ef-2f1de652a5cb-624x1109.jpeg 624w, https:\/\/portal.pi.gov.br\/seres\/wp-content\/uploads\/sites\/87\/2025\/04\/82f9f724-d4cf-4a5e-b8ef-2f1de652a5cb.jpeg 720w\" sizes=\"(max-width: 339px) 100vw, 339px\" \/><\/figure>\n\n\n\n<p><\/p>\n\n\n\n<p><br><\/p>\n\n\n\n<p>A Secretaria de Rela\u00e7\u00f5es Sociais (SERES) participar\u00e1 do primeiro encontro do projeto Di\u00e1logos pelo Piau\u00ed nos dias 11 e 12 de abril, em Picos. O objetivo do evento \u00e9 levar as a\u00e7\u00f5es de governo, presta\u00e7\u00e3o de contas e planejamento participativo \u00e0 popula\u00e7\u00e3o dos 12 territ\u00f3rios de desenvolvimento do estado.<\/p>\n\n\n\n<p>Durante os dois dias, a Secretaria estar\u00e1 com um stand de atendimento ao p\u00fablico para informar todas as a\u00e7\u00f5es e projetos que executa junto \u00e0 sociedade civil organizada. E o principal servi\u00e7o ser\u00e1 os cursos que ser\u00e3o oferecidos pelo programa \u201cLideran\u00e7a em Destaque\u201d, que foi lan\u00e7ado nessa quarta-feira (9).&nbsp;<\/p>\n\n\n\n<p>O Lideran\u00e7a em Destaque \u00e9 um programa&nbsp;&nbsp;proposto pela Secretaria de Rela\u00e7\u00f5es Sociais (Seres), em parceria com a Secretaria de Estado da Administra\u00e7\u00e3o (Sead) e a Escola de Governo, que visa oferecer forma\u00e7\u00e3o \u00e0s lideran\u00e7as das organiza\u00e7\u00f5es da sociedade civil para ampliar a participa\u00e7\u00e3o na constru\u00e7\u00e3o das pol\u00edticas p\u00fablicas e fortalecer o di\u00e1logo institucional entre Governo e sociedade nos 12 territ\u00f3rios de desenvolvimento do Piau\u00ed.<\/p>\n\n\n\n<p>O programa ofertar\u00e1 uma grade de nove cursos, desde \u201cElabora\u00e7\u00e3o de Projetos de Impacto Social\u201d a \u201cOrat\u00f3ria para Lideran\u00e7as\u201d, voltados para capacitar l\u00edderes de organiza\u00e7\u00f5es da sociedade civil para atuarem de forma estrat\u00e9gica, \u00e9tica e eficaz na gest\u00e3o de suas institui\u00e7\u00f5es, promovendo a\u00e7\u00f5es coletivas e sustent\u00e1veis.&nbsp;<\/p>\n\n\n\n<p>Em Picos, o programa ofertar\u00e1 nesta sexta (11) dois cursos para as lideran\u00e7as comunit\u00e1rias atrav\u00e9s da Escola de Governo. Confira os cursos:<\/p>\n\n\n\n<ul>\n<li>08h00 \u00e0s 12h00: Capacita\u00e7\u00e3o para concorrer a editais p\u00fablicos;<\/li>\n\n\n\n<li>14h00 \u00e0s 17h00: T\u00e9cnicas de comunica\u00e7\u00e3o assertiva para lideran\u00e7as.<\/li>\n<\/ul>\n\n\n\n<p><\/p>\n\n\n\n<p>No s\u00e1bado (12), de 8h \u00e0s 12h30, a Seres tamb\u00e9m tem participa\u00e7\u00e3o nas oficinas para a revis\u00e3o do Plano Plurianual (PPA) e, a partir das 14h, do di\u00e1logo aberto entre o governador Rafael Fonteles e a comunidade local.\u00a0<\/p>\n\n\n\n<p><strong>Di\u00e1logos pelo Piau\u00ed<\/strong><\/p>\n\n\n\n<p>O projeto Di\u00e1logos pelo Piau\u00ed vai passar por todos os 12 territ\u00f3rios de desenvolvimento, entre os meses de abril e setembro. Al\u00e9m de Picos, o evento ser\u00e1 realizado nas cidades de Piripiri, Floriano, Campo Maior, Uru\u00e7u\u00ed, Bom Jesus, Parna\u00edba, S\u00e3o Raimundo Nonato, Oeiras, Paulistana, Valen\u00e7a e Teresina.<\/p>\n\n\n\n<p><br><\/p>\n","protected":false},"excerpt":{"rendered":"<p>A Secretaria de Rela\u00e7\u00f5es Sociais tamb\u00e9m estar\u00e1 com o stand durante todo o evento em Picos. A Secretaria de Rela\u00e7\u00f5es Sociais (SERES) participar\u00e1 do primeiro encontro do projeto Di\u00e1logos pelo [&hellip;]<\/p>\n","protected":false},"author":1821,"featured_media":3266,"comment_status":"closed","ping_status":"closed","sticky":true,"template":"","format":"standard","meta":[],"categories":[34,1],"tags":[47,41],"featured_image_urls":{"full":["https:\/\/portal.pi.gov.br\/seres\/wp-content\/uploads\/sites\/87\/2025\/04\/4df1b889-8acd-4f19-b68d-30e2919c32f6.jpeg",1080,549,false],"thumbnail":["https:\/\/portal.pi.gov.br\/seres\/wp-content\/uploads\/sites\/87\/2025\/04\/4df1b889-8acd-4f19-b68d-30e2919c32f6-150x150.jpeg",150,150,true],"medium":["https:\/\/portal.pi.gov.br\/seres\/wp-content\/uploads\/sites\/87\/2025\/04\/4df1b889-8acd-4f19-b68d-30e2919c32f6-300x153.jpeg",300,153,true],"medium_large":["https:\/\/portal.pi.gov.br\/seres\/wp-content\/uploads\/sites\/87\/2025\/04\/4df1b889-8acd-4f19-b68d-30e2919c32f6-768x390.jpeg",768,390,true],"large":["https:\/\/portal.pi.gov.br\/seres\/wp-content\/uploads\/sites\/87\/2025\/04\/4df1b889-8acd-4f19-b68d-30e2919c32f6-1024x521.jpeg",887,451,true],"sgg-420":["https:\/\/portal.pi.gov.br\/seres\/wp-content\/uploads\/sites\/87\/2025\/04\/4df1b889-8acd-4f19-b68d-30e2919c32f6-420x214.jpeg",420,214,true],"sgg-540":["https:\/\/portal.pi.gov.br\/seres\/wp-content\/uploads\/sites\/87\/2025\/04\/4df1b889-8acd-4f19-b68d-30e2919c32f6-540x275.jpeg",540,275,true],"sgg-780":["https:\/\/portal.pi.gov.br\/seres\/wp-content\/uploads\/sites\/87\/2025\/04\/4df1b889-8acd-4f19-b68d-30e2919c32f6-780x397.jpeg",780,397,true],"1536x1536":["https:\/\/portal.pi.gov.br\/seres\/wp-content\/uploads\/sites\/87\/2025\/04\/4df1b889-8acd-4f19-b68d-30e2919c32f6.jpeg",1080,549,false],"2048x2048":["https:\/\/portal.pi.gov.br\/seres\/wp-content\/uploads\/sites\/87\/2025\/04\/4df1b889-8acd-4f19-b68d-30e2919c32f6.jpeg",1080,549,false],"homepage-slider":["https:\/\/portal.pi.gov.br\/seres\/wp-content\/uploads\/sites\/87\/2025\/04\/4df1b889-8acd-4f19-b68d-30e2919c32f6-1080x500.jpeg",1080,500,true],"homepage-slider-small":["https:\/\/portal.pi.gov.br\/seres\/wp-content\/uploads\/sites\/87\/2025\/04\/4df1b889-8acd-4f19-b68d-30e2919c32f6-947x500.jpeg",947,500,true],"page-top":["https:\/\/portal.pi.gov.br\/seres\/wp-content\/uploads\/sites\/87\/2025\/04\/4df1b889-8acd-4f19-b68d-30e2919c32f6-947x481.jpeg",947,481,true],"page-small":["https:\/\/portal.pi.gov.br\/seres\/wp-content\/uploads\/sites\/87\/2025\/04\/4df1b889-8acd-4f19-b68d-30e2919c32f6-624x317.jpeg",624,317,true],"loop-main":["https:\/\/portal.pi.gov.br\/seres\/wp-content\/uploads\/sites\/87\/2025\/04\/4df1b889-8acd-4f19-b68d-30e2919c32f6-365x240.jpeg",365,240,true],"thumb-gallery-widget":["https:\/\/portal.pi.gov.br\/seres\/wp-content\/uploads\/sites\/87\/2025\/04\/4df1b889-8acd-4f19-b68d-30e2919c32f6-84x56.jpeg",84,56,true]},"post_excerpt_stackable":"<p>A Secretaria de Rela\u00e7\u00f5es Sociais tamb\u00e9m estar\u00e1 com o stand durante todo o evento em Picos. A Secretaria de Rela\u00e7\u00f5es Sociais (SERES) participar\u00e1 do primeiro encontro do projeto Di\u00e1logos pelo Piau\u00ed nos dias 11 e 12 de abril, em Picos. O objetivo do evento \u00e9 levar as a\u00e7\u00f5es de governo, presta\u00e7\u00e3o de contas e planejamento participativo \u00e0 popula\u00e7\u00e3o dos 12 territ\u00f3rios de desenvolvimento do estado. Durante os dois dias, a Secretaria estar\u00e1 com um stand de atendimento ao p\u00fablico para informar todas as a\u00e7\u00f5es e projetos que executa junto \u00e0 sociedade civil organizada. E o principal servi\u00e7o ser\u00e1 os cursos&hellip;<\/p>\n","category_list":"<a href=\"https:\/\/portal.pi.gov.br\/seres\/category\/noticias\/\" rel=\"category tag\">Not\u00edcias<\/a>, <a href=\"https:\/\/portal.pi.gov.br\/seres\/category\/sem-categoria\/\" rel=\"category tag\">Sem categoria<\/a>","author_info":{"name":"alineraquel","url":"https:\/\/portal.pi.gov.br\/seres\/author\/alineraquel\/"},"comments_num":"0 coment\u00e1rio","featured_image_urls_v2":{"full":["https:\/\/portal.pi.gov.br\/seres\/wp-content\/uploads\/sites\/87\/2025\/04\/4df1b889-8acd-4f19-b68d-30e2919c32f6.jpeg",1080,549,false],"thumbnail":["https:\/\/portal.pi.gov.br\/seres\/wp-content\/uploads\/sites\/87\/2025\/04\/4df1b889-8acd-4f19-b68d-30e2919c32f6-150x150.jpeg",150,150,true],"medium":["https:\/\/portal.pi.gov.br\/seres\/wp-content\/uploads\/sites\/87\/2025\/04\/4df1b889-8acd-4f19-b68d-30e2919c32f6-300x153.jpeg",300,153,true],"medium_large":["https:\/\/portal.pi.gov.br\/seres\/wp-content\/uploads\/sites\/87\/2025\/04\/4df1b889-8acd-4f19-b68d-30e2919c32f6-768x390.jpeg",768,390,true],"large":["https:\/\/portal.pi.gov.br\/seres\/wp-content\/uploads\/sites\/87\/2025\/04\/4df1b889-8acd-4f19-b68d-30e2919c32f6-1024x521.jpeg",887,451,true],"sgg-420":["https:\/\/portal.pi.gov.br\/seres\/wp-content\/uploads\/sites\/87\/2025\/04\/4df1b889-8acd-4f19-b68d-30e2919c32f6-420x214.jpeg",420,214,true],"sgg-540":["https:\/\/portal.pi.gov.br\/seres\/wp-content\/uploads\/sites\/87\/2025\/04\/4df1b889-8acd-4f19-b68d-30e2919c32f6-540x275.jpeg",540,275,true],"sgg-780":["https:\/\/portal.pi.gov.br\/seres\/wp-content\/uploads\/sites\/87\/2025\/04\/4df1b889-8acd-4f19-b68d-30e2919c32f6-780x397.jpeg",780,397,true],"1536x1536":["https:\/\/portal.pi.gov.br\/seres\/wp-content\/uploads\/sites\/87\/2025\/04\/4df1b889-8acd-4f19-b68d-30e2919c32f6.jpeg",1080,549,false],"2048x2048":["https:\/\/portal.pi.gov.br\/seres\/wp-content\/uploads\/sites\/87\/2025\/04\/4df1b889-8acd-4f19-b68d-30e2919c32f6.jpeg",1080,549,false],"homepage-slider":["https:\/\/portal.pi.gov.br\/seres\/wp-content\/uploads\/sites\/87\/2025\/04\/4df1b889-8acd-4f19-b68d-30e2919c32f6-1080x500.jpeg",1080,500,true],"homepage-slider-small":["https:\/\/portal.pi.gov.br\/seres\/wp-content\/uploads\/sites\/87\/2025\/04\/4df1b889-8acd-4f19-b68d-30e2919c32f6-947x500.jpeg",947,500,true],"page-top":["https:\/\/portal.pi.gov.br\/seres\/wp-content\/uploads\/sites\/87\/2025\/04\/4df1b889-8acd-4f19-b68d-30e2919c32f6-947x481.jpeg",947,481,true],"page-small":["https:\/\/portal.pi.gov.br\/seres\/wp-content\/uploads\/sites\/87\/2025\/04\/4df1b889-8acd-4f19-b68d-30e2919c32f6-624x317.jpeg",624,317,true],"loop-main":["https:\/\/portal.pi.gov.br\/seres\/wp-content\/uploads\/sites\/87\/2025\/04\/4df1b889-8acd-4f19-b68d-30e2919c32f6-365x240.jpeg",365,240,true],"thumb-gallery-widget":["https:\/\/portal.pi.gov.br\/seres\/wp-content\/uploads\/sites\/87\/2025\/04\/4df1b889-8acd-4f19-b68d-30e2919c32f6-84x56.jpeg",84,56,true]},"post_excerpt_stackable_v2":"<p>A Secretaria de Rela\u00e7\u00f5es Sociais tamb\u00e9m estar\u00e1 com o stand durante todo o evento em Picos. A Secretaria de Rela\u00e7\u00f5es Sociais (SERES) participar\u00e1 do primeiro encontro do projeto Di\u00e1logos pelo Piau\u00ed nos dias 11 e 12 de abril, em Picos. O objetivo do evento \u00e9 levar as a\u00e7\u00f5es de governo, presta\u00e7\u00e3o de contas e planejamento participativo \u00e0 popula\u00e7\u00e3o dos 12 territ\u00f3rios de desenvolvimento do estado. Durante os dois dias, a Secretaria estar\u00e1 com um stand de atendimento ao p\u00fablico para informar todas as a\u00e7\u00f5es e projetos que executa junto \u00e0 sociedade civil organizada. E o principal servi\u00e7o ser\u00e1 os cursos&hellip;<\/p>\n","category_list_v2":"<a href=\"https:\/\/portal.pi.gov.br\/seres\/category\/noticias\/\" rel=\"category tag\">Not\u00edcias<\/a>, <a href=\"https:\/\/portal.pi.gov.br\/seres\/category\/sem-categoria\/\" rel=\"category tag\">Sem categoria<\/a>","author_info_v2":{"name":"alineraquel","url":"https:\/\/portal.pi.gov.br\/seres\/author\/alineraquel\/"},"comments_num_v2":"0 coment\u00e1rio","jetpack_featured_media_url":"https:\/\/portal.pi.gov.br\/seres\/wp-content\/uploads\/sites\/87\/2025\/04\/4df1b889-8acd-4f19-b68d-30e2919c32f6.jpeg","_links":{"self":[{"href":"https:\/\/portal.pi.gov.br\/seres\/wp-json\/wp\/v2\/posts\/3265"}],"collection":[{"href":"https:\/\/portal.pi.gov.br\/seres\/wp-json\/wp\/v2\/posts"}],"about":[{"href":"https:\/\/portal.pi.gov.br\/seres\/wp-json\/wp\/v2\/types\/post"}],"author":[{"embeddable":true,"href":"https:\/\/portal.pi.gov.br\/seres\/wp-json\/wp\/v2\/users\/1821"}],"replies":[{"embeddable":true,"href":"https:\/\/portal.pi.gov.br\/seres\/wp-json\/wp\/v2\/comments?post=3265"}],"version-history":[{"count":4,"href":"https:\/\/portal.pi.gov.br\/seres\/wp-json\/wp\/v2\/posts\/3265\/revisions"}],"predecessor-version":[{"id":3272,"href":"https:\/\/portal.pi.gov.br\/seres\/wp-json\/wp\/v2\/posts\/3265\/revisions\/3272"}],"wp:featuredmedia":[{"embeddable":true,"href":"https:\/\/portal.pi.gov.br\/seres\/wp-json\/wp\/v2\/media\/3266"}],"wp:attachment":[{"href":"https:\/\/portal.pi.gov.br\/seres\/wp-json\/wp\/v2\/media?parent=3265"}],"wp:term":[{"taxonomy":"category","embeddable":true,"href":"https:\/\/portal.pi.gov.br\/seres\/wp-json\/wp\/v2\/categories?post=3265"},{"taxonomy":"post_tag","embeddable":true,"href":"https:\/\/portal.pi.gov.br\/seres\/wp-json\/wp\/v2\/tags?post=3265"}],"curies":[{"name":"wp","href":"https:\/\/api.w.org\/{rel}","templated":true}]}}