{"id":3274,"date":"2025-04-16T12:52:12","date_gmt":"2025-04-16T15:52:12","guid":{"rendered":"https:\/\/portal.pi.gov.br\/seres\/?p=3274"},"modified":"2025-04-16T12:56:12","modified_gmt":"2025-04-16T15:56:12","slug":"seres-amplia-a-participacao-social-atraves-do-programa-lideranca-em-destaque","status":"publish","type":"post","link":"https:\/\/portal.pi.gov.br\/seres\/2025\/04\/16\/seres-amplia-a-participacao-social-atraves-do-programa-lideranca-em-destaque\/","title":{"rendered":"Seres amplia participa\u00e7\u00e3o social atrav\u00e9s do programa \u201cLideran\u00e7a em Destaque\u201d"},"content":{"rendered":"\n<p><\/p>\n\n\n\n<p>Seres levou o programa \u201cLideran\u00e7a em Destaque\u201d para o primeiro encontro do Di\u00e1logos pelo Piau\u00ed, em Picos<\/p>\n\n\n\n<p>A Secretaria de Rela\u00e7\u00f5es Sociais (SERES) participou do evento de lan\u00e7amento do projeto Di\u00e1logos pelo Piau\u00ed, nos dias 11 e 12 de abril, em Picos. Na ocasi\u00e3o, teve in\u00edcio as  primeiras turmas de alunos do programa \u201cLideran\u00e7a em Destaque\u201d com os cursos: Capacita\u00e7\u00e3o para concorrer a editais p\u00fablicos e T\u00e9cnicas de comunica\u00e7\u00e3o assertiva para lideran\u00e7as.<\/p>\n\n\n\n<p>Janu\u00e1rio Jo\u00e3o de Ara\u00fajo, da comunidade Lagoa do Cajueiro, um projeto de assentamento da Agrovila, foi um dos alunos e destacou a import\u00e2ncia de conhecer os projetos do governo e ver quais s\u00e3o os editais que v\u00e3o ser publicados para ajudar as associa\u00e7\u00f5es a adquirirem recursos para administrar seus projetos. \u201cAs associa\u00e7\u00f5es est\u00e3o muito carentes, mas muitas vezes, n\u00e3o procuram ou n\u00e3o sabem como procurar os seus direitos e onde eles est\u00e3o. Por isso esta capacita\u00e7\u00e3o foi uma grande oportunidade para n\u00f3s\u201d, explicou.<\/p>\n\n\n<div class=\"wp-block-image\">\n<figure class=\"aligncenter size-large is-resized\"><img decoding=\"async\" loading=\"lazy\" src=\"https:\/\/portal.pi.gov.br\/seres\/wp-content\/uploads\/sites\/87\/2025\/04\/WhatsApp-Image-2025-04-16-at-12.14.27-1024x768.jpeg\" alt=\"\" class=\"wp-image-3277\" width=\"601\" height=\"451\" srcset=\"https:\/\/portal.pi.gov.br\/seres\/wp-content\/uploads\/sites\/87\/2025\/04\/WhatsApp-Image-2025-04-16-at-12.14.27-1024x768.jpeg 1024w, https:\/\/portal.pi.gov.br\/seres\/wp-content\/uploads\/sites\/87\/2025\/04\/WhatsApp-Image-2025-04-16-at-12.14.27-300x225.jpeg 300w, https:\/\/portal.pi.gov.br\/seres\/wp-content\/uploads\/sites\/87\/2025\/04\/WhatsApp-Image-2025-04-16-at-12.14.27-768x576.jpeg 768w, https:\/\/portal.pi.gov.br\/seres\/wp-content\/uploads\/sites\/87\/2025\/04\/WhatsApp-Image-2025-04-16-at-12.14.27-420x315.jpeg 420w, https:\/\/portal.pi.gov.br\/seres\/wp-content\/uploads\/sites\/87\/2025\/04\/WhatsApp-Image-2025-04-16-at-12.14.27-540x405.jpeg 540w, https:\/\/portal.pi.gov.br\/seres\/wp-content\/uploads\/sites\/87\/2025\/04\/WhatsApp-Image-2025-04-16-at-12.14.27-780x585.jpeg 780w, https:\/\/portal.pi.gov.br\/seres\/wp-content\/uploads\/sites\/87\/2025\/04\/WhatsApp-Image-2025-04-16-at-12.14.27-1536x1152.jpeg 1536w, https:\/\/portal.pi.gov.br\/seres\/wp-content\/uploads\/sites\/87\/2025\/04\/WhatsApp-Image-2025-04-16-at-12.14.27-947x710.jpeg 947w, https:\/\/portal.pi.gov.br\/seres\/wp-content\/uploads\/sites\/87\/2025\/04\/WhatsApp-Image-2025-04-16-at-12.14.27-624x468.jpeg 624w, https:\/\/portal.pi.gov.br\/seres\/wp-content\/uploads\/sites\/87\/2025\/04\/WhatsApp-Image-2025-04-16-at-12.14.27.jpeg 1600w\" sizes=\"(max-width: 601px) 100vw, 601px\" \/><\/figure><\/div>\n\n\n<p>A secret\u00e1ria de Estado das Rela\u00e7\u00f5es Sociais, N\u00fabia Lopes, ressaltou o feedback positivo que recebeu dos alunos. \u201cEstamos finalizando agora o segundo curso do programa \u201cLideran\u00e7a em Destaque\u201d, quando nos integramos com os estudantes em uma troca de experi\u00eancia incr\u00edvel, trabalhando a comunica\u00e7\u00e3o assertiva. Estamos muito felizes com essa energia, com esse olhar positivo, com essa perseveran\u00e7a e n\u00f3s vamos percorrer os outros 11 territ\u00f3rios, porque o primeiro n\u00f3s j\u00e1 cumprimos. <\/p>\n\n\n\n<p>O \u201cLideran\u00e7a em Destaque\u201d \u00e9 um programa que, de fato, vai transformar a vida das comunidades. O objetivo \u00e9 que todos consigam elaborar projetos, acessando recursos para desenvolv\u00ea-los, tendo acesso \u00e0s pol\u00edticas p\u00fablicas para melhorar suas vidas\u201d, explicou a secret\u00e1ria.<\/p>\n\n\n\n<p>Erika, gerente da Escola de Governo, comemorou o sucesso dos cursos. \u201cFoi muito produtivo, pr\u00e1tico e com muitas din\u00e2micas. Tenho certeza que todo mundo saiu daqui com uma bagagem de aprendizado bacana. Estamos nos despedindo com uma troca incr\u00edvel com as lideran\u00e7as, entendendo os seus clamores e as suas necessidades. Pela manh\u00e3 tivemos a parte de forma\u00e7\u00e3o e a tarde, <\/p>\n\n\n<div class=\"wp-block-image\">\n<figure class=\"aligncenter size-large is-resized\"><img decoding=\"async\" loading=\"lazy\" src=\"https:\/\/portal.pi.gov.br\/seres\/wp-content\/uploads\/sites\/87\/2025\/04\/WhatsApp-Image-2025-04-16-at-12.15.17-1-1024x768.jpeg\" alt=\"\" class=\"wp-image-3279\" width=\"567\" height=\"425\" srcset=\"https:\/\/portal.pi.gov.br\/seres\/wp-content\/uploads\/sites\/87\/2025\/04\/WhatsApp-Image-2025-04-16-at-12.15.17-1-1024x768.jpeg 1024w, https:\/\/portal.pi.gov.br\/seres\/wp-content\/uploads\/sites\/87\/2025\/04\/WhatsApp-Image-2025-04-16-at-12.15.17-1-300x225.jpeg 300w, https:\/\/portal.pi.gov.br\/seres\/wp-content\/uploads\/sites\/87\/2025\/04\/WhatsApp-Image-2025-04-16-at-12.15.17-1-768x576.jpeg 768w, https:\/\/portal.pi.gov.br\/seres\/wp-content\/uploads\/sites\/87\/2025\/04\/WhatsApp-Image-2025-04-16-at-12.15.17-1-420x315.jpeg 420w, https:\/\/portal.pi.gov.br\/seres\/wp-content\/uploads\/sites\/87\/2025\/04\/WhatsApp-Image-2025-04-16-at-12.15.17-1-540x405.jpeg 540w, https:\/\/portal.pi.gov.br\/seres\/wp-content\/uploads\/sites\/87\/2025\/04\/WhatsApp-Image-2025-04-16-at-12.15.17-1-780x585.jpeg 780w, https:\/\/portal.pi.gov.br\/seres\/wp-content\/uploads\/sites\/87\/2025\/04\/WhatsApp-Image-2025-04-16-at-12.15.17-1-1536x1152.jpeg 1536w, https:\/\/portal.pi.gov.br\/seres\/wp-content\/uploads\/sites\/87\/2025\/04\/WhatsApp-Image-2025-04-16-at-12.15.17-1-947x710.jpeg 947w, https:\/\/portal.pi.gov.br\/seres\/wp-content\/uploads\/sites\/87\/2025\/04\/WhatsApp-Image-2025-04-16-at-12.15.17-1-624x468.jpeg 624w, https:\/\/portal.pi.gov.br\/seres\/wp-content\/uploads\/sites\/87\/2025\/04\/WhatsApp-Image-2025-04-16-at-12.15.17-1.jpeg 1600w\" sizes=\"(max-width: 567px) 100vw, 567px\" \/><\/figure><\/div>\n\n\n<p>a orienta\u00e7\u00e3o para que essas lideran\u00e7as possam buscar os projetos, a capta\u00e7\u00e3o de recursos. Foi um dia maravilhoso de muito trabalho, mas tamb\u00e9m de muito aprendizado\u201d, concluiu.<\/p>\n\n\n\n<p>O Lideran\u00e7a em Destaque \u00e9 um programa proposto pela Secretaria de Rela\u00e7\u00f5es Sociais (Seres), em parceria com a Secretaria de Estado da Administra\u00e7\u00e3o (Sead) e com a Escola de Governo, que visa oferecer forma\u00e7\u00e3o \u00e0s lideran\u00e7as das organiza\u00e7\u00f5es da sociedade civil para ampliar a participa\u00e7\u00e3o na constru\u00e7\u00e3o das pol\u00edticas p\u00fablicas e fortalecer o di\u00e1logo institucional entre Governo e sociedade nos 12 territ\u00f3rios de desenvolvimento do Piau\u00ed. <\/p>\n\n\n\n<p>O programa ofertar\u00e1 uma grade de nove cursos, desde \u201cElabora\u00e7\u00e3o de Projetos de Impacto Social\u201d a \u201cOrat\u00f3ria para Lideran\u00e7as\u201d, voltados para capacitar l\u00edderes de organiza\u00e7\u00f5es da sociedade civil para atuarem de forma estrat\u00e9gica, \u00e9tica e eficaz na gest\u00e3o de suas institui\u00e7\u00f5es, promovendo a\u00e7\u00f5es coletivas e sustent\u00e1veis. <\/p>\n\n\n\n<p>O projeto Di\u00e1logos pelo Piau\u00ed vai passar por todos os 12 territ\u00f3rios de desenvolvimento, entre os meses de abril e setembro. Al\u00e9m de Picos, o evento ser\u00e1 realizado nas cidades de Piripiri, Floriano, Campo Maior, Uru\u00e7u\u00ed, Bom Jesus, Parna\u00edba, S\u00e3o Raimundo Nonato, Oeiras, Paulistana, Valen\u00e7a e Teresina.<\/p>\n\n\n\n<p><\/p>\n\n\n\n<p>Por: Cristiana Nunes <\/p>\n","protected":false},"excerpt":{"rendered":"<p>Seres levou o programa \u201cLideran\u00e7a em Destaque\u201d para o primeiro encontro do Di\u00e1logos pelo Piau\u00ed, em Picos A Secretaria de Rela\u00e7\u00f5es Sociais (SERES) participou do evento de lan\u00e7amento do projeto [&hellip;]<\/p>\n","protected":false},"author":1748,"featured_media":3275,"comment_status":"closed","ping_status":"closed","sticky":false,"template":"","format":"standard","meta":[],"categories":[34],"tags":[],"featured_image_urls":{"full":["https:\/\/portal.pi.gov.br\/seres\/wp-content\/uploads\/sites\/87\/2025\/04\/WhatsApp-Image-2025-04-16-at-12.14.26.jpeg",1600,1200,false],"thumbnail":["https:\/\/portal.pi.gov.br\/seres\/wp-content\/uploads\/sites\/87\/2025\/04\/WhatsApp-Image-2025-04-16-at-12.14.26-150x150.jpeg",150,150,true],"medium":["https:\/\/portal.pi.gov.br\/seres\/wp-content\/uploads\/sites\/87\/2025\/04\/WhatsApp-Image-2025-04-16-at-12.14.26-300x225.jpeg",300,225,true],"medium_large":["https:\/\/portal.pi.gov.br\/seres\/wp-content\/uploads\/sites\/87\/2025\/04\/WhatsApp-Image-2025-04-16-at-12.14.26-768x576.jpeg",768,576,true],"large":["https:\/\/portal.pi.gov.br\/seres\/wp-content\/uploads\/sites\/87\/2025\/04\/WhatsApp-Image-2025-04-16-at-12.14.26-1024x768.jpeg",887,665,true],"sgg-420":["https:\/\/portal.pi.gov.br\/seres\/wp-content\/uploads\/sites\/87\/2025\/04\/WhatsApp-Image-2025-04-16-at-12.14.26-420x315.jpeg",420,315,true],"sgg-540":["https:\/\/portal.pi.gov.br\/seres\/wp-content\/uploads\/sites\/87\/2025\/04\/WhatsApp-Image-2025-04-16-at-12.14.26-540x405.jpeg",540,405,true],"sgg-780":["https:\/\/portal.pi.gov.br\/seres\/wp-content\/uploads\/sites\/87\/2025\/04\/WhatsApp-Image-2025-04-16-at-12.14.26-780x585.jpeg",780,585,true],"1536x1536":["https:\/\/portal.pi.gov.br\/seres\/wp-content\/uploads\/sites\/87\/2025\/04\/WhatsApp-Image-2025-04-16-at-12.14.26-1536x1152.jpeg",1536,1152,true],"2048x2048":["https:\/\/portal.pi.gov.br\/seres\/wp-content\/uploads\/sites\/87\/2025\/04\/WhatsApp-Image-2025-04-16-at-12.14.26.jpeg",1600,1200,false],"homepage-slider":["https:\/\/portal.pi.gov.br\/seres\/wp-content\/uploads\/sites\/87\/2025\/04\/WhatsApp-Image-2025-04-16-at-12.14.26-1270x500.jpeg",1270,500,true],"homepage-slider-small":["https:\/\/portal.pi.gov.br\/seres\/wp-content\/uploads\/sites\/87\/2025\/04\/WhatsApp-Image-2025-04-16-at-12.14.26-947x500.jpeg",947,500,true],"page-top":["https:\/\/portal.pi.gov.br\/seres\/wp-content\/uploads\/sites\/87\/2025\/04\/WhatsApp-Image-2025-04-16-at-12.14.26-947x710.jpeg",947,710,true],"page-small":["https:\/\/portal.pi.gov.br\/seres\/wp-content\/uploads\/sites\/87\/2025\/04\/WhatsApp-Image-2025-04-16-at-12.14.26-624x468.jpeg",624,468,true],"loop-main":["https:\/\/portal.pi.gov.br\/seres\/wp-content\/uploads\/sites\/87\/2025\/04\/WhatsApp-Image-2025-04-16-at-12.14.26-365x240.jpeg",365,240,true],"thumb-gallery-widget":["https:\/\/portal.pi.gov.br\/seres\/wp-content\/uploads\/sites\/87\/2025\/04\/WhatsApp-Image-2025-04-16-at-12.14.26-84x56.jpeg",84,56,true]},"post_excerpt_stackable":"<p>Seres levou o programa \u201cLideran\u00e7a em Destaque\u201d para o primeiro encontro do Di\u00e1logos pelo Piau\u00ed, em Picos A Secretaria de Rela\u00e7\u00f5es Sociais (SERES) participou do evento de lan\u00e7amento do projeto Di\u00e1logos pelo Piau\u00ed, nos dias 11 e 12 de abril, em Picos. Na ocasi\u00e3o, teve in\u00edcio as primeiras turmas de alunos do programa \u201cLideran\u00e7a em Destaque\u201d com os cursos: Capacita\u00e7\u00e3o para concorrer a editais p\u00fablicos e T\u00e9cnicas de comunica\u00e7\u00e3o assertiva para lideran\u00e7as. Janu\u00e1rio Jo\u00e3o de Ara\u00fajo, da comunidade Lagoa do Cajueiro, um projeto de assentamento da Agrovila, foi um dos alunos e destacou a import\u00e2ncia de conhecer os projetos do&hellip;<\/p>\n","category_list":"<a href=\"https:\/\/portal.pi.gov.br\/seres\/category\/noticias\/\" rel=\"category tag\">Not\u00edcias<\/a>","author_info":{"name":"natalina","url":"https:\/\/portal.pi.gov.br\/seres\/author\/natalina\/"},"comments_num":"0 coment\u00e1rio","featured_image_urls_v2":{"full":["https:\/\/portal.pi.gov.br\/seres\/wp-content\/uploads\/sites\/87\/2025\/04\/WhatsApp-Image-2025-04-16-at-12.14.26.jpeg",1600,1200,false],"thumbnail":["https:\/\/portal.pi.gov.br\/seres\/wp-content\/uploads\/sites\/87\/2025\/04\/WhatsApp-Image-2025-04-16-at-12.14.26-150x150.jpeg",150,150,true],"medium":["https:\/\/portal.pi.gov.br\/seres\/wp-content\/uploads\/sites\/87\/2025\/04\/WhatsApp-Image-2025-04-16-at-12.14.26-300x225.jpeg",300,225,true],"medium_large":["https:\/\/portal.pi.gov.br\/seres\/wp-content\/uploads\/sites\/87\/2025\/04\/WhatsApp-Image-2025-04-16-at-12.14.26-768x576.jpeg",768,576,true],"large":["https:\/\/portal.pi.gov.br\/seres\/wp-content\/uploads\/sites\/87\/2025\/04\/WhatsApp-Image-2025-04-16-at-12.14.26-1024x768.jpeg",887,665,true],"sgg-420":["https:\/\/portal.pi.gov.br\/seres\/wp-content\/uploads\/sites\/87\/2025\/04\/WhatsApp-Image-2025-04-16-at-12.14.26-420x315.jpeg",420,315,true],"sgg-540":["https:\/\/portal.pi.gov.br\/seres\/wp-content\/uploads\/sites\/87\/2025\/04\/WhatsApp-Image-2025-04-16-at-12.14.26-540x405.jpeg",540,405,true],"sgg-780":["https:\/\/portal.pi.gov.br\/seres\/wp-content\/uploads\/sites\/87\/2025\/04\/WhatsApp-Image-2025-04-16-at-12.14.26-780x585.jpeg",780,585,true],"1536x1536":["https:\/\/portal.pi.gov.br\/seres\/wp-content\/uploads\/sites\/87\/2025\/04\/WhatsApp-Image-2025-04-16-at-12.14.26-1536x1152.jpeg",1536,1152,true],"2048x2048":["https:\/\/portal.pi.gov.br\/seres\/wp-content\/uploads\/sites\/87\/2025\/04\/WhatsApp-Image-2025-04-16-at-12.14.26.jpeg",1600,1200,false],"homepage-slider":["https:\/\/portal.pi.gov.br\/seres\/wp-content\/uploads\/sites\/87\/2025\/04\/WhatsApp-Image-2025-04-16-at-12.14.26-1270x500.jpeg",1270,500,true],"homepage-slider-small":["https:\/\/portal.pi.gov.br\/seres\/wp-content\/uploads\/sites\/87\/2025\/04\/WhatsApp-Image-2025-04-16-at-12.14.26-947x500.jpeg",947,500,true],"page-top":["https:\/\/portal.pi.gov.br\/seres\/wp-content\/uploads\/sites\/87\/2025\/04\/WhatsApp-Image-2025-04-16-at-12.14.26-947x710.jpeg",947,710,true],"page-small":["https:\/\/portal.pi.gov.br\/seres\/wp-content\/uploads\/sites\/87\/2025\/04\/WhatsApp-Image-2025-04-16-at-12.14.26-624x468.jpeg",624,468,true],"loop-main":["https:\/\/portal.pi.gov.br\/seres\/wp-content\/uploads\/sites\/87\/2025\/04\/WhatsApp-Image-2025-04-16-at-12.14.26-365x240.jpeg",365,240,true],"thumb-gallery-widget":["https:\/\/portal.pi.gov.br\/seres\/wp-content\/uploads\/sites\/87\/2025\/04\/WhatsApp-Image-2025-04-16-at-12.14.26-84x56.jpeg",84,56,true]},"post_excerpt_stackable_v2":"<p>Seres levou o programa \u201cLideran\u00e7a em Destaque\u201d para o primeiro encontro do Di\u00e1logos pelo Piau\u00ed, em Picos A Secretaria de Rela\u00e7\u00f5es Sociais (SERES) participou do evento de lan\u00e7amento do projeto Di\u00e1logos pelo Piau\u00ed, nos dias 11 e 12 de abril, em Picos. Na ocasi\u00e3o, teve in\u00edcio as primeiras turmas de alunos do programa \u201cLideran\u00e7a em Destaque\u201d com os cursos: Capacita\u00e7\u00e3o para concorrer a editais p\u00fablicos e T\u00e9cnicas de comunica\u00e7\u00e3o assertiva para lideran\u00e7as. Janu\u00e1rio Jo\u00e3o de Ara\u00fajo, da comunidade Lagoa do Cajueiro, um projeto de assentamento da Agrovila, foi um dos alunos e destacou a import\u00e2ncia de conhecer os projetos do&hellip;<\/p>\n","category_list_v2":"<a href=\"https:\/\/portal.pi.gov.br\/seres\/category\/noticias\/\" rel=\"category tag\">Not\u00edcias<\/a>","author_info_v2":{"name":"natalina","url":"https:\/\/portal.pi.gov.br\/seres\/author\/natalina\/"},"comments_num_v2":"0 coment\u00e1rio","jetpack_featured_media_url":"https:\/\/portal.pi.gov.br\/seres\/wp-content\/uploads\/sites\/87\/2025\/04\/WhatsApp-Image-2025-04-16-at-12.14.26.jpeg","_links":{"self":[{"href":"https:\/\/portal.pi.gov.br\/seres\/wp-json\/wp\/v2\/posts\/3274"}],"collection":[{"href":"https:\/\/portal.pi.gov.br\/seres\/wp-json\/wp\/v2\/posts"}],"about":[{"href":"https:\/\/portal.pi.gov.br\/seres\/wp-json\/wp\/v2\/types\/post"}],"author":[{"embeddable":true,"href":"https:\/\/portal.pi.gov.br\/seres\/wp-json\/wp\/v2\/users\/1748"}],"replies":[{"embeddable":true,"href":"https:\/\/portal.pi.gov.br\/seres\/wp-json\/wp\/v2\/comments?post=3274"}],"version-history":[{"count":5,"href":"https:\/\/portal.pi.gov.br\/seres\/wp-json\/wp\/v2\/posts\/3274\/revisions"}],"predecessor-version":[{"id":3284,"href":"https:\/\/portal.pi.gov.br\/seres\/wp-json\/wp\/v2\/posts\/3274\/revisions\/3284"}],"wp:featuredmedia":[{"embeddable":true,"href":"https:\/\/portal.pi.gov.br\/seres\/wp-json\/wp\/v2\/media\/3275"}],"wp:attachment":[{"href":"https:\/\/portal.pi.gov.br\/seres\/wp-json\/wp\/v2\/media?parent=3274"}],"wp:term":[{"taxonomy":"category","embeddable":true,"href":"https:\/\/portal.pi.gov.br\/seres\/wp-json\/wp\/v2\/categories?post=3274"},{"taxonomy":"post_tag","embeddable":true,"href":"https:\/\/portal.pi.gov.br\/seres\/wp-json\/wp\/v2\/tags?post=3274"}],"curies":[{"name":"wp","href":"https:\/\/api.w.org\/{rel}","templated":true}]}}