{"id":3286,"date":"2025-04-24T15:15:16","date_gmt":"2025-04-24T18:15:16","guid":{"rendered":"https:\/\/portal.pi.gov.br\/seres\/?p=3286"},"modified":"2025-04-24T15:26:34","modified_gmt":"2025-04-24T18:26:34","slug":"dialogos-pelo-piaui-seres-leva-programa-lideranca-em-destaque-para-territorio-dos-cocais","status":"publish","type":"post","link":"https:\/\/portal.pi.gov.br\/seres\/2025\/04\/24\/dialogos-pelo-piaui-seres-leva-programa-lideranca-em-destaque-para-territorio-dos-cocais\/","title":{"rendered":"Di\u00e1logos pelo Piau\u00ed: Seres leva programa &#8220;Lideran\u00e7a em Destaque&#8221; para Territ\u00f3rio dos Cocais"},"content":{"rendered":"\n<p><\/p>\n\n\n\n<p>&nbsp;O projeto chega, nesta sexta-feira (25), a Piripiri, no Territ\u00f3rio dos Cocais, formado por 22 munic\u00edpios.&nbsp;<\/p>\n\n\n\n<p><\/p>\n\n\n\n<p>A segunda edi\u00e7\u00e3o do Di\u00e1logos pelo Piau\u00ed inicia nesta sexta-feira (25) e acontece at\u00e9 o s\u00e1bado (26). Durante os dois dias ser\u00e3o oferecidos 40 servi\u00e7os realizados por v\u00e1rios \u00f3rg\u00e3os do Governo do Estado, al\u00e9m de oficinas e plen\u00e1rias para popula\u00e7\u00e3o, onde ser\u00e3o discutidas propostas para compor o Plano Plurianual (PPA) 2024-2027. O governador Rafael Fonteles estar\u00e1 presente no evento, no s\u00e1bado (26).<\/p>\n\n\n\n<p>A Secretaria de Rela\u00e7\u00f5es Sociais levar\u00e1 os servi\u00e7os importantes do programa &#8220;Lideran\u00e7a em Destaque&#8221;. O Lideran\u00e7a em Destaque \u00e9 um programa promovido pela Seres em parceira com a Sead, atrav\u00e9s da Escola de Governo. Na sexta-feira (25) ser\u00e3o ministrados dois cursos no evento para as lideran\u00e7as comunit\u00e1rias de Piripiri, que ser\u00e3o os cursos: Comunica\u00e7\u00e3o Assertiva para Lideran\u00e7as e Capacita\u00e7\u00e3o para Concorrer a Editais P\u00fablicos. O local onde ser\u00e3o realizadas as forma\u00e7\u00f5es ser\u00e1 na sede da Faculdade CHRISFAPI.<\/p>\n\n\n\n<p>O Di\u00e1logos pelo Piau\u00ed vai percorrer os 12 Territ\u00f3rios de Desenvolvimento (TDs) do Estado. A primeira cidade a receber o evento foi Picos, no Territ\u00f3rio Vale do Rio Guaribas, nos dias 11 e 12 de abril. Durante os dois dias, foram realizados cerca de 2 mil atendimentos, superando as expectativas. A plataforma Made In Piau\u00ed e a emiss\u00e3o da nova Carteira de Identidade foram os servi\u00e7os mais demandados.<\/p>\n\n\n\n<p><strong>Demais servi\u00e7os<\/strong><\/p>\n\n\n\n<p>Entre outros servi\u00e7os disponibilizados para a popula\u00e7\u00e3o est\u00e3o linhas de cr\u00e9dito, renova\u00e7\u00e3o da CNH, cursos de qualifica\u00e7\u00e3o de mec\u00e2nica de moto, emiss\u00e3o da carteira do autista, Passe Livre Intermunicipal, Passe Cultura, testagem r\u00e1pida na \u00e1rea de sa\u00fade, entre outros.<\/p>\n\n\n\n<p>Por meio de oficinas tem\u00e1ticas e plen\u00e1rias, a popula\u00e7\u00e3o pode contribuir com propostas para as pol\u00edticas p\u00fablicas, fortalecendo a transpar\u00eancia e a governan\u00e7a participativa.<\/p>\n\n\n\n<p><strong>Programa\u00e7\u00e3o do Di\u00e1logos pelo Piau\u00ed em Piripiri<\/strong><\/p>\n\n\n\n<p><strong>Sexta, 25 de abril<\/strong><\/p>\n\n\n\n<p><strong>Feira de Servi\u00e7os<\/strong><br>Hor\u00e1rio: 8h \u00e0s 12h e das 16h \u00e0s 20h<br>Local: Pra\u00e7a da Bandeira, em frente \u00e0 Igreja Matriz Nossa Senhora dos Rem\u00e9dios<\/p>\n\n\n\n<p><strong>Capacita\u00e7\u00f5es Setoriais<\/strong><br>Hor\u00e1rio: 8h \u00e0s 12h e 14h \u00e0s 18h<br>Local: Faculdade Chrisfapi<\/p>\n\n\n\n<p><strong>S\u00e1bado, 26 de abril<\/strong><\/p>\n\n\n\n<p><strong>Feira de Servi\u00e7os<\/strong><br>Hor\u00e1rio: 8h \u00e0s 12h e das 16h \u00e0s 20h<br>Local: Pra\u00e7a da Bandeira, em frente \u00e0 Igreja Matriz Nossa Senhora dos Rem\u00e9dios<\/p>\n\n\n\n<p><strong>Oficinas de Planejamento Participativo<\/strong><br>Hor\u00e1rio: 8h \u00e0s 13h<br>Local: Faculdade Chrisfapi<\/p>\n\n\n\n<p><strong>Plen\u00e1ria com o Governador<\/strong><br>Hor\u00e1rio: 15h \u00e0s 17h<br>Local: AABB de Piripiri<\/p>\n\n\n\n<p><\/p>\n","protected":false},"excerpt":{"rendered":"<p>&nbsp;O projeto chega, nesta sexta-feira (25), a Piripiri, no Territ\u00f3rio dos Cocais, formado por 22 munic\u00edpios.&nbsp; A segunda edi\u00e7\u00e3o do Di\u00e1logos pelo Piau\u00ed inicia nesta sexta-feira (25) e acontece at\u00e9 [&hellip;]<\/p>\n","protected":false},"author":1821,"featured_media":3287,"comment_status":"closed","ping_status":"closed","sticky":true,"template":"","format":"standard","meta":[],"categories":[34],"tags":[47,63,41],"featured_image_urls":{"full":["https:\/\/portal.pi.gov.br\/seres\/wp-content\/uploads\/sites\/87\/2025\/04\/8940b1c3-c703-41e4-9ce0-a2d558969999.jpeg",720,348,false],"thumbnail":["https:\/\/portal.pi.gov.br\/seres\/wp-content\/uploads\/sites\/87\/2025\/04\/8940b1c3-c703-41e4-9ce0-a2d558969999-150x150.jpeg",150,150,true],"medium":["https:\/\/portal.pi.gov.br\/seres\/wp-content\/uploads\/sites\/87\/2025\/04\/8940b1c3-c703-41e4-9ce0-a2d558969999-300x145.jpeg",300,145,true],"medium_large":["https:\/\/portal.pi.gov.br\/seres\/wp-content\/uploads\/sites\/87\/2025\/04\/8940b1c3-c703-41e4-9ce0-a2d558969999.jpeg",720,348,false],"large":["https:\/\/portal.pi.gov.br\/seres\/wp-content\/uploads\/sites\/87\/2025\/04\/8940b1c3-c703-41e4-9ce0-a2d558969999.jpeg",720,348,false],"sgg-420":["https:\/\/portal.pi.gov.br\/seres\/wp-content\/uploads\/sites\/87\/2025\/04\/8940b1c3-c703-41e4-9ce0-a2d558969999-420x203.jpeg",420,203,true],"sgg-540":["https:\/\/portal.pi.gov.br\/seres\/wp-content\/uploads\/sites\/87\/2025\/04\/8940b1c3-c703-41e4-9ce0-a2d558969999-540x261.jpeg",540,261,true],"sgg-780":["https:\/\/portal.pi.gov.br\/seres\/wp-content\/uploads\/sites\/87\/2025\/04\/8940b1c3-c703-41e4-9ce0-a2d558969999.jpeg",720,348,false],"1536x1536":["https:\/\/portal.pi.gov.br\/seres\/wp-content\/uploads\/sites\/87\/2025\/04\/8940b1c3-c703-41e4-9ce0-a2d558969999.jpeg",720,348,false],"2048x2048":["https:\/\/portal.pi.gov.br\/seres\/wp-content\/uploads\/sites\/87\/2025\/04\/8940b1c3-c703-41e4-9ce0-a2d558969999.jpeg",720,348,false],"homepage-slider":["https:\/\/portal.pi.gov.br\/seres\/wp-content\/uploads\/sites\/87\/2025\/04\/8940b1c3-c703-41e4-9ce0-a2d558969999.jpeg",720,348,false],"homepage-slider-small":["https:\/\/portal.pi.gov.br\/seres\/wp-content\/uploads\/sites\/87\/2025\/04\/8940b1c3-c703-41e4-9ce0-a2d558969999.jpeg",720,348,false],"page-top":["https:\/\/portal.pi.gov.br\/seres\/wp-content\/uploads\/sites\/87\/2025\/04\/8940b1c3-c703-41e4-9ce0-a2d558969999.jpeg",720,348,false],"page-small":["https:\/\/portal.pi.gov.br\/seres\/wp-content\/uploads\/sites\/87\/2025\/04\/8940b1c3-c703-41e4-9ce0-a2d558969999-624x302.jpeg",624,302,true],"loop-main":["https:\/\/portal.pi.gov.br\/seres\/wp-content\/uploads\/sites\/87\/2025\/04\/8940b1c3-c703-41e4-9ce0-a2d558969999-365x240.jpeg",365,240,true],"thumb-gallery-widget":["https:\/\/portal.pi.gov.br\/seres\/wp-content\/uploads\/sites\/87\/2025\/04\/8940b1c3-c703-41e4-9ce0-a2d558969999-84x56.jpeg",84,56,true]},"post_excerpt_stackable":"<p>&nbsp;O projeto chega, nesta sexta-feira (25), a Piripiri, no Territ\u00f3rio dos Cocais, formado por 22 munic\u00edpios.&nbsp; A segunda edi\u00e7\u00e3o do Di\u00e1logos pelo Piau\u00ed inicia nesta sexta-feira (25) e acontece at\u00e9 o s\u00e1bado (26). Durante os dois dias ser\u00e3o oferecidos 40 servi\u00e7os realizados por v\u00e1rios \u00f3rg\u00e3os do Governo do Estado, al\u00e9m de oficinas e plen\u00e1rias para popula\u00e7\u00e3o, onde ser\u00e3o discutidas propostas para compor o Plano Plurianual (PPA) 2024-2027. O governador Rafael Fonteles estar\u00e1 presente no evento, no s\u00e1bado (26). A Secretaria de Rela\u00e7\u00f5es Sociais levar\u00e1 os servi\u00e7os importantes do programa &#8220;Lideran\u00e7a em Destaque&#8221;. O Lideran\u00e7a em Destaque \u00e9 um programa promovido&hellip;<\/p>\n","category_list":"<a href=\"https:\/\/portal.pi.gov.br\/seres\/category\/noticias\/\" rel=\"category tag\">Not\u00edcias<\/a>","author_info":{"name":"alineraquel","url":"https:\/\/portal.pi.gov.br\/seres\/author\/alineraquel\/"},"comments_num":"0 coment\u00e1rio","featured_image_urls_v2":{"full":["https:\/\/portal.pi.gov.br\/seres\/wp-content\/uploads\/sites\/87\/2025\/04\/8940b1c3-c703-41e4-9ce0-a2d558969999.jpeg",720,348,false],"thumbnail":["https:\/\/portal.pi.gov.br\/seres\/wp-content\/uploads\/sites\/87\/2025\/04\/8940b1c3-c703-41e4-9ce0-a2d558969999-150x150.jpeg",150,150,true],"medium":["https:\/\/portal.pi.gov.br\/seres\/wp-content\/uploads\/sites\/87\/2025\/04\/8940b1c3-c703-41e4-9ce0-a2d558969999-300x145.jpeg",300,145,true],"medium_large":["https:\/\/portal.pi.gov.br\/seres\/wp-content\/uploads\/sites\/87\/2025\/04\/8940b1c3-c703-41e4-9ce0-a2d558969999.jpeg",720,348,false],"large":["https:\/\/portal.pi.gov.br\/seres\/wp-content\/uploads\/sites\/87\/2025\/04\/8940b1c3-c703-41e4-9ce0-a2d558969999.jpeg",720,348,false],"sgg-420":["https:\/\/portal.pi.gov.br\/seres\/wp-content\/uploads\/sites\/87\/2025\/04\/8940b1c3-c703-41e4-9ce0-a2d558969999-420x203.jpeg",420,203,true],"sgg-540":["https:\/\/portal.pi.gov.br\/seres\/wp-content\/uploads\/sites\/87\/2025\/04\/8940b1c3-c703-41e4-9ce0-a2d558969999-540x261.jpeg",540,261,true],"sgg-780":["https:\/\/portal.pi.gov.br\/seres\/wp-content\/uploads\/sites\/87\/2025\/04\/8940b1c3-c703-41e4-9ce0-a2d558969999.jpeg",720,348,false],"1536x1536":["https:\/\/portal.pi.gov.br\/seres\/wp-content\/uploads\/sites\/87\/2025\/04\/8940b1c3-c703-41e4-9ce0-a2d558969999.jpeg",720,348,false],"2048x2048":["https:\/\/portal.pi.gov.br\/seres\/wp-content\/uploads\/sites\/87\/2025\/04\/8940b1c3-c703-41e4-9ce0-a2d558969999.jpeg",720,348,false],"homepage-slider":["https:\/\/portal.pi.gov.br\/seres\/wp-content\/uploads\/sites\/87\/2025\/04\/8940b1c3-c703-41e4-9ce0-a2d558969999.jpeg",720,348,false],"homepage-slider-small":["https:\/\/portal.pi.gov.br\/seres\/wp-content\/uploads\/sites\/87\/2025\/04\/8940b1c3-c703-41e4-9ce0-a2d558969999.jpeg",720,348,false],"page-top":["https:\/\/portal.pi.gov.br\/seres\/wp-content\/uploads\/sites\/87\/2025\/04\/8940b1c3-c703-41e4-9ce0-a2d558969999.jpeg",720,348,false],"page-small":["https:\/\/portal.pi.gov.br\/seres\/wp-content\/uploads\/sites\/87\/2025\/04\/8940b1c3-c703-41e4-9ce0-a2d558969999-624x302.jpeg",624,302,true],"loop-main":["https:\/\/portal.pi.gov.br\/seres\/wp-content\/uploads\/sites\/87\/2025\/04\/8940b1c3-c703-41e4-9ce0-a2d558969999-365x240.jpeg",365,240,true],"thumb-gallery-widget":["https:\/\/portal.pi.gov.br\/seres\/wp-content\/uploads\/sites\/87\/2025\/04\/8940b1c3-c703-41e4-9ce0-a2d558969999-84x56.jpeg",84,56,true]},"post_excerpt_stackable_v2":"<p>&nbsp;O projeto chega, nesta sexta-feira (25), a Piripiri, no Territ\u00f3rio dos Cocais, formado por 22 munic\u00edpios.&nbsp; A segunda edi\u00e7\u00e3o do Di\u00e1logos pelo Piau\u00ed inicia nesta sexta-feira (25) e acontece at\u00e9 o s\u00e1bado (26). Durante os dois dias ser\u00e3o oferecidos 40 servi\u00e7os realizados por v\u00e1rios \u00f3rg\u00e3os do Governo do Estado, al\u00e9m de oficinas e plen\u00e1rias para popula\u00e7\u00e3o, onde ser\u00e3o discutidas propostas para compor o Plano Plurianual (PPA) 2024-2027. O governador Rafael Fonteles estar\u00e1 presente no evento, no s\u00e1bado (26). A Secretaria de Rela\u00e7\u00f5es Sociais levar\u00e1 os servi\u00e7os importantes do programa &#8220;Lideran\u00e7a em Destaque&#8221;. O Lideran\u00e7a em Destaque \u00e9 um programa promovido&hellip;<\/p>\n","category_list_v2":"<a href=\"https:\/\/portal.pi.gov.br\/seres\/category\/noticias\/\" rel=\"category tag\">Not\u00edcias<\/a>","author_info_v2":{"name":"alineraquel","url":"https:\/\/portal.pi.gov.br\/seres\/author\/alineraquel\/"},"comments_num_v2":"0 coment\u00e1rio","jetpack_featured_media_url":"https:\/\/portal.pi.gov.br\/seres\/wp-content\/uploads\/sites\/87\/2025\/04\/8940b1c3-c703-41e4-9ce0-a2d558969999.jpeg","_links":{"self":[{"href":"https:\/\/portal.pi.gov.br\/seres\/wp-json\/wp\/v2\/posts\/3286"}],"collection":[{"href":"https:\/\/portal.pi.gov.br\/seres\/wp-json\/wp\/v2\/posts"}],"about":[{"href":"https:\/\/portal.pi.gov.br\/seres\/wp-json\/wp\/v2\/types\/post"}],"author":[{"embeddable":true,"href":"https:\/\/portal.pi.gov.br\/seres\/wp-json\/wp\/v2\/users\/1821"}],"replies":[{"embeddable":true,"href":"https:\/\/portal.pi.gov.br\/seres\/wp-json\/wp\/v2\/comments?post=3286"}],"version-history":[{"count":3,"href":"https:\/\/portal.pi.gov.br\/seres\/wp-json\/wp\/v2\/posts\/3286\/revisions"}],"predecessor-version":[{"id":3290,"href":"https:\/\/portal.pi.gov.br\/seres\/wp-json\/wp\/v2\/posts\/3286\/revisions\/3290"}],"wp:featuredmedia":[{"embeddable":true,"href":"https:\/\/portal.pi.gov.br\/seres\/wp-json\/wp\/v2\/media\/3287"}],"wp:attachment":[{"href":"https:\/\/portal.pi.gov.br\/seres\/wp-json\/wp\/v2\/media?parent=3286"}],"wp:term":[{"taxonomy":"category","embeddable":true,"href":"https:\/\/portal.pi.gov.br\/seres\/wp-json\/wp\/v2\/categories?post=3286"},{"taxonomy":"post_tag","embeddable":true,"href":"https:\/\/portal.pi.gov.br\/seres\/wp-json\/wp\/v2\/tags?post=3286"}],"curies":[{"name":"wp","href":"https:\/\/api.w.org\/{rel}","templated":true}]}}