{"id":3291,"date":"2025-04-25T19:35:57","date_gmt":"2025-04-25T22:35:57","guid":{"rendered":"https:\/\/portal.pi.gov.br\/seres\/?p=3291"},"modified":"2025-08-07T21:24:29","modified_gmt":"2025-08-08T00:24:29","slug":"liderancas-comunitarias-da-regiao-de-piripiri-participam-de-cursos-ofertados-durante-o-dialogos-pelo-piaui","status":"publish","type":"post","link":"https:\/\/portal.pi.gov.br\/seres\/2025\/04\/25\/liderancas-comunitarias-da-regiao-de-piripiri-participam-de-cursos-ofertados-durante-o-dialogos-pelo-piaui\/","title":{"rendered":"Atrav\u00e9s do programa Lideran\u00e7a em Destaque representantes da sociedade civil organizada tem acesso a cursos de forma\u00e7\u00e3o promovido pela SERES durante o Di\u00e1logos Pelo Piau\u00ed"},"content":{"rendered":"\n<p>Foram ministrados, durante a programa\u00e7\u00e3o do Di\u00e1logos pelo Piau\u00ed, os cursos \u201cComunica\u00e7\u00e3o Assertiva para Lideran\u00e7as\u201d e \u201cCapacita\u00e7\u00e3o para Concorrer a Editais P\u00fablicos\u201d<\/p>\n\n\n\n<p>A Secretaria de Estado das Rela\u00e7\u00f5es Sociais (Seres) realizou, durante a programa\u00e7\u00e3o do&nbsp; Di\u00e1logos pelo Piau\u00ed em Piripiri, nesta sexta (25), dois cursos voltados para lideran\u00e7as comunit\u00e1rias dentro do Programa \u201cLideran\u00e7a em Destaque\u201d. Os cursos t\u00eam o objetivo de promover capacita\u00e7\u00e3o de l\u00edderes para que suas comunidades possam ser beneficiadas com acesso a mais recursos e oportunidades.<\/p>\n\n\n<div class=\"wp-block-image\">\n<figure class=\"aligncenter size-large is-resized\"><img decoding=\"async\" loading=\"lazy\" src=\"https:\/\/portal.pi.gov.br\/seres\/wp-content\/uploads\/sites\/87\/2025\/04\/WhatsApp-Image-2025-04-25-at-14.33.08-1024x768.jpeg\" alt=\"\" class=\"wp-image-3295\" width=\"595\" height=\"446\" srcset=\"https:\/\/portal.pi.gov.br\/seres\/wp-content\/uploads\/sites\/87\/2025\/04\/WhatsApp-Image-2025-04-25-at-14.33.08-1024x768.jpeg 1024w, https:\/\/portal.pi.gov.br\/seres\/wp-content\/uploads\/sites\/87\/2025\/04\/WhatsApp-Image-2025-04-25-at-14.33.08-300x225.jpeg 300w, https:\/\/portal.pi.gov.br\/seres\/wp-content\/uploads\/sites\/87\/2025\/04\/WhatsApp-Image-2025-04-25-at-14.33.08-768x576.jpeg 768w, https:\/\/portal.pi.gov.br\/seres\/wp-content\/uploads\/sites\/87\/2025\/04\/WhatsApp-Image-2025-04-25-at-14.33.08-420x315.jpeg 420w, https:\/\/portal.pi.gov.br\/seres\/wp-content\/uploads\/sites\/87\/2025\/04\/WhatsApp-Image-2025-04-25-at-14.33.08-540x405.jpeg 540w, https:\/\/portal.pi.gov.br\/seres\/wp-content\/uploads\/sites\/87\/2025\/04\/WhatsApp-Image-2025-04-25-at-14.33.08-780x585.jpeg 780w, https:\/\/portal.pi.gov.br\/seres\/wp-content\/uploads\/sites\/87\/2025\/04\/WhatsApp-Image-2025-04-25-at-14.33.08-1536x1152.jpeg 1536w, https:\/\/portal.pi.gov.br\/seres\/wp-content\/uploads\/sites\/87\/2025\/04\/WhatsApp-Image-2025-04-25-at-14.33.08-947x710.jpeg 947w, https:\/\/portal.pi.gov.br\/seres\/wp-content\/uploads\/sites\/87\/2025\/04\/WhatsApp-Image-2025-04-25-at-14.33.08-624x468.jpeg 624w, https:\/\/portal.pi.gov.br\/seres\/wp-content\/uploads\/sites\/87\/2025\/04\/WhatsApp-Image-2025-04-25-at-14.33.08.jpeg 1600w\" sizes=\"(max-width: 595px) 100vw, 595px\" \/><\/figure><\/div>\n\n\n<p>\u201cA gest\u00e3o do governador Rafael Fonteles estabeleceu que \u00e9 preciso desenvolver o Estado, mas tem que desenvolver tamb\u00e9m as condi\u00e7\u00f5es de vida do nosso povo. Quando ele articula a vinda de um grande empreendimento, \u00e9 para o nosso povo poder acessar melhores condi\u00e7\u00f5es de vida. Nosso objetivo aqui com esse curso \u00e9 ofertar oportunidades de acesso a mais condi\u00e7\u00f5es de melhoria de vida\u201d, destaca a secret\u00e1ria N\u00fabia Lopes, da Seres.<\/p>\n\n\n<div class=\"wp-block-image\">\n<figure class=\"aligncenter size-large is-resized\"><img decoding=\"async\" loading=\"lazy\" src=\"https:\/\/portal.pi.gov.br\/seres\/wp-content\/uploads\/sites\/87\/2025\/04\/WhatsApp-Image-2025-04-25-at-14.46.33-1-1024x768.jpeg\" alt=\"\" class=\"wp-image-3292\" width=\"602\" height=\"452\" srcset=\"https:\/\/portal.pi.gov.br\/seres\/wp-content\/uploads\/sites\/87\/2025\/04\/WhatsApp-Image-2025-04-25-at-14.46.33-1-1024x768.jpeg 1024w, https:\/\/portal.pi.gov.br\/seres\/wp-content\/uploads\/sites\/87\/2025\/04\/WhatsApp-Image-2025-04-25-at-14.46.33-1-300x225.jpeg 300w, https:\/\/portal.pi.gov.br\/seres\/wp-content\/uploads\/sites\/87\/2025\/04\/WhatsApp-Image-2025-04-25-at-14.46.33-1-768x576.jpeg 768w, https:\/\/portal.pi.gov.br\/seres\/wp-content\/uploads\/sites\/87\/2025\/04\/WhatsApp-Image-2025-04-25-at-14.46.33-1-420x315.jpeg 420w, https:\/\/portal.pi.gov.br\/seres\/wp-content\/uploads\/sites\/87\/2025\/04\/WhatsApp-Image-2025-04-25-at-14.46.33-1-540x405.jpeg 540w, https:\/\/portal.pi.gov.br\/seres\/wp-content\/uploads\/sites\/87\/2025\/04\/WhatsApp-Image-2025-04-25-at-14.46.33-1-780x585.jpeg 780w, https:\/\/portal.pi.gov.br\/seres\/wp-content\/uploads\/sites\/87\/2025\/04\/WhatsApp-Image-2025-04-25-at-14.46.33-1-947x710.jpeg 947w, https:\/\/portal.pi.gov.br\/seres\/wp-content\/uploads\/sites\/87\/2025\/04\/WhatsApp-Image-2025-04-25-at-14.46.33-1-624x468.jpeg 624w, https:\/\/portal.pi.gov.br\/seres\/wp-content\/uploads\/sites\/87\/2025\/04\/WhatsApp-Image-2025-04-25-at-14.46.33-1.jpeg 1280w\" sizes=\"(max-width: 602px) 100vw, 602px\" \/><\/figure><\/div>\n\n\n<p>Foram ministrados, durante a programa\u00e7\u00e3o do Di\u00e1logos pelo Piau\u00ed, os cursos \u201cComunica\u00e7\u00e3o Assertiva para Lideran\u00e7as\u201d e \u201cCapacita\u00e7\u00e3o para Concorrer a Editais P\u00fablicos\u201d, na sede da Faculdade Chrisfapi.<\/p>\n\n\n\n<p>\u201cFoi muito importante o curso, com v\u00e1rios exemplos e situa\u00e7\u00f5es do dia a dia, com foco nas atividades produtivas, a\u00e7\u00f5es sociais, e deu para esclarecer muitas d\u00favidas. Espero que o programa d\u00ea mais oportunidades de aprendizado para estarmos preparados a concorrer nas chamadas p\u00fablicas\u201d, disse Wellington Paulo dos Santos, secret\u00e1rio da Associa\u00e7\u00e3o de Apicultores e Meliponicultores de Piripiri.<\/p>\n\n\n\n<p>Para a palestrante do curso, \u00e9 uma oportunidade de promover mais acesso \u00e0 cidadania. \u201cFoi uma manh\u00e3 riqu\u00edssima de aprendizado, v\u00e1rias lideran\u00e7as trazendo suas situa\u00e7\u00f5es e entendendo como buscar os recursos, como interpretar os editais e apresentar os projetos\u201d, afirmou Luciana Abreu Santos, ministrante do curso Como Acessar Editais.<\/p>\n\n\n<div class=\"wp-block-image\">\n<figure class=\"aligncenter size-large is-resized\"><img decoding=\"async\" loading=\"lazy\" src=\"https:\/\/portal.pi.gov.br\/seres\/wp-content\/uploads\/sites\/87\/2025\/04\/WhatsApp-Image-2025-04-25-at-14.33.07-1024x768.jpeg\" alt=\"\" class=\"wp-image-3297\" width=\"619\" height=\"464\" srcset=\"https:\/\/portal.pi.gov.br\/seres\/wp-content\/uploads\/sites\/87\/2025\/04\/WhatsApp-Image-2025-04-25-at-14.33.07-1024x768.jpeg 1024w, https:\/\/portal.pi.gov.br\/seres\/wp-content\/uploads\/sites\/87\/2025\/04\/WhatsApp-Image-2025-04-25-at-14.33.07-300x225.jpeg 300w, https:\/\/portal.pi.gov.br\/seres\/wp-content\/uploads\/sites\/87\/2025\/04\/WhatsApp-Image-2025-04-25-at-14.33.07-768x576.jpeg 768w, https:\/\/portal.pi.gov.br\/seres\/wp-content\/uploads\/sites\/87\/2025\/04\/WhatsApp-Image-2025-04-25-at-14.33.07-420x315.jpeg 420w, https:\/\/portal.pi.gov.br\/seres\/wp-content\/uploads\/sites\/87\/2025\/04\/WhatsApp-Image-2025-04-25-at-14.33.07-540x405.jpeg 540w, https:\/\/portal.pi.gov.br\/seres\/wp-content\/uploads\/sites\/87\/2025\/04\/WhatsApp-Image-2025-04-25-at-14.33.07-780x585.jpeg 780w, https:\/\/portal.pi.gov.br\/seres\/wp-content\/uploads\/sites\/87\/2025\/04\/WhatsApp-Image-2025-04-25-at-14.33.07-1536x1152.jpeg 1536w, https:\/\/portal.pi.gov.br\/seres\/wp-content\/uploads\/sites\/87\/2025\/04\/WhatsApp-Image-2025-04-25-at-14.33.07-947x710.jpeg 947w, https:\/\/portal.pi.gov.br\/seres\/wp-content\/uploads\/sites\/87\/2025\/04\/WhatsApp-Image-2025-04-25-at-14.33.07-624x468.jpeg 624w, https:\/\/portal.pi.gov.br\/seres\/wp-content\/uploads\/sites\/87\/2025\/04\/WhatsApp-Image-2025-04-25-at-14.33.07.jpeg 1600w\" sizes=\"(max-width: 619px) 100vw, 619px\" \/><\/figure><\/div>\n\n\n<p>Al\u00e9m das lideran\u00e7as de Piripiri, tamb\u00e9m participaram comunidades de outras cidades. \u201c\u00c9 muito gratificante a oportunidade de participar desse curso. N\u00e3o poder\u00edamos perder essa oportunidade de aprender para, em breve, participarmos dos pr\u00f3ximos editais e buscarmos beneficiar o nosso povo quilombola\u201d, disse Cl\u00e1udio Henrique, l\u00edder da comunidade Quilombo Olho d\u2019\u00c1gua dos Negros, zona rural de Esperantina.<\/p>\n\n\n\n<p>O Lideran\u00e7a em Destaque \u00e9 um programa promovido pela Seres em parceria com a Sead, atrav\u00e9s da Escola de Governo, que oferece forma\u00e7\u00e3o gratuita \u00e0s lideran\u00e7as das organiza\u00e7\u00f5es da sociedade civil nos 12 territ\u00f3rios de desenvolvimento do Piau\u00ed. O objetivo \u00e9 fortalecer o di\u00e1logo entre Governo e popula\u00e7\u00e3o, promover a escuta ativa e ampliar a presen\u00e7a da sociedade na constru\u00e7\u00e3o das pol\u00edticas p\u00fablicas.<\/p>\n\n\n\n<p>Repost:<a href=\"https:\/\/www.pi.gov.br\/\"> pi.gov.br<\/a><\/p>\n","protected":false},"excerpt":{"rendered":"<p>Foram ministrados, durante a programa\u00e7\u00e3o do Di\u00e1logos pelo Piau\u00ed, os cursos \u201cComunica\u00e7\u00e3o Assertiva para Lideran\u00e7as\u201d e \u201cCapacita\u00e7\u00e3o para Concorrer a Editais P\u00fablicos\u201d A Secretaria de Estado das Rela\u00e7\u00f5es Sociais (Seres) [&hellip;]<\/p>\n","protected":false},"author":1748,"featured_media":3302,"comment_status":"closed","ping_status":"closed","sticky":false,"template":"","format":"standard","meta":[],"categories":[34],"tags":[],"featured_image_urls":{"full":["https:\/\/portal.pi.gov.br\/seres\/wp-content\/uploads\/sites\/87\/2025\/04\/Design-sem-nome-scaled.jpg",2560,979,false],"thumbnail":["https:\/\/portal.pi.gov.br\/seres\/wp-content\/uploads\/sites\/87\/2025\/04\/Design-sem-nome-150x150.jpg",150,150,true],"medium":["https:\/\/portal.pi.gov.br\/seres\/wp-content\/uploads\/sites\/87\/2025\/04\/Design-sem-nome-300x115.jpg",300,115,true],"medium_large":["https:\/\/portal.pi.gov.br\/seres\/wp-content\/uploads\/sites\/87\/2025\/04\/Design-sem-nome-768x294.jpg",768,294,true],"large":["https:\/\/portal.pi.gov.br\/seres\/wp-content\/uploads\/sites\/87\/2025\/04\/Design-sem-nome-1024x392.jpg",887,340,true],"sgg-420":["https:\/\/portal.pi.gov.br\/seres\/wp-content\/uploads\/sites\/87\/2025\/04\/Design-sem-nome-420x161.jpg",420,161,true],"sgg-540":["https:\/\/portal.pi.gov.br\/seres\/wp-content\/uploads\/sites\/87\/2025\/04\/Design-sem-nome-540x207.jpg",540,207,true],"sgg-780":["https:\/\/portal.pi.gov.br\/seres\/wp-content\/uploads\/sites\/87\/2025\/04\/Design-sem-nome-780x298.jpg",780,298,true],"1536x1536":["https:\/\/portal.pi.gov.br\/seres\/wp-content\/uploads\/sites\/87\/2025\/04\/Design-sem-nome-1536x588.jpg",1536,588,true],"2048x2048":["https:\/\/portal.pi.gov.br\/seres\/wp-content\/uploads\/sites\/87\/2025\/04\/Design-sem-nome-2048x784.jpg",2048,784,true],"homepage-slider":["https:\/\/portal.pi.gov.br\/seres\/wp-content\/uploads\/sites\/87\/2025\/04\/Design-sem-nome-1270x500.jpg",1270,500,true],"homepage-slider-small":["https:\/\/portal.pi.gov.br\/seres\/wp-content\/uploads\/sites\/87\/2025\/04\/Design-sem-nome-947x500.jpg",947,500,true],"page-top":["https:\/\/portal.pi.gov.br\/seres\/wp-content\/uploads\/sites\/87\/2025\/04\/Design-sem-nome-947x362.jpg",947,362,true],"page-small":["https:\/\/portal.pi.gov.br\/seres\/wp-content\/uploads\/sites\/87\/2025\/04\/Design-sem-nome-624x239.jpg",624,239,true],"loop-main":["https:\/\/portal.pi.gov.br\/seres\/wp-content\/uploads\/sites\/87\/2025\/04\/Design-sem-nome-365x240.jpg",365,240,true],"thumb-gallery-widget":["https:\/\/portal.pi.gov.br\/seres\/wp-content\/uploads\/sites\/87\/2025\/04\/Design-sem-nome-84x56.jpg",84,56,true]},"post_excerpt_stackable":"<p>Foram ministrados, durante a programa\u00e7\u00e3o do Di\u00e1logos pelo Piau\u00ed, os cursos \u201cComunica\u00e7\u00e3o Assertiva para Lideran\u00e7as\u201d e \u201cCapacita\u00e7\u00e3o para Concorrer a Editais P\u00fablicos\u201d A Secretaria de Estado das Rela\u00e7\u00f5es Sociais (Seres) realizou, durante a programa\u00e7\u00e3o do&nbsp; Di\u00e1logos pelo Piau\u00ed em Piripiri, nesta sexta (25), dois cursos voltados para lideran\u00e7as comunit\u00e1rias dentro do Programa \u201cLideran\u00e7a em Destaque\u201d. Os cursos t\u00eam o objetivo de promover capacita\u00e7\u00e3o de l\u00edderes para que suas comunidades possam ser beneficiadas com acesso a mais recursos e oportunidades. \u201cA gest\u00e3o do governador Rafael Fonteles estabeleceu que \u00e9 preciso desenvolver o Estado, mas tem que desenvolver tamb\u00e9m as condi\u00e7\u00f5es de&hellip;<\/p>\n","category_list":"<a href=\"https:\/\/portal.pi.gov.br\/seres\/category\/noticias\/\" rel=\"category tag\">Not\u00edcias<\/a>","author_info":{"name":"natalina","url":"https:\/\/portal.pi.gov.br\/seres\/author\/natalina\/"},"comments_num":"0 coment\u00e1rio","featured_image_urls_v2":{"full":["https:\/\/portal.pi.gov.br\/seres\/wp-content\/uploads\/sites\/87\/2025\/04\/Design-sem-nome-scaled.jpg",2560,979,false],"thumbnail":["https:\/\/portal.pi.gov.br\/seres\/wp-content\/uploads\/sites\/87\/2025\/04\/Design-sem-nome-150x150.jpg",150,150,true],"medium":["https:\/\/portal.pi.gov.br\/seres\/wp-content\/uploads\/sites\/87\/2025\/04\/Design-sem-nome-300x115.jpg",300,115,true],"medium_large":["https:\/\/portal.pi.gov.br\/seres\/wp-content\/uploads\/sites\/87\/2025\/04\/Design-sem-nome-768x294.jpg",768,294,true],"large":["https:\/\/portal.pi.gov.br\/seres\/wp-content\/uploads\/sites\/87\/2025\/04\/Design-sem-nome-1024x392.jpg",887,340,true],"sgg-420":["https:\/\/portal.pi.gov.br\/seres\/wp-content\/uploads\/sites\/87\/2025\/04\/Design-sem-nome-420x161.jpg",420,161,true],"sgg-540":["https:\/\/portal.pi.gov.br\/seres\/wp-content\/uploads\/sites\/87\/2025\/04\/Design-sem-nome-540x207.jpg",540,207,true],"sgg-780":["https:\/\/portal.pi.gov.br\/seres\/wp-content\/uploads\/sites\/87\/2025\/04\/Design-sem-nome-780x298.jpg",780,298,true],"1536x1536":["https:\/\/portal.pi.gov.br\/seres\/wp-content\/uploads\/sites\/87\/2025\/04\/Design-sem-nome-1536x588.jpg",1536,588,true],"2048x2048":["https:\/\/portal.pi.gov.br\/seres\/wp-content\/uploads\/sites\/87\/2025\/04\/Design-sem-nome-2048x784.jpg",2048,784,true],"homepage-slider":["https:\/\/portal.pi.gov.br\/seres\/wp-content\/uploads\/sites\/87\/2025\/04\/Design-sem-nome-1270x500.jpg",1270,500,true],"homepage-slider-small":["https:\/\/portal.pi.gov.br\/seres\/wp-content\/uploads\/sites\/87\/2025\/04\/Design-sem-nome-947x500.jpg",947,500,true],"page-top":["https:\/\/portal.pi.gov.br\/seres\/wp-content\/uploads\/sites\/87\/2025\/04\/Design-sem-nome-947x362.jpg",947,362,true],"page-small":["https:\/\/portal.pi.gov.br\/seres\/wp-content\/uploads\/sites\/87\/2025\/04\/Design-sem-nome-624x239.jpg",624,239,true],"loop-main":["https:\/\/portal.pi.gov.br\/seres\/wp-content\/uploads\/sites\/87\/2025\/04\/Design-sem-nome-365x240.jpg",365,240,true],"thumb-gallery-widget":["https:\/\/portal.pi.gov.br\/seres\/wp-content\/uploads\/sites\/87\/2025\/04\/Design-sem-nome-84x56.jpg",84,56,true]},"post_excerpt_stackable_v2":"<p>Foram ministrados, durante a programa\u00e7\u00e3o do Di\u00e1logos pelo Piau\u00ed, os cursos \u201cComunica\u00e7\u00e3o Assertiva para Lideran\u00e7as\u201d e \u201cCapacita\u00e7\u00e3o para Concorrer a Editais P\u00fablicos\u201d A Secretaria de Estado das Rela\u00e7\u00f5es Sociais (Seres) realizou, durante a programa\u00e7\u00e3o do&nbsp; Di\u00e1logos pelo Piau\u00ed em Piripiri, nesta sexta (25), dois cursos voltados para lideran\u00e7as comunit\u00e1rias dentro do Programa \u201cLideran\u00e7a em Destaque\u201d. Os cursos t\u00eam o objetivo de promover capacita\u00e7\u00e3o de l\u00edderes para que suas comunidades possam ser beneficiadas com acesso a mais recursos e oportunidades. \u201cA gest\u00e3o do governador Rafael Fonteles estabeleceu que \u00e9 preciso desenvolver o Estado, mas tem que desenvolver tamb\u00e9m as condi\u00e7\u00f5es de&hellip;<\/p>\n","category_list_v2":"<a href=\"https:\/\/portal.pi.gov.br\/seres\/category\/noticias\/\" rel=\"category tag\">Not\u00edcias<\/a>","author_info_v2":{"name":"natalina","url":"https:\/\/portal.pi.gov.br\/seres\/author\/natalina\/"},"comments_num_v2":"0 coment\u00e1rio","jetpack_featured_media_url":"https:\/\/portal.pi.gov.br\/seres\/wp-content\/uploads\/sites\/87\/2025\/04\/Design-sem-nome-scaled.jpg","_links":{"self":[{"href":"https:\/\/portal.pi.gov.br\/seres\/wp-json\/wp\/v2\/posts\/3291"}],"collection":[{"href":"https:\/\/portal.pi.gov.br\/seres\/wp-json\/wp\/v2\/posts"}],"about":[{"href":"https:\/\/portal.pi.gov.br\/seres\/wp-json\/wp\/v2\/types\/post"}],"author":[{"embeddable":true,"href":"https:\/\/portal.pi.gov.br\/seres\/wp-json\/wp\/v2\/users\/1748"}],"replies":[{"embeddable":true,"href":"https:\/\/portal.pi.gov.br\/seres\/wp-json\/wp\/v2\/comments?post=3291"}],"version-history":[{"count":2,"href":"https:\/\/portal.pi.gov.br\/seres\/wp-json\/wp\/v2\/posts\/3291\/revisions"}],"predecessor-version":[{"id":4154,"href":"https:\/\/portal.pi.gov.br\/seres\/wp-json\/wp\/v2\/posts\/3291\/revisions\/4154"}],"wp:featuredmedia":[{"embeddable":true,"href":"https:\/\/portal.pi.gov.br\/seres\/wp-json\/wp\/v2\/media\/3302"}],"wp:attachment":[{"href":"https:\/\/portal.pi.gov.br\/seres\/wp-json\/wp\/v2\/media?parent=3291"}],"wp:term":[{"taxonomy":"category","embeddable":true,"href":"https:\/\/portal.pi.gov.br\/seres\/wp-json\/wp\/v2\/categories?post=3291"},{"taxonomy":"post_tag","embeddable":true,"href":"https:\/\/portal.pi.gov.br\/seres\/wp-json\/wp\/v2\/tags?post=3291"}],"curies":[{"name":"wp","href":"https:\/\/api.w.org\/{rel}","templated":true}]}}