{"id":3317,"date":"2025-05-02T17:09:43","date_gmt":"2025-05-02T20:09:43","guid":{"rendered":"https:\/\/portal.pi.gov.br\/seres\/?p=3317"},"modified":"2025-05-02T17:13:36","modified_gmt":"2025-05-02T20:13:36","slug":"seres-participa-da-segunda-edicao-do-papo-de-governanca","status":"publish","type":"post","link":"https:\/\/portal.pi.gov.br\/seres\/2025\/05\/02\/seres-participa-da-segunda-edicao-do-papo-de-governanca\/","title":{"rendered":"Seres participa da segunda edi\u00e7\u00e3o do Papo de Governan\u00e7a"},"content":{"rendered":"\n<p>O evento aconteceu nesta sexta-feira (2), no Centro de Eventos Sucesso.<\/p>\n\n\n\n<p><\/p>\n\n\n\n<figure class=\"wp-block-gallery has-nested-images columns-default is-cropped wp-block-gallery-1 is-layout-flex\">\n<figure class=\"wp-block-image size-large\"><img decoding=\"async\" loading=\"lazy\" width=\"1024\" height=\"768\" data-id=\"3310\"  src=\"https:\/\/portal.pi.gov.br\/seres\/wp-content\/uploads\/sites\/87\/2025\/05\/5c425172-6191-4cf4-8148-52239da54860-1024x768.jpeg\" alt=\"\" class=\"wp-image-3310\" srcset=\"https:\/\/portal.pi.gov.br\/seres\/wp-content\/uploads\/sites\/87\/2025\/05\/5c425172-6191-4cf4-8148-52239da54860-1024x768.jpeg 1024w, https:\/\/portal.pi.gov.br\/seres\/wp-content\/uploads\/sites\/87\/2025\/05\/5c425172-6191-4cf4-8148-52239da54860-300x225.jpeg 300w, https:\/\/portal.pi.gov.br\/seres\/wp-content\/uploads\/sites\/87\/2025\/05\/5c425172-6191-4cf4-8148-52239da54860-768x576.jpeg 768w, https:\/\/portal.pi.gov.br\/seres\/wp-content\/uploads\/sites\/87\/2025\/05\/5c425172-6191-4cf4-8148-52239da54860-420x315.jpeg 420w, https:\/\/portal.pi.gov.br\/seres\/wp-content\/uploads\/sites\/87\/2025\/05\/5c425172-6191-4cf4-8148-52239da54860-540x405.jpeg 540w, https:\/\/portal.pi.gov.br\/seres\/wp-content\/uploads\/sites\/87\/2025\/05\/5c425172-6191-4cf4-8148-52239da54860-780x585.jpeg 780w, https:\/\/portal.pi.gov.br\/seres\/wp-content\/uploads\/sites\/87\/2025\/05\/5c425172-6191-4cf4-8148-52239da54860-1536x1152.jpeg 1536w, https:\/\/portal.pi.gov.br\/seres\/wp-content\/uploads\/sites\/87\/2025\/05\/5c425172-6191-4cf4-8148-52239da54860-947x710.jpeg 947w, https:\/\/portal.pi.gov.br\/seres\/wp-content\/uploads\/sites\/87\/2025\/05\/5c425172-6191-4cf4-8148-52239da54860-624x468.jpeg 624w, https:\/\/portal.pi.gov.br\/seres\/wp-content\/uploads\/sites\/87\/2025\/05\/5c425172-6191-4cf4-8148-52239da54860.jpeg 1600w\" sizes=\"(max-width: 1024px) 100vw, 1024px\" \/><\/figure>\n<\/figure>\n\n\n\n<p><\/p>\n\n\n\n<p>O Governo do Estado do Piau\u00ed, por meio das Secretarias do Planejamento (Seplan) e de Intelig\u00eancia Artificial, Economia Digital, Ci\u00eancia, Tecnologia e Inova\u00e7\u00e3o (SIA), promoveu a segunda edi\u00e7\u00e3o do evento \u201cPapo de Governan\u00e7a: Governo, Economia e Sociedade Digital\u201d, que ocorreu das 8h \u00e0s 12h, no Centro de Eventos Sucesso, em Teresina.<\/p>\n\n\n\n<p>A secret\u00e1ria, N\u00fabia Lopes, e toda a equipe da Seres Piau\u00ed estiveram presentes no evento voltado para gestores e equipes t\u00e9cnicas dos \u00f3rg\u00e3os estaduais. O Papo de Governan\u00e7a apresentou os resultados alcan\u00e7ados na transforma\u00e7\u00e3o digital do Piau\u00ed, com \u00eanfase nas iniciativas que colocam o cidad\u00e3o no centro das pol\u00edticas p\u00fablicas. Al\u00e9m disso, o encontro promoveu debates sobre como a tecnologia e a inova\u00e7\u00e3o t\u00eam contribu\u00eddo para fortalecer a gest\u00e3o p\u00fablica, melhorar os servi\u00e7os oferecidos \u00e0 popula\u00e7\u00e3o e impulsionar a economia digital do estado.<\/p>\n\n\n\n<figure class=\"wp-block-gallery has-nested-images columns-default is-cropped wp-block-gallery-3 is-layout-flex\">\n<figure class=\"wp-block-image size-large\"><img decoding=\"async\" loading=\"lazy\" width=\"1024\" height=\"682\" data-id=\"3315\"  src=\"https:\/\/portal.pi.gov.br\/seres\/wp-content\/uploads\/sites\/87\/2025\/05\/a302d92f-8686-4204-a8f6-a1a2593cabd0-1024x682.jpeg\" alt=\"\" class=\"wp-image-3315\" srcset=\"https:\/\/portal.pi.gov.br\/seres\/wp-content\/uploads\/sites\/87\/2025\/05\/a302d92f-8686-4204-a8f6-a1a2593cabd0-1024x682.jpeg 1024w, https:\/\/portal.pi.gov.br\/seres\/wp-content\/uploads\/sites\/87\/2025\/05\/a302d92f-8686-4204-a8f6-a1a2593cabd0-300x200.jpeg 300w, https:\/\/portal.pi.gov.br\/seres\/wp-content\/uploads\/sites\/87\/2025\/05\/a302d92f-8686-4204-a8f6-a1a2593cabd0-768x512.jpeg 768w, https:\/\/portal.pi.gov.br\/seres\/wp-content\/uploads\/sites\/87\/2025\/05\/a302d92f-8686-4204-a8f6-a1a2593cabd0-420x280.jpeg 420w, https:\/\/portal.pi.gov.br\/seres\/wp-content\/uploads\/sites\/87\/2025\/05\/a302d92f-8686-4204-a8f6-a1a2593cabd0-540x360.jpeg 540w, https:\/\/portal.pi.gov.br\/seres\/wp-content\/uploads\/sites\/87\/2025\/05\/a302d92f-8686-4204-a8f6-a1a2593cabd0-780x520.jpeg 780w, https:\/\/portal.pi.gov.br\/seres\/wp-content\/uploads\/sites\/87\/2025\/05\/a302d92f-8686-4204-a8f6-a1a2593cabd0-1536x1023.jpeg 1536w, https:\/\/portal.pi.gov.br\/seres\/wp-content\/uploads\/sites\/87\/2025\/05\/a302d92f-8686-4204-a8f6-a1a2593cabd0-947x631.jpeg 947w, https:\/\/portal.pi.gov.br\/seres\/wp-content\/uploads\/sites\/87\/2025\/05\/a302d92f-8686-4204-a8f6-a1a2593cabd0-624x416.jpeg 624w, https:\/\/portal.pi.gov.br\/seres\/wp-content\/uploads\/sites\/87\/2025\/05\/a302d92f-8686-4204-a8f6-a1a2593cabd0-84x56.jpeg 84w, https:\/\/portal.pi.gov.br\/seres\/wp-content\/uploads\/sites\/87\/2025\/05\/a302d92f-8686-4204-a8f6-a1a2593cabd0.jpeg 1600w\" sizes=\"(max-width: 1024px) 100vw, 1024px\" \/><\/figure>\n<\/figure>\n\n\n\n<p><\/p>\n\n\n\n<p><\/p>\n\n\n\n<figure class=\"wp-block-gallery has-nested-images columns-default is-cropped wp-block-gallery-5 is-layout-flex\">\n<figure class=\"wp-block-image size-large\"><img decoding=\"async\" loading=\"lazy\" width=\"1024\" height=\"682\" data-id=\"3311\"  src=\"https:\/\/portal.pi.gov.br\/seres\/wp-content\/uploads\/sites\/87\/2025\/05\/6aa2ed46-a1d9-4e2e-99b7-df3f9b2d8070-1024x682.jpeg\" alt=\"\" class=\"wp-image-3311\" srcset=\"https:\/\/portal.pi.gov.br\/seres\/wp-content\/uploads\/sites\/87\/2025\/05\/6aa2ed46-a1d9-4e2e-99b7-df3f9b2d8070-1024x682.jpeg 1024w, https:\/\/portal.pi.gov.br\/seres\/wp-content\/uploads\/sites\/87\/2025\/05\/6aa2ed46-a1d9-4e2e-99b7-df3f9b2d8070-300x200.jpeg 300w, https:\/\/portal.pi.gov.br\/seres\/wp-content\/uploads\/sites\/87\/2025\/05\/6aa2ed46-a1d9-4e2e-99b7-df3f9b2d8070-768x512.jpeg 768w, https:\/\/portal.pi.gov.br\/seres\/wp-content\/uploads\/sites\/87\/2025\/05\/6aa2ed46-a1d9-4e2e-99b7-df3f9b2d8070-420x280.jpeg 420w, https:\/\/portal.pi.gov.br\/seres\/wp-content\/uploads\/sites\/87\/2025\/05\/6aa2ed46-a1d9-4e2e-99b7-df3f9b2d8070-540x360.jpeg 540w, https:\/\/portal.pi.gov.br\/seres\/wp-content\/uploads\/sites\/87\/2025\/05\/6aa2ed46-a1d9-4e2e-99b7-df3f9b2d8070-780x520.jpeg 780w, https:\/\/portal.pi.gov.br\/seres\/wp-content\/uploads\/sites\/87\/2025\/05\/6aa2ed46-a1d9-4e2e-99b7-df3f9b2d8070-1536x1023.jpeg 1536w, https:\/\/portal.pi.gov.br\/seres\/wp-content\/uploads\/sites\/87\/2025\/05\/6aa2ed46-a1d9-4e2e-99b7-df3f9b2d8070-947x631.jpeg 947w, https:\/\/portal.pi.gov.br\/seres\/wp-content\/uploads\/sites\/87\/2025\/05\/6aa2ed46-a1d9-4e2e-99b7-df3f9b2d8070-624x416.jpeg 624w, https:\/\/portal.pi.gov.br\/seres\/wp-content\/uploads\/sites\/87\/2025\/05\/6aa2ed46-a1d9-4e2e-99b7-df3f9b2d8070-84x56.jpeg 84w, https:\/\/portal.pi.gov.br\/seres\/wp-content\/uploads\/sites\/87\/2025\/05\/6aa2ed46-a1d9-4e2e-99b7-df3f9b2d8070.jpeg 1600w\" sizes=\"(max-width: 1024px) 100vw, 1024px\" \/><\/figure>\n<\/figure>\n\n\n\n<p><\/p>\n\n\n\n<p><\/p>\n\n\n\n<p>Foram abordados v\u00e1rios temas, entre eles a expans\u00e3o dos servi\u00e7os digitais por meio das plataformas Gov.PI Cidad\u00e3o e Gov.PI Empresas, a moderniza\u00e7\u00e3o da infraestrutura tecnol\u00f3gica e o uso de intelig\u00eancia artificial nas pol\u00edticas p\u00fablicas. O estado tem se destacado nacionalmente nesses aspectos, alcan\u00e7ando a terceira coloca\u00e7\u00e3o no \u00cdndice Abep-TIC de Oferta de Servi\u00e7os P\u00fablicos Digitais.<\/p>\n\n\n\n<p>Em sua fala, o governador do Piau\u00ed, Rafael Fonteles, destacou o compromisso da gest\u00e3o estadual com a transforma\u00e7\u00e3o digital e o est\u00edmulo \u00e0 economia do conhecimento. No evento, tamb\u00e9m foi anunciado para o m\u00eas de junho o lan\u00e7amento do SoberanIA, plataforma de intelig\u00eancia artificial do Governo do Piau\u00ed.<\/p>\n\n\n\n<p>\u201c\u00c9 papel do governo induzir os setores econ\u00f4micos e um dos que eu acho mais importantes para o desenvolvimento de um lugar \u00e9 a economia digital, dado que vivemos na era do conhecimento e da inova\u00e7\u00e3o da tecnologia\u201d, afirmou Fonteles.<\/p>\n\n\n\n<p>O evento representou uma importante oportunidade para consolidar aprendizados e fortalecer a articula\u00e7\u00e3o entre os diversos parceiros estrat\u00e9gicos do estado.<\/p>\n\n\n\n<p><\/p>\n\n\n\n<figure class=\"wp-block-gallery has-nested-images columns-default is-cropped wp-block-gallery-7 is-layout-flex\">\n<figure class=\"wp-block-image size-large\"><img decoding=\"async\" loading=\"lazy\" width=\"1024\" height=\"768\" data-id=\"3316\"  src=\"https:\/\/portal.pi.gov.br\/seres\/wp-content\/uploads\/sites\/87\/2025\/05\/c274dc44-5bbb-409a-af06-2f9cc57889e1-1024x768.jpeg\" alt=\"\" class=\"wp-image-3316\" srcset=\"https:\/\/portal.pi.gov.br\/seres\/wp-content\/uploads\/sites\/87\/2025\/05\/c274dc44-5bbb-409a-af06-2f9cc57889e1-1024x768.jpeg 1024w, https:\/\/portal.pi.gov.br\/seres\/wp-content\/uploads\/sites\/87\/2025\/05\/c274dc44-5bbb-409a-af06-2f9cc57889e1-300x225.jpeg 300w, https:\/\/portal.pi.gov.br\/seres\/wp-content\/uploads\/sites\/87\/2025\/05\/c274dc44-5bbb-409a-af06-2f9cc57889e1-768x576.jpeg 768w, https:\/\/portal.pi.gov.br\/seres\/wp-content\/uploads\/sites\/87\/2025\/05\/c274dc44-5bbb-409a-af06-2f9cc57889e1-420x315.jpeg 420w, https:\/\/portal.pi.gov.br\/seres\/wp-content\/uploads\/sites\/87\/2025\/05\/c274dc44-5bbb-409a-af06-2f9cc57889e1-540x405.jpeg 540w, https:\/\/portal.pi.gov.br\/seres\/wp-content\/uploads\/sites\/87\/2025\/05\/c274dc44-5bbb-409a-af06-2f9cc57889e1-780x585.jpeg 780w, https:\/\/portal.pi.gov.br\/seres\/wp-content\/uploads\/sites\/87\/2025\/05\/c274dc44-5bbb-409a-af06-2f9cc57889e1-1536x1152.jpeg 1536w, https:\/\/portal.pi.gov.br\/seres\/wp-content\/uploads\/sites\/87\/2025\/05\/c274dc44-5bbb-409a-af06-2f9cc57889e1-947x710.jpeg 947w, https:\/\/portal.pi.gov.br\/seres\/wp-content\/uploads\/sites\/87\/2025\/05\/c274dc44-5bbb-409a-af06-2f9cc57889e1-624x468.jpeg 624w, https:\/\/portal.pi.gov.br\/seres\/wp-content\/uploads\/sites\/87\/2025\/05\/c274dc44-5bbb-409a-af06-2f9cc57889e1.jpeg 1600w\" sizes=\"(max-width: 1024px) 100vw, 1024px\" \/><\/figure>\n\n\n\n<figure class=\"wp-block-image size-large\"><img decoding=\"async\" loading=\"lazy\" width=\"1024\" height=\"768\" data-id=\"3314\"  src=\"https:\/\/portal.pi.gov.br\/seres\/wp-content\/uploads\/sites\/87\/2025\/05\/a1b9afdd-caad-427f-bb22-d463f427cdd1-1-1024x768.jpeg\" alt=\"\" class=\"wp-image-3314\" srcset=\"https:\/\/portal.pi.gov.br\/seres\/wp-content\/uploads\/sites\/87\/2025\/05\/a1b9afdd-caad-427f-bb22-d463f427cdd1-1-1024x768.jpeg 1024w, https:\/\/portal.pi.gov.br\/seres\/wp-content\/uploads\/sites\/87\/2025\/05\/a1b9afdd-caad-427f-bb22-d463f427cdd1-1-300x225.jpeg 300w, https:\/\/portal.pi.gov.br\/seres\/wp-content\/uploads\/sites\/87\/2025\/05\/a1b9afdd-caad-427f-bb22-d463f427cdd1-1-768x576.jpeg 768w, https:\/\/portal.pi.gov.br\/seres\/wp-content\/uploads\/sites\/87\/2025\/05\/a1b9afdd-caad-427f-bb22-d463f427cdd1-1-420x315.jpeg 420w, https:\/\/portal.pi.gov.br\/seres\/wp-content\/uploads\/sites\/87\/2025\/05\/a1b9afdd-caad-427f-bb22-d463f427cdd1-1-540x405.jpeg 540w, https:\/\/portal.pi.gov.br\/seres\/wp-content\/uploads\/sites\/87\/2025\/05\/a1b9afdd-caad-427f-bb22-d463f427cdd1-1-780x585.jpeg 780w, https:\/\/portal.pi.gov.br\/seres\/wp-content\/uploads\/sites\/87\/2025\/05\/a1b9afdd-caad-427f-bb22-d463f427cdd1-1-1536x1152.jpeg 1536w, https:\/\/portal.pi.gov.br\/seres\/wp-content\/uploads\/sites\/87\/2025\/05\/a1b9afdd-caad-427f-bb22-d463f427cdd1-1-947x710.jpeg 947w, https:\/\/portal.pi.gov.br\/seres\/wp-content\/uploads\/sites\/87\/2025\/05\/a1b9afdd-caad-427f-bb22-d463f427cdd1-1-624x468.jpeg 624w, https:\/\/portal.pi.gov.br\/seres\/wp-content\/uploads\/sites\/87\/2025\/05\/a1b9afdd-caad-427f-bb22-d463f427cdd1-1.jpeg 1600w\" sizes=\"(max-width: 1024px) 100vw, 1024px\" \/><\/figure>\n\n\n\n<figure class=\"wp-block-image size-large\"><img decoding=\"async\" loading=\"lazy\" width=\"768\" height=\"1024\" data-id=\"3313\"  src=\"https:\/\/portal.pi.gov.br\/seres\/wp-content\/uploads\/sites\/87\/2025\/05\/6738f542-bf1a-4718-b262-1d6dd2f5ab21-768x1024.jpg\" alt=\"\" class=\"wp-image-3313\" srcset=\"https:\/\/portal.pi.gov.br\/seres\/wp-content\/uploads\/sites\/87\/2025\/05\/6738f542-bf1a-4718-b262-1d6dd2f5ab21-768x1024.jpg 768w, https:\/\/portal.pi.gov.br\/seres\/wp-content\/uploads\/sites\/87\/2025\/05\/6738f542-bf1a-4718-b262-1d6dd2f5ab21-225x300.jpg 225w, https:\/\/portal.pi.gov.br\/seres\/wp-content\/uploads\/sites\/87\/2025\/05\/6738f542-bf1a-4718-b262-1d6dd2f5ab21-315x420.jpg 315w, https:\/\/portal.pi.gov.br\/seres\/wp-content\/uploads\/sites\/87\/2025\/05\/6738f542-bf1a-4718-b262-1d6dd2f5ab21-405x540.jpg 405w, https:\/\/portal.pi.gov.br\/seres\/wp-content\/uploads\/sites\/87\/2025\/05\/6738f542-bf1a-4718-b262-1d6dd2f5ab21-585x780.jpg 585w, https:\/\/portal.pi.gov.br\/seres\/wp-content\/uploads\/sites\/87\/2025\/05\/6738f542-bf1a-4718-b262-1d6dd2f5ab21-1152x1536.jpg 1152w, https:\/\/portal.pi.gov.br\/seres\/wp-content\/uploads\/sites\/87\/2025\/05\/6738f542-bf1a-4718-b262-1d6dd2f5ab21-947x1263.jpg 947w, https:\/\/portal.pi.gov.br\/seres\/wp-content\/uploads\/sites\/87\/2025\/05\/6738f542-bf1a-4718-b262-1d6dd2f5ab21-624x832.jpg 624w, https:\/\/portal.pi.gov.br\/seres\/wp-content\/uploads\/sites\/87\/2025\/05\/6738f542-bf1a-4718-b262-1d6dd2f5ab21.jpg 1200w\" sizes=\"(max-width: 768px) 100vw, 768px\" \/><\/figure>\n\n\n\n<figure class=\"wp-block-image size-large\"><img decoding=\"async\" loading=\"lazy\" width=\"1024\" height=\"682\" data-id=\"3309\"  src=\"https:\/\/portal.pi.gov.br\/seres\/wp-content\/uploads\/sites\/87\/2025\/05\/4fb905d8-d2fb-43b2-acbd-805b4f9a8d47-1024x682.jpeg\" alt=\"\" class=\"wp-image-3309\" srcset=\"https:\/\/portal.pi.gov.br\/seres\/wp-content\/uploads\/sites\/87\/2025\/05\/4fb905d8-d2fb-43b2-acbd-805b4f9a8d47-1024x682.jpeg 1024w, https:\/\/portal.pi.gov.br\/seres\/wp-content\/uploads\/sites\/87\/2025\/05\/4fb905d8-d2fb-43b2-acbd-805b4f9a8d47-300x200.jpeg 300w, https:\/\/portal.pi.gov.br\/seres\/wp-content\/uploads\/sites\/87\/2025\/05\/4fb905d8-d2fb-43b2-acbd-805b4f9a8d47-768x512.jpeg 768w, https:\/\/portal.pi.gov.br\/seres\/wp-content\/uploads\/sites\/87\/2025\/05\/4fb905d8-d2fb-43b2-acbd-805b4f9a8d47-420x280.jpeg 420w, https:\/\/portal.pi.gov.br\/seres\/wp-content\/uploads\/sites\/87\/2025\/05\/4fb905d8-d2fb-43b2-acbd-805b4f9a8d47-540x360.jpeg 540w, https:\/\/portal.pi.gov.br\/seres\/wp-content\/uploads\/sites\/87\/2025\/05\/4fb905d8-d2fb-43b2-acbd-805b4f9a8d47-780x520.jpeg 780w, https:\/\/portal.pi.gov.br\/seres\/wp-content\/uploads\/sites\/87\/2025\/05\/4fb905d8-d2fb-43b2-acbd-805b4f9a8d47-1536x1023.jpeg 1536w, https:\/\/portal.pi.gov.br\/seres\/wp-content\/uploads\/sites\/87\/2025\/05\/4fb905d8-d2fb-43b2-acbd-805b4f9a8d47-947x631.jpeg 947w, https:\/\/portal.pi.gov.br\/seres\/wp-content\/uploads\/sites\/87\/2025\/05\/4fb905d8-d2fb-43b2-acbd-805b4f9a8d47-624x416.jpeg 624w, https:\/\/portal.pi.gov.br\/seres\/wp-content\/uploads\/sites\/87\/2025\/05\/4fb905d8-d2fb-43b2-acbd-805b4f9a8d47-84x56.jpeg 84w, https:\/\/portal.pi.gov.br\/seres\/wp-content\/uploads\/sites\/87\/2025\/05\/4fb905d8-d2fb-43b2-acbd-805b4f9a8d47.jpeg 1600w\" sizes=\"(max-width: 1024px) 100vw, 1024px\" \/><\/figure>\n\n\n\n<figure class=\"wp-block-image size-large\"><img decoding=\"async\" loading=\"lazy\" width=\"1024\" height=\"682\" data-id=\"3308\"  src=\"https:\/\/portal.pi.gov.br\/seres\/wp-content\/uploads\/sites\/87\/2025\/05\/2b34a429-4739-402f-b6ba-aef1a60716cd-1024x682.jpeg\" alt=\"\" class=\"wp-image-3308\" srcset=\"https:\/\/portal.pi.gov.br\/seres\/wp-content\/uploads\/sites\/87\/2025\/05\/2b34a429-4739-402f-b6ba-aef1a60716cd-1024x682.jpeg 1024w, https:\/\/portal.pi.gov.br\/seres\/wp-content\/uploads\/sites\/87\/2025\/05\/2b34a429-4739-402f-b6ba-aef1a60716cd-300x200.jpeg 300w, https:\/\/portal.pi.gov.br\/seres\/wp-content\/uploads\/sites\/87\/2025\/05\/2b34a429-4739-402f-b6ba-aef1a60716cd-768x512.jpeg 768w, https:\/\/portal.pi.gov.br\/seres\/wp-content\/uploads\/sites\/87\/2025\/05\/2b34a429-4739-402f-b6ba-aef1a60716cd-420x280.jpeg 420w, https:\/\/portal.pi.gov.br\/seres\/wp-content\/uploads\/sites\/87\/2025\/05\/2b34a429-4739-402f-b6ba-aef1a60716cd-540x360.jpeg 540w, https:\/\/portal.pi.gov.br\/seres\/wp-content\/uploads\/sites\/87\/2025\/05\/2b34a429-4739-402f-b6ba-aef1a60716cd-780x520.jpeg 780w, https:\/\/portal.pi.gov.br\/seres\/wp-content\/uploads\/sites\/87\/2025\/05\/2b34a429-4739-402f-b6ba-aef1a60716cd-1536x1023.jpeg 1536w, https:\/\/portal.pi.gov.br\/seres\/wp-content\/uploads\/sites\/87\/2025\/05\/2b34a429-4739-402f-b6ba-aef1a60716cd-947x631.jpeg 947w, https:\/\/portal.pi.gov.br\/seres\/wp-content\/uploads\/sites\/87\/2025\/05\/2b34a429-4739-402f-b6ba-aef1a60716cd-624x416.jpeg 624w, https:\/\/portal.pi.gov.br\/seres\/wp-content\/uploads\/sites\/87\/2025\/05\/2b34a429-4739-402f-b6ba-aef1a60716cd-84x56.jpeg 84w, https:\/\/portal.pi.gov.br\/seres\/wp-content\/uploads\/sites\/87\/2025\/05\/2b34a429-4739-402f-b6ba-aef1a60716cd.jpeg 1600w\" sizes=\"(max-width: 1024px) 100vw, 1024px\" \/><\/figure>\n\n\n\n<figure class=\"wp-block-image size-large\"><img decoding=\"async\" loading=\"lazy\" width=\"767\" height=\"1024\" data-id=\"3307\"  src=\"https:\/\/portal.pi.gov.br\/seres\/wp-content\/uploads\/sites\/87\/2025\/05\/2d822ef8-ae72-4ef6-baa3-15e91995f25d-767x1024.jpg\" alt=\"\" class=\"wp-image-3307\" srcset=\"https:\/\/portal.pi.gov.br\/seres\/wp-content\/uploads\/sites\/87\/2025\/05\/2d822ef8-ae72-4ef6-baa3-15e91995f25d-767x1024.jpg 767w, https:\/\/portal.pi.gov.br\/seres\/wp-content\/uploads\/sites\/87\/2025\/05\/2d822ef8-ae72-4ef6-baa3-15e91995f25d-225x300.jpg 225w, https:\/\/portal.pi.gov.br\/seres\/wp-content\/uploads\/sites\/87\/2025\/05\/2d822ef8-ae72-4ef6-baa3-15e91995f25d-768x1025.jpg 768w, https:\/\/portal.pi.gov.br\/seres\/wp-content\/uploads\/sites\/87\/2025\/05\/2d822ef8-ae72-4ef6-baa3-15e91995f25d-315x420.jpg 315w, https:\/\/portal.pi.gov.br\/seres\/wp-content\/uploads\/sites\/87\/2025\/05\/2d822ef8-ae72-4ef6-baa3-15e91995f25d-405x540.jpg 405w, https:\/\/portal.pi.gov.br\/seres\/wp-content\/uploads\/sites\/87\/2025\/05\/2d822ef8-ae72-4ef6-baa3-15e91995f25d-585x780.jpg 585w, https:\/\/portal.pi.gov.br\/seres\/wp-content\/uploads\/sites\/87\/2025\/05\/2d822ef8-ae72-4ef6-baa3-15e91995f25d-1151x1536.jpg 1151w, https:\/\/portal.pi.gov.br\/seres\/wp-content\/uploads\/sites\/87\/2025\/05\/2d822ef8-ae72-4ef6-baa3-15e91995f25d-947x1264.jpg 947w, https:\/\/portal.pi.gov.br\/seres\/wp-content\/uploads\/sites\/87\/2025\/05\/2d822ef8-ae72-4ef6-baa3-15e91995f25d-624x833.jpg 624w, https:\/\/portal.pi.gov.br\/seres\/wp-content\/uploads\/sites\/87\/2025\/05\/2d822ef8-ae72-4ef6-baa3-15e91995f25d.jpg 1199w\" sizes=\"(max-width: 767px) 100vw, 767px\" \/><\/figure>\n<\/figure>\n\n\n\n<p><\/p>\n\n\n\n<p><\/p>\n\n\n\n<p>Fotos: Gabriel Paulino e Natalina Alves<\/p>\n\n\n\n<p><\/p>\n","protected":false},"excerpt":{"rendered":"<p>O evento aconteceu nesta sexta-feira (2), no Centro de Eventos Sucesso. O Governo do Estado do Piau\u00ed, por meio das Secretarias do Planejamento (Seplan) e de Intelig\u00eancia Artificial, Economia Digital, [&hellip;]<\/p>\n","protected":false},"author":1821,"featured_media":3310,"comment_status":"closed","ping_status":"closed","sticky":true,"template":"","format":"standard","meta":[],"categories":[34],"tags":[47,41],"featured_image_urls":{"full":["https:\/\/portal.pi.gov.br\/seres\/wp-content\/uploads\/sites\/87\/2025\/05\/5c425172-6191-4cf4-8148-52239da54860.jpeg",1600,1200,false],"thumbnail":["https:\/\/portal.pi.gov.br\/seres\/wp-content\/uploads\/sites\/87\/2025\/05\/5c425172-6191-4cf4-8148-52239da54860-150x150.jpeg",150,150,true],"medium":["https:\/\/portal.pi.gov.br\/seres\/wp-content\/uploads\/sites\/87\/2025\/05\/5c425172-6191-4cf4-8148-52239da54860-300x225.jpeg",300,225,true],"medium_large":["https:\/\/portal.pi.gov.br\/seres\/wp-content\/uploads\/sites\/87\/2025\/05\/5c425172-6191-4cf4-8148-52239da54860-768x576.jpeg",768,576,true],"large":["https:\/\/portal.pi.gov.br\/seres\/wp-content\/uploads\/sites\/87\/2025\/05\/5c425172-6191-4cf4-8148-52239da54860-1024x768.jpeg",887,665,true],"sgg-420":["https:\/\/portal.pi.gov.br\/seres\/wp-content\/uploads\/sites\/87\/2025\/05\/5c425172-6191-4cf4-8148-52239da54860-420x315.jpeg",420,315,true],"sgg-540":["https:\/\/portal.pi.gov.br\/seres\/wp-content\/uploads\/sites\/87\/2025\/05\/5c425172-6191-4cf4-8148-52239da54860-540x405.jpeg",540,405,true],"sgg-780":["https:\/\/portal.pi.gov.br\/seres\/wp-content\/uploads\/sites\/87\/2025\/05\/5c425172-6191-4cf4-8148-52239da54860-780x585.jpeg",780,585,true],"1536x1536":["https:\/\/portal.pi.gov.br\/seres\/wp-content\/uploads\/sites\/87\/2025\/05\/5c425172-6191-4cf4-8148-52239da54860-1536x1152.jpeg",1536,1152,true],"2048x2048":["https:\/\/portal.pi.gov.br\/seres\/wp-content\/uploads\/sites\/87\/2025\/05\/5c425172-6191-4cf4-8148-52239da54860.jpeg",1600,1200,false],"homepage-slider":["https:\/\/portal.pi.gov.br\/seres\/wp-content\/uploads\/sites\/87\/2025\/05\/5c425172-6191-4cf4-8148-52239da54860-1270x500.jpeg",1270,500,true],"homepage-slider-small":["https:\/\/portal.pi.gov.br\/seres\/wp-content\/uploads\/sites\/87\/2025\/05\/5c425172-6191-4cf4-8148-52239da54860-947x500.jpeg",947,500,true],"page-top":["https:\/\/portal.pi.gov.br\/seres\/wp-content\/uploads\/sites\/87\/2025\/05\/5c425172-6191-4cf4-8148-52239da54860-947x710.jpeg",947,710,true],"page-small":["https:\/\/portal.pi.gov.br\/seres\/wp-content\/uploads\/sites\/87\/2025\/05\/5c425172-6191-4cf4-8148-52239da54860-624x468.jpeg",624,468,true],"loop-main":["https:\/\/portal.pi.gov.br\/seres\/wp-content\/uploads\/sites\/87\/2025\/05\/5c425172-6191-4cf4-8148-52239da54860-365x240.jpeg",365,240,true],"thumb-gallery-widget":["https:\/\/portal.pi.gov.br\/seres\/wp-content\/uploads\/sites\/87\/2025\/05\/5c425172-6191-4cf4-8148-52239da54860-84x56.jpeg",84,56,true]},"post_excerpt_stackable":"<p>O evento aconteceu nesta sexta-feira (2), no Centro de Eventos Sucesso. O Governo do Estado do Piau\u00ed, por meio das Secretarias do Planejamento (Seplan) e de Intelig\u00eancia Artificial, Economia Digital, Ci\u00eancia, Tecnologia e Inova\u00e7\u00e3o (SIA), promoveu a segunda edi\u00e7\u00e3o do evento \u201cPapo de Governan\u00e7a: Governo, Economia e Sociedade Digital\u201d, que ocorreu das 8h \u00e0s 12h, no Centro de Eventos Sucesso, em Teresina. A secret\u00e1ria, N\u00fabia Lopes, e toda a equipe da Seres Piau\u00ed estiveram presentes no evento voltado para gestores e equipes t\u00e9cnicas dos \u00f3rg\u00e3os estaduais. O Papo de Governan\u00e7a apresentou os resultados alcan\u00e7ados na transforma\u00e7\u00e3o digital do Piau\u00ed, com&hellip;<\/p>\n","category_list":"<a href=\"https:\/\/portal.pi.gov.br\/seres\/category\/noticias\/\" rel=\"category tag\">Not\u00edcias<\/a>","author_info":{"name":"alineraquel","url":"https:\/\/portal.pi.gov.br\/seres\/author\/alineraquel\/"},"comments_num":"0 coment\u00e1rio","featured_image_urls_v2":{"full":["https:\/\/portal.pi.gov.br\/seres\/wp-content\/uploads\/sites\/87\/2025\/05\/5c425172-6191-4cf4-8148-52239da54860.jpeg",1600,1200,false],"thumbnail":["https:\/\/portal.pi.gov.br\/seres\/wp-content\/uploads\/sites\/87\/2025\/05\/5c425172-6191-4cf4-8148-52239da54860-150x150.jpeg",150,150,true],"medium":["https:\/\/portal.pi.gov.br\/seres\/wp-content\/uploads\/sites\/87\/2025\/05\/5c425172-6191-4cf4-8148-52239da54860-300x225.jpeg",300,225,true],"medium_large":["https:\/\/portal.pi.gov.br\/seres\/wp-content\/uploads\/sites\/87\/2025\/05\/5c425172-6191-4cf4-8148-52239da54860-768x576.jpeg",768,576,true],"large":["https:\/\/portal.pi.gov.br\/seres\/wp-content\/uploads\/sites\/87\/2025\/05\/5c425172-6191-4cf4-8148-52239da54860-1024x768.jpeg",887,665,true],"sgg-420":["https:\/\/portal.pi.gov.br\/seres\/wp-content\/uploads\/sites\/87\/2025\/05\/5c425172-6191-4cf4-8148-52239da54860-420x315.jpeg",420,315,true],"sgg-540":["https:\/\/portal.pi.gov.br\/seres\/wp-content\/uploads\/sites\/87\/2025\/05\/5c425172-6191-4cf4-8148-52239da54860-540x405.jpeg",540,405,true],"sgg-780":["https:\/\/portal.pi.gov.br\/seres\/wp-content\/uploads\/sites\/87\/2025\/05\/5c425172-6191-4cf4-8148-52239da54860-780x585.jpeg",780,585,true],"1536x1536":["https:\/\/portal.pi.gov.br\/seres\/wp-content\/uploads\/sites\/87\/2025\/05\/5c425172-6191-4cf4-8148-52239da54860-1536x1152.jpeg",1536,1152,true],"2048x2048":["https:\/\/portal.pi.gov.br\/seres\/wp-content\/uploads\/sites\/87\/2025\/05\/5c425172-6191-4cf4-8148-52239da54860.jpeg",1600,1200,false],"homepage-slider":["https:\/\/portal.pi.gov.br\/seres\/wp-content\/uploads\/sites\/87\/2025\/05\/5c425172-6191-4cf4-8148-52239da54860-1270x500.jpeg",1270,500,true],"homepage-slider-small":["https:\/\/portal.pi.gov.br\/seres\/wp-content\/uploads\/sites\/87\/2025\/05\/5c425172-6191-4cf4-8148-52239da54860-947x500.jpeg",947,500,true],"page-top":["https:\/\/portal.pi.gov.br\/seres\/wp-content\/uploads\/sites\/87\/2025\/05\/5c425172-6191-4cf4-8148-52239da54860-947x710.jpeg",947,710,true],"page-small":["https:\/\/portal.pi.gov.br\/seres\/wp-content\/uploads\/sites\/87\/2025\/05\/5c425172-6191-4cf4-8148-52239da54860-624x468.jpeg",624,468,true],"loop-main":["https:\/\/portal.pi.gov.br\/seres\/wp-content\/uploads\/sites\/87\/2025\/05\/5c425172-6191-4cf4-8148-52239da54860-365x240.jpeg",365,240,true],"thumb-gallery-widget":["https:\/\/portal.pi.gov.br\/seres\/wp-content\/uploads\/sites\/87\/2025\/05\/5c425172-6191-4cf4-8148-52239da54860-84x56.jpeg",84,56,true]},"post_excerpt_stackable_v2":"<p>O evento aconteceu nesta sexta-feira (2), no Centro de Eventos Sucesso. O Governo do Estado do Piau\u00ed, por meio das Secretarias do Planejamento (Seplan) e de Intelig\u00eancia Artificial, Economia Digital, Ci\u00eancia, Tecnologia e Inova\u00e7\u00e3o (SIA), promoveu a segunda edi\u00e7\u00e3o do evento \u201cPapo de Governan\u00e7a: Governo, Economia e Sociedade Digital\u201d, que ocorreu das 8h \u00e0s 12h, no Centro de Eventos Sucesso, em Teresina. A secret\u00e1ria, N\u00fabia Lopes, e toda a equipe da Seres Piau\u00ed estiveram presentes no evento voltado para gestores e equipes t\u00e9cnicas dos \u00f3rg\u00e3os estaduais. O Papo de Governan\u00e7a apresentou os resultados alcan\u00e7ados na transforma\u00e7\u00e3o digital do Piau\u00ed, com&hellip;<\/p>\n","category_list_v2":"<a href=\"https:\/\/portal.pi.gov.br\/seres\/category\/noticias\/\" rel=\"category tag\">Not\u00edcias<\/a>","author_info_v2":{"name":"alineraquel","url":"https:\/\/portal.pi.gov.br\/seres\/author\/alineraquel\/"},"comments_num_v2":"0 coment\u00e1rio","jetpack_featured_media_url":"https:\/\/portal.pi.gov.br\/seres\/wp-content\/uploads\/sites\/87\/2025\/05\/5c425172-6191-4cf4-8148-52239da54860.jpeg","_links":{"self":[{"href":"https:\/\/portal.pi.gov.br\/seres\/wp-json\/wp\/v2\/posts\/3317"}],"collection":[{"href":"https:\/\/portal.pi.gov.br\/seres\/wp-json\/wp\/v2\/posts"}],"about":[{"href":"https:\/\/portal.pi.gov.br\/seres\/wp-json\/wp\/v2\/types\/post"}],"author":[{"embeddable":true,"href":"https:\/\/portal.pi.gov.br\/seres\/wp-json\/wp\/v2\/users\/1821"}],"replies":[{"embeddable":true,"href":"https:\/\/portal.pi.gov.br\/seres\/wp-json\/wp\/v2\/comments?post=3317"}],"version-history":[{"count":2,"href":"https:\/\/portal.pi.gov.br\/seres\/wp-json\/wp\/v2\/posts\/3317\/revisions"}],"predecessor-version":[{"id":3319,"href":"https:\/\/portal.pi.gov.br\/seres\/wp-json\/wp\/v2\/posts\/3317\/revisions\/3319"}],"wp:featuredmedia":[{"embeddable":true,"href":"https:\/\/portal.pi.gov.br\/seres\/wp-json\/wp\/v2\/media\/3310"}],"wp:attachment":[{"href":"https:\/\/portal.pi.gov.br\/seres\/wp-json\/wp\/v2\/media?parent=3317"}],"wp:term":[{"taxonomy":"category","embeddable":true,"href":"https:\/\/portal.pi.gov.br\/seres\/wp-json\/wp\/v2\/categories?post=3317"},{"taxonomy":"post_tag","embeddable":true,"href":"https:\/\/portal.pi.gov.br\/seres\/wp-json\/wp\/v2\/tags?post=3317"}],"curies":[{"name":"wp","href":"https:\/\/api.w.org\/{rel}","templated":true}]}}