{"id":3320,"date":"2025-05-06T15:17:06","date_gmt":"2025-05-06T18:17:06","guid":{"rendered":"https:\/\/portal.pi.gov.br\/seres\/?p=3320"},"modified":"2025-05-06T15:23:22","modified_gmt":"2025-05-06T18:23:22","slug":"seres-participa-da-entrega-da-modernizacao-do-aeroporto-de-parnaiba","status":"publish","type":"post","link":"https:\/\/portal.pi.gov.br\/seres\/2025\/05\/06\/seres-participa-da-entrega-da-modernizacao-do-aeroporto-de-parnaiba\/","title":{"rendered":"Seres participa da entrega da moderniza\u00e7\u00e3o do Aeroporto de Parna\u00edba"},"content":{"rendered":"\n<p><\/p>\n\n\n\n<p>&nbsp;O ministro de Portos e Aeroportos, Silvio Costa Filho, participou da inaugura\u00e7\u00e3o.<\/p>\n\n\n\n<p><\/p>\n\n\n\n<figure class=\"wp-block-gallery has-nested-images columns-default is-cropped wp-block-gallery-1 is-layout-flex\">\n<figure class=\"wp-block-image size-large\"><img decoding=\"async\" loading=\"lazy\" width=\"1024\" height=\"682\" data-id=\"3321\"  src=\"https:\/\/portal.pi.gov.br\/seres\/wp-content\/uploads\/sites\/87\/2025\/05\/63f4bafc-ee09-4da4-aed3-f9073cdbff6d-1-1024x682.jpg\" alt=\"\" class=\"wp-image-3321\" srcset=\"https:\/\/portal.pi.gov.br\/seres\/wp-content\/uploads\/sites\/87\/2025\/05\/63f4bafc-ee09-4da4-aed3-f9073cdbff6d-1-1024x682.jpg 1024w, https:\/\/portal.pi.gov.br\/seres\/wp-content\/uploads\/sites\/87\/2025\/05\/63f4bafc-ee09-4da4-aed3-f9073cdbff6d-1-300x200.jpg 300w, https:\/\/portal.pi.gov.br\/seres\/wp-content\/uploads\/sites\/87\/2025\/05\/63f4bafc-ee09-4da4-aed3-f9073cdbff6d-1-768x512.jpg 768w, https:\/\/portal.pi.gov.br\/seres\/wp-content\/uploads\/sites\/87\/2025\/05\/63f4bafc-ee09-4da4-aed3-f9073cdbff6d-1-420x280.jpg 420w, https:\/\/portal.pi.gov.br\/seres\/wp-content\/uploads\/sites\/87\/2025\/05\/63f4bafc-ee09-4da4-aed3-f9073cdbff6d-1-540x360.jpg 540w, https:\/\/portal.pi.gov.br\/seres\/wp-content\/uploads\/sites\/87\/2025\/05\/63f4bafc-ee09-4da4-aed3-f9073cdbff6d-1-780x520.jpg 780w, https:\/\/portal.pi.gov.br\/seres\/wp-content\/uploads\/sites\/87\/2025\/05\/63f4bafc-ee09-4da4-aed3-f9073cdbff6d-1-1536x1023.jpg 1536w, https:\/\/portal.pi.gov.br\/seres\/wp-content\/uploads\/sites\/87\/2025\/05\/63f4bafc-ee09-4da4-aed3-f9073cdbff6d-1-947x631.jpg 947w, https:\/\/portal.pi.gov.br\/seres\/wp-content\/uploads\/sites\/87\/2025\/05\/63f4bafc-ee09-4da4-aed3-f9073cdbff6d-1-624x416.jpg 624w, https:\/\/portal.pi.gov.br\/seres\/wp-content\/uploads\/sites\/87\/2025\/05\/63f4bafc-ee09-4da4-aed3-f9073cdbff6d-1-84x56.jpg 84w, https:\/\/portal.pi.gov.br\/seres\/wp-content\/uploads\/sites\/87\/2025\/05\/63f4bafc-ee09-4da4-aed3-f9073cdbff6d-1.jpg 1600w\" sizes=\"(max-width: 1024px) 100vw, 1024px\" \/><\/figure>\n<\/figure>\n\n\n\n<p><\/p>\n\n\n\n<p>Foi inaugurada, nessa segunda-feira (05), a primeira fase das obras de reforma, amplia\u00e7\u00e3o e moderniza\u00e7\u00e3o do Aeroporto Prefeito Dr. Jo\u00e3o Silva Filho, em Parna\u00edba. Durante a solenidade, foi anunciada uma nova rota de voos entre o aeroporto e o munic\u00edpio de Fortaleza (CE), operada pela Latam Airlines Brasil, a partir de setembro deste ano. O ministro de Portos e Aeroportos, Silvio Costa Filho, participou da inaugura\u00e7\u00e3o.<\/p>\n\n\n\n<p>As obras no Aeroporto Prefeito Dr. Jo\u00e3o Silva Filho fazem parte do contrato de concess\u00e3o firmado pelo Governo do Estado, atrav\u00e9s da Secretaria dos Transportes (Setrans), com a empresa SBPB Parna\u00edba SPE Ltda, com aux\u00edlio da Superintend\u00eancia de Parcerias e Concess\u00f5es (Suparc\/Sead), com gest\u00e3o prevista por mais de tr\u00eas d\u00e9cadas.<\/p>\n\n\n\n<p>A secret\u00e1ria, N\u00fabia Lopes, equipe da Seres, secret\u00e1rios estaduais e demais autoridades estiveram presentes na inaugura\u00e7\u00e3o desta primeira etapa. &#8220;\u00c9 uma grande honra participar da inaugura\u00e7\u00e3o da reforma e moderniza\u00e7\u00e3o do aeroporto de Parna\u00edba. Esta obra \u00e9 um marco importante para o desenvolvimento do estado, e demonstra o compromisso com a melhoria da infraestrutura e o bem-estar da popula\u00e7\u00e3o. Parab\u00e9ns ao governador Rafael Fonteles e todos envolvidos!\u201d, disse a secret\u00e1ria N\u00fabia Lopes.<\/p>\n\n\n\n<p><\/p>\n\n\n\n<figure class=\"wp-block-image size-large\"><img decoding=\"async\" loading=\"lazy\" width=\"1024\" height=\"768\" src=\"https:\/\/portal.pi.gov.br\/seres\/wp-content\/uploads\/sites\/87\/2025\/05\/jpeg-1024x768.jpeg\" alt=\"\" class=\"wp-image-3322\" srcset=\"https:\/\/portal.pi.gov.br\/seres\/wp-content\/uploads\/sites\/87\/2025\/05\/jpeg-1024x768.jpeg 1024w, https:\/\/portal.pi.gov.br\/seres\/wp-content\/uploads\/sites\/87\/2025\/05\/jpeg-300x225.jpeg 300w, https:\/\/portal.pi.gov.br\/seres\/wp-content\/uploads\/sites\/87\/2025\/05\/jpeg-768x576.jpeg 768w, https:\/\/portal.pi.gov.br\/seres\/wp-content\/uploads\/sites\/87\/2025\/05\/jpeg-420x315.jpeg 420w, https:\/\/portal.pi.gov.br\/seres\/wp-content\/uploads\/sites\/87\/2025\/05\/jpeg-540x405.jpeg 540w, https:\/\/portal.pi.gov.br\/seres\/wp-content\/uploads\/sites\/87\/2025\/05\/jpeg-780x585.jpeg 780w, https:\/\/portal.pi.gov.br\/seres\/wp-content\/uploads\/sites\/87\/2025\/05\/jpeg-1536x1152.jpeg 1536w, https:\/\/portal.pi.gov.br\/seres\/wp-content\/uploads\/sites\/87\/2025\/05\/jpeg-947x710.jpeg 947w, https:\/\/portal.pi.gov.br\/seres\/wp-content\/uploads\/sites\/87\/2025\/05\/jpeg-624x468.jpeg 624w, https:\/\/portal.pi.gov.br\/seres\/wp-content\/uploads\/sites\/87\/2025\/05\/jpeg.jpeg 1600w\" sizes=\"(max-width: 1024px) 100vw, 1024px\" \/><\/figure>\n\n\n\n<p><\/p>\n\n\n\n<p>A primeira etapa das obras contemplou a readequa\u00e7\u00e3o do estacionamento, com 178 vagas, e da via de acesso ao terminal, incluindo a constru\u00e7\u00e3o de uma nova r\u00f3tula de entrada. A fachada do terminal de passageiros tamb\u00e9m foi completamente revitalizada. Internamente, o aeroporto passou por reforma e constru\u00e7\u00e3o de novos banheiros, salas comerciais e a amplia\u00e7\u00e3o e readequa\u00e7\u00e3o das \u00e1reas de embarque e desembarque.<\/p>\n\n\n\n<p>A nova infraestrutura inclui, ainda, elevador, mais acessibilidade, pra\u00e7a de alimenta\u00e7\u00e3o com 12 pontos comerciais e oito lojas comerciais (PHB Park), duas quadras de beach t\u00eannis, espa\u00e7o para instala\u00e7\u00e3o de academia e farm\u00e1cia, sala de reuni\u00e3o privativa e uma capela. Um restaurante e um caf\u00e9 est\u00e3o sendo finalizados no primeiro andar. O terminal tamb\u00e9m recebeu refor\u00e7os na estrutura de seguran\u00e7a e opera\u00e7\u00e3o, com a implanta\u00e7\u00e3o da Segunda Companhia de Avia\u00e7\u00e3o de Policiamento A\u00e9reo (CIOPAER) e a reforma do espa\u00e7o do Corpo de Bombeiros com melhorias na frota.<\/p>\n\n\n\n<p>Foram implantadas novas vias de servi\u00e7o interno (lado ar), e cerca de 80% do cercamento patrimonial do s\u00edtio aeroportu\u00e1rio j\u00e1 foi revitalizado. A pista de taxiamento e o p\u00e1tio de aeronaves foram reformados, al\u00e9m de uma nova pintura de sinaliza\u00e7\u00e3o, atendendo \u00e0s normas de seguran\u00e7a operacional.<\/p>\n\n\n\n<p>\u201cMais de R$ 25 milh\u00f5es foram investidos nesta primeira etapa do projeto, por meio de uma Parceria P\u00fablico-Privada (PPP). O aeroporto continuar\u00e1 sendo ampliado, com novos servi\u00e7os, lojas e mais infraestrutura, o que impulsionar\u00e1 ainda mais o desenvolvimento da nossa regi\u00e3o litor\u00e2nea. Com as pr\u00f3ximas etapas, o investimento total superar\u00e1 os R$ 50 milh\u00f5es. Este \u00e9 o aeroporto melhor posicionado para atender toda a Rota das Emo\u00e7\u00f5es e ir\u00e1 fortalecer ainda mais o turismo aqui no munic\u00edpio, em Cajueiro da Praia, Lu\u00eds Correia e Ilha Grande\u201d, destacou o governador Rafael Fonteles.<\/p>\n\n\n\n<p><\/p>\n\n\n\n<figure class=\"wp-block-gallery has-nested-images columns-default is-cropped wp-block-gallery-3 is-layout-flex\">\n<figure class=\"wp-block-image size-large\"><img decoding=\"async\" loading=\"lazy\" width=\"1024\" height=\"682\" data-id=\"3323\"  src=\"https:\/\/portal.pi.gov.br\/seres\/wp-content\/uploads\/sites\/87\/2025\/05\/bf363800-e56d-42d1-9cc4-349414b67e14-1024x682.jpg\" alt=\"\" class=\"wp-image-3323\" srcset=\"https:\/\/portal.pi.gov.br\/seres\/wp-content\/uploads\/sites\/87\/2025\/05\/bf363800-e56d-42d1-9cc4-349414b67e14-1024x682.jpg 1024w, https:\/\/portal.pi.gov.br\/seres\/wp-content\/uploads\/sites\/87\/2025\/05\/bf363800-e56d-42d1-9cc4-349414b67e14-300x200.jpg 300w, https:\/\/portal.pi.gov.br\/seres\/wp-content\/uploads\/sites\/87\/2025\/05\/bf363800-e56d-42d1-9cc4-349414b67e14-768x512.jpg 768w, https:\/\/portal.pi.gov.br\/seres\/wp-content\/uploads\/sites\/87\/2025\/05\/bf363800-e56d-42d1-9cc4-349414b67e14-420x280.jpg 420w, https:\/\/portal.pi.gov.br\/seres\/wp-content\/uploads\/sites\/87\/2025\/05\/bf363800-e56d-42d1-9cc4-349414b67e14-540x360.jpg 540w, https:\/\/portal.pi.gov.br\/seres\/wp-content\/uploads\/sites\/87\/2025\/05\/bf363800-e56d-42d1-9cc4-349414b67e14-780x520.jpg 780w, https:\/\/portal.pi.gov.br\/seres\/wp-content\/uploads\/sites\/87\/2025\/05\/bf363800-e56d-42d1-9cc4-349414b67e14-1536x1023.jpg 1536w, https:\/\/portal.pi.gov.br\/seres\/wp-content\/uploads\/sites\/87\/2025\/05\/bf363800-e56d-42d1-9cc4-349414b67e14-947x631.jpg 947w, https:\/\/portal.pi.gov.br\/seres\/wp-content\/uploads\/sites\/87\/2025\/05\/bf363800-e56d-42d1-9cc4-349414b67e14-624x416.jpg 624w, https:\/\/portal.pi.gov.br\/seres\/wp-content\/uploads\/sites\/87\/2025\/05\/bf363800-e56d-42d1-9cc4-349414b67e14-84x56.jpg 84w, https:\/\/portal.pi.gov.br\/seres\/wp-content\/uploads\/sites\/87\/2025\/05\/bf363800-e56d-42d1-9cc4-349414b67e14.jpg 1600w\" sizes=\"(max-width: 1024px) 100vw, 1024px\" \/><\/figure>\n<\/figure>\n\n\n\n<p><\/p>\n\n\n\n<figure class=\"wp-block-gallery has-nested-images columns-default is-cropped wp-block-gallery-5 is-layout-flex\">\n<figure class=\"wp-block-image size-large\"><img decoding=\"async\" loading=\"lazy\" width=\"1024\" height=\"682\" data-id=\"3324\"  src=\"https:\/\/portal.pi.gov.br\/seres\/wp-content\/uploads\/sites\/87\/2025\/05\/b408c2f2-b0be-4272-ac79-e6a2f8979102-1024x682.jpg\" alt=\"\" class=\"wp-image-3324\" srcset=\"https:\/\/portal.pi.gov.br\/seres\/wp-content\/uploads\/sites\/87\/2025\/05\/b408c2f2-b0be-4272-ac79-e6a2f8979102-1024x682.jpg 1024w, https:\/\/portal.pi.gov.br\/seres\/wp-content\/uploads\/sites\/87\/2025\/05\/b408c2f2-b0be-4272-ac79-e6a2f8979102-300x200.jpg 300w, https:\/\/portal.pi.gov.br\/seres\/wp-content\/uploads\/sites\/87\/2025\/05\/b408c2f2-b0be-4272-ac79-e6a2f8979102-768x512.jpg 768w, https:\/\/portal.pi.gov.br\/seres\/wp-content\/uploads\/sites\/87\/2025\/05\/b408c2f2-b0be-4272-ac79-e6a2f8979102-420x280.jpg 420w, https:\/\/portal.pi.gov.br\/seres\/wp-content\/uploads\/sites\/87\/2025\/05\/b408c2f2-b0be-4272-ac79-e6a2f8979102-540x360.jpg 540w, https:\/\/portal.pi.gov.br\/seres\/wp-content\/uploads\/sites\/87\/2025\/05\/b408c2f2-b0be-4272-ac79-e6a2f8979102-780x520.jpg 780w, https:\/\/portal.pi.gov.br\/seres\/wp-content\/uploads\/sites\/87\/2025\/05\/b408c2f2-b0be-4272-ac79-e6a2f8979102-1536x1023.jpg 1536w, https:\/\/portal.pi.gov.br\/seres\/wp-content\/uploads\/sites\/87\/2025\/05\/b408c2f2-b0be-4272-ac79-e6a2f8979102-947x631.jpg 947w, https:\/\/portal.pi.gov.br\/seres\/wp-content\/uploads\/sites\/87\/2025\/05\/b408c2f2-b0be-4272-ac79-e6a2f8979102-624x416.jpg 624w, https:\/\/portal.pi.gov.br\/seres\/wp-content\/uploads\/sites\/87\/2025\/05\/b408c2f2-b0be-4272-ac79-e6a2f8979102-84x56.jpg 84w, https:\/\/portal.pi.gov.br\/seres\/wp-content\/uploads\/sites\/87\/2025\/05\/b408c2f2-b0be-4272-ac79-e6a2f8979102.jpg 1600w\" sizes=\"(max-width: 1024px) 100vw, 1024px\" \/><\/figure>\n<\/figure>\n\n\n\n<p><\/p>\n\n\n\n<figure class=\"wp-block-gallery has-nested-images columns-default is-cropped wp-block-gallery-7 is-layout-flex\">\n<figure class=\"wp-block-image size-large\"><img decoding=\"async\" loading=\"lazy\" width=\"768\" height=\"1024\" data-id=\"3325\"  src=\"https:\/\/portal.pi.gov.br\/seres\/wp-content\/uploads\/sites\/87\/2025\/05\/d532607e-e227-4c7b-a93e-35865a767a7a-768x1024.jpeg\" alt=\"\" class=\"wp-image-3325\" srcset=\"https:\/\/portal.pi.gov.br\/seres\/wp-content\/uploads\/sites\/87\/2025\/05\/d532607e-e227-4c7b-a93e-35865a767a7a-768x1024.jpeg 768w, https:\/\/portal.pi.gov.br\/seres\/wp-content\/uploads\/sites\/87\/2025\/05\/d532607e-e227-4c7b-a93e-35865a767a7a-225x300.jpeg 225w, https:\/\/portal.pi.gov.br\/seres\/wp-content\/uploads\/sites\/87\/2025\/05\/d532607e-e227-4c7b-a93e-35865a767a7a-315x420.jpeg 315w, https:\/\/portal.pi.gov.br\/seres\/wp-content\/uploads\/sites\/87\/2025\/05\/d532607e-e227-4c7b-a93e-35865a767a7a-405x540.jpeg 405w, https:\/\/portal.pi.gov.br\/seres\/wp-content\/uploads\/sites\/87\/2025\/05\/d532607e-e227-4c7b-a93e-35865a767a7a-585x780.jpeg 585w, https:\/\/portal.pi.gov.br\/seres\/wp-content\/uploads\/sites\/87\/2025\/05\/d532607e-e227-4c7b-a93e-35865a767a7a-1152x1536.jpeg 1152w, https:\/\/portal.pi.gov.br\/seres\/wp-content\/uploads\/sites\/87\/2025\/05\/d532607e-e227-4c7b-a93e-35865a767a7a-947x1263.jpeg 947w, https:\/\/portal.pi.gov.br\/seres\/wp-content\/uploads\/sites\/87\/2025\/05\/d532607e-e227-4c7b-a93e-35865a767a7a-624x832.jpeg 624w, https:\/\/portal.pi.gov.br\/seres\/wp-content\/uploads\/sites\/87\/2025\/05\/d532607e-e227-4c7b-a93e-35865a767a7a.jpeg 1200w\" sizes=\"(max-width: 768px) 100vw, 768px\" \/><\/figure>\n<\/figure>\n\n\n\n<p><\/p>\n\n\n\n<figure class=\"wp-block-gallery has-nested-images columns-default is-cropped wp-block-gallery-9 is-layout-flex\">\n<figure class=\"wp-block-image size-large\"><img decoding=\"async\" loading=\"lazy\" width=\"768\" height=\"1024\" data-id=\"3326\"  src=\"https:\/\/portal.pi.gov.br\/seres\/wp-content\/uploads\/sites\/87\/2025\/05\/9ef4c4d7-1b25-4347-8047-97efc0e2b562-768x1024.jpg\" alt=\"\" class=\"wp-image-3326\" srcset=\"https:\/\/portal.pi.gov.br\/seres\/wp-content\/uploads\/sites\/87\/2025\/05\/9ef4c4d7-1b25-4347-8047-97efc0e2b562-768x1024.jpg 768w, https:\/\/portal.pi.gov.br\/seres\/wp-content\/uploads\/sites\/87\/2025\/05\/9ef4c4d7-1b25-4347-8047-97efc0e2b562-225x300.jpg 225w, https:\/\/portal.pi.gov.br\/seres\/wp-content\/uploads\/sites\/87\/2025\/05\/9ef4c4d7-1b25-4347-8047-97efc0e2b562-315x420.jpg 315w, https:\/\/portal.pi.gov.br\/seres\/wp-content\/uploads\/sites\/87\/2025\/05\/9ef4c4d7-1b25-4347-8047-97efc0e2b562-405x540.jpg 405w, https:\/\/portal.pi.gov.br\/seres\/wp-content\/uploads\/sites\/87\/2025\/05\/9ef4c4d7-1b25-4347-8047-97efc0e2b562-585x780.jpg 585w, https:\/\/portal.pi.gov.br\/seres\/wp-content\/uploads\/sites\/87\/2025\/05\/9ef4c4d7-1b25-4347-8047-97efc0e2b562-1152x1536.jpg 1152w, https:\/\/portal.pi.gov.br\/seres\/wp-content\/uploads\/sites\/87\/2025\/05\/9ef4c4d7-1b25-4347-8047-97efc0e2b562-947x1263.jpg 947w, https:\/\/portal.pi.gov.br\/seres\/wp-content\/uploads\/sites\/87\/2025\/05\/9ef4c4d7-1b25-4347-8047-97efc0e2b562-624x832.jpg 624w, https:\/\/portal.pi.gov.br\/seres\/wp-content\/uploads\/sites\/87\/2025\/05\/9ef4c4d7-1b25-4347-8047-97efc0e2b562.jpg 1200w\" sizes=\"(max-width: 768px) 100vw, 768px\" \/><\/figure>\n<\/figure>\n\n\n\n<p><\/p>\n\n\n\n<figure class=\"wp-block-gallery has-nested-images columns-default is-cropped wp-block-gallery-11 is-layout-flex\">\n<figure class=\"wp-block-image size-large\"><img decoding=\"async\" loading=\"lazy\" width=\"768\" height=\"1024\" data-id=\"3327\"  src=\"https:\/\/portal.pi.gov.br\/seres\/wp-content\/uploads\/sites\/87\/2025\/05\/0f65e954-fd54-4302-85e8-12fb23bed2d5-768x1024.jpg\" alt=\"\" class=\"wp-image-3327\" srcset=\"https:\/\/portal.pi.gov.br\/seres\/wp-content\/uploads\/sites\/87\/2025\/05\/0f65e954-fd54-4302-85e8-12fb23bed2d5-768x1024.jpg 768w, https:\/\/portal.pi.gov.br\/seres\/wp-content\/uploads\/sites\/87\/2025\/05\/0f65e954-fd54-4302-85e8-12fb23bed2d5-225x300.jpg 225w, https:\/\/portal.pi.gov.br\/seres\/wp-content\/uploads\/sites\/87\/2025\/05\/0f65e954-fd54-4302-85e8-12fb23bed2d5-315x420.jpg 315w, https:\/\/portal.pi.gov.br\/seres\/wp-content\/uploads\/sites\/87\/2025\/05\/0f65e954-fd54-4302-85e8-12fb23bed2d5-405x540.jpg 405w, https:\/\/portal.pi.gov.br\/seres\/wp-content\/uploads\/sites\/87\/2025\/05\/0f65e954-fd54-4302-85e8-12fb23bed2d5-585x780.jpg 585w, https:\/\/portal.pi.gov.br\/seres\/wp-content\/uploads\/sites\/87\/2025\/05\/0f65e954-fd54-4302-85e8-12fb23bed2d5-1152x1536.jpg 1152w, https:\/\/portal.pi.gov.br\/seres\/wp-content\/uploads\/sites\/87\/2025\/05\/0f65e954-fd54-4302-85e8-12fb23bed2d5-947x1263.jpg 947w, https:\/\/portal.pi.gov.br\/seres\/wp-content\/uploads\/sites\/87\/2025\/05\/0f65e954-fd54-4302-85e8-12fb23bed2d5-624x832.jpg 624w, https:\/\/portal.pi.gov.br\/seres\/wp-content\/uploads\/sites\/87\/2025\/05\/0f65e954-fd54-4302-85e8-12fb23bed2d5.jpg 1200w\" sizes=\"(max-width: 768px) 100vw, 768px\" \/><\/figure>\n<\/figure>\n\n\n\n<p><\/p>\n\n\n\n<p><\/p>\n\n\n\n<p>Fotos Gabriel Paulino e Natalina Alves<\/p>\n","protected":false},"excerpt":{"rendered":"<p>&nbsp;O ministro de Portos e Aeroportos, Silvio Costa Filho, participou da inaugura\u00e7\u00e3o. Foi inaugurada, nessa segunda-feira (05), a primeira fase das obras de reforma, amplia\u00e7\u00e3o e moderniza\u00e7\u00e3o do Aeroporto Prefeito [&hellip;]<\/p>\n","protected":false},"author":1821,"featured_media":3328,"comment_status":"closed","ping_status":"closed","sticky":true,"template":"","format":"standard","meta":[],"categories":[34],"tags":[55,47,41],"featured_image_urls":{"full":["https:\/\/portal.pi.gov.br\/seres\/wp-content\/uploads\/sites\/87\/2025\/05\/imagem-1.jpg",1600,1066,false],"thumbnail":["https:\/\/portal.pi.gov.br\/seres\/wp-content\/uploads\/sites\/87\/2025\/05\/imagem-1-150x150.jpg",150,150,true],"medium":["https:\/\/portal.pi.gov.br\/seres\/wp-content\/uploads\/sites\/87\/2025\/05\/imagem-1-300x200.jpg",300,200,true],"medium_large":["https:\/\/portal.pi.gov.br\/seres\/wp-content\/uploads\/sites\/87\/2025\/05\/imagem-1-768x512.jpg",768,512,true],"large":["https:\/\/portal.pi.gov.br\/seres\/wp-content\/uploads\/sites\/87\/2025\/05\/imagem-1-1024x682.jpg",887,591,true],"sgg-420":["https:\/\/portal.pi.gov.br\/seres\/wp-content\/uploads\/sites\/87\/2025\/05\/imagem-1-420x280.jpg",420,280,true],"sgg-540":["https:\/\/portal.pi.gov.br\/seres\/wp-content\/uploads\/sites\/87\/2025\/05\/imagem-1-540x360.jpg",540,360,true],"sgg-780":["https:\/\/portal.pi.gov.br\/seres\/wp-content\/uploads\/sites\/87\/2025\/05\/imagem-1-780x520.jpg",780,520,true],"1536x1536":["https:\/\/portal.pi.gov.br\/seres\/wp-content\/uploads\/sites\/87\/2025\/05\/imagem-1-1536x1023.jpg",1536,1023,true],"2048x2048":["https:\/\/portal.pi.gov.br\/seres\/wp-content\/uploads\/sites\/87\/2025\/05\/imagem-1.jpg",1600,1066,false],"homepage-slider":["https:\/\/portal.pi.gov.br\/seres\/wp-content\/uploads\/sites\/87\/2025\/05\/imagem-1-1270x500.jpg",1270,500,true],"homepage-slider-small":["https:\/\/portal.pi.gov.br\/seres\/wp-content\/uploads\/sites\/87\/2025\/05\/imagem-1-947x500.jpg",947,500,true],"page-top":["https:\/\/portal.pi.gov.br\/seres\/wp-content\/uploads\/sites\/87\/2025\/05\/imagem-1-947x631.jpg",947,631,true],"page-small":["https:\/\/portal.pi.gov.br\/seres\/wp-content\/uploads\/sites\/87\/2025\/05\/imagem-1-624x416.jpg",624,416,true],"loop-main":["https:\/\/portal.pi.gov.br\/seres\/wp-content\/uploads\/sites\/87\/2025\/05\/imagem-1-365x240.jpg",365,240,true],"thumb-gallery-widget":["https:\/\/portal.pi.gov.br\/seres\/wp-content\/uploads\/sites\/87\/2025\/05\/imagem-1-84x56.jpg",84,56,true]},"post_excerpt_stackable":"<p>&nbsp;O ministro de Portos e Aeroportos, Silvio Costa Filho, participou da inaugura\u00e7\u00e3o. Foi inaugurada, nessa segunda-feira (05), a primeira fase das obras de reforma, amplia\u00e7\u00e3o e moderniza\u00e7\u00e3o do Aeroporto Prefeito Dr. Jo\u00e3o Silva Filho, em Parna\u00edba. Durante a solenidade, foi anunciada uma nova rota de voos entre o aeroporto e o munic\u00edpio de Fortaleza (CE), operada pela Latam Airlines Brasil, a partir de setembro deste ano. O ministro de Portos e Aeroportos, Silvio Costa Filho, participou da inaugura\u00e7\u00e3o. As obras no Aeroporto Prefeito Dr. Jo\u00e3o Silva Filho fazem parte do contrato de concess\u00e3o firmado pelo Governo do Estado, atrav\u00e9s da&hellip;<\/p>\n","category_list":"<a href=\"https:\/\/portal.pi.gov.br\/seres\/category\/noticias\/\" rel=\"category tag\">Not\u00edcias<\/a>","author_info":{"name":"alineraquel","url":"https:\/\/portal.pi.gov.br\/seres\/author\/alineraquel\/"},"comments_num":"0 coment\u00e1rio","featured_image_urls_v2":{"full":["https:\/\/portal.pi.gov.br\/seres\/wp-content\/uploads\/sites\/87\/2025\/05\/imagem-1.jpg",1600,1066,false],"thumbnail":["https:\/\/portal.pi.gov.br\/seres\/wp-content\/uploads\/sites\/87\/2025\/05\/imagem-1-150x150.jpg",150,150,true],"medium":["https:\/\/portal.pi.gov.br\/seres\/wp-content\/uploads\/sites\/87\/2025\/05\/imagem-1-300x200.jpg",300,200,true],"medium_large":["https:\/\/portal.pi.gov.br\/seres\/wp-content\/uploads\/sites\/87\/2025\/05\/imagem-1-768x512.jpg",768,512,true],"large":["https:\/\/portal.pi.gov.br\/seres\/wp-content\/uploads\/sites\/87\/2025\/05\/imagem-1-1024x682.jpg",887,591,true],"sgg-420":["https:\/\/portal.pi.gov.br\/seres\/wp-content\/uploads\/sites\/87\/2025\/05\/imagem-1-420x280.jpg",420,280,true],"sgg-540":["https:\/\/portal.pi.gov.br\/seres\/wp-content\/uploads\/sites\/87\/2025\/05\/imagem-1-540x360.jpg",540,360,true],"sgg-780":["https:\/\/portal.pi.gov.br\/seres\/wp-content\/uploads\/sites\/87\/2025\/05\/imagem-1-780x520.jpg",780,520,true],"1536x1536":["https:\/\/portal.pi.gov.br\/seres\/wp-content\/uploads\/sites\/87\/2025\/05\/imagem-1-1536x1023.jpg",1536,1023,true],"2048x2048":["https:\/\/portal.pi.gov.br\/seres\/wp-content\/uploads\/sites\/87\/2025\/05\/imagem-1.jpg",1600,1066,false],"homepage-slider":["https:\/\/portal.pi.gov.br\/seres\/wp-content\/uploads\/sites\/87\/2025\/05\/imagem-1-1270x500.jpg",1270,500,true],"homepage-slider-small":["https:\/\/portal.pi.gov.br\/seres\/wp-content\/uploads\/sites\/87\/2025\/05\/imagem-1-947x500.jpg",947,500,true],"page-top":["https:\/\/portal.pi.gov.br\/seres\/wp-content\/uploads\/sites\/87\/2025\/05\/imagem-1-947x631.jpg",947,631,true],"page-small":["https:\/\/portal.pi.gov.br\/seres\/wp-content\/uploads\/sites\/87\/2025\/05\/imagem-1-624x416.jpg",624,416,true],"loop-main":["https:\/\/portal.pi.gov.br\/seres\/wp-content\/uploads\/sites\/87\/2025\/05\/imagem-1-365x240.jpg",365,240,true],"thumb-gallery-widget":["https:\/\/portal.pi.gov.br\/seres\/wp-content\/uploads\/sites\/87\/2025\/05\/imagem-1-84x56.jpg",84,56,true]},"post_excerpt_stackable_v2":"<p>&nbsp;O ministro de Portos e Aeroportos, Silvio Costa Filho, participou da inaugura\u00e7\u00e3o. Foi inaugurada, nessa segunda-feira (05), a primeira fase das obras de reforma, amplia\u00e7\u00e3o e moderniza\u00e7\u00e3o do Aeroporto Prefeito Dr. Jo\u00e3o Silva Filho, em Parna\u00edba. Durante a solenidade, foi anunciada uma nova rota de voos entre o aeroporto e o munic\u00edpio de Fortaleza (CE), operada pela Latam Airlines Brasil, a partir de setembro deste ano. O ministro de Portos e Aeroportos, Silvio Costa Filho, participou da inaugura\u00e7\u00e3o. As obras no Aeroporto Prefeito Dr. Jo\u00e3o Silva Filho fazem parte do contrato de concess\u00e3o firmado pelo Governo do Estado, atrav\u00e9s da&hellip;<\/p>\n","category_list_v2":"<a href=\"https:\/\/portal.pi.gov.br\/seres\/category\/noticias\/\" rel=\"category tag\">Not\u00edcias<\/a>","author_info_v2":{"name":"alineraquel","url":"https:\/\/portal.pi.gov.br\/seres\/author\/alineraquel\/"},"comments_num_v2":"0 coment\u00e1rio","jetpack_featured_media_url":"https:\/\/portal.pi.gov.br\/seres\/wp-content\/uploads\/sites\/87\/2025\/05\/imagem-1.jpg","_links":{"self":[{"href":"https:\/\/portal.pi.gov.br\/seres\/wp-json\/wp\/v2\/posts\/3320"}],"collection":[{"href":"https:\/\/portal.pi.gov.br\/seres\/wp-json\/wp\/v2\/posts"}],"about":[{"href":"https:\/\/portal.pi.gov.br\/seres\/wp-json\/wp\/v2\/types\/post"}],"author":[{"embeddable":true,"href":"https:\/\/portal.pi.gov.br\/seres\/wp-json\/wp\/v2\/users\/1821"}],"replies":[{"embeddable":true,"href":"https:\/\/portal.pi.gov.br\/seres\/wp-json\/wp\/v2\/comments?post=3320"}],"version-history":[{"count":3,"href":"https:\/\/portal.pi.gov.br\/seres\/wp-json\/wp\/v2\/posts\/3320\/revisions"}],"predecessor-version":[{"id":3331,"href":"https:\/\/portal.pi.gov.br\/seres\/wp-json\/wp\/v2\/posts\/3320\/revisions\/3331"}],"wp:featuredmedia":[{"embeddable":true,"href":"https:\/\/portal.pi.gov.br\/seres\/wp-json\/wp\/v2\/media\/3328"}],"wp:attachment":[{"href":"https:\/\/portal.pi.gov.br\/seres\/wp-json\/wp\/v2\/media?parent=3320"}],"wp:term":[{"taxonomy":"category","embeddable":true,"href":"https:\/\/portal.pi.gov.br\/seres\/wp-json\/wp\/v2\/categories?post=3320"},{"taxonomy":"post_tag","embeddable":true,"href":"https:\/\/portal.pi.gov.br\/seres\/wp-json\/wp\/v2\/tags?post=3320"}],"curies":[{"name":"wp","href":"https:\/\/api.w.org\/{rel}","templated":true}]}}