{"id":3351,"date":"2025-05-06T17:08:42","date_gmt":"2025-05-06T20:08:42","guid":{"rendered":"https:\/\/portal.pi.gov.br\/seres\/?p=3351"},"modified":"2025-05-06T17:14:31","modified_gmt":"2025-05-06T20:14:31","slug":"secretaria-nubia-lopes-comemora-aniversario-do-governador-rafael-fonteles","status":"publish","type":"post","link":"https:\/\/portal.pi.gov.br\/seres\/2025\/05\/06\/secretaria-nubia-lopes-comemora-aniversario-do-governador-rafael-fonteles\/","title":{"rendered":"Secret\u00e1ria N\u00fabia Lopes comemora anivers\u00e1rio do governador Rafael Fonteles"},"content":{"rendered":"\n<p><\/p>\n\n\n\n<p>O governador comemorou mais um ano de vida em uma missa de a\u00e7\u00e3o de gra\u00e7as que ocorreu na Igreja de S\u00e3o Jos\u00e9, neste 6 de maio, em Teresina.<\/p>\n\n\n\n<figure class=\"wp-block-image size-large\"><img decoding=\"async\" loading=\"lazy\" width=\"1024\" height=\"682\" src=\"https:\/\/portal.pi.gov.br\/seres\/wp-content\/uploads\/sites\/87\/2025\/05\/42ef8615-6066-4d42-9522-d621cd80bf78-1024x682.jpeg\" alt=\"\" class=\"wp-image-3352\" srcset=\"https:\/\/portal.pi.gov.br\/seres\/wp-content\/uploads\/sites\/87\/2025\/05\/42ef8615-6066-4d42-9522-d621cd80bf78-1024x682.jpeg 1024w, https:\/\/portal.pi.gov.br\/seres\/wp-content\/uploads\/sites\/87\/2025\/05\/42ef8615-6066-4d42-9522-d621cd80bf78-300x200.jpeg 300w, https:\/\/portal.pi.gov.br\/seres\/wp-content\/uploads\/sites\/87\/2025\/05\/42ef8615-6066-4d42-9522-d621cd80bf78-768x512.jpeg 768w, https:\/\/portal.pi.gov.br\/seres\/wp-content\/uploads\/sites\/87\/2025\/05\/42ef8615-6066-4d42-9522-d621cd80bf78-420x280.jpeg 420w, https:\/\/portal.pi.gov.br\/seres\/wp-content\/uploads\/sites\/87\/2025\/05\/42ef8615-6066-4d42-9522-d621cd80bf78-540x360.jpeg 540w, https:\/\/portal.pi.gov.br\/seres\/wp-content\/uploads\/sites\/87\/2025\/05\/42ef8615-6066-4d42-9522-d621cd80bf78-780x520.jpeg 780w, https:\/\/portal.pi.gov.br\/seres\/wp-content\/uploads\/sites\/87\/2025\/05\/42ef8615-6066-4d42-9522-d621cd80bf78-1536x1023.jpeg 1536w, https:\/\/portal.pi.gov.br\/seres\/wp-content\/uploads\/sites\/87\/2025\/05\/42ef8615-6066-4d42-9522-d621cd80bf78-947x631.jpeg 947w, https:\/\/portal.pi.gov.br\/seres\/wp-content\/uploads\/sites\/87\/2025\/05\/42ef8615-6066-4d42-9522-d621cd80bf78-624x416.jpeg 624w, https:\/\/portal.pi.gov.br\/seres\/wp-content\/uploads\/sites\/87\/2025\/05\/42ef8615-6066-4d42-9522-d621cd80bf78-84x56.jpeg 84w, https:\/\/portal.pi.gov.br\/seres\/wp-content\/uploads\/sites\/87\/2025\/05\/42ef8615-6066-4d42-9522-d621cd80bf78.jpeg 1600w\" sizes=\"(max-width: 1024px) 100vw, 1024px\" \/><\/figure>\n\n\n\n<p><\/p>\n\n\n\n<p><\/p>\n\n\n\n<p>Nesta ter\u00e7a-feira (6) foi realizada a missa comemorativa do anivers\u00e1rio de 40 anos do governador do Piau\u00ed, Rafael Fonteles. A celebra\u00e7\u00e3o ocorreu na Igreja de S\u00e3o Jos\u00e9, na zona leste de Teresina, e reuniu familiares, amigos, secret\u00e1rios, pol\u00edticos,&nbsp;demais autoridades e a sociedade civil.<\/p>\n\n\n\n<p>\u201cEstou muito feliz. Na verdade, viemos aqui celebrar a missa na casa do pai, agradecer pela vida, sa\u00fade, pela fam\u00edlia que tenho, que me d\u00e1 muita for\u00e7a. Viemos tamb\u00e9m pedir sabedoria para continuar nossa miss\u00e3o p\u00fablica, muito sintonizada com os anseios do povo\u201d, disse o gestor em seu discurso.<\/p>\n\n\n\n<p>A secret\u00e1ria de Rela\u00e7\u00f5es Sociais, N\u00fabia Lopes, comemorou e parabenizou o governador. &#8220;Parab\u00e9ns, governador! Hoje celebramos a vida de um l\u00edder comprometido com o desenvolvimento, a inclus\u00e3o e o bem-estar do povo piauiense. Que esta nova etapa seja repleta de sa\u00fade, sabedoria e realiza\u00e7\u00f5es. Seguimos juntos na constru\u00e7\u00e3o de um Piau\u00ed cada vez mais forte, justo e democr\u00e1tico. Feliz anivers\u00e1rio!&#8221;. <\/p>\n\n\n\n<p>A celebra\u00e7\u00e3o n\u00e3o marcou apenas o anivers\u00e1rio pessoal do governador, mas tamb\u00e9m um momento de f\u00e9 e renova\u00e7\u00e3o de compromisso com a miss\u00e3o p\u00fablica.<\/p>\n\n\n\n<p><\/p>\n\n\n\n<figure class=\"wp-block-gallery has-nested-images columns-default is-cropped wp-block-gallery-1 is-layout-flex\">\n<figure class=\"wp-block-image size-large\"><img decoding=\"async\" loading=\"lazy\" width=\"1024\" height=\"682\" data-id=\"3353\"  src=\"https:\/\/portal.pi.gov.br\/seres\/wp-content\/uploads\/sites\/87\/2025\/05\/f76182ff-235b-4459-b272-e69096eae9c8-1024x682.jpeg\" alt=\"\" class=\"wp-image-3353\" srcset=\"https:\/\/portal.pi.gov.br\/seres\/wp-content\/uploads\/sites\/87\/2025\/05\/f76182ff-235b-4459-b272-e69096eae9c8-1024x682.jpeg 1024w, https:\/\/portal.pi.gov.br\/seres\/wp-content\/uploads\/sites\/87\/2025\/05\/f76182ff-235b-4459-b272-e69096eae9c8-300x200.jpeg 300w, https:\/\/portal.pi.gov.br\/seres\/wp-content\/uploads\/sites\/87\/2025\/05\/f76182ff-235b-4459-b272-e69096eae9c8-768x512.jpeg 768w, https:\/\/portal.pi.gov.br\/seres\/wp-content\/uploads\/sites\/87\/2025\/05\/f76182ff-235b-4459-b272-e69096eae9c8-420x280.jpeg 420w, https:\/\/portal.pi.gov.br\/seres\/wp-content\/uploads\/sites\/87\/2025\/05\/f76182ff-235b-4459-b272-e69096eae9c8-540x360.jpeg 540w, https:\/\/portal.pi.gov.br\/seres\/wp-content\/uploads\/sites\/87\/2025\/05\/f76182ff-235b-4459-b272-e69096eae9c8-780x520.jpeg 780w, https:\/\/portal.pi.gov.br\/seres\/wp-content\/uploads\/sites\/87\/2025\/05\/f76182ff-235b-4459-b272-e69096eae9c8-1536x1023.jpeg 1536w, https:\/\/portal.pi.gov.br\/seres\/wp-content\/uploads\/sites\/87\/2025\/05\/f76182ff-235b-4459-b272-e69096eae9c8-947x631.jpeg 947w, https:\/\/portal.pi.gov.br\/seres\/wp-content\/uploads\/sites\/87\/2025\/05\/f76182ff-235b-4459-b272-e69096eae9c8-624x416.jpeg 624w, https:\/\/portal.pi.gov.br\/seres\/wp-content\/uploads\/sites\/87\/2025\/05\/f76182ff-235b-4459-b272-e69096eae9c8-84x56.jpeg 84w, https:\/\/portal.pi.gov.br\/seres\/wp-content\/uploads\/sites\/87\/2025\/05\/f76182ff-235b-4459-b272-e69096eae9c8.jpeg 1600w\" sizes=\"(max-width: 1024px) 100vw, 1024px\" \/><\/figure>\n<\/figure>\n\n\n\n<p>&nbsp;<\/p>\n\n\n\n<p><\/p>\n\n\n\n<figure class=\"wp-block-gallery has-nested-images columns-default is-cropped wp-block-gallery-3 is-layout-flex\">\n<figure class=\"wp-block-image size-large\"><img decoding=\"async\" loading=\"lazy\" width=\"1024\" height=\"768\" data-id=\"3357\"  src=\"https:\/\/portal.pi.gov.br\/seres\/wp-content\/uploads\/sites\/87\/2025\/05\/2a938aa7-6fee-415c-8a7a-e620b8f1e858-1024x768.jpeg\" alt=\"\" class=\"wp-image-3357\" srcset=\"https:\/\/portal.pi.gov.br\/seres\/wp-content\/uploads\/sites\/87\/2025\/05\/2a938aa7-6fee-415c-8a7a-e620b8f1e858-1024x768.jpeg 1024w, https:\/\/portal.pi.gov.br\/seres\/wp-content\/uploads\/sites\/87\/2025\/05\/2a938aa7-6fee-415c-8a7a-e620b8f1e858-300x225.jpeg 300w, https:\/\/portal.pi.gov.br\/seres\/wp-content\/uploads\/sites\/87\/2025\/05\/2a938aa7-6fee-415c-8a7a-e620b8f1e858-768x576.jpeg 768w, https:\/\/portal.pi.gov.br\/seres\/wp-content\/uploads\/sites\/87\/2025\/05\/2a938aa7-6fee-415c-8a7a-e620b8f1e858-420x315.jpeg 420w, https:\/\/portal.pi.gov.br\/seres\/wp-content\/uploads\/sites\/87\/2025\/05\/2a938aa7-6fee-415c-8a7a-e620b8f1e858-540x405.jpeg 540w, https:\/\/portal.pi.gov.br\/seres\/wp-content\/uploads\/sites\/87\/2025\/05\/2a938aa7-6fee-415c-8a7a-e620b8f1e858-780x585.jpeg 780w, https:\/\/portal.pi.gov.br\/seres\/wp-content\/uploads\/sites\/87\/2025\/05\/2a938aa7-6fee-415c-8a7a-e620b8f1e858-1536x1152.jpeg 1536w, https:\/\/portal.pi.gov.br\/seres\/wp-content\/uploads\/sites\/87\/2025\/05\/2a938aa7-6fee-415c-8a7a-e620b8f1e858-947x710.jpeg 947w, https:\/\/portal.pi.gov.br\/seres\/wp-content\/uploads\/sites\/87\/2025\/05\/2a938aa7-6fee-415c-8a7a-e620b8f1e858-624x468.jpeg 624w, https:\/\/portal.pi.gov.br\/seres\/wp-content\/uploads\/sites\/87\/2025\/05\/2a938aa7-6fee-415c-8a7a-e620b8f1e858.jpeg 1600w\" sizes=\"(max-width: 1024px) 100vw, 1024px\" \/><\/figure>\n\n\n\n<figure class=\"wp-block-image size-large\"><img decoding=\"async\" loading=\"lazy\" width=\"1024\" height=\"768\" data-id=\"3356\"  src=\"https:\/\/portal.pi.gov.br\/seres\/wp-content\/uploads\/sites\/87\/2025\/05\/6eae55dd-b2e5-49f1-bff5-53647fa700f3-1024x768.jpeg\" alt=\"\" class=\"wp-image-3356\" srcset=\"https:\/\/portal.pi.gov.br\/seres\/wp-content\/uploads\/sites\/87\/2025\/05\/6eae55dd-b2e5-49f1-bff5-53647fa700f3-1024x768.jpeg 1024w, https:\/\/portal.pi.gov.br\/seres\/wp-content\/uploads\/sites\/87\/2025\/05\/6eae55dd-b2e5-49f1-bff5-53647fa700f3-300x225.jpeg 300w, https:\/\/portal.pi.gov.br\/seres\/wp-content\/uploads\/sites\/87\/2025\/05\/6eae55dd-b2e5-49f1-bff5-53647fa700f3-768x576.jpeg 768w, https:\/\/portal.pi.gov.br\/seres\/wp-content\/uploads\/sites\/87\/2025\/05\/6eae55dd-b2e5-49f1-bff5-53647fa700f3-420x315.jpeg 420w, https:\/\/portal.pi.gov.br\/seres\/wp-content\/uploads\/sites\/87\/2025\/05\/6eae55dd-b2e5-49f1-bff5-53647fa700f3-540x405.jpeg 540w, https:\/\/portal.pi.gov.br\/seres\/wp-content\/uploads\/sites\/87\/2025\/05\/6eae55dd-b2e5-49f1-bff5-53647fa700f3-780x585.jpeg 780w, https:\/\/portal.pi.gov.br\/seres\/wp-content\/uploads\/sites\/87\/2025\/05\/6eae55dd-b2e5-49f1-bff5-53647fa700f3-1536x1152.jpeg 1536w, https:\/\/portal.pi.gov.br\/seres\/wp-content\/uploads\/sites\/87\/2025\/05\/6eae55dd-b2e5-49f1-bff5-53647fa700f3-947x710.jpeg 947w, https:\/\/portal.pi.gov.br\/seres\/wp-content\/uploads\/sites\/87\/2025\/05\/6eae55dd-b2e5-49f1-bff5-53647fa700f3-624x468.jpeg 624w, https:\/\/portal.pi.gov.br\/seres\/wp-content\/uploads\/sites\/87\/2025\/05\/6eae55dd-b2e5-49f1-bff5-53647fa700f3.jpeg 1600w\" sizes=\"(max-width: 1024px) 100vw, 1024px\" \/><\/figure>\n\n\n\n<figure class=\"wp-block-image size-large\"><img decoding=\"async\" loading=\"lazy\" width=\"1024\" height=\"768\" data-id=\"3354\"  src=\"https:\/\/portal.pi.gov.br\/seres\/wp-content\/uploads\/sites\/87\/2025\/05\/56b7c92e-5db7-4a99-bd46-39b903ac858a-1024x768.jpeg\" alt=\"\" class=\"wp-image-3354\" srcset=\"https:\/\/portal.pi.gov.br\/seres\/wp-content\/uploads\/sites\/87\/2025\/05\/56b7c92e-5db7-4a99-bd46-39b903ac858a-1024x768.jpeg 1024w, https:\/\/portal.pi.gov.br\/seres\/wp-content\/uploads\/sites\/87\/2025\/05\/56b7c92e-5db7-4a99-bd46-39b903ac858a-300x225.jpeg 300w, https:\/\/portal.pi.gov.br\/seres\/wp-content\/uploads\/sites\/87\/2025\/05\/56b7c92e-5db7-4a99-bd46-39b903ac858a-768x576.jpeg 768w, https:\/\/portal.pi.gov.br\/seres\/wp-content\/uploads\/sites\/87\/2025\/05\/56b7c92e-5db7-4a99-bd46-39b903ac858a-420x315.jpeg 420w, https:\/\/portal.pi.gov.br\/seres\/wp-content\/uploads\/sites\/87\/2025\/05\/56b7c92e-5db7-4a99-bd46-39b903ac858a-540x405.jpeg 540w, https:\/\/portal.pi.gov.br\/seres\/wp-content\/uploads\/sites\/87\/2025\/05\/56b7c92e-5db7-4a99-bd46-39b903ac858a-780x585.jpeg 780w, https:\/\/portal.pi.gov.br\/seres\/wp-content\/uploads\/sites\/87\/2025\/05\/56b7c92e-5db7-4a99-bd46-39b903ac858a-1536x1152.jpeg 1536w, https:\/\/portal.pi.gov.br\/seres\/wp-content\/uploads\/sites\/87\/2025\/05\/56b7c92e-5db7-4a99-bd46-39b903ac858a-947x710.jpeg 947w, https:\/\/portal.pi.gov.br\/seres\/wp-content\/uploads\/sites\/87\/2025\/05\/56b7c92e-5db7-4a99-bd46-39b903ac858a-624x468.jpeg 624w, https:\/\/portal.pi.gov.br\/seres\/wp-content\/uploads\/sites\/87\/2025\/05\/56b7c92e-5db7-4a99-bd46-39b903ac858a.jpeg 1600w\" sizes=\"(max-width: 1024px) 100vw, 1024px\" \/><\/figure>\n\n\n\n<figure class=\"wp-block-image size-large\"><img decoding=\"async\" loading=\"lazy\" width=\"1024\" height=\"768\" data-id=\"3360\"  src=\"https:\/\/portal.pi.gov.br\/seres\/wp-content\/uploads\/sites\/87\/2025\/05\/6654cba5-768a-4dcd-a896-d5c2fdb541a2-1024x768.jpeg\" alt=\"\" class=\"wp-image-3360\" srcset=\"https:\/\/portal.pi.gov.br\/seres\/wp-content\/uploads\/sites\/87\/2025\/05\/6654cba5-768a-4dcd-a896-d5c2fdb541a2-1024x768.jpeg 1024w, https:\/\/portal.pi.gov.br\/seres\/wp-content\/uploads\/sites\/87\/2025\/05\/6654cba5-768a-4dcd-a896-d5c2fdb541a2-300x225.jpeg 300w, https:\/\/portal.pi.gov.br\/seres\/wp-content\/uploads\/sites\/87\/2025\/05\/6654cba5-768a-4dcd-a896-d5c2fdb541a2-768x576.jpeg 768w, https:\/\/portal.pi.gov.br\/seres\/wp-content\/uploads\/sites\/87\/2025\/05\/6654cba5-768a-4dcd-a896-d5c2fdb541a2-420x315.jpeg 420w, https:\/\/portal.pi.gov.br\/seres\/wp-content\/uploads\/sites\/87\/2025\/05\/6654cba5-768a-4dcd-a896-d5c2fdb541a2-540x405.jpeg 540w, https:\/\/portal.pi.gov.br\/seres\/wp-content\/uploads\/sites\/87\/2025\/05\/6654cba5-768a-4dcd-a896-d5c2fdb541a2-780x585.jpeg 780w, https:\/\/portal.pi.gov.br\/seres\/wp-content\/uploads\/sites\/87\/2025\/05\/6654cba5-768a-4dcd-a896-d5c2fdb541a2-1536x1152.jpeg 1536w, https:\/\/portal.pi.gov.br\/seres\/wp-content\/uploads\/sites\/87\/2025\/05\/6654cba5-768a-4dcd-a896-d5c2fdb541a2-947x710.jpeg 947w, https:\/\/portal.pi.gov.br\/seres\/wp-content\/uploads\/sites\/87\/2025\/05\/6654cba5-768a-4dcd-a896-d5c2fdb541a2-624x468.jpeg 624w, https:\/\/portal.pi.gov.br\/seres\/wp-content\/uploads\/sites\/87\/2025\/05\/6654cba5-768a-4dcd-a896-d5c2fdb541a2.jpeg 1600w\" sizes=\"(max-width: 1024px) 100vw, 1024px\" \/><\/figure>\n\n\n\n<figure class=\"wp-block-image size-large\"><img decoding=\"async\" loading=\"lazy\" width=\"1024\" height=\"768\" data-id=\"3355\"  src=\"https:\/\/portal.pi.gov.br\/seres\/wp-content\/uploads\/sites\/87\/2025\/05\/46812853-9359-4aaa-b6cd-14c71d04bcb4-1024x768.jpeg\" alt=\"\" class=\"wp-image-3355\" srcset=\"https:\/\/portal.pi.gov.br\/seres\/wp-content\/uploads\/sites\/87\/2025\/05\/46812853-9359-4aaa-b6cd-14c71d04bcb4-1024x768.jpeg 1024w, https:\/\/portal.pi.gov.br\/seres\/wp-content\/uploads\/sites\/87\/2025\/05\/46812853-9359-4aaa-b6cd-14c71d04bcb4-300x225.jpeg 300w, https:\/\/portal.pi.gov.br\/seres\/wp-content\/uploads\/sites\/87\/2025\/05\/46812853-9359-4aaa-b6cd-14c71d04bcb4-768x576.jpeg 768w, https:\/\/portal.pi.gov.br\/seres\/wp-content\/uploads\/sites\/87\/2025\/05\/46812853-9359-4aaa-b6cd-14c71d04bcb4-420x315.jpeg 420w, https:\/\/portal.pi.gov.br\/seres\/wp-content\/uploads\/sites\/87\/2025\/05\/46812853-9359-4aaa-b6cd-14c71d04bcb4-540x405.jpeg 540w, https:\/\/portal.pi.gov.br\/seres\/wp-content\/uploads\/sites\/87\/2025\/05\/46812853-9359-4aaa-b6cd-14c71d04bcb4-780x585.jpeg 780w, https:\/\/portal.pi.gov.br\/seres\/wp-content\/uploads\/sites\/87\/2025\/05\/46812853-9359-4aaa-b6cd-14c71d04bcb4-1536x1152.jpeg 1536w, https:\/\/portal.pi.gov.br\/seres\/wp-content\/uploads\/sites\/87\/2025\/05\/46812853-9359-4aaa-b6cd-14c71d04bcb4-947x710.jpeg 947w, https:\/\/portal.pi.gov.br\/seres\/wp-content\/uploads\/sites\/87\/2025\/05\/46812853-9359-4aaa-b6cd-14c71d04bcb4-624x468.jpeg 624w, https:\/\/portal.pi.gov.br\/seres\/wp-content\/uploads\/sites\/87\/2025\/05\/46812853-9359-4aaa-b6cd-14c71d04bcb4.jpeg 1600w\" sizes=\"(max-width: 1024px) 100vw, 1024px\" \/><\/figure>\n\n\n\n<figure class=\"wp-block-image size-large\"><img decoding=\"async\" loading=\"lazy\" width=\"1024\" height=\"682\" data-id=\"3359\"  src=\"https:\/\/portal.pi.gov.br\/seres\/wp-content\/uploads\/sites\/87\/2025\/05\/b7e25cff-fb29-478e-8049-f5ae0437f68a-1024x682.jpeg\" alt=\"\" class=\"wp-image-3359\" srcset=\"https:\/\/portal.pi.gov.br\/seres\/wp-content\/uploads\/sites\/87\/2025\/05\/b7e25cff-fb29-478e-8049-f5ae0437f68a-1024x682.jpeg 1024w, https:\/\/portal.pi.gov.br\/seres\/wp-content\/uploads\/sites\/87\/2025\/05\/b7e25cff-fb29-478e-8049-f5ae0437f68a-300x200.jpeg 300w, https:\/\/portal.pi.gov.br\/seres\/wp-content\/uploads\/sites\/87\/2025\/05\/b7e25cff-fb29-478e-8049-f5ae0437f68a-768x512.jpeg 768w, https:\/\/portal.pi.gov.br\/seres\/wp-content\/uploads\/sites\/87\/2025\/05\/b7e25cff-fb29-478e-8049-f5ae0437f68a-420x280.jpeg 420w, https:\/\/portal.pi.gov.br\/seres\/wp-content\/uploads\/sites\/87\/2025\/05\/b7e25cff-fb29-478e-8049-f5ae0437f68a-540x360.jpeg 540w, https:\/\/portal.pi.gov.br\/seres\/wp-content\/uploads\/sites\/87\/2025\/05\/b7e25cff-fb29-478e-8049-f5ae0437f68a-780x520.jpeg 780w, https:\/\/portal.pi.gov.br\/seres\/wp-content\/uploads\/sites\/87\/2025\/05\/b7e25cff-fb29-478e-8049-f5ae0437f68a-1536x1023.jpeg 1536w, https:\/\/portal.pi.gov.br\/seres\/wp-content\/uploads\/sites\/87\/2025\/05\/b7e25cff-fb29-478e-8049-f5ae0437f68a-947x631.jpeg 947w, https:\/\/portal.pi.gov.br\/seres\/wp-content\/uploads\/sites\/87\/2025\/05\/b7e25cff-fb29-478e-8049-f5ae0437f68a-624x416.jpeg 624w, https:\/\/portal.pi.gov.br\/seres\/wp-content\/uploads\/sites\/87\/2025\/05\/b7e25cff-fb29-478e-8049-f5ae0437f68a-84x56.jpeg 84w, https:\/\/portal.pi.gov.br\/seres\/wp-content\/uploads\/sites\/87\/2025\/05\/b7e25cff-fb29-478e-8049-f5ae0437f68a.jpeg 1600w\" sizes=\"(max-width: 1024px) 100vw, 1024px\" \/><\/figure>\n\n\n\n<figure class=\"wp-block-image size-large\"><img decoding=\"async\" loading=\"lazy\" width=\"1024\" height=\"682\" data-id=\"3358\"  src=\"https:\/\/portal.pi.gov.br\/seres\/wp-content\/uploads\/sites\/87\/2025\/05\/e185b675-090f-4652-960e-79ce029dbc4e-1024x682.jpeg\" alt=\"\" class=\"wp-image-3358\" srcset=\"https:\/\/portal.pi.gov.br\/seres\/wp-content\/uploads\/sites\/87\/2025\/05\/e185b675-090f-4652-960e-79ce029dbc4e-1024x682.jpeg 1024w, https:\/\/portal.pi.gov.br\/seres\/wp-content\/uploads\/sites\/87\/2025\/05\/e185b675-090f-4652-960e-79ce029dbc4e-300x200.jpeg 300w, https:\/\/portal.pi.gov.br\/seres\/wp-content\/uploads\/sites\/87\/2025\/05\/e185b675-090f-4652-960e-79ce029dbc4e-768x512.jpeg 768w, https:\/\/portal.pi.gov.br\/seres\/wp-content\/uploads\/sites\/87\/2025\/05\/e185b675-090f-4652-960e-79ce029dbc4e-420x280.jpeg 420w, https:\/\/portal.pi.gov.br\/seres\/wp-content\/uploads\/sites\/87\/2025\/05\/e185b675-090f-4652-960e-79ce029dbc4e-540x360.jpeg 540w, https:\/\/portal.pi.gov.br\/seres\/wp-content\/uploads\/sites\/87\/2025\/05\/e185b675-090f-4652-960e-79ce029dbc4e-780x520.jpeg 780w, https:\/\/portal.pi.gov.br\/seres\/wp-content\/uploads\/sites\/87\/2025\/05\/e185b675-090f-4652-960e-79ce029dbc4e-1536x1023.jpeg 1536w, https:\/\/portal.pi.gov.br\/seres\/wp-content\/uploads\/sites\/87\/2025\/05\/e185b675-090f-4652-960e-79ce029dbc4e-947x631.jpeg 947w, https:\/\/portal.pi.gov.br\/seres\/wp-content\/uploads\/sites\/87\/2025\/05\/e185b675-090f-4652-960e-79ce029dbc4e-624x416.jpeg 624w, https:\/\/portal.pi.gov.br\/seres\/wp-content\/uploads\/sites\/87\/2025\/05\/e185b675-090f-4652-960e-79ce029dbc4e-84x56.jpeg 84w, https:\/\/portal.pi.gov.br\/seres\/wp-content\/uploads\/sites\/87\/2025\/05\/e185b675-090f-4652-960e-79ce029dbc4e.jpeg 1600w\" sizes=\"(max-width: 1024px) 100vw, 1024px\" \/><\/figure>\n<\/figure>\n\n\n\n<p><\/p>\n\n\n\n<p><\/p>\n\n\n\n<p>Fotos: Gabriel Paulino e Natalina Alves<\/p>\n","protected":false},"excerpt":{"rendered":"<p>O governador comemorou mais um ano de vida em uma missa de a\u00e7\u00e3o de gra\u00e7as que ocorreu na Igreja de S\u00e3o Jos\u00e9, neste 6 de maio, em Teresina. Nesta ter\u00e7a-feira [&hellip;]<\/p>\n","protected":false},"author":1821,"featured_media":3361,"comment_status":"closed","ping_status":"closed","sticky":true,"template":"","format":"standard","meta":[],"categories":[34],"tags":[],"featured_image_urls":{"full":["https:\/\/portal.pi.gov.br\/seres\/wp-content\/uploads\/sites\/87\/2025\/05\/d87612a9-6d4a-4d40-a3ec-ac97b691e630.jpeg",1600,742,false],"thumbnail":["https:\/\/portal.pi.gov.br\/seres\/wp-content\/uploads\/sites\/87\/2025\/05\/d87612a9-6d4a-4d40-a3ec-ac97b691e630-150x150.jpeg",150,150,true],"medium":["https:\/\/portal.pi.gov.br\/seres\/wp-content\/uploads\/sites\/87\/2025\/05\/d87612a9-6d4a-4d40-a3ec-ac97b691e630-300x139.jpeg",300,139,true],"medium_large":["https:\/\/portal.pi.gov.br\/seres\/wp-content\/uploads\/sites\/87\/2025\/05\/d87612a9-6d4a-4d40-a3ec-ac97b691e630-768x356.jpeg",768,356,true],"large":["https:\/\/portal.pi.gov.br\/seres\/wp-content\/uploads\/sites\/87\/2025\/05\/d87612a9-6d4a-4d40-a3ec-ac97b691e630-1024x475.jpeg",887,411,true],"sgg-420":["https:\/\/portal.pi.gov.br\/seres\/wp-content\/uploads\/sites\/87\/2025\/05\/d87612a9-6d4a-4d40-a3ec-ac97b691e630-420x195.jpeg",420,195,true],"sgg-540":["https:\/\/portal.pi.gov.br\/seres\/wp-content\/uploads\/sites\/87\/2025\/05\/d87612a9-6d4a-4d40-a3ec-ac97b691e630-540x250.jpeg",540,250,true],"sgg-780":["https:\/\/portal.pi.gov.br\/seres\/wp-content\/uploads\/sites\/87\/2025\/05\/d87612a9-6d4a-4d40-a3ec-ac97b691e630-780x362.jpeg",780,362,true],"1536x1536":["https:\/\/portal.pi.gov.br\/seres\/wp-content\/uploads\/sites\/87\/2025\/05\/d87612a9-6d4a-4d40-a3ec-ac97b691e630-1536x712.jpeg",1536,712,true],"2048x2048":["https:\/\/portal.pi.gov.br\/seres\/wp-content\/uploads\/sites\/87\/2025\/05\/d87612a9-6d4a-4d40-a3ec-ac97b691e630.jpeg",1600,742,false],"homepage-slider":["https:\/\/portal.pi.gov.br\/seres\/wp-content\/uploads\/sites\/87\/2025\/05\/d87612a9-6d4a-4d40-a3ec-ac97b691e630-1270x500.jpeg",1270,500,true],"homepage-slider-small":["https:\/\/portal.pi.gov.br\/seres\/wp-content\/uploads\/sites\/87\/2025\/05\/d87612a9-6d4a-4d40-a3ec-ac97b691e630-947x500.jpeg",947,500,true],"page-top":["https:\/\/portal.pi.gov.br\/seres\/wp-content\/uploads\/sites\/87\/2025\/05\/d87612a9-6d4a-4d40-a3ec-ac97b691e630-947x439.jpeg",947,439,true],"page-small":["https:\/\/portal.pi.gov.br\/seres\/wp-content\/uploads\/sites\/87\/2025\/05\/d87612a9-6d4a-4d40-a3ec-ac97b691e630-624x289.jpeg",624,289,true],"loop-main":["https:\/\/portal.pi.gov.br\/seres\/wp-content\/uploads\/sites\/87\/2025\/05\/d87612a9-6d4a-4d40-a3ec-ac97b691e630-365x240.jpeg",365,240,true],"thumb-gallery-widget":["https:\/\/portal.pi.gov.br\/seres\/wp-content\/uploads\/sites\/87\/2025\/05\/d87612a9-6d4a-4d40-a3ec-ac97b691e630-84x56.jpeg",84,56,true]},"post_excerpt_stackable":"<p>O governador comemorou mais um ano de vida em uma missa de a\u00e7\u00e3o de gra\u00e7as que ocorreu na Igreja de S\u00e3o Jos\u00e9, neste 6 de maio, em Teresina. Nesta ter\u00e7a-feira (6) foi realizada a missa comemorativa do anivers\u00e1rio de 40 anos do governador do Piau\u00ed, Rafael Fonteles. A celebra\u00e7\u00e3o ocorreu na Igreja de S\u00e3o Jos\u00e9, na zona leste de Teresina, e reuniu familiares, amigos, secret\u00e1rios, pol\u00edticos,&nbsp;demais autoridades e a sociedade civil. \u201cEstou muito feliz. Na verdade, viemos aqui celebrar a missa na casa do pai, agradecer pela vida, sa\u00fade, pela fam\u00edlia que tenho, que me d\u00e1 muita for\u00e7a. Viemos tamb\u00e9m&hellip;<\/p>\n","category_list":"<a href=\"https:\/\/portal.pi.gov.br\/seres\/category\/noticias\/\" rel=\"category tag\">Not\u00edcias<\/a>","author_info":{"name":"alineraquel","url":"https:\/\/portal.pi.gov.br\/seres\/author\/alineraquel\/"},"comments_num":"0 coment\u00e1rio","featured_image_urls_v2":{"full":["https:\/\/portal.pi.gov.br\/seres\/wp-content\/uploads\/sites\/87\/2025\/05\/d87612a9-6d4a-4d40-a3ec-ac97b691e630.jpeg",1600,742,false],"thumbnail":["https:\/\/portal.pi.gov.br\/seres\/wp-content\/uploads\/sites\/87\/2025\/05\/d87612a9-6d4a-4d40-a3ec-ac97b691e630-150x150.jpeg",150,150,true],"medium":["https:\/\/portal.pi.gov.br\/seres\/wp-content\/uploads\/sites\/87\/2025\/05\/d87612a9-6d4a-4d40-a3ec-ac97b691e630-300x139.jpeg",300,139,true],"medium_large":["https:\/\/portal.pi.gov.br\/seres\/wp-content\/uploads\/sites\/87\/2025\/05\/d87612a9-6d4a-4d40-a3ec-ac97b691e630-768x356.jpeg",768,356,true],"large":["https:\/\/portal.pi.gov.br\/seres\/wp-content\/uploads\/sites\/87\/2025\/05\/d87612a9-6d4a-4d40-a3ec-ac97b691e630-1024x475.jpeg",887,411,true],"sgg-420":["https:\/\/portal.pi.gov.br\/seres\/wp-content\/uploads\/sites\/87\/2025\/05\/d87612a9-6d4a-4d40-a3ec-ac97b691e630-420x195.jpeg",420,195,true],"sgg-540":["https:\/\/portal.pi.gov.br\/seres\/wp-content\/uploads\/sites\/87\/2025\/05\/d87612a9-6d4a-4d40-a3ec-ac97b691e630-540x250.jpeg",540,250,true],"sgg-780":["https:\/\/portal.pi.gov.br\/seres\/wp-content\/uploads\/sites\/87\/2025\/05\/d87612a9-6d4a-4d40-a3ec-ac97b691e630-780x362.jpeg",780,362,true],"1536x1536":["https:\/\/portal.pi.gov.br\/seres\/wp-content\/uploads\/sites\/87\/2025\/05\/d87612a9-6d4a-4d40-a3ec-ac97b691e630-1536x712.jpeg",1536,712,true],"2048x2048":["https:\/\/portal.pi.gov.br\/seres\/wp-content\/uploads\/sites\/87\/2025\/05\/d87612a9-6d4a-4d40-a3ec-ac97b691e630.jpeg",1600,742,false],"homepage-slider":["https:\/\/portal.pi.gov.br\/seres\/wp-content\/uploads\/sites\/87\/2025\/05\/d87612a9-6d4a-4d40-a3ec-ac97b691e630-1270x500.jpeg",1270,500,true],"homepage-slider-small":["https:\/\/portal.pi.gov.br\/seres\/wp-content\/uploads\/sites\/87\/2025\/05\/d87612a9-6d4a-4d40-a3ec-ac97b691e630-947x500.jpeg",947,500,true],"page-top":["https:\/\/portal.pi.gov.br\/seres\/wp-content\/uploads\/sites\/87\/2025\/05\/d87612a9-6d4a-4d40-a3ec-ac97b691e630-947x439.jpeg",947,439,true],"page-small":["https:\/\/portal.pi.gov.br\/seres\/wp-content\/uploads\/sites\/87\/2025\/05\/d87612a9-6d4a-4d40-a3ec-ac97b691e630-624x289.jpeg",624,289,true],"loop-main":["https:\/\/portal.pi.gov.br\/seres\/wp-content\/uploads\/sites\/87\/2025\/05\/d87612a9-6d4a-4d40-a3ec-ac97b691e630-365x240.jpeg",365,240,true],"thumb-gallery-widget":["https:\/\/portal.pi.gov.br\/seres\/wp-content\/uploads\/sites\/87\/2025\/05\/d87612a9-6d4a-4d40-a3ec-ac97b691e630-84x56.jpeg",84,56,true]},"post_excerpt_stackable_v2":"<p>O governador comemorou mais um ano de vida em uma missa de a\u00e7\u00e3o de gra\u00e7as que ocorreu na Igreja de S\u00e3o Jos\u00e9, neste 6 de maio, em Teresina. Nesta ter\u00e7a-feira (6) foi realizada a missa comemorativa do anivers\u00e1rio de 40 anos do governador do Piau\u00ed, Rafael Fonteles. A celebra\u00e7\u00e3o ocorreu na Igreja de S\u00e3o Jos\u00e9, na zona leste de Teresina, e reuniu familiares, amigos, secret\u00e1rios, pol\u00edticos,&nbsp;demais autoridades e a sociedade civil. \u201cEstou muito feliz. Na verdade, viemos aqui celebrar a missa na casa do pai, agradecer pela vida, sa\u00fade, pela fam\u00edlia que tenho, que me d\u00e1 muita for\u00e7a. Viemos tamb\u00e9m&hellip;<\/p>\n","category_list_v2":"<a href=\"https:\/\/portal.pi.gov.br\/seres\/category\/noticias\/\" rel=\"category tag\">Not\u00edcias<\/a>","author_info_v2":{"name":"alineraquel","url":"https:\/\/portal.pi.gov.br\/seres\/author\/alineraquel\/"},"comments_num_v2":"0 coment\u00e1rio","jetpack_featured_media_url":"https:\/\/portal.pi.gov.br\/seres\/wp-content\/uploads\/sites\/87\/2025\/05\/d87612a9-6d4a-4d40-a3ec-ac97b691e630.jpeg","_links":{"self":[{"href":"https:\/\/portal.pi.gov.br\/seres\/wp-json\/wp\/v2\/posts\/3351"}],"collection":[{"href":"https:\/\/portal.pi.gov.br\/seres\/wp-json\/wp\/v2\/posts"}],"about":[{"href":"https:\/\/portal.pi.gov.br\/seres\/wp-json\/wp\/v2\/types\/post"}],"author":[{"embeddable":true,"href":"https:\/\/portal.pi.gov.br\/seres\/wp-json\/wp\/v2\/users\/1821"}],"replies":[{"embeddable":true,"href":"https:\/\/portal.pi.gov.br\/seres\/wp-json\/wp\/v2\/comments?post=3351"}],"version-history":[{"count":3,"href":"https:\/\/portal.pi.gov.br\/seres\/wp-json\/wp\/v2\/posts\/3351\/revisions"}],"predecessor-version":[{"id":3364,"href":"https:\/\/portal.pi.gov.br\/seres\/wp-json\/wp\/v2\/posts\/3351\/revisions\/3364"}],"wp:featuredmedia":[{"embeddable":true,"href":"https:\/\/portal.pi.gov.br\/seres\/wp-json\/wp\/v2\/media\/3361"}],"wp:attachment":[{"href":"https:\/\/portal.pi.gov.br\/seres\/wp-json\/wp\/v2\/media?parent=3351"}],"wp:term":[{"taxonomy":"category","embeddable":true,"href":"https:\/\/portal.pi.gov.br\/seres\/wp-json\/wp\/v2\/categories?post=3351"},{"taxonomy":"post_tag","embeddable":true,"href":"https:\/\/portal.pi.gov.br\/seres\/wp-json\/wp\/v2\/tags?post=3351"}],"curies":[{"name":"wp","href":"https:\/\/api.w.org\/{rel}","templated":true}]}}