{"id":3365,"date":"2025-05-15T10:09:36","date_gmt":"2025-05-15T13:09:36","guid":{"rendered":"https:\/\/portal.pi.gov.br\/seres\/?p=3365"},"modified":"2025-05-21T08:50:02","modified_gmt":"2025-05-21T11:50:02","slug":"seres-realizara-capacitacao-de-liderancas-comunitarias-em-campo-maior","status":"publish","type":"post","link":"https:\/\/portal.pi.gov.br\/seres\/2025\/05\/15\/seres-realizara-capacitacao-de-liderancas-comunitarias-em-campo-maior\/","title":{"rendered":"Lideran\u00e7as comunit\u00e1rias de Campo Maior participam de curso de forma\u00e7\u00e3o promovido pela SERES"},"content":{"rendered":"\n<p><\/p>\n\n\n\n<p>A Secretaria de Rela\u00e7\u00f5es Sociais (SERES)  promoveu  durante o encontro do Di\u00e1logos pelo Piau\u00ed no munic\u00edpio de Campo Maior, capacita\u00e7\u00f5es do Programa Lideran\u00e7a em Destaque. A forma\u00e7\u00e3o de lideran\u00e7as das organiza\u00e7\u00f5es da sociedade civil visa ampliar a participa\u00e7\u00e3o na constru\u00e7\u00e3o das pol\u00edticas p\u00fablicas e fortalecer o di\u00e1logo institucional entre Governo e sociedade.  O programa Lideran\u00e7a em Destaque \u00e9 uma iniciativa da Secretaria de Rela\u00e7\u00f5es Sociais (Seres), em parceria com a Secretaria de Estado da Administra\u00e7\u00e3o (Sead) e a Escola de Governo.<\/p>\n\n\n<div class=\"wp-block-image\">\n<figure class=\"aligncenter size-large is-resized\"><img decoding=\"async\" loading=\"lazy\" src=\"https:\/\/portal.pi.gov.br\/seres\/wp-content\/uploads\/sites\/87\/2025\/05\/Foto-1024x768.jpeg\" alt=\"\" class=\"wp-image-3380\" width=\"700\" height=\"525\" srcset=\"https:\/\/portal.pi.gov.br\/seres\/wp-content\/uploads\/sites\/87\/2025\/05\/Foto-1024x768.jpeg 1024w, https:\/\/portal.pi.gov.br\/seres\/wp-content\/uploads\/sites\/87\/2025\/05\/Foto-300x225.jpeg 300w, https:\/\/portal.pi.gov.br\/seres\/wp-content\/uploads\/sites\/87\/2025\/05\/Foto-768x576.jpeg 768w, https:\/\/portal.pi.gov.br\/seres\/wp-content\/uploads\/sites\/87\/2025\/05\/Foto-420x315.jpeg 420w, https:\/\/portal.pi.gov.br\/seres\/wp-content\/uploads\/sites\/87\/2025\/05\/Foto-540x405.jpeg 540w, https:\/\/portal.pi.gov.br\/seres\/wp-content\/uploads\/sites\/87\/2025\/05\/Foto-780x585.jpeg 780w, https:\/\/portal.pi.gov.br\/seres\/wp-content\/uploads\/sites\/87\/2025\/05\/Foto-1536x1152.jpeg 1536w, https:\/\/portal.pi.gov.br\/seres\/wp-content\/uploads\/sites\/87\/2025\/05\/Foto-947x710.jpeg 947w, https:\/\/portal.pi.gov.br\/seres\/wp-content\/uploads\/sites\/87\/2025\/05\/Foto-624x468.jpeg 624w, https:\/\/portal.pi.gov.br\/seres\/wp-content\/uploads\/sites\/87\/2025\/05\/Foto.jpeg 1600w\" sizes=\"(max-width: 700px) 100vw, 700px\" \/><\/figure><\/div>\n\n\n<p>O programa \u201cLideran\u00e7a em Destaque\u201d\u00a0 ofereceu  dois cursos: Capacita\u00e7\u00e3o para concorrer a editais p\u00fablicos e T\u00e9cnicas de comunica\u00e7\u00e3o assertiva para lideran\u00e7as. As turmas foram realizadas nos hor\u00e1rios da manh\u00e3 e tarde:\u00a0Capacita\u00e7\u00e3o para concorrer a editais p\u00fablico\u00a0 (08h00 \u00e0s 12h00)\u00a0 e T\u00e9cnicas de comunica\u00e7\u00e3o assertiva para lideran\u00e7as (14h00 \u00e0s 18h00). As capacita\u00e7\u00f5es foram realizadas na Sede da APAE (Rua Pergentino Lob\u00e3o,\u00a0 1087, Bairro Lourdes, Campo Maior &#8211; Pi).<\/p>\n\n\n\n<p>\u201cEsse \u00e9 um programa que, de fato, est\u00e1 ajudando as lideran\u00e7as comunit\u00e1rias&nbsp; e transformando a realidade das&nbsp; comunidades. O territ\u00f3rio dos Carnaubais contempla&nbsp; 15&nbsp; munic\u00edpios e a expectativa \u00e9&nbsp; que tenhamos grande participa\u00e7\u00e3o. &nbsp; Com certeza, com mais informa\u00e7\u00f5es, as associa\u00e7\u00f5es se organizam ainda mais, pois a sociedade civil organizada tem um papel fundamental em muitas a\u00e7\u00f5es que o pr\u00f3prio estado n\u00e3o consegue fazer. E queremos fortalecer mais essas a\u00e7\u00f5es da sociedade civil!\u201d, disse a secret\u00e1ria N\u00fabia Lopes.<\/p>\n\n\n\n<p>O Di\u00e1logos pelo Piau\u00ed vai percorrer os 12 Territ\u00f3rios de Desenvolvimento (TDs) do Estado. A primeira cidade a receber o evento foi Picos, no Territ\u00f3rio Vale do Rio Guaribas, nos dias 11 e 12 de abril. Durante os dois dias, foram realizados cerca de 2 mil atendimentos, superando as expectativas. A plataforma Made In Piau\u00ed e a emiss\u00e3o da nova Carteira de Identidade foram os servi\u00e7os mais demandados.<\/p>\n\n\n\n<p>Rep\u00f3rter: Natalina Alves <\/p>\n","protected":false},"excerpt":{"rendered":"<p>A Secretaria de Rela\u00e7\u00f5es Sociais (SERES) promoveu durante o encontro do Di\u00e1logos pelo Piau\u00ed no munic\u00edpio de Campo Maior, capacita\u00e7\u00f5es do Programa Lideran\u00e7a em Destaque. A forma\u00e7\u00e3o de lideran\u00e7as das [&hellip;]<\/p>\n","protected":false},"author":1748,"featured_media":3377,"comment_status":"closed","ping_status":"closed","sticky":false,"template":"","format":"standard","meta":[],"categories":[35,34],"tags":[],"featured_image_urls":{"full":["https:\/\/portal.pi.gov.br\/seres\/wp-content\/uploads\/sites\/87\/2025\/05\/Foto-lideranca-em-destaque.jpeg",1600,1200,false],"thumbnail":["https:\/\/portal.pi.gov.br\/seres\/wp-content\/uploads\/sites\/87\/2025\/05\/Foto-lideranca-em-destaque-150x150.jpeg",150,150,true],"medium":["https:\/\/portal.pi.gov.br\/seres\/wp-content\/uploads\/sites\/87\/2025\/05\/Foto-lideranca-em-destaque-300x225.jpeg",300,225,true],"medium_large":["https:\/\/portal.pi.gov.br\/seres\/wp-content\/uploads\/sites\/87\/2025\/05\/Foto-lideranca-em-destaque-768x576.jpeg",768,576,true],"large":["https:\/\/portal.pi.gov.br\/seres\/wp-content\/uploads\/sites\/87\/2025\/05\/Foto-lideranca-em-destaque-1024x768.jpeg",887,665,true],"sgg-420":["https:\/\/portal.pi.gov.br\/seres\/wp-content\/uploads\/sites\/87\/2025\/05\/Foto-lideranca-em-destaque-420x315.jpeg",420,315,true],"sgg-540":["https:\/\/portal.pi.gov.br\/seres\/wp-content\/uploads\/sites\/87\/2025\/05\/Foto-lideranca-em-destaque-540x405.jpeg",540,405,true],"sgg-780":["https:\/\/portal.pi.gov.br\/seres\/wp-content\/uploads\/sites\/87\/2025\/05\/Foto-lideranca-em-destaque-780x585.jpeg",780,585,true],"1536x1536":["https:\/\/portal.pi.gov.br\/seres\/wp-content\/uploads\/sites\/87\/2025\/05\/Foto-lideranca-em-destaque-1536x1152.jpeg",1536,1152,true],"2048x2048":["https:\/\/portal.pi.gov.br\/seres\/wp-content\/uploads\/sites\/87\/2025\/05\/Foto-lideranca-em-destaque.jpeg",1600,1200,false],"homepage-slider":["https:\/\/portal.pi.gov.br\/seres\/wp-content\/uploads\/sites\/87\/2025\/05\/Foto-lideranca-em-destaque-1270x500.jpeg",1270,500,true],"homepage-slider-small":["https:\/\/portal.pi.gov.br\/seres\/wp-content\/uploads\/sites\/87\/2025\/05\/Foto-lideranca-em-destaque-947x500.jpeg",947,500,true],"page-top":["https:\/\/portal.pi.gov.br\/seres\/wp-content\/uploads\/sites\/87\/2025\/05\/Foto-lideranca-em-destaque-947x710.jpeg",947,710,true],"page-small":["https:\/\/portal.pi.gov.br\/seres\/wp-content\/uploads\/sites\/87\/2025\/05\/Foto-lideranca-em-destaque-624x468.jpeg",624,468,true],"loop-main":["https:\/\/portal.pi.gov.br\/seres\/wp-content\/uploads\/sites\/87\/2025\/05\/Foto-lideranca-em-destaque-365x240.jpeg",365,240,true],"thumb-gallery-widget":["https:\/\/portal.pi.gov.br\/seres\/wp-content\/uploads\/sites\/87\/2025\/05\/Foto-lideranca-em-destaque-84x56.jpeg",84,56,true]},"post_excerpt_stackable":"<p>A Secretaria de Rela\u00e7\u00f5es Sociais (SERES) promoveu durante o encontro do Di\u00e1logos pelo Piau\u00ed no munic\u00edpio de Campo Maior, capacita\u00e7\u00f5es do Programa Lideran\u00e7a em Destaque. A forma\u00e7\u00e3o de lideran\u00e7as das organiza\u00e7\u00f5es da sociedade civil visa ampliar a participa\u00e7\u00e3o na constru\u00e7\u00e3o das pol\u00edticas p\u00fablicas e fortalecer o di\u00e1logo institucional entre Governo e sociedade. O programa Lideran\u00e7a em Destaque \u00e9 uma iniciativa da Secretaria de Rela\u00e7\u00f5es Sociais (Seres), em parceria com a Secretaria de Estado da Administra\u00e7\u00e3o (Sead) e a Escola de Governo. O programa \u201cLideran\u00e7a em Destaque\u201d\u00a0 ofereceu dois cursos: Capacita\u00e7\u00e3o para concorrer a editais p\u00fablicos e T\u00e9cnicas de comunica\u00e7\u00e3o assertiva&hellip;<\/p>\n","category_list":"<a href=\"https:\/\/portal.pi.gov.br\/seres\/category\/galeria-de-fotos\/\" rel=\"category tag\">Galeria de Fotos<\/a>, <a href=\"https:\/\/portal.pi.gov.br\/seres\/category\/noticias\/\" rel=\"category tag\">Not\u00edcias<\/a>","author_info":{"name":"natalina","url":"https:\/\/portal.pi.gov.br\/seres\/author\/natalina\/"},"comments_num":"0 coment\u00e1rio","featured_image_urls_v2":{"full":["https:\/\/portal.pi.gov.br\/seres\/wp-content\/uploads\/sites\/87\/2025\/05\/Foto-lideranca-em-destaque.jpeg",1600,1200,false],"thumbnail":["https:\/\/portal.pi.gov.br\/seres\/wp-content\/uploads\/sites\/87\/2025\/05\/Foto-lideranca-em-destaque-150x150.jpeg",150,150,true],"medium":["https:\/\/portal.pi.gov.br\/seres\/wp-content\/uploads\/sites\/87\/2025\/05\/Foto-lideranca-em-destaque-300x225.jpeg",300,225,true],"medium_large":["https:\/\/portal.pi.gov.br\/seres\/wp-content\/uploads\/sites\/87\/2025\/05\/Foto-lideranca-em-destaque-768x576.jpeg",768,576,true],"large":["https:\/\/portal.pi.gov.br\/seres\/wp-content\/uploads\/sites\/87\/2025\/05\/Foto-lideranca-em-destaque-1024x768.jpeg",887,665,true],"sgg-420":["https:\/\/portal.pi.gov.br\/seres\/wp-content\/uploads\/sites\/87\/2025\/05\/Foto-lideranca-em-destaque-420x315.jpeg",420,315,true],"sgg-540":["https:\/\/portal.pi.gov.br\/seres\/wp-content\/uploads\/sites\/87\/2025\/05\/Foto-lideranca-em-destaque-540x405.jpeg",540,405,true],"sgg-780":["https:\/\/portal.pi.gov.br\/seres\/wp-content\/uploads\/sites\/87\/2025\/05\/Foto-lideranca-em-destaque-780x585.jpeg",780,585,true],"1536x1536":["https:\/\/portal.pi.gov.br\/seres\/wp-content\/uploads\/sites\/87\/2025\/05\/Foto-lideranca-em-destaque-1536x1152.jpeg",1536,1152,true],"2048x2048":["https:\/\/portal.pi.gov.br\/seres\/wp-content\/uploads\/sites\/87\/2025\/05\/Foto-lideranca-em-destaque.jpeg",1600,1200,false],"homepage-slider":["https:\/\/portal.pi.gov.br\/seres\/wp-content\/uploads\/sites\/87\/2025\/05\/Foto-lideranca-em-destaque-1270x500.jpeg",1270,500,true],"homepage-slider-small":["https:\/\/portal.pi.gov.br\/seres\/wp-content\/uploads\/sites\/87\/2025\/05\/Foto-lideranca-em-destaque-947x500.jpeg",947,500,true],"page-top":["https:\/\/portal.pi.gov.br\/seres\/wp-content\/uploads\/sites\/87\/2025\/05\/Foto-lideranca-em-destaque-947x710.jpeg",947,710,true],"page-small":["https:\/\/portal.pi.gov.br\/seres\/wp-content\/uploads\/sites\/87\/2025\/05\/Foto-lideranca-em-destaque-624x468.jpeg",624,468,true],"loop-main":["https:\/\/portal.pi.gov.br\/seres\/wp-content\/uploads\/sites\/87\/2025\/05\/Foto-lideranca-em-destaque-365x240.jpeg",365,240,true],"thumb-gallery-widget":["https:\/\/portal.pi.gov.br\/seres\/wp-content\/uploads\/sites\/87\/2025\/05\/Foto-lideranca-em-destaque-84x56.jpeg",84,56,true]},"post_excerpt_stackable_v2":"<p>A Secretaria de Rela\u00e7\u00f5es Sociais (SERES) promoveu durante o encontro do Di\u00e1logos pelo Piau\u00ed no munic\u00edpio de Campo Maior, capacita\u00e7\u00f5es do Programa Lideran\u00e7a em Destaque. A forma\u00e7\u00e3o de lideran\u00e7as das organiza\u00e7\u00f5es da sociedade civil visa ampliar a participa\u00e7\u00e3o na constru\u00e7\u00e3o das pol\u00edticas p\u00fablicas e fortalecer o di\u00e1logo institucional entre Governo e sociedade. O programa Lideran\u00e7a em Destaque \u00e9 uma iniciativa da Secretaria de Rela\u00e7\u00f5es Sociais (Seres), em parceria com a Secretaria de Estado da Administra\u00e7\u00e3o (Sead) e a Escola de Governo. O programa \u201cLideran\u00e7a em Destaque\u201d\u00a0 ofereceu dois cursos: Capacita\u00e7\u00e3o para concorrer a editais p\u00fablicos e T\u00e9cnicas de comunica\u00e7\u00e3o assertiva&hellip;<\/p>\n","category_list_v2":"<a href=\"https:\/\/portal.pi.gov.br\/seres\/category\/galeria-de-fotos\/\" rel=\"category tag\">Galeria de Fotos<\/a>, <a href=\"https:\/\/portal.pi.gov.br\/seres\/category\/noticias\/\" rel=\"category tag\">Not\u00edcias<\/a>","author_info_v2":{"name":"natalina","url":"https:\/\/portal.pi.gov.br\/seres\/author\/natalina\/"},"comments_num_v2":"0 coment\u00e1rio","jetpack_featured_media_url":"https:\/\/portal.pi.gov.br\/seres\/wp-content\/uploads\/sites\/87\/2025\/05\/Foto-lideranca-em-destaque.jpeg","_links":{"self":[{"href":"https:\/\/portal.pi.gov.br\/seres\/wp-json\/wp\/v2\/posts\/3365"}],"collection":[{"href":"https:\/\/portal.pi.gov.br\/seres\/wp-json\/wp\/v2\/posts"}],"about":[{"href":"https:\/\/portal.pi.gov.br\/seres\/wp-json\/wp\/v2\/types\/post"}],"author":[{"embeddable":true,"href":"https:\/\/portal.pi.gov.br\/seres\/wp-json\/wp\/v2\/users\/1748"}],"replies":[{"embeddable":true,"href":"https:\/\/portal.pi.gov.br\/seres\/wp-json\/wp\/v2\/comments?post=3365"}],"version-history":[{"count":10,"href":"https:\/\/portal.pi.gov.br\/seres\/wp-json\/wp\/v2\/posts\/3365\/revisions"}],"predecessor-version":[{"id":3383,"href":"https:\/\/portal.pi.gov.br\/seres\/wp-json\/wp\/v2\/posts\/3365\/revisions\/3383"}],"wp:featuredmedia":[{"embeddable":true,"href":"https:\/\/portal.pi.gov.br\/seres\/wp-json\/wp\/v2\/media\/3377"}],"wp:attachment":[{"href":"https:\/\/portal.pi.gov.br\/seres\/wp-json\/wp\/v2\/media?parent=3365"}],"wp:term":[{"taxonomy":"category","embeddable":true,"href":"https:\/\/portal.pi.gov.br\/seres\/wp-json\/wp\/v2\/categories?post=3365"},{"taxonomy":"post_tag","embeddable":true,"href":"https:\/\/portal.pi.gov.br\/seres\/wp-json\/wp\/v2\/tags?post=3365"}],"curies":[{"name":"wp","href":"https:\/\/api.w.org\/{rel}","templated":true}]}}