{"id":3384,"date":"2025-05-21T08:54:24","date_gmt":"2025-05-21T11:54:24","guid":{"rendered":"https:\/\/portal.pi.gov.br\/seres\/?p=3384"},"modified":"2025-05-21T08:59:42","modified_gmt":"2025-05-21T11:59:42","slug":"seres-promove-palestra-sobre-educacao-ambiental-e-coleta-seletiva-para-liderancas-comunitarias-de-teresina","status":"publish","type":"post","link":"https:\/\/portal.pi.gov.br\/seres\/2025\/05\/21\/seres-promove-palestra-sobre-educacao-ambiental-e-coleta-seletiva-para-liderancas-comunitarias-de-teresina\/","title":{"rendered":"SERES promove palestra sobre educa\u00e7\u00e3o ambiental e coleta seletiva para lideran\u00e7as comunit\u00e1rias de Teresina"},"content":{"rendered":"\n<p>Com o objetivo de fortalecer a consci\u00eancia ambiental e incentivar pr\u00e1ticas sustent\u00e1veis nas comunidades, a Secretaria de Estado das Rela\u00e7\u00f5es Sociais (SERES), em parceria com o Instituto Presente, realiza na pr\u00f3xima quinta-feira, 22 de maio, uma palestra voltada para lideran\u00e7as comunit\u00e1rias, representantes de cooperativas, associa\u00e7\u00f5es e movimentos sociais de Teresina.<\/p>\n\n\n\n<p>O evento acontece \u00e0s 9h no audit\u00f3rio da Escola Fazend\u00e1ria, localizada no Centro Administrativo, e ter\u00e1 como tema central a educa\u00e7\u00e3o ambiental e a coleta seletiva de res\u00edduos s\u00f3lidos. A iniciativa busca fomentar a mobiliza\u00e7\u00e3o popular em torno de a\u00e7\u00f5es pr\u00e1ticas para o cuidado com o meio ambiente, especialmente no que diz respeito \u00e0 destina\u00e7\u00e3o correta do lixo e ao fortalecimento da coleta seletiva nos bairros da capital.<\/p>\n\n\n<div class=\"wp-block-image\">\n<figure class=\"aligncenter size-large is-resized\"><img decoding=\"async\" loading=\"lazy\" src=\"https:\/\/portal.pi.gov.br\/seres\/wp-content\/uploads\/sites\/87\/2025\/03\/WhatsApp-Image-2025-03-23-at-19.16.57-1-2-1024x682.jpeg\" alt=\"\" class=\"wp-image-3143\" width=\"624\" height=\"415\" srcset=\"https:\/\/portal.pi.gov.br\/seres\/wp-content\/uploads\/sites\/87\/2025\/03\/WhatsApp-Image-2025-03-23-at-19.16.57-1-2-1024x682.jpeg 1024w, https:\/\/portal.pi.gov.br\/seres\/wp-content\/uploads\/sites\/87\/2025\/03\/WhatsApp-Image-2025-03-23-at-19.16.57-1-2-300x200.jpeg 300w, https:\/\/portal.pi.gov.br\/seres\/wp-content\/uploads\/sites\/87\/2025\/03\/WhatsApp-Image-2025-03-23-at-19.16.57-1-2-768x511.jpeg 768w, https:\/\/portal.pi.gov.br\/seres\/wp-content\/uploads\/sites\/87\/2025\/03\/WhatsApp-Image-2025-03-23-at-19.16.57-1-2-420x280.jpeg 420w, https:\/\/portal.pi.gov.br\/seres\/wp-content\/uploads\/sites\/87\/2025\/03\/WhatsApp-Image-2025-03-23-at-19.16.57-1-2-540x359.jpeg 540w, https:\/\/portal.pi.gov.br\/seres\/wp-content\/uploads\/sites\/87\/2025\/03\/WhatsApp-Image-2025-03-23-at-19.16.57-1-2-780x519.jpeg 780w, https:\/\/portal.pi.gov.br\/seres\/wp-content\/uploads\/sites\/87\/2025\/03\/WhatsApp-Image-2025-03-23-at-19.16.57-1-2-947x630.jpeg 947w, https:\/\/portal.pi.gov.br\/seres\/wp-content\/uploads\/sites\/87\/2025\/03\/WhatsApp-Image-2025-03-23-at-19.16.57-1-2-624x415.jpeg 624w, https:\/\/portal.pi.gov.br\/seres\/wp-content\/uploads\/sites\/87\/2025\/03\/WhatsApp-Image-2025-03-23-at-19.16.57-1-2-84x56.jpeg 84w, https:\/\/portal.pi.gov.br\/seres\/wp-content\/uploads\/sites\/87\/2025\/03\/WhatsApp-Image-2025-03-23-at-19.16.57-1-2.jpeg 1280w\" sizes=\"(max-width: 624px) 100vw, 624px\" \/><\/figure><\/div>\n\n\n<p>A secret\u00e1ria de Estado das Rela\u00e7\u00f5es Sociais, N\u00fabia Lopes, destaca a import\u00e2ncia da participa\u00e7\u00e3o da sociedade civil na constru\u00e7\u00e3o de uma cultura ambiental mais consciente e inclusiva:<\/p>\n\n\n\n<p>\u201cQueremos que a popula\u00e7\u00e3o seja protagonista das transforma\u00e7\u00f5es que queremos ver em nossas comunidades. Ao promover a educa\u00e7\u00e3o ambiental de forma acess\u00edvel e dialogada com as lideran\u00e7as locais, estamos abrindo caminhos para solu\u00e7\u00f5es sustent\u00e1veis que nascem da pr\u00f3pria realidade das pessoas. A coleta seletiva \u00e9 um exemplo pr\u00e1tico de como pequenas atitudes podem gerar grandes impactos sociais, ambientais e econ\u00f4micos\u201d, afirma a secret\u00e1ria.<\/p>\n\n\n\n<p>Durante o encontro, ser\u00e3o apresentadas orienta\u00e7\u00f5es sobre como organizar a coleta seletiva em n\u00edvel comunit\u00e1rio. Representantes de cooperativas e profissionais da \u00e1rea tamb\u00e9m compartilhar\u00e3o experi\u00eancias e boas pr\u00e1ticas.<\/p>\n\n\n\n<p>A participa\u00e7\u00e3o \u00e9 gratuita e aberta a todos os interessados. A SERES refor\u00e7a o convite \u00e0s lideran\u00e7as que atuam diretamente nas comunidades, ressaltando que esse \u00e9 um espa\u00e7o de escuta, troca de conhecimentos e constru\u00e7\u00e3o coletiva de solu\u00e7\u00f5es.<\/p>\n\n\n\n<p><\/p>\n\n\n\n<p>Rep\u00f3rter: Cristiana Nunes <\/p>\n","protected":false},"excerpt":{"rendered":"<p>Com o objetivo de fortalecer a consci\u00eancia ambiental e incentivar pr\u00e1ticas sustent\u00e1veis nas comunidades, a Secretaria de Estado das Rela\u00e7\u00f5es Sociais (SERES), em parceria com o Instituto Presente, realiza na [&hellip;]<\/p>\n","protected":false},"author":1748,"featured_media":3385,"comment_status":"closed","ping_status":"closed","sticky":false,"template":"","format":"standard","meta":[],"categories":[34,1],"tags":[],"featured_image_urls":{"full":["https:\/\/portal.pi.gov.br\/seres\/wp-content\/uploads\/sites\/87\/2025\/05\/reciclar-itens-em-fundo-texturizado-de-madeira-marrom-scaled.jpg",2560,1709,false],"thumbnail":["https:\/\/portal.pi.gov.br\/seres\/wp-content\/uploads\/sites\/87\/2025\/05\/reciclar-itens-em-fundo-texturizado-de-madeira-marrom-150x150.jpg",150,150,true],"medium":["https:\/\/portal.pi.gov.br\/seres\/wp-content\/uploads\/sites\/87\/2025\/05\/reciclar-itens-em-fundo-texturizado-de-madeira-marrom-300x200.jpg",300,200,true],"medium_large":["https:\/\/portal.pi.gov.br\/seres\/wp-content\/uploads\/sites\/87\/2025\/05\/reciclar-itens-em-fundo-texturizado-de-madeira-marrom-768x513.jpg",768,513,true],"large":["https:\/\/portal.pi.gov.br\/seres\/wp-content\/uploads\/sites\/87\/2025\/05\/reciclar-itens-em-fundo-texturizado-de-madeira-marrom-1024x683.jpg",887,592,true],"sgg-420":["https:\/\/portal.pi.gov.br\/seres\/wp-content\/uploads\/sites\/87\/2025\/05\/reciclar-itens-em-fundo-texturizado-de-madeira-marrom-420x280.jpg",420,280,true],"sgg-540":["https:\/\/portal.pi.gov.br\/seres\/wp-content\/uploads\/sites\/87\/2025\/05\/reciclar-itens-em-fundo-texturizado-de-madeira-marrom-540x360.jpg",540,360,true],"sgg-780":["https:\/\/portal.pi.gov.br\/seres\/wp-content\/uploads\/sites\/87\/2025\/05\/reciclar-itens-em-fundo-texturizado-de-madeira-marrom-780x521.jpg",780,521,true],"1536x1536":["https:\/\/portal.pi.gov.br\/seres\/wp-content\/uploads\/sites\/87\/2025\/05\/reciclar-itens-em-fundo-texturizado-de-madeira-marrom-1536x1025.jpg",1536,1025,true],"2048x2048":["https:\/\/portal.pi.gov.br\/seres\/wp-content\/uploads\/sites\/87\/2025\/05\/reciclar-itens-em-fundo-texturizado-de-madeira-marrom-2048x1367.jpg",2048,1367,true],"homepage-slider":["https:\/\/portal.pi.gov.br\/seres\/wp-content\/uploads\/sites\/87\/2025\/05\/reciclar-itens-em-fundo-texturizado-de-madeira-marrom-1270x500.jpg",1270,500,true],"homepage-slider-small":["https:\/\/portal.pi.gov.br\/seres\/wp-content\/uploads\/sites\/87\/2025\/05\/reciclar-itens-em-fundo-texturizado-de-madeira-marrom-947x500.jpg",947,500,true],"page-top":["https:\/\/portal.pi.gov.br\/seres\/wp-content\/uploads\/sites\/87\/2025\/05\/reciclar-itens-em-fundo-texturizado-de-madeira-marrom-947x632.jpg",947,632,true],"page-small":["https:\/\/portal.pi.gov.br\/seres\/wp-content\/uploads\/sites\/87\/2025\/05\/reciclar-itens-em-fundo-texturizado-de-madeira-marrom-624x416.jpg",624,416,true],"loop-main":["https:\/\/portal.pi.gov.br\/seres\/wp-content\/uploads\/sites\/87\/2025\/05\/reciclar-itens-em-fundo-texturizado-de-madeira-marrom-365x240.jpg",365,240,true],"thumb-gallery-widget":["https:\/\/portal.pi.gov.br\/seres\/wp-content\/uploads\/sites\/87\/2025\/05\/reciclar-itens-em-fundo-texturizado-de-madeira-marrom-84x56.jpg",84,56,true]},"post_excerpt_stackable":"<p>Com o objetivo de fortalecer a consci\u00eancia ambiental e incentivar pr\u00e1ticas sustent\u00e1veis nas comunidades, a Secretaria de Estado das Rela\u00e7\u00f5es Sociais (SERES), em parceria com o Instituto Presente, realiza na pr\u00f3xima quinta-feira, 22 de maio, uma palestra voltada para lideran\u00e7as comunit\u00e1rias, representantes de cooperativas, associa\u00e7\u00f5es e movimentos sociais de Teresina. O evento acontece \u00e0s 9h no audit\u00f3rio da Escola Fazend\u00e1ria, localizada no Centro Administrativo, e ter\u00e1 como tema central a educa\u00e7\u00e3o ambiental e a coleta seletiva de res\u00edduos s\u00f3lidos. A iniciativa busca fomentar a mobiliza\u00e7\u00e3o popular em torno de a\u00e7\u00f5es pr\u00e1ticas para o cuidado com o meio ambiente, especialmente no&hellip;<\/p>\n","category_list":"<a href=\"https:\/\/portal.pi.gov.br\/seres\/category\/noticias\/\" rel=\"category tag\">Not\u00edcias<\/a>, <a href=\"https:\/\/portal.pi.gov.br\/seres\/category\/sem-categoria\/\" rel=\"category tag\">Sem categoria<\/a>","author_info":{"name":"natalina","url":"https:\/\/portal.pi.gov.br\/seres\/author\/natalina\/"},"comments_num":"0 coment\u00e1rio","featured_image_urls_v2":{"full":["https:\/\/portal.pi.gov.br\/seres\/wp-content\/uploads\/sites\/87\/2025\/05\/reciclar-itens-em-fundo-texturizado-de-madeira-marrom-scaled.jpg",2560,1709,false],"thumbnail":["https:\/\/portal.pi.gov.br\/seres\/wp-content\/uploads\/sites\/87\/2025\/05\/reciclar-itens-em-fundo-texturizado-de-madeira-marrom-150x150.jpg",150,150,true],"medium":["https:\/\/portal.pi.gov.br\/seres\/wp-content\/uploads\/sites\/87\/2025\/05\/reciclar-itens-em-fundo-texturizado-de-madeira-marrom-300x200.jpg",300,200,true],"medium_large":["https:\/\/portal.pi.gov.br\/seres\/wp-content\/uploads\/sites\/87\/2025\/05\/reciclar-itens-em-fundo-texturizado-de-madeira-marrom-768x513.jpg",768,513,true],"large":["https:\/\/portal.pi.gov.br\/seres\/wp-content\/uploads\/sites\/87\/2025\/05\/reciclar-itens-em-fundo-texturizado-de-madeira-marrom-1024x683.jpg",887,592,true],"sgg-420":["https:\/\/portal.pi.gov.br\/seres\/wp-content\/uploads\/sites\/87\/2025\/05\/reciclar-itens-em-fundo-texturizado-de-madeira-marrom-420x280.jpg",420,280,true],"sgg-540":["https:\/\/portal.pi.gov.br\/seres\/wp-content\/uploads\/sites\/87\/2025\/05\/reciclar-itens-em-fundo-texturizado-de-madeira-marrom-540x360.jpg",540,360,true],"sgg-780":["https:\/\/portal.pi.gov.br\/seres\/wp-content\/uploads\/sites\/87\/2025\/05\/reciclar-itens-em-fundo-texturizado-de-madeira-marrom-780x521.jpg",780,521,true],"1536x1536":["https:\/\/portal.pi.gov.br\/seres\/wp-content\/uploads\/sites\/87\/2025\/05\/reciclar-itens-em-fundo-texturizado-de-madeira-marrom-1536x1025.jpg",1536,1025,true],"2048x2048":["https:\/\/portal.pi.gov.br\/seres\/wp-content\/uploads\/sites\/87\/2025\/05\/reciclar-itens-em-fundo-texturizado-de-madeira-marrom-2048x1367.jpg",2048,1367,true],"homepage-slider":["https:\/\/portal.pi.gov.br\/seres\/wp-content\/uploads\/sites\/87\/2025\/05\/reciclar-itens-em-fundo-texturizado-de-madeira-marrom-1270x500.jpg",1270,500,true],"homepage-slider-small":["https:\/\/portal.pi.gov.br\/seres\/wp-content\/uploads\/sites\/87\/2025\/05\/reciclar-itens-em-fundo-texturizado-de-madeira-marrom-947x500.jpg",947,500,true],"page-top":["https:\/\/portal.pi.gov.br\/seres\/wp-content\/uploads\/sites\/87\/2025\/05\/reciclar-itens-em-fundo-texturizado-de-madeira-marrom-947x632.jpg",947,632,true],"page-small":["https:\/\/portal.pi.gov.br\/seres\/wp-content\/uploads\/sites\/87\/2025\/05\/reciclar-itens-em-fundo-texturizado-de-madeira-marrom-624x416.jpg",624,416,true],"loop-main":["https:\/\/portal.pi.gov.br\/seres\/wp-content\/uploads\/sites\/87\/2025\/05\/reciclar-itens-em-fundo-texturizado-de-madeira-marrom-365x240.jpg",365,240,true],"thumb-gallery-widget":["https:\/\/portal.pi.gov.br\/seres\/wp-content\/uploads\/sites\/87\/2025\/05\/reciclar-itens-em-fundo-texturizado-de-madeira-marrom-84x56.jpg",84,56,true]},"post_excerpt_stackable_v2":"<p>Com o objetivo de fortalecer a consci\u00eancia ambiental e incentivar pr\u00e1ticas sustent\u00e1veis nas comunidades, a Secretaria de Estado das Rela\u00e7\u00f5es Sociais (SERES), em parceria com o Instituto Presente, realiza na pr\u00f3xima quinta-feira, 22 de maio, uma palestra voltada para lideran\u00e7as comunit\u00e1rias, representantes de cooperativas, associa\u00e7\u00f5es e movimentos sociais de Teresina. O evento acontece \u00e0s 9h no audit\u00f3rio da Escola Fazend\u00e1ria, localizada no Centro Administrativo, e ter\u00e1 como tema central a educa\u00e7\u00e3o ambiental e a coleta seletiva de res\u00edduos s\u00f3lidos. A iniciativa busca fomentar a mobiliza\u00e7\u00e3o popular em torno de a\u00e7\u00f5es pr\u00e1ticas para o cuidado com o meio ambiente, especialmente no&hellip;<\/p>\n","category_list_v2":"<a href=\"https:\/\/portal.pi.gov.br\/seres\/category\/noticias\/\" rel=\"category tag\">Not\u00edcias<\/a>, <a href=\"https:\/\/portal.pi.gov.br\/seres\/category\/sem-categoria\/\" rel=\"category tag\">Sem categoria<\/a>","author_info_v2":{"name":"natalina","url":"https:\/\/portal.pi.gov.br\/seres\/author\/natalina\/"},"comments_num_v2":"0 coment\u00e1rio","jetpack_featured_media_url":"https:\/\/portal.pi.gov.br\/seres\/wp-content\/uploads\/sites\/87\/2025\/05\/reciclar-itens-em-fundo-texturizado-de-madeira-marrom-scaled.jpg","_links":{"self":[{"href":"https:\/\/portal.pi.gov.br\/seres\/wp-json\/wp\/v2\/posts\/3384"}],"collection":[{"href":"https:\/\/portal.pi.gov.br\/seres\/wp-json\/wp\/v2\/posts"}],"about":[{"href":"https:\/\/portal.pi.gov.br\/seres\/wp-json\/wp\/v2\/types\/post"}],"author":[{"embeddable":true,"href":"https:\/\/portal.pi.gov.br\/seres\/wp-json\/wp\/v2\/users\/1748"}],"replies":[{"embeddable":true,"href":"https:\/\/portal.pi.gov.br\/seres\/wp-json\/wp\/v2\/comments?post=3384"}],"version-history":[{"count":4,"href":"https:\/\/portal.pi.gov.br\/seres\/wp-json\/wp\/v2\/posts\/3384\/revisions"}],"predecessor-version":[{"id":3392,"href":"https:\/\/portal.pi.gov.br\/seres\/wp-json\/wp\/v2\/posts\/3384\/revisions\/3392"}],"wp:featuredmedia":[{"embeddable":true,"href":"https:\/\/portal.pi.gov.br\/seres\/wp-json\/wp\/v2\/media\/3385"}],"wp:attachment":[{"href":"https:\/\/portal.pi.gov.br\/seres\/wp-json\/wp\/v2\/media?parent=3384"}],"wp:term":[{"taxonomy":"category","embeddable":true,"href":"https:\/\/portal.pi.gov.br\/seres\/wp-json\/wp\/v2\/categories?post=3384"},{"taxonomy":"post_tag","embeddable":true,"href":"https:\/\/portal.pi.gov.br\/seres\/wp-json\/wp\/v2\/tags?post=3384"}],"curies":[{"name":"wp","href":"https:\/\/api.w.org\/{rel}","templated":true}]}}