{"id":3492,"date":"2025-05-29T15:44:38","date_gmt":"2025-05-29T18:44:38","guid":{"rendered":"https:\/\/portal.pi.gov.br\/seres\/?p=3492"},"modified":"2025-05-29T15:49:50","modified_gmt":"2025-05-29T18:49:50","slug":"seres-participa-do-lancamento-da-etapa-estadual-da-6a-conferencia-das-cidades","status":"publish","type":"post","link":"https:\/\/portal.pi.gov.br\/seres\/2025\/05\/29\/seres-participa-do-lancamento-da-etapa-estadual-da-6a-conferencia-das-cidades\/","title":{"rendered":"Seres participa do lan\u00e7amento da etapa estadual da 6\u00aa Confer\u00eancia das Cidades"},"content":{"rendered":"\n<p><\/p>\n\n\n\n<p>O evento tem foco principal na constru\u00e7\u00e3o de pol\u00edticas p\u00fablicas mais inclusivas, sustent\u00e1veis e democr\u00e1ticas.<\/p>\n\n\n\n<p><\/p>\n\n\n\n<figure class=\"wp-block-gallery has-nested-images columns-default is-cropped wp-block-gallery-1 is-layout-flex\">\n<figure class=\"wp-block-image size-large\"><img decoding=\"async\" loading=\"lazy\" width=\"1024\" height=\"768\" data-id=\"3482\"  src=\"https:\/\/portal.pi.gov.br\/seres\/wp-content\/uploads\/sites\/87\/2025\/05\/11ddd5bd-b872-48be-be86-b8b8d032f9bb-1024x768.jpeg\" alt=\"\" class=\"wp-image-3482\" srcset=\"https:\/\/portal.pi.gov.br\/seres\/wp-content\/uploads\/sites\/87\/2025\/05\/11ddd5bd-b872-48be-be86-b8b8d032f9bb-1024x768.jpeg 1024w, https:\/\/portal.pi.gov.br\/seres\/wp-content\/uploads\/sites\/87\/2025\/05\/11ddd5bd-b872-48be-be86-b8b8d032f9bb-300x225.jpeg 300w, https:\/\/portal.pi.gov.br\/seres\/wp-content\/uploads\/sites\/87\/2025\/05\/11ddd5bd-b872-48be-be86-b8b8d032f9bb-768x576.jpeg 768w, https:\/\/portal.pi.gov.br\/seres\/wp-content\/uploads\/sites\/87\/2025\/05\/11ddd5bd-b872-48be-be86-b8b8d032f9bb-420x315.jpeg 420w, https:\/\/portal.pi.gov.br\/seres\/wp-content\/uploads\/sites\/87\/2025\/05\/11ddd5bd-b872-48be-be86-b8b8d032f9bb-540x405.jpeg 540w, https:\/\/portal.pi.gov.br\/seres\/wp-content\/uploads\/sites\/87\/2025\/05\/11ddd5bd-b872-48be-be86-b8b8d032f9bb-780x585.jpeg 780w, https:\/\/portal.pi.gov.br\/seres\/wp-content\/uploads\/sites\/87\/2025\/05\/11ddd5bd-b872-48be-be86-b8b8d032f9bb-1536x1152.jpeg 1536w, https:\/\/portal.pi.gov.br\/seres\/wp-content\/uploads\/sites\/87\/2025\/05\/11ddd5bd-b872-48be-be86-b8b8d032f9bb-947x710.jpeg 947w, https:\/\/portal.pi.gov.br\/seres\/wp-content\/uploads\/sites\/87\/2025\/05\/11ddd5bd-b872-48be-be86-b8b8d032f9bb-624x468.jpeg 624w, https:\/\/portal.pi.gov.br\/seres\/wp-content\/uploads\/sites\/87\/2025\/05\/11ddd5bd-b872-48be-be86-b8b8d032f9bb.jpeg 1600w\" sizes=\"(max-width: 1024px) 100vw, 1024px\" \/><\/figure>\n<\/figure>\n\n\n\n<p><\/p>\n\n\n\n<p><\/p>\n\n\n\n<p>Foi lan\u00e7ada nesta quinta-feira (29) a etapa estadual da 6\u00aa Confer\u00eancia das Cidades, no audit\u00f3rio da Secretaria do Estado do Planejamento (Seplan), com as presen\u00e7as dos secret\u00e1rios N\u00fabia Lopes e Washington Bonfim, al\u00e9m de autoridades, lideran\u00e7as comunit\u00e1rias e representantes de movimentos sociais.<\/p>\n\n\n\n<p>Convocada pelo Minist\u00e9rio das Cidades, ap\u00f3s mais de uma d\u00e9cada, o evento tem como tema central: \u201cConstruindo a Pol\u00edtica Nacional de Desenvolvimento Urbano: caminhos para cidades inclusivas, democr\u00e1ticas, sustent\u00e1veis e com justi\u00e7a social\u201d. J\u00e1 a Confer\u00eancia Estadual ocorre nos dias 19 e 20 de agosto, para a realiza\u00e7\u00e3o das discuss\u00f5es regionais sobre o desenvolvimento urbano no estado.<\/p>\n\n\n\n<p>No lan\u00e7amento, foram apresentados materiais que orientam os debates sobre temas como mobilidade urbana, habita\u00e7\u00e3o, saneamento b\u00e1sico e participa\u00e7\u00e3o social, e o regimento interno, que estabelece as regras para a realiza\u00e7\u00e3o das etapas municipais e estaduais. O conte\u00fado detalhado estar\u00e1 dispon\u00edvel na plataforma ReDUS.<\/p>\n\n\n\n<p>&#8220;Viemos ouvir, discutir e pensar em como atender as necessidades que a popula\u00e7\u00e3o necessita. Temos que ouvir atentamente os l\u00edderes comunit\u00e1rios e a sociedade civil, juntamente com todos os poderes, para fazermos uma constru\u00e7\u00e3o coletiva. S\u00f3 d\u00e1 certo se escutarmos o que a popula\u00e7\u00e3o diz sobre o est\u00e1 acontecendo dentro de cada realidade&#8221;, destaca a secret\u00e1ria N\u00fabia Lopes.<\/p>\n\n\n\n<p>A Confer\u00eancia conta com o apoio da Secretaria das Rela\u00e7\u00f5es Sociais (Seres), Associa\u00e7\u00e3o Piauiense de Munic\u00edpios (APPM), Ag\u00eancia de Desenvolvimento Habitacional (ADH) e da Secretaria das Cidades (Secid).<\/p>\n\n\n\n<p><\/p>\n\n\n\n<figure class=\"wp-block-gallery has-nested-images columns-default is-cropped wp-block-gallery-3 is-layout-flex\">\n<figure class=\"wp-block-image size-large\"><img decoding=\"async\" loading=\"lazy\" width=\"1024\" height=\"649\" data-id=\"3487\"  src=\"https:\/\/portal.pi.gov.br\/seres\/wp-content\/uploads\/sites\/87\/2025\/05\/770351eb-112a-48cc-9e0f-757d0f81fb2c-1024x649.jpeg\" alt=\"\" class=\"wp-image-3487\" srcset=\"https:\/\/portal.pi.gov.br\/seres\/wp-content\/uploads\/sites\/87\/2025\/05\/770351eb-112a-48cc-9e0f-757d0f81fb2c-1024x649.jpeg 1024w, https:\/\/portal.pi.gov.br\/seres\/wp-content\/uploads\/sites\/87\/2025\/05\/770351eb-112a-48cc-9e0f-757d0f81fb2c-300x190.jpeg 300w, https:\/\/portal.pi.gov.br\/seres\/wp-content\/uploads\/sites\/87\/2025\/05\/770351eb-112a-48cc-9e0f-757d0f81fb2c-768x486.jpeg 768w, https:\/\/portal.pi.gov.br\/seres\/wp-content\/uploads\/sites\/87\/2025\/05\/770351eb-112a-48cc-9e0f-757d0f81fb2c-420x266.jpeg 420w, https:\/\/portal.pi.gov.br\/seres\/wp-content\/uploads\/sites\/87\/2025\/05\/770351eb-112a-48cc-9e0f-757d0f81fb2c-540x342.jpeg 540w, https:\/\/portal.pi.gov.br\/seres\/wp-content\/uploads\/sites\/87\/2025\/05\/770351eb-112a-48cc-9e0f-757d0f81fb2c-780x494.jpeg 780w, https:\/\/portal.pi.gov.br\/seres\/wp-content\/uploads\/sites\/87\/2025\/05\/770351eb-112a-48cc-9e0f-757d0f81fb2c-947x600.jpeg 947w, https:\/\/portal.pi.gov.br\/seres\/wp-content\/uploads\/sites\/87\/2025\/05\/770351eb-112a-48cc-9e0f-757d0f81fb2c-624x395.jpeg 624w, https:\/\/portal.pi.gov.br\/seres\/wp-content\/uploads\/sites\/87\/2025\/05\/770351eb-112a-48cc-9e0f-757d0f81fb2c.jpeg 1290w\" sizes=\"(max-width: 1024px) 100vw, 1024px\" \/><\/figure>\n\n\n\n<figure class=\"wp-block-image size-large\"><img decoding=\"async\" loading=\"lazy\" width=\"1024\" height=\"768\" data-id=\"3485\"  src=\"https:\/\/portal.pi.gov.br\/seres\/wp-content\/uploads\/sites\/87\/2025\/05\/2422b660-5d43-4289-94dd-40e7338737a2-1024x768.jpeg\" alt=\"\" class=\"wp-image-3485\" srcset=\"https:\/\/portal.pi.gov.br\/seres\/wp-content\/uploads\/sites\/87\/2025\/05\/2422b660-5d43-4289-94dd-40e7338737a2-1024x768.jpeg 1024w, https:\/\/portal.pi.gov.br\/seres\/wp-content\/uploads\/sites\/87\/2025\/05\/2422b660-5d43-4289-94dd-40e7338737a2-300x225.jpeg 300w, https:\/\/portal.pi.gov.br\/seres\/wp-content\/uploads\/sites\/87\/2025\/05\/2422b660-5d43-4289-94dd-40e7338737a2-768x576.jpeg 768w, https:\/\/portal.pi.gov.br\/seres\/wp-content\/uploads\/sites\/87\/2025\/05\/2422b660-5d43-4289-94dd-40e7338737a2-420x315.jpeg 420w, https:\/\/portal.pi.gov.br\/seres\/wp-content\/uploads\/sites\/87\/2025\/05\/2422b660-5d43-4289-94dd-40e7338737a2-540x405.jpeg 540w, https:\/\/portal.pi.gov.br\/seres\/wp-content\/uploads\/sites\/87\/2025\/05\/2422b660-5d43-4289-94dd-40e7338737a2-780x585.jpeg 780w, https:\/\/portal.pi.gov.br\/seres\/wp-content\/uploads\/sites\/87\/2025\/05\/2422b660-5d43-4289-94dd-40e7338737a2-1536x1152.jpeg 1536w, https:\/\/portal.pi.gov.br\/seres\/wp-content\/uploads\/sites\/87\/2025\/05\/2422b660-5d43-4289-94dd-40e7338737a2-947x710.jpeg 947w, https:\/\/portal.pi.gov.br\/seres\/wp-content\/uploads\/sites\/87\/2025\/05\/2422b660-5d43-4289-94dd-40e7338737a2-624x468.jpeg 624w, https:\/\/portal.pi.gov.br\/seres\/wp-content\/uploads\/sites\/87\/2025\/05\/2422b660-5d43-4289-94dd-40e7338737a2.jpeg 1600w\" sizes=\"(max-width: 1024px) 100vw, 1024px\" \/><\/figure>\n\n\n\n<figure class=\"wp-block-image size-large\"><img decoding=\"async\" loading=\"lazy\" width=\"1024\" height=\"768\" data-id=\"3484\"  src=\"https:\/\/portal.pi.gov.br\/seres\/wp-content\/uploads\/sites\/87\/2025\/05\/597a76b9-7741-4e17-a6ae-1cf429071b80-1024x768.jpeg\" alt=\"\" class=\"wp-image-3484\" srcset=\"https:\/\/portal.pi.gov.br\/seres\/wp-content\/uploads\/sites\/87\/2025\/05\/597a76b9-7741-4e17-a6ae-1cf429071b80-1024x768.jpeg 1024w, https:\/\/portal.pi.gov.br\/seres\/wp-content\/uploads\/sites\/87\/2025\/05\/597a76b9-7741-4e17-a6ae-1cf429071b80-300x225.jpeg 300w, https:\/\/portal.pi.gov.br\/seres\/wp-content\/uploads\/sites\/87\/2025\/05\/597a76b9-7741-4e17-a6ae-1cf429071b80-768x576.jpeg 768w, https:\/\/portal.pi.gov.br\/seres\/wp-content\/uploads\/sites\/87\/2025\/05\/597a76b9-7741-4e17-a6ae-1cf429071b80-420x315.jpeg 420w, https:\/\/portal.pi.gov.br\/seres\/wp-content\/uploads\/sites\/87\/2025\/05\/597a76b9-7741-4e17-a6ae-1cf429071b80-540x405.jpeg 540w, https:\/\/portal.pi.gov.br\/seres\/wp-content\/uploads\/sites\/87\/2025\/05\/597a76b9-7741-4e17-a6ae-1cf429071b80-780x585.jpeg 780w, https:\/\/portal.pi.gov.br\/seres\/wp-content\/uploads\/sites\/87\/2025\/05\/597a76b9-7741-4e17-a6ae-1cf429071b80-1536x1152.jpeg 1536w, https:\/\/portal.pi.gov.br\/seres\/wp-content\/uploads\/sites\/87\/2025\/05\/597a76b9-7741-4e17-a6ae-1cf429071b80-947x710.jpeg 947w, https:\/\/portal.pi.gov.br\/seres\/wp-content\/uploads\/sites\/87\/2025\/05\/597a76b9-7741-4e17-a6ae-1cf429071b80-624x468.jpeg 624w, https:\/\/portal.pi.gov.br\/seres\/wp-content\/uploads\/sites\/87\/2025\/05\/597a76b9-7741-4e17-a6ae-1cf429071b80.jpeg 1600w\" sizes=\"(max-width: 1024px) 100vw, 1024px\" \/><\/figure>\n\n\n\n<figure class=\"wp-block-image size-large\"><img decoding=\"async\" loading=\"lazy\" width=\"1024\" height=\"646\" data-id=\"3483\"  src=\"https:\/\/portal.pi.gov.br\/seres\/wp-content\/uploads\/sites\/87\/2025\/05\/87db9729-1a92-4e7a-91e8-4868eea7c2fa-1024x646.jpeg\" alt=\"\" class=\"wp-image-3483\" srcset=\"https:\/\/portal.pi.gov.br\/seres\/wp-content\/uploads\/sites\/87\/2025\/05\/87db9729-1a92-4e7a-91e8-4868eea7c2fa-1024x646.jpeg 1024w, https:\/\/portal.pi.gov.br\/seres\/wp-content\/uploads\/sites\/87\/2025\/05\/87db9729-1a92-4e7a-91e8-4868eea7c2fa-300x189.jpeg 300w, https:\/\/portal.pi.gov.br\/seres\/wp-content\/uploads\/sites\/87\/2025\/05\/87db9729-1a92-4e7a-91e8-4868eea7c2fa-768x485.jpeg 768w, https:\/\/portal.pi.gov.br\/seres\/wp-content\/uploads\/sites\/87\/2025\/05\/87db9729-1a92-4e7a-91e8-4868eea7c2fa-420x265.jpeg 420w, https:\/\/portal.pi.gov.br\/seres\/wp-content\/uploads\/sites\/87\/2025\/05\/87db9729-1a92-4e7a-91e8-4868eea7c2fa-540x341.jpeg 540w, https:\/\/portal.pi.gov.br\/seres\/wp-content\/uploads\/sites\/87\/2025\/05\/87db9729-1a92-4e7a-91e8-4868eea7c2fa-780x492.jpeg 780w, https:\/\/portal.pi.gov.br\/seres\/wp-content\/uploads\/sites\/87\/2025\/05\/87db9729-1a92-4e7a-91e8-4868eea7c2fa-947x598.jpeg 947w, https:\/\/portal.pi.gov.br\/seres\/wp-content\/uploads\/sites\/87\/2025\/05\/87db9729-1a92-4e7a-91e8-4868eea7c2fa-624x394.jpeg 624w, https:\/\/portal.pi.gov.br\/seres\/wp-content\/uploads\/sites\/87\/2025\/05\/87db9729-1a92-4e7a-91e8-4868eea7c2fa.jpeg 1290w\" sizes=\"(max-width: 1024px) 100vw, 1024px\" \/><\/figure>\n\n\n\n<figure class=\"wp-block-image size-large\"><img decoding=\"async\" loading=\"lazy\" width=\"1024\" height=\"768\" data-id=\"3482\"  src=\"https:\/\/portal.pi.gov.br\/seres\/wp-content\/uploads\/sites\/87\/2025\/05\/11ddd5bd-b872-48be-be86-b8b8d032f9bb-1024x768.jpeg\" alt=\"\" class=\"wp-image-3482\" srcset=\"https:\/\/portal.pi.gov.br\/seres\/wp-content\/uploads\/sites\/87\/2025\/05\/11ddd5bd-b872-48be-be86-b8b8d032f9bb-1024x768.jpeg 1024w, https:\/\/portal.pi.gov.br\/seres\/wp-content\/uploads\/sites\/87\/2025\/05\/11ddd5bd-b872-48be-be86-b8b8d032f9bb-300x225.jpeg 300w, https:\/\/portal.pi.gov.br\/seres\/wp-content\/uploads\/sites\/87\/2025\/05\/11ddd5bd-b872-48be-be86-b8b8d032f9bb-768x576.jpeg 768w, https:\/\/portal.pi.gov.br\/seres\/wp-content\/uploads\/sites\/87\/2025\/05\/11ddd5bd-b872-48be-be86-b8b8d032f9bb-420x315.jpeg 420w, https:\/\/portal.pi.gov.br\/seres\/wp-content\/uploads\/sites\/87\/2025\/05\/11ddd5bd-b872-48be-be86-b8b8d032f9bb-540x405.jpeg 540w, https:\/\/portal.pi.gov.br\/seres\/wp-content\/uploads\/sites\/87\/2025\/05\/11ddd5bd-b872-48be-be86-b8b8d032f9bb-780x585.jpeg 780w, https:\/\/portal.pi.gov.br\/seres\/wp-content\/uploads\/sites\/87\/2025\/05\/11ddd5bd-b872-48be-be86-b8b8d032f9bb-1536x1152.jpeg 1536w, https:\/\/portal.pi.gov.br\/seres\/wp-content\/uploads\/sites\/87\/2025\/05\/11ddd5bd-b872-48be-be86-b8b8d032f9bb-947x710.jpeg 947w, https:\/\/portal.pi.gov.br\/seres\/wp-content\/uploads\/sites\/87\/2025\/05\/11ddd5bd-b872-48be-be86-b8b8d032f9bb-624x468.jpeg 624w, https:\/\/portal.pi.gov.br\/seres\/wp-content\/uploads\/sites\/87\/2025\/05\/11ddd5bd-b872-48be-be86-b8b8d032f9bb.jpeg 1600w\" sizes=\"(max-width: 1024px) 100vw, 1024px\" \/><\/figure>\n\n\n\n<figure class=\"wp-block-image size-large\"><img decoding=\"async\" loading=\"lazy\" width=\"1024\" height=\"768\" data-id=\"3481\"  src=\"https:\/\/portal.pi.gov.br\/seres\/wp-content\/uploads\/sites\/87\/2025\/05\/6ffcb331-1f80-43fa-93b5-df66861d0f1f-1024x768.jpeg\" alt=\"\" class=\"wp-image-3481\" srcset=\"https:\/\/portal.pi.gov.br\/seres\/wp-content\/uploads\/sites\/87\/2025\/05\/6ffcb331-1f80-43fa-93b5-df66861d0f1f-1024x768.jpeg 1024w, https:\/\/portal.pi.gov.br\/seres\/wp-content\/uploads\/sites\/87\/2025\/05\/6ffcb331-1f80-43fa-93b5-df66861d0f1f-300x225.jpeg 300w, https:\/\/portal.pi.gov.br\/seres\/wp-content\/uploads\/sites\/87\/2025\/05\/6ffcb331-1f80-43fa-93b5-df66861d0f1f-768x576.jpeg 768w, https:\/\/portal.pi.gov.br\/seres\/wp-content\/uploads\/sites\/87\/2025\/05\/6ffcb331-1f80-43fa-93b5-df66861d0f1f-420x315.jpeg 420w, https:\/\/portal.pi.gov.br\/seres\/wp-content\/uploads\/sites\/87\/2025\/05\/6ffcb331-1f80-43fa-93b5-df66861d0f1f-540x405.jpeg 540w, https:\/\/portal.pi.gov.br\/seres\/wp-content\/uploads\/sites\/87\/2025\/05\/6ffcb331-1f80-43fa-93b5-df66861d0f1f-780x585.jpeg 780w, https:\/\/portal.pi.gov.br\/seres\/wp-content\/uploads\/sites\/87\/2025\/05\/6ffcb331-1f80-43fa-93b5-df66861d0f1f-1536x1152.jpeg 1536w, https:\/\/portal.pi.gov.br\/seres\/wp-content\/uploads\/sites\/87\/2025\/05\/6ffcb331-1f80-43fa-93b5-df66861d0f1f-947x710.jpeg 947w, https:\/\/portal.pi.gov.br\/seres\/wp-content\/uploads\/sites\/87\/2025\/05\/6ffcb331-1f80-43fa-93b5-df66861d0f1f-624x468.jpeg 624w, https:\/\/portal.pi.gov.br\/seres\/wp-content\/uploads\/sites\/87\/2025\/05\/6ffcb331-1f80-43fa-93b5-df66861d0f1f.jpeg 1600w\" sizes=\"(max-width: 1024px) 100vw, 1024px\" \/><\/figure>\n\n\n\n<figure class=\"wp-block-image size-large\"><img decoding=\"async\" loading=\"lazy\" width=\"768\" height=\"1024\" data-id=\"3480\"  src=\"https:\/\/portal.pi.gov.br\/seres\/wp-content\/uploads\/sites\/87\/2025\/05\/1ccf54ea-b323-4fb5-91c7-013d3cc37799-768x1024.jpeg\" alt=\"\" class=\"wp-image-3480\" srcset=\"https:\/\/portal.pi.gov.br\/seres\/wp-content\/uploads\/sites\/87\/2025\/05\/1ccf54ea-b323-4fb5-91c7-013d3cc37799-768x1024.jpeg 768w, https:\/\/portal.pi.gov.br\/seres\/wp-content\/uploads\/sites\/87\/2025\/05\/1ccf54ea-b323-4fb5-91c7-013d3cc37799-225x300.jpeg 225w, https:\/\/portal.pi.gov.br\/seres\/wp-content\/uploads\/sites\/87\/2025\/05\/1ccf54ea-b323-4fb5-91c7-013d3cc37799-315x420.jpeg 315w, https:\/\/portal.pi.gov.br\/seres\/wp-content\/uploads\/sites\/87\/2025\/05\/1ccf54ea-b323-4fb5-91c7-013d3cc37799-405x540.jpeg 405w, https:\/\/portal.pi.gov.br\/seres\/wp-content\/uploads\/sites\/87\/2025\/05\/1ccf54ea-b323-4fb5-91c7-013d3cc37799-585x780.jpeg 585w, https:\/\/portal.pi.gov.br\/seres\/wp-content\/uploads\/sites\/87\/2025\/05\/1ccf54ea-b323-4fb5-91c7-013d3cc37799-1152x1536.jpeg 1152w, https:\/\/portal.pi.gov.br\/seres\/wp-content\/uploads\/sites\/87\/2025\/05\/1ccf54ea-b323-4fb5-91c7-013d3cc37799-947x1263.jpeg 947w, https:\/\/portal.pi.gov.br\/seres\/wp-content\/uploads\/sites\/87\/2025\/05\/1ccf54ea-b323-4fb5-91c7-013d3cc37799-624x832.jpeg 624w, https:\/\/portal.pi.gov.br\/seres\/wp-content\/uploads\/sites\/87\/2025\/05\/1ccf54ea-b323-4fb5-91c7-013d3cc37799.jpeg 1200w\" sizes=\"(max-width: 768px) 100vw, 768px\" \/><\/figure>\n\n\n\n<figure class=\"wp-block-image size-large\"><img decoding=\"async\" loading=\"lazy\" width=\"1024\" height=\"768\" data-id=\"3488\"  src=\"https:\/\/portal.pi.gov.br\/seres\/wp-content\/uploads\/sites\/87\/2025\/05\/aad4a6cd-e7b3-4c41-83ac-2e9f6def60fb-1024x768.jpeg\" alt=\"\" class=\"wp-image-3488\" srcset=\"https:\/\/portal.pi.gov.br\/seres\/wp-content\/uploads\/sites\/87\/2025\/05\/aad4a6cd-e7b3-4c41-83ac-2e9f6def60fb-1024x768.jpeg 1024w, https:\/\/portal.pi.gov.br\/seres\/wp-content\/uploads\/sites\/87\/2025\/05\/aad4a6cd-e7b3-4c41-83ac-2e9f6def60fb-300x225.jpeg 300w, https:\/\/portal.pi.gov.br\/seres\/wp-content\/uploads\/sites\/87\/2025\/05\/aad4a6cd-e7b3-4c41-83ac-2e9f6def60fb-768x576.jpeg 768w, https:\/\/portal.pi.gov.br\/seres\/wp-content\/uploads\/sites\/87\/2025\/05\/aad4a6cd-e7b3-4c41-83ac-2e9f6def60fb-420x315.jpeg 420w, https:\/\/portal.pi.gov.br\/seres\/wp-content\/uploads\/sites\/87\/2025\/05\/aad4a6cd-e7b3-4c41-83ac-2e9f6def60fb-540x405.jpeg 540w, https:\/\/portal.pi.gov.br\/seres\/wp-content\/uploads\/sites\/87\/2025\/05\/aad4a6cd-e7b3-4c41-83ac-2e9f6def60fb-780x585.jpeg 780w, https:\/\/portal.pi.gov.br\/seres\/wp-content\/uploads\/sites\/87\/2025\/05\/aad4a6cd-e7b3-4c41-83ac-2e9f6def60fb-1536x1152.jpeg 1536w, https:\/\/portal.pi.gov.br\/seres\/wp-content\/uploads\/sites\/87\/2025\/05\/aad4a6cd-e7b3-4c41-83ac-2e9f6def60fb-947x710.jpeg 947w, https:\/\/portal.pi.gov.br\/seres\/wp-content\/uploads\/sites\/87\/2025\/05\/aad4a6cd-e7b3-4c41-83ac-2e9f6def60fb-624x468.jpeg 624w, https:\/\/portal.pi.gov.br\/seres\/wp-content\/uploads\/sites\/87\/2025\/05\/aad4a6cd-e7b3-4c41-83ac-2e9f6def60fb.jpeg 1600w\" sizes=\"(max-width: 1024px) 100vw, 1024px\" \/><\/figure>\n\n\n\n<figure class=\"wp-block-image size-large\"><img decoding=\"async\" loading=\"lazy\" width=\"1024\" height=\"768\" data-id=\"3490\"  src=\"https:\/\/portal.pi.gov.br\/seres\/wp-content\/uploads\/sites\/87\/2025\/05\/e792bc4b-7f8e-45fb-b173-c97e579d3a3c-1024x768.jpeg\" alt=\"\" class=\"wp-image-3490\" srcset=\"https:\/\/portal.pi.gov.br\/seres\/wp-content\/uploads\/sites\/87\/2025\/05\/e792bc4b-7f8e-45fb-b173-c97e579d3a3c-1024x768.jpeg 1024w, https:\/\/portal.pi.gov.br\/seres\/wp-content\/uploads\/sites\/87\/2025\/05\/e792bc4b-7f8e-45fb-b173-c97e579d3a3c-300x225.jpeg 300w, https:\/\/portal.pi.gov.br\/seres\/wp-content\/uploads\/sites\/87\/2025\/05\/e792bc4b-7f8e-45fb-b173-c97e579d3a3c-768x576.jpeg 768w, https:\/\/portal.pi.gov.br\/seres\/wp-content\/uploads\/sites\/87\/2025\/05\/e792bc4b-7f8e-45fb-b173-c97e579d3a3c-420x315.jpeg 420w, https:\/\/portal.pi.gov.br\/seres\/wp-content\/uploads\/sites\/87\/2025\/05\/e792bc4b-7f8e-45fb-b173-c97e579d3a3c-540x405.jpeg 540w, https:\/\/portal.pi.gov.br\/seres\/wp-content\/uploads\/sites\/87\/2025\/05\/e792bc4b-7f8e-45fb-b173-c97e579d3a3c-780x585.jpeg 780w, https:\/\/portal.pi.gov.br\/seres\/wp-content\/uploads\/sites\/87\/2025\/05\/e792bc4b-7f8e-45fb-b173-c97e579d3a3c-1536x1152.jpeg 1536w, https:\/\/portal.pi.gov.br\/seres\/wp-content\/uploads\/sites\/87\/2025\/05\/e792bc4b-7f8e-45fb-b173-c97e579d3a3c-947x710.jpeg 947w, https:\/\/portal.pi.gov.br\/seres\/wp-content\/uploads\/sites\/87\/2025\/05\/e792bc4b-7f8e-45fb-b173-c97e579d3a3c-624x468.jpeg 624w, https:\/\/portal.pi.gov.br\/seres\/wp-content\/uploads\/sites\/87\/2025\/05\/e792bc4b-7f8e-45fb-b173-c97e579d3a3c.jpeg 1600w\" sizes=\"(max-width: 1024px) 100vw, 1024px\" \/><\/figure>\n\n\n\n<figure class=\"wp-block-image size-large\"><img decoding=\"async\" loading=\"lazy\" width=\"1024\" height=\"684\" data-id=\"3491\"  src=\"https:\/\/portal.pi.gov.br\/seres\/wp-content\/uploads\/sites\/87\/2025\/05\/ea5ab448-f95b-40ff-a4fd-cc2eb1ed1a5a-1024x684.jpeg\" alt=\"\" class=\"wp-image-3491\" srcset=\"https:\/\/portal.pi.gov.br\/seres\/wp-content\/uploads\/sites\/87\/2025\/05\/ea5ab448-f95b-40ff-a4fd-cc2eb1ed1a5a-1024x684.jpeg 1024w, https:\/\/portal.pi.gov.br\/seres\/wp-content\/uploads\/sites\/87\/2025\/05\/ea5ab448-f95b-40ff-a4fd-cc2eb1ed1a5a-300x200.jpeg 300w, https:\/\/portal.pi.gov.br\/seres\/wp-content\/uploads\/sites\/87\/2025\/05\/ea5ab448-f95b-40ff-a4fd-cc2eb1ed1a5a-768x513.jpeg 768w, https:\/\/portal.pi.gov.br\/seres\/wp-content\/uploads\/sites\/87\/2025\/05\/ea5ab448-f95b-40ff-a4fd-cc2eb1ed1a5a-420x281.jpeg 420w, https:\/\/portal.pi.gov.br\/seres\/wp-content\/uploads\/sites\/87\/2025\/05\/ea5ab448-f95b-40ff-a4fd-cc2eb1ed1a5a-540x361.jpeg 540w, https:\/\/portal.pi.gov.br\/seres\/wp-content\/uploads\/sites\/87\/2025\/05\/ea5ab448-f95b-40ff-a4fd-cc2eb1ed1a5a-780x521.jpeg 780w, https:\/\/portal.pi.gov.br\/seres\/wp-content\/uploads\/sites\/87\/2025\/05\/ea5ab448-f95b-40ff-a4fd-cc2eb1ed1a5a-947x633.jpeg 947w, https:\/\/portal.pi.gov.br\/seres\/wp-content\/uploads\/sites\/87\/2025\/05\/ea5ab448-f95b-40ff-a4fd-cc2eb1ed1a5a-624x417.jpeg 624w, https:\/\/portal.pi.gov.br\/seres\/wp-content\/uploads\/sites\/87\/2025\/05\/ea5ab448-f95b-40ff-a4fd-cc2eb1ed1a5a-84x56.jpeg 84w, https:\/\/portal.pi.gov.br\/seres\/wp-content\/uploads\/sites\/87\/2025\/05\/ea5ab448-f95b-40ff-a4fd-cc2eb1ed1a5a.jpeg 1290w\" sizes=\"(max-width: 1024px) 100vw, 1024px\" \/><\/figure>\n<\/figure>\n\n\n\n<figure class=\"wp-block-gallery has-nested-images columns-default is-cropped wp-block-gallery-5 is-layout-flex\">\n<figure class=\"wp-block-image size-large\"><img decoding=\"async\" loading=\"lazy\" width=\"1024\" height=\"768\" data-id=\"3489\"  src=\"https:\/\/portal.pi.gov.br\/seres\/wp-content\/uploads\/sites\/87\/2025\/05\/c2d78672-ef7b-42a9-87d8-9908514031b6-1024x768.jpeg\" alt=\"\" class=\"wp-image-3489\" srcset=\"https:\/\/portal.pi.gov.br\/seres\/wp-content\/uploads\/sites\/87\/2025\/05\/c2d78672-ef7b-42a9-87d8-9908514031b6-1024x768.jpeg 1024w, https:\/\/portal.pi.gov.br\/seres\/wp-content\/uploads\/sites\/87\/2025\/05\/c2d78672-ef7b-42a9-87d8-9908514031b6-300x225.jpeg 300w, https:\/\/portal.pi.gov.br\/seres\/wp-content\/uploads\/sites\/87\/2025\/05\/c2d78672-ef7b-42a9-87d8-9908514031b6-768x576.jpeg 768w, https:\/\/portal.pi.gov.br\/seres\/wp-content\/uploads\/sites\/87\/2025\/05\/c2d78672-ef7b-42a9-87d8-9908514031b6-420x315.jpeg 420w, https:\/\/portal.pi.gov.br\/seres\/wp-content\/uploads\/sites\/87\/2025\/05\/c2d78672-ef7b-42a9-87d8-9908514031b6-540x405.jpeg 540w, https:\/\/portal.pi.gov.br\/seres\/wp-content\/uploads\/sites\/87\/2025\/05\/c2d78672-ef7b-42a9-87d8-9908514031b6-780x585.jpeg 780w, https:\/\/portal.pi.gov.br\/seres\/wp-content\/uploads\/sites\/87\/2025\/05\/c2d78672-ef7b-42a9-87d8-9908514031b6-1536x1152.jpeg 1536w, https:\/\/portal.pi.gov.br\/seres\/wp-content\/uploads\/sites\/87\/2025\/05\/c2d78672-ef7b-42a9-87d8-9908514031b6-947x710.jpeg 947w, https:\/\/portal.pi.gov.br\/seres\/wp-content\/uploads\/sites\/87\/2025\/05\/c2d78672-ef7b-42a9-87d8-9908514031b6-624x468.jpeg 624w, https:\/\/portal.pi.gov.br\/seres\/wp-content\/uploads\/sites\/87\/2025\/05\/c2d78672-ef7b-42a9-87d8-9908514031b6.jpeg 1600w\" sizes=\"(max-width: 1024px) 100vw, 1024px\" \/><\/figure>\n<\/figure>\n\n\n\n<p><\/p>\n\n\n\n<p><\/p>\n\n\n\n<p>Fotos: Natalina Alves<\/p>\n","protected":false},"excerpt":{"rendered":"<p>O evento tem foco principal na constru\u00e7\u00e3o de pol\u00edticas p\u00fablicas mais inclusivas, sustent\u00e1veis e democr\u00e1ticas. Foi lan\u00e7ada nesta quinta-feira (29) a etapa estadual da 6\u00aa Confer\u00eancia das Cidades, no audit\u00f3rio [&hellip;]<\/p>\n","protected":false},"author":1821,"featured_media":3487,"comment_status":"closed","ping_status":"closed","sticky":true,"template":"","format":"standard","meta":[],"categories":[34],"tags":[47,41],"featured_image_urls":{"full":["https:\/\/portal.pi.gov.br\/seres\/wp-content\/uploads\/sites\/87\/2025\/05\/770351eb-112a-48cc-9e0f-757d0f81fb2c.jpeg",1290,817,false],"thumbnail":["https:\/\/portal.pi.gov.br\/seres\/wp-content\/uploads\/sites\/87\/2025\/05\/770351eb-112a-48cc-9e0f-757d0f81fb2c-150x150.jpeg",150,150,true],"medium":["https:\/\/portal.pi.gov.br\/seres\/wp-content\/uploads\/sites\/87\/2025\/05\/770351eb-112a-48cc-9e0f-757d0f81fb2c-300x190.jpeg",300,190,true],"medium_large":["https:\/\/portal.pi.gov.br\/seres\/wp-content\/uploads\/sites\/87\/2025\/05\/770351eb-112a-48cc-9e0f-757d0f81fb2c-768x486.jpeg",768,486,true],"large":["https:\/\/portal.pi.gov.br\/seres\/wp-content\/uploads\/sites\/87\/2025\/05\/770351eb-112a-48cc-9e0f-757d0f81fb2c-1024x649.jpeg",887,562,true],"sgg-420":["https:\/\/portal.pi.gov.br\/seres\/wp-content\/uploads\/sites\/87\/2025\/05\/770351eb-112a-48cc-9e0f-757d0f81fb2c-420x266.jpeg",420,266,true],"sgg-540":["https:\/\/portal.pi.gov.br\/seres\/wp-content\/uploads\/sites\/87\/2025\/05\/770351eb-112a-48cc-9e0f-757d0f81fb2c-540x342.jpeg",540,342,true],"sgg-780":["https:\/\/portal.pi.gov.br\/seres\/wp-content\/uploads\/sites\/87\/2025\/05\/770351eb-112a-48cc-9e0f-757d0f81fb2c-780x494.jpeg",780,494,true],"1536x1536":["https:\/\/portal.pi.gov.br\/seres\/wp-content\/uploads\/sites\/87\/2025\/05\/770351eb-112a-48cc-9e0f-757d0f81fb2c.jpeg",1290,817,false],"2048x2048":["https:\/\/portal.pi.gov.br\/seres\/wp-content\/uploads\/sites\/87\/2025\/05\/770351eb-112a-48cc-9e0f-757d0f81fb2c.jpeg",1290,817,false],"homepage-slider":["https:\/\/portal.pi.gov.br\/seres\/wp-content\/uploads\/sites\/87\/2025\/05\/770351eb-112a-48cc-9e0f-757d0f81fb2c-1270x500.jpeg",1270,500,true],"homepage-slider-small":["https:\/\/portal.pi.gov.br\/seres\/wp-content\/uploads\/sites\/87\/2025\/05\/770351eb-112a-48cc-9e0f-757d0f81fb2c-947x500.jpeg",947,500,true],"page-top":["https:\/\/portal.pi.gov.br\/seres\/wp-content\/uploads\/sites\/87\/2025\/05\/770351eb-112a-48cc-9e0f-757d0f81fb2c-947x600.jpeg",947,600,true],"page-small":["https:\/\/portal.pi.gov.br\/seres\/wp-content\/uploads\/sites\/87\/2025\/05\/770351eb-112a-48cc-9e0f-757d0f81fb2c-624x395.jpeg",624,395,true],"loop-main":["https:\/\/portal.pi.gov.br\/seres\/wp-content\/uploads\/sites\/87\/2025\/05\/770351eb-112a-48cc-9e0f-757d0f81fb2c-365x240.jpeg",365,240,true],"thumb-gallery-widget":["https:\/\/portal.pi.gov.br\/seres\/wp-content\/uploads\/sites\/87\/2025\/05\/770351eb-112a-48cc-9e0f-757d0f81fb2c-84x56.jpeg",84,56,true]},"post_excerpt_stackable":"<p>O evento tem foco principal na constru\u00e7\u00e3o de pol\u00edticas p\u00fablicas mais inclusivas, sustent\u00e1veis e democr\u00e1ticas. Foi lan\u00e7ada nesta quinta-feira (29) a etapa estadual da 6\u00aa Confer\u00eancia das Cidades, no audit\u00f3rio da Secretaria do Estado do Planejamento (Seplan), com as presen\u00e7as dos secret\u00e1rios N\u00fabia Lopes e Washington Bonfim, al\u00e9m de autoridades, lideran\u00e7as comunit\u00e1rias e representantes de movimentos sociais. Convocada pelo Minist\u00e9rio das Cidades, ap\u00f3s mais de uma d\u00e9cada, o evento tem como tema central: \u201cConstruindo a Pol\u00edtica Nacional de Desenvolvimento Urbano: caminhos para cidades inclusivas, democr\u00e1ticas, sustent\u00e1veis e com justi\u00e7a social\u201d. J\u00e1 a Confer\u00eancia Estadual ocorre nos dias 19 e 20&hellip;<\/p>\n","category_list":"<a href=\"https:\/\/portal.pi.gov.br\/seres\/category\/noticias\/\" rel=\"category tag\">Not\u00edcias<\/a>","author_info":{"name":"alineraquel","url":"https:\/\/portal.pi.gov.br\/seres\/author\/alineraquel\/"},"comments_num":"0 coment\u00e1rio","featured_image_urls_v2":{"full":["https:\/\/portal.pi.gov.br\/seres\/wp-content\/uploads\/sites\/87\/2025\/05\/770351eb-112a-48cc-9e0f-757d0f81fb2c.jpeg",1290,817,false],"thumbnail":["https:\/\/portal.pi.gov.br\/seres\/wp-content\/uploads\/sites\/87\/2025\/05\/770351eb-112a-48cc-9e0f-757d0f81fb2c-150x150.jpeg",150,150,true],"medium":["https:\/\/portal.pi.gov.br\/seres\/wp-content\/uploads\/sites\/87\/2025\/05\/770351eb-112a-48cc-9e0f-757d0f81fb2c-300x190.jpeg",300,190,true],"medium_large":["https:\/\/portal.pi.gov.br\/seres\/wp-content\/uploads\/sites\/87\/2025\/05\/770351eb-112a-48cc-9e0f-757d0f81fb2c-768x486.jpeg",768,486,true],"large":["https:\/\/portal.pi.gov.br\/seres\/wp-content\/uploads\/sites\/87\/2025\/05\/770351eb-112a-48cc-9e0f-757d0f81fb2c-1024x649.jpeg",887,562,true],"sgg-420":["https:\/\/portal.pi.gov.br\/seres\/wp-content\/uploads\/sites\/87\/2025\/05\/770351eb-112a-48cc-9e0f-757d0f81fb2c-420x266.jpeg",420,266,true],"sgg-540":["https:\/\/portal.pi.gov.br\/seres\/wp-content\/uploads\/sites\/87\/2025\/05\/770351eb-112a-48cc-9e0f-757d0f81fb2c-540x342.jpeg",540,342,true],"sgg-780":["https:\/\/portal.pi.gov.br\/seres\/wp-content\/uploads\/sites\/87\/2025\/05\/770351eb-112a-48cc-9e0f-757d0f81fb2c-780x494.jpeg",780,494,true],"1536x1536":["https:\/\/portal.pi.gov.br\/seres\/wp-content\/uploads\/sites\/87\/2025\/05\/770351eb-112a-48cc-9e0f-757d0f81fb2c.jpeg",1290,817,false],"2048x2048":["https:\/\/portal.pi.gov.br\/seres\/wp-content\/uploads\/sites\/87\/2025\/05\/770351eb-112a-48cc-9e0f-757d0f81fb2c.jpeg",1290,817,false],"homepage-slider":["https:\/\/portal.pi.gov.br\/seres\/wp-content\/uploads\/sites\/87\/2025\/05\/770351eb-112a-48cc-9e0f-757d0f81fb2c-1270x500.jpeg",1270,500,true],"homepage-slider-small":["https:\/\/portal.pi.gov.br\/seres\/wp-content\/uploads\/sites\/87\/2025\/05\/770351eb-112a-48cc-9e0f-757d0f81fb2c-947x500.jpeg",947,500,true],"page-top":["https:\/\/portal.pi.gov.br\/seres\/wp-content\/uploads\/sites\/87\/2025\/05\/770351eb-112a-48cc-9e0f-757d0f81fb2c-947x600.jpeg",947,600,true],"page-small":["https:\/\/portal.pi.gov.br\/seres\/wp-content\/uploads\/sites\/87\/2025\/05\/770351eb-112a-48cc-9e0f-757d0f81fb2c-624x395.jpeg",624,395,true],"loop-main":["https:\/\/portal.pi.gov.br\/seres\/wp-content\/uploads\/sites\/87\/2025\/05\/770351eb-112a-48cc-9e0f-757d0f81fb2c-365x240.jpeg",365,240,true],"thumb-gallery-widget":["https:\/\/portal.pi.gov.br\/seres\/wp-content\/uploads\/sites\/87\/2025\/05\/770351eb-112a-48cc-9e0f-757d0f81fb2c-84x56.jpeg",84,56,true]},"post_excerpt_stackable_v2":"<p>O evento tem foco principal na constru\u00e7\u00e3o de pol\u00edticas p\u00fablicas mais inclusivas, sustent\u00e1veis e democr\u00e1ticas. Foi lan\u00e7ada nesta quinta-feira (29) a etapa estadual da 6\u00aa Confer\u00eancia das Cidades, no audit\u00f3rio da Secretaria do Estado do Planejamento (Seplan), com as presen\u00e7as dos secret\u00e1rios N\u00fabia Lopes e Washington Bonfim, al\u00e9m de autoridades, lideran\u00e7as comunit\u00e1rias e representantes de movimentos sociais. Convocada pelo Minist\u00e9rio das Cidades, ap\u00f3s mais de uma d\u00e9cada, o evento tem como tema central: \u201cConstruindo a Pol\u00edtica Nacional de Desenvolvimento Urbano: caminhos para cidades inclusivas, democr\u00e1ticas, sustent\u00e1veis e com justi\u00e7a social\u201d. J\u00e1 a Confer\u00eancia Estadual ocorre nos dias 19 e 20&hellip;<\/p>\n","category_list_v2":"<a href=\"https:\/\/portal.pi.gov.br\/seres\/category\/noticias\/\" rel=\"category tag\">Not\u00edcias<\/a>","author_info_v2":{"name":"alineraquel","url":"https:\/\/portal.pi.gov.br\/seres\/author\/alineraquel\/"},"comments_num_v2":"0 coment\u00e1rio","jetpack_featured_media_url":"https:\/\/portal.pi.gov.br\/seres\/wp-content\/uploads\/sites\/87\/2025\/05\/770351eb-112a-48cc-9e0f-757d0f81fb2c.jpeg","_links":{"self":[{"href":"https:\/\/portal.pi.gov.br\/seres\/wp-json\/wp\/v2\/posts\/3492"}],"collection":[{"href":"https:\/\/portal.pi.gov.br\/seres\/wp-json\/wp\/v2\/posts"}],"about":[{"href":"https:\/\/portal.pi.gov.br\/seres\/wp-json\/wp\/v2\/types\/post"}],"author":[{"embeddable":true,"href":"https:\/\/portal.pi.gov.br\/seres\/wp-json\/wp\/v2\/users\/1821"}],"replies":[{"embeddable":true,"href":"https:\/\/portal.pi.gov.br\/seres\/wp-json\/wp\/v2\/comments?post=3492"}],"version-history":[{"count":3,"href":"https:\/\/portal.pi.gov.br\/seres\/wp-json\/wp\/v2\/posts\/3492\/revisions"}],"predecessor-version":[{"id":3495,"href":"https:\/\/portal.pi.gov.br\/seres\/wp-json\/wp\/v2\/posts\/3492\/revisions\/3495"}],"wp:featuredmedia":[{"embeddable":true,"href":"https:\/\/portal.pi.gov.br\/seres\/wp-json\/wp\/v2\/media\/3487"}],"wp:attachment":[{"href":"https:\/\/portal.pi.gov.br\/seres\/wp-json\/wp\/v2\/media?parent=3492"}],"wp:term":[{"taxonomy":"category","embeddable":true,"href":"https:\/\/portal.pi.gov.br\/seres\/wp-json\/wp\/v2\/categories?post=3492"},{"taxonomy":"post_tag","embeddable":true,"href":"https:\/\/portal.pi.gov.br\/seres\/wp-json\/wp\/v2\/tags?post=3492"}],"curies":[{"name":"wp","href":"https:\/\/api.w.org\/{rel}","templated":true}]}}