{"id":3498,"date":"2025-06-03T15:58:48","date_gmt":"2025-06-03T18:58:48","guid":{"rendered":"https:\/\/portal.pi.gov.br\/seres\/?p=3498"},"modified":"2025-06-03T16:14:11","modified_gmt":"2025-06-03T19:14:11","slug":"mesa-de-dialogo-entre-o-governo-do-piaui-e-os-trabalhadores-do-setor-privado-mesp-sera-instalada-dia-5-de-junho","status":"publish","type":"post","link":"https:\/\/portal.pi.gov.br\/seres\/2025\/06\/03\/mesa-de-dialogo-entre-o-governo-do-piaui-e-os-trabalhadores-do-setor-privado-mesp-sera-instalada-dia-5-de-junho\/","title":{"rendered":"Mesa de Di\u00e1logo entre o Governo do Piau\u00ed e os Trabalhadores do Setor Privado (MESP) ser\u00e1 instalada dia 5 de junho"},"content":{"rendered":"\n<p><\/p>\n\n\n\n<p>A MESP ser\u00e1 um espa\u00e7o democr\u00e1tico de di\u00e1logo, interlocu\u00e7\u00e3o e pactua\u00e7\u00e3o com os trabalhadores do setor privado.<\/p>\n\n\n\n<p><\/p>\n\n\n\n<figure class=\"wp-block-image size-large\"><img decoding=\"async\" loading=\"lazy\" width=\"1024\" height=\"730\" src=\"https:\/\/portal.pi.gov.br\/seres\/wp-content\/uploads\/sites\/87\/2025\/06\/b267ae3a-8fe7-40b1-93ee-4e3c18c5f31d-1024x730.jpeg\" alt=\"\" class=\"wp-image-3499\" srcset=\"https:\/\/portal.pi.gov.br\/seres\/wp-content\/uploads\/sites\/87\/2025\/06\/b267ae3a-8fe7-40b1-93ee-4e3c18c5f31d-1024x730.jpeg 1024w, https:\/\/portal.pi.gov.br\/seres\/wp-content\/uploads\/sites\/87\/2025\/06\/b267ae3a-8fe7-40b1-93ee-4e3c18c5f31d-300x214.jpeg 300w, https:\/\/portal.pi.gov.br\/seres\/wp-content\/uploads\/sites\/87\/2025\/06\/b267ae3a-8fe7-40b1-93ee-4e3c18c5f31d-768x547.jpeg 768w, https:\/\/portal.pi.gov.br\/seres\/wp-content\/uploads\/sites\/87\/2025\/06\/b267ae3a-8fe7-40b1-93ee-4e3c18c5f31d-420x299.jpeg 420w, https:\/\/portal.pi.gov.br\/seres\/wp-content\/uploads\/sites\/87\/2025\/06\/b267ae3a-8fe7-40b1-93ee-4e3c18c5f31d-540x385.jpeg 540w, https:\/\/portal.pi.gov.br\/seres\/wp-content\/uploads\/sites\/87\/2025\/06\/b267ae3a-8fe7-40b1-93ee-4e3c18c5f31d-780x556.jpeg 780w, https:\/\/portal.pi.gov.br\/seres\/wp-content\/uploads\/sites\/87\/2025\/06\/b267ae3a-8fe7-40b1-93ee-4e3c18c5f31d-947x675.jpeg 947w, https:\/\/portal.pi.gov.br\/seres\/wp-content\/uploads\/sites\/87\/2025\/06\/b267ae3a-8fe7-40b1-93ee-4e3c18c5f31d-624x445.jpeg 624w, https:\/\/portal.pi.gov.br\/seres\/wp-content\/uploads\/sites\/87\/2025\/06\/b267ae3a-8fe7-40b1-93ee-4e3c18c5f31d.jpeg 1290w\" sizes=\"(max-width: 1024px) 100vw, 1024px\" \/><\/figure>\n\n\n\n<p><\/p>\n\n\n\n<p><\/p>\n\n\n\n<p>De acordo com a Portaria N\u00ba 3, de 23 de maio de 2025, foram estabelecidas as diretrizes e regras gerais para organiza\u00e7\u00e3o e funcionamento da Mesa de Di\u00e1logo entre o Governo do Estado do Piau\u00ed e os Trabalhadores do Setor Privado \u2013 MESP, mecanismo permanente de di\u00e1logo com as entidades representativas das categorias de trabalhadores do setor privado e o poder p\u00fablico, que integra o Sistema Estadual de Participa\u00e7\u00e3o Social \u2013 SEPS, institu\u00eddo pela Lei n\u00ba 7.357, de 03 de fevereiro de 2020, alterada pela Lei n\u00ba 8.333, de 05 de abril de 2024.<\/p>\n\n\n\n<p><\/p>\n\n\n\n<figure class=\"wp-block-image size-large\"><img decoding=\"async\" loading=\"lazy\" width=\"1024\" height=\"1024\" src=\"https:\/\/portal.pi.gov.br\/seres\/wp-content\/uploads\/sites\/87\/2025\/06\/52e7ce3b-dbca-4636-8d55-e6e72e79c72b-1024x1024.jpeg\" alt=\"\" class=\"wp-image-3506\" srcset=\"https:\/\/portal.pi.gov.br\/seres\/wp-content\/uploads\/sites\/87\/2025\/06\/52e7ce3b-dbca-4636-8d55-e6e72e79c72b-1024x1024.jpeg 1024w, https:\/\/portal.pi.gov.br\/seres\/wp-content\/uploads\/sites\/87\/2025\/06\/52e7ce3b-dbca-4636-8d55-e6e72e79c72b-300x300.jpeg 300w, https:\/\/portal.pi.gov.br\/seres\/wp-content\/uploads\/sites\/87\/2025\/06\/52e7ce3b-dbca-4636-8d55-e6e72e79c72b-150x150.jpeg 150w, https:\/\/portal.pi.gov.br\/seres\/wp-content\/uploads\/sites\/87\/2025\/06\/52e7ce3b-dbca-4636-8d55-e6e72e79c72b-768x768.jpeg 768w, https:\/\/portal.pi.gov.br\/seres\/wp-content\/uploads\/sites\/87\/2025\/06\/52e7ce3b-dbca-4636-8d55-e6e72e79c72b-420x420.jpeg 420w, https:\/\/portal.pi.gov.br\/seres\/wp-content\/uploads\/sites\/87\/2025\/06\/52e7ce3b-dbca-4636-8d55-e6e72e79c72b-540x540.jpeg 540w, https:\/\/portal.pi.gov.br\/seres\/wp-content\/uploads\/sites\/87\/2025\/06\/52e7ce3b-dbca-4636-8d55-e6e72e79c72b-780x780.jpeg 780w, https:\/\/portal.pi.gov.br\/seres\/wp-content\/uploads\/sites\/87\/2025\/06\/52e7ce3b-dbca-4636-8d55-e6e72e79c72b-1536x1536.jpeg 1536w, https:\/\/portal.pi.gov.br\/seres\/wp-content\/uploads\/sites\/87\/2025\/06\/52e7ce3b-dbca-4636-8d55-e6e72e79c72b-947x947.jpeg 947w, https:\/\/portal.pi.gov.br\/seres\/wp-content\/uploads\/sites\/87\/2025\/06\/52e7ce3b-dbca-4636-8d55-e6e72e79c72b-624x624.jpeg 624w, https:\/\/portal.pi.gov.br\/seres\/wp-content\/uploads\/sites\/87\/2025\/06\/52e7ce3b-dbca-4636-8d55-e6e72e79c72b.jpeg 1600w\" sizes=\"(max-width: 1024px) 100vw, 1024px\" \/><\/figure>\n\n\n\n<p><\/p>\n\n\n\n<p><\/p>\n\n\n\n<p>A MESP promover\u00e1 o di\u00e1logo, interlocu\u00e7\u00e3o e pactua\u00e7\u00e3o por meio de m\u00e9todos e t\u00e9cnicas de debate, media\u00e7\u00e3o e constru\u00e7\u00e3o de consenso fundamentada nos seguintes preceitos democr\u00e1ticos:<br>I \u2013 \u00c9tica, respeito rec\u00edproco, boa-f\u00e9, honestidade de prop\u00f3sitos;<br>II \u2013 Capacidade para debater;<br>III- Compromisso das partes de buscar a pactua\u00e7\u00e3o;<br>IV \u2013 Legitimidade de representa\u00e7\u00e3o e de ado\u00e7\u00e3o de processos, m\u00e9todos e t\u00e9cnicas de media\u00e7\u00e3o e pactua\u00e7\u00e3o individual e coletiva;<\/p>\n\n\n\n<p>Coordenada pela Secretaria de Estado de Rela\u00e7\u00f5es Sociais (SERES), a mesa ter\u00e1 a participa\u00e7\u00e3o de demais \u00f3rg\u00e3os estaduais, como: a Secretaria de Estado do Planejamento \u2013 SEPLAN; Secretaria de Estado de Transportes \u2013 SETRANS; Secretaria de Estado de Turismo &#8211; SETUR; Secretaria de Estado de Assist\u00eancia Social, Trabalho e Direitos Humanos \u2013 SASC; Secretaria de Estado da Cultura \u2013 SECULT; Secretaria de Estado da Administra\u00e7\u00e3o \u2013 SEAD; Secretaria de Estado da Educa\u00e7\u00e3o \u2013 SEDUC e Secretaria de Estado da Sa\u00fade \u2013 SESAPI.<\/p>\n\n\n\n<p>Nos dias 4 e 23 de abril deste ano foram realizadas as primeiras reuni\u00f5es com a categorias. Os encontros foram coordenados pela secret\u00e1ria N\u00fabia Lopes e pelo diretor de rela\u00e7\u00f5es sindicais, Josivaldo Martins.<\/p>\n\n\n\n<p><\/p>\n\n\n\n<figure class=\"wp-block-gallery has-nested-images columns-default is-cropped wp-block-gallery-1 is-layout-flex\">\n<figure class=\"wp-block-image size-large\"><img decoding=\"async\" loading=\"lazy\" width=\"1024\" height=\"722\" data-id=\"3501\"  src=\"https:\/\/portal.pi.gov.br\/seres\/wp-content\/uploads\/sites\/87\/2025\/06\/8cbcfafa-7850-47fb-abcb-38330dec23fc-1024x722.jpeg\" alt=\"\" class=\"wp-image-3501\" srcset=\"https:\/\/portal.pi.gov.br\/seres\/wp-content\/uploads\/sites\/87\/2025\/06\/8cbcfafa-7850-47fb-abcb-38330dec23fc-1024x722.jpeg 1024w, https:\/\/portal.pi.gov.br\/seres\/wp-content\/uploads\/sites\/87\/2025\/06\/8cbcfafa-7850-47fb-abcb-38330dec23fc-300x211.jpeg 300w, https:\/\/portal.pi.gov.br\/seres\/wp-content\/uploads\/sites\/87\/2025\/06\/8cbcfafa-7850-47fb-abcb-38330dec23fc-768x541.jpeg 768w, https:\/\/portal.pi.gov.br\/seres\/wp-content\/uploads\/sites\/87\/2025\/06\/8cbcfafa-7850-47fb-abcb-38330dec23fc-420x296.jpeg 420w, https:\/\/portal.pi.gov.br\/seres\/wp-content\/uploads\/sites\/87\/2025\/06\/8cbcfafa-7850-47fb-abcb-38330dec23fc-540x381.jpeg 540w, https:\/\/portal.pi.gov.br\/seres\/wp-content\/uploads\/sites\/87\/2025\/06\/8cbcfafa-7850-47fb-abcb-38330dec23fc-780x550.jpeg 780w, https:\/\/portal.pi.gov.br\/seres\/wp-content\/uploads\/sites\/87\/2025\/06\/8cbcfafa-7850-47fb-abcb-38330dec23fc-947x667.jpeg 947w, https:\/\/portal.pi.gov.br\/seres\/wp-content\/uploads\/sites\/87\/2025\/06\/8cbcfafa-7850-47fb-abcb-38330dec23fc-624x440.jpeg 624w, https:\/\/portal.pi.gov.br\/seres\/wp-content\/uploads\/sites\/87\/2025\/06\/8cbcfafa-7850-47fb-abcb-38330dec23fc.jpeg 1287w\" sizes=\"(max-width: 1024px) 100vw, 1024px\" \/><\/figure>\n\n\n\n<figure class=\"wp-block-image size-large\"><img decoding=\"async\" loading=\"lazy\" width=\"1024\" height=\"757\" data-id=\"3500\"  src=\"https:\/\/portal.pi.gov.br\/seres\/wp-content\/uploads\/sites\/87\/2025\/06\/2324c6d8-43ae-4752-aa8b-87dd08ba4691-1024x757.jpeg\" alt=\"\" class=\"wp-image-3500\" srcset=\"https:\/\/portal.pi.gov.br\/seres\/wp-content\/uploads\/sites\/87\/2025\/06\/2324c6d8-43ae-4752-aa8b-87dd08ba4691-1024x757.jpeg 1024w, https:\/\/portal.pi.gov.br\/seres\/wp-content\/uploads\/sites\/87\/2025\/06\/2324c6d8-43ae-4752-aa8b-87dd08ba4691-300x222.jpeg 300w, https:\/\/portal.pi.gov.br\/seres\/wp-content\/uploads\/sites\/87\/2025\/06\/2324c6d8-43ae-4752-aa8b-87dd08ba4691-768x568.jpeg 768w, https:\/\/portal.pi.gov.br\/seres\/wp-content\/uploads\/sites\/87\/2025\/06\/2324c6d8-43ae-4752-aa8b-87dd08ba4691-420x311.jpeg 420w, https:\/\/portal.pi.gov.br\/seres\/wp-content\/uploads\/sites\/87\/2025\/06\/2324c6d8-43ae-4752-aa8b-87dd08ba4691-540x399.jpeg 540w, https:\/\/portal.pi.gov.br\/seres\/wp-content\/uploads\/sites\/87\/2025\/06\/2324c6d8-43ae-4752-aa8b-87dd08ba4691-780x577.jpeg 780w, https:\/\/portal.pi.gov.br\/seres\/wp-content\/uploads\/sites\/87\/2025\/06\/2324c6d8-43ae-4752-aa8b-87dd08ba4691-947x700.jpeg 947w, https:\/\/portal.pi.gov.br\/seres\/wp-content\/uploads\/sites\/87\/2025\/06\/2324c6d8-43ae-4752-aa8b-87dd08ba4691-624x461.jpeg 624w, https:\/\/portal.pi.gov.br\/seres\/wp-content\/uploads\/sites\/87\/2025\/06\/2324c6d8-43ae-4752-aa8b-87dd08ba4691.jpeg 1290w\" sizes=\"(max-width: 1024px) 100vw, 1024px\" \/><\/figure>\n\n\n\n<figure class=\"wp-block-image size-large\"><img decoding=\"async\" loading=\"lazy\" width=\"1024\" height=\"853\" data-id=\"3502\"  src=\"https:\/\/portal.pi.gov.br\/seres\/wp-content\/uploads\/sites\/87\/2025\/06\/306733b5-de45-4e05-a3cf-624d8b6e36d6-1024x853.jpeg\" alt=\"\" class=\"wp-image-3502\" srcset=\"https:\/\/portal.pi.gov.br\/seres\/wp-content\/uploads\/sites\/87\/2025\/06\/306733b5-de45-4e05-a3cf-624d8b6e36d6-1024x853.jpeg 1024w, https:\/\/portal.pi.gov.br\/seres\/wp-content\/uploads\/sites\/87\/2025\/06\/306733b5-de45-4e05-a3cf-624d8b6e36d6-300x250.jpeg 300w, https:\/\/portal.pi.gov.br\/seres\/wp-content\/uploads\/sites\/87\/2025\/06\/306733b5-de45-4e05-a3cf-624d8b6e36d6-768x640.jpeg 768w, https:\/\/portal.pi.gov.br\/seres\/wp-content\/uploads\/sites\/87\/2025\/06\/306733b5-de45-4e05-a3cf-624d8b6e36d6-420x350.jpeg 420w, https:\/\/portal.pi.gov.br\/seres\/wp-content\/uploads\/sites\/87\/2025\/06\/306733b5-de45-4e05-a3cf-624d8b6e36d6-540x450.jpeg 540w, https:\/\/portal.pi.gov.br\/seres\/wp-content\/uploads\/sites\/87\/2025\/06\/306733b5-de45-4e05-a3cf-624d8b6e36d6-780x650.jpeg 780w, https:\/\/portal.pi.gov.br\/seres\/wp-content\/uploads\/sites\/87\/2025\/06\/306733b5-de45-4e05-a3cf-624d8b6e36d6-947x789.jpeg 947w, https:\/\/portal.pi.gov.br\/seres\/wp-content\/uploads\/sites\/87\/2025\/06\/306733b5-de45-4e05-a3cf-624d8b6e36d6-624x520.jpeg 624w, https:\/\/portal.pi.gov.br\/seres\/wp-content\/uploads\/sites\/87\/2025\/06\/306733b5-de45-4e05-a3cf-624d8b6e36d6.jpeg 1290w\" sizes=\"(max-width: 1024px) 100vw, 1024px\" \/><\/figure>\n<\/figure>\n\n\n\n<p><\/p>\n\n\n\n<p>Participar\u00e3o da MESP as seguintes entidades sindicais: <strong>Central \u00danica dos Trabalhadores &#8211; CUT \u2013 PI; Central dos Trabalhadores do Brasil \u2013 CTB &#8211; PI; Central For\u00e7a Sindical \u2013 FS-PI; Nova Central Sindical de Trabalhadores \u2013 NCST-PI; Federa\u00e7\u00e3o dos Trabalhadores nas Ind\u00fastrias do Estado do Piau\u00ed &#8211; FETIEPI; Sindicato dos Trabalhadores por Aplicativo -APP do Estado do Piau\u00ed \u2013 SINTTAPP- PI; Sindicato dos Trabalhadores nas Ind\u00fastrias de Cervejas e Bebidas em Geral do Estado do Piau\u00ed &#8211; SINDBEBIDAS; Sindicato dos Trabalhadores em Telecomunica\u00e7\u00f5es do Estado do Piau\u00ed -SINTTEL-PI; Sindicato dos Trabalhadores em Empresas e Transportes Rodovi\u00e1rios do Estado do Piau\u00ed \u2013 SINTETRO; Sindicato dos Empregados de Empresas de Seguran\u00e7a, Vigil\u00e2ncia e Servi\u00e7os Org\u00e2nicos de Seguran\u00e7a do Estado do Piau\u00ed &#8211; SINDVIGILANTES; Sindicato dos Trabalhadores na Ind\u00fastria da Constru\u00e7\u00e3o e do Mobili\u00e1rio do M\u00e9dio Parna\u00edba &#8211; SITRICOM; Sindicato dos Trabalhadores nas Ind\u00fastrias Urbanas do Estado do Piau\u00ed &#8211; SINTEPI; Sindicato dos Trabalhadores na Ind\u00fastria de Alimenta\u00e7\u00e3o do Estado do Piau\u00ed SINTRIAPI; Associa\u00e7\u00e3o dos Entregadores de Delivery Aut\u00f4nomos e Aplicativos de Entrega do Piau\u00ed &#8211; AADAAPEPI; Sindicato dos Empregados no Com\u00e9rcio e Servi\u00e7os de Teresina &#8211; SINDCOM; Sindicato dos Trabalhadores em Oficinas Mec\u00e2nicas e Metal\u00fargicas de Teresina SINTROMETAL; Sindicato dos Trabalhadores da Ind\u00fastria de Cal\u00e7ados \u2013SINTRICATE; Sindicato dos Trabalhadores e Trabalhadoras do Com\u00e9rcio Hoteleiro e Gastron\u00f4mico do Estado do Piau\u00ed \u2013SINTSHOGASTROPI e Sindicato dos Enfermeiros, Auxiliares e T\u00e9cnico de Enfermagem do Estado do Piau\u00ed \u2013 SENATEPI;<\/strong><\/p>\n\n\n\n<p><\/p>\n\n\n\n<p><\/p>\n\n\n\n<p><\/p>\n","protected":false},"excerpt":{"rendered":"<p>A MESP ser\u00e1 um espa\u00e7o democr\u00e1tico de di\u00e1logo, interlocu\u00e7\u00e3o e pactua\u00e7\u00e3o com os trabalhadores do setor privado. De acordo com a Portaria N\u00ba 3, de 23 de maio de 2025, [&hellip;]<\/p>\n","protected":false},"author":1821,"featured_media":3501,"comment_status":"closed","ping_status":"closed","sticky":true,"template":"","format":"standard","meta":[],"categories":[34],"tags":[67,47,41,66],"featured_image_urls":{"full":["https:\/\/portal.pi.gov.br\/seres\/wp-content\/uploads\/sites\/87\/2025\/06\/8cbcfafa-7850-47fb-abcb-38330dec23fc.jpeg",1287,907,false],"thumbnail":["https:\/\/portal.pi.gov.br\/seres\/wp-content\/uploads\/sites\/87\/2025\/06\/8cbcfafa-7850-47fb-abcb-38330dec23fc-150x150.jpeg",150,150,true],"medium":["https:\/\/portal.pi.gov.br\/seres\/wp-content\/uploads\/sites\/87\/2025\/06\/8cbcfafa-7850-47fb-abcb-38330dec23fc-300x211.jpeg",300,211,true],"medium_large":["https:\/\/portal.pi.gov.br\/seres\/wp-content\/uploads\/sites\/87\/2025\/06\/8cbcfafa-7850-47fb-abcb-38330dec23fc-768x541.jpeg",768,541,true],"large":["https:\/\/portal.pi.gov.br\/seres\/wp-content\/uploads\/sites\/87\/2025\/06\/8cbcfafa-7850-47fb-abcb-38330dec23fc-1024x722.jpeg",887,625,true],"sgg-420":["https:\/\/portal.pi.gov.br\/seres\/wp-content\/uploads\/sites\/87\/2025\/06\/8cbcfafa-7850-47fb-abcb-38330dec23fc-420x296.jpeg",420,296,true],"sgg-540":["https:\/\/portal.pi.gov.br\/seres\/wp-content\/uploads\/sites\/87\/2025\/06\/8cbcfafa-7850-47fb-abcb-38330dec23fc-540x381.jpeg",540,381,true],"sgg-780":["https:\/\/portal.pi.gov.br\/seres\/wp-content\/uploads\/sites\/87\/2025\/06\/8cbcfafa-7850-47fb-abcb-38330dec23fc-780x550.jpeg",780,550,true],"1536x1536":["https:\/\/portal.pi.gov.br\/seres\/wp-content\/uploads\/sites\/87\/2025\/06\/8cbcfafa-7850-47fb-abcb-38330dec23fc.jpeg",1287,907,false],"2048x2048":["https:\/\/portal.pi.gov.br\/seres\/wp-content\/uploads\/sites\/87\/2025\/06\/8cbcfafa-7850-47fb-abcb-38330dec23fc.jpeg",1287,907,false],"homepage-slider":["https:\/\/portal.pi.gov.br\/seres\/wp-content\/uploads\/sites\/87\/2025\/06\/8cbcfafa-7850-47fb-abcb-38330dec23fc-1270x500.jpeg",1270,500,true],"homepage-slider-small":["https:\/\/portal.pi.gov.br\/seres\/wp-content\/uploads\/sites\/87\/2025\/06\/8cbcfafa-7850-47fb-abcb-38330dec23fc-947x500.jpeg",947,500,true],"page-top":["https:\/\/portal.pi.gov.br\/seres\/wp-content\/uploads\/sites\/87\/2025\/06\/8cbcfafa-7850-47fb-abcb-38330dec23fc-947x667.jpeg",947,667,true],"page-small":["https:\/\/portal.pi.gov.br\/seres\/wp-content\/uploads\/sites\/87\/2025\/06\/8cbcfafa-7850-47fb-abcb-38330dec23fc-624x440.jpeg",624,440,true],"loop-main":["https:\/\/portal.pi.gov.br\/seres\/wp-content\/uploads\/sites\/87\/2025\/06\/8cbcfafa-7850-47fb-abcb-38330dec23fc-365x240.jpeg",365,240,true],"thumb-gallery-widget":["https:\/\/portal.pi.gov.br\/seres\/wp-content\/uploads\/sites\/87\/2025\/06\/8cbcfafa-7850-47fb-abcb-38330dec23fc-84x56.jpeg",84,56,true]},"post_excerpt_stackable":"<p>A MESP ser\u00e1 um espa\u00e7o democr\u00e1tico de di\u00e1logo, interlocu\u00e7\u00e3o e pactua\u00e7\u00e3o com os trabalhadores do setor privado. De acordo com a Portaria N\u00ba 3, de 23 de maio de 2025, foram estabelecidas as diretrizes e regras gerais para organiza\u00e7\u00e3o e funcionamento da Mesa de Di\u00e1logo entre o Governo do Estado do Piau\u00ed e os Trabalhadores do Setor Privado \u2013 MESP, mecanismo permanente de di\u00e1logo com as entidades representativas das categorias de trabalhadores do setor privado e o poder p\u00fablico, que integra o Sistema Estadual de Participa\u00e7\u00e3o Social \u2013 SEPS, institu\u00eddo pela Lei n\u00ba 7.357, de 03 de fevereiro de 2020,&hellip;<\/p>\n","category_list":"<a href=\"https:\/\/portal.pi.gov.br\/seres\/category\/noticias\/\" rel=\"category tag\">Not\u00edcias<\/a>","author_info":{"name":"alineraquel","url":"https:\/\/portal.pi.gov.br\/seres\/author\/alineraquel\/"},"comments_num":"0 coment\u00e1rio","featured_image_urls_v2":{"full":["https:\/\/portal.pi.gov.br\/seres\/wp-content\/uploads\/sites\/87\/2025\/06\/8cbcfafa-7850-47fb-abcb-38330dec23fc.jpeg",1287,907,false],"thumbnail":["https:\/\/portal.pi.gov.br\/seres\/wp-content\/uploads\/sites\/87\/2025\/06\/8cbcfafa-7850-47fb-abcb-38330dec23fc-150x150.jpeg",150,150,true],"medium":["https:\/\/portal.pi.gov.br\/seres\/wp-content\/uploads\/sites\/87\/2025\/06\/8cbcfafa-7850-47fb-abcb-38330dec23fc-300x211.jpeg",300,211,true],"medium_large":["https:\/\/portal.pi.gov.br\/seres\/wp-content\/uploads\/sites\/87\/2025\/06\/8cbcfafa-7850-47fb-abcb-38330dec23fc-768x541.jpeg",768,541,true],"large":["https:\/\/portal.pi.gov.br\/seres\/wp-content\/uploads\/sites\/87\/2025\/06\/8cbcfafa-7850-47fb-abcb-38330dec23fc-1024x722.jpeg",887,625,true],"sgg-420":["https:\/\/portal.pi.gov.br\/seres\/wp-content\/uploads\/sites\/87\/2025\/06\/8cbcfafa-7850-47fb-abcb-38330dec23fc-420x296.jpeg",420,296,true],"sgg-540":["https:\/\/portal.pi.gov.br\/seres\/wp-content\/uploads\/sites\/87\/2025\/06\/8cbcfafa-7850-47fb-abcb-38330dec23fc-540x381.jpeg",540,381,true],"sgg-780":["https:\/\/portal.pi.gov.br\/seres\/wp-content\/uploads\/sites\/87\/2025\/06\/8cbcfafa-7850-47fb-abcb-38330dec23fc-780x550.jpeg",780,550,true],"1536x1536":["https:\/\/portal.pi.gov.br\/seres\/wp-content\/uploads\/sites\/87\/2025\/06\/8cbcfafa-7850-47fb-abcb-38330dec23fc.jpeg",1287,907,false],"2048x2048":["https:\/\/portal.pi.gov.br\/seres\/wp-content\/uploads\/sites\/87\/2025\/06\/8cbcfafa-7850-47fb-abcb-38330dec23fc.jpeg",1287,907,false],"homepage-slider":["https:\/\/portal.pi.gov.br\/seres\/wp-content\/uploads\/sites\/87\/2025\/06\/8cbcfafa-7850-47fb-abcb-38330dec23fc-1270x500.jpeg",1270,500,true],"homepage-slider-small":["https:\/\/portal.pi.gov.br\/seres\/wp-content\/uploads\/sites\/87\/2025\/06\/8cbcfafa-7850-47fb-abcb-38330dec23fc-947x500.jpeg",947,500,true],"page-top":["https:\/\/portal.pi.gov.br\/seres\/wp-content\/uploads\/sites\/87\/2025\/06\/8cbcfafa-7850-47fb-abcb-38330dec23fc-947x667.jpeg",947,667,true],"page-small":["https:\/\/portal.pi.gov.br\/seres\/wp-content\/uploads\/sites\/87\/2025\/06\/8cbcfafa-7850-47fb-abcb-38330dec23fc-624x440.jpeg",624,440,true],"loop-main":["https:\/\/portal.pi.gov.br\/seres\/wp-content\/uploads\/sites\/87\/2025\/06\/8cbcfafa-7850-47fb-abcb-38330dec23fc-365x240.jpeg",365,240,true],"thumb-gallery-widget":["https:\/\/portal.pi.gov.br\/seres\/wp-content\/uploads\/sites\/87\/2025\/06\/8cbcfafa-7850-47fb-abcb-38330dec23fc-84x56.jpeg",84,56,true]},"post_excerpt_stackable_v2":"<p>A MESP ser\u00e1 um espa\u00e7o democr\u00e1tico de di\u00e1logo, interlocu\u00e7\u00e3o e pactua\u00e7\u00e3o com os trabalhadores do setor privado. De acordo com a Portaria N\u00ba 3, de 23 de maio de 2025, foram estabelecidas as diretrizes e regras gerais para organiza\u00e7\u00e3o e funcionamento da Mesa de Di\u00e1logo entre o Governo do Estado do Piau\u00ed e os Trabalhadores do Setor Privado \u2013 MESP, mecanismo permanente de di\u00e1logo com as entidades representativas das categorias de trabalhadores do setor privado e o poder p\u00fablico, que integra o Sistema Estadual de Participa\u00e7\u00e3o Social \u2013 SEPS, institu\u00eddo pela Lei n\u00ba 7.357, de 03 de fevereiro de 2020,&hellip;<\/p>\n","category_list_v2":"<a href=\"https:\/\/portal.pi.gov.br\/seres\/category\/noticias\/\" rel=\"category tag\">Not\u00edcias<\/a>","author_info_v2":{"name":"alineraquel","url":"https:\/\/portal.pi.gov.br\/seres\/author\/alineraquel\/"},"comments_num_v2":"0 coment\u00e1rio","jetpack_featured_media_url":"https:\/\/portal.pi.gov.br\/seres\/wp-content\/uploads\/sites\/87\/2025\/06\/8cbcfafa-7850-47fb-abcb-38330dec23fc.jpeg","_links":{"self":[{"href":"https:\/\/portal.pi.gov.br\/seres\/wp-json\/wp\/v2\/posts\/3498"}],"collection":[{"href":"https:\/\/portal.pi.gov.br\/seres\/wp-json\/wp\/v2\/posts"}],"about":[{"href":"https:\/\/portal.pi.gov.br\/seres\/wp-json\/wp\/v2\/types\/post"}],"author":[{"embeddable":true,"href":"https:\/\/portal.pi.gov.br\/seres\/wp-json\/wp\/v2\/users\/1821"}],"replies":[{"embeddable":true,"href":"https:\/\/portal.pi.gov.br\/seres\/wp-json\/wp\/v2\/comments?post=3498"}],"version-history":[{"count":4,"href":"https:\/\/portal.pi.gov.br\/seres\/wp-json\/wp\/v2\/posts\/3498\/revisions"}],"predecessor-version":[{"id":3507,"href":"https:\/\/portal.pi.gov.br\/seres\/wp-json\/wp\/v2\/posts\/3498\/revisions\/3507"}],"wp:featuredmedia":[{"embeddable":true,"href":"https:\/\/portal.pi.gov.br\/seres\/wp-json\/wp\/v2\/media\/3501"}],"wp:attachment":[{"href":"https:\/\/portal.pi.gov.br\/seres\/wp-json\/wp\/v2\/media?parent=3498"}],"wp:term":[{"taxonomy":"category","embeddable":true,"href":"https:\/\/portal.pi.gov.br\/seres\/wp-json\/wp\/v2\/categories?post=3498"},{"taxonomy":"post_tag","embeddable":true,"href":"https:\/\/portal.pi.gov.br\/seres\/wp-json\/wp\/v2\/tags?post=3498"}],"curies":[{"name":"wp","href":"https:\/\/api.w.org\/{rel}","templated":true}]}}