{"id":3720,"date":"2025-06-26T14:24:37","date_gmt":"2025-06-26T17:24:37","guid":{"rendered":"https:\/\/portal.pi.gov.br\/seres\/?p=3720"},"modified":"2025-06-26T14:25:15","modified_gmt":"2025-06-26T17:25:15","slug":"seres-leva-programa-lideranca-em-destaque-para-o-dialogos-do-piaui-em-floriano","status":"publish","type":"post","link":"https:\/\/portal.pi.gov.br\/seres\/2025\/06\/26\/seres-leva-programa-lideranca-em-destaque-para-o-dialogos-do-piaui-em-floriano\/","title":{"rendered":"Seres leva programa &#8220;Lideran\u00e7a em Destaque&#8221; para o Di\u00e1logos do Piau\u00ed em Floriano"},"content":{"rendered":"\n<p><\/p>\n\n\n\n<p>O munic\u00edpio de Floriano, contemplando o Territ\u00f3rio de Desenvolvimento Vale dos Rios Piau\u00ed e Itaueira, recebe 4\u00aa edi\u00e7\u00e3o do Di\u00e1logos pelo Piau\u00ed nos dias 27 e 28 de junho.<\/p>\n\n\n\n<p><\/p>\n\n\n\n<p><\/p>\n\n\n\n<figure class=\"wp-block-image size-large\"><img decoding=\"async\" loading=\"lazy\" width=\"1024\" height=\"628\" src=\"https:\/\/portal.pi.gov.br\/seres\/wp-content\/uploads\/sites\/87\/2025\/06\/8150bb6e-63d5-4cbf-8c2d-4b975475add0-1024x628.jpeg\" alt=\"\" class=\"wp-image-3717\" srcset=\"https:\/\/portal.pi.gov.br\/seres\/wp-content\/uploads\/sites\/87\/2025\/06\/8150bb6e-63d5-4cbf-8c2d-4b975475add0-1024x628.jpeg 1024w, https:\/\/portal.pi.gov.br\/seres\/wp-content\/uploads\/sites\/87\/2025\/06\/8150bb6e-63d5-4cbf-8c2d-4b975475add0-300x184.jpeg 300w, https:\/\/portal.pi.gov.br\/seres\/wp-content\/uploads\/sites\/87\/2025\/06\/8150bb6e-63d5-4cbf-8c2d-4b975475add0-768x471.jpeg 768w, https:\/\/portal.pi.gov.br\/seres\/wp-content\/uploads\/sites\/87\/2025\/06\/8150bb6e-63d5-4cbf-8c2d-4b975475add0-420x258.jpeg 420w, https:\/\/portal.pi.gov.br\/seres\/wp-content\/uploads\/sites\/87\/2025\/06\/8150bb6e-63d5-4cbf-8c2d-4b975475add0-540x331.jpeg 540w, https:\/\/portal.pi.gov.br\/seres\/wp-content\/uploads\/sites\/87\/2025\/06\/8150bb6e-63d5-4cbf-8c2d-4b975475add0-780x478.jpeg 780w, https:\/\/portal.pi.gov.br\/seres\/wp-content\/uploads\/sites\/87\/2025\/06\/8150bb6e-63d5-4cbf-8c2d-4b975475add0-947x581.jpeg 947w, https:\/\/portal.pi.gov.br\/seres\/wp-content\/uploads\/sites\/87\/2025\/06\/8150bb6e-63d5-4cbf-8c2d-4b975475add0-624x383.jpeg 624w, https:\/\/portal.pi.gov.br\/seres\/wp-content\/uploads\/sites\/87\/2025\/06\/8150bb6e-63d5-4cbf-8c2d-4b975475add0.jpeg 1290w\" sizes=\"(max-width: 1024px) 100vw, 1024px\" \/><\/figure>\n\n\n\n<p><\/p>\n\n\n\n<p><\/p>\n\n\n\n<p>Nos dias 27 e 28 de junho, o Governo do Estado do Piau\u00ed realiza a 4\u00aa edi\u00e7\u00e3o do \u201cDi\u00e1logos pelo Piau\u00ed\u201d em Floriano, contemplando o Territ\u00f3rio de Desenvolvimento Vale dos Rios Piau\u00ed e Itaueira. A iniciativa, coordenada pelas Secretarias de Estado do Planejamento (Seplan) e de Governo (Segov), promove a escuta da popula\u00e7\u00e3o, o planejamento participativo e o acesso direto a servi\u00e7os p\u00fablicos essenciais.<\/p>\n\n\n\n<p>A programa\u00e7\u00e3o inclui capacita\u00e7\u00f5es tem\u00e1ticas, oficinas t\u00e9cnicas de revis\u00e3o do Plano Plurianual (PPA) 2024\u20132027, uma grande feira de servi\u00e7os gratuitos e a plen\u00e1ria com o governador Rafael Fonteles, em um momento de di\u00e1logo direto entre a gest\u00e3o estadual e a popula\u00e7\u00e3o local.<\/p>\n\n\n\n<p>Durante o evento, a Secretaria de Rela\u00e7\u00f5es Sociais (Seres), em parceria com a Secretaria de Administra\u00e7\u00e3o (Sead), promover\u00e1 os cursos do programa &#8220;Lideran\u00e7a em Destaque&#8221; para lideran\u00e7as comunit\u00e1rias, lideran\u00e7as sindicais, povos de terreiros, comunidades tradicionais, quilombolas e ind\u00edgenas. Os dois cursos que ser\u00e3o ofertados s\u00e3o:<strong> Capacita\u00e7\u00e3o para concorrer a Editais P\u00fablicos<\/strong> e <strong>T\u00e9cnicas em Comunica\u00e7\u00e3o Assertiva<\/strong>. As capacita\u00e7\u00f5es ser\u00e3o realizadas na Faculdade UNIFAESF.<\/p>\n\n\n\n<p><\/p>\n\n\n\n<figure class=\"wp-block-gallery has-nested-images columns-default is-cropped wp-block-gallery-1 is-layout-flex\">\n<figure class=\"wp-block-image size-large\"><img decoding=\"async\" loading=\"lazy\" width=\"819\" height=\"1024\" data-id=\"3715\"  src=\"https:\/\/portal.pi.gov.br\/seres\/wp-content\/uploads\/sites\/87\/2025\/06\/d16e0ea5-e27d-4258-ad51-e175ca3b9b78-819x1024.jpeg\" alt=\"\" class=\"wp-image-3715\" srcset=\"https:\/\/portal.pi.gov.br\/seres\/wp-content\/uploads\/sites\/87\/2025\/06\/d16e0ea5-e27d-4258-ad51-e175ca3b9b78-819x1024.jpeg 819w, https:\/\/portal.pi.gov.br\/seres\/wp-content\/uploads\/sites\/87\/2025\/06\/d16e0ea5-e27d-4258-ad51-e175ca3b9b78-240x300.jpeg 240w, https:\/\/portal.pi.gov.br\/seres\/wp-content\/uploads\/sites\/87\/2025\/06\/d16e0ea5-e27d-4258-ad51-e175ca3b9b78-768x960.jpeg 768w, https:\/\/portal.pi.gov.br\/seres\/wp-content\/uploads\/sites\/87\/2025\/06\/d16e0ea5-e27d-4258-ad51-e175ca3b9b78-336x420.jpeg 336w, https:\/\/portal.pi.gov.br\/seres\/wp-content\/uploads\/sites\/87\/2025\/06\/d16e0ea5-e27d-4258-ad51-e175ca3b9b78-432x540.jpeg 432w, https:\/\/portal.pi.gov.br\/seres\/wp-content\/uploads\/sites\/87\/2025\/06\/d16e0ea5-e27d-4258-ad51-e175ca3b9b78-624x780.jpeg 624w, https:\/\/portal.pi.gov.br\/seres\/wp-content\/uploads\/sites\/87\/2025\/06\/d16e0ea5-e27d-4258-ad51-e175ca3b9b78-1229x1536.jpeg 1229w, https:\/\/portal.pi.gov.br\/seres\/wp-content\/uploads\/sites\/87\/2025\/06\/d16e0ea5-e27d-4258-ad51-e175ca3b9b78-947x1184.jpeg 947w, https:\/\/portal.pi.gov.br\/seres\/wp-content\/uploads\/sites\/87\/2025\/06\/d16e0ea5-e27d-4258-ad51-e175ca3b9b78.jpeg 1280w\" sizes=\"(max-width: 819px) 100vw, 819px\" \/><\/figure>\n<\/figure>\n\n\n\n<p><\/p>\n\n\n\n<p><\/p>\n\n\n\n<p><\/p>\n\n\n\n<p>O Lideran\u00e7a em Destaque visa capacitar lideran\u00e7as comunit\u00e1rias, oferecendo cursos e oficinas para fortalecer sua atua\u00e7\u00e3o em diversas \u00e1reas, como comunica\u00e7\u00e3o assertiva, participa\u00e7\u00e3o em editais p\u00fablicos, e desenvolvimento de projetos de impacto social.\u00a0Al\u00e9m disso, o programa busca promover a participa\u00e7\u00e3o popular e o controle social das pol\u00edticas p\u00fablicas, atrav\u00e9s do desenvolvimento de habilidades em advocacia, incid\u00eancia pol\u00edtica, mobiliza\u00e7\u00e3o comunit\u00e1ria e articula\u00e7\u00e3o em redes.\u00a0<\/p>\n\n\n\n<p><\/p>\n\n\n\n<figure class=\"wp-block-gallery has-nested-images columns-default is-cropped wp-block-gallery-3 is-layout-flex\">\n<figure class=\"wp-block-image size-large\"><img decoding=\"async\" loading=\"lazy\" width=\"1024\" height=\"603\" data-id=\"3716\"  src=\"https:\/\/portal.pi.gov.br\/seres\/wp-content\/uploads\/sites\/87\/2025\/06\/1b7690c0-d109-416f-a3c1-9ab622aa5f39-1024x603.jpeg\" alt=\"\" class=\"wp-image-3716\" srcset=\"https:\/\/portal.pi.gov.br\/seres\/wp-content\/uploads\/sites\/87\/2025\/06\/1b7690c0-d109-416f-a3c1-9ab622aa5f39-1024x603.jpeg 1024w, https:\/\/portal.pi.gov.br\/seres\/wp-content\/uploads\/sites\/87\/2025\/06\/1b7690c0-d109-416f-a3c1-9ab622aa5f39-300x177.jpeg 300w, https:\/\/portal.pi.gov.br\/seres\/wp-content\/uploads\/sites\/87\/2025\/06\/1b7690c0-d109-416f-a3c1-9ab622aa5f39-768x452.jpeg 768w, https:\/\/portal.pi.gov.br\/seres\/wp-content\/uploads\/sites\/87\/2025\/06\/1b7690c0-d109-416f-a3c1-9ab622aa5f39-420x247.jpeg 420w, https:\/\/portal.pi.gov.br\/seres\/wp-content\/uploads\/sites\/87\/2025\/06\/1b7690c0-d109-416f-a3c1-9ab622aa5f39-540x318.jpeg 540w, https:\/\/portal.pi.gov.br\/seres\/wp-content\/uploads\/sites\/87\/2025\/06\/1b7690c0-d109-416f-a3c1-9ab622aa5f39-780x460.jpeg 780w, https:\/\/portal.pi.gov.br\/seres\/wp-content\/uploads\/sites\/87\/2025\/06\/1b7690c0-d109-416f-a3c1-9ab622aa5f39-947x558.jpeg 947w, https:\/\/portal.pi.gov.br\/seres\/wp-content\/uploads\/sites\/87\/2025\/06\/1b7690c0-d109-416f-a3c1-9ab622aa5f39-624x368.jpeg 624w, https:\/\/portal.pi.gov.br\/seres\/wp-content\/uploads\/sites\/87\/2025\/06\/1b7690c0-d109-416f-a3c1-9ab622aa5f39.jpeg 1290w\" sizes=\"(max-width: 1024px) 100vw, 1024px\" \/><\/figure>\n\n\n\n<figure class=\"wp-block-image size-large\"><img decoding=\"async\" loading=\"lazy\" width=\"839\" height=\"1024\" data-id=\"3718\"  src=\"https:\/\/portal.pi.gov.br\/seres\/wp-content\/uploads\/sites\/87\/2025\/06\/959571c9-5994-4fed-a638-66c5c13b3b72-839x1024.jpeg\" alt=\"\" class=\"wp-image-3718\" srcset=\"https:\/\/portal.pi.gov.br\/seres\/wp-content\/uploads\/sites\/87\/2025\/06\/959571c9-5994-4fed-a638-66c5c13b3b72-839x1024.jpeg 839w, https:\/\/portal.pi.gov.br\/seres\/wp-content\/uploads\/sites\/87\/2025\/06\/959571c9-5994-4fed-a638-66c5c13b3b72-246x300.jpeg 246w, https:\/\/portal.pi.gov.br\/seres\/wp-content\/uploads\/sites\/87\/2025\/06\/959571c9-5994-4fed-a638-66c5c13b3b72-768x937.jpeg 768w, https:\/\/portal.pi.gov.br\/seres\/wp-content\/uploads\/sites\/87\/2025\/06\/959571c9-5994-4fed-a638-66c5c13b3b72-344x420.jpeg 344w, https:\/\/portal.pi.gov.br\/seres\/wp-content\/uploads\/sites\/87\/2025\/06\/959571c9-5994-4fed-a638-66c5c13b3b72-443x540.jpeg 443w, https:\/\/portal.pi.gov.br\/seres\/wp-content\/uploads\/sites\/87\/2025\/06\/959571c9-5994-4fed-a638-66c5c13b3b72-639x780.jpeg 639w, https:\/\/portal.pi.gov.br\/seres\/wp-content\/uploads\/sites\/87\/2025\/06\/959571c9-5994-4fed-a638-66c5c13b3b72-1259x1536.jpeg 1259w, https:\/\/portal.pi.gov.br\/seres\/wp-content\/uploads\/sites\/87\/2025\/06\/959571c9-5994-4fed-a638-66c5c13b3b72-947x1155.jpeg 947w, https:\/\/portal.pi.gov.br\/seres\/wp-content\/uploads\/sites\/87\/2025\/06\/959571c9-5994-4fed-a638-66c5c13b3b72-624x761.jpeg 624w, https:\/\/portal.pi.gov.br\/seres\/wp-content\/uploads\/sites\/87\/2025\/06\/959571c9-5994-4fed-a638-66c5c13b3b72.jpeg 1290w\" sizes=\"(max-width: 839px) 100vw, 839px\" \/><\/figure>\n\n\n\n<figure class=\"wp-block-image size-large\"><img decoding=\"async\" loading=\"lazy\" width=\"819\" height=\"1024\" data-id=\"3719\"  src=\"https:\/\/portal.pi.gov.br\/seres\/wp-content\/uploads\/sites\/87\/2025\/06\/a2a564b2-ad63-4439-a9fe-f72c5274eadd-819x1024.jpeg\" alt=\"\" class=\"wp-image-3719\" srcset=\"https:\/\/portal.pi.gov.br\/seres\/wp-content\/uploads\/sites\/87\/2025\/06\/a2a564b2-ad63-4439-a9fe-f72c5274eadd-819x1024.jpeg 819w, https:\/\/portal.pi.gov.br\/seres\/wp-content\/uploads\/sites\/87\/2025\/06\/a2a564b2-ad63-4439-a9fe-f72c5274eadd-240x300.jpeg 240w, https:\/\/portal.pi.gov.br\/seres\/wp-content\/uploads\/sites\/87\/2025\/06\/a2a564b2-ad63-4439-a9fe-f72c5274eadd-768x960.jpeg 768w, https:\/\/portal.pi.gov.br\/seres\/wp-content\/uploads\/sites\/87\/2025\/06\/a2a564b2-ad63-4439-a9fe-f72c5274eadd-336x420.jpeg 336w, https:\/\/portal.pi.gov.br\/seres\/wp-content\/uploads\/sites\/87\/2025\/06\/a2a564b2-ad63-4439-a9fe-f72c5274eadd-432x540.jpeg 432w, https:\/\/portal.pi.gov.br\/seres\/wp-content\/uploads\/sites\/87\/2025\/06\/a2a564b2-ad63-4439-a9fe-f72c5274eadd-624x780.jpeg 624w, https:\/\/portal.pi.gov.br\/seres\/wp-content\/uploads\/sites\/87\/2025\/06\/a2a564b2-ad63-4439-a9fe-f72c5274eadd-947x1184.jpeg 947w, https:\/\/portal.pi.gov.br\/seres\/wp-content\/uploads\/sites\/87\/2025\/06\/a2a564b2-ad63-4439-a9fe-f72c5274eadd.jpeg 1024w\" sizes=\"(max-width: 819px) 100vw, 819px\" \/><\/figure>\n<\/figure>\n","protected":false},"excerpt":{"rendered":"<p>O munic\u00edpio de Floriano, contemplando o Territ\u00f3rio de Desenvolvimento Vale dos Rios Piau\u00ed e Itaueira, recebe 4\u00aa edi\u00e7\u00e3o do Di\u00e1logos pelo Piau\u00ed nos dias 27 e 28 de junho. Nos [&hellip;]<\/p>\n","protected":false},"author":1821,"featured_media":3717,"comment_status":"closed","ping_status":"closed","sticky":true,"template":"","format":"standard","meta":[],"categories":[34],"tags":[47,41],"featured_image_urls":{"full":["https:\/\/portal.pi.gov.br\/seres\/wp-content\/uploads\/sites\/87\/2025\/06\/8150bb6e-63d5-4cbf-8c2d-4b975475add0.jpeg",1290,791,false],"thumbnail":["https:\/\/portal.pi.gov.br\/seres\/wp-content\/uploads\/sites\/87\/2025\/06\/8150bb6e-63d5-4cbf-8c2d-4b975475add0-150x150.jpeg",150,150,true],"medium":["https:\/\/portal.pi.gov.br\/seres\/wp-content\/uploads\/sites\/87\/2025\/06\/8150bb6e-63d5-4cbf-8c2d-4b975475add0-300x184.jpeg",300,184,true],"medium_large":["https:\/\/portal.pi.gov.br\/seres\/wp-content\/uploads\/sites\/87\/2025\/06\/8150bb6e-63d5-4cbf-8c2d-4b975475add0-768x471.jpeg",768,471,true],"large":["https:\/\/portal.pi.gov.br\/seres\/wp-content\/uploads\/sites\/87\/2025\/06\/8150bb6e-63d5-4cbf-8c2d-4b975475add0-1024x628.jpeg",887,544,true],"sgg-420":["https:\/\/portal.pi.gov.br\/seres\/wp-content\/uploads\/sites\/87\/2025\/06\/8150bb6e-63d5-4cbf-8c2d-4b975475add0-420x258.jpeg",420,258,true],"sgg-540":["https:\/\/portal.pi.gov.br\/seres\/wp-content\/uploads\/sites\/87\/2025\/06\/8150bb6e-63d5-4cbf-8c2d-4b975475add0-540x331.jpeg",540,331,true],"sgg-780":["https:\/\/portal.pi.gov.br\/seres\/wp-content\/uploads\/sites\/87\/2025\/06\/8150bb6e-63d5-4cbf-8c2d-4b975475add0-780x478.jpeg",780,478,true],"1536x1536":["https:\/\/portal.pi.gov.br\/seres\/wp-content\/uploads\/sites\/87\/2025\/06\/8150bb6e-63d5-4cbf-8c2d-4b975475add0.jpeg",1290,791,false],"2048x2048":["https:\/\/portal.pi.gov.br\/seres\/wp-content\/uploads\/sites\/87\/2025\/06\/8150bb6e-63d5-4cbf-8c2d-4b975475add0.jpeg",1290,791,false],"homepage-slider":["https:\/\/portal.pi.gov.br\/seres\/wp-content\/uploads\/sites\/87\/2025\/06\/8150bb6e-63d5-4cbf-8c2d-4b975475add0-1270x500.jpeg",1270,500,true],"homepage-slider-small":["https:\/\/portal.pi.gov.br\/seres\/wp-content\/uploads\/sites\/87\/2025\/06\/8150bb6e-63d5-4cbf-8c2d-4b975475add0-947x500.jpeg",947,500,true],"page-top":["https:\/\/portal.pi.gov.br\/seres\/wp-content\/uploads\/sites\/87\/2025\/06\/8150bb6e-63d5-4cbf-8c2d-4b975475add0-947x581.jpeg",947,581,true],"page-small":["https:\/\/portal.pi.gov.br\/seres\/wp-content\/uploads\/sites\/87\/2025\/06\/8150bb6e-63d5-4cbf-8c2d-4b975475add0-624x383.jpeg",624,383,true],"loop-main":["https:\/\/portal.pi.gov.br\/seres\/wp-content\/uploads\/sites\/87\/2025\/06\/8150bb6e-63d5-4cbf-8c2d-4b975475add0-365x240.jpeg",365,240,true],"thumb-gallery-widget":["https:\/\/portal.pi.gov.br\/seres\/wp-content\/uploads\/sites\/87\/2025\/06\/8150bb6e-63d5-4cbf-8c2d-4b975475add0-84x56.jpeg",84,56,true]},"post_excerpt_stackable":"<p>O munic\u00edpio de Floriano, contemplando o Territ\u00f3rio de Desenvolvimento Vale dos Rios Piau\u00ed e Itaueira, recebe 4\u00aa edi\u00e7\u00e3o do Di\u00e1logos pelo Piau\u00ed nos dias 27 e 28 de junho. Nos dias 27 e 28 de junho, o Governo do Estado do Piau\u00ed realiza a 4\u00aa edi\u00e7\u00e3o do \u201cDi\u00e1logos pelo Piau\u00ed\u201d em Floriano, contemplando o Territ\u00f3rio de Desenvolvimento Vale dos Rios Piau\u00ed e Itaueira. A iniciativa, coordenada pelas Secretarias de Estado do Planejamento (Seplan) e de Governo (Segov), promove a escuta da popula\u00e7\u00e3o, o planejamento participativo e o acesso direto a servi\u00e7os p\u00fablicos essenciais. A programa\u00e7\u00e3o inclui capacita\u00e7\u00f5es tem\u00e1ticas, oficinas t\u00e9cnicas&hellip;<\/p>\n","category_list":"<a href=\"https:\/\/portal.pi.gov.br\/seres\/category\/noticias\/\" rel=\"category tag\">Not\u00edcias<\/a>","author_info":{"name":"alineraquel","url":"https:\/\/portal.pi.gov.br\/seres\/author\/alineraquel\/"},"comments_num":"0 coment\u00e1rio","featured_image_urls_v2":{"full":["https:\/\/portal.pi.gov.br\/seres\/wp-content\/uploads\/sites\/87\/2025\/06\/8150bb6e-63d5-4cbf-8c2d-4b975475add0.jpeg",1290,791,false],"thumbnail":["https:\/\/portal.pi.gov.br\/seres\/wp-content\/uploads\/sites\/87\/2025\/06\/8150bb6e-63d5-4cbf-8c2d-4b975475add0-150x150.jpeg",150,150,true],"medium":["https:\/\/portal.pi.gov.br\/seres\/wp-content\/uploads\/sites\/87\/2025\/06\/8150bb6e-63d5-4cbf-8c2d-4b975475add0-300x184.jpeg",300,184,true],"medium_large":["https:\/\/portal.pi.gov.br\/seres\/wp-content\/uploads\/sites\/87\/2025\/06\/8150bb6e-63d5-4cbf-8c2d-4b975475add0-768x471.jpeg",768,471,true],"large":["https:\/\/portal.pi.gov.br\/seres\/wp-content\/uploads\/sites\/87\/2025\/06\/8150bb6e-63d5-4cbf-8c2d-4b975475add0-1024x628.jpeg",887,544,true],"sgg-420":["https:\/\/portal.pi.gov.br\/seres\/wp-content\/uploads\/sites\/87\/2025\/06\/8150bb6e-63d5-4cbf-8c2d-4b975475add0-420x258.jpeg",420,258,true],"sgg-540":["https:\/\/portal.pi.gov.br\/seres\/wp-content\/uploads\/sites\/87\/2025\/06\/8150bb6e-63d5-4cbf-8c2d-4b975475add0-540x331.jpeg",540,331,true],"sgg-780":["https:\/\/portal.pi.gov.br\/seres\/wp-content\/uploads\/sites\/87\/2025\/06\/8150bb6e-63d5-4cbf-8c2d-4b975475add0-780x478.jpeg",780,478,true],"1536x1536":["https:\/\/portal.pi.gov.br\/seres\/wp-content\/uploads\/sites\/87\/2025\/06\/8150bb6e-63d5-4cbf-8c2d-4b975475add0.jpeg",1290,791,false],"2048x2048":["https:\/\/portal.pi.gov.br\/seres\/wp-content\/uploads\/sites\/87\/2025\/06\/8150bb6e-63d5-4cbf-8c2d-4b975475add0.jpeg",1290,791,false],"homepage-slider":["https:\/\/portal.pi.gov.br\/seres\/wp-content\/uploads\/sites\/87\/2025\/06\/8150bb6e-63d5-4cbf-8c2d-4b975475add0-1270x500.jpeg",1270,500,true],"homepage-slider-small":["https:\/\/portal.pi.gov.br\/seres\/wp-content\/uploads\/sites\/87\/2025\/06\/8150bb6e-63d5-4cbf-8c2d-4b975475add0-947x500.jpeg",947,500,true],"page-top":["https:\/\/portal.pi.gov.br\/seres\/wp-content\/uploads\/sites\/87\/2025\/06\/8150bb6e-63d5-4cbf-8c2d-4b975475add0-947x581.jpeg",947,581,true],"page-small":["https:\/\/portal.pi.gov.br\/seres\/wp-content\/uploads\/sites\/87\/2025\/06\/8150bb6e-63d5-4cbf-8c2d-4b975475add0-624x383.jpeg",624,383,true],"loop-main":["https:\/\/portal.pi.gov.br\/seres\/wp-content\/uploads\/sites\/87\/2025\/06\/8150bb6e-63d5-4cbf-8c2d-4b975475add0-365x240.jpeg",365,240,true],"thumb-gallery-widget":["https:\/\/portal.pi.gov.br\/seres\/wp-content\/uploads\/sites\/87\/2025\/06\/8150bb6e-63d5-4cbf-8c2d-4b975475add0-84x56.jpeg",84,56,true]},"post_excerpt_stackable_v2":"<p>O munic\u00edpio de Floriano, contemplando o Territ\u00f3rio de Desenvolvimento Vale dos Rios Piau\u00ed e Itaueira, recebe 4\u00aa edi\u00e7\u00e3o do Di\u00e1logos pelo Piau\u00ed nos dias 27 e 28 de junho. Nos dias 27 e 28 de junho, o Governo do Estado do Piau\u00ed realiza a 4\u00aa edi\u00e7\u00e3o do \u201cDi\u00e1logos pelo Piau\u00ed\u201d em Floriano, contemplando o Territ\u00f3rio de Desenvolvimento Vale dos Rios Piau\u00ed e Itaueira. A iniciativa, coordenada pelas Secretarias de Estado do Planejamento (Seplan) e de Governo (Segov), promove a escuta da popula\u00e7\u00e3o, o planejamento participativo e o acesso direto a servi\u00e7os p\u00fablicos essenciais. A programa\u00e7\u00e3o inclui capacita\u00e7\u00f5es tem\u00e1ticas, oficinas t\u00e9cnicas&hellip;<\/p>\n","category_list_v2":"<a href=\"https:\/\/portal.pi.gov.br\/seres\/category\/noticias\/\" rel=\"category tag\">Not\u00edcias<\/a>","author_info_v2":{"name":"alineraquel","url":"https:\/\/portal.pi.gov.br\/seres\/author\/alineraquel\/"},"comments_num_v2":"0 coment\u00e1rio","jetpack_featured_media_url":"https:\/\/portal.pi.gov.br\/seres\/wp-content\/uploads\/sites\/87\/2025\/06\/8150bb6e-63d5-4cbf-8c2d-4b975475add0.jpeg","_links":{"self":[{"href":"https:\/\/portal.pi.gov.br\/seres\/wp-json\/wp\/v2\/posts\/3720"}],"collection":[{"href":"https:\/\/portal.pi.gov.br\/seres\/wp-json\/wp\/v2\/posts"}],"about":[{"href":"https:\/\/portal.pi.gov.br\/seres\/wp-json\/wp\/v2\/types\/post"}],"author":[{"embeddable":true,"href":"https:\/\/portal.pi.gov.br\/seres\/wp-json\/wp\/v2\/users\/1821"}],"replies":[{"embeddable":true,"href":"https:\/\/portal.pi.gov.br\/seres\/wp-json\/wp\/v2\/comments?post=3720"}],"version-history":[{"count":2,"href":"https:\/\/portal.pi.gov.br\/seres\/wp-json\/wp\/v2\/posts\/3720\/revisions"}],"predecessor-version":[{"id":3722,"href":"https:\/\/portal.pi.gov.br\/seres\/wp-json\/wp\/v2\/posts\/3720\/revisions\/3722"}],"wp:featuredmedia":[{"embeddable":true,"href":"https:\/\/portal.pi.gov.br\/seres\/wp-json\/wp\/v2\/media\/3717"}],"wp:attachment":[{"href":"https:\/\/portal.pi.gov.br\/seres\/wp-json\/wp\/v2\/media?parent=3720"}],"wp:term":[{"taxonomy":"category","embeddable":true,"href":"https:\/\/portal.pi.gov.br\/seres\/wp-json\/wp\/v2\/categories?post=3720"},{"taxonomy":"post_tag","embeddable":true,"href":"https:\/\/portal.pi.gov.br\/seres\/wp-json\/wp\/v2\/tags?post=3720"}],"curies":[{"name":"wp","href":"https:\/\/api.w.org\/{rel}","templated":true}]}}