{"id":3885,"date":"2025-07-01T14:59:51","date_gmt":"2025-07-01T17:59:51","guid":{"rendered":"https:\/\/portal.pi.gov.br\/seres\/?p=3885"},"modified":"2025-07-01T15:10:07","modified_gmt":"2025-07-01T18:10:07","slug":"nubia-lopes-participa-de-inauguracoes-de-obras-e-de-homenagem-aos-71-anos-de-agua-branca","status":"publish","type":"post","link":"https:\/\/portal.pi.gov.br\/seres\/2025\/07\/01\/nubia-lopes-participa-de-inauguracoes-de-obras-e-de-homenagem-aos-71-anos-de-agua-branca\/","title":{"rendered":"N\u00fabia Lopes participa de inaugura\u00e7\u00f5es de obras e de homenagem aos 71 anos de \u00c1gua Branca"},"content":{"rendered":"\n<p><\/p>\n\n\n\n<p>Foram inaugurados o asfaltamento de ruas, a reforma e amplia\u00e7\u00e3o da Pra\u00e7a Gomes Calado e a constru\u00e7\u00e3o da Pra\u00e7a do Pescador.<\/p>\n\n\n\n<p><\/p>\n\n\n\n<figure class=\"wp-block-image size-large\"><img decoding=\"async\" loading=\"lazy\" width=\"1024\" height=\"768\" src=\"https:\/\/portal.pi.gov.br\/seres\/wp-content\/uploads\/sites\/87\/2025\/07\/0f90aea0-b1ac-4c58-8d80-29feeea8207f-1024x768.jpeg\" alt=\"\" class=\"wp-image-3879\" srcset=\"https:\/\/portal.pi.gov.br\/seres\/wp-content\/uploads\/sites\/87\/2025\/07\/0f90aea0-b1ac-4c58-8d80-29feeea8207f-1024x768.jpeg 1024w, https:\/\/portal.pi.gov.br\/seres\/wp-content\/uploads\/sites\/87\/2025\/07\/0f90aea0-b1ac-4c58-8d80-29feeea8207f-300x225.jpeg 300w, https:\/\/portal.pi.gov.br\/seres\/wp-content\/uploads\/sites\/87\/2025\/07\/0f90aea0-b1ac-4c58-8d80-29feeea8207f-768x576.jpeg 768w, https:\/\/portal.pi.gov.br\/seres\/wp-content\/uploads\/sites\/87\/2025\/07\/0f90aea0-b1ac-4c58-8d80-29feeea8207f-420x315.jpeg 420w, https:\/\/portal.pi.gov.br\/seres\/wp-content\/uploads\/sites\/87\/2025\/07\/0f90aea0-b1ac-4c58-8d80-29feeea8207f-540x405.jpeg 540w, https:\/\/portal.pi.gov.br\/seres\/wp-content\/uploads\/sites\/87\/2025\/07\/0f90aea0-b1ac-4c58-8d80-29feeea8207f-780x585.jpeg 780w, https:\/\/portal.pi.gov.br\/seres\/wp-content\/uploads\/sites\/87\/2025\/07\/0f90aea0-b1ac-4c58-8d80-29feeea8207f-1536x1152.jpeg 1536w, https:\/\/portal.pi.gov.br\/seres\/wp-content\/uploads\/sites\/87\/2025\/07\/0f90aea0-b1ac-4c58-8d80-29feeea8207f-947x710.jpeg 947w, https:\/\/portal.pi.gov.br\/seres\/wp-content\/uploads\/sites\/87\/2025\/07\/0f90aea0-b1ac-4c58-8d80-29feeea8207f-624x468.jpeg 624w, https:\/\/portal.pi.gov.br\/seres\/wp-content\/uploads\/sites\/87\/2025\/07\/0f90aea0-b1ac-4c58-8d80-29feeea8207f.jpeg 1600w\" sizes=\"(max-width: 1024px) 100vw, 1024px\" \/><\/figure>\n\n\n\n<figure class=\"wp-block-image\"><img alt=\"\" \/><\/figure>\n\n\n\n<p><\/p>\n\n\n\n<p>Nesta segunda-feira (30), a secret\u00e1ria N\u00fabia Lopes, juntamente com a comitiva do governador Rafael Fonteles, inauguraram  asfaltamento de ruas, reforma e amplia\u00e7\u00e3o da Pra\u00e7a Gomes Calado e ainda a constru\u00e7\u00e3o da Pra\u00e7a do Pescador. Na oportunidade, tamb\u00e9m realizaram uma visita t\u00e9cnica a Central de Diagn\u00f3sticos, que deve ser inaugurada em julho, revolucionando o acesso \u00e0 sa\u00fade do munic\u00edpio, que est\u00e1 em festa na comemora\u00e7\u00e3o dos seus 71 anos.<\/p>\n\n\n\n<p>A \u00e1rea urbana da cidade foi contemplada com asfaltamento. O governador inaugurou 36.700,93m\u00b2 de pavimenta\u00e7\u00e3o em 15 ruas, em obra executada pela Setrans.<\/p>\n\n\n\n<p><\/p>\n\n\n\n<figure class=\"wp-block-gallery has-nested-images columns-default is-cropped wp-block-gallery-1 is-layout-flex\">\n<figure class=\"wp-block-image size-large\"><img decoding=\"async\" loading=\"lazy\" width=\"768\" height=\"1024\" data-id=\"3881\"  src=\"https:\/\/portal.pi.gov.br\/seres\/wp-content\/uploads\/sites\/87\/2025\/07\/9f04d0a1-101c-41d5-9bbe-6bd91df063ee-768x1024.jpeg\" alt=\"\" class=\"wp-image-3881\" srcset=\"https:\/\/portal.pi.gov.br\/seres\/wp-content\/uploads\/sites\/87\/2025\/07\/9f04d0a1-101c-41d5-9bbe-6bd91df063ee-768x1024.jpeg 768w, https:\/\/portal.pi.gov.br\/seres\/wp-content\/uploads\/sites\/87\/2025\/07\/9f04d0a1-101c-41d5-9bbe-6bd91df063ee-225x300.jpeg 225w, https:\/\/portal.pi.gov.br\/seres\/wp-content\/uploads\/sites\/87\/2025\/07\/9f04d0a1-101c-41d5-9bbe-6bd91df063ee-315x420.jpeg 315w, https:\/\/portal.pi.gov.br\/seres\/wp-content\/uploads\/sites\/87\/2025\/07\/9f04d0a1-101c-41d5-9bbe-6bd91df063ee-405x540.jpeg 405w, https:\/\/portal.pi.gov.br\/seres\/wp-content\/uploads\/sites\/87\/2025\/07\/9f04d0a1-101c-41d5-9bbe-6bd91df063ee-585x780.jpeg 585w, https:\/\/portal.pi.gov.br\/seres\/wp-content\/uploads\/sites\/87\/2025\/07\/9f04d0a1-101c-41d5-9bbe-6bd91df063ee-1152x1536.jpeg 1152w, https:\/\/portal.pi.gov.br\/seres\/wp-content\/uploads\/sites\/87\/2025\/07\/9f04d0a1-101c-41d5-9bbe-6bd91df063ee-947x1263.jpeg 947w, https:\/\/portal.pi.gov.br\/seres\/wp-content\/uploads\/sites\/87\/2025\/07\/9f04d0a1-101c-41d5-9bbe-6bd91df063ee-624x832.jpeg 624w, https:\/\/portal.pi.gov.br\/seres\/wp-content\/uploads\/sites\/87\/2025\/07\/9f04d0a1-101c-41d5-9bbe-6bd91df063ee.jpeg 1200w\" sizes=\"(max-width: 768px) 100vw, 768px\" \/><\/figure>\n\n\n\n<figure class=\"wp-block-image size-large\"><img decoding=\"async\" loading=\"lazy\" width=\"1024\" height=\"683\" data-id=\"3875\"  src=\"https:\/\/portal.pi.gov.br\/seres\/wp-content\/uploads\/sites\/87\/2025\/07\/3487a9f6-3c35-430e-8b78-b1e5253b3b35-1024x683.jpeg\" alt=\"\" class=\"wp-image-3875\" srcset=\"https:\/\/portal.pi.gov.br\/seres\/wp-content\/uploads\/sites\/87\/2025\/07\/3487a9f6-3c35-430e-8b78-b1e5253b3b35-1024x683.jpeg 1024w, https:\/\/portal.pi.gov.br\/seres\/wp-content\/uploads\/sites\/87\/2025\/07\/3487a9f6-3c35-430e-8b78-b1e5253b3b35-300x200.jpeg 300w, https:\/\/portal.pi.gov.br\/seres\/wp-content\/uploads\/sites\/87\/2025\/07\/3487a9f6-3c35-430e-8b78-b1e5253b3b35-768x512.jpeg 768w, https:\/\/portal.pi.gov.br\/seres\/wp-content\/uploads\/sites\/87\/2025\/07\/3487a9f6-3c35-430e-8b78-b1e5253b3b35-420x280.jpeg 420w, https:\/\/portal.pi.gov.br\/seres\/wp-content\/uploads\/sites\/87\/2025\/07\/3487a9f6-3c35-430e-8b78-b1e5253b3b35-540x360.jpeg 540w, https:\/\/portal.pi.gov.br\/seres\/wp-content\/uploads\/sites\/87\/2025\/07\/3487a9f6-3c35-430e-8b78-b1e5253b3b35-780x520.jpeg 780w, https:\/\/portal.pi.gov.br\/seres\/wp-content\/uploads\/sites\/87\/2025\/07\/3487a9f6-3c35-430e-8b78-b1e5253b3b35-1536x1024.jpeg 1536w, https:\/\/portal.pi.gov.br\/seres\/wp-content\/uploads\/sites\/87\/2025\/07\/3487a9f6-3c35-430e-8b78-b1e5253b3b35-2048x1366.jpeg 2048w, https:\/\/portal.pi.gov.br\/seres\/wp-content\/uploads\/sites\/87\/2025\/07\/3487a9f6-3c35-430e-8b78-b1e5253b3b35-947x631.jpeg 947w, https:\/\/portal.pi.gov.br\/seres\/wp-content\/uploads\/sites\/87\/2025\/07\/3487a9f6-3c35-430e-8b78-b1e5253b3b35-624x416.jpeg 624w, https:\/\/portal.pi.gov.br\/seres\/wp-content\/uploads\/sites\/87\/2025\/07\/3487a9f6-3c35-430e-8b78-b1e5253b3b35-84x56.jpeg 84w\" sizes=\"(max-width: 1024px) 100vw, 1024px\" \/><\/figure>\n\n\n\n<figure class=\"wp-block-image size-large\"><img decoding=\"async\" loading=\"lazy\" width=\"1024\" height=\"683\" data-id=\"3876\"  src=\"https:\/\/portal.pi.gov.br\/seres\/wp-content\/uploads\/sites\/87\/2025\/07\/709a5c68-b0f1-498f-9b42-69bf5eb92e8d-1-1024x683.jpeg\" alt=\"\" class=\"wp-image-3876\" srcset=\"https:\/\/portal.pi.gov.br\/seres\/wp-content\/uploads\/sites\/87\/2025\/07\/709a5c68-b0f1-498f-9b42-69bf5eb92e8d-1-1024x683.jpeg 1024w, https:\/\/portal.pi.gov.br\/seres\/wp-content\/uploads\/sites\/87\/2025\/07\/709a5c68-b0f1-498f-9b42-69bf5eb92e8d-1-300x200.jpeg 300w, https:\/\/portal.pi.gov.br\/seres\/wp-content\/uploads\/sites\/87\/2025\/07\/709a5c68-b0f1-498f-9b42-69bf5eb92e8d-1-768x512.jpeg 768w, https:\/\/portal.pi.gov.br\/seres\/wp-content\/uploads\/sites\/87\/2025\/07\/709a5c68-b0f1-498f-9b42-69bf5eb92e8d-1-420x280.jpeg 420w, https:\/\/portal.pi.gov.br\/seres\/wp-content\/uploads\/sites\/87\/2025\/07\/709a5c68-b0f1-498f-9b42-69bf5eb92e8d-1-540x360.jpeg 540w, https:\/\/portal.pi.gov.br\/seres\/wp-content\/uploads\/sites\/87\/2025\/07\/709a5c68-b0f1-498f-9b42-69bf5eb92e8d-1-780x520.jpeg 780w, https:\/\/portal.pi.gov.br\/seres\/wp-content\/uploads\/sites\/87\/2025\/07\/709a5c68-b0f1-498f-9b42-69bf5eb92e8d-1-1536x1024.jpeg 1536w, https:\/\/portal.pi.gov.br\/seres\/wp-content\/uploads\/sites\/87\/2025\/07\/709a5c68-b0f1-498f-9b42-69bf5eb92e8d-1-2048x1366.jpeg 2048w, https:\/\/portal.pi.gov.br\/seres\/wp-content\/uploads\/sites\/87\/2025\/07\/709a5c68-b0f1-498f-9b42-69bf5eb92e8d-1-947x631.jpeg 947w, https:\/\/portal.pi.gov.br\/seres\/wp-content\/uploads\/sites\/87\/2025\/07\/709a5c68-b0f1-498f-9b42-69bf5eb92e8d-1-624x416.jpeg 624w, https:\/\/portal.pi.gov.br\/seres\/wp-content\/uploads\/sites\/87\/2025\/07\/709a5c68-b0f1-498f-9b42-69bf5eb92e8d-1-84x56.jpeg 84w\" sizes=\"(max-width: 1024px) 100vw, 1024px\" \/><\/figure>\n\n\n\n<figure class=\"wp-block-image size-large\"><img decoding=\"async\" loading=\"lazy\" width=\"1024\" height=\"683\" data-id=\"3874\"  src=\"https:\/\/portal.pi.gov.br\/seres\/wp-content\/uploads\/sites\/87\/2025\/07\/709a5c68-b0f1-498f-9b42-69bf5eb92e8d-1024x683.jpeg\" alt=\"\" class=\"wp-image-3874\" srcset=\"https:\/\/portal.pi.gov.br\/seres\/wp-content\/uploads\/sites\/87\/2025\/07\/709a5c68-b0f1-498f-9b42-69bf5eb92e8d-1024x683.jpeg 1024w, https:\/\/portal.pi.gov.br\/seres\/wp-content\/uploads\/sites\/87\/2025\/07\/709a5c68-b0f1-498f-9b42-69bf5eb92e8d-300x200.jpeg 300w, https:\/\/portal.pi.gov.br\/seres\/wp-content\/uploads\/sites\/87\/2025\/07\/709a5c68-b0f1-498f-9b42-69bf5eb92e8d-768x512.jpeg 768w, https:\/\/portal.pi.gov.br\/seres\/wp-content\/uploads\/sites\/87\/2025\/07\/709a5c68-b0f1-498f-9b42-69bf5eb92e8d-420x280.jpeg 420w, https:\/\/portal.pi.gov.br\/seres\/wp-content\/uploads\/sites\/87\/2025\/07\/709a5c68-b0f1-498f-9b42-69bf5eb92e8d-540x360.jpeg 540w, https:\/\/portal.pi.gov.br\/seres\/wp-content\/uploads\/sites\/87\/2025\/07\/709a5c68-b0f1-498f-9b42-69bf5eb92e8d-780x520.jpeg 780w, https:\/\/portal.pi.gov.br\/seres\/wp-content\/uploads\/sites\/87\/2025\/07\/709a5c68-b0f1-498f-9b42-69bf5eb92e8d-1536x1024.jpeg 1536w, https:\/\/portal.pi.gov.br\/seres\/wp-content\/uploads\/sites\/87\/2025\/07\/709a5c68-b0f1-498f-9b42-69bf5eb92e8d-2048x1366.jpeg 2048w, https:\/\/portal.pi.gov.br\/seres\/wp-content\/uploads\/sites\/87\/2025\/07\/709a5c68-b0f1-498f-9b42-69bf5eb92e8d-947x631.jpeg 947w, https:\/\/portal.pi.gov.br\/seres\/wp-content\/uploads\/sites\/87\/2025\/07\/709a5c68-b0f1-498f-9b42-69bf5eb92e8d-624x416.jpeg 624w, https:\/\/portal.pi.gov.br\/seres\/wp-content\/uploads\/sites\/87\/2025\/07\/709a5c68-b0f1-498f-9b42-69bf5eb92e8d-84x56.jpeg 84w\" sizes=\"(max-width: 1024px) 100vw, 1024px\" \/><\/figure>\n<\/figure>\n\n\n\n<p><\/p>\n\n\n\n<p><\/p>\n\n\n\n<p>Na \u00e1rea mais central da cidade, onde funciona o com\u00e9rcio, o Governo do Estado aplicou R$ 793 mil na reforma e amplia\u00e7\u00e3o da Pra\u00e7a Gomes Calado. \u201cEssa pra\u00e7a fica no cora\u00e7\u00e3o de \u00c1gua Branca e seu nome homenageia o fundador da cidade. Portanto, \u00e9 uma obra muito significativa para o povo daqui. Esses ambientes arborizados para apoiar o com\u00e9rcio s\u00e3o muito importantes\u201d, disse o governador Rafael Fonteles.<\/p>\n\n\n\n<p><\/p>\n\n\n\n<figure class=\"wp-block-gallery has-nested-images columns-default is-cropped wp-block-gallery-3 is-layout-flex\">\n<figure class=\"wp-block-image size-large\"><img decoding=\"async\" loading=\"lazy\" width=\"1024\" height=\"683\" data-id=\"3872\"  src=\"https:\/\/portal.pi.gov.br\/seres\/wp-content\/uploads\/sites\/87\/2025\/07\/226bcb6e-9dd2-4003-8ed7-9a55c9f704fb-1024x683.jpeg\" alt=\"\" class=\"wp-image-3872\" srcset=\"https:\/\/portal.pi.gov.br\/seres\/wp-content\/uploads\/sites\/87\/2025\/07\/226bcb6e-9dd2-4003-8ed7-9a55c9f704fb-1024x683.jpeg 1024w, https:\/\/portal.pi.gov.br\/seres\/wp-content\/uploads\/sites\/87\/2025\/07\/226bcb6e-9dd2-4003-8ed7-9a55c9f704fb-300x200.jpeg 300w, https:\/\/portal.pi.gov.br\/seres\/wp-content\/uploads\/sites\/87\/2025\/07\/226bcb6e-9dd2-4003-8ed7-9a55c9f704fb-768x512.jpeg 768w, https:\/\/portal.pi.gov.br\/seres\/wp-content\/uploads\/sites\/87\/2025\/07\/226bcb6e-9dd2-4003-8ed7-9a55c9f704fb-420x280.jpeg 420w, https:\/\/portal.pi.gov.br\/seres\/wp-content\/uploads\/sites\/87\/2025\/07\/226bcb6e-9dd2-4003-8ed7-9a55c9f704fb-540x360.jpeg 540w, https:\/\/portal.pi.gov.br\/seres\/wp-content\/uploads\/sites\/87\/2025\/07\/226bcb6e-9dd2-4003-8ed7-9a55c9f704fb-780x520.jpeg 780w, https:\/\/portal.pi.gov.br\/seres\/wp-content\/uploads\/sites\/87\/2025\/07\/226bcb6e-9dd2-4003-8ed7-9a55c9f704fb-1536x1024.jpeg 1536w, https:\/\/portal.pi.gov.br\/seres\/wp-content\/uploads\/sites\/87\/2025\/07\/226bcb6e-9dd2-4003-8ed7-9a55c9f704fb-2048x1366.jpeg 2048w, https:\/\/portal.pi.gov.br\/seres\/wp-content\/uploads\/sites\/87\/2025\/07\/226bcb6e-9dd2-4003-8ed7-9a55c9f704fb-947x631.jpeg 947w, https:\/\/portal.pi.gov.br\/seres\/wp-content\/uploads\/sites\/87\/2025\/07\/226bcb6e-9dd2-4003-8ed7-9a55c9f704fb-624x416.jpeg 624w, https:\/\/portal.pi.gov.br\/seres\/wp-content\/uploads\/sites\/87\/2025\/07\/226bcb6e-9dd2-4003-8ed7-9a55c9f704fb-84x56.jpeg 84w\" sizes=\"(max-width: 1024px) 100vw, 1024px\" \/><\/figure>\n\n\n\n<figure class=\"wp-block-image size-large\"><img decoding=\"async\" loading=\"lazy\" width=\"1024\" height=\"683\" data-id=\"3871\"  src=\"https:\/\/portal.pi.gov.br\/seres\/wp-content\/uploads\/sites\/87\/2025\/07\/209a3f5d-f95f-4ee8-abd5-fa48be249c74-1024x683.jpeg\" alt=\"\" class=\"wp-image-3871\" srcset=\"https:\/\/portal.pi.gov.br\/seres\/wp-content\/uploads\/sites\/87\/2025\/07\/209a3f5d-f95f-4ee8-abd5-fa48be249c74-1024x683.jpeg 1024w, https:\/\/portal.pi.gov.br\/seres\/wp-content\/uploads\/sites\/87\/2025\/07\/209a3f5d-f95f-4ee8-abd5-fa48be249c74-300x200.jpeg 300w, https:\/\/portal.pi.gov.br\/seres\/wp-content\/uploads\/sites\/87\/2025\/07\/209a3f5d-f95f-4ee8-abd5-fa48be249c74-768x512.jpeg 768w, https:\/\/portal.pi.gov.br\/seres\/wp-content\/uploads\/sites\/87\/2025\/07\/209a3f5d-f95f-4ee8-abd5-fa48be249c74-420x280.jpeg 420w, https:\/\/portal.pi.gov.br\/seres\/wp-content\/uploads\/sites\/87\/2025\/07\/209a3f5d-f95f-4ee8-abd5-fa48be249c74-540x360.jpeg 540w, https:\/\/portal.pi.gov.br\/seres\/wp-content\/uploads\/sites\/87\/2025\/07\/209a3f5d-f95f-4ee8-abd5-fa48be249c74-780x520.jpeg 780w, https:\/\/portal.pi.gov.br\/seres\/wp-content\/uploads\/sites\/87\/2025\/07\/209a3f5d-f95f-4ee8-abd5-fa48be249c74-1536x1024.jpeg 1536w, https:\/\/portal.pi.gov.br\/seres\/wp-content\/uploads\/sites\/87\/2025\/07\/209a3f5d-f95f-4ee8-abd5-fa48be249c74-2048x1366.jpeg 2048w, https:\/\/portal.pi.gov.br\/seres\/wp-content\/uploads\/sites\/87\/2025\/07\/209a3f5d-f95f-4ee8-abd5-fa48be249c74-947x631.jpeg 947w, https:\/\/portal.pi.gov.br\/seres\/wp-content\/uploads\/sites\/87\/2025\/07\/209a3f5d-f95f-4ee8-abd5-fa48be249c74-624x416.jpeg 624w, https:\/\/portal.pi.gov.br\/seres\/wp-content\/uploads\/sites\/87\/2025\/07\/209a3f5d-f95f-4ee8-abd5-fa48be249c74-84x56.jpeg 84w\" sizes=\"(max-width: 1024px) 100vw, 1024px\" \/><\/figure>\n\n\n\n<figure class=\"wp-block-image size-large\"><img decoding=\"async\" loading=\"lazy\" width=\"1024\" height=\"683\" data-id=\"3878\"  src=\"https:\/\/portal.pi.gov.br\/seres\/wp-content\/uploads\/sites\/87\/2025\/07\/fc65ea7d-8989-4d49-8760-bea8a8d9fe84-1024x683.jpeg\" alt=\"\" class=\"wp-image-3878\" srcset=\"https:\/\/portal.pi.gov.br\/seres\/wp-content\/uploads\/sites\/87\/2025\/07\/fc65ea7d-8989-4d49-8760-bea8a8d9fe84-1024x683.jpeg 1024w, https:\/\/portal.pi.gov.br\/seres\/wp-content\/uploads\/sites\/87\/2025\/07\/fc65ea7d-8989-4d49-8760-bea8a8d9fe84-300x200.jpeg 300w, https:\/\/portal.pi.gov.br\/seres\/wp-content\/uploads\/sites\/87\/2025\/07\/fc65ea7d-8989-4d49-8760-bea8a8d9fe84-768x512.jpeg 768w, https:\/\/portal.pi.gov.br\/seres\/wp-content\/uploads\/sites\/87\/2025\/07\/fc65ea7d-8989-4d49-8760-bea8a8d9fe84-420x280.jpeg 420w, https:\/\/portal.pi.gov.br\/seres\/wp-content\/uploads\/sites\/87\/2025\/07\/fc65ea7d-8989-4d49-8760-bea8a8d9fe84-540x360.jpeg 540w, https:\/\/portal.pi.gov.br\/seres\/wp-content\/uploads\/sites\/87\/2025\/07\/fc65ea7d-8989-4d49-8760-bea8a8d9fe84-780x520.jpeg 780w, https:\/\/portal.pi.gov.br\/seres\/wp-content\/uploads\/sites\/87\/2025\/07\/fc65ea7d-8989-4d49-8760-bea8a8d9fe84-1536x1024.jpeg 1536w, https:\/\/portal.pi.gov.br\/seres\/wp-content\/uploads\/sites\/87\/2025\/07\/fc65ea7d-8989-4d49-8760-bea8a8d9fe84-2048x1366.jpeg 2048w, https:\/\/portal.pi.gov.br\/seres\/wp-content\/uploads\/sites\/87\/2025\/07\/fc65ea7d-8989-4d49-8760-bea8a8d9fe84-947x631.jpeg 947w, https:\/\/portal.pi.gov.br\/seres\/wp-content\/uploads\/sites\/87\/2025\/07\/fc65ea7d-8989-4d49-8760-bea8a8d9fe84-624x416.jpeg 624w, https:\/\/portal.pi.gov.br\/seres\/wp-content\/uploads\/sites\/87\/2025\/07\/fc65ea7d-8989-4d49-8760-bea8a8d9fe84-84x56.jpeg 84w\" sizes=\"(max-width: 1024px) 100vw, 1024px\" \/><\/figure>\n\n\n\n<figure class=\"wp-block-image size-large\"><img decoding=\"async\" loading=\"lazy\" width=\"1024\" height=\"683\" data-id=\"3877\"  src=\"https:\/\/portal.pi.gov.br\/seres\/wp-content\/uploads\/sites\/87\/2025\/07\/e95f7734-0f3f-4d9c-9b7a-bdd11cbca595-1024x683.jpeg\" alt=\"\" class=\"wp-image-3877\" srcset=\"https:\/\/portal.pi.gov.br\/seres\/wp-content\/uploads\/sites\/87\/2025\/07\/e95f7734-0f3f-4d9c-9b7a-bdd11cbca595-1024x683.jpeg 1024w, https:\/\/portal.pi.gov.br\/seres\/wp-content\/uploads\/sites\/87\/2025\/07\/e95f7734-0f3f-4d9c-9b7a-bdd11cbca595-300x200.jpeg 300w, https:\/\/portal.pi.gov.br\/seres\/wp-content\/uploads\/sites\/87\/2025\/07\/e95f7734-0f3f-4d9c-9b7a-bdd11cbca595-768x512.jpeg 768w, https:\/\/portal.pi.gov.br\/seres\/wp-content\/uploads\/sites\/87\/2025\/07\/e95f7734-0f3f-4d9c-9b7a-bdd11cbca595-420x280.jpeg 420w, https:\/\/portal.pi.gov.br\/seres\/wp-content\/uploads\/sites\/87\/2025\/07\/e95f7734-0f3f-4d9c-9b7a-bdd11cbca595-540x360.jpeg 540w, https:\/\/portal.pi.gov.br\/seres\/wp-content\/uploads\/sites\/87\/2025\/07\/e95f7734-0f3f-4d9c-9b7a-bdd11cbca595-780x520.jpeg 780w, https:\/\/portal.pi.gov.br\/seres\/wp-content\/uploads\/sites\/87\/2025\/07\/e95f7734-0f3f-4d9c-9b7a-bdd11cbca595-1536x1024.jpeg 1536w, https:\/\/portal.pi.gov.br\/seres\/wp-content\/uploads\/sites\/87\/2025\/07\/e95f7734-0f3f-4d9c-9b7a-bdd11cbca595-2048x1366.jpeg 2048w, https:\/\/portal.pi.gov.br\/seres\/wp-content\/uploads\/sites\/87\/2025\/07\/e95f7734-0f3f-4d9c-9b7a-bdd11cbca595-947x631.jpeg 947w, https:\/\/portal.pi.gov.br\/seres\/wp-content\/uploads\/sites\/87\/2025\/07\/e95f7734-0f3f-4d9c-9b7a-bdd11cbca595-624x416.jpeg 624w, https:\/\/portal.pi.gov.br\/seres\/wp-content\/uploads\/sites\/87\/2025\/07\/e95f7734-0f3f-4d9c-9b7a-bdd11cbca595-84x56.jpeg 84w\" sizes=\"(max-width: 1024px) 100vw, 1024px\" \/><\/figure>\n\n\n\n<figure class=\"wp-block-image size-large\"><img decoding=\"async\" loading=\"lazy\" width=\"1024\" height=\"683\" data-id=\"3869\"  src=\"https:\/\/portal.pi.gov.br\/seres\/wp-content\/uploads\/sites\/87\/2025\/07\/1d52bff7-96b0-46c5-8f20-83881da64d8d-1024x683.jpeg\" alt=\"\" class=\"wp-image-3869\" srcset=\"https:\/\/portal.pi.gov.br\/seres\/wp-content\/uploads\/sites\/87\/2025\/07\/1d52bff7-96b0-46c5-8f20-83881da64d8d-1024x683.jpeg 1024w, https:\/\/portal.pi.gov.br\/seres\/wp-content\/uploads\/sites\/87\/2025\/07\/1d52bff7-96b0-46c5-8f20-83881da64d8d-300x200.jpeg 300w, https:\/\/portal.pi.gov.br\/seres\/wp-content\/uploads\/sites\/87\/2025\/07\/1d52bff7-96b0-46c5-8f20-83881da64d8d-768x512.jpeg 768w, https:\/\/portal.pi.gov.br\/seres\/wp-content\/uploads\/sites\/87\/2025\/07\/1d52bff7-96b0-46c5-8f20-83881da64d8d-420x280.jpeg 420w, https:\/\/portal.pi.gov.br\/seres\/wp-content\/uploads\/sites\/87\/2025\/07\/1d52bff7-96b0-46c5-8f20-83881da64d8d-540x360.jpeg 540w, https:\/\/portal.pi.gov.br\/seres\/wp-content\/uploads\/sites\/87\/2025\/07\/1d52bff7-96b0-46c5-8f20-83881da64d8d-780x520.jpeg 780w, https:\/\/portal.pi.gov.br\/seres\/wp-content\/uploads\/sites\/87\/2025\/07\/1d52bff7-96b0-46c5-8f20-83881da64d8d-1536x1024.jpeg 1536w, https:\/\/portal.pi.gov.br\/seres\/wp-content\/uploads\/sites\/87\/2025\/07\/1d52bff7-96b0-46c5-8f20-83881da64d8d-2048x1366.jpeg 2048w, https:\/\/portal.pi.gov.br\/seres\/wp-content\/uploads\/sites\/87\/2025\/07\/1d52bff7-96b0-46c5-8f20-83881da64d8d-947x631.jpeg 947w, https:\/\/portal.pi.gov.br\/seres\/wp-content\/uploads\/sites\/87\/2025\/07\/1d52bff7-96b0-46c5-8f20-83881da64d8d-624x416.jpeg 624w, https:\/\/portal.pi.gov.br\/seres\/wp-content\/uploads\/sites\/87\/2025\/07\/1d52bff7-96b0-46c5-8f20-83881da64d8d-84x56.jpeg 84w\" sizes=\"(max-width: 1024px) 100vw, 1024px\" \/><\/figure>\n\n\n\n<figure class=\"wp-block-image size-large\"><img decoding=\"async\" loading=\"lazy\" width=\"1024\" height=\"683\" data-id=\"3873\"  src=\"https:\/\/portal.pi.gov.br\/seres\/wp-content\/uploads\/sites\/87\/2025\/07\/502dd894-cc84-4a8c-9184-ce87e8bb3407-1024x683.jpeg\" alt=\"\" class=\"wp-image-3873\" srcset=\"https:\/\/portal.pi.gov.br\/seres\/wp-content\/uploads\/sites\/87\/2025\/07\/502dd894-cc84-4a8c-9184-ce87e8bb3407-1024x683.jpeg 1024w, https:\/\/portal.pi.gov.br\/seres\/wp-content\/uploads\/sites\/87\/2025\/07\/502dd894-cc84-4a8c-9184-ce87e8bb3407-300x200.jpeg 300w, https:\/\/portal.pi.gov.br\/seres\/wp-content\/uploads\/sites\/87\/2025\/07\/502dd894-cc84-4a8c-9184-ce87e8bb3407-768x512.jpeg 768w, https:\/\/portal.pi.gov.br\/seres\/wp-content\/uploads\/sites\/87\/2025\/07\/502dd894-cc84-4a8c-9184-ce87e8bb3407-420x280.jpeg 420w, https:\/\/portal.pi.gov.br\/seres\/wp-content\/uploads\/sites\/87\/2025\/07\/502dd894-cc84-4a8c-9184-ce87e8bb3407-540x360.jpeg 540w, https:\/\/portal.pi.gov.br\/seres\/wp-content\/uploads\/sites\/87\/2025\/07\/502dd894-cc84-4a8c-9184-ce87e8bb3407-780x520.jpeg 780w, https:\/\/portal.pi.gov.br\/seres\/wp-content\/uploads\/sites\/87\/2025\/07\/502dd894-cc84-4a8c-9184-ce87e8bb3407-1536x1024.jpeg 1536w, https:\/\/portal.pi.gov.br\/seres\/wp-content\/uploads\/sites\/87\/2025\/07\/502dd894-cc84-4a8c-9184-ce87e8bb3407-2048x1366.jpeg 2048w, https:\/\/portal.pi.gov.br\/seres\/wp-content\/uploads\/sites\/87\/2025\/07\/502dd894-cc84-4a8c-9184-ce87e8bb3407-947x631.jpeg 947w, https:\/\/portal.pi.gov.br\/seres\/wp-content\/uploads\/sites\/87\/2025\/07\/502dd894-cc84-4a8c-9184-ce87e8bb3407-624x416.jpeg 624w, https:\/\/portal.pi.gov.br\/seres\/wp-content\/uploads\/sites\/87\/2025\/07\/502dd894-cc84-4a8c-9184-ce87e8bb3407-84x56.jpeg 84w\" sizes=\"(max-width: 1024px) 100vw, 1024px\" \/><\/figure>\n<\/figure>\n\n\n\n<figure class=\"wp-block-gallery has-nested-images columns-default is-cropped wp-block-gallery-5 is-layout-flex\">\n<figure class=\"wp-block-image size-large\"><img decoding=\"async\" loading=\"lazy\" width=\"1024\" height=\"768\" data-id=\"3889\"  src=\"https:\/\/portal.pi.gov.br\/seres\/wp-content\/uploads\/sites\/87\/2025\/07\/7193a244-f37b-47c9-b66a-fd617809ae20-scaled-1-1024x768.jpeg\" alt=\"\" class=\"wp-image-3889\" srcset=\"https:\/\/portal.pi.gov.br\/seres\/wp-content\/uploads\/sites\/87\/2025\/07\/7193a244-f37b-47c9-b66a-fd617809ae20-scaled-1-1024x768.jpeg 1024w, https:\/\/portal.pi.gov.br\/seres\/wp-content\/uploads\/sites\/87\/2025\/07\/7193a244-f37b-47c9-b66a-fd617809ae20-scaled-1-300x225.jpeg 300w, https:\/\/portal.pi.gov.br\/seres\/wp-content\/uploads\/sites\/87\/2025\/07\/7193a244-f37b-47c9-b66a-fd617809ae20-scaled-1-768x576.jpeg 768w, https:\/\/portal.pi.gov.br\/seres\/wp-content\/uploads\/sites\/87\/2025\/07\/7193a244-f37b-47c9-b66a-fd617809ae20-scaled-1-420x315.jpeg 420w, https:\/\/portal.pi.gov.br\/seres\/wp-content\/uploads\/sites\/87\/2025\/07\/7193a244-f37b-47c9-b66a-fd617809ae20-scaled-1-540x405.jpeg 540w, https:\/\/portal.pi.gov.br\/seres\/wp-content\/uploads\/sites\/87\/2025\/07\/7193a244-f37b-47c9-b66a-fd617809ae20-scaled-1-780x585.jpeg 780w, https:\/\/portal.pi.gov.br\/seres\/wp-content\/uploads\/sites\/87\/2025\/07\/7193a244-f37b-47c9-b66a-fd617809ae20-scaled-1-1536x1152.jpeg 1536w, https:\/\/portal.pi.gov.br\/seres\/wp-content\/uploads\/sites\/87\/2025\/07\/7193a244-f37b-47c9-b66a-fd617809ae20-scaled-1-2048x1536.jpeg 2048w, https:\/\/portal.pi.gov.br\/seres\/wp-content\/uploads\/sites\/87\/2025\/07\/7193a244-f37b-47c9-b66a-fd617809ae20-scaled-1-947x710.jpeg 947w, https:\/\/portal.pi.gov.br\/seres\/wp-content\/uploads\/sites\/87\/2025\/07\/7193a244-f37b-47c9-b66a-fd617809ae20-scaled-1-624x468.jpeg 624w\" sizes=\"(max-width: 1024px) 100vw, 1024px\" \/><\/figure>\n<\/figure>\n\n\n\n<p><\/p>\n\n\n\n<p>Tamb\u00e9m foi entregue a Pra\u00e7a do Pescador, que teve investimento de quase R$ 2 milh\u00f5es. A obra foi executada pela Secretaria dos Transportes (Setrans). Um complexo tur\u00edstico de lazer, a pra\u00e7a do Pescador \u00e9 um espa\u00e7o cultural esportivo da comunidade.<\/p>\n\n\n\n<p><\/p>\n\n\n\n<figure class=\"wp-block-gallery has-nested-images columns-default is-cropped wp-block-gallery-7 is-layout-flex\">\n<figure class=\"wp-block-image size-large\"><img decoding=\"async\" loading=\"lazy\" width=\"1024\" height=\"768\" data-id=\"3883\"  src=\"https:\/\/portal.pi.gov.br\/seres\/wp-content\/uploads\/sites\/87\/2025\/07\/22b51cda-1bcb-43bd-8316-79e31b74b341-1024x768.jpeg\" alt=\"\" class=\"wp-image-3883\" srcset=\"https:\/\/portal.pi.gov.br\/seres\/wp-content\/uploads\/sites\/87\/2025\/07\/22b51cda-1bcb-43bd-8316-79e31b74b341-1024x768.jpeg 1024w, https:\/\/portal.pi.gov.br\/seres\/wp-content\/uploads\/sites\/87\/2025\/07\/22b51cda-1bcb-43bd-8316-79e31b74b341-300x225.jpeg 300w, https:\/\/portal.pi.gov.br\/seres\/wp-content\/uploads\/sites\/87\/2025\/07\/22b51cda-1bcb-43bd-8316-79e31b74b341-768x576.jpeg 768w, https:\/\/portal.pi.gov.br\/seres\/wp-content\/uploads\/sites\/87\/2025\/07\/22b51cda-1bcb-43bd-8316-79e31b74b341-420x315.jpeg 420w, https:\/\/portal.pi.gov.br\/seres\/wp-content\/uploads\/sites\/87\/2025\/07\/22b51cda-1bcb-43bd-8316-79e31b74b341-540x405.jpeg 540w, https:\/\/portal.pi.gov.br\/seres\/wp-content\/uploads\/sites\/87\/2025\/07\/22b51cda-1bcb-43bd-8316-79e31b74b341-780x585.jpeg 780w, https:\/\/portal.pi.gov.br\/seres\/wp-content\/uploads\/sites\/87\/2025\/07\/22b51cda-1bcb-43bd-8316-79e31b74b341-1536x1152.jpeg 1536w, https:\/\/portal.pi.gov.br\/seres\/wp-content\/uploads\/sites\/87\/2025\/07\/22b51cda-1bcb-43bd-8316-79e31b74b341-947x710.jpeg 947w, https:\/\/portal.pi.gov.br\/seres\/wp-content\/uploads\/sites\/87\/2025\/07\/22b51cda-1bcb-43bd-8316-79e31b74b341-624x468.jpeg 624w, https:\/\/portal.pi.gov.br\/seres\/wp-content\/uploads\/sites\/87\/2025\/07\/22b51cda-1bcb-43bd-8316-79e31b74b341.jpeg 1600w\" sizes=\"(max-width: 1024px) 100vw, 1024px\" \/><\/figure>\n\n\n\n<figure class=\"wp-block-image size-large\"><img decoding=\"async\" loading=\"lazy\" width=\"768\" height=\"1024\" data-id=\"3884\"  src=\"https:\/\/portal.pi.gov.br\/seres\/wp-content\/uploads\/sites\/87\/2025\/07\/32ff66ac-89ba-4782-b5c4-2dbd4ce2b469-768x1024.jpeg\" alt=\"\" class=\"wp-image-3884\" srcset=\"https:\/\/portal.pi.gov.br\/seres\/wp-content\/uploads\/sites\/87\/2025\/07\/32ff66ac-89ba-4782-b5c4-2dbd4ce2b469-768x1024.jpeg 768w, https:\/\/portal.pi.gov.br\/seres\/wp-content\/uploads\/sites\/87\/2025\/07\/32ff66ac-89ba-4782-b5c4-2dbd4ce2b469-225x300.jpeg 225w, https:\/\/portal.pi.gov.br\/seres\/wp-content\/uploads\/sites\/87\/2025\/07\/32ff66ac-89ba-4782-b5c4-2dbd4ce2b469-315x420.jpeg 315w, https:\/\/portal.pi.gov.br\/seres\/wp-content\/uploads\/sites\/87\/2025\/07\/32ff66ac-89ba-4782-b5c4-2dbd4ce2b469-405x540.jpeg 405w, https:\/\/portal.pi.gov.br\/seres\/wp-content\/uploads\/sites\/87\/2025\/07\/32ff66ac-89ba-4782-b5c4-2dbd4ce2b469-585x780.jpeg 585w, https:\/\/portal.pi.gov.br\/seres\/wp-content\/uploads\/sites\/87\/2025\/07\/32ff66ac-89ba-4782-b5c4-2dbd4ce2b469-1152x1536.jpeg 1152w, https:\/\/portal.pi.gov.br\/seres\/wp-content\/uploads\/sites\/87\/2025\/07\/32ff66ac-89ba-4782-b5c4-2dbd4ce2b469-947x1263.jpeg 947w, https:\/\/portal.pi.gov.br\/seres\/wp-content\/uploads\/sites\/87\/2025\/07\/32ff66ac-89ba-4782-b5c4-2dbd4ce2b469-624x832.jpeg 624w, https:\/\/portal.pi.gov.br\/seres\/wp-content\/uploads\/sites\/87\/2025\/07\/32ff66ac-89ba-4782-b5c4-2dbd4ce2b469.jpeg 1200w\" sizes=\"(max-width: 768px) 100vw, 768px\" \/><\/figure>\n\n\n\n<figure class=\"wp-block-image size-large\"><img decoding=\"async\" loading=\"lazy\" width=\"768\" height=\"1024\" data-id=\"3880\"  src=\"https:\/\/portal.pi.gov.br\/seres\/wp-content\/uploads\/sites\/87\/2025\/07\/5dd58753-f82f-4f08-aa91-f91d95b034de-768x1024.jpeg\" alt=\"\" class=\"wp-image-3880\" srcset=\"https:\/\/portal.pi.gov.br\/seres\/wp-content\/uploads\/sites\/87\/2025\/07\/5dd58753-f82f-4f08-aa91-f91d95b034de-768x1024.jpeg 768w, https:\/\/portal.pi.gov.br\/seres\/wp-content\/uploads\/sites\/87\/2025\/07\/5dd58753-f82f-4f08-aa91-f91d95b034de-225x300.jpeg 225w, https:\/\/portal.pi.gov.br\/seres\/wp-content\/uploads\/sites\/87\/2025\/07\/5dd58753-f82f-4f08-aa91-f91d95b034de-315x420.jpeg 315w, https:\/\/portal.pi.gov.br\/seres\/wp-content\/uploads\/sites\/87\/2025\/07\/5dd58753-f82f-4f08-aa91-f91d95b034de-405x540.jpeg 405w, https:\/\/portal.pi.gov.br\/seres\/wp-content\/uploads\/sites\/87\/2025\/07\/5dd58753-f82f-4f08-aa91-f91d95b034de-585x780.jpeg 585w, https:\/\/portal.pi.gov.br\/seres\/wp-content\/uploads\/sites\/87\/2025\/07\/5dd58753-f82f-4f08-aa91-f91d95b034de-1152x1536.jpeg 1152w, https:\/\/portal.pi.gov.br\/seres\/wp-content\/uploads\/sites\/87\/2025\/07\/5dd58753-f82f-4f08-aa91-f91d95b034de-947x1263.jpeg 947w, https:\/\/portal.pi.gov.br\/seres\/wp-content\/uploads\/sites\/87\/2025\/07\/5dd58753-f82f-4f08-aa91-f91d95b034de-624x832.jpeg 624w, https:\/\/portal.pi.gov.br\/seres\/wp-content\/uploads\/sites\/87\/2025\/07\/5dd58753-f82f-4f08-aa91-f91d95b034de.jpeg 1200w\" sizes=\"(max-width: 768px) 100vw, 768px\" \/><\/figure>\n\n\n\n<figure class=\"wp-block-image size-large\"><img decoding=\"async\" loading=\"lazy\" width=\"768\" height=\"1024\" data-id=\"3882\"  src=\"https:\/\/portal.pi.gov.br\/seres\/wp-content\/uploads\/sites\/87\/2025\/07\/22ae383f-6e3a-4347-80b4-866505ce9a74-768x1024.jpeg\" alt=\"\" class=\"wp-image-3882\" srcset=\"https:\/\/portal.pi.gov.br\/seres\/wp-content\/uploads\/sites\/87\/2025\/07\/22ae383f-6e3a-4347-80b4-866505ce9a74-768x1024.jpeg 768w, https:\/\/portal.pi.gov.br\/seres\/wp-content\/uploads\/sites\/87\/2025\/07\/22ae383f-6e3a-4347-80b4-866505ce9a74-225x300.jpeg 225w, https:\/\/portal.pi.gov.br\/seres\/wp-content\/uploads\/sites\/87\/2025\/07\/22ae383f-6e3a-4347-80b4-866505ce9a74-315x420.jpeg 315w, https:\/\/portal.pi.gov.br\/seres\/wp-content\/uploads\/sites\/87\/2025\/07\/22ae383f-6e3a-4347-80b4-866505ce9a74-405x540.jpeg 405w, https:\/\/portal.pi.gov.br\/seres\/wp-content\/uploads\/sites\/87\/2025\/07\/22ae383f-6e3a-4347-80b4-866505ce9a74-585x780.jpeg 585w, https:\/\/portal.pi.gov.br\/seres\/wp-content\/uploads\/sites\/87\/2025\/07\/22ae383f-6e3a-4347-80b4-866505ce9a74-1152x1536.jpeg 1152w, https:\/\/portal.pi.gov.br\/seres\/wp-content\/uploads\/sites\/87\/2025\/07\/22ae383f-6e3a-4347-80b4-866505ce9a74-947x1263.jpeg 947w, https:\/\/portal.pi.gov.br\/seres\/wp-content\/uploads\/sites\/87\/2025\/07\/22ae383f-6e3a-4347-80b4-866505ce9a74-624x832.jpeg 624w, https:\/\/portal.pi.gov.br\/seres\/wp-content\/uploads\/sites\/87\/2025\/07\/22ae383f-6e3a-4347-80b4-866505ce9a74.jpeg 1200w\" sizes=\"(max-width: 768px) 100vw, 768px\" \/><\/figure>\n<\/figure>\n\n\n\n<p><\/p>\n\n\n\n<p><strong>Sa\u00fade<\/strong><\/p>\n\n\n\n<p>A comitiva visitou ainda a obra da Central de Diagn\u00f3sticos, constru\u00edda pela Secretaria de Estado da Sa\u00fade (Sesapi). Com investimento de R$ 1,4 milh\u00e3o, a central ser\u00e1 dotada de consult\u00f3rios m\u00e9dicos, exames de imagem (ultrassonografia, mamografia, tomografia, raio-X e endoscopia) e laborat\u00f3rio de an\u00e1lises cl\u00ednicas. <\/p>\n\n\n\n<p>A expectativa \u00e9 de que o funcionamento da Central de Diagn\u00f3sticos inicie at\u00e9 o final de julho, que dever\u00e1 ser integrada ao Piau\u00ed Sa\u00fade Digital. Ainda de acordo com o governador, o paciente passa pela consulta na Unidade B\u00e1sica de Sa\u00fade do seu munic\u00edpio e, se precisar de exame, se desloca para a Central de Diagn\u00f3sticos e retorna com o resultado para o m\u00e9dico avaliar.<\/p>\n\n\n\n<p><\/p>\n\n\n\n<figure class=\"wp-block-gallery has-nested-images columns-default is-cropped wp-block-gallery-9 is-layout-flex\">\n<figure class=\"wp-block-image size-large\"><img decoding=\"async\" loading=\"lazy\" width=\"1024\" height=\"682\" data-id=\"3886\"  src=\"https:\/\/portal.pi.gov.br\/seres\/wp-content\/uploads\/sites\/87\/2025\/07\/2e8f3ab3-1b4f-4e5b-acb4-d31e2bcae785-1024x682.jpeg\" alt=\"\" class=\"wp-image-3886\" srcset=\"https:\/\/portal.pi.gov.br\/seres\/wp-content\/uploads\/sites\/87\/2025\/07\/2e8f3ab3-1b4f-4e5b-acb4-d31e2bcae785-1024x682.jpeg 1024w, https:\/\/portal.pi.gov.br\/seres\/wp-content\/uploads\/sites\/87\/2025\/07\/2e8f3ab3-1b4f-4e5b-acb4-d31e2bcae785-300x200.jpeg 300w, https:\/\/portal.pi.gov.br\/seres\/wp-content\/uploads\/sites\/87\/2025\/07\/2e8f3ab3-1b4f-4e5b-acb4-d31e2bcae785-768x512.jpeg 768w, https:\/\/portal.pi.gov.br\/seres\/wp-content\/uploads\/sites\/87\/2025\/07\/2e8f3ab3-1b4f-4e5b-acb4-d31e2bcae785-420x280.jpeg 420w, https:\/\/portal.pi.gov.br\/seres\/wp-content\/uploads\/sites\/87\/2025\/07\/2e8f3ab3-1b4f-4e5b-acb4-d31e2bcae785-540x360.jpeg 540w, https:\/\/portal.pi.gov.br\/seres\/wp-content\/uploads\/sites\/87\/2025\/07\/2e8f3ab3-1b4f-4e5b-acb4-d31e2bcae785-780x520.jpeg 780w, https:\/\/portal.pi.gov.br\/seres\/wp-content\/uploads\/sites\/87\/2025\/07\/2e8f3ab3-1b4f-4e5b-acb4-d31e2bcae785-947x631.jpeg 947w, https:\/\/portal.pi.gov.br\/seres\/wp-content\/uploads\/sites\/87\/2025\/07\/2e8f3ab3-1b4f-4e5b-acb4-d31e2bcae785-624x416.jpeg 624w, https:\/\/portal.pi.gov.br\/seres\/wp-content\/uploads\/sites\/87\/2025\/07\/2e8f3ab3-1b4f-4e5b-acb4-d31e2bcae785-84x56.jpeg 84w, https:\/\/portal.pi.gov.br\/seres\/wp-content\/uploads\/sites\/87\/2025\/07\/2e8f3ab3-1b4f-4e5b-acb4-d31e2bcae785.jpeg 1280w\" sizes=\"(max-width: 1024px) 100vw, 1024px\" \/><\/figure>\n<\/figure>\n\n\n\n<p><\/p>\n\n\n\n<figure class=\"wp-block-gallery has-nested-images columns-default is-cropped wp-block-gallery-11 is-layout-flex\">\n<figure class=\"wp-block-image size-large\"><img decoding=\"async\" loading=\"lazy\" width=\"1024\" height=\"682\" data-id=\"3887\"  src=\"https:\/\/portal.pi.gov.br\/seres\/wp-content\/uploads\/sites\/87\/2025\/07\/62d4d2a5-8e33-4497-9a7b-a563f236ec68-1024x682.jpeg\" alt=\"\" class=\"wp-image-3887\" srcset=\"https:\/\/portal.pi.gov.br\/seres\/wp-content\/uploads\/sites\/87\/2025\/07\/62d4d2a5-8e33-4497-9a7b-a563f236ec68-1024x682.jpeg 1024w, https:\/\/portal.pi.gov.br\/seres\/wp-content\/uploads\/sites\/87\/2025\/07\/62d4d2a5-8e33-4497-9a7b-a563f236ec68-300x200.jpeg 300w, https:\/\/portal.pi.gov.br\/seres\/wp-content\/uploads\/sites\/87\/2025\/07\/62d4d2a5-8e33-4497-9a7b-a563f236ec68-768x512.jpeg 768w, https:\/\/portal.pi.gov.br\/seres\/wp-content\/uploads\/sites\/87\/2025\/07\/62d4d2a5-8e33-4497-9a7b-a563f236ec68-420x280.jpeg 420w, https:\/\/portal.pi.gov.br\/seres\/wp-content\/uploads\/sites\/87\/2025\/07\/62d4d2a5-8e33-4497-9a7b-a563f236ec68-540x360.jpeg 540w, https:\/\/portal.pi.gov.br\/seres\/wp-content\/uploads\/sites\/87\/2025\/07\/62d4d2a5-8e33-4497-9a7b-a563f236ec68-780x520.jpeg 780w, https:\/\/portal.pi.gov.br\/seres\/wp-content\/uploads\/sites\/87\/2025\/07\/62d4d2a5-8e33-4497-9a7b-a563f236ec68-947x631.jpeg 947w, https:\/\/portal.pi.gov.br\/seres\/wp-content\/uploads\/sites\/87\/2025\/07\/62d4d2a5-8e33-4497-9a7b-a563f236ec68-624x416.jpeg 624w, https:\/\/portal.pi.gov.br\/seres\/wp-content\/uploads\/sites\/87\/2025\/07\/62d4d2a5-8e33-4497-9a7b-a563f236ec68-84x56.jpeg 84w, https:\/\/portal.pi.gov.br\/seres\/wp-content\/uploads\/sites\/87\/2025\/07\/62d4d2a5-8e33-4497-9a7b-a563f236ec68.jpeg 1280w\" sizes=\"(max-width: 1024px) 100vw, 1024px\" \/><\/figure>\n<\/figure>\n\n\n\n<p><\/p>\n\n\n\n<p><\/p>\n\n\n\n<p>Fotos: Louany Naira e Natalina Alves<\/p>\n","protected":false},"excerpt":{"rendered":"<p>Foram inaugurados o asfaltamento de ruas, a reforma e amplia\u00e7\u00e3o da Pra\u00e7a Gomes Calado e a constru\u00e7\u00e3o da Pra\u00e7a do Pescador. Nesta segunda-feira (30), a secret\u00e1ria N\u00fabia Lopes, juntamente com [&hellip;]<\/p>\n","protected":false},"author":1821,"featured_media":3873,"comment_status":"closed","ping_status":"closed","sticky":true,"template":"","format":"standard","meta":[],"categories":[34],"tags":[],"featured_image_urls":{"full":["https:\/\/portal.pi.gov.br\/seres\/wp-content\/uploads\/sites\/87\/2025\/07\/502dd894-cc84-4a8c-9184-ce87e8bb3407-scaled.jpeg",2560,1707,false],"thumbnail":["https:\/\/portal.pi.gov.br\/seres\/wp-content\/uploads\/sites\/87\/2025\/07\/502dd894-cc84-4a8c-9184-ce87e8bb3407-150x150.jpeg",150,150,true],"medium":["https:\/\/portal.pi.gov.br\/seres\/wp-content\/uploads\/sites\/87\/2025\/07\/502dd894-cc84-4a8c-9184-ce87e8bb3407-300x200.jpeg",300,200,true],"medium_large":["https:\/\/portal.pi.gov.br\/seres\/wp-content\/uploads\/sites\/87\/2025\/07\/502dd894-cc84-4a8c-9184-ce87e8bb3407-768x512.jpeg",768,512,true],"large":["https:\/\/portal.pi.gov.br\/seres\/wp-content\/uploads\/sites\/87\/2025\/07\/502dd894-cc84-4a8c-9184-ce87e8bb3407-1024x683.jpeg",887,592,true],"sgg-420":["https:\/\/portal.pi.gov.br\/seres\/wp-content\/uploads\/sites\/87\/2025\/07\/502dd894-cc84-4a8c-9184-ce87e8bb3407-420x280.jpeg",420,280,true],"sgg-540":["https:\/\/portal.pi.gov.br\/seres\/wp-content\/uploads\/sites\/87\/2025\/07\/502dd894-cc84-4a8c-9184-ce87e8bb3407-540x360.jpeg",540,360,true],"sgg-780":["https:\/\/portal.pi.gov.br\/seres\/wp-content\/uploads\/sites\/87\/2025\/07\/502dd894-cc84-4a8c-9184-ce87e8bb3407-780x520.jpeg",780,520,true],"1536x1536":["https:\/\/portal.pi.gov.br\/seres\/wp-content\/uploads\/sites\/87\/2025\/07\/502dd894-cc84-4a8c-9184-ce87e8bb3407-1536x1024.jpeg",1536,1024,true],"2048x2048":["https:\/\/portal.pi.gov.br\/seres\/wp-content\/uploads\/sites\/87\/2025\/07\/502dd894-cc84-4a8c-9184-ce87e8bb3407-2048x1366.jpeg",2048,1366,true],"homepage-slider":["https:\/\/portal.pi.gov.br\/seres\/wp-content\/uploads\/sites\/87\/2025\/07\/502dd894-cc84-4a8c-9184-ce87e8bb3407-1270x500.jpeg",1270,500,true],"homepage-slider-small":["https:\/\/portal.pi.gov.br\/seres\/wp-content\/uploads\/sites\/87\/2025\/07\/502dd894-cc84-4a8c-9184-ce87e8bb3407-947x500.jpeg",947,500,true],"page-top":["https:\/\/portal.pi.gov.br\/seres\/wp-content\/uploads\/sites\/87\/2025\/07\/502dd894-cc84-4a8c-9184-ce87e8bb3407-947x631.jpeg",947,631,true],"page-small":["https:\/\/portal.pi.gov.br\/seres\/wp-content\/uploads\/sites\/87\/2025\/07\/502dd894-cc84-4a8c-9184-ce87e8bb3407-624x416.jpeg",624,416,true],"loop-main":["https:\/\/portal.pi.gov.br\/seres\/wp-content\/uploads\/sites\/87\/2025\/07\/502dd894-cc84-4a8c-9184-ce87e8bb3407-365x240.jpeg",365,240,true],"thumb-gallery-widget":["https:\/\/portal.pi.gov.br\/seres\/wp-content\/uploads\/sites\/87\/2025\/07\/502dd894-cc84-4a8c-9184-ce87e8bb3407-84x56.jpeg",84,56,true]},"post_excerpt_stackable":"<p>Foram inaugurados o asfaltamento de ruas, a reforma e amplia\u00e7\u00e3o da Pra\u00e7a Gomes Calado e a constru\u00e7\u00e3o da Pra\u00e7a do Pescador. Nesta segunda-feira (30), a secret\u00e1ria N\u00fabia Lopes, juntamente com a comitiva do governador Rafael Fonteles, inauguraram asfaltamento de ruas, reforma e amplia\u00e7\u00e3o da Pra\u00e7a Gomes Calado e ainda a constru\u00e7\u00e3o da Pra\u00e7a do Pescador. Na oportunidade, tamb\u00e9m realizaram uma visita t\u00e9cnica a Central de Diagn\u00f3sticos, que deve ser inaugurada em julho, revolucionando o acesso \u00e0 sa\u00fade do munic\u00edpio, que est\u00e1 em festa na comemora\u00e7\u00e3o dos seus 71 anos. A \u00e1rea urbana da cidade foi contemplada com asfaltamento. O governador&hellip;<\/p>\n","category_list":"<a href=\"https:\/\/portal.pi.gov.br\/seres\/category\/noticias\/\" rel=\"category tag\">Not\u00edcias<\/a>","author_info":{"name":"alineraquel","url":"https:\/\/portal.pi.gov.br\/seres\/author\/alineraquel\/"},"comments_num":"0 coment\u00e1rio","featured_image_urls_v2":{"full":["https:\/\/portal.pi.gov.br\/seres\/wp-content\/uploads\/sites\/87\/2025\/07\/502dd894-cc84-4a8c-9184-ce87e8bb3407-scaled.jpeg",2560,1707,false],"thumbnail":["https:\/\/portal.pi.gov.br\/seres\/wp-content\/uploads\/sites\/87\/2025\/07\/502dd894-cc84-4a8c-9184-ce87e8bb3407-150x150.jpeg",150,150,true],"medium":["https:\/\/portal.pi.gov.br\/seres\/wp-content\/uploads\/sites\/87\/2025\/07\/502dd894-cc84-4a8c-9184-ce87e8bb3407-300x200.jpeg",300,200,true],"medium_large":["https:\/\/portal.pi.gov.br\/seres\/wp-content\/uploads\/sites\/87\/2025\/07\/502dd894-cc84-4a8c-9184-ce87e8bb3407-768x512.jpeg",768,512,true],"large":["https:\/\/portal.pi.gov.br\/seres\/wp-content\/uploads\/sites\/87\/2025\/07\/502dd894-cc84-4a8c-9184-ce87e8bb3407-1024x683.jpeg",887,592,true],"sgg-420":["https:\/\/portal.pi.gov.br\/seres\/wp-content\/uploads\/sites\/87\/2025\/07\/502dd894-cc84-4a8c-9184-ce87e8bb3407-420x280.jpeg",420,280,true],"sgg-540":["https:\/\/portal.pi.gov.br\/seres\/wp-content\/uploads\/sites\/87\/2025\/07\/502dd894-cc84-4a8c-9184-ce87e8bb3407-540x360.jpeg",540,360,true],"sgg-780":["https:\/\/portal.pi.gov.br\/seres\/wp-content\/uploads\/sites\/87\/2025\/07\/502dd894-cc84-4a8c-9184-ce87e8bb3407-780x520.jpeg",780,520,true],"1536x1536":["https:\/\/portal.pi.gov.br\/seres\/wp-content\/uploads\/sites\/87\/2025\/07\/502dd894-cc84-4a8c-9184-ce87e8bb3407-1536x1024.jpeg",1536,1024,true],"2048x2048":["https:\/\/portal.pi.gov.br\/seres\/wp-content\/uploads\/sites\/87\/2025\/07\/502dd894-cc84-4a8c-9184-ce87e8bb3407-2048x1366.jpeg",2048,1366,true],"homepage-slider":["https:\/\/portal.pi.gov.br\/seres\/wp-content\/uploads\/sites\/87\/2025\/07\/502dd894-cc84-4a8c-9184-ce87e8bb3407-1270x500.jpeg",1270,500,true],"homepage-slider-small":["https:\/\/portal.pi.gov.br\/seres\/wp-content\/uploads\/sites\/87\/2025\/07\/502dd894-cc84-4a8c-9184-ce87e8bb3407-947x500.jpeg",947,500,true],"page-top":["https:\/\/portal.pi.gov.br\/seres\/wp-content\/uploads\/sites\/87\/2025\/07\/502dd894-cc84-4a8c-9184-ce87e8bb3407-947x631.jpeg",947,631,true],"page-small":["https:\/\/portal.pi.gov.br\/seres\/wp-content\/uploads\/sites\/87\/2025\/07\/502dd894-cc84-4a8c-9184-ce87e8bb3407-624x416.jpeg",624,416,true],"loop-main":["https:\/\/portal.pi.gov.br\/seres\/wp-content\/uploads\/sites\/87\/2025\/07\/502dd894-cc84-4a8c-9184-ce87e8bb3407-365x240.jpeg",365,240,true],"thumb-gallery-widget":["https:\/\/portal.pi.gov.br\/seres\/wp-content\/uploads\/sites\/87\/2025\/07\/502dd894-cc84-4a8c-9184-ce87e8bb3407-84x56.jpeg",84,56,true]},"post_excerpt_stackable_v2":"<p>Foram inaugurados o asfaltamento de ruas, a reforma e amplia\u00e7\u00e3o da Pra\u00e7a Gomes Calado e a constru\u00e7\u00e3o da Pra\u00e7a do Pescador. Nesta segunda-feira (30), a secret\u00e1ria N\u00fabia Lopes, juntamente com a comitiva do governador Rafael Fonteles, inauguraram asfaltamento de ruas, reforma e amplia\u00e7\u00e3o da Pra\u00e7a Gomes Calado e ainda a constru\u00e7\u00e3o da Pra\u00e7a do Pescador. Na oportunidade, tamb\u00e9m realizaram uma visita t\u00e9cnica a Central de Diagn\u00f3sticos, que deve ser inaugurada em julho, revolucionando o acesso \u00e0 sa\u00fade do munic\u00edpio, que est\u00e1 em festa na comemora\u00e7\u00e3o dos seus 71 anos. A \u00e1rea urbana da cidade foi contemplada com asfaltamento. O governador&hellip;<\/p>\n","category_list_v2":"<a href=\"https:\/\/portal.pi.gov.br\/seres\/category\/noticias\/\" rel=\"category tag\">Not\u00edcias<\/a>","author_info_v2":{"name":"alineraquel","url":"https:\/\/portal.pi.gov.br\/seres\/author\/alineraquel\/"},"comments_num_v2":"0 coment\u00e1rio","jetpack_featured_media_url":"https:\/\/portal.pi.gov.br\/seres\/wp-content\/uploads\/sites\/87\/2025\/07\/502dd894-cc84-4a8c-9184-ce87e8bb3407-scaled.jpeg","_links":{"self":[{"href":"https:\/\/portal.pi.gov.br\/seres\/wp-json\/wp\/v2\/posts\/3885"}],"collection":[{"href":"https:\/\/portal.pi.gov.br\/seres\/wp-json\/wp\/v2\/posts"}],"about":[{"href":"https:\/\/portal.pi.gov.br\/seres\/wp-json\/wp\/v2\/types\/post"}],"author":[{"embeddable":true,"href":"https:\/\/portal.pi.gov.br\/seres\/wp-json\/wp\/v2\/users\/1821"}],"replies":[{"embeddable":true,"href":"https:\/\/portal.pi.gov.br\/seres\/wp-json\/wp\/v2\/comments?post=3885"}],"version-history":[{"count":2,"href":"https:\/\/portal.pi.gov.br\/seres\/wp-json\/wp\/v2\/posts\/3885\/revisions"}],"predecessor-version":[{"id":3890,"href":"https:\/\/portal.pi.gov.br\/seres\/wp-json\/wp\/v2\/posts\/3885\/revisions\/3890"}],"wp:featuredmedia":[{"embeddable":true,"href":"https:\/\/portal.pi.gov.br\/seres\/wp-json\/wp\/v2\/media\/3873"}],"wp:attachment":[{"href":"https:\/\/portal.pi.gov.br\/seres\/wp-json\/wp\/v2\/media?parent=3885"}],"wp:term":[{"taxonomy":"category","embeddable":true,"href":"https:\/\/portal.pi.gov.br\/seres\/wp-json\/wp\/v2\/categories?post=3885"},{"taxonomy":"post_tag","embeddable":true,"href":"https:\/\/portal.pi.gov.br\/seres\/wp-json\/wp\/v2\/tags?post=3885"}],"curies":[{"name":"wp","href":"https:\/\/api.w.org\/{rel}","templated":true}]}}