{"id":3960,"date":"2025-07-10T17:10:53","date_gmt":"2025-07-10T20:10:53","guid":{"rendered":"https:\/\/portal.pi.gov.br\/seres\/?p=3960"},"modified":"2025-07-10T17:22:44","modified_gmt":"2025-07-10T20:22:44","slug":"dialogos-pelo-piaui-lideranca-em-destaque-leva-capacitacoes-para-fortalecer-politicas-publicas-em-paulistana","status":"publish","type":"post","link":"https:\/\/portal.pi.gov.br\/seres\/2025\/07\/10\/dialogos-pelo-piaui-lideranca-em-destaque-leva-capacitacoes-para-fortalecer-politicas-publicas-em-paulistana\/","title":{"rendered":"Di\u00e1logos pelo Piau\u00ed: &#8220;Lideran\u00e7a em Destaque&#8221; leva capacita\u00e7\u00f5es para fortalecer pol\u00edticas p\u00fablicas\u00a0em Paulistana"},"content":{"rendered":"\n<p><\/p>\n\n\n\n<p>O programa contribui com importantes a\u00e7\u00f5es de capacita\u00e7\u00e3o e di\u00e1logo diretamente com as comunidades, atrav\u00e9s de cursos e oficinas que abordam temas relevantes para as lideran\u00e7as locais.&nbsp;<\/p>\n\n\n\n<p><\/p>\n\n\n\n<figure class=\"wp-block-image size-large\"><img decoding=\"async\" loading=\"lazy\" width=\"1024\" height=\"768\" src=\"https:\/\/portal.pi.gov.br\/seres\/wp-content\/uploads\/sites\/87\/2025\/07\/e2b40a67-04f0-4415-97de-e1707dc1ab34-1024x768.jpeg\" alt=\"\" class=\"wp-image-3949\" srcset=\"https:\/\/portal.pi.gov.br\/seres\/wp-content\/uploads\/sites\/87\/2025\/07\/e2b40a67-04f0-4415-97de-e1707dc1ab34-1024x768.jpeg 1024w, https:\/\/portal.pi.gov.br\/seres\/wp-content\/uploads\/sites\/87\/2025\/07\/e2b40a67-04f0-4415-97de-e1707dc1ab34-300x225.jpeg 300w, https:\/\/portal.pi.gov.br\/seres\/wp-content\/uploads\/sites\/87\/2025\/07\/e2b40a67-04f0-4415-97de-e1707dc1ab34-768x576.jpeg 768w, https:\/\/portal.pi.gov.br\/seres\/wp-content\/uploads\/sites\/87\/2025\/07\/e2b40a67-04f0-4415-97de-e1707dc1ab34-420x315.jpeg 420w, https:\/\/portal.pi.gov.br\/seres\/wp-content\/uploads\/sites\/87\/2025\/07\/e2b40a67-04f0-4415-97de-e1707dc1ab34-540x405.jpeg 540w, https:\/\/portal.pi.gov.br\/seres\/wp-content\/uploads\/sites\/87\/2025\/07\/e2b40a67-04f0-4415-97de-e1707dc1ab34-780x585.jpeg 780w, https:\/\/portal.pi.gov.br\/seres\/wp-content\/uploads\/sites\/87\/2025\/07\/e2b40a67-04f0-4415-97de-e1707dc1ab34-1536x1152.jpeg 1536w, https:\/\/portal.pi.gov.br\/seres\/wp-content\/uploads\/sites\/87\/2025\/07\/e2b40a67-04f0-4415-97de-e1707dc1ab34-947x710.jpeg 947w, https:\/\/portal.pi.gov.br\/seres\/wp-content\/uploads\/sites\/87\/2025\/07\/e2b40a67-04f0-4415-97de-e1707dc1ab34-624x468.jpeg 624w, https:\/\/portal.pi.gov.br\/seres\/wp-content\/uploads\/sites\/87\/2025\/07\/e2b40a67-04f0-4415-97de-e1707dc1ab34.jpeg 1600w\" sizes=\"(max-width: 1024px) 100vw, 1024px\" \/><\/figure>\n\n\n\n<p><\/p>\n\n\n\n<p>Nesta quinta-feira (10) teve in\u00edcio a 5\u00aa edi\u00e7\u00e3o do projeto Di\u00e1logos pelo Piau\u00ed,&nbsp;desta vez, na cidade de Paulistana, no Territ\u00f3rio Chapada do Vale do Itaim. Um dos destaques da programa\u00e7\u00e3o, que acontece de 10 a 12 de julho, \u00e9 a realiza\u00e7\u00e3o do programa &#8220;Lideran\u00e7a em Destaque&#8221;, que \u00e9 desenvolvido pela Seres em parceria com a Sead, atrav\u00e9s da Escola de Governo, levando oficinas de capacita\u00e7\u00e3o que visam fortalecer as lideran\u00e7as locais, ampliar o acesso a pol\u00edticas p\u00fablicas e promover a forma\u00e7\u00e3o cidad\u00e3 em todo o territ\u00f3rio.<\/p>\n\n\n\n<p>As forma\u00e7\u00f5es foram realizadas na sede do IFPI de Paulistana. Pela manh\u00e3, foi realizada a oficina \u201cCapacita\u00e7\u00e3o para concorrer a editais p\u00fablicos\u201d, que teve como objetivo orientar lideran\u00e7as comunit\u00e1rias, sindicais e representantes de povos tradicionais sobre os caminhos para acessar recursos p\u00fablicos. J\u00e1 na parte da tarde, foi realizado o curso &#8220;T\u00e9cnicas em Comunica\u00e7\u00e3o Assertiva&#8221;, tamb\u00e9m destinado para lideran\u00e7as sindicais, comunit\u00e1rias, povos de terreiros, comunidades tradicionais quilombolas e ind\u00edgenas.<\/p>\n\n\n\n<p>O diretor de Rela\u00e7\u00f5es Sindicais da Seres, Josivaldo Martins, destacou a import\u00e2ncia do programa. &#8220;Aqui, hoje, n\u00f3s tivemos pela manh\u00e3 o curso de &#8220;Como acessar a editais p\u00fablicos&#8221;, esse curso \u00e9 voltado para as lideran\u00e7as das organiza\u00e7\u00f5es da sociedade civil, exatamente para potencializar para que eles possam acessar recursos p\u00fablicos atrav\u00e9s da boa elabora\u00e7\u00e3o de editais. Tivemos uma participa\u00e7\u00e3o muito forte de lideran\u00e7as do movimento negro, das comunidades tradicionais quilombolas. Tivemos tamb\u00e9m a participa\u00e7\u00e3o de agentes comunit\u00e1rios de sa\u00fade, conselheiros tutelares, lideran\u00e7as juvenis, sindicato rural, sindicatos urbanos, sindicatos dos servidores p\u00fablicos de Acau\u00e3, representantes do MPA, associa\u00e7\u00f5es comunit\u00e1rias e associa\u00e7\u00f5es de mulheres. E, agora a tarde, com o curso de &#8220;T\u00e9cnicas assertivas em comunica\u00e7\u00e3o&#8221;, que lotou a sala de aula, com uma excelente participa\u00e7\u00e3o popular. Importante dizer que o programa est\u00e1 sendo bem recebido pelas comunidades, pelas associa\u00e7\u00f5es e pelas organiza\u00e7\u00f5es da sociedade civil. Ent\u00e3o, para n\u00f3s, \u00e9 uma alegria muito grande saber que a Seres, atrav\u00e9s do Programa de Lideran\u00e7a em Destaque, est\u00e1 cumprindo essa tarefa t\u00e3o importante&#8221;, disse o diretor.<\/p>\n\n\n\n<p><\/p>\n\n\n\n<figure class=\"wp-block-image size-large is-resized\"><img decoding=\"async\" loading=\"lazy\" src=\"https:\/\/portal.pi.gov.br\/seres\/wp-content\/uploads\/sites\/87\/2025\/07\/b9ec8ec7-8988-4e1d-b24e-8281c42761e8-766x1024.jpeg\" alt=\"Diretor Josivaldo Martins \" class=\"wp-image-3961\" width=\"548\" height=\"733\" srcset=\"https:\/\/portal.pi.gov.br\/seres\/wp-content\/uploads\/sites\/87\/2025\/07\/b9ec8ec7-8988-4e1d-b24e-8281c42761e8-766x1024.jpeg 766w, https:\/\/portal.pi.gov.br\/seres\/wp-content\/uploads\/sites\/87\/2025\/07\/b9ec8ec7-8988-4e1d-b24e-8281c42761e8-224x300.jpeg 224w, https:\/\/portal.pi.gov.br\/seres\/wp-content\/uploads\/sites\/87\/2025\/07\/b9ec8ec7-8988-4e1d-b24e-8281c42761e8-768x1027.jpeg 768w, https:\/\/portal.pi.gov.br\/seres\/wp-content\/uploads\/sites\/87\/2025\/07\/b9ec8ec7-8988-4e1d-b24e-8281c42761e8-314x420.jpeg 314w, https:\/\/portal.pi.gov.br\/seres\/wp-content\/uploads\/sites\/87\/2025\/07\/b9ec8ec7-8988-4e1d-b24e-8281c42761e8-404x540.jpeg 404w, https:\/\/portal.pi.gov.br\/seres\/wp-content\/uploads\/sites\/87\/2025\/07\/b9ec8ec7-8988-4e1d-b24e-8281c42761e8-584x780.jpeg 584w, https:\/\/portal.pi.gov.br\/seres\/wp-content\/uploads\/sites\/87\/2025\/07\/b9ec8ec7-8988-4e1d-b24e-8281c42761e8-1149x1536.jpeg 1149w, https:\/\/portal.pi.gov.br\/seres\/wp-content\/uploads\/sites\/87\/2025\/07\/b9ec8ec7-8988-4e1d-b24e-8281c42761e8-947x1266.jpeg 947w, https:\/\/portal.pi.gov.br\/seres\/wp-content\/uploads\/sites\/87\/2025\/07\/b9ec8ec7-8988-4e1d-b24e-8281c42761e8-624x834.jpeg 624w, https:\/\/portal.pi.gov.br\/seres\/wp-content\/uploads\/sites\/87\/2025\/07\/b9ec8ec7-8988-4e1d-b24e-8281c42761e8.jpeg 1197w\" sizes=\"(max-width: 548px) 100vw, 548px\" \/><\/figure>\n\n\n\n<p><\/p>\n\n\n\n<p><\/p>\n\n\n\n<p>&#8220;Ministramos a oficina de como acessar a editais p\u00fablicos, onde capacitamos as lideran\u00e7as para que eles consigam organizar a documenta\u00e7\u00e3o, para que consigam compreender como fazer a leitura e a proposi\u00e7\u00e3o de projetos que possam contemplar as propostas das suas comunidades aqui do Vale do Itaim&#8221;, enfatizou a professora Luciana, da Escola de Governo.<\/p>\n\n\n\n<figure class=\"wp-block-image size-large\"><img decoding=\"async\" loading=\"lazy\" width=\"1024\" height=\"768\" src=\"https:\/\/portal.pi.gov.br\/seres\/wp-content\/uploads\/sites\/87\/2025\/07\/8d8c7250-8a78-4a74-b7da-c4bbefb5c7e5-1024x768.jpeg\" alt=\"\" class=\"wp-image-3943\" srcset=\"https:\/\/portal.pi.gov.br\/seres\/wp-content\/uploads\/sites\/87\/2025\/07\/8d8c7250-8a78-4a74-b7da-c4bbefb5c7e5-1024x768.jpeg 1024w, https:\/\/portal.pi.gov.br\/seres\/wp-content\/uploads\/sites\/87\/2025\/07\/8d8c7250-8a78-4a74-b7da-c4bbefb5c7e5-300x225.jpeg 300w, https:\/\/portal.pi.gov.br\/seres\/wp-content\/uploads\/sites\/87\/2025\/07\/8d8c7250-8a78-4a74-b7da-c4bbefb5c7e5-768x576.jpeg 768w, https:\/\/portal.pi.gov.br\/seres\/wp-content\/uploads\/sites\/87\/2025\/07\/8d8c7250-8a78-4a74-b7da-c4bbefb5c7e5-420x315.jpeg 420w, https:\/\/portal.pi.gov.br\/seres\/wp-content\/uploads\/sites\/87\/2025\/07\/8d8c7250-8a78-4a74-b7da-c4bbefb5c7e5-540x405.jpeg 540w, https:\/\/portal.pi.gov.br\/seres\/wp-content\/uploads\/sites\/87\/2025\/07\/8d8c7250-8a78-4a74-b7da-c4bbefb5c7e5-780x585.jpeg 780w, https:\/\/portal.pi.gov.br\/seres\/wp-content\/uploads\/sites\/87\/2025\/07\/8d8c7250-8a78-4a74-b7da-c4bbefb5c7e5-1536x1152.jpeg 1536w, https:\/\/portal.pi.gov.br\/seres\/wp-content\/uploads\/sites\/87\/2025\/07\/8d8c7250-8a78-4a74-b7da-c4bbefb5c7e5-947x710.jpeg 947w, https:\/\/portal.pi.gov.br\/seres\/wp-content\/uploads\/sites\/87\/2025\/07\/8d8c7250-8a78-4a74-b7da-c4bbefb5c7e5-624x468.jpeg 624w, https:\/\/portal.pi.gov.br\/seres\/wp-content\/uploads\/sites\/87\/2025\/07\/8d8c7250-8a78-4a74-b7da-c4bbefb5c7e5.jpeg 1600w\" sizes=\"(max-width: 1024px) 100vw, 1024px\" \/><\/figure>\n\n\n\n<p><\/p>\n\n\n\n<p><\/p>\n\n\n\n<p><\/p>\n\n\n\n<p>Jacirene Sousa, conselheira tutelar de Jacobina do Piau\u00ed, participou da oficina de comunica\u00e7\u00e3o assertiva e ressaltou a import\u00e2ncia da forma\u00e7\u00e3o para o exerc\u00edcio da fun\u00e7\u00e3o. \u201cEsses cursos s\u00e3o fundamentais para que possamos nos comunicar melhor e levar informa\u00e7\u00f5es de qualidade \u00e0 nossa popula\u00e7\u00e3o. Toda a equipe do conselho tutelar do nosso munic\u00edpio esteve presente porque viemos buscar conhecimento e nos fortalecer como grupo de trabalho\u201d, afirmou.<\/p>\n\n\n\n<p><\/p>\n\n\n\n<figure class=\"wp-block-image size-large\"><img decoding=\"async\" loading=\"lazy\" width=\"1024\" height=\"683\" src=\"https:\/\/portal.pi.gov.br\/seres\/wp-content\/uploads\/sites\/87\/2025\/07\/Dialogos-pelo-Piaui-1-1024x683.jpeg\" alt=\"\" class=\"wp-image-3952\" srcset=\"https:\/\/portal.pi.gov.br\/seres\/wp-content\/uploads\/sites\/87\/2025\/07\/Dialogos-pelo-Piaui-1-1024x683.jpeg 1024w, https:\/\/portal.pi.gov.br\/seres\/wp-content\/uploads\/sites\/87\/2025\/07\/Dialogos-pelo-Piaui-1-300x200.jpeg 300w, https:\/\/portal.pi.gov.br\/seres\/wp-content\/uploads\/sites\/87\/2025\/07\/Dialogos-pelo-Piaui-1-768x512.jpeg 768w, https:\/\/portal.pi.gov.br\/seres\/wp-content\/uploads\/sites\/87\/2025\/07\/Dialogos-pelo-Piaui-1-420x280.jpeg 420w, https:\/\/portal.pi.gov.br\/seres\/wp-content\/uploads\/sites\/87\/2025\/07\/Dialogos-pelo-Piaui-1-540x360.jpeg 540w, https:\/\/portal.pi.gov.br\/seres\/wp-content\/uploads\/sites\/87\/2025\/07\/Dialogos-pelo-Piaui-1-780x520.jpeg 780w, https:\/\/portal.pi.gov.br\/seres\/wp-content\/uploads\/sites\/87\/2025\/07\/Dialogos-pelo-Piaui-1-947x631.jpeg 947w, https:\/\/portal.pi.gov.br\/seres\/wp-content\/uploads\/sites\/87\/2025\/07\/Dialogos-pelo-Piaui-1-624x416.jpeg 624w, https:\/\/portal.pi.gov.br\/seres\/wp-content\/uploads\/sites\/87\/2025\/07\/Dialogos-pelo-Piaui-1-84x56.jpeg 84w, https:\/\/portal.pi.gov.br\/seres\/wp-content\/uploads\/sites\/87\/2025\/07\/Dialogos-pelo-Piaui-1.jpeg 1500w\" sizes=\"(max-width: 1024px) 100vw, 1024px\" \/><figcaption class=\"wp-element-caption\"><br><br>Jacirene Sousa\/<em>Foto: Francisco Gil\u00e1sio<\/em><\/figcaption><\/figure>\n\n\n\n<p><\/p>\n\n\n\n<p><\/p>\n\n\n\n<p>A presidente da Coovita (Cooperativa dos Produtores Rurais do Vale do Itaim), Susana Coelho, tamb\u00e9m integrou as atividades, participando da forma\u00e7\u00e3o sobre editais p\u00fablicos. \u201cA expectativa \u00e9 entender melhor como acessar esses editais e aplicar esse conhecimento na cooperativa. Isso pode ajudar a melhorar a renda dos produtores e dar mais estrutura aos nossos projetos\u201d, avaliou.<\/p>\n\n\n\n<p><\/p>\n\n\n\n<figure class=\"wp-block-image size-large\"><img decoding=\"async\" loading=\"lazy\" width=\"1024\" height=\"683\" src=\"https:\/\/portal.pi.gov.br\/seres\/wp-content\/uploads\/sites\/87\/2025\/07\/Dialogos-pelo-Piaui-4-1024x683.jpeg\" alt=\"\" class=\"wp-image-3962\" srcset=\"https:\/\/portal.pi.gov.br\/seres\/wp-content\/uploads\/sites\/87\/2025\/07\/Dialogos-pelo-Piaui-4-1024x683.jpeg 1024w, https:\/\/portal.pi.gov.br\/seres\/wp-content\/uploads\/sites\/87\/2025\/07\/Dialogos-pelo-Piaui-4-300x200.jpeg 300w, https:\/\/portal.pi.gov.br\/seres\/wp-content\/uploads\/sites\/87\/2025\/07\/Dialogos-pelo-Piaui-4-768x512.jpeg 768w, https:\/\/portal.pi.gov.br\/seres\/wp-content\/uploads\/sites\/87\/2025\/07\/Dialogos-pelo-Piaui-4-420x280.jpeg 420w, https:\/\/portal.pi.gov.br\/seres\/wp-content\/uploads\/sites\/87\/2025\/07\/Dialogos-pelo-Piaui-4-540x360.jpeg 540w, https:\/\/portal.pi.gov.br\/seres\/wp-content\/uploads\/sites\/87\/2025\/07\/Dialogos-pelo-Piaui-4-780x520.jpeg 780w, https:\/\/portal.pi.gov.br\/seres\/wp-content\/uploads\/sites\/87\/2025\/07\/Dialogos-pelo-Piaui-4-947x631.jpeg 947w, https:\/\/portal.pi.gov.br\/seres\/wp-content\/uploads\/sites\/87\/2025\/07\/Dialogos-pelo-Piaui-4-624x416.jpeg 624w, https:\/\/portal.pi.gov.br\/seres\/wp-content\/uploads\/sites\/87\/2025\/07\/Dialogos-pelo-Piaui-4-84x56.jpeg 84w, https:\/\/portal.pi.gov.br\/seres\/wp-content\/uploads\/sites\/87\/2025\/07\/Dialogos-pelo-Piaui-4.jpeg 1500w\" sizes=\"(max-width: 1024px) 100vw, 1024px\" \/><figcaption class=\"wp-element-caption\"><br><br>Susana Coelho\/<em>Foto: Francisco Gil\u00e1sio<\/em><\/figcaption><\/figure>\n\n\n\n<p><\/p>\n\n\n\n<p><\/p>\n\n\n\n<figure class=\"wp-block-gallery has-nested-images columns-default is-cropped wp-block-gallery-1 is-layout-flex\">\n<figure class=\"wp-block-image size-large\"><img decoding=\"async\" loading=\"lazy\" width=\"768\" height=\"1024\" data-id=\"3946\"  src=\"https:\/\/portal.pi.gov.br\/seres\/wp-content\/uploads\/sites\/87\/2025\/07\/8747ea21-1704-407a-b31f-28caf1d379d4-768x1024.jpeg\" alt=\"\" class=\"wp-image-3946\" srcset=\"https:\/\/portal.pi.gov.br\/seres\/wp-content\/uploads\/sites\/87\/2025\/07\/8747ea21-1704-407a-b31f-28caf1d379d4-768x1024.jpeg 768w, https:\/\/portal.pi.gov.br\/seres\/wp-content\/uploads\/sites\/87\/2025\/07\/8747ea21-1704-407a-b31f-28caf1d379d4-225x300.jpeg 225w, https:\/\/portal.pi.gov.br\/seres\/wp-content\/uploads\/sites\/87\/2025\/07\/8747ea21-1704-407a-b31f-28caf1d379d4-315x420.jpeg 315w, https:\/\/portal.pi.gov.br\/seres\/wp-content\/uploads\/sites\/87\/2025\/07\/8747ea21-1704-407a-b31f-28caf1d379d4-405x540.jpeg 405w, https:\/\/portal.pi.gov.br\/seres\/wp-content\/uploads\/sites\/87\/2025\/07\/8747ea21-1704-407a-b31f-28caf1d379d4-585x780.jpeg 585w, https:\/\/portal.pi.gov.br\/seres\/wp-content\/uploads\/sites\/87\/2025\/07\/8747ea21-1704-407a-b31f-28caf1d379d4-1152x1536.jpeg 1152w, https:\/\/portal.pi.gov.br\/seres\/wp-content\/uploads\/sites\/87\/2025\/07\/8747ea21-1704-407a-b31f-28caf1d379d4-947x1263.jpeg 947w, https:\/\/portal.pi.gov.br\/seres\/wp-content\/uploads\/sites\/87\/2025\/07\/8747ea21-1704-407a-b31f-28caf1d379d4-624x832.jpeg 624w, https:\/\/portal.pi.gov.br\/seres\/wp-content\/uploads\/sites\/87\/2025\/07\/8747ea21-1704-407a-b31f-28caf1d379d4.jpeg 1200w\" sizes=\"(max-width: 768px) 100vw, 768px\" \/><\/figure>\n\n\n\n<figure class=\"wp-block-image size-large\"><img decoding=\"async\" loading=\"lazy\" width=\"768\" height=\"1024\" data-id=\"3945\"  src=\"https:\/\/portal.pi.gov.br\/seres\/wp-content\/uploads\/sites\/87\/2025\/07\/6512ec8c-b3d4-4aba-b229-183db0cb729b-768x1024.jpeg\" alt=\"\" class=\"wp-image-3945\" srcset=\"https:\/\/portal.pi.gov.br\/seres\/wp-content\/uploads\/sites\/87\/2025\/07\/6512ec8c-b3d4-4aba-b229-183db0cb729b-768x1024.jpeg 768w, https:\/\/portal.pi.gov.br\/seres\/wp-content\/uploads\/sites\/87\/2025\/07\/6512ec8c-b3d4-4aba-b229-183db0cb729b-225x300.jpeg 225w, https:\/\/portal.pi.gov.br\/seres\/wp-content\/uploads\/sites\/87\/2025\/07\/6512ec8c-b3d4-4aba-b229-183db0cb729b-315x420.jpeg 315w, https:\/\/portal.pi.gov.br\/seres\/wp-content\/uploads\/sites\/87\/2025\/07\/6512ec8c-b3d4-4aba-b229-183db0cb729b-405x540.jpeg 405w, https:\/\/portal.pi.gov.br\/seres\/wp-content\/uploads\/sites\/87\/2025\/07\/6512ec8c-b3d4-4aba-b229-183db0cb729b-585x780.jpeg 585w, https:\/\/portal.pi.gov.br\/seres\/wp-content\/uploads\/sites\/87\/2025\/07\/6512ec8c-b3d4-4aba-b229-183db0cb729b-1152x1536.jpeg 1152w, https:\/\/portal.pi.gov.br\/seres\/wp-content\/uploads\/sites\/87\/2025\/07\/6512ec8c-b3d4-4aba-b229-183db0cb729b-947x1263.jpeg 947w, https:\/\/portal.pi.gov.br\/seres\/wp-content\/uploads\/sites\/87\/2025\/07\/6512ec8c-b3d4-4aba-b229-183db0cb729b-624x832.jpeg 624w, https:\/\/portal.pi.gov.br\/seres\/wp-content\/uploads\/sites\/87\/2025\/07\/6512ec8c-b3d4-4aba-b229-183db0cb729b.jpeg 1200w\" sizes=\"(max-width: 768px) 100vw, 768px\" \/><\/figure>\n\n\n\n<figure class=\"wp-block-image size-large\"><img decoding=\"async\" loading=\"lazy\" width=\"1024\" height=\"768\" data-id=\"3944\"  src=\"https:\/\/portal.pi.gov.br\/seres\/wp-content\/uploads\/sites\/87\/2025\/07\/66c2f70c-6997-468b-9800-8bd371042db9-1024x768.jpeg\" alt=\"\" class=\"wp-image-3944\" srcset=\"https:\/\/portal.pi.gov.br\/seres\/wp-content\/uploads\/sites\/87\/2025\/07\/66c2f70c-6997-468b-9800-8bd371042db9-1024x768.jpeg 1024w, https:\/\/portal.pi.gov.br\/seres\/wp-content\/uploads\/sites\/87\/2025\/07\/66c2f70c-6997-468b-9800-8bd371042db9-300x225.jpeg 300w, https:\/\/portal.pi.gov.br\/seres\/wp-content\/uploads\/sites\/87\/2025\/07\/66c2f70c-6997-468b-9800-8bd371042db9-768x576.jpeg 768w, https:\/\/portal.pi.gov.br\/seres\/wp-content\/uploads\/sites\/87\/2025\/07\/66c2f70c-6997-468b-9800-8bd371042db9-420x315.jpeg 420w, https:\/\/portal.pi.gov.br\/seres\/wp-content\/uploads\/sites\/87\/2025\/07\/66c2f70c-6997-468b-9800-8bd371042db9-540x405.jpeg 540w, https:\/\/portal.pi.gov.br\/seres\/wp-content\/uploads\/sites\/87\/2025\/07\/66c2f70c-6997-468b-9800-8bd371042db9-780x585.jpeg 780w, https:\/\/portal.pi.gov.br\/seres\/wp-content\/uploads\/sites\/87\/2025\/07\/66c2f70c-6997-468b-9800-8bd371042db9-1536x1152.jpeg 1536w, https:\/\/portal.pi.gov.br\/seres\/wp-content\/uploads\/sites\/87\/2025\/07\/66c2f70c-6997-468b-9800-8bd371042db9-947x710.jpeg 947w, https:\/\/portal.pi.gov.br\/seres\/wp-content\/uploads\/sites\/87\/2025\/07\/66c2f70c-6997-468b-9800-8bd371042db9-624x468.jpeg 624w, https:\/\/portal.pi.gov.br\/seres\/wp-content\/uploads\/sites\/87\/2025\/07\/66c2f70c-6997-468b-9800-8bd371042db9.jpeg 1600w\" sizes=\"(max-width: 1024px) 100vw, 1024px\" \/><\/figure>\n\n\n\n<figure class=\"wp-block-image size-large\"><img decoding=\"async\" loading=\"lazy\" width=\"1024\" height=\"768\" data-id=\"3940\"  src=\"https:\/\/portal.pi.gov.br\/seres\/wp-content\/uploads\/sites\/87\/2025\/07\/1ee3b931-3894-469e-9757-1977b03b7e56-1024x768.jpeg\" alt=\"\" class=\"wp-image-3940\" srcset=\"https:\/\/portal.pi.gov.br\/seres\/wp-content\/uploads\/sites\/87\/2025\/07\/1ee3b931-3894-469e-9757-1977b03b7e56-1024x768.jpeg 1024w, https:\/\/portal.pi.gov.br\/seres\/wp-content\/uploads\/sites\/87\/2025\/07\/1ee3b931-3894-469e-9757-1977b03b7e56-300x225.jpeg 300w, https:\/\/portal.pi.gov.br\/seres\/wp-content\/uploads\/sites\/87\/2025\/07\/1ee3b931-3894-469e-9757-1977b03b7e56-768x576.jpeg 768w, https:\/\/portal.pi.gov.br\/seres\/wp-content\/uploads\/sites\/87\/2025\/07\/1ee3b931-3894-469e-9757-1977b03b7e56-420x315.jpeg 420w, https:\/\/portal.pi.gov.br\/seres\/wp-content\/uploads\/sites\/87\/2025\/07\/1ee3b931-3894-469e-9757-1977b03b7e56-540x405.jpeg 540w, https:\/\/portal.pi.gov.br\/seres\/wp-content\/uploads\/sites\/87\/2025\/07\/1ee3b931-3894-469e-9757-1977b03b7e56-780x585.jpeg 780w, https:\/\/portal.pi.gov.br\/seres\/wp-content\/uploads\/sites\/87\/2025\/07\/1ee3b931-3894-469e-9757-1977b03b7e56-1536x1152.jpeg 1536w, https:\/\/portal.pi.gov.br\/seres\/wp-content\/uploads\/sites\/87\/2025\/07\/1ee3b931-3894-469e-9757-1977b03b7e56-947x710.jpeg 947w, https:\/\/portal.pi.gov.br\/seres\/wp-content\/uploads\/sites\/87\/2025\/07\/1ee3b931-3894-469e-9757-1977b03b7e56-624x468.jpeg 624w, https:\/\/portal.pi.gov.br\/seres\/wp-content\/uploads\/sites\/87\/2025\/07\/1ee3b931-3894-469e-9757-1977b03b7e56.jpeg 1600w\" sizes=\"(max-width: 1024px) 100vw, 1024px\" \/><\/figure>\n\n\n\n<figure class=\"wp-block-image size-large\"><img decoding=\"async\" loading=\"lazy\" width=\"1024\" height=\"768\" data-id=\"3942\"  src=\"https:\/\/portal.pi.gov.br\/seres\/wp-content\/uploads\/sites\/87\/2025\/07\/7ca0972d-b28d-4a64-b5d0-fd103538c937-1024x768.jpeg\" alt=\"\" class=\"wp-image-3942\" srcset=\"https:\/\/portal.pi.gov.br\/seres\/wp-content\/uploads\/sites\/87\/2025\/07\/7ca0972d-b28d-4a64-b5d0-fd103538c937-1024x768.jpeg 1024w, https:\/\/portal.pi.gov.br\/seres\/wp-content\/uploads\/sites\/87\/2025\/07\/7ca0972d-b28d-4a64-b5d0-fd103538c937-300x225.jpeg 300w, https:\/\/portal.pi.gov.br\/seres\/wp-content\/uploads\/sites\/87\/2025\/07\/7ca0972d-b28d-4a64-b5d0-fd103538c937-768x576.jpeg 768w, https:\/\/portal.pi.gov.br\/seres\/wp-content\/uploads\/sites\/87\/2025\/07\/7ca0972d-b28d-4a64-b5d0-fd103538c937-420x315.jpeg 420w, https:\/\/portal.pi.gov.br\/seres\/wp-content\/uploads\/sites\/87\/2025\/07\/7ca0972d-b28d-4a64-b5d0-fd103538c937-540x405.jpeg 540w, https:\/\/portal.pi.gov.br\/seres\/wp-content\/uploads\/sites\/87\/2025\/07\/7ca0972d-b28d-4a64-b5d0-fd103538c937-780x585.jpeg 780w, https:\/\/portal.pi.gov.br\/seres\/wp-content\/uploads\/sites\/87\/2025\/07\/7ca0972d-b28d-4a64-b5d0-fd103538c937-1536x1152.jpeg 1536w, https:\/\/portal.pi.gov.br\/seres\/wp-content\/uploads\/sites\/87\/2025\/07\/7ca0972d-b28d-4a64-b5d0-fd103538c937-947x710.jpeg 947w, https:\/\/portal.pi.gov.br\/seres\/wp-content\/uploads\/sites\/87\/2025\/07\/7ca0972d-b28d-4a64-b5d0-fd103538c937-624x468.jpeg 624w, https:\/\/portal.pi.gov.br\/seres\/wp-content\/uploads\/sites\/87\/2025\/07\/7ca0972d-b28d-4a64-b5d0-fd103538c937.jpeg 1600w\" sizes=\"(max-width: 1024px) 100vw, 1024px\" \/><\/figure>\n\n\n\n<figure class=\"wp-block-image size-large\"><img decoding=\"async\" loading=\"lazy\" width=\"1024\" height=\"768\" data-id=\"3947\"  src=\"https:\/\/portal.pi.gov.br\/seres\/wp-content\/uploads\/sites\/87\/2025\/07\/a84ea5ef-f1d5-45ad-8540-2a8b6d2f1afd-1024x768.jpeg\" alt=\"\" class=\"wp-image-3947\" srcset=\"https:\/\/portal.pi.gov.br\/seres\/wp-content\/uploads\/sites\/87\/2025\/07\/a84ea5ef-f1d5-45ad-8540-2a8b6d2f1afd-1024x768.jpeg 1024w, https:\/\/portal.pi.gov.br\/seres\/wp-content\/uploads\/sites\/87\/2025\/07\/a84ea5ef-f1d5-45ad-8540-2a8b6d2f1afd-300x225.jpeg 300w, https:\/\/portal.pi.gov.br\/seres\/wp-content\/uploads\/sites\/87\/2025\/07\/a84ea5ef-f1d5-45ad-8540-2a8b6d2f1afd-768x576.jpeg 768w, https:\/\/portal.pi.gov.br\/seres\/wp-content\/uploads\/sites\/87\/2025\/07\/a84ea5ef-f1d5-45ad-8540-2a8b6d2f1afd-420x315.jpeg 420w, https:\/\/portal.pi.gov.br\/seres\/wp-content\/uploads\/sites\/87\/2025\/07\/a84ea5ef-f1d5-45ad-8540-2a8b6d2f1afd-540x405.jpeg 540w, https:\/\/portal.pi.gov.br\/seres\/wp-content\/uploads\/sites\/87\/2025\/07\/a84ea5ef-f1d5-45ad-8540-2a8b6d2f1afd-780x585.jpeg 780w, https:\/\/portal.pi.gov.br\/seres\/wp-content\/uploads\/sites\/87\/2025\/07\/a84ea5ef-f1d5-45ad-8540-2a8b6d2f1afd-1536x1152.jpeg 1536w, https:\/\/portal.pi.gov.br\/seres\/wp-content\/uploads\/sites\/87\/2025\/07\/a84ea5ef-f1d5-45ad-8540-2a8b6d2f1afd-947x710.jpeg 947w, https:\/\/portal.pi.gov.br\/seres\/wp-content\/uploads\/sites\/87\/2025\/07\/a84ea5ef-f1d5-45ad-8540-2a8b6d2f1afd-624x468.jpeg 624w, https:\/\/portal.pi.gov.br\/seres\/wp-content\/uploads\/sites\/87\/2025\/07\/a84ea5ef-f1d5-45ad-8540-2a8b6d2f1afd.jpeg 1600w\" sizes=\"(max-width: 1024px) 100vw, 1024px\" \/><\/figure>\n\n\n\n<figure class=\"wp-block-image size-large\"><img decoding=\"async\" loading=\"lazy\" width=\"1024\" height=\"768\" data-id=\"3948\"  src=\"https:\/\/portal.pi.gov.br\/seres\/wp-content\/uploads\/sites\/87\/2025\/07\/da5e6231-3180-4f83-8237-09d7af3fe937-1024x768.jpeg\" alt=\"\" class=\"wp-image-3948\" srcset=\"https:\/\/portal.pi.gov.br\/seres\/wp-content\/uploads\/sites\/87\/2025\/07\/da5e6231-3180-4f83-8237-09d7af3fe937-1024x768.jpeg 1024w, https:\/\/portal.pi.gov.br\/seres\/wp-content\/uploads\/sites\/87\/2025\/07\/da5e6231-3180-4f83-8237-09d7af3fe937-300x225.jpeg 300w, https:\/\/portal.pi.gov.br\/seres\/wp-content\/uploads\/sites\/87\/2025\/07\/da5e6231-3180-4f83-8237-09d7af3fe937-768x576.jpeg 768w, https:\/\/portal.pi.gov.br\/seres\/wp-content\/uploads\/sites\/87\/2025\/07\/da5e6231-3180-4f83-8237-09d7af3fe937-420x315.jpeg 420w, https:\/\/portal.pi.gov.br\/seres\/wp-content\/uploads\/sites\/87\/2025\/07\/da5e6231-3180-4f83-8237-09d7af3fe937-540x405.jpeg 540w, https:\/\/portal.pi.gov.br\/seres\/wp-content\/uploads\/sites\/87\/2025\/07\/da5e6231-3180-4f83-8237-09d7af3fe937-780x585.jpeg 780w, https:\/\/portal.pi.gov.br\/seres\/wp-content\/uploads\/sites\/87\/2025\/07\/da5e6231-3180-4f83-8237-09d7af3fe937-1536x1152.jpeg 1536w, https:\/\/portal.pi.gov.br\/seres\/wp-content\/uploads\/sites\/87\/2025\/07\/da5e6231-3180-4f83-8237-09d7af3fe937-947x710.jpeg 947w, https:\/\/portal.pi.gov.br\/seres\/wp-content\/uploads\/sites\/87\/2025\/07\/da5e6231-3180-4f83-8237-09d7af3fe937-624x468.jpeg 624w, https:\/\/portal.pi.gov.br\/seres\/wp-content\/uploads\/sites\/87\/2025\/07\/da5e6231-3180-4f83-8237-09d7af3fe937.jpeg 1600w\" sizes=\"(max-width: 1024px) 100vw, 1024px\" \/><\/figure>\n\n\n\n<figure class=\"wp-block-image size-large\"><img decoding=\"async\" loading=\"lazy\" width=\"768\" height=\"1024\" data-id=\"3950\"  src=\"https:\/\/portal.pi.gov.br\/seres\/wp-content\/uploads\/sites\/87\/2025\/07\/f3de9dfa-bb30-45a6-971b-81dbd69c337c-768x1024.jpeg\" alt=\"\" class=\"wp-image-3950\" srcset=\"https:\/\/portal.pi.gov.br\/seres\/wp-content\/uploads\/sites\/87\/2025\/07\/f3de9dfa-bb30-45a6-971b-81dbd69c337c-768x1024.jpeg 768w, https:\/\/portal.pi.gov.br\/seres\/wp-content\/uploads\/sites\/87\/2025\/07\/f3de9dfa-bb30-45a6-971b-81dbd69c337c-225x300.jpeg 225w, https:\/\/portal.pi.gov.br\/seres\/wp-content\/uploads\/sites\/87\/2025\/07\/f3de9dfa-bb30-45a6-971b-81dbd69c337c-315x420.jpeg 315w, https:\/\/portal.pi.gov.br\/seres\/wp-content\/uploads\/sites\/87\/2025\/07\/f3de9dfa-bb30-45a6-971b-81dbd69c337c-405x540.jpeg 405w, https:\/\/portal.pi.gov.br\/seres\/wp-content\/uploads\/sites\/87\/2025\/07\/f3de9dfa-bb30-45a6-971b-81dbd69c337c-585x780.jpeg 585w, https:\/\/portal.pi.gov.br\/seres\/wp-content\/uploads\/sites\/87\/2025\/07\/f3de9dfa-bb30-45a6-971b-81dbd69c337c-1152x1536.jpeg 1152w, https:\/\/portal.pi.gov.br\/seres\/wp-content\/uploads\/sites\/87\/2025\/07\/f3de9dfa-bb30-45a6-971b-81dbd69c337c-947x1263.jpeg 947w, https:\/\/portal.pi.gov.br\/seres\/wp-content\/uploads\/sites\/87\/2025\/07\/f3de9dfa-bb30-45a6-971b-81dbd69c337c-624x832.jpeg 624w, https:\/\/portal.pi.gov.br\/seres\/wp-content\/uploads\/sites\/87\/2025\/07\/f3de9dfa-bb30-45a6-971b-81dbd69c337c.jpeg 1200w\" sizes=\"(max-width: 768px) 100vw, 768px\" \/><\/figure>\n\n\n\n<figure class=\"wp-block-image size-large\"><img decoding=\"async\" loading=\"lazy\" width=\"1024\" height=\"768\" data-id=\"3951\"  src=\"https:\/\/portal.pi.gov.br\/seres\/wp-content\/uploads\/sites\/87\/2025\/07\/fc3b6334-f93d-42a5-9be0-465ef0a652f0-1024x768.jpeg\" alt=\"\" class=\"wp-image-3951\" srcset=\"https:\/\/portal.pi.gov.br\/seres\/wp-content\/uploads\/sites\/87\/2025\/07\/fc3b6334-f93d-42a5-9be0-465ef0a652f0-1024x768.jpeg 1024w, https:\/\/portal.pi.gov.br\/seres\/wp-content\/uploads\/sites\/87\/2025\/07\/fc3b6334-f93d-42a5-9be0-465ef0a652f0-300x225.jpeg 300w, https:\/\/portal.pi.gov.br\/seres\/wp-content\/uploads\/sites\/87\/2025\/07\/fc3b6334-f93d-42a5-9be0-465ef0a652f0-768x576.jpeg 768w, https:\/\/portal.pi.gov.br\/seres\/wp-content\/uploads\/sites\/87\/2025\/07\/fc3b6334-f93d-42a5-9be0-465ef0a652f0-420x315.jpeg 420w, https:\/\/portal.pi.gov.br\/seres\/wp-content\/uploads\/sites\/87\/2025\/07\/fc3b6334-f93d-42a5-9be0-465ef0a652f0-540x405.jpeg 540w, https:\/\/portal.pi.gov.br\/seres\/wp-content\/uploads\/sites\/87\/2025\/07\/fc3b6334-f93d-42a5-9be0-465ef0a652f0-780x585.jpeg 780w, https:\/\/portal.pi.gov.br\/seres\/wp-content\/uploads\/sites\/87\/2025\/07\/fc3b6334-f93d-42a5-9be0-465ef0a652f0-1536x1152.jpeg 1536w, https:\/\/portal.pi.gov.br\/seres\/wp-content\/uploads\/sites\/87\/2025\/07\/fc3b6334-f93d-42a5-9be0-465ef0a652f0-947x710.jpeg 947w, https:\/\/portal.pi.gov.br\/seres\/wp-content\/uploads\/sites\/87\/2025\/07\/fc3b6334-f93d-42a5-9be0-465ef0a652f0-624x468.jpeg 624w, https:\/\/portal.pi.gov.br\/seres\/wp-content\/uploads\/sites\/87\/2025\/07\/fc3b6334-f93d-42a5-9be0-465ef0a652f0.jpeg 1600w\" sizes=\"(max-width: 1024px) 100vw, 1024px\" \/><\/figure>\n<\/figure>\n\n\n\n<figure class=\"wp-block-gallery has-nested-images columns-default is-cropped wp-block-gallery-3 is-layout-flex\"><\/figure>\n\n\n\n<figure class=\"wp-block-gallery has-nested-images columns-default is-cropped wp-block-gallery-5 is-layout-flex\">\n<figure class=\"wp-block-image size-large\"><img decoding=\"async\" loading=\"lazy\" width=\"766\" height=\"1024\" data-id=\"3963\"  src=\"https:\/\/portal.pi.gov.br\/seres\/wp-content\/uploads\/sites\/87\/2025\/07\/a481e1bc-bc95-42e9-b86d-590a4ddc04d5-766x1024.jpeg\" alt=\"\" class=\"wp-image-3963\" srcset=\"https:\/\/portal.pi.gov.br\/seres\/wp-content\/uploads\/sites\/87\/2025\/07\/a481e1bc-bc95-42e9-b86d-590a4ddc04d5-766x1024.jpeg 766w, https:\/\/portal.pi.gov.br\/seres\/wp-content\/uploads\/sites\/87\/2025\/07\/a481e1bc-bc95-42e9-b86d-590a4ddc04d5-224x300.jpeg 224w, https:\/\/portal.pi.gov.br\/seres\/wp-content\/uploads\/sites\/87\/2025\/07\/a481e1bc-bc95-42e9-b86d-590a4ddc04d5-768x1027.jpeg 768w, https:\/\/portal.pi.gov.br\/seres\/wp-content\/uploads\/sites\/87\/2025\/07\/a481e1bc-bc95-42e9-b86d-590a4ddc04d5-314x420.jpeg 314w, https:\/\/portal.pi.gov.br\/seres\/wp-content\/uploads\/sites\/87\/2025\/07\/a481e1bc-bc95-42e9-b86d-590a4ddc04d5-404x540.jpeg 404w, https:\/\/portal.pi.gov.br\/seres\/wp-content\/uploads\/sites\/87\/2025\/07\/a481e1bc-bc95-42e9-b86d-590a4ddc04d5-584x780.jpeg 584w, https:\/\/portal.pi.gov.br\/seres\/wp-content\/uploads\/sites\/87\/2025\/07\/a481e1bc-bc95-42e9-b86d-590a4ddc04d5-1149x1536.jpeg 1149w, https:\/\/portal.pi.gov.br\/seres\/wp-content\/uploads\/sites\/87\/2025\/07\/a481e1bc-bc95-42e9-b86d-590a4ddc04d5-947x1266.jpeg 947w, https:\/\/portal.pi.gov.br\/seres\/wp-content\/uploads\/sites\/87\/2025\/07\/a481e1bc-bc95-42e9-b86d-590a4ddc04d5-624x834.jpeg 624w, https:\/\/portal.pi.gov.br\/seres\/wp-content\/uploads\/sites\/87\/2025\/07\/a481e1bc-bc95-42e9-b86d-590a4ddc04d5.jpeg 1197w\" sizes=\"(max-width: 766px) 100vw, 766px\" \/><\/figure>\n\n\n\n<figure class=\"wp-block-image size-large\"><img decoding=\"async\" loading=\"lazy\" width=\"768\" height=\"1024\" data-id=\"3964\"  src=\"https:\/\/portal.pi.gov.br\/seres\/wp-content\/uploads\/sites\/87\/2025\/07\/ac7eb3b4-8747-4b19-b0b5-032e06c5302a-768x1024.jpeg\" alt=\"\" class=\"wp-image-3964\" srcset=\"https:\/\/portal.pi.gov.br\/seres\/wp-content\/uploads\/sites\/87\/2025\/07\/ac7eb3b4-8747-4b19-b0b5-032e06c5302a-768x1024.jpeg 768w, https:\/\/portal.pi.gov.br\/seres\/wp-content\/uploads\/sites\/87\/2025\/07\/ac7eb3b4-8747-4b19-b0b5-032e06c5302a-225x300.jpeg 225w, https:\/\/portal.pi.gov.br\/seres\/wp-content\/uploads\/sites\/87\/2025\/07\/ac7eb3b4-8747-4b19-b0b5-032e06c5302a-315x420.jpeg 315w, https:\/\/portal.pi.gov.br\/seres\/wp-content\/uploads\/sites\/87\/2025\/07\/ac7eb3b4-8747-4b19-b0b5-032e06c5302a-405x540.jpeg 405w, https:\/\/portal.pi.gov.br\/seres\/wp-content\/uploads\/sites\/87\/2025\/07\/ac7eb3b4-8747-4b19-b0b5-032e06c5302a-585x780.jpeg 585w, https:\/\/portal.pi.gov.br\/seres\/wp-content\/uploads\/sites\/87\/2025\/07\/ac7eb3b4-8747-4b19-b0b5-032e06c5302a-1152x1536.jpeg 1152w, https:\/\/portal.pi.gov.br\/seres\/wp-content\/uploads\/sites\/87\/2025\/07\/ac7eb3b4-8747-4b19-b0b5-032e06c5302a-947x1263.jpeg 947w, https:\/\/portal.pi.gov.br\/seres\/wp-content\/uploads\/sites\/87\/2025\/07\/ac7eb3b4-8747-4b19-b0b5-032e06c5302a-624x832.jpeg 624w, https:\/\/portal.pi.gov.br\/seres\/wp-content\/uploads\/sites\/87\/2025\/07\/ac7eb3b4-8747-4b19-b0b5-032e06c5302a.jpeg 1200w\" sizes=\"(max-width: 768px) 100vw, 768px\" \/><\/figure>\n<\/figure>\n\n\n\n<p><\/p>\n\n\n\n<p><\/p>\n\n\n\n<p><\/p>\n\n\n\n<p><strong>Confira a programa\u00e7\u00e3o completa do Di\u00e1logos pelo Piau\u00ed em Paulistana<\/strong>:<\/p>\n\n\n\n<ul>\n<li>Capacita\u00e7\u00f5es Setoriais<\/li>\n<\/ul>\n\n\n\n<p>10\/07 (quinta-feira)Turno da manh\u00e3 e da tarde no Campus do IFPI<br>Oficinas voltadas \u00e0 qualifica\u00e7\u00e3o de agentes p\u00fablicos, lideran\u00e7as comunit\u00e1rias e profissionais locais.<\/p>\n\n\n\n<ul>\n<li><strong>Feira de Servi\u00e7os<\/strong><\/li>\n<\/ul>\n\n\n\n<p>11\/07 (sexta-feira)Das 8h \u00e0s 17h na Pra\u00e7a Padre Jo\u00e3o Pedro<br>Atendimentos gratuitos \u00e0 popula\u00e7\u00e3o com servi\u00e7os de cidadania, sa\u00fade, orienta\u00e7\u00e3o e capacita\u00e7\u00e3o.<\/p>\n\n\n\n<ul>\n<li><strong>Oficinas T\u00e9cnicas de Revis\u00e3o do PPA 2024\u20132027<\/strong><\/li>\n<\/ul>\n\n\n\n<p>11\/07 (sexta-feira)Das 13h \u00e0s 18h no Campus do IFPI<br>Debates t\u00e9cnicos sobre as prioridades do Territ\u00f3rio para os pr\u00f3ximos anos.<\/p>\n\n\n\n<ul>\n<li><strong>Plen\u00e1ria com o Governador Rafael Fonteles<\/strong><\/li>\n<\/ul>\n\n\n\n<p>12\/07 (s\u00e1bado)10h30 no Campus do IFPI<br>Apresenta\u00e7\u00e3o das propostas debatidas e momento de escuta direta entre governo e popula\u00e7\u00e3o.<\/p>\n\n\n\n<p> <\/p>\n\n\n\n<p><\/p>\n\n\n\n<p>Com informa\u00e7\u00f5es do rep\u00f3rter <strong>Bruno Pinheiro<\/strong>\/CCOM<\/p>\n","protected":false},"excerpt":{"rendered":"<p>O programa contribui com importantes a\u00e7\u00f5es de capacita\u00e7\u00e3o e di\u00e1logo diretamente com as comunidades, atrav\u00e9s de cursos e oficinas que abordam temas relevantes para as lideran\u00e7as locais.&nbsp; Nesta quinta-feira (10) [&hellip;]<\/p>\n","protected":false},"author":1821,"featured_media":3941,"comment_status":"closed","ping_status":"closed","sticky":true,"template":"","format":"standard","meta":[],"categories":[34],"tags":[47,41],"featured_image_urls":{"full":["https:\/\/portal.pi.gov.br\/seres\/wp-content\/uploads\/sites\/87\/2025\/07\/3a8ef26a-846a-4158-9c9e-0f1dcd058c3e.jpeg",1600,1056,false],"thumbnail":["https:\/\/portal.pi.gov.br\/seres\/wp-content\/uploads\/sites\/87\/2025\/07\/3a8ef26a-846a-4158-9c9e-0f1dcd058c3e-150x150.jpeg",150,150,true],"medium":["https:\/\/portal.pi.gov.br\/seres\/wp-content\/uploads\/sites\/87\/2025\/07\/3a8ef26a-846a-4158-9c9e-0f1dcd058c3e-300x198.jpeg",300,198,true],"medium_large":["https:\/\/portal.pi.gov.br\/seres\/wp-content\/uploads\/sites\/87\/2025\/07\/3a8ef26a-846a-4158-9c9e-0f1dcd058c3e-768x507.jpeg",768,507,true],"large":["https:\/\/portal.pi.gov.br\/seres\/wp-content\/uploads\/sites\/87\/2025\/07\/3a8ef26a-846a-4158-9c9e-0f1dcd058c3e-1024x676.jpeg",887,586,true],"sgg-420":["https:\/\/portal.pi.gov.br\/seres\/wp-content\/uploads\/sites\/87\/2025\/07\/3a8ef26a-846a-4158-9c9e-0f1dcd058c3e-420x277.jpeg",420,277,true],"sgg-540":["https:\/\/portal.pi.gov.br\/seres\/wp-content\/uploads\/sites\/87\/2025\/07\/3a8ef26a-846a-4158-9c9e-0f1dcd058c3e-540x356.jpeg",540,356,true],"sgg-780":["https:\/\/portal.pi.gov.br\/seres\/wp-content\/uploads\/sites\/87\/2025\/07\/3a8ef26a-846a-4158-9c9e-0f1dcd058c3e-780x515.jpeg",780,515,true],"1536x1536":["https:\/\/portal.pi.gov.br\/seres\/wp-content\/uploads\/sites\/87\/2025\/07\/3a8ef26a-846a-4158-9c9e-0f1dcd058c3e-1536x1014.jpeg",1536,1014,true],"2048x2048":["https:\/\/portal.pi.gov.br\/seres\/wp-content\/uploads\/sites\/87\/2025\/07\/3a8ef26a-846a-4158-9c9e-0f1dcd058c3e.jpeg",1600,1056,false],"homepage-slider":["https:\/\/portal.pi.gov.br\/seres\/wp-content\/uploads\/sites\/87\/2025\/07\/3a8ef26a-846a-4158-9c9e-0f1dcd058c3e-1270x500.jpeg",1270,500,true],"homepage-slider-small":["https:\/\/portal.pi.gov.br\/seres\/wp-content\/uploads\/sites\/87\/2025\/07\/3a8ef26a-846a-4158-9c9e-0f1dcd058c3e-947x500.jpeg",947,500,true],"page-top":["https:\/\/portal.pi.gov.br\/seres\/wp-content\/uploads\/sites\/87\/2025\/07\/3a8ef26a-846a-4158-9c9e-0f1dcd058c3e-947x625.jpeg",947,625,true],"page-small":["https:\/\/portal.pi.gov.br\/seres\/wp-content\/uploads\/sites\/87\/2025\/07\/3a8ef26a-846a-4158-9c9e-0f1dcd058c3e-624x412.jpeg",624,412,true],"loop-main":["https:\/\/portal.pi.gov.br\/seres\/wp-content\/uploads\/sites\/87\/2025\/07\/3a8ef26a-846a-4158-9c9e-0f1dcd058c3e-365x240.jpeg",365,240,true],"thumb-gallery-widget":["https:\/\/portal.pi.gov.br\/seres\/wp-content\/uploads\/sites\/87\/2025\/07\/3a8ef26a-846a-4158-9c9e-0f1dcd058c3e-84x56.jpeg",84,56,true]},"post_excerpt_stackable":"<p>O programa contribui com importantes a\u00e7\u00f5es de capacita\u00e7\u00e3o e di\u00e1logo diretamente com as comunidades, atrav\u00e9s de cursos e oficinas que abordam temas relevantes para as lideran\u00e7as locais.&nbsp; Nesta quinta-feira (10) teve in\u00edcio a 5\u00aa edi\u00e7\u00e3o do projeto Di\u00e1logos pelo Piau\u00ed,&nbsp;desta vez, na cidade de Paulistana, no Territ\u00f3rio Chapada do Vale do Itaim. Um dos destaques da programa\u00e7\u00e3o, que acontece de 10 a 12 de julho, \u00e9 a realiza\u00e7\u00e3o do programa &#8220;Lideran\u00e7a em Destaque&#8221;, que \u00e9 desenvolvido pela Seres em parceria com a Sead, atrav\u00e9s da Escola de Governo, levando oficinas de capacita\u00e7\u00e3o que visam fortalecer as lideran\u00e7as locais, ampliar o&hellip;<\/p>\n","category_list":"<a href=\"https:\/\/portal.pi.gov.br\/seres\/category\/noticias\/\" rel=\"category tag\">Not\u00edcias<\/a>","author_info":{"name":"alineraquel","url":"https:\/\/portal.pi.gov.br\/seres\/author\/alineraquel\/"},"comments_num":"0 coment\u00e1rio","featured_image_urls_v2":{"full":["https:\/\/portal.pi.gov.br\/seres\/wp-content\/uploads\/sites\/87\/2025\/07\/3a8ef26a-846a-4158-9c9e-0f1dcd058c3e.jpeg",1600,1056,false],"thumbnail":["https:\/\/portal.pi.gov.br\/seres\/wp-content\/uploads\/sites\/87\/2025\/07\/3a8ef26a-846a-4158-9c9e-0f1dcd058c3e-150x150.jpeg",150,150,true],"medium":["https:\/\/portal.pi.gov.br\/seres\/wp-content\/uploads\/sites\/87\/2025\/07\/3a8ef26a-846a-4158-9c9e-0f1dcd058c3e-300x198.jpeg",300,198,true],"medium_large":["https:\/\/portal.pi.gov.br\/seres\/wp-content\/uploads\/sites\/87\/2025\/07\/3a8ef26a-846a-4158-9c9e-0f1dcd058c3e-768x507.jpeg",768,507,true],"large":["https:\/\/portal.pi.gov.br\/seres\/wp-content\/uploads\/sites\/87\/2025\/07\/3a8ef26a-846a-4158-9c9e-0f1dcd058c3e-1024x676.jpeg",887,586,true],"sgg-420":["https:\/\/portal.pi.gov.br\/seres\/wp-content\/uploads\/sites\/87\/2025\/07\/3a8ef26a-846a-4158-9c9e-0f1dcd058c3e-420x277.jpeg",420,277,true],"sgg-540":["https:\/\/portal.pi.gov.br\/seres\/wp-content\/uploads\/sites\/87\/2025\/07\/3a8ef26a-846a-4158-9c9e-0f1dcd058c3e-540x356.jpeg",540,356,true],"sgg-780":["https:\/\/portal.pi.gov.br\/seres\/wp-content\/uploads\/sites\/87\/2025\/07\/3a8ef26a-846a-4158-9c9e-0f1dcd058c3e-780x515.jpeg",780,515,true],"1536x1536":["https:\/\/portal.pi.gov.br\/seres\/wp-content\/uploads\/sites\/87\/2025\/07\/3a8ef26a-846a-4158-9c9e-0f1dcd058c3e-1536x1014.jpeg",1536,1014,true],"2048x2048":["https:\/\/portal.pi.gov.br\/seres\/wp-content\/uploads\/sites\/87\/2025\/07\/3a8ef26a-846a-4158-9c9e-0f1dcd058c3e.jpeg",1600,1056,false],"homepage-slider":["https:\/\/portal.pi.gov.br\/seres\/wp-content\/uploads\/sites\/87\/2025\/07\/3a8ef26a-846a-4158-9c9e-0f1dcd058c3e-1270x500.jpeg",1270,500,true],"homepage-slider-small":["https:\/\/portal.pi.gov.br\/seres\/wp-content\/uploads\/sites\/87\/2025\/07\/3a8ef26a-846a-4158-9c9e-0f1dcd058c3e-947x500.jpeg",947,500,true],"page-top":["https:\/\/portal.pi.gov.br\/seres\/wp-content\/uploads\/sites\/87\/2025\/07\/3a8ef26a-846a-4158-9c9e-0f1dcd058c3e-947x625.jpeg",947,625,true],"page-small":["https:\/\/portal.pi.gov.br\/seres\/wp-content\/uploads\/sites\/87\/2025\/07\/3a8ef26a-846a-4158-9c9e-0f1dcd058c3e-624x412.jpeg",624,412,true],"loop-main":["https:\/\/portal.pi.gov.br\/seres\/wp-content\/uploads\/sites\/87\/2025\/07\/3a8ef26a-846a-4158-9c9e-0f1dcd058c3e-365x240.jpeg",365,240,true],"thumb-gallery-widget":["https:\/\/portal.pi.gov.br\/seres\/wp-content\/uploads\/sites\/87\/2025\/07\/3a8ef26a-846a-4158-9c9e-0f1dcd058c3e-84x56.jpeg",84,56,true]},"post_excerpt_stackable_v2":"<p>O programa contribui com importantes a\u00e7\u00f5es de capacita\u00e7\u00e3o e di\u00e1logo diretamente com as comunidades, atrav\u00e9s de cursos e oficinas que abordam temas relevantes para as lideran\u00e7as locais.&nbsp; Nesta quinta-feira (10) teve in\u00edcio a 5\u00aa edi\u00e7\u00e3o do projeto Di\u00e1logos pelo Piau\u00ed,&nbsp;desta vez, na cidade de Paulistana, no Territ\u00f3rio Chapada do Vale do Itaim. Um dos destaques da programa\u00e7\u00e3o, que acontece de 10 a 12 de julho, \u00e9 a realiza\u00e7\u00e3o do programa &#8220;Lideran\u00e7a em Destaque&#8221;, que \u00e9 desenvolvido pela Seres em parceria com a Sead, atrav\u00e9s da Escola de Governo, levando oficinas de capacita\u00e7\u00e3o que visam fortalecer as lideran\u00e7as locais, ampliar o&hellip;<\/p>\n","category_list_v2":"<a href=\"https:\/\/portal.pi.gov.br\/seres\/category\/noticias\/\" rel=\"category tag\">Not\u00edcias<\/a>","author_info_v2":{"name":"alineraquel","url":"https:\/\/portal.pi.gov.br\/seres\/author\/alineraquel\/"},"comments_num_v2":"0 coment\u00e1rio","jetpack_featured_media_url":"https:\/\/portal.pi.gov.br\/seres\/wp-content\/uploads\/sites\/87\/2025\/07\/3a8ef26a-846a-4158-9c9e-0f1dcd058c3e.jpeg","_links":{"self":[{"href":"https:\/\/portal.pi.gov.br\/seres\/wp-json\/wp\/v2\/posts\/3960"}],"collection":[{"href":"https:\/\/portal.pi.gov.br\/seres\/wp-json\/wp\/v2\/posts"}],"about":[{"href":"https:\/\/portal.pi.gov.br\/seres\/wp-json\/wp\/v2\/types\/post"}],"author":[{"embeddable":true,"href":"https:\/\/portal.pi.gov.br\/seres\/wp-json\/wp\/v2\/users\/1821"}],"replies":[{"embeddable":true,"href":"https:\/\/portal.pi.gov.br\/seres\/wp-json\/wp\/v2\/comments?post=3960"}],"version-history":[{"count":5,"href":"https:\/\/portal.pi.gov.br\/seres\/wp-json\/wp\/v2\/posts\/3960\/revisions"}],"predecessor-version":[{"id":3970,"href":"https:\/\/portal.pi.gov.br\/seres\/wp-json\/wp\/v2\/posts\/3960\/revisions\/3970"}],"wp:featuredmedia":[{"embeddable":true,"href":"https:\/\/portal.pi.gov.br\/seres\/wp-json\/wp\/v2\/media\/3941"}],"wp:attachment":[{"href":"https:\/\/portal.pi.gov.br\/seres\/wp-json\/wp\/v2\/media?parent=3960"}],"wp:term":[{"taxonomy":"category","embeddable":true,"href":"https:\/\/portal.pi.gov.br\/seres\/wp-json\/wp\/v2\/categories?post=3960"},{"taxonomy":"post_tag","embeddable":true,"href":"https:\/\/portal.pi.gov.br\/seres\/wp-json\/wp\/v2\/tags?post=3960"}],"curies":[{"name":"wp","href":"https:\/\/api.w.org\/{rel}","templated":true}]}}