{"id":4057,"date":"2025-07-18T15:51:28","date_gmt":"2025-07-18T18:51:28","guid":{"rendered":"https:\/\/portal.pi.gov.br\/seres\/?p=4057"},"modified":"2025-07-18T15:54:58","modified_gmt":"2025-07-18T18:54:58","slug":"seres-participa-da-v-conferencia-estadual-de-promocao-da-igualdade-racial","status":"publish","type":"post","link":"https:\/\/portal.pi.gov.br\/seres\/2025\/07\/18\/seres-participa-da-v-conferencia-estadual-de-promocao-da-igualdade-racial\/","title":{"rendered":"Seres participa da V Confer\u00eancia Estadual de Promo\u00e7\u00e3o da Igualdade Racial"},"content":{"rendered":"\n<p><\/p>\n\n\n\n<p>O evento tem como objetivo debater quest\u00f5es voltadas \u00e0 igualdade racial, apresentar propostas e refletir sobre as pol\u00edticas p\u00fablicas desenvolvidas nos munic\u00edpios.<\/p>\n\n\n\n<p><\/p>\n\n\n\n<figure class=\"wp-block-image size-large\"><img decoding=\"async\" loading=\"lazy\" width=\"1024\" height=\"768\" src=\"https:\/\/portal.pi.gov.br\/seres\/wp-content\/uploads\/sites\/87\/2025\/07\/282114d6-c81a-4336-b781-6168312b6d57-1024x768.jpeg\" alt=\"\" class=\"wp-image-4054\" srcset=\"https:\/\/portal.pi.gov.br\/seres\/wp-content\/uploads\/sites\/87\/2025\/07\/282114d6-c81a-4336-b781-6168312b6d57-1024x768.jpeg 1024w, https:\/\/portal.pi.gov.br\/seres\/wp-content\/uploads\/sites\/87\/2025\/07\/282114d6-c81a-4336-b781-6168312b6d57-300x225.jpeg 300w, https:\/\/portal.pi.gov.br\/seres\/wp-content\/uploads\/sites\/87\/2025\/07\/282114d6-c81a-4336-b781-6168312b6d57-768x576.jpeg 768w, https:\/\/portal.pi.gov.br\/seres\/wp-content\/uploads\/sites\/87\/2025\/07\/282114d6-c81a-4336-b781-6168312b6d57-420x315.jpeg 420w, https:\/\/portal.pi.gov.br\/seres\/wp-content\/uploads\/sites\/87\/2025\/07\/282114d6-c81a-4336-b781-6168312b6d57-540x405.jpeg 540w, https:\/\/portal.pi.gov.br\/seres\/wp-content\/uploads\/sites\/87\/2025\/07\/282114d6-c81a-4336-b781-6168312b6d57-780x585.jpeg 780w, https:\/\/portal.pi.gov.br\/seres\/wp-content\/uploads\/sites\/87\/2025\/07\/282114d6-c81a-4336-b781-6168312b6d57-1536x1152.jpeg 1536w, https:\/\/portal.pi.gov.br\/seres\/wp-content\/uploads\/sites\/87\/2025\/07\/282114d6-c81a-4336-b781-6168312b6d57-2048x1536.jpeg 2048w, https:\/\/portal.pi.gov.br\/seres\/wp-content\/uploads\/sites\/87\/2025\/07\/282114d6-c81a-4336-b781-6168312b6d57-947x710.jpeg 947w, https:\/\/portal.pi.gov.br\/seres\/wp-content\/uploads\/sites\/87\/2025\/07\/282114d6-c81a-4336-b781-6168312b6d57-624x468.jpeg 624w\" sizes=\"(max-width: 1024px) 100vw, 1024px\" \/><\/figure>\n\n\n\n<p><\/p>\n\n\n\n<p><\/p>\n\n\n\n<p>Com o tema \u201cIgualdade Democr\u00e1tica: Repara\u00e7\u00e3o e Justi\u00e7a Racial\u201d, est\u00e1 sendo realizada nos dias 18 e 19 de julho, em Teresina, a V Confer\u00eancia Estadual de Promo\u00e7\u00e3o da Igualdade Racial,&nbsp;promovida pela Secretaria do Desenvolvimento e Assist\u00eancia Social, Fam\u00edlia e Combate \u00e0 Fome (Sasc), por meio da Superintend\u00eancia da Igualdade Racial e Povos Origin\u00e1rios (Suipro) e do Conselho Estadual de Promo\u00e7\u00e3o da Igualdade Racial.<\/p>\n\n\n\n<p>O objetivo da confer\u00eancia \u00e9 debater quest\u00f5es voltadas \u00e0 igualdade racial, apresentar propostas e refletir sobre as pol\u00edticas p\u00fablicas desenvolvidas nos munic\u00edpios. A programa\u00e7\u00e3o conta com palestras, debates, mesas redondas, apresenta\u00e7\u00f5es culturais, al\u00e9m de forma\u00e7\u00e3o de plen\u00e1rias para apresenta\u00e7\u00e3o das propostas divididas em eixos, durante os dois dias de evento.<\/p>\n\n\n\n<p>A secret\u00e1ria, N\u00fabia Lopes, e equipes da Seres, estiveram presentes na abertura nesta sexta (18), que contou com as presen\u00e7as do secret\u00e1rio da Sasc, Jo\u00e3o de Deus Sousa, da superintendente da Igualdade Racial e Povos Origin\u00e1rios da Sasc, Assun\u00e7\u00e3o Aguiar, demais autoridades, representantes de entidades e dos munic\u00edpios, e a sociedade civil.<\/p>\n\n\n\n<p>Foram realizadas 25 confer\u00eancias municipais, onde foram escolhidos os delegados que dever\u00e3o representar o Piau\u00ed na Confer\u00eancia Nacional levando as propostas de pol\u00edticas p\u00fablicas.<\/p>\n\n\n\n<p><\/p>\n\n\n\n<figure class=\"wp-block-gallery has-nested-images columns-default is-cropped wp-block-gallery-1 is-layout-flex\">\n<figure class=\"wp-block-image size-large\"><img decoding=\"async\" loading=\"lazy\" width=\"1024\" height=\"768\" data-id=\"4053\"  src=\"https:\/\/portal.pi.gov.br\/seres\/wp-content\/uploads\/sites\/87\/2025\/07\/be08d59d-4d44-407f-ab47-7f2769b81992-1024x768.jpeg\" alt=\"\" class=\"wp-image-4053\" srcset=\"https:\/\/portal.pi.gov.br\/seres\/wp-content\/uploads\/sites\/87\/2025\/07\/be08d59d-4d44-407f-ab47-7f2769b81992-1024x768.jpeg 1024w, https:\/\/portal.pi.gov.br\/seres\/wp-content\/uploads\/sites\/87\/2025\/07\/be08d59d-4d44-407f-ab47-7f2769b81992-300x225.jpeg 300w, https:\/\/portal.pi.gov.br\/seres\/wp-content\/uploads\/sites\/87\/2025\/07\/be08d59d-4d44-407f-ab47-7f2769b81992-768x576.jpeg 768w, https:\/\/portal.pi.gov.br\/seres\/wp-content\/uploads\/sites\/87\/2025\/07\/be08d59d-4d44-407f-ab47-7f2769b81992-420x315.jpeg 420w, https:\/\/portal.pi.gov.br\/seres\/wp-content\/uploads\/sites\/87\/2025\/07\/be08d59d-4d44-407f-ab47-7f2769b81992-540x405.jpeg 540w, https:\/\/portal.pi.gov.br\/seres\/wp-content\/uploads\/sites\/87\/2025\/07\/be08d59d-4d44-407f-ab47-7f2769b81992-780x585.jpeg 780w, https:\/\/portal.pi.gov.br\/seres\/wp-content\/uploads\/sites\/87\/2025\/07\/be08d59d-4d44-407f-ab47-7f2769b81992-1536x1152.jpeg 1536w, https:\/\/portal.pi.gov.br\/seres\/wp-content\/uploads\/sites\/87\/2025\/07\/be08d59d-4d44-407f-ab47-7f2769b81992-2048x1536.jpeg 2048w, https:\/\/portal.pi.gov.br\/seres\/wp-content\/uploads\/sites\/87\/2025\/07\/be08d59d-4d44-407f-ab47-7f2769b81992-947x710.jpeg 947w, https:\/\/portal.pi.gov.br\/seres\/wp-content\/uploads\/sites\/87\/2025\/07\/be08d59d-4d44-407f-ab47-7f2769b81992-624x468.jpeg 624w\" sizes=\"(max-width: 1024px) 100vw, 1024px\" \/><\/figure>\n\n\n\n<figure class=\"wp-block-image size-large\"><img decoding=\"async\" loading=\"lazy\" width=\"1024\" height=\"768\" data-id=\"4051\"  src=\"https:\/\/portal.pi.gov.br\/seres\/wp-content\/uploads\/sites\/87\/2025\/07\/1c15f203-a2e9-4516-aae3-e26b375b0c5a-Copia-1024x768.jpeg\" alt=\"\" class=\"wp-image-4051\" srcset=\"https:\/\/portal.pi.gov.br\/seres\/wp-content\/uploads\/sites\/87\/2025\/07\/1c15f203-a2e9-4516-aae3-e26b375b0c5a-Copia-1024x768.jpeg 1024w, https:\/\/portal.pi.gov.br\/seres\/wp-content\/uploads\/sites\/87\/2025\/07\/1c15f203-a2e9-4516-aae3-e26b375b0c5a-Copia-300x225.jpeg 300w, https:\/\/portal.pi.gov.br\/seres\/wp-content\/uploads\/sites\/87\/2025\/07\/1c15f203-a2e9-4516-aae3-e26b375b0c5a-Copia-768x576.jpeg 768w, https:\/\/portal.pi.gov.br\/seres\/wp-content\/uploads\/sites\/87\/2025\/07\/1c15f203-a2e9-4516-aae3-e26b375b0c5a-Copia-420x315.jpeg 420w, https:\/\/portal.pi.gov.br\/seres\/wp-content\/uploads\/sites\/87\/2025\/07\/1c15f203-a2e9-4516-aae3-e26b375b0c5a-Copia-540x405.jpeg 540w, https:\/\/portal.pi.gov.br\/seres\/wp-content\/uploads\/sites\/87\/2025\/07\/1c15f203-a2e9-4516-aae3-e26b375b0c5a-Copia-780x585.jpeg 780w, https:\/\/portal.pi.gov.br\/seres\/wp-content\/uploads\/sites\/87\/2025\/07\/1c15f203-a2e9-4516-aae3-e26b375b0c5a-Copia-1536x1152.jpeg 1536w, https:\/\/portal.pi.gov.br\/seres\/wp-content\/uploads\/sites\/87\/2025\/07\/1c15f203-a2e9-4516-aae3-e26b375b0c5a-Copia-2048x1536.jpeg 2048w, https:\/\/portal.pi.gov.br\/seres\/wp-content\/uploads\/sites\/87\/2025\/07\/1c15f203-a2e9-4516-aae3-e26b375b0c5a-Copia-947x710.jpeg 947w, https:\/\/portal.pi.gov.br\/seres\/wp-content\/uploads\/sites\/87\/2025\/07\/1c15f203-a2e9-4516-aae3-e26b375b0c5a-Copia-624x468.jpeg 624w\" sizes=\"(max-width: 1024px) 100vw, 1024px\" \/><\/figure>\n\n\n\n<figure class=\"wp-block-image size-large\"><img decoding=\"async\" loading=\"lazy\" width=\"1024\" height=\"768\" data-id=\"4049\"  src=\"https:\/\/portal.pi.gov.br\/seres\/wp-content\/uploads\/sites\/87\/2025\/07\/91d0d2ab-6d05-486a-9106-b71a47362a5c-Copia-1024x768.jpeg\" alt=\"\" class=\"wp-image-4049\" srcset=\"https:\/\/portal.pi.gov.br\/seres\/wp-content\/uploads\/sites\/87\/2025\/07\/91d0d2ab-6d05-486a-9106-b71a47362a5c-Copia-1024x768.jpeg 1024w, https:\/\/portal.pi.gov.br\/seres\/wp-content\/uploads\/sites\/87\/2025\/07\/91d0d2ab-6d05-486a-9106-b71a47362a5c-Copia-300x225.jpeg 300w, https:\/\/portal.pi.gov.br\/seres\/wp-content\/uploads\/sites\/87\/2025\/07\/91d0d2ab-6d05-486a-9106-b71a47362a5c-Copia-768x576.jpeg 768w, https:\/\/portal.pi.gov.br\/seres\/wp-content\/uploads\/sites\/87\/2025\/07\/91d0d2ab-6d05-486a-9106-b71a47362a5c-Copia-420x315.jpeg 420w, https:\/\/portal.pi.gov.br\/seres\/wp-content\/uploads\/sites\/87\/2025\/07\/91d0d2ab-6d05-486a-9106-b71a47362a5c-Copia-540x405.jpeg 540w, https:\/\/portal.pi.gov.br\/seres\/wp-content\/uploads\/sites\/87\/2025\/07\/91d0d2ab-6d05-486a-9106-b71a47362a5c-Copia-780x585.jpeg 780w, https:\/\/portal.pi.gov.br\/seres\/wp-content\/uploads\/sites\/87\/2025\/07\/91d0d2ab-6d05-486a-9106-b71a47362a5c-Copia-1536x1152.jpeg 1536w, https:\/\/portal.pi.gov.br\/seres\/wp-content\/uploads\/sites\/87\/2025\/07\/91d0d2ab-6d05-486a-9106-b71a47362a5c-Copia-2048x1536.jpeg 2048w, https:\/\/portal.pi.gov.br\/seres\/wp-content\/uploads\/sites\/87\/2025\/07\/91d0d2ab-6d05-486a-9106-b71a47362a5c-Copia-947x710.jpeg 947w, https:\/\/portal.pi.gov.br\/seres\/wp-content\/uploads\/sites\/87\/2025\/07\/91d0d2ab-6d05-486a-9106-b71a47362a5c-Copia-624x468.jpeg 624w\" sizes=\"(max-width: 1024px) 100vw, 1024px\" \/><\/figure>\n\n\n\n<figure class=\"wp-block-image size-large\"><img decoding=\"async\" loading=\"lazy\" width=\"1024\" height=\"768\" data-id=\"4052\"  src=\"https:\/\/portal.pi.gov.br\/seres\/wp-content\/uploads\/sites\/87\/2025\/07\/8d58cac0-e381-493d-b8ad-88195a7da000-Copia-1024x768.jpeg\" alt=\"\" class=\"wp-image-4052\" srcset=\"https:\/\/portal.pi.gov.br\/seres\/wp-content\/uploads\/sites\/87\/2025\/07\/8d58cac0-e381-493d-b8ad-88195a7da000-Copia-1024x768.jpeg 1024w, https:\/\/portal.pi.gov.br\/seres\/wp-content\/uploads\/sites\/87\/2025\/07\/8d58cac0-e381-493d-b8ad-88195a7da000-Copia-300x225.jpeg 300w, https:\/\/portal.pi.gov.br\/seres\/wp-content\/uploads\/sites\/87\/2025\/07\/8d58cac0-e381-493d-b8ad-88195a7da000-Copia-768x576.jpeg 768w, https:\/\/portal.pi.gov.br\/seres\/wp-content\/uploads\/sites\/87\/2025\/07\/8d58cac0-e381-493d-b8ad-88195a7da000-Copia-420x315.jpeg 420w, https:\/\/portal.pi.gov.br\/seres\/wp-content\/uploads\/sites\/87\/2025\/07\/8d58cac0-e381-493d-b8ad-88195a7da000-Copia-540x405.jpeg 540w, https:\/\/portal.pi.gov.br\/seres\/wp-content\/uploads\/sites\/87\/2025\/07\/8d58cac0-e381-493d-b8ad-88195a7da000-Copia-780x585.jpeg 780w, https:\/\/portal.pi.gov.br\/seres\/wp-content\/uploads\/sites\/87\/2025\/07\/8d58cac0-e381-493d-b8ad-88195a7da000-Copia-1536x1152.jpeg 1536w, https:\/\/portal.pi.gov.br\/seres\/wp-content\/uploads\/sites\/87\/2025\/07\/8d58cac0-e381-493d-b8ad-88195a7da000-Copia-2048x1536.jpeg 2048w, https:\/\/portal.pi.gov.br\/seres\/wp-content\/uploads\/sites\/87\/2025\/07\/8d58cac0-e381-493d-b8ad-88195a7da000-Copia-947x710.jpeg 947w, https:\/\/portal.pi.gov.br\/seres\/wp-content\/uploads\/sites\/87\/2025\/07\/8d58cac0-e381-493d-b8ad-88195a7da000-Copia-624x468.jpeg 624w\" sizes=\"(max-width: 1024px) 100vw, 1024px\" \/><\/figure>\n\n\n\n<figure class=\"wp-block-image size-large\"><img decoding=\"async\" loading=\"lazy\" width=\"1024\" height=\"768\" data-id=\"4048\"  src=\"https:\/\/portal.pi.gov.br\/seres\/wp-content\/uploads\/sites\/87\/2025\/07\/e8b8f23d-4161-40bf-91de-76a783e9e6ed-1024x768.jpeg\" alt=\"\" class=\"wp-image-4048\" srcset=\"https:\/\/portal.pi.gov.br\/seres\/wp-content\/uploads\/sites\/87\/2025\/07\/e8b8f23d-4161-40bf-91de-76a783e9e6ed-1024x768.jpeg 1024w, https:\/\/portal.pi.gov.br\/seres\/wp-content\/uploads\/sites\/87\/2025\/07\/e8b8f23d-4161-40bf-91de-76a783e9e6ed-300x225.jpeg 300w, https:\/\/portal.pi.gov.br\/seres\/wp-content\/uploads\/sites\/87\/2025\/07\/e8b8f23d-4161-40bf-91de-76a783e9e6ed-768x576.jpeg 768w, https:\/\/portal.pi.gov.br\/seres\/wp-content\/uploads\/sites\/87\/2025\/07\/e8b8f23d-4161-40bf-91de-76a783e9e6ed-420x315.jpeg 420w, https:\/\/portal.pi.gov.br\/seres\/wp-content\/uploads\/sites\/87\/2025\/07\/e8b8f23d-4161-40bf-91de-76a783e9e6ed-540x405.jpeg 540w, https:\/\/portal.pi.gov.br\/seres\/wp-content\/uploads\/sites\/87\/2025\/07\/e8b8f23d-4161-40bf-91de-76a783e9e6ed-780x585.jpeg 780w, https:\/\/portal.pi.gov.br\/seres\/wp-content\/uploads\/sites\/87\/2025\/07\/e8b8f23d-4161-40bf-91de-76a783e9e6ed-1536x1152.jpeg 1536w, https:\/\/portal.pi.gov.br\/seres\/wp-content\/uploads\/sites\/87\/2025\/07\/e8b8f23d-4161-40bf-91de-76a783e9e6ed-2048x1536.jpeg 2048w, https:\/\/portal.pi.gov.br\/seres\/wp-content\/uploads\/sites\/87\/2025\/07\/e8b8f23d-4161-40bf-91de-76a783e9e6ed-947x710.jpeg 947w, https:\/\/portal.pi.gov.br\/seres\/wp-content\/uploads\/sites\/87\/2025\/07\/e8b8f23d-4161-40bf-91de-76a783e9e6ed-624x468.jpeg 624w\" sizes=\"(max-width: 1024px) 100vw, 1024px\" \/><\/figure>\n\n\n\n<figure class=\"wp-block-image size-large\"><img decoding=\"async\" loading=\"lazy\" width=\"1024\" height=\"768\" data-id=\"4047\"  src=\"https:\/\/portal.pi.gov.br\/seres\/wp-content\/uploads\/sites\/87\/2025\/07\/8571c2b8-5872-4412-b560-d662181304ec-1024x768.jpeg\" alt=\"\" class=\"wp-image-4047\" srcset=\"https:\/\/portal.pi.gov.br\/seres\/wp-content\/uploads\/sites\/87\/2025\/07\/8571c2b8-5872-4412-b560-d662181304ec-1024x768.jpeg 1024w, https:\/\/portal.pi.gov.br\/seres\/wp-content\/uploads\/sites\/87\/2025\/07\/8571c2b8-5872-4412-b560-d662181304ec-300x225.jpeg 300w, https:\/\/portal.pi.gov.br\/seres\/wp-content\/uploads\/sites\/87\/2025\/07\/8571c2b8-5872-4412-b560-d662181304ec-768x576.jpeg 768w, https:\/\/portal.pi.gov.br\/seres\/wp-content\/uploads\/sites\/87\/2025\/07\/8571c2b8-5872-4412-b560-d662181304ec-420x315.jpeg 420w, https:\/\/portal.pi.gov.br\/seres\/wp-content\/uploads\/sites\/87\/2025\/07\/8571c2b8-5872-4412-b560-d662181304ec-540x405.jpeg 540w, https:\/\/portal.pi.gov.br\/seres\/wp-content\/uploads\/sites\/87\/2025\/07\/8571c2b8-5872-4412-b560-d662181304ec-780x585.jpeg 780w, https:\/\/portal.pi.gov.br\/seres\/wp-content\/uploads\/sites\/87\/2025\/07\/8571c2b8-5872-4412-b560-d662181304ec-1536x1152.jpeg 1536w, https:\/\/portal.pi.gov.br\/seres\/wp-content\/uploads\/sites\/87\/2025\/07\/8571c2b8-5872-4412-b560-d662181304ec-2048x1536.jpeg 2048w, https:\/\/portal.pi.gov.br\/seres\/wp-content\/uploads\/sites\/87\/2025\/07\/8571c2b8-5872-4412-b560-d662181304ec-947x710.jpeg 947w, https:\/\/portal.pi.gov.br\/seres\/wp-content\/uploads\/sites\/87\/2025\/07\/8571c2b8-5872-4412-b560-d662181304ec-624x468.jpeg 624w\" sizes=\"(max-width: 1024px) 100vw, 1024px\" \/><\/figure>\n\n\n\n<figure class=\"wp-block-image size-large\"><img decoding=\"async\" loading=\"lazy\" width=\"1024\" height=\"768\" data-id=\"4043\"  src=\"https:\/\/portal.pi.gov.br\/seres\/wp-content\/uploads\/sites\/87\/2025\/07\/0ff61cbf-1934-4d71-b38c-73d29bac4eef-1024x768.jpeg\" alt=\"\" class=\"wp-image-4043\" srcset=\"https:\/\/portal.pi.gov.br\/seres\/wp-content\/uploads\/sites\/87\/2025\/07\/0ff61cbf-1934-4d71-b38c-73d29bac4eef-1024x768.jpeg 1024w, https:\/\/portal.pi.gov.br\/seres\/wp-content\/uploads\/sites\/87\/2025\/07\/0ff61cbf-1934-4d71-b38c-73d29bac4eef-300x225.jpeg 300w, https:\/\/portal.pi.gov.br\/seres\/wp-content\/uploads\/sites\/87\/2025\/07\/0ff61cbf-1934-4d71-b38c-73d29bac4eef-768x576.jpeg 768w, https:\/\/portal.pi.gov.br\/seres\/wp-content\/uploads\/sites\/87\/2025\/07\/0ff61cbf-1934-4d71-b38c-73d29bac4eef-420x315.jpeg 420w, https:\/\/portal.pi.gov.br\/seres\/wp-content\/uploads\/sites\/87\/2025\/07\/0ff61cbf-1934-4d71-b38c-73d29bac4eef-540x405.jpeg 540w, https:\/\/portal.pi.gov.br\/seres\/wp-content\/uploads\/sites\/87\/2025\/07\/0ff61cbf-1934-4d71-b38c-73d29bac4eef-780x585.jpeg 780w, https:\/\/portal.pi.gov.br\/seres\/wp-content\/uploads\/sites\/87\/2025\/07\/0ff61cbf-1934-4d71-b38c-73d29bac4eef-1536x1152.jpeg 1536w, https:\/\/portal.pi.gov.br\/seres\/wp-content\/uploads\/sites\/87\/2025\/07\/0ff61cbf-1934-4d71-b38c-73d29bac4eef-2048x1536.jpeg 2048w, https:\/\/portal.pi.gov.br\/seres\/wp-content\/uploads\/sites\/87\/2025\/07\/0ff61cbf-1934-4d71-b38c-73d29bac4eef-947x710.jpeg 947w, https:\/\/portal.pi.gov.br\/seres\/wp-content\/uploads\/sites\/87\/2025\/07\/0ff61cbf-1934-4d71-b38c-73d29bac4eef-624x468.jpeg 624w\" sizes=\"(max-width: 1024px) 100vw, 1024px\" \/><\/figure>\n\n\n\n<figure class=\"wp-block-image size-large\"><img decoding=\"async\" loading=\"lazy\" width=\"1024\" height=\"768\" data-id=\"4055\"  src=\"https:\/\/portal.pi.gov.br\/seres\/wp-content\/uploads\/sites\/87\/2025\/07\/d3e1e5c2-1d9f-41aa-bf40-ab436acd40ff-1024x768.jpeg\" alt=\"\" class=\"wp-image-4055\" srcset=\"https:\/\/portal.pi.gov.br\/seres\/wp-content\/uploads\/sites\/87\/2025\/07\/d3e1e5c2-1d9f-41aa-bf40-ab436acd40ff-1024x768.jpeg 1024w, https:\/\/portal.pi.gov.br\/seres\/wp-content\/uploads\/sites\/87\/2025\/07\/d3e1e5c2-1d9f-41aa-bf40-ab436acd40ff-300x225.jpeg 300w, https:\/\/portal.pi.gov.br\/seres\/wp-content\/uploads\/sites\/87\/2025\/07\/d3e1e5c2-1d9f-41aa-bf40-ab436acd40ff-768x576.jpeg 768w, https:\/\/portal.pi.gov.br\/seres\/wp-content\/uploads\/sites\/87\/2025\/07\/d3e1e5c2-1d9f-41aa-bf40-ab436acd40ff-420x315.jpeg 420w, https:\/\/portal.pi.gov.br\/seres\/wp-content\/uploads\/sites\/87\/2025\/07\/d3e1e5c2-1d9f-41aa-bf40-ab436acd40ff-540x405.jpeg 540w, https:\/\/portal.pi.gov.br\/seres\/wp-content\/uploads\/sites\/87\/2025\/07\/d3e1e5c2-1d9f-41aa-bf40-ab436acd40ff-780x585.jpeg 780w, https:\/\/portal.pi.gov.br\/seres\/wp-content\/uploads\/sites\/87\/2025\/07\/d3e1e5c2-1d9f-41aa-bf40-ab436acd40ff-1536x1152.jpeg 1536w, https:\/\/portal.pi.gov.br\/seres\/wp-content\/uploads\/sites\/87\/2025\/07\/d3e1e5c2-1d9f-41aa-bf40-ab436acd40ff-2048x1536.jpeg 2048w, https:\/\/portal.pi.gov.br\/seres\/wp-content\/uploads\/sites\/87\/2025\/07\/d3e1e5c2-1d9f-41aa-bf40-ab436acd40ff-947x710.jpeg 947w, https:\/\/portal.pi.gov.br\/seres\/wp-content\/uploads\/sites\/87\/2025\/07\/d3e1e5c2-1d9f-41aa-bf40-ab436acd40ff-624x468.jpeg 624w\" sizes=\"(max-width: 1024px) 100vw, 1024px\" \/><\/figure>\n<\/figure>\n\n\n\n<p><\/p>\n\n\n\n<p><\/p>\n\n\n\n<p><\/p>\n\n\n\n<p>Fotos: Natalina Alves<\/p>\n","protected":false},"excerpt":{"rendered":"<p>O evento tem como objetivo debater quest\u00f5es voltadas \u00e0 igualdade racial, apresentar propostas e refletir sobre as pol\u00edticas p\u00fablicas desenvolvidas nos munic\u00edpios. Com o tema \u201cIgualdade Democr\u00e1tica: Repara\u00e7\u00e3o e Justi\u00e7a [&hellip;]<\/p>\n","protected":false},"author":1821,"featured_media":4056,"comment_status":"closed","ping_status":"closed","sticky":true,"template":"","format":"standard","meta":[],"categories":[34],"tags":[47,41],"featured_image_urls":{"full":["https:\/\/portal.pi.gov.br\/seres\/wp-content\/uploads\/sites\/87\/2025\/07\/d91bd475-e812-4caa-9e6a-bed28de95a92-scaled.jpeg",2560,1513,false],"thumbnail":["https:\/\/portal.pi.gov.br\/seres\/wp-content\/uploads\/sites\/87\/2025\/07\/d91bd475-e812-4caa-9e6a-bed28de95a92-150x150.jpeg",150,150,true],"medium":["https:\/\/portal.pi.gov.br\/seres\/wp-content\/uploads\/sites\/87\/2025\/07\/d91bd475-e812-4caa-9e6a-bed28de95a92-300x177.jpeg",300,177,true],"medium_large":["https:\/\/portal.pi.gov.br\/seres\/wp-content\/uploads\/sites\/87\/2025\/07\/d91bd475-e812-4caa-9e6a-bed28de95a92-768x454.jpeg",768,454,true],"large":["https:\/\/portal.pi.gov.br\/seres\/wp-content\/uploads\/sites\/87\/2025\/07\/d91bd475-e812-4caa-9e6a-bed28de95a92-1024x605.jpeg",887,524,true],"sgg-420":["https:\/\/portal.pi.gov.br\/seres\/wp-content\/uploads\/sites\/87\/2025\/07\/d91bd475-e812-4caa-9e6a-bed28de95a92-420x248.jpeg",420,248,true],"sgg-540":["https:\/\/portal.pi.gov.br\/seres\/wp-content\/uploads\/sites\/87\/2025\/07\/d91bd475-e812-4caa-9e6a-bed28de95a92-540x319.jpeg",540,319,true],"sgg-780":["https:\/\/portal.pi.gov.br\/seres\/wp-content\/uploads\/sites\/87\/2025\/07\/d91bd475-e812-4caa-9e6a-bed28de95a92-780x461.jpeg",780,461,true],"1536x1536":["https:\/\/portal.pi.gov.br\/seres\/wp-content\/uploads\/sites\/87\/2025\/07\/d91bd475-e812-4caa-9e6a-bed28de95a92-1536x908.jpeg",1536,908,true],"2048x2048":["https:\/\/portal.pi.gov.br\/seres\/wp-content\/uploads\/sites\/87\/2025\/07\/d91bd475-e812-4caa-9e6a-bed28de95a92-2048x1210.jpeg",2048,1210,true],"homepage-slider":["https:\/\/portal.pi.gov.br\/seres\/wp-content\/uploads\/sites\/87\/2025\/07\/d91bd475-e812-4caa-9e6a-bed28de95a92-1270x500.jpeg",1270,500,true],"homepage-slider-small":["https:\/\/portal.pi.gov.br\/seres\/wp-content\/uploads\/sites\/87\/2025\/07\/d91bd475-e812-4caa-9e6a-bed28de95a92-947x500.jpeg",947,500,true],"page-top":["https:\/\/portal.pi.gov.br\/seres\/wp-content\/uploads\/sites\/87\/2025\/07\/d91bd475-e812-4caa-9e6a-bed28de95a92-947x560.jpeg",947,560,true],"page-small":["https:\/\/portal.pi.gov.br\/seres\/wp-content\/uploads\/sites\/87\/2025\/07\/d91bd475-e812-4caa-9e6a-bed28de95a92-624x369.jpeg",624,369,true],"loop-main":["https:\/\/portal.pi.gov.br\/seres\/wp-content\/uploads\/sites\/87\/2025\/07\/d91bd475-e812-4caa-9e6a-bed28de95a92-365x240.jpeg",365,240,true],"thumb-gallery-widget":["https:\/\/portal.pi.gov.br\/seres\/wp-content\/uploads\/sites\/87\/2025\/07\/d91bd475-e812-4caa-9e6a-bed28de95a92-84x56.jpeg",84,56,true]},"post_excerpt_stackable":"<p>O evento tem como objetivo debater quest\u00f5es voltadas \u00e0 igualdade racial, apresentar propostas e refletir sobre as pol\u00edticas p\u00fablicas desenvolvidas nos munic\u00edpios. Com o tema \u201cIgualdade Democr\u00e1tica: Repara\u00e7\u00e3o e Justi\u00e7a Racial\u201d, est\u00e1 sendo realizada nos dias 18 e 19 de julho, em Teresina, a V Confer\u00eancia Estadual de Promo\u00e7\u00e3o da Igualdade Racial,&nbsp;promovida pela Secretaria do Desenvolvimento e Assist\u00eancia Social, Fam\u00edlia e Combate \u00e0 Fome (Sasc), por meio da Superintend\u00eancia da Igualdade Racial e Povos Origin\u00e1rios (Suipro) e do Conselho Estadual de Promo\u00e7\u00e3o da Igualdade Racial. O objetivo da confer\u00eancia \u00e9 debater quest\u00f5es voltadas \u00e0 igualdade racial, apresentar propostas e refletir&hellip;<\/p>\n","category_list":"<a href=\"https:\/\/portal.pi.gov.br\/seres\/category\/noticias\/\" rel=\"category tag\">Not\u00edcias<\/a>","author_info":{"name":"alineraquel","url":"https:\/\/portal.pi.gov.br\/seres\/author\/alineraquel\/"},"comments_num":"0 coment\u00e1rio","featured_image_urls_v2":{"full":["https:\/\/portal.pi.gov.br\/seres\/wp-content\/uploads\/sites\/87\/2025\/07\/d91bd475-e812-4caa-9e6a-bed28de95a92-scaled.jpeg",2560,1513,false],"thumbnail":["https:\/\/portal.pi.gov.br\/seres\/wp-content\/uploads\/sites\/87\/2025\/07\/d91bd475-e812-4caa-9e6a-bed28de95a92-150x150.jpeg",150,150,true],"medium":["https:\/\/portal.pi.gov.br\/seres\/wp-content\/uploads\/sites\/87\/2025\/07\/d91bd475-e812-4caa-9e6a-bed28de95a92-300x177.jpeg",300,177,true],"medium_large":["https:\/\/portal.pi.gov.br\/seres\/wp-content\/uploads\/sites\/87\/2025\/07\/d91bd475-e812-4caa-9e6a-bed28de95a92-768x454.jpeg",768,454,true],"large":["https:\/\/portal.pi.gov.br\/seres\/wp-content\/uploads\/sites\/87\/2025\/07\/d91bd475-e812-4caa-9e6a-bed28de95a92-1024x605.jpeg",887,524,true],"sgg-420":["https:\/\/portal.pi.gov.br\/seres\/wp-content\/uploads\/sites\/87\/2025\/07\/d91bd475-e812-4caa-9e6a-bed28de95a92-420x248.jpeg",420,248,true],"sgg-540":["https:\/\/portal.pi.gov.br\/seres\/wp-content\/uploads\/sites\/87\/2025\/07\/d91bd475-e812-4caa-9e6a-bed28de95a92-540x319.jpeg",540,319,true],"sgg-780":["https:\/\/portal.pi.gov.br\/seres\/wp-content\/uploads\/sites\/87\/2025\/07\/d91bd475-e812-4caa-9e6a-bed28de95a92-780x461.jpeg",780,461,true],"1536x1536":["https:\/\/portal.pi.gov.br\/seres\/wp-content\/uploads\/sites\/87\/2025\/07\/d91bd475-e812-4caa-9e6a-bed28de95a92-1536x908.jpeg",1536,908,true],"2048x2048":["https:\/\/portal.pi.gov.br\/seres\/wp-content\/uploads\/sites\/87\/2025\/07\/d91bd475-e812-4caa-9e6a-bed28de95a92-2048x1210.jpeg",2048,1210,true],"homepage-slider":["https:\/\/portal.pi.gov.br\/seres\/wp-content\/uploads\/sites\/87\/2025\/07\/d91bd475-e812-4caa-9e6a-bed28de95a92-1270x500.jpeg",1270,500,true],"homepage-slider-small":["https:\/\/portal.pi.gov.br\/seres\/wp-content\/uploads\/sites\/87\/2025\/07\/d91bd475-e812-4caa-9e6a-bed28de95a92-947x500.jpeg",947,500,true],"page-top":["https:\/\/portal.pi.gov.br\/seres\/wp-content\/uploads\/sites\/87\/2025\/07\/d91bd475-e812-4caa-9e6a-bed28de95a92-947x560.jpeg",947,560,true],"page-small":["https:\/\/portal.pi.gov.br\/seres\/wp-content\/uploads\/sites\/87\/2025\/07\/d91bd475-e812-4caa-9e6a-bed28de95a92-624x369.jpeg",624,369,true],"loop-main":["https:\/\/portal.pi.gov.br\/seres\/wp-content\/uploads\/sites\/87\/2025\/07\/d91bd475-e812-4caa-9e6a-bed28de95a92-365x240.jpeg",365,240,true],"thumb-gallery-widget":["https:\/\/portal.pi.gov.br\/seres\/wp-content\/uploads\/sites\/87\/2025\/07\/d91bd475-e812-4caa-9e6a-bed28de95a92-84x56.jpeg",84,56,true]},"post_excerpt_stackable_v2":"<p>O evento tem como objetivo debater quest\u00f5es voltadas \u00e0 igualdade racial, apresentar propostas e refletir sobre as pol\u00edticas p\u00fablicas desenvolvidas nos munic\u00edpios. Com o tema \u201cIgualdade Democr\u00e1tica: Repara\u00e7\u00e3o e Justi\u00e7a Racial\u201d, est\u00e1 sendo realizada nos dias 18 e 19 de julho, em Teresina, a V Confer\u00eancia Estadual de Promo\u00e7\u00e3o da Igualdade Racial,&nbsp;promovida pela Secretaria do Desenvolvimento e Assist\u00eancia Social, Fam\u00edlia e Combate \u00e0 Fome (Sasc), por meio da Superintend\u00eancia da Igualdade Racial e Povos Origin\u00e1rios (Suipro) e do Conselho Estadual de Promo\u00e7\u00e3o da Igualdade Racial. O objetivo da confer\u00eancia \u00e9 debater quest\u00f5es voltadas \u00e0 igualdade racial, apresentar propostas e refletir&hellip;<\/p>\n","category_list_v2":"<a href=\"https:\/\/portal.pi.gov.br\/seres\/category\/noticias\/\" rel=\"category tag\">Not\u00edcias<\/a>","author_info_v2":{"name":"alineraquel","url":"https:\/\/portal.pi.gov.br\/seres\/author\/alineraquel\/"},"comments_num_v2":"0 coment\u00e1rio","jetpack_featured_media_url":"https:\/\/portal.pi.gov.br\/seres\/wp-content\/uploads\/sites\/87\/2025\/07\/d91bd475-e812-4caa-9e6a-bed28de95a92-scaled.jpeg","_links":{"self":[{"href":"https:\/\/portal.pi.gov.br\/seres\/wp-json\/wp\/v2\/posts\/4057"}],"collection":[{"href":"https:\/\/portal.pi.gov.br\/seres\/wp-json\/wp\/v2\/posts"}],"about":[{"href":"https:\/\/portal.pi.gov.br\/seres\/wp-json\/wp\/v2\/types\/post"}],"author":[{"embeddable":true,"href":"https:\/\/portal.pi.gov.br\/seres\/wp-json\/wp\/v2\/users\/1821"}],"replies":[{"embeddable":true,"href":"https:\/\/portal.pi.gov.br\/seres\/wp-json\/wp\/v2\/comments?post=4057"}],"version-history":[{"count":2,"href":"https:\/\/portal.pi.gov.br\/seres\/wp-json\/wp\/v2\/posts\/4057\/revisions"}],"predecessor-version":[{"id":4059,"href":"https:\/\/portal.pi.gov.br\/seres\/wp-json\/wp\/v2\/posts\/4057\/revisions\/4059"}],"wp:featuredmedia":[{"embeddable":true,"href":"https:\/\/portal.pi.gov.br\/seres\/wp-json\/wp\/v2\/media\/4056"}],"wp:attachment":[{"href":"https:\/\/portal.pi.gov.br\/seres\/wp-json\/wp\/v2\/media?parent=4057"}],"wp:term":[{"taxonomy":"category","embeddable":true,"href":"https:\/\/portal.pi.gov.br\/seres\/wp-json\/wp\/v2\/categories?post=4057"},{"taxonomy":"post_tag","embeddable":true,"href":"https:\/\/portal.pi.gov.br\/seres\/wp-json\/wp\/v2\/tags?post=4057"}],"curies":[{"name":"wp","href":"https:\/\/api.w.org\/{rel}","templated":true}]}}