{"id":4162,"date":"2025-08-12T11:59:46","date_gmt":"2025-08-12T14:59:46","guid":{"rendered":"https:\/\/portal.pi.gov.br\/seres\/?p=4162"},"modified":"2025-08-12T12:01:31","modified_gmt":"2025-08-12T15:01:31","slug":"liderancas-comunitarias-de-piripiri-recebem-curso-do-capacitia","status":"publish","type":"post","link":"https:\/\/portal.pi.gov.br\/seres\/2025\/08\/12\/liderancas-comunitarias-de-piripiri-recebem-curso-do-capacitia\/","title":{"rendered":"Lideran\u00e7as comunit\u00e1rias de Piripiri recebem curso do CapacitIA"},"content":{"rendered":"\n<p>O curso de intelig\u00eancia artificial capacita as lideran\u00e7as e fortalece o papel das associa\u00e7\u00f5es no processo de participa\u00e7\u00e3o popular.<\/p>\n\n\n\n<p><\/p>\n\n\n\n<figure class=\"wp-block-image size-large\"><img decoding=\"async\" loading=\"lazy\" width=\"768\" height=\"1024\" src=\"https:\/\/portal.pi.gov.br\/seres\/wp-content\/uploads\/sites\/87\/2025\/08\/93e261b7-c48f-4b1f-96fa-ead890068dc4-768x1024.jpeg\" alt=\"\" class=\"wp-image-4159\" srcset=\"https:\/\/portal.pi.gov.br\/seres\/wp-content\/uploads\/sites\/87\/2025\/08\/93e261b7-c48f-4b1f-96fa-ead890068dc4-768x1024.jpeg 768w, https:\/\/portal.pi.gov.br\/seres\/wp-content\/uploads\/sites\/87\/2025\/08\/93e261b7-c48f-4b1f-96fa-ead890068dc4-225x300.jpeg 225w, https:\/\/portal.pi.gov.br\/seres\/wp-content\/uploads\/sites\/87\/2025\/08\/93e261b7-c48f-4b1f-96fa-ead890068dc4-315x420.jpeg 315w, https:\/\/portal.pi.gov.br\/seres\/wp-content\/uploads\/sites\/87\/2025\/08\/93e261b7-c48f-4b1f-96fa-ead890068dc4-405x540.jpeg 405w, https:\/\/portal.pi.gov.br\/seres\/wp-content\/uploads\/sites\/87\/2025\/08\/93e261b7-c48f-4b1f-96fa-ead890068dc4-585x780.jpeg 585w, https:\/\/portal.pi.gov.br\/seres\/wp-content\/uploads\/sites\/87\/2025\/08\/93e261b7-c48f-4b1f-96fa-ead890068dc4-1152x1536.jpeg 1152w, https:\/\/portal.pi.gov.br\/seres\/wp-content\/uploads\/sites\/87\/2025\/08\/93e261b7-c48f-4b1f-96fa-ead890068dc4-1536x2048.jpeg 1536w, https:\/\/portal.pi.gov.br\/seres\/wp-content\/uploads\/sites\/87\/2025\/08\/93e261b7-c48f-4b1f-96fa-ead890068dc4-947x1263.jpeg 947w, https:\/\/portal.pi.gov.br\/seres\/wp-content\/uploads\/sites\/87\/2025\/08\/93e261b7-c48f-4b1f-96fa-ead890068dc4-624x832.jpeg 624w, https:\/\/portal.pi.gov.br\/seres\/wp-content\/uploads\/sites\/87\/2025\/08\/93e261b7-c48f-4b1f-96fa-ead890068dc4-scaled.jpeg 1920w\" sizes=\"(max-width: 768px) 100vw, 768px\" \/><\/figure>\n\n\n\n<p><\/p>\n\n\n\n<p><\/p>\n\n\n\n<p>No \u00faltimo s\u00e1bado, 9 de agosto, a cidade de Piripiri sediou mais uma edi\u00e7\u00e3o do CapacitIA, curso gratuito que est\u00e1 transformando o acesso ao conhecimento digital para lideran\u00e7as comunit\u00e1rias de todo o Piau\u00ed. A capacita\u00e7\u00e3o aconteceu das 8h \u00e0s 12h, na sede da Secretaria de Fazenda do munic\u00edpio.<\/p>\n\n\n\n<p>Voltado para representantes de entidades que participam do Or\u00e7amento Participativo Digital (OPA), o CapacitIA \u00e9 uma iniciativa do Governo do Estado do Piau\u00ed, coordenada pela Secretaria do Planejamento (Seplan), em parceria com a Secretaria de Rela\u00e7\u00f5es Sociais (Seres) e a Secretaria de Intelig\u00eancia Artificial (SIA).<\/p>\n\n\n\n<p>O objetivo \u00e9 fortalecer o protagonismo das organiza\u00e7\u00f5es sociais e ampliar o acesso \u00e0 inclus\u00e3o e \u00e0 autonomia digital, por meio de um conte\u00fado atual, pr\u00e1tico e acess\u00edvel. Entre os temas abordados, est\u00e3o o uso de e-mail e organiza\u00e7\u00e3o de documentos, introdu\u00e7\u00e3o \u00e0 intelig\u00eancia artificial, identifica\u00e7\u00e3o de fake news e o acesso a servi\u00e7os p\u00fablicos digitais.<\/p>\n\n\n\n<p>A Seres Piau\u00ed teve o importante papel de mobilizar as lideran\u00e7as e associa\u00e7\u00f5es que participam do OPA, em Piripiri, para participarem e se capacitarem. O curso foi um sucesso e teve bastante participa\u00e7\u00e3o popular.<\/p>\n\n\n\n<p>Desde junho, o CapacitIA j\u00e1 capacitou turmas em Teresina (com cinco edi\u00e7\u00f5es), Parna\u00edba, Picos, Floriano e chegou a sua segunda edi\u00e7\u00e3o em Piripiri, reafirmando o compromisso do Governo do Piau\u00ed com a forma\u00e7\u00e3o digital das comunidades.<\/p>\n\n\n\n<p><\/p>\n\n\n\n<figure class=\"wp-block-gallery has-nested-images columns-default is-cropped wp-block-gallery-1 is-layout-flex\">\n<figure class=\"wp-block-image size-large\"><img decoding=\"async\" loading=\"lazy\" width=\"768\" height=\"1024\" data-id=\"4160\"  src=\"https:\/\/portal.pi.gov.br\/seres\/wp-content\/uploads\/sites\/87\/2025\/08\/7532a8c6-9cfd-4215-b575-eb2818f7b8bb-768x1024.jpeg\" alt=\"\" class=\"wp-image-4160\" srcset=\"https:\/\/portal.pi.gov.br\/seres\/wp-content\/uploads\/sites\/87\/2025\/08\/7532a8c6-9cfd-4215-b575-eb2818f7b8bb-768x1024.jpeg 768w, https:\/\/portal.pi.gov.br\/seres\/wp-content\/uploads\/sites\/87\/2025\/08\/7532a8c6-9cfd-4215-b575-eb2818f7b8bb-225x300.jpeg 225w, https:\/\/portal.pi.gov.br\/seres\/wp-content\/uploads\/sites\/87\/2025\/08\/7532a8c6-9cfd-4215-b575-eb2818f7b8bb-315x420.jpeg 315w, https:\/\/portal.pi.gov.br\/seres\/wp-content\/uploads\/sites\/87\/2025\/08\/7532a8c6-9cfd-4215-b575-eb2818f7b8bb-405x540.jpeg 405w, https:\/\/portal.pi.gov.br\/seres\/wp-content\/uploads\/sites\/87\/2025\/08\/7532a8c6-9cfd-4215-b575-eb2818f7b8bb-585x780.jpeg 585w, https:\/\/portal.pi.gov.br\/seres\/wp-content\/uploads\/sites\/87\/2025\/08\/7532a8c6-9cfd-4215-b575-eb2818f7b8bb-1152x1536.jpeg 1152w, https:\/\/portal.pi.gov.br\/seres\/wp-content\/uploads\/sites\/87\/2025\/08\/7532a8c6-9cfd-4215-b575-eb2818f7b8bb-1536x2048.jpeg 1536w, https:\/\/portal.pi.gov.br\/seres\/wp-content\/uploads\/sites\/87\/2025\/08\/7532a8c6-9cfd-4215-b575-eb2818f7b8bb-947x1263.jpeg 947w, https:\/\/portal.pi.gov.br\/seres\/wp-content\/uploads\/sites\/87\/2025\/08\/7532a8c6-9cfd-4215-b575-eb2818f7b8bb-624x832.jpeg 624w, https:\/\/portal.pi.gov.br\/seres\/wp-content\/uploads\/sites\/87\/2025\/08\/7532a8c6-9cfd-4215-b575-eb2818f7b8bb-scaled.jpeg 1920w\" sizes=\"(max-width: 768px) 100vw, 768px\" \/><\/figure>\n\n\n\n<figure class=\"wp-block-image size-large\"><img decoding=\"async\" loading=\"lazy\" width=\"768\" height=\"1024\" data-id=\"4158\"  src=\"https:\/\/portal.pi.gov.br\/seres\/wp-content\/uploads\/sites\/87\/2025\/08\/7e3143d6-0bee-4260-ba7f-066fc5de4668-768x1024.jpeg\" alt=\"\" class=\"wp-image-4158\" srcset=\"https:\/\/portal.pi.gov.br\/seres\/wp-content\/uploads\/sites\/87\/2025\/08\/7e3143d6-0bee-4260-ba7f-066fc5de4668-768x1024.jpeg 768w, https:\/\/portal.pi.gov.br\/seres\/wp-content\/uploads\/sites\/87\/2025\/08\/7e3143d6-0bee-4260-ba7f-066fc5de4668-225x300.jpeg 225w, https:\/\/portal.pi.gov.br\/seres\/wp-content\/uploads\/sites\/87\/2025\/08\/7e3143d6-0bee-4260-ba7f-066fc5de4668-315x420.jpeg 315w, https:\/\/portal.pi.gov.br\/seres\/wp-content\/uploads\/sites\/87\/2025\/08\/7e3143d6-0bee-4260-ba7f-066fc5de4668-405x540.jpeg 405w, https:\/\/portal.pi.gov.br\/seres\/wp-content\/uploads\/sites\/87\/2025\/08\/7e3143d6-0bee-4260-ba7f-066fc5de4668-585x780.jpeg 585w, https:\/\/portal.pi.gov.br\/seres\/wp-content\/uploads\/sites\/87\/2025\/08\/7e3143d6-0bee-4260-ba7f-066fc5de4668-1152x1536.jpeg 1152w, https:\/\/portal.pi.gov.br\/seres\/wp-content\/uploads\/sites\/87\/2025\/08\/7e3143d6-0bee-4260-ba7f-066fc5de4668-1536x2048.jpeg 1536w, https:\/\/portal.pi.gov.br\/seres\/wp-content\/uploads\/sites\/87\/2025\/08\/7e3143d6-0bee-4260-ba7f-066fc5de4668-947x1263.jpeg 947w, https:\/\/portal.pi.gov.br\/seres\/wp-content\/uploads\/sites\/87\/2025\/08\/7e3143d6-0bee-4260-ba7f-066fc5de4668-624x832.jpeg 624w, https:\/\/portal.pi.gov.br\/seres\/wp-content\/uploads\/sites\/87\/2025\/08\/7e3143d6-0bee-4260-ba7f-066fc5de4668-scaled.jpeg 1920w\" sizes=\"(max-width: 768px) 100vw, 768px\" \/><\/figure>\n\n\n\n<figure class=\"wp-block-image size-large\"><img decoding=\"async\" loading=\"lazy\" width=\"768\" height=\"1024\" data-id=\"4157\"  src=\"https:\/\/portal.pi.gov.br\/seres\/wp-content\/uploads\/sites\/87\/2025\/08\/0a366e56-c5dc-4085-a473-11d06101f4f0-768x1024.jpeg\" alt=\"\" class=\"wp-image-4157\" srcset=\"https:\/\/portal.pi.gov.br\/seres\/wp-content\/uploads\/sites\/87\/2025\/08\/0a366e56-c5dc-4085-a473-11d06101f4f0-768x1024.jpeg 768w, https:\/\/portal.pi.gov.br\/seres\/wp-content\/uploads\/sites\/87\/2025\/08\/0a366e56-c5dc-4085-a473-11d06101f4f0-225x300.jpeg 225w, https:\/\/portal.pi.gov.br\/seres\/wp-content\/uploads\/sites\/87\/2025\/08\/0a366e56-c5dc-4085-a473-11d06101f4f0-315x420.jpeg 315w, https:\/\/portal.pi.gov.br\/seres\/wp-content\/uploads\/sites\/87\/2025\/08\/0a366e56-c5dc-4085-a473-11d06101f4f0-405x540.jpeg 405w, https:\/\/portal.pi.gov.br\/seres\/wp-content\/uploads\/sites\/87\/2025\/08\/0a366e56-c5dc-4085-a473-11d06101f4f0-585x780.jpeg 585w, https:\/\/portal.pi.gov.br\/seres\/wp-content\/uploads\/sites\/87\/2025\/08\/0a366e56-c5dc-4085-a473-11d06101f4f0-1152x1536.jpeg 1152w, https:\/\/portal.pi.gov.br\/seres\/wp-content\/uploads\/sites\/87\/2025\/08\/0a366e56-c5dc-4085-a473-11d06101f4f0-1536x2048.jpeg 1536w, https:\/\/portal.pi.gov.br\/seres\/wp-content\/uploads\/sites\/87\/2025\/08\/0a366e56-c5dc-4085-a473-11d06101f4f0-947x1263.jpeg 947w, https:\/\/portal.pi.gov.br\/seres\/wp-content\/uploads\/sites\/87\/2025\/08\/0a366e56-c5dc-4085-a473-11d06101f4f0-624x832.jpeg 624w, https:\/\/portal.pi.gov.br\/seres\/wp-content\/uploads\/sites\/87\/2025\/08\/0a366e56-c5dc-4085-a473-11d06101f4f0-scaled.jpeg 1920w\" sizes=\"(max-width: 768px) 100vw, 768px\" \/><\/figure>\n<\/figure>\n\n\n\n<p><\/p>\n\n\n\n<p><strong><em>Com informa\u00e7\u00f5es da Seplan <\/em><\/strong><\/p>\n","protected":false},"excerpt":{"rendered":"<p>O curso de intelig\u00eancia artificial capacita as lideran\u00e7as e fortalece o papel das associa\u00e7\u00f5es no processo de participa\u00e7\u00e3o popular. No \u00faltimo s\u00e1bado, 9 de agosto, a cidade de Piripiri sediou [&hellip;]<\/p>\n","protected":false},"author":1821,"featured_media":4164,"comment_status":"closed","ping_status":"closed","sticky":true,"template":"","format":"standard","meta":[],"categories":[34],"tags":[62,47],"featured_image_urls":{"full":["https:\/\/portal.pi.gov.br\/seres\/wp-content\/uploads\/sites\/87\/2025\/08\/cc592c27-4027-49c0-a741-19c3fefb8b7a-scaled.jpeg",2560,1302,false],"thumbnail":["https:\/\/portal.pi.gov.br\/seres\/wp-content\/uploads\/sites\/87\/2025\/08\/cc592c27-4027-49c0-a741-19c3fefb8b7a-150x150.jpeg",150,150,true],"medium":["https:\/\/portal.pi.gov.br\/seres\/wp-content\/uploads\/sites\/87\/2025\/08\/cc592c27-4027-49c0-a741-19c3fefb8b7a-300x153.jpeg",300,153,true],"medium_large":["https:\/\/portal.pi.gov.br\/seres\/wp-content\/uploads\/sites\/87\/2025\/08\/cc592c27-4027-49c0-a741-19c3fefb8b7a-768x390.jpeg",768,390,true],"large":["https:\/\/portal.pi.gov.br\/seres\/wp-content\/uploads\/sites\/87\/2025\/08\/cc592c27-4027-49c0-a741-19c3fefb8b7a-1024x521.jpeg",887,451,true],"sgg-420":["https:\/\/portal.pi.gov.br\/seres\/wp-content\/uploads\/sites\/87\/2025\/08\/cc592c27-4027-49c0-a741-19c3fefb8b7a-420x214.jpeg",420,214,true],"sgg-540":["https:\/\/portal.pi.gov.br\/seres\/wp-content\/uploads\/sites\/87\/2025\/08\/cc592c27-4027-49c0-a741-19c3fefb8b7a-540x275.jpeg",540,275,true],"sgg-780":["https:\/\/portal.pi.gov.br\/seres\/wp-content\/uploads\/sites\/87\/2025\/08\/cc592c27-4027-49c0-a741-19c3fefb8b7a-780x397.jpeg",780,397,true],"1536x1536":["https:\/\/portal.pi.gov.br\/seres\/wp-content\/uploads\/sites\/87\/2025\/08\/cc592c27-4027-49c0-a741-19c3fefb8b7a-1536x781.jpeg",1536,781,true],"2048x2048":["https:\/\/portal.pi.gov.br\/seres\/wp-content\/uploads\/sites\/87\/2025\/08\/cc592c27-4027-49c0-a741-19c3fefb8b7a-2048x1041.jpeg",2048,1041,true],"homepage-slider":["https:\/\/portal.pi.gov.br\/seres\/wp-content\/uploads\/sites\/87\/2025\/08\/cc592c27-4027-49c0-a741-19c3fefb8b7a-1270x500.jpeg",1270,500,true],"homepage-slider-small":["https:\/\/portal.pi.gov.br\/seres\/wp-content\/uploads\/sites\/87\/2025\/08\/cc592c27-4027-49c0-a741-19c3fefb8b7a-947x500.jpeg",947,500,true],"page-top":["https:\/\/portal.pi.gov.br\/seres\/wp-content\/uploads\/sites\/87\/2025\/08\/cc592c27-4027-49c0-a741-19c3fefb8b7a-947x481.jpeg",947,481,true],"page-small":["https:\/\/portal.pi.gov.br\/seres\/wp-content\/uploads\/sites\/87\/2025\/08\/cc592c27-4027-49c0-a741-19c3fefb8b7a-624x317.jpeg",624,317,true],"loop-main":["https:\/\/portal.pi.gov.br\/seres\/wp-content\/uploads\/sites\/87\/2025\/08\/cc592c27-4027-49c0-a741-19c3fefb8b7a-365x240.jpeg",365,240,true],"thumb-gallery-widget":["https:\/\/portal.pi.gov.br\/seres\/wp-content\/uploads\/sites\/87\/2025\/08\/cc592c27-4027-49c0-a741-19c3fefb8b7a-84x56.jpeg",84,56,true]},"post_excerpt_stackable":"<p>O curso de intelig\u00eancia artificial capacita as lideran\u00e7as e fortalece o papel das associa\u00e7\u00f5es no processo de participa\u00e7\u00e3o popular. No \u00faltimo s\u00e1bado, 9 de agosto, a cidade de Piripiri sediou mais uma edi\u00e7\u00e3o do CapacitIA, curso gratuito que est\u00e1 transformando o acesso ao conhecimento digital para lideran\u00e7as comunit\u00e1rias de todo o Piau\u00ed. A capacita\u00e7\u00e3o aconteceu das 8h \u00e0s 12h, na sede da Secretaria de Fazenda do munic\u00edpio. Voltado para representantes de entidades que participam do Or\u00e7amento Participativo Digital (OPA), o CapacitIA \u00e9 uma iniciativa do Governo do Estado do Piau\u00ed, coordenada pela Secretaria do Planejamento (Seplan), em parceria com a&hellip;<\/p>\n","category_list":"<a href=\"https:\/\/portal.pi.gov.br\/seres\/category\/noticias\/\" rel=\"category tag\">Not\u00edcias<\/a>","author_info":{"name":"alineraquel","url":"https:\/\/portal.pi.gov.br\/seres\/author\/alineraquel\/"},"comments_num":"0 coment\u00e1rio","featured_image_urls_v2":{"full":["https:\/\/portal.pi.gov.br\/seres\/wp-content\/uploads\/sites\/87\/2025\/08\/cc592c27-4027-49c0-a741-19c3fefb8b7a-scaled.jpeg",2560,1302,false],"thumbnail":["https:\/\/portal.pi.gov.br\/seres\/wp-content\/uploads\/sites\/87\/2025\/08\/cc592c27-4027-49c0-a741-19c3fefb8b7a-150x150.jpeg",150,150,true],"medium":["https:\/\/portal.pi.gov.br\/seres\/wp-content\/uploads\/sites\/87\/2025\/08\/cc592c27-4027-49c0-a741-19c3fefb8b7a-300x153.jpeg",300,153,true],"medium_large":["https:\/\/portal.pi.gov.br\/seres\/wp-content\/uploads\/sites\/87\/2025\/08\/cc592c27-4027-49c0-a741-19c3fefb8b7a-768x390.jpeg",768,390,true],"large":["https:\/\/portal.pi.gov.br\/seres\/wp-content\/uploads\/sites\/87\/2025\/08\/cc592c27-4027-49c0-a741-19c3fefb8b7a-1024x521.jpeg",887,451,true],"sgg-420":["https:\/\/portal.pi.gov.br\/seres\/wp-content\/uploads\/sites\/87\/2025\/08\/cc592c27-4027-49c0-a741-19c3fefb8b7a-420x214.jpeg",420,214,true],"sgg-540":["https:\/\/portal.pi.gov.br\/seres\/wp-content\/uploads\/sites\/87\/2025\/08\/cc592c27-4027-49c0-a741-19c3fefb8b7a-540x275.jpeg",540,275,true],"sgg-780":["https:\/\/portal.pi.gov.br\/seres\/wp-content\/uploads\/sites\/87\/2025\/08\/cc592c27-4027-49c0-a741-19c3fefb8b7a-780x397.jpeg",780,397,true],"1536x1536":["https:\/\/portal.pi.gov.br\/seres\/wp-content\/uploads\/sites\/87\/2025\/08\/cc592c27-4027-49c0-a741-19c3fefb8b7a-1536x781.jpeg",1536,781,true],"2048x2048":["https:\/\/portal.pi.gov.br\/seres\/wp-content\/uploads\/sites\/87\/2025\/08\/cc592c27-4027-49c0-a741-19c3fefb8b7a-2048x1041.jpeg",2048,1041,true],"homepage-slider":["https:\/\/portal.pi.gov.br\/seres\/wp-content\/uploads\/sites\/87\/2025\/08\/cc592c27-4027-49c0-a741-19c3fefb8b7a-1270x500.jpeg",1270,500,true],"homepage-slider-small":["https:\/\/portal.pi.gov.br\/seres\/wp-content\/uploads\/sites\/87\/2025\/08\/cc592c27-4027-49c0-a741-19c3fefb8b7a-947x500.jpeg",947,500,true],"page-top":["https:\/\/portal.pi.gov.br\/seres\/wp-content\/uploads\/sites\/87\/2025\/08\/cc592c27-4027-49c0-a741-19c3fefb8b7a-947x481.jpeg",947,481,true],"page-small":["https:\/\/portal.pi.gov.br\/seres\/wp-content\/uploads\/sites\/87\/2025\/08\/cc592c27-4027-49c0-a741-19c3fefb8b7a-624x317.jpeg",624,317,true],"loop-main":["https:\/\/portal.pi.gov.br\/seres\/wp-content\/uploads\/sites\/87\/2025\/08\/cc592c27-4027-49c0-a741-19c3fefb8b7a-365x240.jpeg",365,240,true],"thumb-gallery-widget":["https:\/\/portal.pi.gov.br\/seres\/wp-content\/uploads\/sites\/87\/2025\/08\/cc592c27-4027-49c0-a741-19c3fefb8b7a-84x56.jpeg",84,56,true]},"post_excerpt_stackable_v2":"<p>O curso de intelig\u00eancia artificial capacita as lideran\u00e7as e fortalece o papel das associa\u00e7\u00f5es no processo de participa\u00e7\u00e3o popular. No \u00faltimo s\u00e1bado, 9 de agosto, a cidade de Piripiri sediou mais uma edi\u00e7\u00e3o do CapacitIA, curso gratuito que est\u00e1 transformando o acesso ao conhecimento digital para lideran\u00e7as comunit\u00e1rias de todo o Piau\u00ed. A capacita\u00e7\u00e3o aconteceu das 8h \u00e0s 12h, na sede da Secretaria de Fazenda do munic\u00edpio. Voltado para representantes de entidades que participam do Or\u00e7amento Participativo Digital (OPA), o CapacitIA \u00e9 uma iniciativa do Governo do Estado do Piau\u00ed, coordenada pela Secretaria do Planejamento (Seplan), em parceria com a&hellip;<\/p>\n","category_list_v2":"<a href=\"https:\/\/portal.pi.gov.br\/seres\/category\/noticias\/\" rel=\"category tag\">Not\u00edcias<\/a>","author_info_v2":{"name":"alineraquel","url":"https:\/\/portal.pi.gov.br\/seres\/author\/alineraquel\/"},"comments_num_v2":"0 coment\u00e1rio","jetpack_featured_media_url":"https:\/\/portal.pi.gov.br\/seres\/wp-content\/uploads\/sites\/87\/2025\/08\/cc592c27-4027-49c0-a741-19c3fefb8b7a-scaled.jpeg","_links":{"self":[{"href":"https:\/\/portal.pi.gov.br\/seres\/wp-json\/wp\/v2\/posts\/4162"}],"collection":[{"href":"https:\/\/portal.pi.gov.br\/seres\/wp-json\/wp\/v2\/posts"}],"about":[{"href":"https:\/\/portal.pi.gov.br\/seres\/wp-json\/wp\/v2\/types\/post"}],"author":[{"embeddable":true,"href":"https:\/\/portal.pi.gov.br\/seres\/wp-json\/wp\/v2\/users\/1821"}],"replies":[{"embeddable":true,"href":"https:\/\/portal.pi.gov.br\/seres\/wp-json\/wp\/v2\/comments?post=4162"}],"version-history":[{"count":1,"href":"https:\/\/portal.pi.gov.br\/seres\/wp-json\/wp\/v2\/posts\/4162\/revisions"}],"predecessor-version":[{"id":4163,"href":"https:\/\/portal.pi.gov.br\/seres\/wp-json\/wp\/v2\/posts\/4162\/revisions\/4163"}],"wp:featuredmedia":[{"embeddable":true,"href":"https:\/\/portal.pi.gov.br\/seres\/wp-json\/wp\/v2\/media\/4164"}],"wp:attachment":[{"href":"https:\/\/portal.pi.gov.br\/seres\/wp-json\/wp\/v2\/media?parent=4162"}],"wp:term":[{"taxonomy":"category","embeddable":true,"href":"https:\/\/portal.pi.gov.br\/seres\/wp-json\/wp\/v2\/categories?post=4162"},{"taxonomy":"post_tag","embeddable":true,"href":"https:\/\/portal.pi.gov.br\/seres\/wp-json\/wp\/v2\/tags?post=4162"}],"curies":[{"name":"wp","href":"https:\/\/api.w.org\/{rel}","templated":true}]}}