{"id":4192,"date":"2025-08-14T12:07:09","date_gmt":"2025-08-14T15:07:09","guid":{"rendered":"https:\/\/portal.pi.gov.br\/seres\/?p=4192"},"modified":"2025-08-14T12:10:58","modified_gmt":"2025-08-14T15:10:58","slug":"seres-e-porto-piaui-discutem-direitos-de-comunidades-tradicionais-na-implantacao-do-tup-no-piaui","status":"publish","type":"post","link":"https:\/\/portal.pi.gov.br\/seres\/2025\/08\/14\/seres-e-porto-piaui-discutem-direitos-de-comunidades-tradicionais-na-implantacao-do-tup-no-piaui\/","title":{"rendered":"Seres e Porto Piau\u00ed discutem direitos de comunidades tradicionais na implanta\u00e7\u00e3o do TUP no Piau\u00ed"},"content":{"rendered":"\n<p><\/p>\n\n\n\n<p>A reuni\u00e3o tratou da primeira Consulta Pr\u00e9via Livre e Informada para o plano de trabalho sobre o Terminal de Uso Privado (TUP), que ser\u00e1 implantado em Lu\u00eds Correia.<\/p>\n\n\n\n<figure class=\"wp-block-image size-large\"><img decoding=\"async\" loading=\"lazy\" width=\"1024\" height=\"768\" src=\"https:\/\/portal.pi.gov.br\/seres\/wp-content\/uploads\/sites\/87\/2025\/08\/900ea792-8c20-4321-903d-0c10f4fd901a-1024x768.jpeg\" alt=\"\" class=\"wp-image-4188\" srcset=\"https:\/\/portal.pi.gov.br\/seres\/wp-content\/uploads\/sites\/87\/2025\/08\/900ea792-8c20-4321-903d-0c10f4fd901a-1024x768.jpeg 1024w, https:\/\/portal.pi.gov.br\/seres\/wp-content\/uploads\/sites\/87\/2025\/08\/900ea792-8c20-4321-903d-0c10f4fd901a-300x225.jpeg 300w, https:\/\/portal.pi.gov.br\/seres\/wp-content\/uploads\/sites\/87\/2025\/08\/900ea792-8c20-4321-903d-0c10f4fd901a-768x576.jpeg 768w, https:\/\/portal.pi.gov.br\/seres\/wp-content\/uploads\/sites\/87\/2025\/08\/900ea792-8c20-4321-903d-0c10f4fd901a-420x315.jpeg 420w, https:\/\/portal.pi.gov.br\/seres\/wp-content\/uploads\/sites\/87\/2025\/08\/900ea792-8c20-4321-903d-0c10f4fd901a-540x405.jpeg 540w, https:\/\/portal.pi.gov.br\/seres\/wp-content\/uploads\/sites\/87\/2025\/08\/900ea792-8c20-4321-903d-0c10f4fd901a-780x585.jpeg 780w, https:\/\/portal.pi.gov.br\/seres\/wp-content\/uploads\/sites\/87\/2025\/08\/900ea792-8c20-4321-903d-0c10f4fd901a-1536x1152.jpeg 1536w, https:\/\/portal.pi.gov.br\/seres\/wp-content\/uploads\/sites\/87\/2025\/08\/900ea792-8c20-4321-903d-0c10f4fd901a-2048x1536.jpeg 2048w, https:\/\/portal.pi.gov.br\/seres\/wp-content\/uploads\/sites\/87\/2025\/08\/900ea792-8c20-4321-903d-0c10f4fd901a-947x710.jpeg 947w, https:\/\/portal.pi.gov.br\/seres\/wp-content\/uploads\/sites\/87\/2025\/08\/900ea792-8c20-4321-903d-0c10f4fd901a-624x468.jpeg 624w\" sizes=\"(max-width: 1024px) 100vw, 1024px\" \/><\/figure>\n\n\n\n<p><\/p>\n\n\n\n<p>A secret\u00e1ria das Rela\u00e7\u00f5es Sociais, N\u00fabia Lopes, esteve presente nesta quarta (13) na reuni\u00e3o t\u00e9cnica voltada \u00e0 apresenta\u00e7\u00e3o, discuss\u00e3o e escuta de contribui\u00e7\u00f5es sobre o processo participativo para a implanta\u00e7\u00e3o do Terminal de Uso Privado (TUP) no estado do Piau\u00ed. A reuni\u00e3o aconteceu na sede da Porto Piau\u00ed, em Lu\u00eds Correia.<\/p>\n\n\n\n<p>A iniciativa, denominada de primeira Consulta Pr\u00e9via Livre e Informada, insere-se no contexto das a\u00e7\u00f5es vinculadas \u00e0 implanta\u00e7\u00e3o do Terminal e representou um etapa fundamental para a constru\u00e7\u00e3o de um processo dial\u00f3gico que respeite e valorize os direitos das popula\u00e7\u00f5es tradicionais envolvidas no processo. A Seres teve a importante a mobiliza\u00e7\u00e3o e inser\u00e7\u00e3o das comunidades nos di\u00e1logos.<\/p>\n\n\n\n<p>&#8220;Agradecemos o convite para esse momento t\u00e3o importante, estamos contribuindo atrav\u00e9s da nossa secretaria que trabalha diretamente com a sociedade civil organizada e com as comunidades tradicionais aqui na Plan\u00edcie Litor\u00e2nea. Ficamos felizes porque conseguimos nesse encontro, com a contribui\u00e7\u00e3o de todas as institui\u00e7\u00f5es, das secretarias e representantes da sociedade civil, j\u00e1 pensarmos no pr\u00f3ximo momento com as comunidades. Escutamos e entendemos que esse momento de consulta pr\u00e9via e esclarecida foi norteador para a implementa\u00e7\u00e3o desse projeto que est\u00e1 trazendo desenvolvimento para a regi\u00e3o, e as comunidades tradicionais est\u00e3o sendo inclu\u00eddas. Que a gente estreite cada vez mais essa rela\u00e7\u00e3o com as organiza\u00e7\u00f5es da sociedade civil, respeitando as comunidades tradicionais, que \u00e9 isso que a Porto Piau\u00ed est\u00e1 fazendo nesse momento&#8221;, enfatizou a secret\u00e1ria N\u00fabia Lopes.<\/p>\n\n\n\n<p>O encontro foi coordenado pela vice-presidente da Companhia de Terminais, Portos e Hidrovias do Piau\u00ed S\/A \u2013 Porto Piau\u00ed, Maria Cristina, e sua equipe t\u00e9cnica, al\u00e9m das presen\u00e7as de representantes demais institui\u00e7\u00f5es governamentais e da sociedade civil.<\/p>\n\n\n\n<p><\/p>\n\n\n\n<figure class=\"wp-block-gallery has-nested-images columns-default is-cropped wp-block-gallery-1 is-layout-flex\">\n<figure class=\"wp-block-image size-large\"><img decoding=\"async\" loading=\"lazy\" width=\"1024\" height=\"768\" data-id=\"4187\"  src=\"https:\/\/portal.pi.gov.br\/seres\/wp-content\/uploads\/sites\/87\/2025\/08\/61c304bd-13d8-4f5d-a285-a556edaed5d7-1024x768.jpeg\" alt=\"\" class=\"wp-image-4187\" srcset=\"https:\/\/portal.pi.gov.br\/seres\/wp-content\/uploads\/sites\/87\/2025\/08\/61c304bd-13d8-4f5d-a285-a556edaed5d7-1024x768.jpeg 1024w, https:\/\/portal.pi.gov.br\/seres\/wp-content\/uploads\/sites\/87\/2025\/08\/61c304bd-13d8-4f5d-a285-a556edaed5d7-300x225.jpeg 300w, https:\/\/portal.pi.gov.br\/seres\/wp-content\/uploads\/sites\/87\/2025\/08\/61c304bd-13d8-4f5d-a285-a556edaed5d7-768x576.jpeg 768w, https:\/\/portal.pi.gov.br\/seres\/wp-content\/uploads\/sites\/87\/2025\/08\/61c304bd-13d8-4f5d-a285-a556edaed5d7-420x315.jpeg 420w, https:\/\/portal.pi.gov.br\/seres\/wp-content\/uploads\/sites\/87\/2025\/08\/61c304bd-13d8-4f5d-a285-a556edaed5d7-540x405.jpeg 540w, https:\/\/portal.pi.gov.br\/seres\/wp-content\/uploads\/sites\/87\/2025\/08\/61c304bd-13d8-4f5d-a285-a556edaed5d7-780x585.jpeg 780w, https:\/\/portal.pi.gov.br\/seres\/wp-content\/uploads\/sites\/87\/2025\/08\/61c304bd-13d8-4f5d-a285-a556edaed5d7-1536x1152.jpeg 1536w, https:\/\/portal.pi.gov.br\/seres\/wp-content\/uploads\/sites\/87\/2025\/08\/61c304bd-13d8-4f5d-a285-a556edaed5d7-2048x1536.jpeg 2048w, https:\/\/portal.pi.gov.br\/seres\/wp-content\/uploads\/sites\/87\/2025\/08\/61c304bd-13d8-4f5d-a285-a556edaed5d7-947x710.jpeg 947w, https:\/\/portal.pi.gov.br\/seres\/wp-content\/uploads\/sites\/87\/2025\/08\/61c304bd-13d8-4f5d-a285-a556edaed5d7-624x468.jpeg 624w\" sizes=\"(max-width: 1024px) 100vw, 1024px\" \/><\/figure>\n\n\n\n<figure class=\"wp-block-image size-large\"><img decoding=\"async\" loading=\"lazy\" width=\"1024\" height=\"768\" data-id=\"4185\"  src=\"https:\/\/portal.pi.gov.br\/seres\/wp-content\/uploads\/sites\/87\/2025\/08\/4cd35ff5-689d-4bf2-8835-ebb284a6214c-1024x768.jpeg\" alt=\"\" class=\"wp-image-4185\" srcset=\"https:\/\/portal.pi.gov.br\/seres\/wp-content\/uploads\/sites\/87\/2025\/08\/4cd35ff5-689d-4bf2-8835-ebb284a6214c-1024x768.jpeg 1024w, https:\/\/portal.pi.gov.br\/seres\/wp-content\/uploads\/sites\/87\/2025\/08\/4cd35ff5-689d-4bf2-8835-ebb284a6214c-300x225.jpeg 300w, https:\/\/portal.pi.gov.br\/seres\/wp-content\/uploads\/sites\/87\/2025\/08\/4cd35ff5-689d-4bf2-8835-ebb284a6214c-768x576.jpeg 768w, https:\/\/portal.pi.gov.br\/seres\/wp-content\/uploads\/sites\/87\/2025\/08\/4cd35ff5-689d-4bf2-8835-ebb284a6214c-420x315.jpeg 420w, https:\/\/portal.pi.gov.br\/seres\/wp-content\/uploads\/sites\/87\/2025\/08\/4cd35ff5-689d-4bf2-8835-ebb284a6214c-540x405.jpeg 540w, https:\/\/portal.pi.gov.br\/seres\/wp-content\/uploads\/sites\/87\/2025\/08\/4cd35ff5-689d-4bf2-8835-ebb284a6214c-780x585.jpeg 780w, https:\/\/portal.pi.gov.br\/seres\/wp-content\/uploads\/sites\/87\/2025\/08\/4cd35ff5-689d-4bf2-8835-ebb284a6214c-1536x1152.jpeg 1536w, https:\/\/portal.pi.gov.br\/seres\/wp-content\/uploads\/sites\/87\/2025\/08\/4cd35ff5-689d-4bf2-8835-ebb284a6214c-2048x1536.jpeg 2048w, https:\/\/portal.pi.gov.br\/seres\/wp-content\/uploads\/sites\/87\/2025\/08\/4cd35ff5-689d-4bf2-8835-ebb284a6214c-947x710.jpeg 947w, https:\/\/portal.pi.gov.br\/seres\/wp-content\/uploads\/sites\/87\/2025\/08\/4cd35ff5-689d-4bf2-8835-ebb284a6214c-624x468.jpeg 624w\" sizes=\"(max-width: 1024px) 100vw, 1024px\" \/><\/figure>\n\n\n\n<figure class=\"wp-block-image size-large\"><img decoding=\"async\" loading=\"lazy\" width=\"1024\" height=\"768\" data-id=\"4186\"  src=\"https:\/\/portal.pi.gov.br\/seres\/wp-content\/uploads\/sites\/87\/2025\/08\/5f3be51b-c7b5-42cf-bcd8-2a545908590f-1024x768.jpeg\" alt=\"\" class=\"wp-image-4186\" srcset=\"https:\/\/portal.pi.gov.br\/seres\/wp-content\/uploads\/sites\/87\/2025\/08\/5f3be51b-c7b5-42cf-bcd8-2a545908590f-1024x768.jpeg 1024w, https:\/\/portal.pi.gov.br\/seres\/wp-content\/uploads\/sites\/87\/2025\/08\/5f3be51b-c7b5-42cf-bcd8-2a545908590f-300x225.jpeg 300w, https:\/\/portal.pi.gov.br\/seres\/wp-content\/uploads\/sites\/87\/2025\/08\/5f3be51b-c7b5-42cf-bcd8-2a545908590f-768x576.jpeg 768w, https:\/\/portal.pi.gov.br\/seres\/wp-content\/uploads\/sites\/87\/2025\/08\/5f3be51b-c7b5-42cf-bcd8-2a545908590f-420x315.jpeg 420w, https:\/\/portal.pi.gov.br\/seres\/wp-content\/uploads\/sites\/87\/2025\/08\/5f3be51b-c7b5-42cf-bcd8-2a545908590f-540x405.jpeg 540w, https:\/\/portal.pi.gov.br\/seres\/wp-content\/uploads\/sites\/87\/2025\/08\/5f3be51b-c7b5-42cf-bcd8-2a545908590f-780x585.jpeg 780w, https:\/\/portal.pi.gov.br\/seres\/wp-content\/uploads\/sites\/87\/2025\/08\/5f3be51b-c7b5-42cf-bcd8-2a545908590f-1536x1152.jpeg 1536w, https:\/\/portal.pi.gov.br\/seres\/wp-content\/uploads\/sites\/87\/2025\/08\/5f3be51b-c7b5-42cf-bcd8-2a545908590f-2048x1536.jpeg 2048w, https:\/\/portal.pi.gov.br\/seres\/wp-content\/uploads\/sites\/87\/2025\/08\/5f3be51b-c7b5-42cf-bcd8-2a545908590f-947x710.jpeg 947w, https:\/\/portal.pi.gov.br\/seres\/wp-content\/uploads\/sites\/87\/2025\/08\/5f3be51b-c7b5-42cf-bcd8-2a545908590f-624x468.jpeg 624w\" sizes=\"(max-width: 1024px) 100vw, 1024px\" \/><\/figure>\n\n\n\n<figure class=\"wp-block-image size-large\"><img decoding=\"async\" loading=\"lazy\" width=\"1024\" height=\"768\" data-id=\"4189\"  src=\"https:\/\/portal.pi.gov.br\/seres\/wp-content\/uploads\/sites\/87\/2025\/08\/2869b636-5244-4590-9402-bd55ca513281-1024x768.jpeg\" alt=\"\" class=\"wp-image-4189\" srcset=\"https:\/\/portal.pi.gov.br\/seres\/wp-content\/uploads\/sites\/87\/2025\/08\/2869b636-5244-4590-9402-bd55ca513281-1024x768.jpeg 1024w, https:\/\/portal.pi.gov.br\/seres\/wp-content\/uploads\/sites\/87\/2025\/08\/2869b636-5244-4590-9402-bd55ca513281-300x225.jpeg 300w, https:\/\/portal.pi.gov.br\/seres\/wp-content\/uploads\/sites\/87\/2025\/08\/2869b636-5244-4590-9402-bd55ca513281-768x576.jpeg 768w, https:\/\/portal.pi.gov.br\/seres\/wp-content\/uploads\/sites\/87\/2025\/08\/2869b636-5244-4590-9402-bd55ca513281-420x315.jpeg 420w, https:\/\/portal.pi.gov.br\/seres\/wp-content\/uploads\/sites\/87\/2025\/08\/2869b636-5244-4590-9402-bd55ca513281-540x405.jpeg 540w, https:\/\/portal.pi.gov.br\/seres\/wp-content\/uploads\/sites\/87\/2025\/08\/2869b636-5244-4590-9402-bd55ca513281-780x585.jpeg 780w, https:\/\/portal.pi.gov.br\/seres\/wp-content\/uploads\/sites\/87\/2025\/08\/2869b636-5244-4590-9402-bd55ca513281-1536x1152.jpeg 1536w, https:\/\/portal.pi.gov.br\/seres\/wp-content\/uploads\/sites\/87\/2025\/08\/2869b636-5244-4590-9402-bd55ca513281-2048x1536.jpeg 2048w, https:\/\/portal.pi.gov.br\/seres\/wp-content\/uploads\/sites\/87\/2025\/08\/2869b636-5244-4590-9402-bd55ca513281-947x710.jpeg 947w, https:\/\/portal.pi.gov.br\/seres\/wp-content\/uploads\/sites\/87\/2025\/08\/2869b636-5244-4590-9402-bd55ca513281-624x468.jpeg 624w\" sizes=\"(max-width: 1024px) 100vw, 1024px\" \/><\/figure>\n\n\n\n<figure class=\"wp-block-image size-large\"><img decoding=\"async\" loading=\"lazy\" width=\"1024\" height=\"768\" data-id=\"4190\"  src=\"https:\/\/portal.pi.gov.br\/seres\/wp-content\/uploads\/sites\/87\/2025\/08\/4721a5bc-ab71-4ac3-a4d8-92499b11247e-1024x768.jpeg\" alt=\"\" class=\"wp-image-4190\" srcset=\"https:\/\/portal.pi.gov.br\/seres\/wp-content\/uploads\/sites\/87\/2025\/08\/4721a5bc-ab71-4ac3-a4d8-92499b11247e-1024x768.jpeg 1024w, https:\/\/portal.pi.gov.br\/seres\/wp-content\/uploads\/sites\/87\/2025\/08\/4721a5bc-ab71-4ac3-a4d8-92499b11247e-300x225.jpeg 300w, https:\/\/portal.pi.gov.br\/seres\/wp-content\/uploads\/sites\/87\/2025\/08\/4721a5bc-ab71-4ac3-a4d8-92499b11247e-768x576.jpeg 768w, https:\/\/portal.pi.gov.br\/seres\/wp-content\/uploads\/sites\/87\/2025\/08\/4721a5bc-ab71-4ac3-a4d8-92499b11247e-420x315.jpeg 420w, https:\/\/portal.pi.gov.br\/seres\/wp-content\/uploads\/sites\/87\/2025\/08\/4721a5bc-ab71-4ac3-a4d8-92499b11247e-540x405.jpeg 540w, https:\/\/portal.pi.gov.br\/seres\/wp-content\/uploads\/sites\/87\/2025\/08\/4721a5bc-ab71-4ac3-a4d8-92499b11247e-780x585.jpeg 780w, https:\/\/portal.pi.gov.br\/seres\/wp-content\/uploads\/sites\/87\/2025\/08\/4721a5bc-ab71-4ac3-a4d8-92499b11247e-1536x1152.jpeg 1536w, https:\/\/portal.pi.gov.br\/seres\/wp-content\/uploads\/sites\/87\/2025\/08\/4721a5bc-ab71-4ac3-a4d8-92499b11247e-2048x1536.jpeg 2048w, https:\/\/portal.pi.gov.br\/seres\/wp-content\/uploads\/sites\/87\/2025\/08\/4721a5bc-ab71-4ac3-a4d8-92499b11247e-947x710.jpeg 947w, https:\/\/portal.pi.gov.br\/seres\/wp-content\/uploads\/sites\/87\/2025\/08\/4721a5bc-ab71-4ac3-a4d8-92499b11247e-624x468.jpeg 624w\" sizes=\"(max-width: 1024px) 100vw, 1024px\" \/><\/figure>\n<\/figure>\n\n\n\n<p><\/p>\n\n\n\n<p>Fotos: Natalina Alves<\/p>\n","protected":false},"excerpt":{"rendered":"<p>A reuni\u00e3o tratou da primeira Consulta Pr\u00e9via Livre e Informada para o plano de trabalho sobre o Terminal de Uso Privado (TUP), que ser\u00e1 implantado em Lu\u00eds Correia. A secret\u00e1ria [&hellip;]<\/p>\n","protected":false},"author":1821,"featured_media":4191,"comment_status":"closed","ping_status":"closed","sticky":true,"template":"","format":"standard","meta":[],"categories":[34],"tags":[],"featured_image_urls":{"full":["https:\/\/portal.pi.gov.br\/seres\/wp-content\/uploads\/sites\/87\/2025\/08\/30616fd1-7866-428d-9f86-1a1e8972e5c1-scaled.jpeg",2560,1920,false],"thumbnail":["https:\/\/portal.pi.gov.br\/seres\/wp-content\/uploads\/sites\/87\/2025\/08\/30616fd1-7866-428d-9f86-1a1e8972e5c1-150x150.jpeg",150,150,true],"medium":["https:\/\/portal.pi.gov.br\/seres\/wp-content\/uploads\/sites\/87\/2025\/08\/30616fd1-7866-428d-9f86-1a1e8972e5c1-300x225.jpeg",300,225,true],"medium_large":["https:\/\/portal.pi.gov.br\/seres\/wp-content\/uploads\/sites\/87\/2025\/08\/30616fd1-7866-428d-9f86-1a1e8972e5c1-768x576.jpeg",768,576,true],"large":["https:\/\/portal.pi.gov.br\/seres\/wp-content\/uploads\/sites\/87\/2025\/08\/30616fd1-7866-428d-9f86-1a1e8972e5c1-1024x768.jpeg",887,665,true],"sgg-420":["https:\/\/portal.pi.gov.br\/seres\/wp-content\/uploads\/sites\/87\/2025\/08\/30616fd1-7866-428d-9f86-1a1e8972e5c1-420x315.jpeg",420,315,true],"sgg-540":["https:\/\/portal.pi.gov.br\/seres\/wp-content\/uploads\/sites\/87\/2025\/08\/30616fd1-7866-428d-9f86-1a1e8972e5c1-540x405.jpeg",540,405,true],"sgg-780":["https:\/\/portal.pi.gov.br\/seres\/wp-content\/uploads\/sites\/87\/2025\/08\/30616fd1-7866-428d-9f86-1a1e8972e5c1-780x585.jpeg",780,585,true],"1536x1536":["https:\/\/portal.pi.gov.br\/seres\/wp-content\/uploads\/sites\/87\/2025\/08\/30616fd1-7866-428d-9f86-1a1e8972e5c1-1536x1152.jpeg",1536,1152,true],"2048x2048":["https:\/\/portal.pi.gov.br\/seres\/wp-content\/uploads\/sites\/87\/2025\/08\/30616fd1-7866-428d-9f86-1a1e8972e5c1-2048x1536.jpeg",2048,1536,true],"homepage-slider":["https:\/\/portal.pi.gov.br\/seres\/wp-content\/uploads\/sites\/87\/2025\/08\/30616fd1-7866-428d-9f86-1a1e8972e5c1-1270x500.jpeg",1270,500,true],"homepage-slider-small":["https:\/\/portal.pi.gov.br\/seres\/wp-content\/uploads\/sites\/87\/2025\/08\/30616fd1-7866-428d-9f86-1a1e8972e5c1-947x500.jpeg",947,500,true],"page-top":["https:\/\/portal.pi.gov.br\/seres\/wp-content\/uploads\/sites\/87\/2025\/08\/30616fd1-7866-428d-9f86-1a1e8972e5c1-947x710.jpeg",947,710,true],"page-small":["https:\/\/portal.pi.gov.br\/seres\/wp-content\/uploads\/sites\/87\/2025\/08\/30616fd1-7866-428d-9f86-1a1e8972e5c1-624x468.jpeg",624,468,true],"loop-main":["https:\/\/portal.pi.gov.br\/seres\/wp-content\/uploads\/sites\/87\/2025\/08\/30616fd1-7866-428d-9f86-1a1e8972e5c1-365x240.jpeg",365,240,true],"thumb-gallery-widget":["https:\/\/portal.pi.gov.br\/seres\/wp-content\/uploads\/sites\/87\/2025\/08\/30616fd1-7866-428d-9f86-1a1e8972e5c1-84x56.jpeg",84,56,true]},"post_excerpt_stackable":"<p>A reuni\u00e3o tratou da primeira Consulta Pr\u00e9via Livre e Informada para o plano de trabalho sobre o Terminal de Uso Privado (TUP), que ser\u00e1 implantado em Lu\u00eds Correia. A secret\u00e1ria das Rela\u00e7\u00f5es Sociais, N\u00fabia Lopes, esteve presente nesta quarta (13) na reuni\u00e3o t\u00e9cnica voltada \u00e0 apresenta\u00e7\u00e3o, discuss\u00e3o e escuta de contribui\u00e7\u00f5es sobre o processo participativo para a implanta\u00e7\u00e3o do Terminal de Uso Privado (TUP) no estado do Piau\u00ed. A reuni\u00e3o aconteceu na sede da Porto Piau\u00ed, em Lu\u00eds Correia. A iniciativa, denominada de primeira Consulta Pr\u00e9via Livre e Informada, insere-se no contexto das a\u00e7\u00f5es vinculadas \u00e0 implanta\u00e7\u00e3o do Terminal e&hellip;<\/p>\n","category_list":"<a href=\"https:\/\/portal.pi.gov.br\/seres\/category\/noticias\/\" rel=\"category tag\">Not\u00edcias<\/a>","author_info":{"name":"alineraquel","url":"https:\/\/portal.pi.gov.br\/seres\/author\/alineraquel\/"},"comments_num":"0 coment\u00e1rio","featured_image_urls_v2":{"full":["https:\/\/portal.pi.gov.br\/seres\/wp-content\/uploads\/sites\/87\/2025\/08\/30616fd1-7866-428d-9f86-1a1e8972e5c1-scaled.jpeg",2560,1920,false],"thumbnail":["https:\/\/portal.pi.gov.br\/seres\/wp-content\/uploads\/sites\/87\/2025\/08\/30616fd1-7866-428d-9f86-1a1e8972e5c1-150x150.jpeg",150,150,true],"medium":["https:\/\/portal.pi.gov.br\/seres\/wp-content\/uploads\/sites\/87\/2025\/08\/30616fd1-7866-428d-9f86-1a1e8972e5c1-300x225.jpeg",300,225,true],"medium_large":["https:\/\/portal.pi.gov.br\/seres\/wp-content\/uploads\/sites\/87\/2025\/08\/30616fd1-7866-428d-9f86-1a1e8972e5c1-768x576.jpeg",768,576,true],"large":["https:\/\/portal.pi.gov.br\/seres\/wp-content\/uploads\/sites\/87\/2025\/08\/30616fd1-7866-428d-9f86-1a1e8972e5c1-1024x768.jpeg",887,665,true],"sgg-420":["https:\/\/portal.pi.gov.br\/seres\/wp-content\/uploads\/sites\/87\/2025\/08\/30616fd1-7866-428d-9f86-1a1e8972e5c1-420x315.jpeg",420,315,true],"sgg-540":["https:\/\/portal.pi.gov.br\/seres\/wp-content\/uploads\/sites\/87\/2025\/08\/30616fd1-7866-428d-9f86-1a1e8972e5c1-540x405.jpeg",540,405,true],"sgg-780":["https:\/\/portal.pi.gov.br\/seres\/wp-content\/uploads\/sites\/87\/2025\/08\/30616fd1-7866-428d-9f86-1a1e8972e5c1-780x585.jpeg",780,585,true],"1536x1536":["https:\/\/portal.pi.gov.br\/seres\/wp-content\/uploads\/sites\/87\/2025\/08\/30616fd1-7866-428d-9f86-1a1e8972e5c1-1536x1152.jpeg",1536,1152,true],"2048x2048":["https:\/\/portal.pi.gov.br\/seres\/wp-content\/uploads\/sites\/87\/2025\/08\/30616fd1-7866-428d-9f86-1a1e8972e5c1-2048x1536.jpeg",2048,1536,true],"homepage-slider":["https:\/\/portal.pi.gov.br\/seres\/wp-content\/uploads\/sites\/87\/2025\/08\/30616fd1-7866-428d-9f86-1a1e8972e5c1-1270x500.jpeg",1270,500,true],"homepage-slider-small":["https:\/\/portal.pi.gov.br\/seres\/wp-content\/uploads\/sites\/87\/2025\/08\/30616fd1-7866-428d-9f86-1a1e8972e5c1-947x500.jpeg",947,500,true],"page-top":["https:\/\/portal.pi.gov.br\/seres\/wp-content\/uploads\/sites\/87\/2025\/08\/30616fd1-7866-428d-9f86-1a1e8972e5c1-947x710.jpeg",947,710,true],"page-small":["https:\/\/portal.pi.gov.br\/seres\/wp-content\/uploads\/sites\/87\/2025\/08\/30616fd1-7866-428d-9f86-1a1e8972e5c1-624x468.jpeg",624,468,true],"loop-main":["https:\/\/portal.pi.gov.br\/seres\/wp-content\/uploads\/sites\/87\/2025\/08\/30616fd1-7866-428d-9f86-1a1e8972e5c1-365x240.jpeg",365,240,true],"thumb-gallery-widget":["https:\/\/portal.pi.gov.br\/seres\/wp-content\/uploads\/sites\/87\/2025\/08\/30616fd1-7866-428d-9f86-1a1e8972e5c1-84x56.jpeg",84,56,true]},"post_excerpt_stackable_v2":"<p>A reuni\u00e3o tratou da primeira Consulta Pr\u00e9via Livre e Informada para o plano de trabalho sobre o Terminal de Uso Privado (TUP), que ser\u00e1 implantado em Lu\u00eds Correia. A secret\u00e1ria das Rela\u00e7\u00f5es Sociais, N\u00fabia Lopes, esteve presente nesta quarta (13) na reuni\u00e3o t\u00e9cnica voltada \u00e0 apresenta\u00e7\u00e3o, discuss\u00e3o e escuta de contribui\u00e7\u00f5es sobre o processo participativo para a implanta\u00e7\u00e3o do Terminal de Uso Privado (TUP) no estado do Piau\u00ed. A reuni\u00e3o aconteceu na sede da Porto Piau\u00ed, em Lu\u00eds Correia. A iniciativa, denominada de primeira Consulta Pr\u00e9via Livre e Informada, insere-se no contexto das a\u00e7\u00f5es vinculadas \u00e0 implanta\u00e7\u00e3o do Terminal e&hellip;<\/p>\n","category_list_v2":"<a href=\"https:\/\/portal.pi.gov.br\/seres\/category\/noticias\/\" rel=\"category tag\">Not\u00edcias<\/a>","author_info_v2":{"name":"alineraquel","url":"https:\/\/portal.pi.gov.br\/seres\/author\/alineraquel\/"},"comments_num_v2":"0 coment\u00e1rio","jetpack_featured_media_url":"https:\/\/portal.pi.gov.br\/seres\/wp-content\/uploads\/sites\/87\/2025\/08\/30616fd1-7866-428d-9f86-1a1e8972e5c1-scaled.jpeg","_links":{"self":[{"href":"https:\/\/portal.pi.gov.br\/seres\/wp-json\/wp\/v2\/posts\/4192"}],"collection":[{"href":"https:\/\/portal.pi.gov.br\/seres\/wp-json\/wp\/v2\/posts"}],"about":[{"href":"https:\/\/portal.pi.gov.br\/seres\/wp-json\/wp\/v2\/types\/post"}],"author":[{"embeddable":true,"href":"https:\/\/portal.pi.gov.br\/seres\/wp-json\/wp\/v2\/users\/1821"}],"replies":[{"embeddable":true,"href":"https:\/\/portal.pi.gov.br\/seres\/wp-json\/wp\/v2\/comments?post=4192"}],"version-history":[{"count":2,"href":"https:\/\/portal.pi.gov.br\/seres\/wp-json\/wp\/v2\/posts\/4192\/revisions"}],"predecessor-version":[{"id":4195,"href":"https:\/\/portal.pi.gov.br\/seres\/wp-json\/wp\/v2\/posts\/4192\/revisions\/4195"}],"wp:featuredmedia":[{"embeddable":true,"href":"https:\/\/portal.pi.gov.br\/seres\/wp-json\/wp\/v2\/media\/4191"}],"wp:attachment":[{"href":"https:\/\/portal.pi.gov.br\/seres\/wp-json\/wp\/v2\/media?parent=4192"}],"wp:term":[{"taxonomy":"category","embeddable":true,"href":"https:\/\/portal.pi.gov.br\/seres\/wp-json\/wp\/v2\/categories?post=4192"},{"taxonomy":"post_tag","embeddable":true,"href":"https:\/\/portal.pi.gov.br\/seres\/wp-json\/wp\/v2\/tags?post=4192"}],"curies":[{"name":"wp","href":"https:\/\/api.w.org\/{rel}","templated":true}]}}