{"id":4203,"date":"2025-08-14T15:39:35","date_gmt":"2025-08-14T18:39:35","guid":{"rendered":"https:\/\/portal.pi.gov.br\/seres\/?p=4203"},"modified":"2025-08-14T15:39:36","modified_gmt":"2025-08-14T18:39:36","slug":"seres-amplia-parcerias-com-conselhos-atraves-do-programa-lideranca-em-destaque","status":"publish","type":"post","link":"https:\/\/portal.pi.gov.br\/seres\/2025\/08\/14\/seres-amplia-parcerias-com-conselhos-atraves-do-programa-lideranca-em-destaque\/","title":{"rendered":"SERES amplia parcerias com conselhos atrav\u00e9s do programa &#8220;Lideran\u00e7a em Destaque&#8221;"},"content":{"rendered":"\n<p>Os conselheiros municipais dos direitos da crian\u00e7a e do adolescente de Teresina recebem as capacita\u00e7\u00f5es do programa nesta quinta (14) e sexta (15).<\/p>\n\n\n\n<figure class=\"wp-block-image size-large\"><img decoding=\"async\" loading=\"lazy\" width=\"1024\" height=\"768\" src=\"https:\/\/portal.pi.gov.br\/seres\/wp-content\/uploads\/sites\/87\/2025\/08\/e7e5a505-0af0-4304-8eec-17ff3c0ffcdd-1024x768.jpeg\" alt=\"\" class=\"wp-image-4199\" srcset=\"https:\/\/portal.pi.gov.br\/seres\/wp-content\/uploads\/sites\/87\/2025\/08\/e7e5a505-0af0-4304-8eec-17ff3c0ffcdd-1024x768.jpeg 1024w, https:\/\/portal.pi.gov.br\/seres\/wp-content\/uploads\/sites\/87\/2025\/08\/e7e5a505-0af0-4304-8eec-17ff3c0ffcdd-300x225.jpeg 300w, https:\/\/portal.pi.gov.br\/seres\/wp-content\/uploads\/sites\/87\/2025\/08\/e7e5a505-0af0-4304-8eec-17ff3c0ffcdd-768x576.jpeg 768w, https:\/\/portal.pi.gov.br\/seres\/wp-content\/uploads\/sites\/87\/2025\/08\/e7e5a505-0af0-4304-8eec-17ff3c0ffcdd-420x315.jpeg 420w, https:\/\/portal.pi.gov.br\/seres\/wp-content\/uploads\/sites\/87\/2025\/08\/e7e5a505-0af0-4304-8eec-17ff3c0ffcdd-540x405.jpeg 540w, https:\/\/portal.pi.gov.br\/seres\/wp-content\/uploads\/sites\/87\/2025\/08\/e7e5a505-0af0-4304-8eec-17ff3c0ffcdd-780x585.jpeg 780w, https:\/\/portal.pi.gov.br\/seres\/wp-content\/uploads\/sites\/87\/2025\/08\/e7e5a505-0af0-4304-8eec-17ff3c0ffcdd-1536x1152.jpeg 1536w, https:\/\/portal.pi.gov.br\/seres\/wp-content\/uploads\/sites\/87\/2025\/08\/e7e5a505-0af0-4304-8eec-17ff3c0ffcdd-2048x1536.jpeg 2048w, https:\/\/portal.pi.gov.br\/seres\/wp-content\/uploads\/sites\/87\/2025\/08\/e7e5a505-0af0-4304-8eec-17ff3c0ffcdd-947x710.jpeg 947w, https:\/\/portal.pi.gov.br\/seres\/wp-content\/uploads\/sites\/87\/2025\/08\/e7e5a505-0af0-4304-8eec-17ff3c0ffcdd-624x468.jpeg 624w\" sizes=\"(max-width: 1024px) 100vw, 1024px\" \/><\/figure>\n\n\n\n<p><\/p>\n\n\n\n<p>A Secretaria de Estado das Rela\u00e7\u00f5es Sociais (SERES) e a Escola de Gestores da Secretaria de Estado da Administra\u00e7\u00e3o, em parceria com o Conselho Municipal dos Direitos da Crian\u00e7a e do Adolescente de Teresina (CMDCAT), est\u00e3o promovendo capacita\u00e7\u00f5es para conselheiros(as) atrav\u00e9s do programa &#8220;Lideran\u00e7a em Destaque&#8221;. O programa visa oferecer forma\u00e7\u00e3o e capacita\u00e7\u00e3o para l\u00edderes de organiza\u00e7\u00f5es da sociedade civil, com o objetivo de ampliar a participa\u00e7\u00e3o dessas lideran\u00e7as na constru\u00e7\u00e3o de pol\u00edticas p\u00fablicas.\u00a0<\/p>\n\n\n\n<p>A abertura das capacita\u00e7\u00f5es aconteceu nesta quinta (14), no audit\u00f3rio do Instituto de Cidadania Digital, e contou com a presen\u00e7a da secret\u00e1ria de Estado das Rela\u00e7\u00f5es Sociais, N\u00fabia Lopes, que destacou a import\u00e2ncia de investir no fortalecimento dos atores do Sistema de Garantia de Direitos da Crian\u00e7a e do Adolescente.<\/p>\n\n\n\n<p>O Lideran\u00e7a em Destaque oferece dois cursos estrat\u00e9gicos: &#8220;Capacita\u00e7\u00e3o para Concorrer a Editais P\u00fablicos&#8221; e &#8220;T\u00e9cnicas de Comunica\u00e7\u00e3o Assertiva para Lideran\u00e7as&#8221;. Hoje, foi ministrado o curso &#8220;Capacita\u00e7\u00e3o para Concorrer a Editais P\u00fablicos&#8221;, com a professora Luciana Abreu. J\u00e1 nesta sexta (15), ser\u00e1 ministrado o &#8220;T\u00e9cnicas de Comunica\u00e7\u00e3o Assertiva para Lideran\u00e7as&#8221;, com a professora Raquel Gedelha.<\/p>\n\n\n\n<p>&#8220;Fizemos essa parceria para trabalhar a comunica\u00e7\u00e3o assertiva e o curso de elabora\u00e7\u00e3o de projetos para concorrer a editais, fortalecendo assim o terceiro setor para atuar, cada vez mais assertivamente, dentro dos conselhos para melhorar a vida das crian\u00e7as e dos adolescentes de Teresina&#8221;, disse a secret\u00e1ria N\u00fabia Lopes.<\/p>\n\n\n\n<p>A iniciativa atende a uma demanda do CMDCAT e representa um passo importante na forma\u00e7\u00e3o de lideran\u00e7as mais preparadas para atuar com efici\u00eancia e impacto social positivo. Atualmente, o Conselho Municipal dos Direitos da Crian\u00e7a e do Adolescente (CMDCAT) \u00e9 presido por Djan Moreira, que tamb\u00e9m j\u00e1 foi Ouvidor-Geral Externo da Defensoria P\u00fablica do Estado do Piau\u00ed.<\/p>\n\n\n\n<p>&#8220;Estamos muito felizes com essa parceria com a SERES e a Escola de Governo, para qualificar nossos conselheiros e conselheiras,  e tamb\u00e9m os membros das organiza\u00e7\u00f5es da sociedade civil. A expectativa \u00e9 que com esses cursos, os conselheiros e os representantes da sociedade civil possam melhorar mais ainda a suas atua\u00e7\u00f5es nos seus trabalhos e no dia a dia&#8221;, destacou Djan Moreira, presidente do CMDCAT.<\/p>\n\n\n\n<p><\/p>\n\n\n\n<figure class=\"wp-block-gallery has-nested-images columns-default is-cropped wp-block-gallery-1 is-layout-flex\">\n<figure class=\"wp-block-image size-large\"><img decoding=\"async\" loading=\"lazy\" width=\"1024\" height=\"768\" data-id=\"4201\"  src=\"https:\/\/portal.pi.gov.br\/seres\/wp-content\/uploads\/sites\/87\/2025\/08\/f02ad3c7-2278-4c51-afa7-87348073cc07-1024x768.jpeg\" alt=\"\" class=\"wp-image-4201\" srcset=\"https:\/\/portal.pi.gov.br\/seres\/wp-content\/uploads\/sites\/87\/2025\/08\/f02ad3c7-2278-4c51-afa7-87348073cc07-1024x768.jpeg 1024w, https:\/\/portal.pi.gov.br\/seres\/wp-content\/uploads\/sites\/87\/2025\/08\/f02ad3c7-2278-4c51-afa7-87348073cc07-300x225.jpeg 300w, https:\/\/portal.pi.gov.br\/seres\/wp-content\/uploads\/sites\/87\/2025\/08\/f02ad3c7-2278-4c51-afa7-87348073cc07-768x576.jpeg 768w, https:\/\/portal.pi.gov.br\/seres\/wp-content\/uploads\/sites\/87\/2025\/08\/f02ad3c7-2278-4c51-afa7-87348073cc07-420x315.jpeg 420w, https:\/\/portal.pi.gov.br\/seres\/wp-content\/uploads\/sites\/87\/2025\/08\/f02ad3c7-2278-4c51-afa7-87348073cc07-540x405.jpeg 540w, https:\/\/portal.pi.gov.br\/seres\/wp-content\/uploads\/sites\/87\/2025\/08\/f02ad3c7-2278-4c51-afa7-87348073cc07-780x585.jpeg 780w, https:\/\/portal.pi.gov.br\/seres\/wp-content\/uploads\/sites\/87\/2025\/08\/f02ad3c7-2278-4c51-afa7-87348073cc07-1536x1152.jpeg 1536w, https:\/\/portal.pi.gov.br\/seres\/wp-content\/uploads\/sites\/87\/2025\/08\/f02ad3c7-2278-4c51-afa7-87348073cc07-2048x1536.jpeg 2048w, https:\/\/portal.pi.gov.br\/seres\/wp-content\/uploads\/sites\/87\/2025\/08\/f02ad3c7-2278-4c51-afa7-87348073cc07-947x710.jpeg 947w, https:\/\/portal.pi.gov.br\/seres\/wp-content\/uploads\/sites\/87\/2025\/08\/f02ad3c7-2278-4c51-afa7-87348073cc07-624x468.jpeg 624w\" sizes=\"(max-width: 1024px) 100vw, 1024px\" \/><\/figure>\n\n\n\n<figure class=\"wp-block-image size-large\"><img decoding=\"async\" loading=\"lazy\" width=\"874\" height=\"1024\" data-id=\"4198\"  src=\"https:\/\/portal.pi.gov.br\/seres\/wp-content\/uploads\/sites\/87\/2025\/08\/1638efaf-4405-4675-969c-2aae947125bc-874x1024.jpeg\" alt=\"\" class=\"wp-image-4198\" srcset=\"https:\/\/portal.pi.gov.br\/seres\/wp-content\/uploads\/sites\/87\/2025\/08\/1638efaf-4405-4675-969c-2aae947125bc-874x1024.jpeg 874w, https:\/\/portal.pi.gov.br\/seres\/wp-content\/uploads\/sites\/87\/2025\/08\/1638efaf-4405-4675-969c-2aae947125bc-256x300.jpeg 256w, https:\/\/portal.pi.gov.br\/seres\/wp-content\/uploads\/sites\/87\/2025\/08\/1638efaf-4405-4675-969c-2aae947125bc-768x900.jpeg 768w, https:\/\/portal.pi.gov.br\/seres\/wp-content\/uploads\/sites\/87\/2025\/08\/1638efaf-4405-4675-969c-2aae947125bc-358x420.jpeg 358w, https:\/\/portal.pi.gov.br\/seres\/wp-content\/uploads\/sites\/87\/2025\/08\/1638efaf-4405-4675-969c-2aae947125bc-461x540.jpeg 461w, https:\/\/portal.pi.gov.br\/seres\/wp-content\/uploads\/sites\/87\/2025\/08\/1638efaf-4405-4675-969c-2aae947125bc-665x780.jpeg 665w, https:\/\/portal.pi.gov.br\/seres\/wp-content\/uploads\/sites\/87\/2025\/08\/1638efaf-4405-4675-969c-2aae947125bc-1310x1536.jpeg 1310w, https:\/\/portal.pi.gov.br\/seres\/wp-content\/uploads\/sites\/87\/2025\/08\/1638efaf-4405-4675-969c-2aae947125bc-1747x2048.jpeg 1747w, https:\/\/portal.pi.gov.br\/seres\/wp-content\/uploads\/sites\/87\/2025\/08\/1638efaf-4405-4675-969c-2aae947125bc-947x1110.jpeg 947w, https:\/\/portal.pi.gov.br\/seres\/wp-content\/uploads\/sites\/87\/2025\/08\/1638efaf-4405-4675-969c-2aae947125bc-624x732.jpeg 624w\" sizes=\"(max-width: 874px) 100vw, 874px\" \/><\/figure>\n\n\n\n<figure class=\"wp-block-image size-large\"><img decoding=\"async\" loading=\"lazy\" width=\"1024\" height=\"768\" data-id=\"4197\"  src=\"https:\/\/portal.pi.gov.br\/seres\/wp-content\/uploads\/sites\/87\/2025\/08\/1b774b70-9414-4865-ac27-f2259a12d387-1024x768.jpeg\" alt=\"\" class=\"wp-image-4197\" srcset=\"https:\/\/portal.pi.gov.br\/seres\/wp-content\/uploads\/sites\/87\/2025\/08\/1b774b70-9414-4865-ac27-f2259a12d387-1024x768.jpeg 1024w, https:\/\/portal.pi.gov.br\/seres\/wp-content\/uploads\/sites\/87\/2025\/08\/1b774b70-9414-4865-ac27-f2259a12d387-300x225.jpeg 300w, https:\/\/portal.pi.gov.br\/seres\/wp-content\/uploads\/sites\/87\/2025\/08\/1b774b70-9414-4865-ac27-f2259a12d387-768x576.jpeg 768w, https:\/\/portal.pi.gov.br\/seres\/wp-content\/uploads\/sites\/87\/2025\/08\/1b774b70-9414-4865-ac27-f2259a12d387-420x315.jpeg 420w, https:\/\/portal.pi.gov.br\/seres\/wp-content\/uploads\/sites\/87\/2025\/08\/1b774b70-9414-4865-ac27-f2259a12d387-540x405.jpeg 540w, https:\/\/portal.pi.gov.br\/seres\/wp-content\/uploads\/sites\/87\/2025\/08\/1b774b70-9414-4865-ac27-f2259a12d387-780x585.jpeg 780w, https:\/\/portal.pi.gov.br\/seres\/wp-content\/uploads\/sites\/87\/2025\/08\/1b774b70-9414-4865-ac27-f2259a12d387-1536x1152.jpeg 1536w, https:\/\/portal.pi.gov.br\/seres\/wp-content\/uploads\/sites\/87\/2025\/08\/1b774b70-9414-4865-ac27-f2259a12d387-2048x1536.jpeg 2048w, https:\/\/portal.pi.gov.br\/seres\/wp-content\/uploads\/sites\/87\/2025\/08\/1b774b70-9414-4865-ac27-f2259a12d387-947x710.jpeg 947w, https:\/\/portal.pi.gov.br\/seres\/wp-content\/uploads\/sites\/87\/2025\/08\/1b774b70-9414-4865-ac27-f2259a12d387-624x468.jpeg 624w\" sizes=\"(max-width: 1024px) 100vw, 1024px\" \/><\/figure>\n\n\n\n<figure class=\"wp-block-image size-large\"><img decoding=\"async\" loading=\"lazy\" width=\"1024\" height=\"768\" data-id=\"4199\"  src=\"https:\/\/portal.pi.gov.br\/seres\/wp-content\/uploads\/sites\/87\/2025\/08\/e7e5a505-0af0-4304-8eec-17ff3c0ffcdd-1024x768.jpeg\" alt=\"\" class=\"wp-image-4199\" srcset=\"https:\/\/portal.pi.gov.br\/seres\/wp-content\/uploads\/sites\/87\/2025\/08\/e7e5a505-0af0-4304-8eec-17ff3c0ffcdd-1024x768.jpeg 1024w, https:\/\/portal.pi.gov.br\/seres\/wp-content\/uploads\/sites\/87\/2025\/08\/e7e5a505-0af0-4304-8eec-17ff3c0ffcdd-300x225.jpeg 300w, https:\/\/portal.pi.gov.br\/seres\/wp-content\/uploads\/sites\/87\/2025\/08\/e7e5a505-0af0-4304-8eec-17ff3c0ffcdd-768x576.jpeg 768w, https:\/\/portal.pi.gov.br\/seres\/wp-content\/uploads\/sites\/87\/2025\/08\/e7e5a505-0af0-4304-8eec-17ff3c0ffcdd-420x315.jpeg 420w, https:\/\/portal.pi.gov.br\/seres\/wp-content\/uploads\/sites\/87\/2025\/08\/e7e5a505-0af0-4304-8eec-17ff3c0ffcdd-540x405.jpeg 540w, https:\/\/portal.pi.gov.br\/seres\/wp-content\/uploads\/sites\/87\/2025\/08\/e7e5a505-0af0-4304-8eec-17ff3c0ffcdd-780x585.jpeg 780w, https:\/\/portal.pi.gov.br\/seres\/wp-content\/uploads\/sites\/87\/2025\/08\/e7e5a505-0af0-4304-8eec-17ff3c0ffcdd-1536x1152.jpeg 1536w, https:\/\/portal.pi.gov.br\/seres\/wp-content\/uploads\/sites\/87\/2025\/08\/e7e5a505-0af0-4304-8eec-17ff3c0ffcdd-2048x1536.jpeg 2048w, https:\/\/portal.pi.gov.br\/seres\/wp-content\/uploads\/sites\/87\/2025\/08\/e7e5a505-0af0-4304-8eec-17ff3c0ffcdd-947x710.jpeg 947w, https:\/\/portal.pi.gov.br\/seres\/wp-content\/uploads\/sites\/87\/2025\/08\/e7e5a505-0af0-4304-8eec-17ff3c0ffcdd-624x468.jpeg 624w\" sizes=\"(max-width: 1024px) 100vw, 1024px\" \/><\/figure>\n\n\n\n<figure class=\"wp-block-image size-large\"><img decoding=\"async\" loading=\"lazy\" width=\"768\" height=\"1024\" data-id=\"4200\"  src=\"https:\/\/portal.pi.gov.br\/seres\/wp-content\/uploads\/sites\/87\/2025\/08\/e594b3e0-d54b-4e8a-8aa5-9a07034f7d57-768x1024.jpeg\" alt=\"\" class=\"wp-image-4200\" srcset=\"https:\/\/portal.pi.gov.br\/seres\/wp-content\/uploads\/sites\/87\/2025\/08\/e594b3e0-d54b-4e8a-8aa5-9a07034f7d57-768x1024.jpeg 768w, https:\/\/portal.pi.gov.br\/seres\/wp-content\/uploads\/sites\/87\/2025\/08\/e594b3e0-d54b-4e8a-8aa5-9a07034f7d57-225x300.jpeg 225w, https:\/\/portal.pi.gov.br\/seres\/wp-content\/uploads\/sites\/87\/2025\/08\/e594b3e0-d54b-4e8a-8aa5-9a07034f7d57-315x420.jpeg 315w, https:\/\/portal.pi.gov.br\/seres\/wp-content\/uploads\/sites\/87\/2025\/08\/e594b3e0-d54b-4e8a-8aa5-9a07034f7d57-405x540.jpeg 405w, https:\/\/portal.pi.gov.br\/seres\/wp-content\/uploads\/sites\/87\/2025\/08\/e594b3e0-d54b-4e8a-8aa5-9a07034f7d57-585x780.jpeg 585w, https:\/\/portal.pi.gov.br\/seres\/wp-content\/uploads\/sites\/87\/2025\/08\/e594b3e0-d54b-4e8a-8aa5-9a07034f7d57-1152x1536.jpeg 1152w, https:\/\/portal.pi.gov.br\/seres\/wp-content\/uploads\/sites\/87\/2025\/08\/e594b3e0-d54b-4e8a-8aa5-9a07034f7d57-1536x2048.jpeg 1536w, https:\/\/portal.pi.gov.br\/seres\/wp-content\/uploads\/sites\/87\/2025\/08\/e594b3e0-d54b-4e8a-8aa5-9a07034f7d57-947x1263.jpeg 947w, https:\/\/portal.pi.gov.br\/seres\/wp-content\/uploads\/sites\/87\/2025\/08\/e594b3e0-d54b-4e8a-8aa5-9a07034f7d57-624x832.jpeg 624w, https:\/\/portal.pi.gov.br\/seres\/wp-content\/uploads\/sites\/87\/2025\/08\/e594b3e0-d54b-4e8a-8aa5-9a07034f7d57-scaled.jpeg 1920w\" sizes=\"(max-width: 768px) 100vw, 768px\" \/><\/figure>\n\n\n\n<figure class=\"wp-block-image size-large\"><img decoding=\"async\" loading=\"lazy\" width=\"1024\" height=\"768\" data-id=\"4202\"  src=\"https:\/\/portal.pi.gov.br\/seres\/wp-content\/uploads\/sites\/87\/2025\/08\/f298f1fd-ba95-4cfa-a485-7d83badb607b-1024x768.jpeg\" alt=\"\" class=\"wp-image-4202\" srcset=\"https:\/\/portal.pi.gov.br\/seres\/wp-content\/uploads\/sites\/87\/2025\/08\/f298f1fd-ba95-4cfa-a485-7d83badb607b-1024x768.jpeg 1024w, https:\/\/portal.pi.gov.br\/seres\/wp-content\/uploads\/sites\/87\/2025\/08\/f298f1fd-ba95-4cfa-a485-7d83badb607b-300x225.jpeg 300w, https:\/\/portal.pi.gov.br\/seres\/wp-content\/uploads\/sites\/87\/2025\/08\/f298f1fd-ba95-4cfa-a485-7d83badb607b-768x576.jpeg 768w, https:\/\/portal.pi.gov.br\/seres\/wp-content\/uploads\/sites\/87\/2025\/08\/f298f1fd-ba95-4cfa-a485-7d83badb607b-420x315.jpeg 420w, https:\/\/portal.pi.gov.br\/seres\/wp-content\/uploads\/sites\/87\/2025\/08\/f298f1fd-ba95-4cfa-a485-7d83badb607b-540x405.jpeg 540w, https:\/\/portal.pi.gov.br\/seres\/wp-content\/uploads\/sites\/87\/2025\/08\/f298f1fd-ba95-4cfa-a485-7d83badb607b-780x585.jpeg 780w, https:\/\/portal.pi.gov.br\/seres\/wp-content\/uploads\/sites\/87\/2025\/08\/f298f1fd-ba95-4cfa-a485-7d83badb607b-1536x1152.jpeg 1536w, https:\/\/portal.pi.gov.br\/seres\/wp-content\/uploads\/sites\/87\/2025\/08\/f298f1fd-ba95-4cfa-a485-7d83badb607b-2048x1536.jpeg 2048w, https:\/\/portal.pi.gov.br\/seres\/wp-content\/uploads\/sites\/87\/2025\/08\/f298f1fd-ba95-4cfa-a485-7d83badb607b-947x710.jpeg 947w, https:\/\/portal.pi.gov.br\/seres\/wp-content\/uploads\/sites\/87\/2025\/08\/f298f1fd-ba95-4cfa-a485-7d83badb607b-624x468.jpeg 624w\" sizes=\"(max-width: 1024px) 100vw, 1024px\" \/><\/figure>\n<\/figure>\n\n\n\n<p><\/p>\n\n\n\n<p><\/p>\n\n\n\n<p>Fotos: Vit\u00f3ria Luna <\/p>\n","protected":false},"excerpt":{"rendered":"<p>Os conselheiros municipais dos direitos da crian\u00e7a e do adolescente de Teresina recebem as capacita\u00e7\u00f5es do programa nesta quinta (14) e sexta (15). A Secretaria de Estado das Rela\u00e7\u00f5es Sociais [&hellip;]<\/p>\n","protected":false},"author":1821,"featured_media":4204,"comment_status":"closed","ping_status":"closed","sticky":true,"template":"","format":"standard","meta":[],"categories":[34],"tags":[47,41],"featured_image_urls":{"full":["https:\/\/portal.pi.gov.br\/seres\/wp-content\/uploads\/sites\/87\/2025\/08\/6aa52ff4-f463-4e52-ad88-6e6934ccf67a-scaled.jpeg",2560,1333,false],"thumbnail":["https:\/\/portal.pi.gov.br\/seres\/wp-content\/uploads\/sites\/87\/2025\/08\/6aa52ff4-f463-4e52-ad88-6e6934ccf67a-150x150.jpeg",150,150,true],"medium":["https:\/\/portal.pi.gov.br\/seres\/wp-content\/uploads\/sites\/87\/2025\/08\/6aa52ff4-f463-4e52-ad88-6e6934ccf67a-300x156.jpeg",300,156,true],"medium_large":["https:\/\/portal.pi.gov.br\/seres\/wp-content\/uploads\/sites\/87\/2025\/08\/6aa52ff4-f463-4e52-ad88-6e6934ccf67a-768x400.jpeg",768,400,true],"large":["https:\/\/portal.pi.gov.br\/seres\/wp-content\/uploads\/sites\/87\/2025\/08\/6aa52ff4-f463-4e52-ad88-6e6934ccf67a-1024x533.jpeg",887,462,true],"sgg-420":["https:\/\/portal.pi.gov.br\/seres\/wp-content\/uploads\/sites\/87\/2025\/08\/6aa52ff4-f463-4e52-ad88-6e6934ccf67a-420x219.jpeg",420,219,true],"sgg-540":["https:\/\/portal.pi.gov.br\/seres\/wp-content\/uploads\/sites\/87\/2025\/08\/6aa52ff4-f463-4e52-ad88-6e6934ccf67a-540x281.jpeg",540,281,true],"sgg-780":["https:\/\/portal.pi.gov.br\/seres\/wp-content\/uploads\/sites\/87\/2025\/08\/6aa52ff4-f463-4e52-ad88-6e6934ccf67a-780x406.jpeg",780,406,true],"1536x1536":["https:\/\/portal.pi.gov.br\/seres\/wp-content\/uploads\/sites\/87\/2025\/08\/6aa52ff4-f463-4e52-ad88-6e6934ccf67a-1536x800.jpeg",1536,800,true],"2048x2048":["https:\/\/portal.pi.gov.br\/seres\/wp-content\/uploads\/sites\/87\/2025\/08\/6aa52ff4-f463-4e52-ad88-6e6934ccf67a-2048x1067.jpeg",2048,1067,true],"homepage-slider":["https:\/\/portal.pi.gov.br\/seres\/wp-content\/uploads\/sites\/87\/2025\/08\/6aa52ff4-f463-4e52-ad88-6e6934ccf67a-1270x500.jpeg",1270,500,true],"homepage-slider-small":["https:\/\/portal.pi.gov.br\/seres\/wp-content\/uploads\/sites\/87\/2025\/08\/6aa52ff4-f463-4e52-ad88-6e6934ccf67a-947x500.jpeg",947,500,true],"page-top":["https:\/\/portal.pi.gov.br\/seres\/wp-content\/uploads\/sites\/87\/2025\/08\/6aa52ff4-f463-4e52-ad88-6e6934ccf67a-947x493.jpeg",947,493,true],"page-small":["https:\/\/portal.pi.gov.br\/seres\/wp-content\/uploads\/sites\/87\/2025\/08\/6aa52ff4-f463-4e52-ad88-6e6934ccf67a-624x325.jpeg",624,325,true],"loop-main":["https:\/\/portal.pi.gov.br\/seres\/wp-content\/uploads\/sites\/87\/2025\/08\/6aa52ff4-f463-4e52-ad88-6e6934ccf67a-365x240.jpeg",365,240,true],"thumb-gallery-widget":["https:\/\/portal.pi.gov.br\/seres\/wp-content\/uploads\/sites\/87\/2025\/08\/6aa52ff4-f463-4e52-ad88-6e6934ccf67a-84x56.jpeg",84,56,true]},"post_excerpt_stackable":"<p>Os conselheiros municipais dos direitos da crian\u00e7a e do adolescente de Teresina recebem as capacita\u00e7\u00f5es do programa nesta quinta (14) e sexta (15). A Secretaria de Estado das Rela\u00e7\u00f5es Sociais (SERES) e a Escola de Gestores da Secretaria de Estado da Administra\u00e7\u00e3o, em parceria com o Conselho Municipal dos Direitos da Crian\u00e7a e do Adolescente de Teresina (CMDCAT), est\u00e3o promovendo capacita\u00e7\u00f5es para conselheiros(as) atrav\u00e9s do programa &#8220;Lideran\u00e7a em Destaque&#8221;. O programa visa oferecer forma\u00e7\u00e3o e capacita\u00e7\u00e3o para l\u00edderes de organiza\u00e7\u00f5es da sociedade civil, com o objetivo de ampliar a participa\u00e7\u00e3o dessas lideran\u00e7as na constru\u00e7\u00e3o de pol\u00edticas p\u00fablicas.\u00a0 A abertura das&hellip;<\/p>\n","category_list":"<a href=\"https:\/\/portal.pi.gov.br\/seres\/category\/noticias\/\" rel=\"category tag\">Not\u00edcias<\/a>","author_info":{"name":"alineraquel","url":"https:\/\/portal.pi.gov.br\/seres\/author\/alineraquel\/"},"comments_num":"0 coment\u00e1rio","featured_image_urls_v2":{"full":["https:\/\/portal.pi.gov.br\/seres\/wp-content\/uploads\/sites\/87\/2025\/08\/6aa52ff4-f463-4e52-ad88-6e6934ccf67a-scaled.jpeg",2560,1333,false],"thumbnail":["https:\/\/portal.pi.gov.br\/seres\/wp-content\/uploads\/sites\/87\/2025\/08\/6aa52ff4-f463-4e52-ad88-6e6934ccf67a-150x150.jpeg",150,150,true],"medium":["https:\/\/portal.pi.gov.br\/seres\/wp-content\/uploads\/sites\/87\/2025\/08\/6aa52ff4-f463-4e52-ad88-6e6934ccf67a-300x156.jpeg",300,156,true],"medium_large":["https:\/\/portal.pi.gov.br\/seres\/wp-content\/uploads\/sites\/87\/2025\/08\/6aa52ff4-f463-4e52-ad88-6e6934ccf67a-768x400.jpeg",768,400,true],"large":["https:\/\/portal.pi.gov.br\/seres\/wp-content\/uploads\/sites\/87\/2025\/08\/6aa52ff4-f463-4e52-ad88-6e6934ccf67a-1024x533.jpeg",887,462,true],"sgg-420":["https:\/\/portal.pi.gov.br\/seres\/wp-content\/uploads\/sites\/87\/2025\/08\/6aa52ff4-f463-4e52-ad88-6e6934ccf67a-420x219.jpeg",420,219,true],"sgg-540":["https:\/\/portal.pi.gov.br\/seres\/wp-content\/uploads\/sites\/87\/2025\/08\/6aa52ff4-f463-4e52-ad88-6e6934ccf67a-540x281.jpeg",540,281,true],"sgg-780":["https:\/\/portal.pi.gov.br\/seres\/wp-content\/uploads\/sites\/87\/2025\/08\/6aa52ff4-f463-4e52-ad88-6e6934ccf67a-780x406.jpeg",780,406,true],"1536x1536":["https:\/\/portal.pi.gov.br\/seres\/wp-content\/uploads\/sites\/87\/2025\/08\/6aa52ff4-f463-4e52-ad88-6e6934ccf67a-1536x800.jpeg",1536,800,true],"2048x2048":["https:\/\/portal.pi.gov.br\/seres\/wp-content\/uploads\/sites\/87\/2025\/08\/6aa52ff4-f463-4e52-ad88-6e6934ccf67a-2048x1067.jpeg",2048,1067,true],"homepage-slider":["https:\/\/portal.pi.gov.br\/seres\/wp-content\/uploads\/sites\/87\/2025\/08\/6aa52ff4-f463-4e52-ad88-6e6934ccf67a-1270x500.jpeg",1270,500,true],"homepage-slider-small":["https:\/\/portal.pi.gov.br\/seres\/wp-content\/uploads\/sites\/87\/2025\/08\/6aa52ff4-f463-4e52-ad88-6e6934ccf67a-947x500.jpeg",947,500,true],"page-top":["https:\/\/portal.pi.gov.br\/seres\/wp-content\/uploads\/sites\/87\/2025\/08\/6aa52ff4-f463-4e52-ad88-6e6934ccf67a-947x493.jpeg",947,493,true],"page-small":["https:\/\/portal.pi.gov.br\/seres\/wp-content\/uploads\/sites\/87\/2025\/08\/6aa52ff4-f463-4e52-ad88-6e6934ccf67a-624x325.jpeg",624,325,true],"loop-main":["https:\/\/portal.pi.gov.br\/seres\/wp-content\/uploads\/sites\/87\/2025\/08\/6aa52ff4-f463-4e52-ad88-6e6934ccf67a-365x240.jpeg",365,240,true],"thumb-gallery-widget":["https:\/\/portal.pi.gov.br\/seres\/wp-content\/uploads\/sites\/87\/2025\/08\/6aa52ff4-f463-4e52-ad88-6e6934ccf67a-84x56.jpeg",84,56,true]},"post_excerpt_stackable_v2":"<p>Os conselheiros municipais dos direitos da crian\u00e7a e do adolescente de Teresina recebem as capacita\u00e7\u00f5es do programa nesta quinta (14) e sexta (15). A Secretaria de Estado das Rela\u00e7\u00f5es Sociais (SERES) e a Escola de Gestores da Secretaria de Estado da Administra\u00e7\u00e3o, em parceria com o Conselho Municipal dos Direitos da Crian\u00e7a e do Adolescente de Teresina (CMDCAT), est\u00e3o promovendo capacita\u00e7\u00f5es para conselheiros(as) atrav\u00e9s do programa &#8220;Lideran\u00e7a em Destaque&#8221;. O programa visa oferecer forma\u00e7\u00e3o e capacita\u00e7\u00e3o para l\u00edderes de organiza\u00e7\u00f5es da sociedade civil, com o objetivo de ampliar a participa\u00e7\u00e3o dessas lideran\u00e7as na constru\u00e7\u00e3o de pol\u00edticas p\u00fablicas.\u00a0 A abertura das&hellip;<\/p>\n","category_list_v2":"<a href=\"https:\/\/portal.pi.gov.br\/seres\/category\/noticias\/\" rel=\"category tag\">Not\u00edcias<\/a>","author_info_v2":{"name":"alineraquel","url":"https:\/\/portal.pi.gov.br\/seres\/author\/alineraquel\/"},"comments_num_v2":"0 coment\u00e1rio","jetpack_featured_media_url":"https:\/\/portal.pi.gov.br\/seres\/wp-content\/uploads\/sites\/87\/2025\/08\/6aa52ff4-f463-4e52-ad88-6e6934ccf67a-scaled.jpeg","_links":{"self":[{"href":"https:\/\/portal.pi.gov.br\/seres\/wp-json\/wp\/v2\/posts\/4203"}],"collection":[{"href":"https:\/\/portal.pi.gov.br\/seres\/wp-json\/wp\/v2\/posts"}],"about":[{"href":"https:\/\/portal.pi.gov.br\/seres\/wp-json\/wp\/v2\/types\/post"}],"author":[{"embeddable":true,"href":"https:\/\/portal.pi.gov.br\/seres\/wp-json\/wp\/v2\/users\/1821"}],"replies":[{"embeddable":true,"href":"https:\/\/portal.pi.gov.br\/seres\/wp-json\/wp\/v2\/comments?post=4203"}],"version-history":[{"count":1,"href":"https:\/\/portal.pi.gov.br\/seres\/wp-json\/wp\/v2\/posts\/4203\/revisions"}],"predecessor-version":[{"id":4205,"href":"https:\/\/portal.pi.gov.br\/seres\/wp-json\/wp\/v2\/posts\/4203\/revisions\/4205"}],"wp:featuredmedia":[{"embeddable":true,"href":"https:\/\/portal.pi.gov.br\/seres\/wp-json\/wp\/v2\/media\/4204"}],"wp:attachment":[{"href":"https:\/\/portal.pi.gov.br\/seres\/wp-json\/wp\/v2\/media?parent=4203"}],"wp:term":[{"taxonomy":"category","embeddable":true,"href":"https:\/\/portal.pi.gov.br\/seres\/wp-json\/wp\/v2\/categories?post=4203"},{"taxonomy":"post_tag","embeddable":true,"href":"https:\/\/portal.pi.gov.br\/seres\/wp-json\/wp\/v2\/tags?post=4203"}],"curies":[{"name":"wp","href":"https:\/\/api.w.org\/{rel}","templated":true}]}}