{"id":4232,"date":"2025-08-18T13:06:36","date_gmt":"2025-08-18T16:06:36","guid":{"rendered":"https:\/\/portal.pi.gov.br\/seres\/?p=4232"},"modified":"2025-08-18T13:09:34","modified_gmt":"2025-08-18T16:09:34","slug":"opa-inaugura-videoteca-na-vila-bandeirantes-iii","status":"publish","type":"post","link":"https:\/\/portal.pi.gov.br\/seres\/2025\/08\/18\/opa-inaugura-videoteca-na-vila-bandeirantes-iii\/","title":{"rendered":"OPA inaugura videoteca na Vila Bandeirantes III"},"content":{"rendered":"\n<p>A videoteca conta com estrutura moderna, composta por sala est\u00fadio, sala de v\u00eddeo, acervo, oficinas, banheiros acess\u00edveis, espa\u00e7o para dire\u00e7\u00e3o e apoio.&nbsp;<\/p>\n\n\n\n<figure class=\"wp-block-image size-large\"><img decoding=\"async\" loading=\"lazy\" width=\"1024\" height=\"768\" src=\"https:\/\/portal.pi.gov.br\/seres\/wp-content\/uploads\/sites\/87\/2025\/08\/b0d1db5a-521b-4af9-8c7b-8525489232d9-1024x768.jpeg\" alt=\"\" class=\"wp-image-4227\" srcset=\"https:\/\/portal.pi.gov.br\/seres\/wp-content\/uploads\/sites\/87\/2025\/08\/b0d1db5a-521b-4af9-8c7b-8525489232d9-1024x768.jpeg 1024w, https:\/\/portal.pi.gov.br\/seres\/wp-content\/uploads\/sites\/87\/2025\/08\/b0d1db5a-521b-4af9-8c7b-8525489232d9-300x225.jpeg 300w, https:\/\/portal.pi.gov.br\/seres\/wp-content\/uploads\/sites\/87\/2025\/08\/b0d1db5a-521b-4af9-8c7b-8525489232d9-768x576.jpeg 768w, https:\/\/portal.pi.gov.br\/seres\/wp-content\/uploads\/sites\/87\/2025\/08\/b0d1db5a-521b-4af9-8c7b-8525489232d9-420x315.jpeg 420w, https:\/\/portal.pi.gov.br\/seres\/wp-content\/uploads\/sites\/87\/2025\/08\/b0d1db5a-521b-4af9-8c7b-8525489232d9-540x405.jpeg 540w, https:\/\/portal.pi.gov.br\/seres\/wp-content\/uploads\/sites\/87\/2025\/08\/b0d1db5a-521b-4af9-8c7b-8525489232d9-780x585.jpeg 780w, https:\/\/portal.pi.gov.br\/seres\/wp-content\/uploads\/sites\/87\/2025\/08\/b0d1db5a-521b-4af9-8c7b-8525489232d9-1536x1152.jpeg 1536w, https:\/\/portal.pi.gov.br\/seres\/wp-content\/uploads\/sites\/87\/2025\/08\/b0d1db5a-521b-4af9-8c7b-8525489232d9-2048x1536.jpeg 2048w, https:\/\/portal.pi.gov.br\/seres\/wp-content\/uploads\/sites\/87\/2025\/08\/b0d1db5a-521b-4af9-8c7b-8525489232d9-947x710.jpeg 947w, https:\/\/portal.pi.gov.br\/seres\/wp-content\/uploads\/sites\/87\/2025\/08\/b0d1db5a-521b-4af9-8c7b-8525489232d9-624x468.jpeg 624w\" sizes=\"(max-width: 1024px) 100vw, 1024px\" \/><\/figure>\n\n\n\n<p><\/p>\n\n\n\n<p>No \u00faltimo s\u00e1bado (16) o Governo do Estado do Piau\u00ed inaugurou a videoteca da Vila Bandeirantes III. A cerim\u00f4nia foi realizada no Instituto Ant\u00f4nio Nonato, localizado na Pra\u00e7a Professor Pantale\u00e3o Carvalho, n\u00ba 19, na zona leste de Teresina. A iniciativa \u00e9 uma parceria entre a Secretaria de Estado da Cultura (Secult) e a Secretaria de Planejamento (Seplan), com o apoio da Seres Piau\u00ed.<\/p>\n\n\n\n<p>A obra, or\u00e7ada em R$ 641.618,92, foi viabilizada por meio do Or\u00e7amento Participativo (OPA) \u2013 programa que garante \u00e0 popula\u00e7\u00e3o o poder de decidir sobre investimentos priorit\u00e1rios em suas comunidades.<\/p>\n\n\n\n<p>A videoteca conta com estrutura moderna, composta por sala est\u00fadio, sala de v\u00eddeo, acervo, oficinas, banheiros acess\u00edveis, espa\u00e7o para dire\u00e7\u00e3o e apoio. O local ser\u00e1 destinado \u00e0 promo\u00e7\u00e3o da leitura, exibi\u00e7\u00e3o de filmes, oficinas culturais e outras atividades educativas e art\u00edsticas, fortalecendo o acesso ao conhecimento e \u00e0 cultura na regi\u00e3o.<\/p>\n\n\n\n<p>Segundo a secret\u00e1ria de Rela\u00e7\u00f5es Sociais, N\u00fabia Lopes, a obra \u00e9 um importante complexo de cultura. &#8220;Inauguramos a videoteca com espa\u00e7o para fazer forma\u00e7\u00e3o, para as lideran\u00e7as se encontrarem e se articularem, e terem uma conviv\u00eancia comunit\u00e1ria. \u00c9 um presente do nosso governador Rafael Fonteles para Teresina, atrav\u00e9s das associa\u00e7\u00f5es que elegeram essa obra e esse espa\u00e7o de cultura para viverem melhor em comunidade. \u00c9 o OPA fazendo a diferen\u00e7a em Teresina!&#8221;, comemorou.<\/p>\n\n\n\n<p>&#8220;Uma grande alegria receber essa obra importante do OPA. Uma a\u00e7\u00e3o que veio para fazer com que a comunidade se sinta mais gente, pois h\u00e1 mais de trinta anos n\u00f3s n\u00e3o receb\u00edamos uma obra desse porte. A comunidade ser\u00e1 bastante beneficiada. N\u00f3s teremos um local para todos e todas se qualificarem, se aperfei\u00e7oarem com cursos de qualifica\u00e7\u00e3o profissional e de cultura. A periferia est\u00e1 se sentindo valorizada, e agradecemos muito ao Governo do Estado&#8221;, destaca o presidente do Instituto Ant\u00f4nio Nonato, Jos\u00e9 Roberto Leite.<\/p>\n\n\n\n<p>&#8220;Estamos felizes com essa obra do OPA. Moro aqui h\u00e1 trinta e tr\u00eas anos e esse terreno era usado para jogarem lixo e, agora, o terreno est\u00e1 ocupado com um espa\u00e7o que veio para trazer cultura e beneficiar todos os moradores&#8221;, disse a moradora do Vila Bandeirantes, Carmem.<\/p>\n\n\n\n<figure class=\"wp-block-image size-large\"><img decoding=\"async\" loading=\"lazy\" width=\"768\" height=\"1024\" src=\"https:\/\/portal.pi.gov.br\/seres\/wp-content\/uploads\/sites\/87\/2025\/08\/4837e702-9ce5-41f9-8883-612e0e585eb0-768x1024.jpeg\" alt=\"\" class=\"wp-image-4226\" srcset=\"https:\/\/portal.pi.gov.br\/seres\/wp-content\/uploads\/sites\/87\/2025\/08\/4837e702-9ce5-41f9-8883-612e0e585eb0-768x1024.jpeg 768w, https:\/\/portal.pi.gov.br\/seres\/wp-content\/uploads\/sites\/87\/2025\/08\/4837e702-9ce5-41f9-8883-612e0e585eb0-225x300.jpeg 225w, https:\/\/portal.pi.gov.br\/seres\/wp-content\/uploads\/sites\/87\/2025\/08\/4837e702-9ce5-41f9-8883-612e0e585eb0-315x420.jpeg 315w, https:\/\/portal.pi.gov.br\/seres\/wp-content\/uploads\/sites\/87\/2025\/08\/4837e702-9ce5-41f9-8883-612e0e585eb0-405x540.jpeg 405w, https:\/\/portal.pi.gov.br\/seres\/wp-content\/uploads\/sites\/87\/2025\/08\/4837e702-9ce5-41f9-8883-612e0e585eb0-585x780.jpeg 585w, https:\/\/portal.pi.gov.br\/seres\/wp-content\/uploads\/sites\/87\/2025\/08\/4837e702-9ce5-41f9-8883-612e0e585eb0-1152x1536.jpeg 1152w, https:\/\/portal.pi.gov.br\/seres\/wp-content\/uploads\/sites\/87\/2025\/08\/4837e702-9ce5-41f9-8883-612e0e585eb0-1536x2048.jpeg 1536w, https:\/\/portal.pi.gov.br\/seres\/wp-content\/uploads\/sites\/87\/2025\/08\/4837e702-9ce5-41f9-8883-612e0e585eb0-947x1263.jpeg 947w, https:\/\/portal.pi.gov.br\/seres\/wp-content\/uploads\/sites\/87\/2025\/08\/4837e702-9ce5-41f9-8883-612e0e585eb0-624x832.jpeg 624w, https:\/\/portal.pi.gov.br\/seres\/wp-content\/uploads\/sites\/87\/2025\/08\/4837e702-9ce5-41f9-8883-612e0e585eb0-scaled.jpeg 1920w\" sizes=\"(max-width: 768px) 100vw, 768px\" \/><\/figure>\n\n\n\n<p><\/p>\n\n\n\n<p><\/p>\n\n\n\n<p>Com a inaugura\u00e7\u00e3o, moradores da Vila Bandeirantes III e bairros vizinhos passam a contar com um novo ponto de produ\u00e7\u00e3o cultural, reafirmando o papel da cultura como ferramenta de transforma\u00e7\u00e3o social.<\/p>\n\n\n\n<figure class=\"wp-block-gallery has-nested-images columns-default is-cropped wp-block-gallery-1 is-layout-flex\">\n<figure class=\"wp-block-image size-large\"><img decoding=\"async\" loading=\"lazy\" width=\"1024\" height=\"768\" data-id=\"4231\"  src=\"https:\/\/portal.pi.gov.br\/seres\/wp-content\/uploads\/sites\/87\/2025\/08\/f4eda909-aaf6-415f-a640-2fa55a44431c-1024x768.jpeg\" alt=\"\" class=\"wp-image-4231\" srcset=\"https:\/\/portal.pi.gov.br\/seres\/wp-content\/uploads\/sites\/87\/2025\/08\/f4eda909-aaf6-415f-a640-2fa55a44431c-1024x768.jpeg 1024w, https:\/\/portal.pi.gov.br\/seres\/wp-content\/uploads\/sites\/87\/2025\/08\/f4eda909-aaf6-415f-a640-2fa55a44431c-300x225.jpeg 300w, https:\/\/portal.pi.gov.br\/seres\/wp-content\/uploads\/sites\/87\/2025\/08\/f4eda909-aaf6-415f-a640-2fa55a44431c-768x576.jpeg 768w, https:\/\/portal.pi.gov.br\/seres\/wp-content\/uploads\/sites\/87\/2025\/08\/f4eda909-aaf6-415f-a640-2fa55a44431c-420x315.jpeg 420w, https:\/\/portal.pi.gov.br\/seres\/wp-content\/uploads\/sites\/87\/2025\/08\/f4eda909-aaf6-415f-a640-2fa55a44431c-540x405.jpeg 540w, https:\/\/portal.pi.gov.br\/seres\/wp-content\/uploads\/sites\/87\/2025\/08\/f4eda909-aaf6-415f-a640-2fa55a44431c-780x585.jpeg 780w, https:\/\/portal.pi.gov.br\/seres\/wp-content\/uploads\/sites\/87\/2025\/08\/f4eda909-aaf6-415f-a640-2fa55a44431c-1536x1152.jpeg 1536w, https:\/\/portal.pi.gov.br\/seres\/wp-content\/uploads\/sites\/87\/2025\/08\/f4eda909-aaf6-415f-a640-2fa55a44431c-2048x1536.jpeg 2048w, https:\/\/portal.pi.gov.br\/seres\/wp-content\/uploads\/sites\/87\/2025\/08\/f4eda909-aaf6-415f-a640-2fa55a44431c-947x710.jpeg 947w, https:\/\/portal.pi.gov.br\/seres\/wp-content\/uploads\/sites\/87\/2025\/08\/f4eda909-aaf6-415f-a640-2fa55a44431c-624x468.jpeg 624w\" sizes=\"(max-width: 1024px) 100vw, 1024px\" \/><\/figure>\n\n\n\n<figure class=\"wp-block-image size-large\"><img decoding=\"async\" loading=\"lazy\" width=\"1024\" height=\"768\" data-id=\"4230\"  src=\"https:\/\/portal.pi.gov.br\/seres\/wp-content\/uploads\/sites\/87\/2025\/08\/d7946aa9-c6f7-4ee4-9d6e-3b05f37e53b4-1024x768.jpeg\" alt=\"\" class=\"wp-image-4230\" srcset=\"https:\/\/portal.pi.gov.br\/seres\/wp-content\/uploads\/sites\/87\/2025\/08\/d7946aa9-c6f7-4ee4-9d6e-3b05f37e53b4-1024x768.jpeg 1024w, https:\/\/portal.pi.gov.br\/seres\/wp-content\/uploads\/sites\/87\/2025\/08\/d7946aa9-c6f7-4ee4-9d6e-3b05f37e53b4-300x225.jpeg 300w, https:\/\/portal.pi.gov.br\/seres\/wp-content\/uploads\/sites\/87\/2025\/08\/d7946aa9-c6f7-4ee4-9d6e-3b05f37e53b4-768x576.jpeg 768w, https:\/\/portal.pi.gov.br\/seres\/wp-content\/uploads\/sites\/87\/2025\/08\/d7946aa9-c6f7-4ee4-9d6e-3b05f37e53b4-420x315.jpeg 420w, https:\/\/portal.pi.gov.br\/seres\/wp-content\/uploads\/sites\/87\/2025\/08\/d7946aa9-c6f7-4ee4-9d6e-3b05f37e53b4-540x405.jpeg 540w, https:\/\/portal.pi.gov.br\/seres\/wp-content\/uploads\/sites\/87\/2025\/08\/d7946aa9-c6f7-4ee4-9d6e-3b05f37e53b4-780x585.jpeg 780w, https:\/\/portal.pi.gov.br\/seres\/wp-content\/uploads\/sites\/87\/2025\/08\/d7946aa9-c6f7-4ee4-9d6e-3b05f37e53b4-1536x1152.jpeg 1536w, https:\/\/portal.pi.gov.br\/seres\/wp-content\/uploads\/sites\/87\/2025\/08\/d7946aa9-c6f7-4ee4-9d6e-3b05f37e53b4-2048x1536.jpeg 2048w, https:\/\/portal.pi.gov.br\/seres\/wp-content\/uploads\/sites\/87\/2025\/08\/d7946aa9-c6f7-4ee4-9d6e-3b05f37e53b4-947x710.jpeg 947w, https:\/\/portal.pi.gov.br\/seres\/wp-content\/uploads\/sites\/87\/2025\/08\/d7946aa9-c6f7-4ee4-9d6e-3b05f37e53b4-624x468.jpeg 624w\" sizes=\"(max-width: 1024px) 100vw, 1024px\" \/><\/figure>\n\n\n\n<figure class=\"wp-block-image size-large\"><img decoding=\"async\" loading=\"lazy\" width=\"1024\" height=\"768\" data-id=\"4229\"  src=\"https:\/\/portal.pi.gov.br\/seres\/wp-content\/uploads\/sites\/87\/2025\/08\/be4f18da-7cb5-4c3f-8b7d-be3128322aee-1024x768.jpeg\" alt=\"\" class=\"wp-image-4229\" srcset=\"https:\/\/portal.pi.gov.br\/seres\/wp-content\/uploads\/sites\/87\/2025\/08\/be4f18da-7cb5-4c3f-8b7d-be3128322aee-1024x768.jpeg 1024w, https:\/\/portal.pi.gov.br\/seres\/wp-content\/uploads\/sites\/87\/2025\/08\/be4f18da-7cb5-4c3f-8b7d-be3128322aee-300x225.jpeg 300w, https:\/\/portal.pi.gov.br\/seres\/wp-content\/uploads\/sites\/87\/2025\/08\/be4f18da-7cb5-4c3f-8b7d-be3128322aee-768x576.jpeg 768w, https:\/\/portal.pi.gov.br\/seres\/wp-content\/uploads\/sites\/87\/2025\/08\/be4f18da-7cb5-4c3f-8b7d-be3128322aee-420x315.jpeg 420w, https:\/\/portal.pi.gov.br\/seres\/wp-content\/uploads\/sites\/87\/2025\/08\/be4f18da-7cb5-4c3f-8b7d-be3128322aee-540x405.jpeg 540w, https:\/\/portal.pi.gov.br\/seres\/wp-content\/uploads\/sites\/87\/2025\/08\/be4f18da-7cb5-4c3f-8b7d-be3128322aee-780x585.jpeg 780w, https:\/\/portal.pi.gov.br\/seres\/wp-content\/uploads\/sites\/87\/2025\/08\/be4f18da-7cb5-4c3f-8b7d-be3128322aee-1536x1152.jpeg 1536w, https:\/\/portal.pi.gov.br\/seres\/wp-content\/uploads\/sites\/87\/2025\/08\/be4f18da-7cb5-4c3f-8b7d-be3128322aee-2048x1536.jpeg 2048w, https:\/\/portal.pi.gov.br\/seres\/wp-content\/uploads\/sites\/87\/2025\/08\/be4f18da-7cb5-4c3f-8b7d-be3128322aee-947x710.jpeg 947w, https:\/\/portal.pi.gov.br\/seres\/wp-content\/uploads\/sites\/87\/2025\/08\/be4f18da-7cb5-4c3f-8b7d-be3128322aee-624x468.jpeg 624w\" sizes=\"(max-width: 1024px) 100vw, 1024px\" \/><\/figure>\n\n\n\n<figure class=\"wp-block-image size-large\"><img decoding=\"async\" loading=\"lazy\" width=\"1024\" height=\"768\" data-id=\"4228\"  src=\"https:\/\/portal.pi.gov.br\/seres\/wp-content\/uploads\/sites\/87\/2025\/08\/b763b9a3-918e-4f57-9363-42c99534dfd9-1024x768.jpeg\" alt=\"\" class=\"wp-image-4228\" srcset=\"https:\/\/portal.pi.gov.br\/seres\/wp-content\/uploads\/sites\/87\/2025\/08\/b763b9a3-918e-4f57-9363-42c99534dfd9-1024x768.jpeg 1024w, https:\/\/portal.pi.gov.br\/seres\/wp-content\/uploads\/sites\/87\/2025\/08\/b763b9a3-918e-4f57-9363-42c99534dfd9-300x225.jpeg 300w, https:\/\/portal.pi.gov.br\/seres\/wp-content\/uploads\/sites\/87\/2025\/08\/b763b9a3-918e-4f57-9363-42c99534dfd9-768x576.jpeg 768w, https:\/\/portal.pi.gov.br\/seres\/wp-content\/uploads\/sites\/87\/2025\/08\/b763b9a3-918e-4f57-9363-42c99534dfd9-420x315.jpeg 420w, https:\/\/portal.pi.gov.br\/seres\/wp-content\/uploads\/sites\/87\/2025\/08\/b763b9a3-918e-4f57-9363-42c99534dfd9-540x405.jpeg 540w, https:\/\/portal.pi.gov.br\/seres\/wp-content\/uploads\/sites\/87\/2025\/08\/b763b9a3-918e-4f57-9363-42c99534dfd9-780x585.jpeg 780w, https:\/\/portal.pi.gov.br\/seres\/wp-content\/uploads\/sites\/87\/2025\/08\/b763b9a3-918e-4f57-9363-42c99534dfd9-1536x1152.jpeg 1536w, https:\/\/portal.pi.gov.br\/seres\/wp-content\/uploads\/sites\/87\/2025\/08\/b763b9a3-918e-4f57-9363-42c99534dfd9-2048x1536.jpeg 2048w, https:\/\/portal.pi.gov.br\/seres\/wp-content\/uploads\/sites\/87\/2025\/08\/b763b9a3-918e-4f57-9363-42c99534dfd9-947x710.jpeg 947w, https:\/\/portal.pi.gov.br\/seres\/wp-content\/uploads\/sites\/87\/2025\/08\/b763b9a3-918e-4f57-9363-42c99534dfd9-624x468.jpeg 624w\" sizes=\"(max-width: 1024px) 100vw, 1024px\" \/><\/figure>\n\n\n\n<figure class=\"wp-block-image size-large\"><img decoding=\"async\" loading=\"lazy\" width=\"1024\" height=\"768\" data-id=\"4222\"  src=\"https:\/\/portal.pi.gov.br\/seres\/wp-content\/uploads\/sites\/87\/2025\/08\/1ba5e495-c9ae-4374-80fe-b957f32e9229-1024x768.jpeg\" alt=\"\" class=\"wp-image-4222\" srcset=\"https:\/\/portal.pi.gov.br\/seres\/wp-content\/uploads\/sites\/87\/2025\/08\/1ba5e495-c9ae-4374-80fe-b957f32e9229-1024x768.jpeg 1024w, https:\/\/portal.pi.gov.br\/seres\/wp-content\/uploads\/sites\/87\/2025\/08\/1ba5e495-c9ae-4374-80fe-b957f32e9229-300x225.jpeg 300w, https:\/\/portal.pi.gov.br\/seres\/wp-content\/uploads\/sites\/87\/2025\/08\/1ba5e495-c9ae-4374-80fe-b957f32e9229-768x576.jpeg 768w, https:\/\/portal.pi.gov.br\/seres\/wp-content\/uploads\/sites\/87\/2025\/08\/1ba5e495-c9ae-4374-80fe-b957f32e9229-420x315.jpeg 420w, https:\/\/portal.pi.gov.br\/seres\/wp-content\/uploads\/sites\/87\/2025\/08\/1ba5e495-c9ae-4374-80fe-b957f32e9229-540x405.jpeg 540w, https:\/\/portal.pi.gov.br\/seres\/wp-content\/uploads\/sites\/87\/2025\/08\/1ba5e495-c9ae-4374-80fe-b957f32e9229-780x585.jpeg 780w, https:\/\/portal.pi.gov.br\/seres\/wp-content\/uploads\/sites\/87\/2025\/08\/1ba5e495-c9ae-4374-80fe-b957f32e9229-1536x1152.jpeg 1536w, https:\/\/portal.pi.gov.br\/seres\/wp-content\/uploads\/sites\/87\/2025\/08\/1ba5e495-c9ae-4374-80fe-b957f32e9229-2048x1536.jpeg 2048w, https:\/\/portal.pi.gov.br\/seres\/wp-content\/uploads\/sites\/87\/2025\/08\/1ba5e495-c9ae-4374-80fe-b957f32e9229-947x710.jpeg 947w, https:\/\/portal.pi.gov.br\/seres\/wp-content\/uploads\/sites\/87\/2025\/08\/1ba5e495-c9ae-4374-80fe-b957f32e9229-624x468.jpeg 624w\" sizes=\"(max-width: 1024px) 100vw, 1024px\" \/><\/figure>\n\n\n\n<figure class=\"wp-block-image size-large\"><img decoding=\"async\" loading=\"lazy\" width=\"1024\" height=\"768\" data-id=\"4223\"  src=\"https:\/\/portal.pi.gov.br\/seres\/wp-content\/uploads\/sites\/87\/2025\/08\/2e86c455-f20e-47b9-8bca-8bc7932adeec-1024x768.jpeg\" alt=\"\" class=\"wp-image-4223\" srcset=\"https:\/\/portal.pi.gov.br\/seres\/wp-content\/uploads\/sites\/87\/2025\/08\/2e86c455-f20e-47b9-8bca-8bc7932adeec-1024x768.jpeg 1024w, https:\/\/portal.pi.gov.br\/seres\/wp-content\/uploads\/sites\/87\/2025\/08\/2e86c455-f20e-47b9-8bca-8bc7932adeec-300x225.jpeg 300w, https:\/\/portal.pi.gov.br\/seres\/wp-content\/uploads\/sites\/87\/2025\/08\/2e86c455-f20e-47b9-8bca-8bc7932adeec-768x576.jpeg 768w, https:\/\/portal.pi.gov.br\/seres\/wp-content\/uploads\/sites\/87\/2025\/08\/2e86c455-f20e-47b9-8bca-8bc7932adeec-420x315.jpeg 420w, https:\/\/portal.pi.gov.br\/seres\/wp-content\/uploads\/sites\/87\/2025\/08\/2e86c455-f20e-47b9-8bca-8bc7932adeec-540x405.jpeg 540w, https:\/\/portal.pi.gov.br\/seres\/wp-content\/uploads\/sites\/87\/2025\/08\/2e86c455-f20e-47b9-8bca-8bc7932adeec-780x585.jpeg 780w, https:\/\/portal.pi.gov.br\/seres\/wp-content\/uploads\/sites\/87\/2025\/08\/2e86c455-f20e-47b9-8bca-8bc7932adeec-1536x1152.jpeg 1536w, https:\/\/portal.pi.gov.br\/seres\/wp-content\/uploads\/sites\/87\/2025\/08\/2e86c455-f20e-47b9-8bca-8bc7932adeec-2048x1536.jpeg 2048w, https:\/\/portal.pi.gov.br\/seres\/wp-content\/uploads\/sites\/87\/2025\/08\/2e86c455-f20e-47b9-8bca-8bc7932adeec-947x710.jpeg 947w, https:\/\/portal.pi.gov.br\/seres\/wp-content\/uploads\/sites\/87\/2025\/08\/2e86c455-f20e-47b9-8bca-8bc7932adeec-624x468.jpeg 624w\" sizes=\"(max-width: 1024px) 100vw, 1024px\" \/><\/figure>\n\n\n\n<figure class=\"wp-block-image size-large\"><img decoding=\"async\" loading=\"lazy\" width=\"1024\" height=\"768\" data-id=\"4224\"  src=\"https:\/\/portal.pi.gov.br\/seres\/wp-content\/uploads\/sites\/87\/2025\/08\/7cdb78d5-e79c-41d4-af8e-cc1c49ed7e95-1024x768.jpeg\" alt=\"\" class=\"wp-image-4224\" srcset=\"https:\/\/portal.pi.gov.br\/seres\/wp-content\/uploads\/sites\/87\/2025\/08\/7cdb78d5-e79c-41d4-af8e-cc1c49ed7e95-1024x768.jpeg 1024w, https:\/\/portal.pi.gov.br\/seres\/wp-content\/uploads\/sites\/87\/2025\/08\/7cdb78d5-e79c-41d4-af8e-cc1c49ed7e95-300x225.jpeg 300w, https:\/\/portal.pi.gov.br\/seres\/wp-content\/uploads\/sites\/87\/2025\/08\/7cdb78d5-e79c-41d4-af8e-cc1c49ed7e95-768x576.jpeg 768w, https:\/\/portal.pi.gov.br\/seres\/wp-content\/uploads\/sites\/87\/2025\/08\/7cdb78d5-e79c-41d4-af8e-cc1c49ed7e95-420x315.jpeg 420w, https:\/\/portal.pi.gov.br\/seres\/wp-content\/uploads\/sites\/87\/2025\/08\/7cdb78d5-e79c-41d4-af8e-cc1c49ed7e95-540x405.jpeg 540w, https:\/\/portal.pi.gov.br\/seres\/wp-content\/uploads\/sites\/87\/2025\/08\/7cdb78d5-e79c-41d4-af8e-cc1c49ed7e95-780x585.jpeg 780w, https:\/\/portal.pi.gov.br\/seres\/wp-content\/uploads\/sites\/87\/2025\/08\/7cdb78d5-e79c-41d4-af8e-cc1c49ed7e95-1536x1152.jpeg 1536w, https:\/\/portal.pi.gov.br\/seres\/wp-content\/uploads\/sites\/87\/2025\/08\/7cdb78d5-e79c-41d4-af8e-cc1c49ed7e95-2048x1536.jpeg 2048w, https:\/\/portal.pi.gov.br\/seres\/wp-content\/uploads\/sites\/87\/2025\/08\/7cdb78d5-e79c-41d4-af8e-cc1c49ed7e95-947x710.jpeg 947w, https:\/\/portal.pi.gov.br\/seres\/wp-content\/uploads\/sites\/87\/2025\/08\/7cdb78d5-e79c-41d4-af8e-cc1c49ed7e95-624x468.jpeg 624w\" sizes=\"(max-width: 1024px) 100vw, 1024px\" \/><\/figure>\n\n\n\n<figure class=\"wp-block-image size-large\"><img decoding=\"async\" loading=\"lazy\" width=\"1024\" height=\"768\" data-id=\"4225\"  src=\"https:\/\/portal.pi.gov.br\/seres\/wp-content\/uploads\/sites\/87\/2025\/08\/212a0c22-4dfe-4dc7-9abb-a85f65065530-1024x768.jpeg\" alt=\"\" class=\"wp-image-4225\" srcset=\"https:\/\/portal.pi.gov.br\/seres\/wp-content\/uploads\/sites\/87\/2025\/08\/212a0c22-4dfe-4dc7-9abb-a85f65065530-1024x768.jpeg 1024w, https:\/\/portal.pi.gov.br\/seres\/wp-content\/uploads\/sites\/87\/2025\/08\/212a0c22-4dfe-4dc7-9abb-a85f65065530-300x225.jpeg 300w, https:\/\/portal.pi.gov.br\/seres\/wp-content\/uploads\/sites\/87\/2025\/08\/212a0c22-4dfe-4dc7-9abb-a85f65065530-768x576.jpeg 768w, https:\/\/portal.pi.gov.br\/seres\/wp-content\/uploads\/sites\/87\/2025\/08\/212a0c22-4dfe-4dc7-9abb-a85f65065530-420x315.jpeg 420w, https:\/\/portal.pi.gov.br\/seres\/wp-content\/uploads\/sites\/87\/2025\/08\/212a0c22-4dfe-4dc7-9abb-a85f65065530-540x405.jpeg 540w, https:\/\/portal.pi.gov.br\/seres\/wp-content\/uploads\/sites\/87\/2025\/08\/212a0c22-4dfe-4dc7-9abb-a85f65065530-780x585.jpeg 780w, https:\/\/portal.pi.gov.br\/seres\/wp-content\/uploads\/sites\/87\/2025\/08\/212a0c22-4dfe-4dc7-9abb-a85f65065530-1536x1152.jpeg 1536w, https:\/\/portal.pi.gov.br\/seres\/wp-content\/uploads\/sites\/87\/2025\/08\/212a0c22-4dfe-4dc7-9abb-a85f65065530-2048x1536.jpeg 2048w, https:\/\/portal.pi.gov.br\/seres\/wp-content\/uploads\/sites\/87\/2025\/08\/212a0c22-4dfe-4dc7-9abb-a85f65065530-947x710.jpeg 947w, https:\/\/portal.pi.gov.br\/seres\/wp-content\/uploads\/sites\/87\/2025\/08\/212a0c22-4dfe-4dc7-9abb-a85f65065530-624x468.jpeg 624w\" sizes=\"(max-width: 1024px) 100vw, 1024px\" \/><\/figure>\n<\/figure>\n\n\n\n<p><\/p>\n\n\n\n<p><\/p>\n\n\n\n<p>Fotos: Natalina Alves <\/p>\n","protected":false},"excerpt":{"rendered":"<p>A videoteca conta com estrutura moderna, composta por sala est\u00fadio, sala de v\u00eddeo, acervo, oficinas, banheiros acess\u00edveis, espa\u00e7o para dire\u00e7\u00e3o e apoio.&nbsp; No \u00faltimo s\u00e1bado (16) o Governo do Estado [&hellip;]<\/p>\n","protected":false},"author":1821,"featured_media":4228,"comment_status":"closed","ping_status":"closed","sticky":true,"template":"","format":"standard","meta":[],"categories":[34],"tags":[62,47,41],"featured_image_urls":{"full":["https:\/\/portal.pi.gov.br\/seres\/wp-content\/uploads\/sites\/87\/2025\/08\/b763b9a3-918e-4f57-9363-42c99534dfd9-scaled.jpeg",2560,1920,false],"thumbnail":["https:\/\/portal.pi.gov.br\/seres\/wp-content\/uploads\/sites\/87\/2025\/08\/b763b9a3-918e-4f57-9363-42c99534dfd9-150x150.jpeg",150,150,true],"medium":["https:\/\/portal.pi.gov.br\/seres\/wp-content\/uploads\/sites\/87\/2025\/08\/b763b9a3-918e-4f57-9363-42c99534dfd9-300x225.jpeg",300,225,true],"medium_large":["https:\/\/portal.pi.gov.br\/seres\/wp-content\/uploads\/sites\/87\/2025\/08\/b763b9a3-918e-4f57-9363-42c99534dfd9-768x576.jpeg",768,576,true],"large":["https:\/\/portal.pi.gov.br\/seres\/wp-content\/uploads\/sites\/87\/2025\/08\/b763b9a3-918e-4f57-9363-42c99534dfd9-1024x768.jpeg",887,665,true],"sgg-420":["https:\/\/portal.pi.gov.br\/seres\/wp-content\/uploads\/sites\/87\/2025\/08\/b763b9a3-918e-4f57-9363-42c99534dfd9-420x315.jpeg",420,315,true],"sgg-540":["https:\/\/portal.pi.gov.br\/seres\/wp-content\/uploads\/sites\/87\/2025\/08\/b763b9a3-918e-4f57-9363-42c99534dfd9-540x405.jpeg",540,405,true],"sgg-780":["https:\/\/portal.pi.gov.br\/seres\/wp-content\/uploads\/sites\/87\/2025\/08\/b763b9a3-918e-4f57-9363-42c99534dfd9-780x585.jpeg",780,585,true],"1536x1536":["https:\/\/portal.pi.gov.br\/seres\/wp-content\/uploads\/sites\/87\/2025\/08\/b763b9a3-918e-4f57-9363-42c99534dfd9-1536x1152.jpeg",1536,1152,true],"2048x2048":["https:\/\/portal.pi.gov.br\/seres\/wp-content\/uploads\/sites\/87\/2025\/08\/b763b9a3-918e-4f57-9363-42c99534dfd9-2048x1536.jpeg",2048,1536,true],"homepage-slider":["https:\/\/portal.pi.gov.br\/seres\/wp-content\/uploads\/sites\/87\/2025\/08\/b763b9a3-918e-4f57-9363-42c99534dfd9-1270x500.jpeg",1270,500,true],"homepage-slider-small":["https:\/\/portal.pi.gov.br\/seres\/wp-content\/uploads\/sites\/87\/2025\/08\/b763b9a3-918e-4f57-9363-42c99534dfd9-947x500.jpeg",947,500,true],"page-top":["https:\/\/portal.pi.gov.br\/seres\/wp-content\/uploads\/sites\/87\/2025\/08\/b763b9a3-918e-4f57-9363-42c99534dfd9-947x710.jpeg",947,710,true],"page-small":["https:\/\/portal.pi.gov.br\/seres\/wp-content\/uploads\/sites\/87\/2025\/08\/b763b9a3-918e-4f57-9363-42c99534dfd9-624x468.jpeg",624,468,true],"loop-main":["https:\/\/portal.pi.gov.br\/seres\/wp-content\/uploads\/sites\/87\/2025\/08\/b763b9a3-918e-4f57-9363-42c99534dfd9-365x240.jpeg",365,240,true],"thumb-gallery-widget":["https:\/\/portal.pi.gov.br\/seres\/wp-content\/uploads\/sites\/87\/2025\/08\/b763b9a3-918e-4f57-9363-42c99534dfd9-84x56.jpeg",84,56,true]},"post_excerpt_stackable":"<p>A videoteca conta com estrutura moderna, composta por sala est\u00fadio, sala de v\u00eddeo, acervo, oficinas, banheiros acess\u00edveis, espa\u00e7o para dire\u00e7\u00e3o e apoio.&nbsp; No \u00faltimo s\u00e1bado (16) o Governo do Estado do Piau\u00ed inaugurou a videoteca da Vila Bandeirantes III. A cerim\u00f4nia foi realizada no Instituto Ant\u00f4nio Nonato, localizado na Pra\u00e7a Professor Pantale\u00e3o Carvalho, n\u00ba 19, na zona leste de Teresina. A iniciativa \u00e9 uma parceria entre a Secretaria de Estado da Cultura (Secult) e a Secretaria de Planejamento (Seplan), com o apoio da Seres Piau\u00ed. A obra, or\u00e7ada em R$ 641.618,92, foi viabilizada por meio do Or\u00e7amento Participativo (OPA) \u2013&hellip;<\/p>\n","category_list":"<a href=\"https:\/\/portal.pi.gov.br\/seres\/category\/noticias\/\" rel=\"category tag\">Not\u00edcias<\/a>","author_info":{"name":"alineraquel","url":"https:\/\/portal.pi.gov.br\/seres\/author\/alineraquel\/"},"comments_num":"0 coment\u00e1rio","featured_image_urls_v2":{"full":["https:\/\/portal.pi.gov.br\/seres\/wp-content\/uploads\/sites\/87\/2025\/08\/b763b9a3-918e-4f57-9363-42c99534dfd9-scaled.jpeg",2560,1920,false],"thumbnail":["https:\/\/portal.pi.gov.br\/seres\/wp-content\/uploads\/sites\/87\/2025\/08\/b763b9a3-918e-4f57-9363-42c99534dfd9-150x150.jpeg",150,150,true],"medium":["https:\/\/portal.pi.gov.br\/seres\/wp-content\/uploads\/sites\/87\/2025\/08\/b763b9a3-918e-4f57-9363-42c99534dfd9-300x225.jpeg",300,225,true],"medium_large":["https:\/\/portal.pi.gov.br\/seres\/wp-content\/uploads\/sites\/87\/2025\/08\/b763b9a3-918e-4f57-9363-42c99534dfd9-768x576.jpeg",768,576,true],"large":["https:\/\/portal.pi.gov.br\/seres\/wp-content\/uploads\/sites\/87\/2025\/08\/b763b9a3-918e-4f57-9363-42c99534dfd9-1024x768.jpeg",887,665,true],"sgg-420":["https:\/\/portal.pi.gov.br\/seres\/wp-content\/uploads\/sites\/87\/2025\/08\/b763b9a3-918e-4f57-9363-42c99534dfd9-420x315.jpeg",420,315,true],"sgg-540":["https:\/\/portal.pi.gov.br\/seres\/wp-content\/uploads\/sites\/87\/2025\/08\/b763b9a3-918e-4f57-9363-42c99534dfd9-540x405.jpeg",540,405,true],"sgg-780":["https:\/\/portal.pi.gov.br\/seres\/wp-content\/uploads\/sites\/87\/2025\/08\/b763b9a3-918e-4f57-9363-42c99534dfd9-780x585.jpeg",780,585,true],"1536x1536":["https:\/\/portal.pi.gov.br\/seres\/wp-content\/uploads\/sites\/87\/2025\/08\/b763b9a3-918e-4f57-9363-42c99534dfd9-1536x1152.jpeg",1536,1152,true],"2048x2048":["https:\/\/portal.pi.gov.br\/seres\/wp-content\/uploads\/sites\/87\/2025\/08\/b763b9a3-918e-4f57-9363-42c99534dfd9-2048x1536.jpeg",2048,1536,true],"homepage-slider":["https:\/\/portal.pi.gov.br\/seres\/wp-content\/uploads\/sites\/87\/2025\/08\/b763b9a3-918e-4f57-9363-42c99534dfd9-1270x500.jpeg",1270,500,true],"homepage-slider-small":["https:\/\/portal.pi.gov.br\/seres\/wp-content\/uploads\/sites\/87\/2025\/08\/b763b9a3-918e-4f57-9363-42c99534dfd9-947x500.jpeg",947,500,true],"page-top":["https:\/\/portal.pi.gov.br\/seres\/wp-content\/uploads\/sites\/87\/2025\/08\/b763b9a3-918e-4f57-9363-42c99534dfd9-947x710.jpeg",947,710,true],"page-small":["https:\/\/portal.pi.gov.br\/seres\/wp-content\/uploads\/sites\/87\/2025\/08\/b763b9a3-918e-4f57-9363-42c99534dfd9-624x468.jpeg",624,468,true],"loop-main":["https:\/\/portal.pi.gov.br\/seres\/wp-content\/uploads\/sites\/87\/2025\/08\/b763b9a3-918e-4f57-9363-42c99534dfd9-365x240.jpeg",365,240,true],"thumb-gallery-widget":["https:\/\/portal.pi.gov.br\/seres\/wp-content\/uploads\/sites\/87\/2025\/08\/b763b9a3-918e-4f57-9363-42c99534dfd9-84x56.jpeg",84,56,true]},"post_excerpt_stackable_v2":"<p>A videoteca conta com estrutura moderna, composta por sala est\u00fadio, sala de v\u00eddeo, acervo, oficinas, banheiros acess\u00edveis, espa\u00e7o para dire\u00e7\u00e3o e apoio.&nbsp; No \u00faltimo s\u00e1bado (16) o Governo do Estado do Piau\u00ed inaugurou a videoteca da Vila Bandeirantes III. A cerim\u00f4nia foi realizada no Instituto Ant\u00f4nio Nonato, localizado na Pra\u00e7a Professor Pantale\u00e3o Carvalho, n\u00ba 19, na zona leste de Teresina. A iniciativa \u00e9 uma parceria entre a Secretaria de Estado da Cultura (Secult) e a Secretaria de Planejamento (Seplan), com o apoio da Seres Piau\u00ed. A obra, or\u00e7ada em R$ 641.618,92, foi viabilizada por meio do Or\u00e7amento Participativo (OPA) \u2013&hellip;<\/p>\n","category_list_v2":"<a href=\"https:\/\/portal.pi.gov.br\/seres\/category\/noticias\/\" rel=\"category tag\">Not\u00edcias<\/a>","author_info_v2":{"name":"alineraquel","url":"https:\/\/portal.pi.gov.br\/seres\/author\/alineraquel\/"},"comments_num_v2":"0 coment\u00e1rio","jetpack_featured_media_url":"https:\/\/portal.pi.gov.br\/seres\/wp-content\/uploads\/sites\/87\/2025\/08\/b763b9a3-918e-4f57-9363-42c99534dfd9-scaled.jpeg","_links":{"self":[{"href":"https:\/\/portal.pi.gov.br\/seres\/wp-json\/wp\/v2\/posts\/4232"}],"collection":[{"href":"https:\/\/portal.pi.gov.br\/seres\/wp-json\/wp\/v2\/posts"}],"about":[{"href":"https:\/\/portal.pi.gov.br\/seres\/wp-json\/wp\/v2\/types\/post"}],"author":[{"embeddable":true,"href":"https:\/\/portal.pi.gov.br\/seres\/wp-json\/wp\/v2\/users\/1821"}],"replies":[{"embeddable":true,"href":"https:\/\/portal.pi.gov.br\/seres\/wp-json\/wp\/v2\/comments?post=4232"}],"version-history":[{"count":2,"href":"https:\/\/portal.pi.gov.br\/seres\/wp-json\/wp\/v2\/posts\/4232\/revisions"}],"predecessor-version":[{"id":4234,"href":"https:\/\/portal.pi.gov.br\/seres\/wp-json\/wp\/v2\/posts\/4232\/revisions\/4234"}],"wp:featuredmedia":[{"embeddable":true,"href":"https:\/\/portal.pi.gov.br\/seres\/wp-json\/wp\/v2\/media\/4228"}],"wp:attachment":[{"href":"https:\/\/portal.pi.gov.br\/seres\/wp-json\/wp\/v2\/media?parent=4232"}],"wp:term":[{"taxonomy":"category","embeddable":true,"href":"https:\/\/portal.pi.gov.br\/seres\/wp-json\/wp\/v2\/categories?post=4232"},{"taxonomy":"post_tag","embeddable":true,"href":"https:\/\/portal.pi.gov.br\/seres\/wp-json\/wp\/v2\/tags?post=4232"}],"curies":[{"name":"wp","href":"https:\/\/api.w.org\/{rel}","templated":true}]}}